{"id":3906,"date":"2025-01-15T13:10:55","date_gmt":"2025-01-15T12:10:55","guid":{"rendered":"https:\/\/andalucialovers.com\/visiter-cathedrale-incarnation-almeria\/"},"modified":"2025-01-17T15:07:59","modified_gmt":"2025-01-17T14:07:59","slug":"besog-katedral-inkarnation-almeria","status":"publish","type":"post","link":"https:\/\/andalucialovers.com\/da\/besog-katedral-inkarnation-almeria\/","title":{"rendered":"Inkarnationens katedral (Almer\u00eda): bes\u00f8g + fotos"},"content":{"rendered":"\n<p>En pause i Almer\u00eda? G\u00e5 ikke glip af den <strong>us\u00e6dvanlige<\/strong> katedral! Med sine tykke mure og flade tag, der er designet til at huse kanoner, blev <strong>Cath\u00e9drale de l&#8217;Incarnation<\/strong> udt\u00e6nkt som en <strong>veritabel f\u00e6stning<\/strong>, der skulle beskytte byen mod middelhavspirater i det 16. \u00e5rhundrede.<br\/>Bag dette stramme ydre <strong>gemmer<\/strong> der sig nogle <strong>virkelige perler<\/strong>: et fint skulpturelt ren\u00e6ssancekor, et rigt dekoreret kapel og et monumentalt kloster. I denne artikel finder du nogle nyttige tips, der kan hj\u00e6lpe dig med at forberede dit bes\u00f8g i <strong>Almer\u00eda-katedralen<\/strong>, s\u00e5 du f\u00e5r en fantastisk tid!<\/p>\n\n<figure class=\"wp-block-image size-full\"><img decoding=\"async\" src=\"https:\/\/andalucialovers.com\/wp-content\/uploads\/2025\/01\/besog-katedral-incarnation-almeria.jpg\" alt=\"Oplev skattene i Almer&#xED;as katedral-f&#xE6;stning\" class=\"wp-image-3878\"\/><\/figure>\n\n<p>Dette er en helt <strong>uafh\u00e6ngig<\/strong> udtalelse, baseret p\u00e5 vores egen erfaring. Vi traf vores egne valg, bes\u00f8gte regionen anonymt og betalte vores regninger fuldt ud.<\/p>\n\n<h2 class=\"wp-block-heading\">Hvorfor bes\u00f8ge Almer\u00eda-katedralen?<\/h2>\n\n<h3 class=\"wp-block-heading\">Er inkarnationskatedralen det v\u00e6rd? Det er vores mening:<\/h3>\n\n<p>Ja, katedralen er et bes\u00f8g v\u00e6rd p\u00e5 grund af dens imponerende milit\u00e6re arkitektur, rigt udsmykkede interi\u00f8rer og smukke stykker hellig kunst.<br\/>Bes\u00f8get bliver endnu mere interessant med den medf\u00f8lgende audioguide, som hj\u00e6lper de bes\u00f8gende med at forst\u00e5 stedets historiske arv og dets v\u00e6rdi. Det er faktisk en af de <a href=\"https:\/\/andalucialovers.com\/da\/sevaerdigheder-almeria-besog\/\" target=\"_blank\" rel=\"noreferrer noopener\">bedste ting, man kan lave i Almer\u00eda<\/a>!<\/p>\n\n<figure class=\"wp-block-image size-large\"><img loading=\"lazy\" decoding=\"async\" src=\"https:\/\/photos.smugmug.com\/Andalucia-Lovers\/Almeria\/Best-of\/i-SvbkPFV\/0\/M4jtCRWKgSWjC8KKzn9sq8PCczG7R8rs6ZXMJmKzR\/L\/visit-almeria-city-spain-07-L.jpg\" alt=\"Almer&#xED;a-katedralen - Oversigt over hovedkapellet\"\/><\/figure>\n\n<h3 class=\"wp-block-heading\">Hvorfor er hun ber\u00f8mt?<\/h3>\n\n<p>Katedralen i Almer\u00eda er ber\u00f8mt for begge dele:<\/p>\n\n<ul class=\"wp-block-list\">\n<li>Dens fascinerende milit\u00e6re arkitektur,  <\/li>\n\n\n\n<li>Dens enest\u00e5ende arkitektoniske blanding, der kombinerer gotisk, ren\u00e6ssance og neoklassisk stil,<\/li>\n\n\n\n<li>Og endelig den bem\u00e6rkelsesv\u00e6rdige kunstneriske arv.<\/li>\n<\/ul>\n\n<figure class=\"wp-block-image size-large\"><img loading=\"lazy\" decoding=\"async\" src=\"https:\/\/photos.smugmug.com\/Andalucia-Lovers\/Almeria\/Cathedral\/i-dV4mxjf\/0\/NM4zPfCSDT7hsNzHwn5hdSZThFqRZPhZtggG5Kw6C\/L\/cathedral-incarnation-almeria-08-L.jpg\" alt=\"Almer&#xED;a-katedralen - udsigt til koret\"\/><\/figure>\n\n<h3 class=\"wp-block-heading\">Vores yndlings\u00f8jeblikke<\/h3>\n\n<p>Katedralen i Almeria er virkelig imponerende, men det bedste ved vores bes\u00f8g var de sm\u00e5 detaljer, der er spredt rundt i alle kroge og hj\u00f8rner. Vi kiggede l\u00e6nge p\u00e5 de antropomorfe skulpturer p\u00e5 kirkes\u00f8jlerne, stenrullerne i hv\u00e6lvingerne og de skjulte symboler.  <br\/>Se f.eks. p\u00e5 de fint forarbejdede d\u00f8re, der f\u00f8rer ind til klosteret. De er d\u00e6kket af liljekonvaller, en henvisning til Jomfruens renhed, katedralens symbol, som st\u00e5r under Notre Dame de l&#8217;Incarnations protektion.<\/p>\n\n<figure class=\"wp-block-image size-large\"><img loading=\"lazy\" decoding=\"async\" src=\"https:\/\/photos.smugmug.com\/Andalucia-Lovers\/Almeria\/Cathedral\/i-3qnXsmD\/0\/KPgPj3jvqHDdcbS86c8SRZR9gmzddjBQvkBn3XCKJ\/L\/cathedral-incarnation-almeria-13-L.jpg\" alt=\"Almer&#xED;a Katedral - Detaljer\"\/><\/figure>\n\n<h3 class=\"wp-block-heading\">Historien i korte tr\u00e6k<\/h3>\n\n<p>Selv om det f\u00f8rste kristne samfund blev grundlagt af Sankt Indalecio i det 8. \u00e5rhundrede, kom Almeria skiftevis under kristen og muslimsk kontrol mellem det 12. og 15. \u00e5rhundrede. Det var f\u00f8rst efter de katolske kongers generobring i 1489, at bisped\u00f8mmet blev genetableret, og katedralens historie begyndte:<\/p>\n\n<ul class=\"wp-block-list\">\n<li>1496: Opf\u00f8relse af et katedral-tempel efter ordre fra kardinal-\u00e6rkebiskoppen af Toledo, Pedro Gonz\u00e1lez de Mendoza, p\u00e5 stedet for den gamle mosk\u00e9.<\/li>\n\n\n\n<li>1522: Total \u00f8del\u00e6ggelse af katedralen ved et jordsk\u00e6lv<\/li>\n\n\n\n<li>1524: Den nuv\u00e6rende katedral opf\u00f8res af <strong>Juan de Orea<\/strong> efter ordre fra Fray Diego Fern\u00e1ndez de Villal\u00e1n, biskop af Almeria.<\/li>\n\n\n\n<li>18. \u00e5rhundrede: Opf\u00f8relse af det neoklassiske kloster<\/li>\n\n\n\n<li>1936-1939: Omfattende skader under borgerkrigen<\/li>\n\n\n\n<li>Efter 1939: Genopbygning og udvidelse af samlingerne<\/li>\n<\/ul>\n\n<figure class=\"wp-block-gallery has-nested-images columns-default is-cropped wp-block-gallery-1 is-layout-flex wp-block-gallery-is-layout-flex\">\n<figure class=\"wp-block-image size-large\"><img loading=\"lazy\" decoding=\"async\" src=\"https:\/\/photos.smugmug.com\/Andalucia-Lovers\/Almeria\/Cathedral\/i-LWDR6mk\/0\/LwMbwNHM9t2bNkJfSsDvf8hFmWCHZsStq58n98wj2\/L\/cathedral-incarnation-almeria-06-L.jpg\" alt=\"Almer&#xED;a Katedral - Statue\"\/><\/figure>\n<\/figure>\n\n<h2 class=\"wp-block-heading\">S\u00e5dan kommer du derhen: Inkarnationskatedralen, Almer\u00eda<\/h2>\n\n<h3 class=\"wp-block-heading\">Hvor ligger Almer\u00eda-katedralen?<\/h3>\n\n<p>Katedralen ligger i hjertet af Almer\u00eda p\u00e5 Plaza de la Catedral, 8.<\/p>\n\n<div class=\"wp-block-columns inverse box_planif is-layout-flex wp-container-core-columns-is-layout-9d6595d7 wp-block-columns-is-layout-flex\">\n<div class=\"wp-block-column texte_planif is-layout-flow wp-block-column-is-layout-flow\" style=\"flex-basis:58%\">\n<h5 class=\"titre_box\"> LEJ EN BIL I <span class=\"titre_box_manuscrit\">\nAndalusien<\/span><\/h5>\n\n\n\n<ul style=\"font-size:14px\" class=\"wp-block-list liste_voiture\">\n<li>Sammenlign priser p\u00e5 vores foretrukne platform: <a href=\"https:\/\/www.discovercars.com\/dk\/spain?a_aid=zigzag&amp;chan=andalucia\" target=\"_blank\" rel=\"noreferrer noopener sponsored nofollow\">DiscoverCars<\/a> &#8211; en af de bedst bed\u00f8mte sider.<\/li>\n\n\n\n<li>V\u00e6lg en <strong>kompakt bil<\/strong>, da nogle landsbyer har meget smalle gader!<\/li>\n\n\n\n<li>T\u00e6nk p\u00e5<strong>kaskoforsikring<\/strong> af samme grund<\/li>\n\n\n\n<li><strong>Book tidligt<\/strong>, s\u00e5 du kan v\u00e6lge.<\/li>\n<\/ul>\n<\/div>\n\n\n\n<div class=\"wp-block-column planif-radius-3 is-layout-flow wp-block-column-is-layout-flow\" style=\"flex-basis:42%\">\n<figure class=\"wp-block-image size-large is-resized\"><img loading=\"lazy\" decoding=\"async\" src=\"https:\/\/photos.smugmug.com\/Travel\/Andalucia\/Driving\/i-tqxqm2M\/1\/DBVq6wpqQpTv8CpSvmFGgfKbDdqGMK9zqdcc59cGs\/S\/Driving_Andalucia_Spain-8407-S.jpg\" alt=\"K&#xF8;rsel i Andalusien\" title=\"\"\/><\/figure>\n<\/div>\n<\/div>\n\n<div class=\"wp-block-columns planif_bouton is-layout-flex wp-container-core-columns-is-layout-9d6595d7 wp-block-columns-is-layout-flex\">\n<div class=\"wp-block-column is-layout-flow wp-block-column-is-layout-flow\" style=\"flex-basis:50%\">\n<div class=\"wp-block-buttons is-content-justification-center is-layout-flex wp-container-core-buttons-is-layout-16018d1d wp-block-buttons-is-layout-flex\">\n<div class=\"wp-block-button has-custom-font-size\" style=\"font-size:14px\"><a class=\"wp-block-button__link has-white-color has-text-color wp-element-button\" href=\"https:\/\/www.discovercars.com\/dk\/spain?a_aid=zigzag&amp;amp;chan=andalucia\" style=\"border-radius:4px\" target=\"_blank\" rel=\"noreferrer noopener nofollow\">Se bilerne<img loading=\"lazy\" decoding=\"async\" class=\"wp-image-2851\" style=\"width: 16px;\" src=\"https:\/\/provencelovers.fr\/wp-content\/uploads\/2023\/08\/ArrowRight.webp\" alt=\"\"\/><\/a><\/div>\n<\/div>\n<\/div>\n\n\n\n<div class=\"wp-block-column is-vertically-aligned-center is-layout-flow wp-block-column-is-layout-flow\" style=\"flex-basis:50%\">\n<p class=\"has-text-align-center\" style=\"font-size:14px\"><strong><a href=\"https:\/\/andalucialovers.com\/da\/sadan-lejer-bil-andalusien-tips-erfaring\/\" data-type=\"post\" data-id=\"3712\" target=\"_blank\" rel=\"noreferrer noopener\">Se vores r\u00e5d<\/a><\/strong><\/p>\n<\/div>\n<\/div>\n\n<h3 class=\"wp-block-heading\">Hvordan kommer jeg derhen?<\/h3>\n\n<p>Det er nemt at komme til, da det historiske centrum ligger i g\u00e5afstand. Fra stationen kan du tage bussen (linje M 370, stoppested Fuente De Los Peces), som bringer dig derhen p\u00e5 11 minutter.<\/p>\n\n<h3 class=\"wp-block-heading\">Parkeringsplads<\/h3>\n\n<p>Der er ingen s\u00e6rlig parkeringsplads ved katedralen. Vi anbefaler, at du parkerer p\u00e5 en af de offentlige parkeringspladser i centrum, f.eks. parkeringspladsen p\u00e5 Las Ramblas, som ligger 10 minutters gang v\u00e6k.<\/p>\n\n<div style=\"margin-top:8%;margin-bottom:8%\" class=\"wp-block-genesis-blocks-gb-container box gb-block-container\"><div class=\"gb-container-inside\"><div class=\"gb-container-content\">\n<div class=\"wp-block-columns inverse is-layout-flex wp-container-core-columns-is-layout-9d6595d7 wp-block-columns-is-layout-flex\">\n<div class=\"wp-block-column texte_planif is-layout-flow wp-block-column-is-layout-flow\" style=\"flex-basis:58%\">\n<h5 class=\"titre_box\" style=\"padding-top:10px;\">OPDAG <span class=\"titre_box_manuscrit\">Almeria<\/span><\/h5>\n\n\n\n<ul class=\"wp-block-list ul_box\">\n<li style=\"font-size:14px\"><a href=\"https:\/\/andalucialovers.com\/da\/sevaerdigheder-almeria-besog\/\" target=\"_blank\" rel=\"noreferrer noopener\">Sev\u00e6rdigheder i Almeria<\/a><\/li>\n\n\n\n<li style=\"font-size:14px\"><a href=\"https:\/\/andalucialovers.com\/da\/hvor-skal-bo-almeria-bedste-hoteller-kvarterer\/\" target=\"_blank\" rel=\"noreferrer noopener\">De bedste hoteller<\/a><\/li>\n\n\n\n<li style=\"font-size:14px\"><a href=\"https:\/\/andalucialovers.com\/da\/bedste-restaurant-almeria-spise-anmeldelser\/\" target=\"_blank\" rel=\"noreferrer noopener\">De bedste restauranter<\/a><\/li>\n\n\n\n<li style=\"font-size:14px\"><a href=\"https:\/\/andalucialovers.com\/da\/besog-1-dag-almeria-rejseplan\/\" target=\"_blank\" rel=\"noreferrer noopener\">1 dag<\/a><\/li>\n\n\n\n<li style=\"font-size:14px\"><a href=\"https:\/\/andalucialovers.com\/da\/besog-katedral-inkarnation-almeria\/\" data-type=\"post\" data-id=\"3867\" target=\"_blank\" rel=\"noreferrer noopener\">Katedral<\/a><\/li>\n\n\n\n<li style=\"font-size:14px\"><a href=\"https:\/\/andalucialovers.com\/da\/besog-faestning-alcazaba-almeria\/\" data-type=\"post\" data-id=\"3914\" target=\"_blank\" rel=\"noreferrer noopener\">Alcazaba<\/a><\/li>\n<\/ul>\n<\/div>\n\n\n\n<div class=\"wp-block-column ville-radius is-layout-flow wp-block-column-is-layout-flow\" style=\"flex-basis:42%\">\n<figure class=\"wp-block-image size-large img-portrait\"><img loading=\"lazy\" decoding=\"async\" src=\"https:\/\/photos.smugmug.com\/Andalucia-Lovers\/Almeria\/Best-of\/i-n7P3gKk\/0\/LKt99zZv8WQdd6JgwcgpvRzKct25HRk82JM4VfrxN\/L\/alcazaba-castle-almeria-spain-L.jpg\" alt=\"Alcazaba Almeria\" title=\"\"\/><\/figure>\n<\/div>\n<\/div>\n<\/div><\/div><\/div>\n\n<h2 class=\"wp-block-heading\">Nyttige tips: varighed, tidsplaner, m\u00e5ltider&#8230;<\/h2>\n\n<h3 class=\"wp-block-heading\">Bedste tidspunkt at bes\u00f8ge<\/h3>\n\n<p>Vi anbefaler, at du bes\u00f8ger katedralen om eftermiddagen for at nyde freden og roen. De er mindre popul\u00e6re blandt grupper, der bes\u00f8ger bygningen om formiddagen mellem kl. 10 og 12. For at sikre, at dit bes\u00f8g g\u00e5r glat, anbefaler vi, at du bes\u00f8ger os sidst p\u00e5 dagen, lige f\u00f8r lukketid.<\/p>\n\n<figure class=\"wp-block-image size-large\"><img loading=\"lazy\" decoding=\"async\" src=\"https:\/\/photos.smugmug.com\/Andalucia-Lovers\/Almeria\/Cathedral\/i-xfdgdC4\/0\/LzCN7bhmsSzdXXkp2Sv4FcLFRM4mZ9m4h3Rqjw9kv\/L\/cathedral-incarnation-almeria-14-L.jpg\" alt=\"Almer&#xED;a-katedralen - neoklassisk klostergang\"\/><\/figure>\n\n<h3 class=\"wp-block-heading\">Bes\u00f8gets l\u00e6ngde og de st\u00f8rste vanskeligheder<\/h3>\n\n<p>Der er ingen st\u00f8rre problemer med at bes\u00f8ge stedet, is\u00e6r fordi det er fuldt tilg\u00e6ngeligt for bev\u00e6gelsesh\u00e6mmede (der er kun adgang til terrassen p\u00e5 Torre de Campanario via en trappe med omkring hundrede trin). Der er ogs\u00e5 toiletter og en lille butik p\u00e5 stedet.<\/p>\n\n<p>Vi anbefaler, at du afs\u00e6tter omkring 1 time til dit bes\u00f8g, is\u00e6r hvis du beslutter dig for at f\u00f8lge audioguiden, som i h\u00f8j grad vil forbedre din opdagelse.<\/p>\n\n<figure class=\"wp-block-image size-large\"><img loading=\"lazy\" decoding=\"async\" src=\"https:\/\/photos.smugmug.com\/Andalucia-Lovers\/Almeria\/Cathedral\/i-jd7rvGK\/0\/LM37Kp6cvvvf5p68kN9Zm7wjJNwDM5fp9BFqq2szP\/L\/cathedral-incarnation-almeria-04-L.jpg\" alt=\"Almer&#xED;a Katedral - Adgang for handicappede\"\/><\/figure>\n\n<h3 class=\"wp-block-heading\">Bes\u00f8gets retning<\/h3>\n\n<p>Hvis du v\u00e6lger audioguiden (inkluderet gratis i billetprisen), kan du f\u00f8lge den afm\u00e6rkede rute. Hvis du ikke har tid, r\u00e5der vi dig til at f\u00f8lge ruten alligevel:<\/p>\n\n<ul class=\"wp-block-list\">\n<li>Start med at udforske katedralens ydre og l\u00e6g m\u00e6rke til de elegante ren\u00e6ssanceportaler og forsvarsv\u00e6rker,<\/li>\n\n\n\n<li>G\u00e5 derefter indenfor for at beundre katedralens pragt og de forskellige skatte, den rummer,<\/li>\n\n\n\n<li>Til sidst kan du g\u00e5 ud p\u00e5 g\u00e5rdspladsen og bes\u00f8ge ren\u00e6ssanceklosteret og, hvis du har tid, det lille tilst\u00f8dende museum.<\/li>\n<\/ul>\n\n<figure class=\"wp-block-image size-large\"><img width=\"1024\" height=\"520\" loading=\"lazy\" decoding=\"async\" src=\"https:\/\/andalucialovers.com\/wp-content\/uploads\/2025\/01\/Capture-decran-2025-01-13-a-18.22.09-1024x520.png\" alt=\"Katedralen i Almer&#xED;a - kort over stedet\" class=\"wp-image-3869\" srcset=\"https:\/\/andalucialovers.com\/wp-content\/uploads\/2025\/01\/Capture-decran-2025-01-13-a-18.22.09-1024x520.png 1024w, https:\/\/andalucialovers.com\/wp-content\/uploads\/2025\/01\/Capture-decran-2025-01-13-a-18.22.09-300x152.png 300w, https:\/\/andalucialovers.com\/wp-content\/uploads\/2025\/01\/Capture-decran-2025-01-13-a-18.22.09-768x390.png 768w, https:\/\/andalucialovers.com\/wp-content\/uploads\/2025\/01\/Capture-decran-2025-01-13-a-18.22.09-1536x779.png 1536w, https:\/\/andalucialovers.com\/wp-content\/uploads\/2025\/01\/Capture-decran-2025-01-13-a-18.22.09.png 1892w\" sizes=\"auto, (max-width: 1024px) 100vw, 1024px\" \/><figcaption class=\"wp-element-caption\">Kort over Almeria-katedralen <em>(billedet er taget fra katedralens officielle hjemmeside).<\/em><\/figcaption><\/figure>\n\n<div style=\"background-color:#fefefe;margin-top:8%;margin-bottom:8%\" class=\"wp-block-genesis-blocks-gb-container box gb-block-container\"><div class=\"gb-container-inside\"><div class=\"gb-container-content\" style=\"max-width:700px\">\n<div class=\"wp-block-columns inverse is-layout-flex wp-container-core-columns-is-layout-9d6595d7 wp-block-columns-is-layout-flex\">\n<div class=\"wp-block-column texte_planif is-layout-flow wp-block-column-is-layout-flow\" style=\"flex-basis:58%\">\n<h5 class=\"titre_box\" style=\"padding-top:10px\">PLANL\u00c6G DIN DR\u00d8MMEREJSE TIL <span class=\"titre_box_manuscrit\">andalusien<\/span><\/h5>\n\n\n\n<div class=\"wp-block-genesis-blocks-gb-container gb-block-container\"><div class=\"gb-container-inside\"><div class=\"gb-container-content\">\n<p style=\"font-size:14px\">Alle de oplysninger, du har brug for til din rejse:<\/p>\n<\/div><\/div><\/div>\n\n\n\n<div class=\"wp-block-genesis-blocks-gb-container gb-block-container\"><div class=\"gb-container-inside\"><div class=\"gb-container-content\"><\/div><\/div><\/div>\n\n\n\n<ul class=\"wp-block-list\" style=\"font-size:14px\" id=\"liste_discover\">\n<li>7 kort, der g\u00f8r planl\u00e6gningen lettere<\/li>\n\n\n\n<li>+ 150 p\u00e5 forh\u00e5nd udvalgte steder<\/li>\n\n\n\n<li>Praktiske r\u00e5d<\/li>\n\n\n\n<li>+ 300 fotos til at hj\u00e6lpe dig med at v\u00e6lge<\/li>\n<\/ul>\n\n\n\n<div class=\"wp-block-buttons has-custom-font-size bouton_10 is-content-justification-center is-layout-flex wp-container-core-buttons-is-layout-14c487f4 wp-block-buttons-is-layout-flex\" style=\"font-size:13px\">\n<div class=\"wp-block-button has-custom-font-size\" style=\"font-size:14px\"><a class=\"wp-block-button__link has-white-color has-text-color wp-element-button\" href=\"https:\/\/andalucialovers.com\/da\/ebook-rejseguide-road-trip-andalusien\/\" style=\"border-radius:4px\" target=\"_blank\" rel=\"noreferrer noopener\">Opdag<strong> <\/strong>&gt;&gt;<\/a><\/div>\n<\/div>\n<\/div>\n\n\n\n<div class=\"wp-block-column is-layout-flow wp-block-column-is-layout-flow\" style=\"flex-basis:42%\">\n<div class=\"wp-block-genesis-blocks-gb-container ebook-radius gb-block-container\"><div class=\"gb-container-inside\"><div class=\"gb-container-content\"><div class=\"wp-block-image ebook-image\">\n<figure class=\"aligncenter size-full is-resized\"><img loading=\"lazy\" decoding=\"async\" src=\"https:\/\/andalucialovers.com\/wp-content\/uploads\/2024\/06\/Road-trip-Guide-Andalucia-eBook-cover-1.jpg\" alt=\"Andalusien rejseguide eBook Cover\" class=\"wp-image-317\" style=\"width:203px;height:157px\"\/><\/figure>\n<\/div><\/div><\/div><\/div>\n<\/div>\n<\/div>\n<\/div><\/div><\/div>\n\n<h3 class=\"wp-block-heading\">Bes\u00f8g med b\u00f8rn<\/h3>\n\n<p>Almerias katedral byder ikke p\u00e5 noget, der er egnet til b\u00f8rn, men de vil nyde at g\u00e5 p\u00e5 opdagelse.<\/p>\n\n<h3 class=\"wp-block-heading\">\u00c5bningstider og priser<\/h3>\n\n<p>Katedralen er \u00e5ben for bes\u00f8gende hver dag:<\/p>\n\n<ul class=\"wp-block-list\">\n<li>Mandag til torsdag fra kl. 10.00 til 14.30 og fra kl. 16.00 til 19.00<\/li>\n\n\n\n<li>L\u00f8rdag fra kl. 10.00 til 19.00 og s\u00f8ndag fra kl. 15.00 til 18.00 uden afbrydelse<\/li>\n<\/ul>\n\n<p>Prisskalaen er som f\u00f8lger:<\/p>\n\n<ul class=\"wp-block-list\">\n<li>Normal pris: \u20ac7<\/li>\n\n\n\n<li>Reduceret pris: \u20ac5 (studerende)<\/li>\n\n\n\n<li>B\u00f8rn: \u20ac3<\/li>\n<\/ul>\n\n<figure class=\"wp-block-image size-large\"><img loading=\"lazy\" decoding=\"async\" src=\"https:\/\/photos.smugmug.com\/Andalucia-Lovers\/Almeria\/Cathedral\/i-3KZzWqq\/0\/LrmxVJ8CC3ZnbmKcpTPBK66KTJ2Bvz5XLkdkWv4FS\/L\/cathedral-incarnation-almeria-05-L.jpg\" alt=\"Almer&#xED;a Katedral - Kapel\"\/><\/figure>\n\n<h3 class=\"wp-block-heading\">Guidede ture<\/h3>\n\n<p>En audioguide er inkluderet i prisen for bes\u00f8get, s\u00e5 du kan f\u00e5 mere at vide om katedralens must-see-rum.<\/p>\n\n<p>Der er ogs\u00e5 mulighed for guidede ture fredag og l\u00f8rdag kl. 11 og 16 for \u20ac11.<br\/>Hvis du vil have en unik oplevelse, kan du v\u00e6lge <em>de<\/em> guidede ture til <em>Torre de Campanario<\/em> fredag og l\u00f8rdag kl. 13.00 og 17.30 for 5 euro, som giver dig en enest\u00e5ende udsigt over byen.<br\/>L\u00e6s mere om guidede ture p\u00e5 den officielle hjemmeside <a href=\"https:\/\/shop.articketing.com\/monuments\/catedral-de-almeria\/tickets\" target=\"_blank\" rel=\"noreferrer noopener nofollow\">her.<\/a><\/p>\n\n<figure class=\"wp-block-image size-large\"><img loading=\"lazy\" decoding=\"async\" src=\"https:\/\/photos.smugmug.com\/Andalucia-Lovers\/Almeria\/Cathedral\/i-WMzgz62\/0\/LLHFDN6XDKfZdzdXSXgGPH9jjK5t4GLrzQrwFW4Lc\/L\/cathedral-incarnation-almeria-01-L.jpg\" alt=\"Almer&#xED;a-katedralen - S&#xE5;dan kommer du derhen\"\/><\/figure>\n\n<h3 class=\"wp-block-heading\">Catering<\/h3>\n\n<p>Der er ingen restaurant p\u00e5 stedet, men da katedralen ligger i byens centrum, er der masser af alternativer for rejsende i de omkringliggende gader.  <br\/>Kun 2 skridt fra katedralen pr\u00f8vede vi Caf\u00e9 Hierbabuena, hvor vi drak en l\u00e6kker frisk appelsinjuice.<\/p>\n\n<h2 class=\"wp-block-heading\">F\u00e6stningsarkitektur: guidet tur i Almer\u00eda-katedralens ydre<\/h2>\n\n<p>F\u00f8r du begynder dit bes\u00f8g, anbefaler vi, at du tager dig tid til at beundre katedralens ydre og alle de symboler, der er gemt inden for dens mure.<\/p>\n\n<h3 class=\"wp-block-heading\">En bef\u00e6stet katedral<\/h3>\n\n<p>For at forst\u00e5, hvad der g\u00f8r Inkarnationskatedralen s\u00e5 speciel, er vi n\u00f8dt til at se p\u00e5 den historiske kontekst i det 16. \u00e5rhundrede. Byen Almer\u00eda var et let m\u00e5l for middelhavspirater. Denne konstante trussel f\u00f8rte til designet af en katedral, der var t\u00e6nkt som et veritabelt bef\u00e6stet tempel.<br\/>De s\u00e6rligt tykke forst\u00e6rkede v\u00e6gge og det ensartede flade tag, der er designet til at rumme forsvarssystemer, vidner om denne beskyttende funktion. Du vil blive imponeret over omr\u00e5det, der er omgivet af brede mure og solide st\u00f8ttepiller.<\/p>\n\n<figure class=\"wp-block-image size-large\"><img loading=\"lazy\" decoding=\"async\" src=\"https:\/\/photos.smugmug.com\/Andalucia-Lovers\/Almeria\/Cathedral\/i-ZZpZr2v\/0\/MqdX6j465Zt5gfjfxxGRRB7s9dWJkxkLSfskVK7zQ\/L\/cathedral-incarnation-almeria-20-L.jpg\" alt=\"Almer&#xED;a Katedral - Oversigt over f&#xE6;stningsanl&#xE6;ggene\"\/><\/figure>\n\n<p>Det defensive aspekt afspejles ogs\u00e5 i de fire cirkul\u00e6re t\u00e5rne i hj\u00f8rnerne, som engang husede kanoner til at forsvare byen. Hvis du kigger n\u00f8je p\u00e5 facaderne, vil du bem\u00e6rke kreneleringer og skydesk\u00e5r, rigtige smuthuller, der beskytter det hellige sted. Vi blev fascineret af disse us\u00e6dvanlige milit\u00e6re tr\u00e6k for et sted for tilbedelse.<\/p>\n\n<figure class=\"wp-block-image size-large\"><img loading=\"lazy\" decoding=\"async\" src=\"https:\/\/photos.smugmug.com\/Andalucia-Lovers\/Almeria\/Cathedral\/i-ghbNSrR\/0\/LT9pvmCGzGZ7VgdcLBsptkzzb7jsfBWt3NNJcWbHW\/L\/cathedral-incarnation-almeria-17-L.jpg\" alt=\"Almer&#xED;a Katedral - Oversigt over f&#xE6;stningsanl&#xE6;ggene\"\/><\/figure>\n\n<p>Dette defensive kald afspejles ogs\u00e5 i den indvendige arkitektur. Vi bem\u00e6rkede frav\u00e6ret af de traditionelle blyindfattede ruder, som er erstattet af mere beskedne \u00e5bninger. Endnu mere overraskende er det, at de tre skibe er lige h\u00f8je i mods\u00e6tning til traditionelle gotiske katedraler, hvor det centrale skib er h\u00f8jere. Der var rent pragmatiske grunde til det: Det flade tag gav et bedre forsvar i tilf\u00e6lde af et angreb.<\/p>\n\n<figure class=\"wp-block-image size-large\"><img loading=\"lazy\" decoding=\"async\" src=\"https:\/\/photos.smugmug.com\/Andalucia-Lovers\/Almeria\/Cathedral\/i-kDbwSxn\/0\/LzfZnfZMFqmffQrfLpBHBsHTb8Lp66wm8kKBhKMGh\/L\/cathedral-incarnation-almeria-18-L.jpg\" alt=\"Katedralen i Almer&#xED;a - Indvendig arkitektur\"\/><\/figure>\n\n<h3 class=\"wp-block-heading\">De forskellige facader: en m\u00e5de at udsmykke f\u00e6stningen p\u00e5<\/h3>\n\n<p>N\u00e5r du har beskrevet katedralens defensive funktioner, kan du rette opm\u00e6rksomheden mod de dekorative detaljer. Hovedportalen, som er et stort v\u00e6rk af Juan de Orea fra midten af det 16. \u00e5rhundrede, har en r\u00e6kke sammenv\u00e6vede motiver. Kristne, marianske og endda hedenske symboler sameksisterer harmonisk for at udsmykke facaden, som engang var katedralens indgangsd\u00f8r.<\/p>\n\n<figure class=\"wp-block-image size-large\"><img loading=\"lazy\" decoding=\"async\" src=\"https:\/\/photos.smugmug.com\/Andalucia-Lovers\/Almeria\/Cathedral\/i-w7pHgLr\/0\/MnCVj9SBCsR8sxC8LMt5LtsmZ8QjzbWnNN3vJj6Sc\/L\/cathedral-incarnation-almeria-21-L.jpg\" alt=\"Almer&#xED;a-katedralen - hovedfacaden\"\/><figcaption class=\"wp-element-caption\">Hovedfacade<\/figcaption><\/figure>\n\n<p>Derefter kan du tage et kig p\u00e5 Pardon-porten, som ogs\u00e5 er lavet af Juan de Orea og stod f\u00e6rdig i 1569. Typiske ren\u00e6ssancetr\u00e6k er kombineret med antikke arkitektoniske elementer: s\u00f8jler, pilastre, skalformede nicher og forskellige lister.  <\/p>\n\n<figure class=\"wp-block-image size-large\"><img loading=\"lazy\" decoding=\"async\" src=\"https:\/\/photos.smugmug.com\/Andalucia-Lovers\/Almeria\/Cathedral\/i-XjTmWzQ\/0\/LmfWR2NsD9nJPFw7dX9q2B4L4RrWcJGLTvxDMn2FZ\/L\/cathedral-incarnation-almeria-03-L.jpg\" alt=\"Almer&#xED;a-katedralen - Tilgivelsens port\"\/><figcaption class=\"wp-element-caption\">Pardon Gate<\/figcaption><\/figure>\n\n<p>Mere n\u00f8gternt, men lige s\u00e5 imponerende, fuldender det firkantede klokket\u00e5rn med to sektioner det monumentale ensemble. Her kan du se de otte historiske klokker, inklusive den \u00e6ldste, klokket\u00e5rnet, som blev st\u00f8bt af Jos\u00e9 Corona i 1781.<\/p>\n\n<figure class=\"wp-block-image size-large\"><img loading=\"lazy\" decoding=\"async\" src=\"https:\/\/photos.smugmug.com\/Andalucia-Lovers\/Almeria\/Cathedral\/i-ZXCgWrV\/0\/KcpLPbFxg88XXS8j9MRrvz4rh8szmvGFHfGWTFxpm\/L\/cathedral-incarnation-almeria-02-L.jpg\" alt=\"Almer&#xED;a-katedralen - klokket&#xE5;rn\"\/><\/figure>\n\n<h3 class=\"wp-block-heading\">Det monumentale neoklassiske kloster<\/h3>\n\n<p>Efter dit bes\u00f8g i katedralens indre vil du gl\u00e6de dig over at opdage klosteret og dets 30 halvcirkelformede buer, der hviler p\u00e5 kraftige joniske s\u00f8jler. Dette mesterlige v\u00e6rk fra det 17. \u00e5rhundrede blev skabt af Juan Antonio Munar.<br\/>Det er sv\u00e6rt at forestille sig, at dette kloster oprindeligt blev designet som et v\u00e5benhus for at forst\u00e6rke indhegningens bef\u00e6stede karakter, n\u00e5r man st\u00e5r over for et s\u00e5 beroligende syn.  <br\/>Det var den eneste forbindelse til omverdenen fra katedralen.<\/p>\n\n<figure class=\"wp-block-image size-large\"><img loading=\"lazy\" decoding=\"async\" src=\"https:\/\/photos.smugmug.com\/Andalucia-Lovers\/Almeria\/Cathedral\/i-zWCNLJv\/0\/LtR7h2BPdQdLm25Wd2qcHW7rzzNwMXnXNB6C9nB3B\/L\/cathedral-incarnation-almeria-19-L.jpg\" alt=\"Almer&#xED;a-katedralen - kloster\"\/><\/figure>\n\n<h2 class=\"wp-block-heading\">Overd\u00e5digt interi\u00f8r: opdag katedralens 3 must-see skatte<\/h2>\n\n<p>N\u00e5r du har beundret kontrasten mellem f\u00e6stningens n\u00f8gternhed og facadernes udsmykning, kan du g\u00e5 p\u00e5 opdagelse i den flamboyante indretning af dens indre.<\/p>\n\n<h3 class=\"wp-block-heading\">Koret: ren\u00e6ssancens mesterv\u00e6rk i Almer\u00eda-katedralen<\/h3>\n\n<p>N\u00e5r du g\u00e5r ind i katedralen, kommer du direkte ind i katedralens kor, da den gamle indgang nu er lukket.  <br\/>Det er her, kanonikerne plejede at m\u00f8des til l\u00e6sning af Office.<br\/>Du vil helt sikkert beundre denne fint udsk\u00e5rne skulptur i valn\u00f8ddetr\u00e6, et \u00e6gte ren\u00e6ssancemesterv\u00e6rk af Juan de Orea.<br\/>Tag dig tid til at beundre de to r\u00e6kker af s\u00e6der p\u00e5 to niveauer: De \u00f8verste b\u00e5se har et galleri af helgener, profeter og martyrer, mens de nederste b\u00e5se viser medaljoner med antropomorfe afbildninger, der leder tankerne hen p\u00e5 gr\u00e6sk-latinsk kunst. S\u00e6derne er adskilt af joniske s\u00f8jler.<\/p>\n\n<figure class=\"wp-block-image size-large\"><img loading=\"lazy\" decoding=\"async\" src=\"https:\/\/photos.smugmug.com\/Andalucia-Lovers\/Almeria\/Cathedral\/i-WkxzNwq\/0\/M5pzKStZnqSHN8czVXkPDwCgkwGpJ58g9CGHgSXgm\/L\/cathedral-incarnation-almeria-09-L.jpg\" alt=\"Almer&#xED;a-katedralen - udsigt til koret\"\/><\/figure>\n\n<p><em>Trascoro<\/em> (bagkoret), designet af Ventura Rodr\u00edguez, er et fint eksempel p\u00e5 neoklassisk kunst fra det 18. \u00e5rhundrede. Vi blev betaget af den harmoni, der udstr\u00e5ler fra dette kompleks, hvor en storsl\u00e5et ubesmittet undfangelse i ren marmor indtager den centrale niche, ledsaget af statuerne af Santo Domingo de Guzm\u00e1n og San Juan Nepomuceno.<br\/>P\u00e5 hylden lige over finder du en medaljon af Gud omgivet af to bedende engle og et kors.<br\/>Synes du ikke, at placeringen af s\u00f8jlerne og blandingen af farver i materialerne (marmor, jaspis, alabast) giver helheden en masse elegance?<br\/>P\u00e5 det smedede r\u00e6kv\u00e6rk kan du se en indskrift fra H\u00f8jsangen (&#8220;Du er smuk, min ven, der er ingen fejl i dig&#8221;) med henvisning til Jomfru Maria.<\/p>\n\n<figure class=\"wp-block-image size-large\"><img loading=\"lazy\" decoding=\"async\" src=\"https:\/\/photos.smugmug.com\/Andalucia-Lovers\/Almeria\/Cathedral\/i-SDfgchw\/0\/K3xfL3vqc4zLmxkTnD4NCJgzbDt3KBtqfsskcg9pL\/L\/cathedral-incarnation-almeria-07-L.jpg\" alt=\"Almer&#xED;a-katedralen - ren&#xE6;ssancekoret\"\/><\/figure>\n\n<h3 class=\"wp-block-heading\">Det store kapel bugner af<\/h3>\n\n<p>Lige bag koret ligger hovedkapellet, der er forbundet med ambulatoriet med 5 halvcirkelformede buer. Denne egenskab ved \u00f8stlige katedraler g\u00f8r det muligt at tilbede det hellige sakramente fra alle vinkler.<br\/>Se op: Over marmoralteret er der en r\u00e6kke malerier og reliefskulpturer, der skildrer Kristi liv.<br\/><br\/>Det f\u00f8rste niveau repr\u00e6senterer tilbedelse, mens det andet repr\u00e6senterer Golgata.<br\/>Det centrale panel har et bem\u00e6rkelsesv\u00e6rdigt relief af Kristi inkarnation i Maria, som anses for at v\u00e6re et v\u00e6rk af Granada-mesteren Pablo de Rojas. Golgata ovenover forestiller den korsf\u00e6stede Kristus af Jer\u00f3nimo Quijano, en pioner inden for ren\u00e6ssanceskulptur i Spanien.<\/p>\n\n<figure class=\"wp-block-image size-large\"><img loading=\"lazy\" decoding=\"async\" src=\"https:\/\/photos.smugmug.com\/Andalucia-Lovers\/Almeria\/Cathedral\/i-CxPwWjV\/0\/K82Jk8r4wvjknNH78CKqVQ4mv7rH5R7qHKGdxjZ3C\/L\/cathedral-incarnation-almeria-10-L.jpg\" alt=\"Almer&#xED;a-katedralen - Hovedkapellet, detalje af malerierne\"\/><\/figure>\n\n<p>N\u00e5r du har set n\u00e6rmere p\u00e5 kapellets loft, kan du dv\u00e6le ved det imponerende tabernakel i alabast, jaspis og marmor, som er designet af Ventura Rodr\u00edguez.<br\/>Dette neoklassiske v\u00e6rk i form af en baldakin blev skabt i 1775.<br\/>Tag et kig p\u00e5 den monumentale struktur, indrammet af to korintiske s\u00f8jler og kronet af en rigt dekoreret kuppel.<br\/>Du vil ikke vide, hvilken vej du skal g\u00e5 med alle de allegoriske og hagiografiske figurer, der pryder helheden: helgener, evangelister, l\u00e6ger og profeter st\u00f8der alle sammen sammen. Under alteret st\u00e5r en s\u00f8lvurne med relikvierne af den biskop, der grundlagde denne &#8220;anden katedral&#8221;, Fray Diego Fern\u00e1ndez de Villal\u00e1n.<\/p>\n\n<figure class=\"wp-block-image size-large\"><img loading=\"lazy\" decoding=\"async\" src=\"https:\/\/photos.smugmug.com\/Andalucia-Lovers\/Almeria\/Cathedral\/i-tfchNXZ\/0\/KqkdQFvrnwTMZN5HncVmSZKz2k7HFjdM78VVtP5b3\/L\/almeria-cathedral-1-L.jpg\" alt=\"Almer&#xED;a-katedralen - Hovedkapellet\"\/><\/figure>\n\n<h3 class=\"wp-block-heading\">Sakristiet<\/h3>\n\n<p>Endelig er hovedsakristiet et af de mest prestigefyldte omr\u00e5der i katedralen, en sand juvel af ren\u00e6ssancekunst i det sydlige Spanien.<br\/>Den blev designet i det 16. \u00e5rhundrede af Juan de Orea som et sted, hvor man forberedte pr\u00e6ster, og dens arkitektur kombinerer p\u00e5 perfekt vis funktion og sk\u00f8nhed.<br\/>Du vil blive forf\u00f8rt af ren\u00e6ssancens klassicisme, der d\u00e6kker hele omkredsen, fra basen til t\u00f8ndehv\u00e6lvingen, der er opdelt i tre sektioner.  <\/p>\n\n<figure class=\"wp-block-image size-large\"><img loading=\"lazy\" decoding=\"async\" src=\"https:\/\/photos.smugmug.com\/Andalucia-Lovers\/Almeria\/Cathedral\/i-Xf5jb6v\/0\/KbX3xH2zKpSJ7HSLGH2HRnTN5rKNQ2tJXNfpC8Wjk\/L\/cathedral-incarnation-almeria-12-L.jpg\" alt=\"Almer&#xED;a-katedralen - Sakristiet\"\/><\/figure>\n\n<p>Se p\u00e5 buerne, de antropomorfe buster og andre dekorative motiver (engle, blomster, drager), der pryder rummet. En bem\u00e6rkelsesv\u00e6rdig samling malerier af Hyrdernes tilbedelse (i olie p\u00e5 kobber fra det 17. \u00e5rhundrede) supplerer de traditionelle m\u00f8bler af kommoder, spejle og det centrale bord i mahognimarmor.<\/p>\n\n<figure class=\"wp-block-image size-large\"><img loading=\"lazy\" decoding=\"async\" src=\"https:\/\/photos.smugmug.com\/Andalucia-Lovers\/Almeria\/Cathedral\/i-ThS3x4v\/0\/LkFq6cPMhVGs9W7h4GHRrkVnrtDC2PZBnVtS9TChN\/L\/cathedral-incarnation-almeria-22-L.jpg\" alt=\"Almer&#xED;a-katedralen - Sakristiet\"\/><\/figure>\n\n<div style=\"background-color:#fefefe;margin-top:6%;margin-bottom:6%\" class=\"wp-block-genesis-blocks-gb-container box gb-block-container\"><div class=\"gb-container-inside\"><div class=\"gb-container-content\" style=\"max-width:700px\">\n<div class=\"wp-block-columns inverse is-layout-flex wp-container-core-columns-is-layout-9d6595d7 wp-block-columns-is-layout-flex\">\n<div class=\"wp-block-column texte_planif is-layout-flow wp-block-column-is-layout-flow\" style=\"flex-basis:58%\">\n<h5 class=\"titre_box\">Modtag vores <span class=\"titre_box_manuscrit\">nyhedsbrev<\/span><\/h5>\n\n\n\n<ul class=\"wp-block-list\">\n<li>Et frisk pust i din hverdag p\u00e5 de smukke destinationer i Region Lovers!<\/li>\n\n\n\n<li>En gang om m\u00e5neden.<\/li>\n\n\n\n<li>Reklamefri<\/li>\n<\/ul>\n\n\n<script>\nvar gform;gform||(document.addEventListener(\"gform_main_scripts_loaded\",function(){gform.scriptsLoaded=!0}),document.addEventListener(\"gform\/theme\/scripts_loaded\",function(){gform.themeScriptsLoaded=!0}),window.addEventListener(\"DOMContentLoaded\",function(){gform.domLoaded=!0}),gform={domLoaded:!1,scriptsLoaded:!1,themeScriptsLoaded:!1,isFormEditor:()=>\"function\"==typeof InitializeEditor,callIfLoaded:function(o){return!(!gform.domLoaded||!gform.scriptsLoaded||!gform.themeScriptsLoaded&&!gform.isFormEditor()||(gform.isFormEditor()&&console.warn(\"The use of gform.initializeOnLoaded() is deprecated in the form editor context and will be removed in Gravity Forms 3.1.\"),o(),0))},initializeOnLoaded:function(o){gform.callIfLoaded(o)||(document.addEventListener(\"gform_main_scripts_loaded\",()=>{gform.scriptsLoaded=!0,gform.callIfLoaded(o)}),document.addEventListener(\"gform\/theme\/scripts_loaded\",()=>{gform.themeScriptsLoaded=!0,gform.callIfLoaded(o)}),window.addEventListener(\"DOMContentLoaded\",()=>{gform.domLoaded=!0,gform.callIfLoaded(o)}))},hooks:{action:{},filter:{}},addAction:function(o,r,e,t){gform.addHook(\"action\",o,r,e,t)},addFilter:function(o,r,e,t){gform.addHook(\"filter\",o,r,e,t)},doAction:function(o){gform.doHook(\"action\",o,arguments)},applyFilters:function(o){return gform.doHook(\"filter\",o,arguments)},removeAction:function(o,r){gform.removeHook(\"action\",o,r)},removeFilter:function(o,r,e){gform.removeHook(\"filter\",o,r,e)},addHook:function(o,r,e,t,n){null==gform.hooks[o][r]&&(gform.hooks[o][r]=[]);var d=gform.hooks[o][r];null==n&&(n=r+\"_\"+d.length),gform.hooks[o][r].push({tag:n,callable:e,priority:t=null==t?10:t})},doHook:function(r,o,e){var t;if(e=Array.prototype.slice.call(e,1),null!=gform.hooks[r][o]&&((o=gform.hooks[r][o]).sort(function(o,r){return o.priority-r.priority}),o.forEach(function(o){\"function\"!=typeof(t=o.callable)&&(t=window[t]),\"action\"==r?t.apply(null,e):e[0]=t.apply(null,e)})),\"filter\"==r)return e[0]},removeHook:function(o,r,t,n){var e;null!=gform.hooks[o][r]&&(e=(e=gform.hooks[o][r]).filter(function(o,r,e){return!!(null!=n&&n!=o.tag||null!=t&&t!=o.priority)}),gform.hooks[o][r]=e)}});\n<\/script>\n\n                <div class='gf_browser_gecko gform_wrapper gform-theme gform-theme--foundation gform-theme--framework gform-theme--orbital waitlist_wrapper' data-form-theme='orbital' data-form-index='0' id='gform_wrapper_2' ><style>#gform_wrapper_2[data-form-index=\"0\"].gform-theme,[data-parent-form=\"2_0\"]{--gf-color-primary: #204ce5;--gf-color-primary-rgb: 32, 76, 229;--gf-color-primary-contrast: #fff;--gf-color-primary-contrast-rgb: 255, 255, 255;--gf-color-primary-darker: #001AB3;--gf-color-primary-lighter: #527EFF;--gf-color-secondary: #fff;--gf-color-secondary-rgb: 255, 255, 255;--gf-color-secondary-contrast: #112337;--gf-color-secondary-contrast-rgb: 17, 35, 55;--gf-color-secondary-darker: #F5F5F5;--gf-color-secondary-lighter: #FFFFFF;--gf-color-out-ctrl-light: rgba(17, 35, 55, 0.1);--gf-color-out-ctrl-light-rgb: 17, 35, 55;--gf-color-out-ctrl-light-darker: rgba(104, 110, 119, 0.35);--gf-color-out-ctrl-light-lighter: #F5F5F5;--gf-color-out-ctrl-dark: #585e6a;--gf-color-out-ctrl-dark-rgb: 88, 94, 106;--gf-color-out-ctrl-dark-darker: #112337;--gf-color-out-ctrl-dark-lighter: rgba(17, 35, 55, 0.65);--gf-color-in-ctrl: #fff;--gf-color-in-ctrl-rgb: 255, 255, 255;--gf-color-in-ctrl-contrast: #112337;--gf-color-in-ctrl-contrast-rgb: 17, 35, 55;--gf-color-in-ctrl-darker: #F5F5F5;--gf-color-in-ctrl-lighter: #FFFFFF;--gf-color-in-ctrl-primary: #204ce5;--gf-color-in-ctrl-primary-rgb: 32, 76, 229;--gf-color-in-ctrl-primary-contrast: #fff;--gf-color-in-ctrl-primary-contrast-rgb: 255, 255, 255;--gf-color-in-ctrl-primary-darker: #001AB3;--gf-color-in-ctrl-primary-lighter: #527EFF;--gf-color-in-ctrl-light: rgba(17, 35, 55, 0.1);--gf-color-in-ctrl-light-rgb: 17, 35, 55;--gf-color-in-ctrl-light-darker: rgba(104, 110, 119, 0.35);--gf-color-in-ctrl-light-lighter: #F5F5F5;--gf-color-in-ctrl-dark: #585e6a;--gf-color-in-ctrl-dark-rgb: 88, 94, 106;--gf-color-in-ctrl-dark-darker: #112337;--gf-color-in-ctrl-dark-lighter: rgba(17, 35, 55, 0.65);--gf-radius: 3px;--gf-font-size-secondary: 14px;--gf-font-size-tertiary: 13px;--gf-icon-ctrl-number: url(\"data:image\/svg+xml,%3Csvg width='8' height='14' viewBox='0 0 8 14' fill='none' xmlns='http:\/\/www.w3.org\/2000\/svg'%3E%3Cpath fill-rule='evenodd' clip-rule='evenodd' d='M4 0C4.26522 5.96046e-08 4.51957 0.105357 4.70711 0.292893L7.70711 3.29289C8.09763 3.68342 8.09763 4.31658 7.70711 4.70711C7.31658 5.09763 6.68342 5.09763 6.29289 4.70711L4 2.41421L1.70711 4.70711C1.31658 5.09763 0.683417 5.09763 0.292893 4.70711C-0.0976311 4.31658 -0.097631 3.68342 0.292893 3.29289L3.29289 0.292893C3.48043 0.105357 3.73478 0 4 0ZM0.292893 9.29289C0.683417 8.90237 1.31658 8.90237 1.70711 9.29289L4 11.5858L6.29289 9.29289C6.68342 8.90237 7.31658 8.90237 7.70711 9.29289C8.09763 9.68342 8.09763 10.3166 7.70711 10.7071L4.70711 13.7071C4.31658 14.0976 3.68342 14.0976 3.29289 13.7071L0.292893 10.7071C-0.0976311 10.3166 -0.0976311 9.68342 0.292893 9.29289Z' fill='rgba(17, 35, 55, 0.65)'\/%3E%3C\/svg%3E\");--gf-icon-ctrl-select: url(\"data:image\/svg+xml,%3Csvg width='10' height='6' viewBox='0 0 10 6' fill='none' xmlns='http:\/\/www.w3.org\/2000\/svg'%3E%3Cpath fill-rule='evenodd' clip-rule='evenodd' d='M0.292893 0.292893C0.683417 -0.097631 1.31658 -0.097631 1.70711 0.292893L5 3.58579L8.29289 0.292893C8.68342 -0.0976311 9.31658 -0.0976311 9.70711 0.292893C10.0976 0.683417 10.0976 1.31658 9.70711 1.70711L5.70711 5.70711C5.31658 6.09763 4.68342 6.09763 4.29289 5.70711L0.292893 1.70711C-0.0976311 1.31658 -0.0976311 0.683418 0.292893 0.292893Z' fill='rgba(17, 35, 55, 0.65)'\/%3E%3C\/svg%3E\");--gf-icon-ctrl-search: url(\"data:image\/svg+xml,%3Csvg width='640' height='640' xmlns='http:\/\/www.w3.org\/2000\/svg'%3E%3Cpath d='M256 128c-70.692 0-128 57.308-128 128 0 70.691 57.308 128 128 128 70.691 0 128-57.309 128-128 0-70.692-57.309-128-128-128zM64 256c0-106.039 85.961-192 192-192s192 85.961 192 192c0 41.466-13.146 79.863-35.498 111.248l154.125 154.125c12.496 12.496 12.496 32.758 0 45.254s-32.758 12.496-45.254 0L367.248 412.502C335.862 434.854 297.467 448 256 448c-106.039 0-192-85.962-192-192z' fill='rgba(17, 35, 55, 0.65)'\/%3E%3C\/svg%3E\");--gf-label-space-y-secondary: var(--gf-label-space-y-md-secondary);--gf-ctrl-border-color: #686e77;--gf-ctrl-size: var(--gf-ctrl-size-md);--gf-ctrl-label-color-primary: #112337;--gf-ctrl-label-color-secondary: #112337;--gf-ctrl-choice-size: var(--gf-ctrl-choice-size-md);--gf-ctrl-checkbox-check-size: var(--gf-ctrl-checkbox-check-size-md);--gf-ctrl-radio-check-size: var(--gf-ctrl-radio-check-size-md);--gf-ctrl-btn-font-size: var(--gf-ctrl-btn-font-size-md);--gf-ctrl-btn-padding-x: var(--gf-ctrl-btn-padding-x-md);--gf-ctrl-btn-size: var(--gf-ctrl-btn-size-md);--gf-ctrl-btn-border-color-secondary: #686e77;--gf-ctrl-file-btn-bg-color-hover: #EBEBEB;--gf-field-img-choice-size: var(--gf-field-img-choice-size-md);--gf-field-img-choice-card-space: var(--gf-field-img-choice-card-space-md);--gf-field-img-choice-check-ind-size: var(--gf-field-img-choice-check-ind-size-md);--gf-field-img-choice-check-ind-icon-size: var(--gf-field-img-choice-check-ind-icon-size-md);--gf-field-pg-steps-number-color: rgba(17, 35, 55, 0.8);}<\/style>\n                        <div class='gform_heading'>\n                            <p class='gform_description'><\/p>\n                        <\/div><form method='post' enctype='multipart\/form-data'  id='gform_2' class='waitlist' action='\/da\/wp-json\/wp\/v2\/posts\/3906' data-formid='2' novalidate>\n                        <div class='gform-body gform_body'><div id='gform_fields_2' class='gform_fields top_label form_sublabel_below description_below validation_below'><div id=\"field_2_1\" class=\"gfield gfield--type-email gfield--input-type-email gfield_contains_required field_sublabel_below gfield--no-description field_description_below hidden_label field_validation_below gfield_visibility_visible\"  ><label class='gfield_label gform-field-label' for='input_2_1'>E-mail<span class=\"gfield_required\"><span class=\"gfield_required gfield_required_text\">(P\u00e5kr\u00e6vet)<\/span><\/span><\/label><div class='ginput_container ginput_container_email'>\n                            <input name='input_1' id='input_2_1' type='email' value='' class='large'    aria-required=\"true\" aria-invalid=\"false\"  \/>\n                        <\/div><\/div><fieldset id=\"field_2_3\" class=\"gfield gfield--type-consent gfield--type-choice gfield--input-type-consent gfield--width-full gfield_contains_required field_sublabel_below gfield--no-description field_description_below hidden_label field_validation_below gfield_visibility_visible\"  ><legend class='gfield_label gform-field-label gfield_label_before_complex' >RGPD<span class=\"gfield_required\"><span class=\"gfield_required gfield_required_text\">(P\u00e5kr\u00e6vet)<\/span><\/span><\/legend><div class='ginput_container ginput_container_consent'><input name='input_3.1' id='input_2_3_1' type='checkbox' value='1'   aria-required=\"true\" aria-invalid=\"false\"   \/> <label class=\"gform-field-label gform-field-label--type-inline gfield_consent_label\" for='input_2_3_1' >Ja, jeg vil gerne abonnere p\u00e5 det m\u00e5nedlige nyhedsbrev<span class=\"gfield_required gfield_required_text\">(P\u00e5kr\u00e6vet)<\/span><\/label><input type='hidden' name='input_3.2' value='Ja, jeg vil gerne abonnere p\u00e5 det m\u00e5nedlige nyhedsbrev' class='gform_hidden' \/><input type='hidden' name='input_3.3' value='1' class='gform_hidden' \/><\/div><\/fieldset><div id=\"field_2_4\" class=\"gfield gfield--type-website gfield--input-type-website gfield--width-full field_sublabel_below gfield--no-description field_description_below field_validation_below gfield_visibility_hidden\"  ><div class=\"admin-hidden-markup\"><i class=\"gform-icon gform-icon--hidden\" aria-hidden=\"true\" title=\"Dette felt er skjult, n\u00e5r du f\u00e5r vist formularen\"><\/i><span>Dette felt er skjult, n\u00e5r du f\u00e5r vist formularen<\/span><\/div><label class='gfield_label gform-field-label' for='input_2_4'>Site Web<\/label><div class='ginput_container ginput_container_website'>\n                    <input name='input_4' id='input_2_4' type='url' value='https:\/\/andalucialovers.com\/da\/wp-json\/wp\/v2\/posts\/3906' class='large'    placeholder='https:\/\/'  aria-invalid=\"false\" \/>\n                <\/div><\/div><\/div><\/div>\n        <div class='gform-footer gform_footer top_label'> <input type='submit' id='gform_submit_button_2' class='gform_button button' onclick='gform.submission.handleButtonClick(this);' data-submission-type='submit' value='Tilmeld'  \/> \n            <input type='hidden' class='gform_hidden' name='gform_submission_method' data-js='gform_submission_method_2' value='postback' \/>\n            <input type='hidden' class='gform_hidden' name='gform_theme' data-js='gform_theme_2' id='gform_theme_2' value='orbital' \/>\n            <input type='hidden' class='gform_hidden' name='gform_style_settings' data-js='gform_style_settings_2' id='gform_style_settings_2' value='{&quot;inputPrimaryColor&quot;:&quot;#204ce5&quot;}' \/>\n            <input type='hidden' class='gform_hidden' name='is_submit_2' value='1' \/>\n            <input type='hidden' class='gform_hidden' name='gform_submit' value='2' \/>\n            \n            <input type='hidden' class='gform_hidden' name='gform_currency' data-currency='EUR' value='zXUalXA45BBzyBJOIQmw1EoV4kc6Dd6KW7+hsE19RaWXanENEqo0q1u8Cjq2oD\/pG68MGHIc05xH6YMkXEiQTxKRLiulDmT4YVMeOfuerEwHBw8=' \/>\n            <input type='hidden' class='gform_hidden' name='gform_unique_id' value='' \/>\n            <input type='hidden' class='gform_hidden' name='state_2' value='WyJ7XCIzLjFcIjpcImFiMWYyZTEyMGRiNDNhMTEzMGI1YWIyYTNiZGQ5Mjg5XCIsXCIzLjJcIjpcImMyMjZiNTU1NDBmNGUwMzMyYzBiMmY3ZTYxNTEzNjk1XCIsXCIzLjNcIjpcImFiMWYyZTEyMGRiNDNhMTEzMGI1YWIyYTNiZGQ5Mjg5XCJ9IiwiZjBhNzVjMWRlNTQ0YmQzMjczZDBhMzgxZDExYjdiYmYiXQ==' \/>\n            <input type='hidden' autocomplete='off' class='gform_hidden' name='gform_target_page_number_2' id='gform_target_page_number_2' value='0' \/>\n            <input type='hidden' autocomplete='off' class='gform_hidden' name='gform_source_page_number_2' id='gform_source_page_number_2' value='1' \/>\n            <input type='hidden' name='gform_field_values' value='' \/>\n            \n        <\/div>\n                        <\/form>\n                        <\/div><script>\ngform.initializeOnLoaded( function() {gformInitSpinner( 2, 'https:\/\/andalucialovers.com\/wp-content\/plugins\/gravityforms\/images\/spinner.svg', false );jQuery('#gform_ajax_frame_2').on('load',function(){var contents = jQuery(this).contents().find('*').html();var is_postback = contents.indexOf('GF_AJAX_POSTBACK') >= 0;if(!is_postback){return;}var form_content = jQuery(this).contents().find('#gform_wrapper_2');var is_confirmation = jQuery(this).contents().find('#gform_confirmation_wrapper_2').length > 0;var is_redirect = contents.indexOf('gformRedirect(){') >= 0;var is_form = form_content.length > 0 && ! is_redirect && ! is_confirmation;var mt = parseInt(jQuery('html').css('margin-top'), 10) + parseInt(jQuery('body').css('margin-top'), 10) + 100;if(is_form){jQuery('#gform_wrapper_2').html(form_content.html());if(form_content.hasClass('gform_validation_error')){jQuery('#gform_wrapper_2').addClass('gform_validation_error');} else {jQuery('#gform_wrapper_2').removeClass('gform_validation_error');}setTimeout( function() { \/* delay the scroll by 50 milliseconds to fix a bug in chrome *\/  }, 50 );if(window['gformInitDatepicker']) {gformInitDatepicker();}if(window['gformInitPriceFields']) {gformInitPriceFields();}var current_page = jQuery('#gform_source_page_number_2').val();gformInitSpinner( 2, 'https:\/\/andalucialovers.com\/wp-content\/plugins\/gravityforms\/images\/spinner.svg', false );jQuery(document).trigger('gform_page_loaded', [2, current_page]);window['gf_submitting_2'] = false;}else if(!is_redirect){var confirmation_content = jQuery(this).contents().find('.GF_AJAX_POSTBACK').html();if(!confirmation_content){confirmation_content = contents;}jQuery('#gform_wrapper_2').replaceWith(confirmation_content);jQuery(document).trigger('gform_confirmation_loaded', [2]);window['gf_submitting_2'] = false;wp.a11y.speak(jQuery('#gform_confirmation_message_2').text());}else{jQuery('#gform_2').append(contents);if(window['gformRedirect']) {gformRedirect();}}jQuery(document).trigger(\"gform_pre_post_render\", [{ formId: \"2\", currentPage: \"current_page\", abort: function() { this.preventDefault(); } }]);        if (event && event.defaultPrevented) {                return;        }        const gformWrapperDiv = document.getElementById( \"gform_wrapper_2\" );        if ( gformWrapperDiv ) {            const visibilitySpan = document.createElement( \"span\" );            visibilitySpan.id = \"gform_visibility_test_2\";            gformWrapperDiv.insertAdjacentElement( \"afterend\", visibilitySpan );        }        const visibilityTestDiv = document.getElementById( \"gform_visibility_test_2\" );        let postRenderFired = false;        function triggerPostRender() {            if ( postRenderFired ) {                return;            }            postRenderFired = true;            gform.core.triggerPostRenderEvents( 2, current_page );            if ( visibilityTestDiv ) {                visibilityTestDiv.parentNode.removeChild( visibilityTestDiv );            }        }        function debounce( func, wait, immediate ) {            var timeout;            return function() {                var context = this, args = arguments;                var later = function() {                    timeout = null;                    if ( !immediate ) func.apply( context, args );                };                var callNow = immediate && !timeout;                clearTimeout( timeout );                timeout = setTimeout( later, wait );                if ( callNow ) func.apply( context, args );            };        }        const debouncedTriggerPostRender = debounce( function() {            triggerPostRender();        }, 200 );        if ( visibilityTestDiv && visibilityTestDiv.offsetParent === null ) {            const observer = new MutationObserver( ( mutations ) => {                mutations.forEach( ( mutation ) => {                    if ( mutation.type === 'attributes' && visibilityTestDiv.offsetParent !== null ) {                        debouncedTriggerPostRender();                        observer.disconnect();                    }                });            });            observer.observe( document.body, {                attributes: true,                childList: false,                subtree: true,                attributeFilter: [ 'style', 'class' ],            });        } else {            triggerPostRender();        }    } );} );\n<\/script>\n<\/div>\n\n\n\n<div class=\"wp-block-column is-layout-flow wp-block-column-is-layout-flow\" style=\"flex-basis:42%\">\n<div class=\"wp-block-genesis-blocks-gb-container aligncenter newsletter-radius gb-block-container\"><div class=\"gb-container-inside\"><div class=\"gb-container-content\"><div class=\"wp-block-image newsletter-image\">\n<figure class=\"aligncenter size-full\"><img width=\"729\" height=\"792\" loading=\"lazy\" decoding=\"async\" src=\"https:\/\/andalucialovers.com\/wp-content\/uploads\/2024\/05\/newsletter_FR_2.webp\" alt=\"nyhedsbrev_EN_2\" class=\"wp-image-372\" srcset=\"https:\/\/andalucialovers.com\/wp-content\/uploads\/2024\/05\/newsletter_FR_2.webp 729w, https:\/\/andalucialovers.com\/wp-content\/uploads\/2024\/05\/newsletter_FR_2-276x300.webp 276w\" sizes=\"auto, (max-width: 729px) 100vw, 729px\" \/><\/figure>\n<\/div><\/div><\/div><\/div>\n<\/div>\n<\/div>\n<\/div><\/div><\/div>\n\n<h2 class=\"wp-block-heading\">Ofte stillede sp\u00f8rgsm\u00e5l<\/h2>\n\n<h3 class=\"wp-block-heading\">Hvilke kunstv\u00e6rker kan du se i Almer\u00eda-katedralen?<\/h3>\n\n<p>Ud over de sev\u00e6rdigheder, der er n\u00e6vnt i denne artikel, er kapellerne hjemsted for adskillige stykker hellig kunst.<br\/>Vi anbefaler ogs\u00e5, at du tager et kig p\u00e5 maleriet af den ubesmittede undfangelse af Joseph Antulinies (1670) i skibet til venstre for <em>trascoro<\/em>. Vi n\u00f8d ogs\u00e5 is\u00e6r trompe l&#8217;oeil&#8217;en p\u00e5 orglet (fra 1775). Ved siden af kapitelhuset finder du ogs\u00e5 et lille museum, som er et bes\u00f8g v\u00e6rd.<\/p>\n\n<figure class=\"wp-block-image size-large\"><img loading=\"lazy\" decoding=\"async\" src=\"https:\/\/photos.smugmug.com\/Andalucia-Lovers\/Almeria\/Cathedral\/i-NjGg9jb\/0\/Lbr84sP3V3f8B6ZMw6d4wrnZNVPTWdvvmTZP2WBCh\/L\/cathedral-incarnation-almeria-15-L.jpg\" alt=\"Almer&#xED;a Katedral - Museum  \"\/><\/figure>\n\n<h3 class=\"wp-block-heading\">Er katedralen stadig et sted for tilbedelse?<\/h3>\n\n<p>Ja, Almer\u00eda-katedralen er stadig et aktivt katolsk sted for tilbedelse. Du kan finde tidsplanen for gudstjenester og fejringer p\u00e5 den officielle hjemmeside <a href=\"https:\/\/catedralalmeria.com\/actividades-pastorales-y-liturgicas\/\" target=\"_blank\" rel=\"noreferrer noopener nofollow\">her.<\/a><\/p>\n\n<h3 class=\"wp-block-heading\">Hvad er Almerias emblem?<\/h3>\n\n<p>I katedralens apsis m\u00e5 du ikke g\u00e5 glip af<em> Portocarrero-solen<\/em>. Dette basrelief med et antropomorft ansigt, der er pyntet med b\u00e5nd, pryder v\u00e6ggen omkring den hellige Kristus&#8217; kapel. Selv om den er \u00e6ldre end biskop Portocarreros tid, har den folkelige tradition givet den dette navn, som stadig bruges i dag. I dag er det byens symbol!<\/p>\n\n<figure class=\"wp-block-image size-large\"><img loading=\"lazy\" decoding=\"async\" src=\"https:\/\/photos.smugmug.com\/Andalucia-Lovers\/Almeria\/Cathedral\/i-HBt99Dd\/0\/NjV8qQwvfqgVqcpBXLb7XVwckJ97ZT4vJ85wbQrXq\/L\/cathedral-incarnation-almeria-16-L.jpg\" alt=\"Almer&#xED;a-katedralen - Facader og arkitektoniske stilarter\"\/><\/figure>\n\n<div style=\"margin-top:8%;margin-bottom:8%\" class=\"wp-block-genesis-blocks-gb-container box gb-block-container\"><div class=\"gb-container-inside\"><div class=\"gb-container-content\" style=\"max-width:700px\">\n<div class=\"wp-block-genesis-blocks-gb-container box_titre gb-block-container\"><div class=\"gb-container-inside\"><div class=\"gb-container-content\">\n<h5 class=\"titre_box\"><span>PLANL\u00c6G DIN REJSE TIL <\/span><span class=\"titre_box_manuscrit\">Andalusien<\/span><\/h5>\n<\/div><\/div><\/div>\n\n\n\n<hr class=\"wp-block-separator has-text-color has-alpha-channel-opacity has-background is-style-wide hr-box-planif\" style=\"background-color:#ccd3dd;color:#ccd3dd\"\/>\n\n\n\n<div class=\"wp-block-genesis-blocks-gb-container gb-block-container\"><div class=\"gb-container-inside\"><div class=\"gb-container-content\">\n<div class=\"wp-block-columns box_sans_border is-layout-flex wp-container-core-columns-is-layout-9d6595d7 wp-block-columns-is-layout-flex\">\n<div class=\"wp-block-column texte_planif is-layout-flow wp-block-column-is-layout-flow\" style=\"flex-basis:60%\">\n<p class=\"soustitre_planif\"><strong>Inspiration<\/strong><\/p>\n\n\n\n<ul class=\"wp-block-list\">\n<li style=\"font-size:14px\"><a href=\"https:\/\/andalucialovers.com\/da\/sevaerdigheder-andalusien\/\" target=\"_blank\" rel=\"noreferrer noopener\">Hvad skal man lave i Andalusien?<\/a><\/li>\n\n\n\n<li style=\"font-size:14px\"><a href=\"https:\/\/andalucialovers.com\/da\/bedste-byer-andalusien\/\" target=\"_blank\" rel=\"noreferrer noopener\">De smukkeste byer<\/a><\/li>\n\n\n\n<li style=\"font-size:14px\"><a href=\"https:\/\/andalucialovers.com\/da\/bedste-strande-andalusien-liste\/\" target=\"_blank\" rel=\"noreferrer noopener\">De smukkeste strande<\/a><\/li>\n\n\n\n<li style=\"font-size:14px\"><a href=\"https:\/\/andalucialovers.com\/da\/bedste-hvide-landsbyer-andalusien\/\" target=\"_blank\" rel=\"noreferrer noopener\">De smukkeste hvide landsbyer<\/a><\/li>\n\n\n\n<li style=\"font-size:14px\"><a href=\"https:\/\/andalucialovers.com\/da\/katedraler-andalusien\/\" target=\"_blank\" rel=\"noreferrer noopener\">Katedralerne<\/a><\/li>\n\n\n\n<li style=\"font-size:14px\"><a href=\"https:\/\/andalucialovers.com\/da\/steder-arkaeologiske-andalusien-ruiner\/\" target=\"_blank\" rel=\"noreferrer noopener\">Ark\u00e6ologiske steder<\/a><\/li>\n\n\n\n<li style=\"font-size:14px\"><a data-type=\"post\" data-id=\"2221\" href=\"https:\/\/andalucialovers.com\/da\/cordoba-eller-sevilla-eller-granada\/\" target=\"_blank\" rel=\"noreferrer noopener\">Sevilla, Cordoba eller Granada?<\/a><\/li>\n\n\n\n<li style=\"font-size:14px\"><a href=\"https:\/\/andalucialovers.com\/da\/bedste-museer-andalusien\/\" target=\"_blank\" rel=\"noreferrer noopener\">De bedste museer<\/a><\/li>\n\n\n\n<li style=\"font-size:14px\"><a href=\"https:\/\/andalucialovers.com\/da\/bedste-slotte-paladser-andalusien\/\" target=\"_blank\" rel=\"noreferrer noopener\">Slotte og paladser<\/a><\/li>\n\n\n\n<li style=\"font-size:14px\"><a href=\"https:\/\/andalucialovers.com\/da\/hemmelige-steder-andalusien-skjulte-perler\/\" target=\"_blank\" rel=\"noreferrer noopener\">Hemmelige steder<\/a><\/li>\n<\/ul>\n<\/div>\n\n\n\n<div class=\"wp-block-column is-vertically-aligned-top planif-radius is-layout-flow wp-block-column-is-layout-flow\" style=\"flex-basis:40%\">\n<figure class=\"wp-block-image size-large img-portrait\"><img loading=\"lazy\" decoding=\"async\" src=\"https:\/\/photos.smugmug.com\/Travel\/Andalucia\/6b-Zuheros\/i-VRKFTdz\/1\/CNkgtxtms75zqS5pTQbm8FKsGCDk3kHvJFzJqmP2z\/S\/Zuheros_Andalucia_Spain-4306-S.jpg\" alt=\"Zuheros\" title=\"\"\/><\/figure>\n<\/div>\n<\/div>\n\n\n\n<hr class=\"wp-block-separator has-text-color has-alpha-channel-opacity has-background is-style-wide hr-box-planif\" style=\"background-color:#ccd3dd;color:#ccd3dd\"\/>\n\n\n\n<div class=\"wp-block-columns box_sans_border is-layout-flex wp-container-core-columns-is-layout-9d6595d7 wp-block-columns-is-layout-flex\">\n<div class=\"wp-block-column texte_planif is-layout-flow wp-block-column-is-layout-flow\" style=\"flex-basis:60%\">\n<p class=\"soustitre_planif\"><strong>\u00d8velse<\/strong><\/p>\n\n\n\n<ul class=\"wp-block-list\">\n<li style=\"font-size:14px\"><a href=\"https:\/\/andalucialovers.com\/da\/hvor-skal-bo-andalusien-bedste-omrader\/\" data-type=\"post\" data-id=\"2632\" target=\"_blank\" rel=\"noreferrer noopener\">Hvor skal man bo i Andalusien?<\/a><\/li>\n\n\n\n<li style=\"font-size:14px\"><a href=\"https:\/\/andalucialovers.com\/da\/bedste-5-stjernede-hoteller-andalusien-luksus-anmeldelser\/\" type=\"post\" id=\"6105\" target=\"_blank\" rel=\"noreferrer noopener\">De bedste luksushoteller i Andalusien<\/a><\/li>\n\n\n\n<li style=\"font-size:14px\"><a href=\"https:\/\/andalucialovers.com\/da\/bedste-restaurant-andalusien-spise-anmeldelser\/\" target=\"_blank\" rel=\"noreferrer noopener\">De bedste restauranter<\/a><\/li>\n\n\n\n<li style=\"font-size:14px\"><a data-type=\"post\" data-id=\"3712\" href=\"https:\/\/andalucialovers.com\/da\/sadan-lejer-bil-andalusien-tips-erfaring\/\" target=\"_blank\" rel=\"noreferrer noopener\">Lej en bil i Andalusien<\/a><\/li>\n\n\n\n<li style=\"font-size:14px\"><a href=\"https:\/\/andalucialovers.com\/da\/korsel-andalusien-tips\/\" target=\"_blank\" rel=\"noreferrer noopener\">K\u00f8rsel i Andalusien<\/a><\/li>\n<\/ul>\n<\/div>\n\n\n\n<div class=\"wp-block-column is-vertically-aligned-top planif-radius is-layout-flow wp-block-column-is-layout-flow\" style=\"flex-basis:40%\">\n<figure class=\"wp-block-image size-large img-portrait\"><img loading=\"lazy\" decoding=\"async\" src=\"https:\/\/photos.smugmug.com\/Travel\/Andalucia\/Accommodations\/i-QBDJnG7\/1\/4ZLWzw32dnhwGLrbmXL5HqSdBXzWBRMQhfVrcKD4\/S\/accommodation_Tarifa_Andalucia_Spain-2764-S.jpg\" alt=\"Hotel i Tarifa\" title=\"\"\/><\/figure>\n<\/div>\n<\/div>\n\n\n\n<hr class=\"wp-block-separator has-text-color has-alpha-channel-opacity has-background is-style-wide hr-box-planif\" style=\"background-color:#ccd3dd;color:#ccd3dd\"\/>\n\n\n\n<div class=\"wp-block-columns box_sans_border is-layout-flex wp-container-core-columns-is-layout-9d6595d7 wp-block-columns-is-layout-flex\">\n<div class=\"wp-block-column texte_planif is-layout-flow wp-block-column-is-layout-flow\" style=\"flex-basis:60%\">\n<p class=\"soustitre_planif\"><strong>Steder, du ikke m\u00e5 g\u00e5 glip af<\/strong><\/p>\n\n\n\n<ul class=\"wp-block-list\">\n<li style=\"font-size:14px\"><a href=\"https:\/\/andalucialovers.com\/da\/sevaerdigheder-sevilla-besog\/\" target=\"_blank\" rel=\"noreferrer noopener\">Sevilla<\/a><\/li>\n\n\n\n<li style=\"font-size:14px\"><a data-type=\"post\" data-id=\"2328\" href=\"https:\/\/andalucialovers.com\/da\/sevaerdigheder-cordoba-besog\/\" target=\"_blank\" rel=\"noreferrer noopener\">Cordoba<\/a><\/li>\n\n\n\n<li style=\"font-size:14px\"><a href=\"https:\/\/andalucialovers.com\/da\/sevaerdigheder-granada-besog\/\" target=\"_blank\" rel=\"noreferrer noopener\">Grenada<\/a><\/li>\n\n\n\n<li style=\"font-size:14px\"><a href=\"https:\/\/andalucialovers.com\/da\/sevaerdigheder-ronda\/\" target=\"_blank\" rel=\"noreferrer noopener\">Ronda<\/a><\/li>\n\n\n\n<li style=\"font-size:14px\"><a href=\"https:\/\/andalucialovers.com\/da\/sevaerdigheder-malaga-besog\/\" target=\"_blank\" rel=\"noreferrer noopener\">Malaga<\/a><\/li>\n\n\n\n<li style=\"font-size:14px\"><a data-type=\"post\" data-id=\"3597\" href=\"https:\/\/andalucialovers.com\/da\/sevaerdigheder-cadix-besog\/\" target=\"_blank\" rel=\"noreferrer noopener\">Cadiz<\/a><\/li>\n\n\n\n<li style=\"font-size:14px\">Cabo de Gata<\/li>\n\n\n\n<li style=\"font-size:14px\"><a href=\"https:\/\/andalucialovers.com\/da\/sevaerdigheder-antequera-besog\/\" target=\"_blank\" rel=\"noreferrer noopener\">Antequera<\/a><\/li>\n\n\n\n<li style=\"font-size:14px\">Baeza og Ubuda<\/li>\n<\/ul>\n<\/div>\n\n\n\n<div class=\"wp-block-column is-vertically-aligned-top planif-radius is-layout-flow wp-block-column-is-layout-flow\" style=\"flex-basis:40%\">\n<figure class=\"wp-block-image size-large img-portrait\"><img loading=\"lazy\" decoding=\"async\" src=\"https:\/\/photos.smugmug.com\/Travel\/Andalucia\/2e-Madina-Azahara\/i-nrQb8vF\/1\/DMVZRMLhBjwhLQtjzj2r5fqS4GjmpXXHrwvQnwFsm\/S\/Medina_Azahara_Andalucia_Spain-1434-S.jpg\" alt=\"Medina Azahara\" title=\"\"\/><\/figure>\n<\/div>\n<\/div>\n<\/div><\/div><\/div>\n\n\n\n<div class=\"wp-block-genesis-blocks-gb-container box_texte gb-block-container\"><div class=\"gb-container-inside\"><div class=\"gb-container-content\"><\/div><\/div><\/div>\n\n\n\n<div class=\"wp-block-genesis-blocks-gb-container box-texte gb-block-container\"><div class=\"gb-container-inside\"><div class=\"gb-container-content\"><\/div><\/div><\/div>\n<\/div><\/div><\/div>\n\n<div class=\"wp-block-genesis-blocks-gb-container box_auteur_voyage gb-block-container\"><div class=\"gb-container-inside\"><div class=\"gb-container-content\">\n<figure class=\"wp-block-image size-large img_auteur_voyage img_provisoire\"><a href=\"https:\/\/andalucialovers.com\/da\/clara-balayer\/\" target=\"_blank\" rel=\"noreferrer noopener\"><img loading=\"lazy\" decoding=\"async\" src=\"https:\/\/photos.smugmug.com\/Region-Lovers\/Equipe\/i-SdbN5X8\/0\/FQQmdnTB6qcMTnchB9QkgwpDzqRr4QJrpcS5xfZBc\/L\/clara-L.jpg\" alt=\"\"\/><\/a><\/figure>\n\n\n\n<h5 class=\"titre_auteur_voyage\"><span>HUN TOG TUREN OG SKREV ARTIKLEN \n <\/span><span class=\"titre_box_manuscrit\">Clara<\/span><\/h5>\n<\/div><\/div><\/div>\n","protected":false},"excerpt":{"rendered":"<p>En pause i Almer\u00eda? G\u00e5 ikke glip af den us\u00e6dvanlige katedral! Med sine tykke mure og flade tag, der er designet til at huse kanoner, blev Cath\u00e9drale de l&#8217;Incarnation udt\u00e6nkt som en veritabel f\u00e6stning, der skulle beskytte byen mod middelhavspirater i det 16. \u00e5rhundrede.Bag dette stramme ydre gemmer der sig nogle virkelige perler: et fint [&hellip;]<\/p>\n","protected":false},"author":5,"featured_media":3879,"comment_status":"closed","ping_status":"closed","sticky":false,"template":"","format":"standard","meta":{"_genesis_hide_title":false,"_genesis_hide_breadcrumbs":false,"_genesis_hide_singular_image":false,"_genesis_hide_footer_widgets":false,"_genesis_custom_body_class":"","_genesis_custom_post_class":"","_genesis_layout":"","footnotes":""},"categories":[68],"tags":[],"class_list":{"0":"post-3906","1":"post","2":"type-post","3":"status-publish","4":"format-standard","5":"has-post-thumbnail","7":"category-almeria","8":"entry"},"yoast_head":"<!-- This site is optimized with the Yoast SEO plugin v27.2 - https:\/\/yoast.com\/product\/yoast-seo-wordpress\/ -->\n<title>Inkarnationens katedral (Almer\u00eda): bes\u00f8g + fotos<\/title>\n<meta name=\"description\" content=\"Vores tips og fotos til at bes\u00f8ge Inkarnationskatedralen i Almeria: adgang, sev\u00e6rdigheder, praktiske oplysninger\" \/>\n<meta name=\"robots\" content=\"index, follow, max-snippet:-1, max-image-preview:large, max-video-preview:-1\" \/>\n<link rel=\"canonical\" href=\"https:\/\/andalucialovers.com\/da\/besog-katedral-inkarnation-almeria\/\" \/>\n<meta property=\"og:locale\" content=\"da_DK\" \/>\n<meta property=\"og:type\" content=\"article\" \/>\n<meta property=\"og:title\" content=\"Inkarnationens katedral (Almer\u00eda): bes\u00f8g + fotos\" \/>\n<meta property=\"og:description\" content=\"Vores tips og fotos til at bes\u00f8ge Inkarnationskatedralen i Almeria: adgang, sev\u00e6rdigheder, praktiske oplysninger\" \/>\n<meta property=\"og:url\" content=\"https:\/\/andalucialovers.com\/da\/besog-katedral-inkarnation-almeria\/\" \/>\n<meta property=\"og:site_name\" content=\"Andalucia Lovers\" \/>\n<meta property=\"article:published_time\" content=\"2025-01-15T12:10:55+00:00\" \/>\n<meta property=\"article:modified_time\" content=\"2025-01-17T14:07:59+00:00\" \/>\n<meta property=\"og:image\" content=\"https:\/\/andalucialovers.com\/wp-content\/uploads\/2025\/01\/besog-katedral-incarnation-almeria.jpg\" \/>\n\t<meta property=\"og:image:width\" content=\"800\" \/>\n\t<meta property=\"og:image:height\" content=\"600\" \/>\n\t<meta property=\"og:image:type\" content=\"image\/jpeg\" \/>\n<meta name=\"author\" content=\"Clara\" \/>\n<meta name=\"twitter:card\" content=\"summary_large_image\" \/>\n<meta name=\"twitter:label1\" content=\"Skrevet af\" \/>\n\t<meta name=\"twitter:data1\" content=\"Clara\" \/>\n\t<meta name=\"twitter:label2\" content=\"Estimeret l\u00e6setid\" \/>\n\t<meta name=\"twitter:data2\" content=\"11 minutter\" \/>\n<script type=\"application\/ld+json\" class=\"yoast-schema-graph\">{\"@context\":\"https:\/\/schema.org\",\"@graph\":[{\"@type\":\"Article\",\"@id\":\"https:\/\/andalucialovers.com\/da\/besog-katedral-inkarnation-almeria\/#article\",\"isPartOf\":{\"@id\":\"https:\/\/andalucialovers.com\/da\/besog-katedral-inkarnation-almeria\/\"},\"author\":{\"name\":\"Clara\",\"@id\":\"https:\/\/andalucialovers.com\/da\/#\/schema\/person\/39cabfc029252cd27095b327b6c51975\"},\"headline\":\"Inkarnationens katedral (Almer\u00eda): bes\u00f8g + fotos\",\"datePublished\":\"2025-01-15T12:10:55+00:00\",\"dateModified\":\"2025-01-17T14:07:59+00:00\",\"mainEntityOfPage\":{\"@id\":\"https:\/\/andalucialovers.com\/da\/besog-katedral-inkarnation-almeria\/\"},\"wordCount\":2308,\"publisher\":{\"@id\":\"https:\/\/andalucialovers.com\/da\/#organization\"},\"image\":{\"@id\":\"https:\/\/andalucialovers.com\/da\/besog-katedral-inkarnation-almeria\/#primaryimage\"},\"thumbnailUrl\":\"https:\/\/andalucialovers.com\/wp-content\/uploads\/2025\/01\/besog-katedral-incarnation-almeria.jpg\",\"articleSection\":[\"Almeria og Cabo de Gata\"],\"inLanguage\":\"da-DK\"},{\"@type\":\"WebPage\",\"@id\":\"https:\/\/andalucialovers.com\/da\/besog-katedral-inkarnation-almeria\/\",\"url\":\"https:\/\/andalucialovers.com\/da\/besog-katedral-inkarnation-almeria\/\",\"name\":\"Inkarnationens katedral (Almer\u00eda): bes\u00f8g + fotos\",\"isPartOf\":{\"@id\":\"https:\/\/andalucialovers.com\/da\/#website\"},\"primaryImageOfPage\":{\"@id\":\"https:\/\/andalucialovers.com\/da\/besog-katedral-inkarnation-almeria\/#primaryimage\"},\"image\":{\"@id\":\"https:\/\/andalucialovers.com\/da\/besog-katedral-inkarnation-almeria\/#primaryimage\"},\"thumbnailUrl\":\"https:\/\/andalucialovers.com\/wp-content\/uploads\/2025\/01\/besog-katedral-incarnation-almeria.jpg\",\"datePublished\":\"2025-01-15T12:10:55+00:00\",\"dateModified\":\"2025-01-17T14:07:59+00:00\",\"description\":\"Vores tips og fotos til at bes\u00f8ge Inkarnationskatedralen i Almeria: adgang, sev\u00e6rdigheder, praktiske oplysninger\",\"breadcrumb\":{\"@id\":\"https:\/\/andalucialovers.com\/da\/besog-katedral-inkarnation-almeria\/#breadcrumb\"},\"inLanguage\":\"da-DK\",\"potentialAction\":[{\"@type\":\"ReadAction\",\"target\":[\"https:\/\/andalucialovers.com\/da\/besog-katedral-inkarnation-almeria\/\"]}]},{\"@type\":\"ImageObject\",\"inLanguage\":\"da-DK\",\"@id\":\"https:\/\/andalucialovers.com\/da\/besog-katedral-inkarnation-almeria\/#primaryimage\",\"url\":\"https:\/\/andalucialovers.com\/wp-content\/uploads\/2025\/01\/besog-katedral-incarnation-almeria.jpg\",\"contentUrl\":\"https:\/\/andalucialovers.com\/wp-content\/uploads\/2025\/01\/besog-katedral-incarnation-almeria.jpg\",\"width\":800,\"height\":600},{\"@type\":\"BreadcrumbList\",\"@id\":\"https:\/\/andalucialovers.com\/da\/besog-katedral-inkarnation-almeria\/#breadcrumb\",\"itemListElement\":[{\"@type\":\"ListItem\",\"position\":1,\"name\":\"Accueil\",\"item\":\"https:\/\/andalucialovers.com\/da\/\"},{\"@type\":\"ListItem\",\"position\":2,\"name\":\"Almeria og Cabo de Gata\",\"item\":\"https:\/\/andalucialovers.com\/da\/almeria\/\"},{\"@type\":\"ListItem\",\"position\":3,\"name\":\"Inkarnationens katedral (Almer\u00eda): bes\u00f8g + fotos\"}]},{\"@type\":\"WebSite\",\"@id\":\"https:\/\/andalucialovers.com\/da\/#website\",\"url\":\"https:\/\/andalucialovers.com\/da\/\",\"name\":\"Andalucia Lovers\",\"description\":\"Le blog de Claire et Manu\",\"publisher\":{\"@id\":\"https:\/\/andalucialovers.com\/da\/#organization\"},\"potentialAction\":[{\"@type\":\"SearchAction\",\"target\":{\"@type\":\"EntryPoint\",\"urlTemplate\":\"https:\/\/andalucialovers.com\/da\/?s={search_term_string}\"},\"query-input\":{\"@type\":\"PropertyValueSpecification\",\"valueRequired\":true,\"valueName\":\"search_term_string\"}}],\"inLanguage\":\"da-DK\"},{\"@type\":\"Organization\",\"@id\":\"https:\/\/andalucialovers.com\/da\/#organization\",\"name\":\"Andalucia Lovers\",\"url\":\"https:\/\/andalucialovers.com\/da\/\",\"logo\":{\"@type\":\"ImageObject\",\"inLanguage\":\"da-DK\",\"@id\":\"https:\/\/andalucialovers.com\/da\/#\/schema\/logo\/image\/\",\"url\":\"https:\/\/andalucialovers.com\/wp-content\/uploads\/2024\/05\/cropped-Andalucia-Lovers-Logo.png\",\"contentUrl\":\"https:\/\/andalucialovers.com\/wp-content\/uploads\/2024\/05\/cropped-Andalucia-Lovers-Logo.png\",\"width\":2804,\"height\":481,\"caption\":\"Andalucia Lovers\"},\"image\":{\"@id\":\"https:\/\/andalucialovers.com\/da\/#\/schema\/logo\/image\/\"}},{\"@type\":\"Person\",\"@id\":\"https:\/\/andalucialovers.com\/da\/#\/schema\/person\/39cabfc029252cd27095b327b6c51975\",\"name\":\"Clara\",\"image\":{\"@type\":\"ImageObject\",\"inLanguage\":\"da-DK\",\"@id\":\"https:\/\/secure.gravatar.com\/avatar\/d048151d25ac0bedf2ca76f8808990a0ee8cc83370bf81e728fe452b1c63a5de?s=96&d=mm&r=g\",\"url\":\"https:\/\/secure.gravatar.com\/avatar\/d048151d25ac0bedf2ca76f8808990a0ee8cc83370bf81e728fe452b1c63a5de?s=96&d=mm&r=g\",\"contentUrl\":\"https:\/\/secure.gravatar.com\/avatar\/d048151d25ac0bedf2ca76f8808990a0ee8cc83370bf81e728fe452b1c63a5de?s=96&d=mm&r=g\",\"caption\":\"Clara\"},\"sameAs\":[\"https:\/\/andalucialovers.com\/clara-balayer\/\"],\"url\":\"https:\/\/andalucialovers.com\/da\/author\/clara\/\"}]}<\/script>\n<!-- \/ Yoast SEO plugin. -->","yoast_head_json":{"title":"Inkarnationens katedral (Almer\u00eda): bes\u00f8g + fotos","description":"Vores tips og fotos til at bes\u00f8ge Inkarnationskatedralen i Almeria: adgang, sev\u00e6rdigheder, praktiske oplysninger","robots":{"index":"index","follow":"follow","max-snippet":"max-snippet:-1","max-image-preview":"max-image-preview:large","max-video-preview":"max-video-preview:-1"},"canonical":"https:\/\/andalucialovers.com\/da\/besog-katedral-inkarnation-almeria\/","og_locale":"da_DK","og_type":"article","og_title":"Inkarnationens katedral (Almer\u00eda): bes\u00f8g + fotos","og_description":"Vores tips og fotos til at bes\u00f8ge Inkarnationskatedralen i Almeria: adgang, sev\u00e6rdigheder, praktiske oplysninger","og_url":"https:\/\/andalucialovers.com\/da\/besog-katedral-inkarnation-almeria\/","og_site_name":"Andalucia Lovers","article_published_time":"2025-01-15T12:10:55+00:00","article_modified_time":"2025-01-17T14:07:59+00:00","og_image":[{"width":800,"height":600,"url":"https:\/\/andalucialovers.com\/wp-content\/uploads\/2025\/01\/besog-katedral-incarnation-almeria.jpg","type":"image\/jpeg"}],"author":"Clara","twitter_card":"summary_large_image","twitter_misc":{"Skrevet af":"Clara","Estimeret l\u00e6setid":"11 minutter"},"schema":{"@context":"https:\/\/schema.org","@graph":[{"@type":"Article","@id":"https:\/\/andalucialovers.com\/da\/besog-katedral-inkarnation-almeria\/#article","isPartOf":{"@id":"https:\/\/andalucialovers.com\/da\/besog-katedral-inkarnation-almeria\/"},"author":{"name":"Clara","@id":"https:\/\/andalucialovers.com\/da\/#\/schema\/person\/39cabfc029252cd27095b327b6c51975"},"headline":"Inkarnationens katedral (Almer\u00eda): bes\u00f8g + fotos","datePublished":"2025-01-15T12:10:55+00:00","dateModified":"2025-01-17T14:07:59+00:00","mainEntityOfPage":{"@id":"https:\/\/andalucialovers.com\/da\/besog-katedral-inkarnation-almeria\/"},"wordCount":2308,"publisher":{"@id":"https:\/\/andalucialovers.com\/da\/#organization"},"image":{"@id":"https:\/\/andalucialovers.com\/da\/besog-katedral-inkarnation-almeria\/#primaryimage"},"thumbnailUrl":"https:\/\/andalucialovers.com\/wp-content\/uploads\/2025\/01\/besog-katedral-incarnation-almeria.jpg","articleSection":["Almeria og Cabo de Gata"],"inLanguage":"da-DK"},{"@type":"WebPage","@id":"https:\/\/andalucialovers.com\/da\/besog-katedral-inkarnation-almeria\/","url":"https:\/\/andalucialovers.com\/da\/besog-katedral-inkarnation-almeria\/","name":"Inkarnationens katedral (Almer\u00eda): bes\u00f8g + fotos","isPartOf":{"@id":"https:\/\/andalucialovers.com\/da\/#website"},"primaryImageOfPage":{"@id":"https:\/\/andalucialovers.com\/da\/besog-katedral-inkarnation-almeria\/#primaryimage"},"image":{"@id":"https:\/\/andalucialovers.com\/da\/besog-katedral-inkarnation-almeria\/#primaryimage"},"thumbnailUrl":"https:\/\/andalucialovers.com\/wp-content\/uploads\/2025\/01\/besog-katedral-incarnation-almeria.jpg","datePublished":"2025-01-15T12:10:55+00:00","dateModified":"2025-01-17T14:07:59+00:00","description":"Vores tips og fotos til at bes\u00f8ge Inkarnationskatedralen i Almeria: adgang, sev\u00e6rdigheder, praktiske oplysninger","breadcrumb":{"@id":"https:\/\/andalucialovers.com\/da\/besog-katedral-inkarnation-almeria\/#breadcrumb"},"inLanguage":"da-DK","potentialAction":[{"@type":"ReadAction","target":["https:\/\/andalucialovers.com\/da\/besog-katedral-inkarnation-almeria\/"]}]},{"@type":"ImageObject","inLanguage":"da-DK","@id":"https:\/\/andalucialovers.com\/da\/besog-katedral-inkarnation-almeria\/#primaryimage","url":"https:\/\/andalucialovers.com\/wp-content\/uploads\/2025\/01\/besog-katedral-incarnation-almeria.jpg","contentUrl":"https:\/\/andalucialovers.com\/wp-content\/uploads\/2025\/01\/besog-katedral-incarnation-almeria.jpg","width":800,"height":600},{"@type":"BreadcrumbList","@id":"https:\/\/andalucialovers.com\/da\/besog-katedral-inkarnation-almeria\/#breadcrumb","itemListElement":[{"@type":"ListItem","position":1,"name":"Accueil","item":"https:\/\/andalucialovers.com\/da\/"},{"@type":"ListItem","position":2,"name":"Almeria og Cabo de Gata","item":"https:\/\/andalucialovers.com\/da\/almeria\/"},{"@type":"ListItem","position":3,"name":"Inkarnationens katedral (Almer\u00eda): bes\u00f8g + fotos"}]},{"@type":"WebSite","@id":"https:\/\/andalucialovers.com\/da\/#website","url":"https:\/\/andalucialovers.com\/da\/","name":"Andalucia Lovers","description":"Le blog de Claire et Manu","publisher":{"@id":"https:\/\/andalucialovers.com\/da\/#organization"},"potentialAction":[{"@type":"SearchAction","target":{"@type":"EntryPoint","urlTemplate":"https:\/\/andalucialovers.com\/da\/?s={search_term_string}"},"query-input":{"@type":"PropertyValueSpecification","valueRequired":true,"valueName":"search_term_string"}}],"inLanguage":"da-DK"},{"@type":"Organization","@id":"https:\/\/andalucialovers.com\/da\/#organization","name":"Andalucia Lovers","url":"https:\/\/andalucialovers.com\/da\/","logo":{"@type":"ImageObject","inLanguage":"da-DK","@id":"https:\/\/andalucialovers.com\/da\/#\/schema\/logo\/image\/","url":"https:\/\/andalucialovers.com\/wp-content\/uploads\/2024\/05\/cropped-Andalucia-Lovers-Logo.png","contentUrl":"https:\/\/andalucialovers.com\/wp-content\/uploads\/2024\/05\/cropped-Andalucia-Lovers-Logo.png","width":2804,"height":481,"caption":"Andalucia Lovers"},"image":{"@id":"https:\/\/andalucialovers.com\/da\/#\/schema\/logo\/image\/"}},{"@type":"Person","@id":"https:\/\/andalucialovers.com\/da\/#\/schema\/person\/39cabfc029252cd27095b327b6c51975","name":"Clara","image":{"@type":"ImageObject","inLanguage":"da-DK","@id":"https:\/\/secure.gravatar.com\/avatar\/d048151d25ac0bedf2ca76f8808990a0ee8cc83370bf81e728fe452b1c63a5de?s=96&d=mm&r=g","url":"https:\/\/secure.gravatar.com\/avatar\/d048151d25ac0bedf2ca76f8808990a0ee8cc83370bf81e728fe452b1c63a5de?s=96&d=mm&r=g","contentUrl":"https:\/\/secure.gravatar.com\/avatar\/d048151d25ac0bedf2ca76f8808990a0ee8cc83370bf81e728fe452b1c63a5de?s=96&d=mm&r=g","caption":"Clara"},"sameAs":["https:\/\/andalucialovers.com\/clara-balayer\/"],"url":"https:\/\/andalucialovers.com\/da\/author\/clara\/"}]}},"featured_image_src":"https:\/\/andalucialovers.com\/wp-content\/uploads\/2025\/01\/besog-katedral-incarnation-almeria-600x400.jpg","featured_image_src_square":"https:\/\/andalucialovers.com\/wp-content\/uploads\/2025\/01\/besog-katedral-incarnation-almeria-600x600.jpg","author_info":{"display_name":"Clara","author_link":"https:\/\/andalucialovers.com\/da\/author\/clara\/"},"_links":{"self":[{"href":"https:\/\/andalucialovers.com\/da\/wp-json\/wp\/v2\/posts\/3906","targetHints":{"allow":["GET"]}}],"collection":[{"href":"https:\/\/andalucialovers.com\/da\/wp-json\/wp\/v2\/posts"}],"about":[{"href":"https:\/\/andalucialovers.com\/da\/wp-json\/wp\/v2\/types\/post"}],"author":[{"embeddable":true,"href":"https:\/\/andalucialovers.com\/da\/wp-json\/wp\/v2\/users\/5"}],"replies":[{"embeddable":true,"href":"https:\/\/andalucialovers.com\/da\/wp-json\/wp\/v2\/comments?post=3906"}],"version-history":[{"count":0,"href":"https:\/\/andalucialovers.com\/da\/wp-json\/wp\/v2\/posts\/3906\/revisions"}],"wp:featuredmedia":[{"embeddable":true,"href":"https:\/\/andalucialovers.com\/da\/wp-json\/wp\/v2\/media\/3879"}],"wp:attachment":[{"href":"https:\/\/andalucialovers.com\/da\/wp-json\/wp\/v2\/media?parent=3906"}],"wp:term":[{"taxonomy":"category","embeddable":true,"href":"https:\/\/andalucialovers.com\/da\/wp-json\/wp\/v2\/categories?post=3906"},{"taxonomy":"post_tag","embeddable":true,"href":"https:\/\/andalucialovers.com\/da\/wp-json\/wp\/v2\/tags?post=3906"}],"curies":[{"name":"wp","href":"https:\/\/api.w.org\/{rel}","templated":true}]}}