{"id":5407,"date":"2025-10-02T10:18:08","date_gmt":"2025-10-02T08:18:08","guid":{"rendered":"https:\/\/andalucialovers.com\/visiter-cathedrale-jaen\/"},"modified":"2025-10-02T18:15:35","modified_gmt":"2025-10-02T16:15:35","slug":"besog-katedral-jaen","status":"publish","type":"post","link":"https:\/\/andalucialovers.com\/da\/besog-katedral-jaen\/","title":{"rendered":"Ja\u00e9n-katedralen (bes\u00f8g + fotos)"},"content":{"rendered":"\n<p>Skal du bes\u00f8ge<strong> Ja\u00e9n<\/strong>? G\u00e5 ikke glip af den majest\u00e6tiske <strong>katedral<\/strong>! Den er en sand juvel fra den spanske <strong>ren\u00e6ssance <\/strong>og dominerer byens historiske hjerte. Dette<strong>UNESCO-listede<\/strong> arkitektoniske vidunder med sin monumentale facade og majest\u00e6tiske interi\u00f8r imponerede os med sin harmoni og storhed.<\/p>\n\n<p>I denne artikel finder du <strong>vores fotos og gode r\u00e5d <\/strong>til, hvordan du f\u00e5r mest muligt ud af dit <strong>bes\u00f8g i Ja\u00e9n-katedralen<\/strong>.<\/p>\n\n<figure class=\"wp-block-image size-large\"><img decoding=\"async\" src=\"https:\/\/andalucialovers.com\/wp-content\/uploads\/2025\/10\/besog-katedral-Jaen-DA-1024x852.jpg\" alt=\"bes&#xF8;g-katedralen-Jaen\" class=\"wp-image-5392\"\/><\/figure>\n\n<p>Dette er en helt <strong>uafh\u00e6ngig<\/strong> udtalelse, baseret p\u00e5 vores egen erfaring. Vi traf vores egne valg, bes\u00f8gte regionen anonymt og betalte vores regninger fuldt ud.<\/p>\n\n<h2 class=\"wp-block-heading\">Hvorfor bes\u00f8ge Ja\u00e9n-katedralen?<\/h2>\n\n<h3 class=\"wp-block-heading\">Er Ja\u00e9n-katedralen det v\u00e6rd? Det er vores mening:<\/h3>\n\n<p>Ja\u00e9n-katedralen er absolut et bes\u00f8g v\u00e6rd. Denne ren\u00e6ssancekatedral, som er p\u00e5 UNESCO&#8217;s verdensarvsliste, imponerer med sin monumentale facade, der er designet af Andr\u00e9s de Vandelvira, og sit lysfyldte indre. Vi blev betaget af den arkitektoniske harmoni og kunstneriske rigdom i dette monument, som har haft indflydelse p\u00e5 mange katedraler i den nye verden. Dette er en af de bedste aktiviteter i Ja\u00e9n!<\/p>\n\n<figure class=\"wp-block-image size-large\"><img loading=\"lazy\" decoding=\"async\" src=\"https:\/\/photos.smugmug.com\/Travel\/Andalucia\/5d-Cathedral-Jaen\/i-bNG2jvJ\/2\/LVtnx6NN2cx3VdGNfvGTp2L7DFzBTXScRZjVtbjN8\/L\/cathedral_Jaen_Andalucia_Spain-4145-L.jpg\" alt=\"\"\/><\/figure>\n\n<h3 class=\"wp-block-heading\">Hvorfor er Ja\u00e9n-katedralen s\u00e5 ber\u00f8mt?<\/h3>\n\n<p>Katedralen er ber\u00f8mt for sin rolle som arkitektonisk forbillede for den spanske ren\u00e6ssance og har inspireret til opf\u00f8relsen af mange katedraler i Latinamerika. Hovedfacaden, som er udf\u00f8rt af Andr\u00e9s de Vandelvira, betragtes som et af Spaniens mesterv\u00e6rker fra ren\u00e6ssancen. Siden 2012 har den st\u00e5et p\u00e5 UNESCOs verdensarvsliste som en af &#8220;Andalusiens ren\u00e6ssancekatedraler&#8221;. Denne internationale anerkendelse understreger dens betydning i verdensarkitekturens historie og dens indflydelse p\u00e5 kolonitidens religi\u00f8se kunst.<\/p>\n\n<figure class=\"wp-block-image size-large\"><img loading=\"lazy\" decoding=\"async\" src=\"https:\/\/photos.smugmug.com\/Travel\/Andalucia\/5d-Cathedral-Jaen\/i-ZR2MRFS\/2\/LPGNrMVz2sr7MqXvvjGTXgZ4FbkKGtPrSBDhBKWbz\/L\/cathedral_Jaen_Andalucia_Spain-4160-L.jpg\" alt=\"Ja&#xE9;n-katedralen - Er Ja&#xE9;n-katedralen det v&#xE6;rd? Det er vores mening:\"\/><\/figure>\n\n<h3 class=\"wp-block-heading\">Vores yndlings\u00f8jeblikke<\/h3>\n\n<p>Der var flere \u00f8jeblikke, som r\u00f8rte os s\u00e6rligt under vores bes\u00f8g.<\/p>\n\n<ul class=\"wp-block-list\">\n<li>Opdagelsen af hovedfacaden gjorde os m\u00e5ll\u00f8se med sine dobbelte s\u00f8jler og bem\u00e6rkelsesv\u00e6rdigt fine bibelske relieffer.  <\/li>\n\n\n\n<li>Indenfor blev vi sl\u00e5et af de utrolige detaljer i loftet og bygningens enorme st\u00f8rrelse.<\/li>\n\n\n\n<li>Se katedralen fra et udsigtspunkt over byen<\/li>\n<\/ul>\n\n<figure class=\"wp-block-image size-large\"><img loading=\"lazy\" decoding=\"async\" src=\"https:\/\/photos.smugmug.com\/Travel\/Andalucia\/5e-Jaen-other\/i-R5wHBfj\/2\/KQK8Vhss72NkCCTcqsggzJDNJjp7mdn9kVxqsGfhc\/L\/Jaen_Andalucia_Spain-1683-L.jpg\" alt=\"Ja&#xE9;n-katedralen - vores yndlings&#xF8;jeblikke\"\/><\/figure>\n\n<div style=\"margin-top:8%;margin-bottom:8%\" class=\"wp-block-genesis-blocks-gb-container box gb-block-container\"><div class=\"gb-container-inside\"><div class=\"gb-container-content\" style=\"max-width:700px\">\n<div class=\"wp-block-genesis-blocks-gb-container box_titre gb-block-container\"><div class=\"gb-container-inside\"><div class=\"gb-container-content\">\n<h5 class=\"titre_box\" style=\"padding-top:10px;\">HVOR SKAL MAN BO I <span class=\"titre_box_manuscrit\">Cordoba<\/span><\/h5>\n<\/div><\/div><\/div>\n\n\n\n<hr class=\"wp-block-separator has-text-color has-alpha-channel-opacity has-background is-style-wide hr-box-planif\" style=\"background-color:#ccd3dd;color:#ccd3dd\"\/>\n\n\n\n<div class=\"wp-block-columns box_sans_border is-layout-flex wp-container-core-columns-is-layout-9d6595d7 wp-block-columns-is-layout-flex\">\n<div class=\"wp-block-column texte_planif is-layout-flow wp-block-column-is-layout-flow\" style=\"font-size:14px;flex-basis:60%\">\n<p class=\"option_titre2\"><strong>Vores favoritter: kvarterer og hoteller<\/strong><\/p>\n\n\n\n<p style=\"font-size:14px\"><strong>Historisk kvarter<\/strong><br\/>Hotel Las Casas de la Juderia &#8211; <a href=\"https:\/\/www.booking.com\/hotel\/es\/las-casas-de-la-juderia.html?aid=2420173\" target=\"_blank\" rel=\"noreferrer noopener nofollow\">priser, billeder og tilg\u00e6ngelighed<\/a><br\/>Hotel Madinat &#8211; <a href=\"https:\/\/www.booking.com\/hotel\/es\/madinat.html?aid=2420173\" target=\"_blank\" rel=\"noreferrer noopener nofollow\">priser, billeder og tilg\u00e6ngelighed<\/a><\/p>\n\n\n\n<p style=\"font-size:14px\"><strong>Santa Marina-distriktet<\/strong><br\/>Hotel Hospes Palacio del Bailio &#8211; <a href=\"https:\/\/www.booking.com\/hotel\/es\/palacio-del-bailio.html?aid=2420173\" target=\"_blank\" rel=\"noreferrer noopener nofollow\">priser, billeder og tilg\u00e6ngelighed <\/a> <\/p>\n\n\n\n<ul class=\"wp-block-list ul_box\">\n<li style=\"font-size:14px\"><strong>Hotel 1<\/strong> &#8211; Se priser, billeder og tilg\u00e6ngelighed<\/li>\n\n\n\n<li style=\"font-size:14px\"><strong>Hotel 2<\/strong> &#8211; Se priser, billeder og tilg\u00e6ngelighed<\/li>\n<\/ul>\n<\/div>\n\n\n\n<div class=\"wp-block-column is-vertically-aligned-top planif-radius is-layout-flow wp-block-column-is-layout-flow\" style=\"flex-basis:40%\">\n<figure class=\"wp-block-image size-large img-portrait\"><img loading=\"lazy\" decoding=\"async\" src=\"https:\/\/photos.smugmug.com\/Andalucia-Lovers\/Cordoba\/Hotels\/Fa%C3%A7ades\/i-FXWmmNd\/0\/McPxdDLWKrsjV36SZsCKQ8KRGvvv9Wfx8Kz42Dwg3\/L\/hotel%20madinat%20cordoba-L.jpg\" alt=\"Madinat Hotel\" title=\"\"\/><\/figure>\n<\/div>\n<\/div>\n\n\n\n<hr class=\"wp-block-separator has-text-color has-alpha-channel-opacity has-background is-style-wide hr-box-planif\" style=\"background-color:#ccd3dd;color:#ccd3dd\"\/>\n\n\n\n<p class=\"has-text-align-center has-normal-font-size\">Se vores komplette udvalg af de <a href=\"https:\/\/andalucialovers.com\/da\/hvor-skal-bo-cordoba-bedste-hoteller-kvarterer\/\" data-type=\"post\" data-id=\"2728\" target=\"_blank\" rel=\"noreferrer noopener\">bedste hoteller i Cordoba<\/a><\/p>\n\n\n\n<div class=\"wp-block-buttons planif_bouton is-content-justification-center is-layout-flex wp-container-core-buttons-is-layout-16018d1d wp-block-buttons-is-layout-flex\">\n<div class=\"wp-block-button has-custom-font-size\" style=\"font-size:14px\"><a class=\"wp-block-button__link has-white-color has-text-color wp-element-button\" href=\"https:\/\/www.booking.com\/searchresults.html?city=-378765&amp;nflt=review_score%253D90%253Breview_score%253D80&amp;aid=2420173&amp;no_rooms=1&amp;group_adults=2\" style=\"border-radius:4px\" target=\"_blank\" rel=\"noreferrer noopener nofollow\">Se alle ledige boliger &gt;&gt;<\/a><\/div>\n<\/div>\n<\/div><\/div><\/div>\n\n<h3 class=\"wp-block-heading\">Historien i korte tr\u00e6k<\/h3>\n\n<p>Ja\u00e9n-katedralen har en rig historie, der str\u00e6kker sig over flere \u00e5rhundreder:<\/p>\n\n<ul class=\"wp-block-list\">\n<li>1246 &#8211; Ferdinand III&#8217;s erobring af Ja\u00e9n og indvielse af mosk\u00e9en som kristen katedral<\/li>\n\n\n\n<li>1368 &#8211; P\u00e5begyndelse af byggeriet af den nuv\u00e6rende katedral p\u00e5 stedet for den gamle mosk\u00e9<\/li>\n\n\n\n<li>16. \u00e5rhundrede &#8211; Andr\u00e9s de Vandelvira tegner tegningerne til den nuv\u00e6rende bygning<\/li>\n\n\n\n<li>1660 &#8211; F\u00e6rdigg\u00f8relse af byggeriet efter n\u00e6sten 2 \u00e5rhundreders arbejde<\/li>\n\n\n\n<li>2012 &#8211; Optaget p\u00e5 UNESCO&#8217;s verdensarvsliste<\/li>\n<\/ul>\n\n<figure class=\"wp-block-image size-large\"><img loading=\"lazy\" decoding=\"async\" src=\"https:\/\/photos.smugmug.com\/Travel\/Andalucia\/5d-Cathedral-Jaen\/i-cZ3G79d\/2\/NFkVnB239WFGxRL366CLgKgsQwQ7bBmpcZB6Pc5rD\/L\/cathedral_Jaen_Andalucia_Spain-4132-L.jpg\" alt=\"Ja&#xE9;n-katedralen - historien kort fortalt\"\/><\/figure>\n\n<h2 class=\"wp-block-heading\">Adgang: Katedral, Ja\u00e9n<\/h2>\n\n<h3 class=\"wp-block-heading\">Hvor ligger Ja\u00e9n-katedralen?<\/h3>\n\n<ul class=\"wp-block-list\">\n<li>I centrum af Ja\u00e9n, Plaza de Santa Mar\u00eda<\/li>\n\n\n\n<li>K\u00f8retid fra Granada: 1 time<\/li>\n\n\n\n<li>K\u00f8retid fra Cordoba: 1:30<\/li>\n\n\n\n<li>K\u00f8retid fra Sevilla: 2 timer og 40 minutter<\/li>\n<\/ul>\n\n<p>Her er et kort, der kan hj\u00e6lpe dig med at finde rundt:<\/p>\n\n<figure class=\"wp-block-image size-large\"><img loading=\"lazy\" decoding=\"async\" src=\"https:\/\/andalucialovers.com\/wp-content\/uploads\/2024\/08\/Kort-De-bedste-byer-i-Andalusien-1024x683.png\" alt=\"kort bedste byer andalusien\" class=\"wp-image-1794\"\/><figcaption class=\"wp-element-caption\">Kort over andalusiske byer<\/figcaption><\/figure>\n\n<div class=\"wp-block-columns inverse box_planif is-layout-flex wp-container-core-columns-is-layout-9d6595d7 wp-block-columns-is-layout-flex\">\n<div class=\"wp-block-column texte_planif is-layout-flow wp-block-column-is-layout-flow\" style=\"flex-basis:58%\">\n<h5 class=\"titre_box\"> LEJ EN BIL I <span class=\"titre_box_manuscrit\">\nAndalusien<\/span><\/h5>\n\n\n\n<ul style=\"font-size:14px\" class=\"wp-block-list liste_voiture\">\n<li>Sammenlign priser p\u00e5 vores foretrukne platform: <a href=\"https:\/\/www.discovercars.com\/dk\/spain?a_aid=zigzag&amp;chan=andalucia\" target=\"_blank\" rel=\"noreferrer noopener sponsored nofollow\">DiscoverCars<\/a> &#8211; en af de bedst bed\u00f8mte sider.<\/li>\n\n\n\n<li>V\u00e6lg en <strong>kompakt bil<\/strong>, da nogle landsbyer har meget smalle gader!<\/li>\n\n\n\n<li>T\u00e6nk p\u00e5<strong>kaskoforsikring<\/strong> af samme grund<\/li>\n\n\n\n<li><strong>Book tidligt<\/strong>, s\u00e5 du kan v\u00e6lge.<\/li>\n<\/ul>\n<\/div>\n\n\n\n<div class=\"wp-block-column planif-radius-3 is-layout-flow wp-block-column-is-layout-flow\" style=\"flex-basis:42%\">\n<figure class=\"wp-block-image size-large is-resized\"><img loading=\"lazy\" decoding=\"async\" src=\"https:\/\/photos.smugmug.com\/Travel\/Andalucia\/Driving\/i-tqxqm2M\/1\/DBVq6wpqQpTv8CpSvmFGgfKbDdqGMK9zqdcc59cGs\/S\/Driving_Andalucia_Spain-8407-S.jpg\" alt=\"K&#xF8;rsel i Andalusien\" title=\"\"\/><\/figure>\n<\/div>\n<\/div>\n\n<div class=\"wp-block-columns planif_bouton is-layout-flex wp-container-core-columns-is-layout-9d6595d7 wp-block-columns-is-layout-flex\">\n<div class=\"wp-block-column is-layout-flow wp-block-column-is-layout-flow\" style=\"flex-basis:50%\">\n<div class=\"wp-block-buttons is-content-justification-center is-layout-flex wp-container-core-buttons-is-layout-16018d1d wp-block-buttons-is-layout-flex\">\n<div class=\"wp-block-button has-custom-font-size\" style=\"font-size:14px\"><a class=\"wp-block-button__link has-white-color has-text-color wp-element-button\" href=\"https:\/\/www.discovercars.com\/dk\/spain?a_aid=zigzag&amp;amp;chan=andalucia\" style=\"border-radius:4px\" target=\"_blank\" rel=\"noreferrer noopener nofollow\">Se bilerne<img loading=\"lazy\" decoding=\"async\" class=\"wp-image-2851\" style=\"width: 16px;\" src=\"https:\/\/provencelovers.fr\/wp-content\/uploads\/2023\/08\/ArrowRight.webp\" alt=\"\"\/><\/a><\/div>\n<\/div>\n<\/div>\n\n\n\n<div class=\"wp-block-column is-vertically-aligned-center is-layout-flow wp-block-column-is-layout-flow\" style=\"flex-basis:50%\">\n<p class=\"has-text-align-center\" style=\"font-size:14px\"><strong><a href=\"https:\/\/andalucialovers.com\/da\/sadan-lejer-bil-andalusien-tips-erfaring\/\" data-type=\"post\" data-id=\"3712\" target=\"_blank\" rel=\"noreferrer noopener\">Se vores r\u00e5d<\/a><\/strong><\/p>\n<\/div>\n<\/div>\n\n<h3 class=\"wp-block-heading\">Hvordan kommer jeg derhen?<\/h3>\n\n<ul class=\"wp-block-list\">\n<li>Den ligger lige i byens centrum, s\u00e5 det er nemmest at komme hertil til fods.<\/li>\n\n\n\n<li>Hvis du kommer i bil, og det historiske centrum er en g\u00e5gade, anbefaler vi, at du parkerer i udkanten og g\u00e5r til katedralen, s\u00e5 du kan udforske de charmerende sm\u00e5 gader i det gamle Ja\u00e9n.<\/li>\n\n\n\n<li>Hvis du tager offentlig transport, er det n\u00e6rmeste stoppested &#8220;Calle Ramon y Cajal Bis&#8221; p\u00e5 byens transportnet. Det ligger mindre end 5 minutters gang derfra.<br\/>For at planl\u00e6gge din rute kan du se rutekort, k\u00f8replaner og priser <a href=\"https:\/\/www.alsa.es\/\" target=\"_blank\" rel=\"noreferrer noopener nofollow\">her.<\/a><\/li>\n<\/ul>\n\n<figure class=\"wp-block-image size-large\"><img loading=\"lazy\" decoding=\"async\" src=\"https:\/\/photos.smugmug.com\/Travel\/Andalucia\/5e-Jaen-other\/i-sZB3szQ\/2\/LXzF5g89dKLWHT8CqPncLjzgBK5jcS2fXrxmWzGg9\/L\/Jaen_Andalucia_Spain-4118-L.jpg\" alt=\"\"\/><\/figure>\n\n<h3 class=\"wp-block-heading\">Parkeringsplads<\/h3>\n\n<p>Der er flere parkeringsmuligheder i n\u00e6rheden af katedralen:<\/p>\n\n<ul class=\"wp-block-list\">\n<li>Parkeringsk\u00e6lderen <em>Aparcamiento San Francisco<\/em> ligger mindre end 5 minutters gang v\u00e6k,<\/li>\n\n\n\n<li><em>Parkeringspladsen Plaza de la Constituci\u00f3n<\/em> ligger kun 5 minutters gang v\u00e6k.  <\/li>\n\n\n\n<li>Der er ogs\u00e5 parkeringspladser i bl\u00e5 zoner i de omkringliggende gader, men v\u00e6r opm\u00e6rksom p\u00e5 betalingstiderne.  <\/li>\n\n\n\n<li>I alle tilf\u00e6lde anbefaler vi at komme tidligt om morgenen eller sent p\u00e5 eftermiddagen for at g\u00f8re det lettere at finde en plads, is\u00e6r i h\u00f8js\u00e6sonen.<\/li>\n<\/ul>\n\n<div style=\"margin-top:8%;margin-bottom:8%\" class=\"wp-block-genesis-blocks-gb-container box gb-block-container\"><div class=\"gb-container-inside\"><div class=\"gb-container-content\" style=\"max-width:700px\">\n<div class=\"wp-block-genesis-blocks-gb-container box_titre gb-block-container\"><div class=\"gb-container-inside\"><div class=\"gb-container-content\">\n<h5 class=\"titre_box\" style=\"padding-top:10px;\">HVOR KAN MAN BO I <span class=\"titre_box_manuscrit\">Granada<\/span><\/h5>\n<\/div><\/div><\/div>\n\n\n\n<hr class=\"wp-block-separator has-text-color has-alpha-channel-opacity has-background is-style-wide hr-box-planif\" style=\"background-color:#ccd3dd;color:#ccd3dd\"\/>\n\n\n\n<div class=\"wp-block-columns box_sans_border is-layout-flex wp-container-core-columns-is-layout-9d6595d7 wp-block-columns-is-layout-flex\">\n<div class=\"wp-block-column texte_planif is-layout-flow wp-block-column-is-layout-flow\" style=\"font-size:14px;flex-basis:60%\">\n<p class=\"option_titre2\">Vores favoritter: hoteller og bydele<\/p>\n\n\n\n<p style=\"font-size:14px\">I byens centrum<br\/>Hotel Luna Granada Centro &#8211; <a href=\"https:\/\/www.booking.com\/hotel\/es\/boutique-luna-granada-centro.html?aid=2420173\" target=\"_blank\" rel=\"noreferrer noopener nofollow\">Se priser, billeder og tilg\u00e6ngelighed<\/a><br\/>Hotel Corrala del Realejo &#8211; <a href=\"https:\/\/www.booking.com\/hotel\/es\/la-corrala-del-realejo-boutique-apartamentos.html?aid=2420173\" target=\"_blank\" rel=\"noreferrer noopener nofollow\">Se priser, billeder og tilg\u00e6ngelighed<\/a><\/p>\n\n\n\n<p style=\"font-size:14px\">P\u00e5 Alhambra<br\/>Alhambra Palace &#8211; <a href=\"https:\/\/www.booking.com\/hotel\/es\/alhambrapalace.html?aid=2420173\" target=\"_blank\" rel=\"noreferrer noopener nofollow\">Se priser, billeder og tilg\u00e6ngelighed<\/a><\/p>\n\n\n\n<ul class=\"wp-block-list ul_box\"><\/ul>\n<\/div>\n\n\n\n<div class=\"wp-block-column is-vertically-aligned-top planif-radius is-layout-flow wp-block-column-is-layout-flow\" style=\"flex-basis:40%\">\n<figure class=\"wp-block-image size-large img-portrait\"><img loading=\"lazy\" decoding=\"async\" src=\"https:\/\/photos.smugmug.com\/Andalucia-Lovers\/Granada\/Hotels\/Hotel-Corrala-del-Realejo\/i-nFHNBv9\/0\/MzpLMvbP3HSsvwcwmpQh3P6w7pcGpTqdVzs8BpzWr\/L\/hotel-corrala-del-realejo-granada-andalucia--L.jpg\" alt=\"Hotel Corrala del Realejo\" title=\"\"\/><\/figure>\n<\/div>\n<\/div>\n\n\n\n<p class=\"has-text-align-center has-normal-font-size\">Se vores komplette udvalg af de <a href=\"https:\/\/andalucialovers.com\/da\/hvor-skal-bo-granada-bedste-hoteller-kvarterer\/\" target=\"_blank\" rel=\"noreferrer noopener\">bedste hoteller i Granada<\/a><\/p>\n\n\n\n<div class=\"wp-block-buttons planif_bouton is-content-justification-center is-layout-flex wp-container-core-buttons-is-layout-16018d1d wp-block-buttons-is-layout-flex\">\n<div class=\"wp-block-button has-custom-font-size\" style=\"font-size:14px\"><a class=\"wp-block-button__link has-white-color has-text-color wp-element-button\" href=\"https:\/\/www.booking.com\/searchresults.html?city=-384328&amp;nflt=review_score%253D90%253Breview_score%253D80&amp;aid=2420173&amp;no_rooms=1&amp;group_adults=2\" style=\"border-radius:4px\" target=\"_blank\" rel=\"noreferrer noopener\">Se alle ledige boliger &gt;&gt;<\/a><\/div>\n<\/div>\n<\/div><\/div><\/div>\n\n<h2 class=\"wp-block-heading\">Nyttige tips: varighed, tidsplaner, m\u00e5ltider&#8230;<\/h2>\n\n<h3 class=\"wp-block-heading\">Bedste tidspunkt at bes\u00f8ge<\/h3>\n\n<p>For at f\u00e5 mest muligt ud af dit bes\u00f8g anbefaler vi, at du  <\/p>\n\n<ul class=\"wp-block-list\">\n<li>for\u00e5rsm\u00e5nederne (april-maj) eller efter\u00e5ret (september-oktober), hvor temperaturerne er mildere.  <\/li>\n\n\n\n<li>Om morgenen mellem kl. 10 og 12, hvor morgenlyset er s\u00e6rligt sublimt p\u00e5 ren\u00e6ssancefacaden,<\/li>\n\n\n\n<li>I l\u00f8bet af ugen undg\u00e5r du de store turistgrupper i weekenden.<\/li>\n<\/ul>\n\n<p>Sommeren kan v\u00e6re hed i Ja\u00e9n, men hvis du bes\u00f8ger byen p\u00e5 denne tid af \u00e5ret, b\u00f8r du foretr\u00e6kke de tidlige timer eller den sene eftermiddag, hvor solen g\u00e5r ned og bader den gyldne sten i et varmt lys.<\/p>\n\n<figure class=\"wp-block-image size-large\"><img loading=\"lazy\" decoding=\"async\" src=\"https:\/\/photos.smugmug.com\/Travel\/Andalucia\/5e-Jaen-other\/i-8MJxHwR\/0\/b31c5e68\/L\/Jaen_Andalucia_Spain-1684-L.jpg\" alt=\"Ja&#xE9;n-katedralen - Hvordan kommer man derhen?\"\/><\/figure>\n\n<h3 class=\"wp-block-heading\">Bes\u00f8gets l\u00e6ngde og de st\u00f8rste vanskeligheder<\/h3>\n\n<ul class=\"wp-block-list\">\n<li>Beregn mellem 45 minutter og 1 time til et komplet bes\u00f8g, inklusive det indre af katedralen, sakristiet og museet.  <\/li>\n\n\n\n<li>Bygningen er tilg\u00e6ngelig for bev\u00e6gelsesh\u00e6mmede med ramper ved hovedindgangen. Gulvene er i god stand og brugbare.<\/li>\n<\/ul>\n\n<figure class=\"wp-block-image size-large\"><img loading=\"lazy\" decoding=\"async\" src=\"https:\/\/photos.smugmug.com\/Travel\/Andalucia\/5d-Cathedral-Jaen\/i-B83LfvR\/2\/Lt6C7HgNPQjjBwSRwW4FQLBGQkrdZQ4bC328cjtSr\/L\/cathedral_Jaen_Andalucia_Spain-1670-L.jpg\" alt=\"Ja&#xE9;n-katedralen - Bes&#xF8;gets l&#xE6;ngde og de st&#xF8;rste vanskeligheder\"\/><\/figure>\n\n<h3 class=\"wp-block-heading\">Bes\u00f8gets retning<\/h3>\n\n<p>For at f\u00e5 den bedst mulige oplevelse foresl\u00e5r vi..:<\/p>\n\n<ul class=\"wp-block-list\">\n<li>Start med at beundre hovedfacaden fra Plaza Santa Mar\u00eda. Tag dig tid til at se p\u00e5 de skulpturelle detaljer, f\u00f8r du g\u00e5r ind.  <\/li>\n\n\n\n<li>N\u00e5r du er inde, skal du f\u00f8rst g\u00e5 mod det centrale skib for at v\u00e6rds\u00e6tte det arkitektoniske ensemble.  <\/li>\n\n\n\n<li>Forts\u00e6t til koret og dets skulpturelle stader. Forts\u00e6t med at bes\u00f8ge h\u00f8jalteret og helligdommen. G\u00e5 ikke glip af sakristiet, som er tilg\u00e6ngeligt via en sidegang.  <\/li>\n\n\n\n<li>Afslut din tur med et bes\u00f8g p\u00e5 katedralmuseet, som er et perfekt supplement til din forst\u00e5else af monumentets historie og kunst.<\/li>\n<\/ul>\n\n<figure class=\"wp-block-image size-large\"><img loading=\"lazy\" decoding=\"async\" src=\"https:\/\/photos.smugmug.com\/Travel\/Andalucia\/5d-Cathedral-Jaen\/i-nbJ3WLZ\/2\/Kh76MfSWZgWm3SbjRDNRMs3nfB8M4QbNJCvKxxmXS\/L\/cathedral_Jaen_Andalucia_Spain-4142-L.jpg\" alt=\"Ja&#xE9;n-katedralen - forslag til bes&#xF8;gsrute\"\/><\/figure>\n\n<div style=\"background-color:#fefefe;margin-top:8%;margin-bottom:8%\" class=\"wp-block-genesis-blocks-gb-container box gb-block-container\"><div class=\"gb-container-inside\"><div class=\"gb-container-content\" style=\"max-width:700px\">\n<div class=\"wp-block-columns inverse is-layout-flex wp-container-core-columns-is-layout-9d6595d7 wp-block-columns-is-layout-flex\">\n<div class=\"wp-block-column texte_planif is-layout-flow wp-block-column-is-layout-flow\" style=\"flex-basis:58%\">\n<h5 class=\"titre_box\" style=\"padding-top:10px\">PLANL\u00c6G DIN DR\u00d8MMEREJSE TIL <span class=\"titre_box_manuscrit\">andalusien<\/span><\/h5>\n\n\n\n<div class=\"wp-block-genesis-blocks-gb-container gb-block-container\"><div class=\"gb-container-inside\"><div class=\"gb-container-content\">\n<p style=\"font-size:14px\">Alle de oplysninger, du har brug for til din rejse:<\/p>\n<\/div><\/div><\/div>\n\n\n\n<div class=\"wp-block-genesis-blocks-gb-container gb-block-container\"><div class=\"gb-container-inside\"><div class=\"gb-container-content\"><\/div><\/div><\/div>\n\n\n\n<ul class=\"wp-block-list\" style=\"font-size:14px\" id=\"liste_discover\">\n<li>7 kort, der g\u00f8r planl\u00e6gningen lettere<\/li>\n\n\n\n<li>+ 150 p\u00e5 forh\u00e5nd udvalgte steder<\/li>\n\n\n\n<li>Praktiske r\u00e5d<\/li>\n\n\n\n<li>+ 300 fotos til at hj\u00e6lpe dig med at v\u00e6lge<\/li>\n<\/ul>\n\n\n\n<div class=\"wp-block-buttons has-custom-font-size bouton_10 is-content-justification-center is-layout-flex wp-container-core-buttons-is-layout-14c487f4 wp-block-buttons-is-layout-flex\" style=\"font-size:13px\">\n<div class=\"wp-block-button has-custom-font-size\" style=\"font-size:14px\"><a class=\"wp-block-button__link has-white-color has-text-color wp-element-button\" href=\"https:\/\/andalucialovers.com\/da\/ebook-rejseguide-road-trip-andalusien\/\" style=\"border-radius:4px\" target=\"_blank\" rel=\"noreferrer noopener\">Opdag<strong> <\/strong>&gt;&gt;<\/a><\/div>\n<\/div>\n<\/div>\n\n\n\n<div class=\"wp-block-column is-layout-flow wp-block-column-is-layout-flow\" style=\"flex-basis:42%\">\n<div class=\"wp-block-genesis-blocks-gb-container ebook-radius gb-block-container\"><div class=\"gb-container-inside\"><div class=\"gb-container-content\"><div class=\"wp-block-image ebook-image\">\n<figure class=\"aligncenter size-full is-resized\"><img loading=\"lazy\" decoding=\"async\" src=\"https:\/\/andalucialovers.com\/wp-content\/uploads\/2024\/06\/Road-trip-Guide-Andalucia-eBook-cover-1.jpg\" alt=\"Andalusien rejseguide eBook Cover\" class=\"wp-image-317\" style=\"width:203px;height:157px\"\/><\/figure>\n<\/div><\/div><\/div><\/div>\n<\/div>\n<\/div>\n<\/div><\/div><\/div>\n\n<h3 class=\"wp-block-heading\">Bes\u00f8g med b\u00f8rn<\/h3>\n\n<p>Katedralen kan fange b\u00f8rn, hvis man forst\u00e5r at v\u00e6kke deres nysgerrighed. Vi r\u00e5der dig til at f\u00e5 dem til at kigge efter arkitektoniske detaljer p\u00e5 facaden. Indenfor kan de blive imponeret over hv\u00e6lvingernes imponerende h\u00f8jde. Museet tilbyder nogle gange s\u00e6rligt tilpassede undervisningsaktiviteter. Det er dog ikke det mest velegnede sted for b\u00f8rn at bes\u00f8ge.<\/p>\n\n<h3 class=\"wp-block-heading\">\u00c5bningstider og priser<\/h3>\n\n<p><strong>\u00c5bningstider:<\/strong><\/p>\n\n<ul class=\"wp-block-list\">\n<li>Mandag til fredag: 10.00-14.00 og 17.30-19.30<\/li>\n\n\n\n<li>L\u00f8rdag: 10.00-19.30<\/li>\n\n\n\n<li>S\u00f8ndag: 14.00-18.30<\/li>\n<\/ul>\n\n<p><strong>Prisliste:<\/strong><\/p>\n\n<ul class=\"wp-block-list\">\n<li>Almindelig adgang: \u20ac10<\/li>\n\n\n\n<li>Reduceret pris: \u20ac8<\/li>\n<\/ul>\n\n<p>Audioguides er tilg\u00e6ngelige ved indgangen. Vi kan varmt anbefale dem, da de i h\u00f8j grad forbedrer bes\u00f8get med detaljerede forklaringer p\u00e5 arkitektur og historie.  <\/p>\n\n<p>Du kan se de seneste priser p\u00e5 den officielle hjemmeside <a href=\"https:\/\/catedraldejaen.org\/visita-cultural\/\" target=\"_blank\" rel=\"noreferrer noopener nofollow\">her.<\/a><\/p>\n\n<figure class=\"wp-block-image size-large\"><img loading=\"lazy\" decoding=\"async\" src=\"https:\/\/photos.smugmug.com\/Travel\/Andalucia\/5d-Cathedral-Jaen\/i-BKkzf2C\/2\/LWgPn7XK8bRMcXxr2SnnC3RB4bxBqBvZ2wdNwTHpR\/L\/cathedral_Jaen_Andalucia_Spain-4141-L.jpg\" alt=\"Ja&#xE9;n-katedralen - &#xC5;bningstider og priser\"\/><\/figure>\n\n<h3 class=\"wp-block-heading\">Guidede ture<\/h3>\n\n<p>Guidede gruppeture er tilg\u00e6ngelige fredage og l\u00f8rdage kl. 12 og 18. Den guidede tur varer ca. 1,5 time.<\/p>\n\n<h3 class=\"wp-block-heading\">Catering<\/h3>\n\n<p>Omkring Plaza Santa Mar\u00eda er der masser af muligheder for at spise ude. Traditionelle tapasbarer byder p\u00e5 lokale specialiteter som &#8220;pipirrana&#8221; eller &#8220;gachas&#8221;. Hvis du foretr\u00e6kker en picnic, ligger Parque de la Alameda 10 minutters gang v\u00e6k. Vi anbefaler, at du pr\u00f8ver den lokale olivenolie, for Ja\u00e9n er verdens hovedstad for flydende guld!<\/p>\n\n<figure class=\"wp-block-image size-large\"><img loading=\"lazy\" decoding=\"async\" src=\"https:\/\/photos.smugmug.com\/Andalucia-Lovers\/Ronda\/Restaurants\/i-jhJSSrN\/0\/K5CdTf6cbfxbd99TM6P8ckdgmFZJ7Sv8sLrwq2M67\/L\/restaurant-tabanco-los-arcos-ronda-city-1-L.jpg\" alt=\"Ja&#xE9;n-katedralen - restaurering\"\/><\/figure>\n\n<div style=\"background-color:#fefefe;margin-top:6%;margin-bottom:6%\" class=\"wp-block-genesis-blocks-gb-container box gb-block-container\"><div class=\"gb-container-inside\"><div class=\"gb-container-content\" style=\"max-width:700px\">\n<div class=\"wp-block-columns inverse is-layout-flex wp-container-core-columns-is-layout-9d6595d7 wp-block-columns-is-layout-flex\">\n<div class=\"wp-block-column texte_planif is-layout-flow wp-block-column-is-layout-flow\" style=\"flex-basis:58%\">\n<h5 class=\"titre_box\">Modtag vores <span class=\"titre_box_manuscrit\">nyhedsbrev<\/span><\/h5>\n\n\n\n<ul class=\"wp-block-list\">\n<li>Et frisk pust i din hverdag p\u00e5 de smukke destinationer i Region Lovers!<\/li>\n\n\n\n<li>En gang om m\u00e5neden.<\/li>\n\n\n\n<li>Reklamefri<\/li>\n<\/ul>\n\n\n<script>\nvar gform;gform||(document.addEventListener(\"gform_main_scripts_loaded\",function(){gform.scriptsLoaded=!0}),document.addEventListener(\"gform\/theme\/scripts_loaded\",function(){gform.themeScriptsLoaded=!0}),window.addEventListener(\"DOMContentLoaded\",function(){gform.domLoaded=!0}),gform={domLoaded:!1,scriptsLoaded:!1,themeScriptsLoaded:!1,isFormEditor:()=>\"function\"==typeof InitializeEditor,callIfLoaded:function(o){return!(!gform.domLoaded||!gform.scriptsLoaded||!gform.themeScriptsLoaded&&!gform.isFormEditor()||(gform.isFormEditor()&&console.warn(\"The use of gform.initializeOnLoaded() is deprecated in the form editor context and will be removed in Gravity Forms 3.1.\"),o(),0))},initializeOnLoaded:function(o){gform.callIfLoaded(o)||(document.addEventListener(\"gform_main_scripts_loaded\",()=>{gform.scriptsLoaded=!0,gform.callIfLoaded(o)}),document.addEventListener(\"gform\/theme\/scripts_loaded\",()=>{gform.themeScriptsLoaded=!0,gform.callIfLoaded(o)}),window.addEventListener(\"DOMContentLoaded\",()=>{gform.domLoaded=!0,gform.callIfLoaded(o)}))},hooks:{action:{},filter:{}},addAction:function(o,r,e,t){gform.addHook(\"action\",o,r,e,t)},addFilter:function(o,r,e,t){gform.addHook(\"filter\",o,r,e,t)},doAction:function(o){gform.doHook(\"action\",o,arguments)},applyFilters:function(o){return gform.doHook(\"filter\",o,arguments)},removeAction:function(o,r){gform.removeHook(\"action\",o,r)},removeFilter:function(o,r,e){gform.removeHook(\"filter\",o,r,e)},addHook:function(o,r,e,t,n){null==gform.hooks[o][r]&&(gform.hooks[o][r]=[]);var d=gform.hooks[o][r];null==n&&(n=r+\"_\"+d.length),gform.hooks[o][r].push({tag:n,callable:e,priority:t=null==t?10:t})},doHook:function(r,o,e){var t;if(e=Array.prototype.slice.call(e,1),null!=gform.hooks[r][o]&&((o=gform.hooks[r][o]).sort(function(o,r){return o.priority-r.priority}),o.forEach(function(o){\"function\"!=typeof(t=o.callable)&&(t=window[t]),\"action\"==r?t.apply(null,e):e[0]=t.apply(null,e)})),\"filter\"==r)return e[0]},removeHook:function(o,r,t,n){var e;null!=gform.hooks[o][r]&&(e=(e=gform.hooks[o][r]).filter(function(o,r,e){return!!(null!=n&&n!=o.tag||null!=t&&t!=o.priority)}),gform.hooks[o][r]=e)}});\n<\/script>\n\n                <div class='gf_browser_gecko gform_wrapper gform-theme gform-theme--foundation gform-theme--framework gform-theme--orbital waitlist_wrapper' data-form-theme='orbital' data-form-index='0' id='gform_wrapper_2' ><style>#gform_wrapper_2[data-form-index=\"0\"].gform-theme,[data-parent-form=\"2_0\"]{--gf-color-primary: #204ce5;--gf-color-primary-rgb: 32, 76, 229;--gf-color-primary-contrast: #fff;--gf-color-primary-contrast-rgb: 255, 255, 255;--gf-color-primary-darker: #001AB3;--gf-color-primary-lighter: #527EFF;--gf-color-secondary: #fff;--gf-color-secondary-rgb: 255, 255, 255;--gf-color-secondary-contrast: #112337;--gf-color-secondary-contrast-rgb: 17, 35, 55;--gf-color-secondary-darker: #F5F5F5;--gf-color-secondary-lighter: #FFFFFF;--gf-color-out-ctrl-light: rgba(17, 35, 55, 0.1);--gf-color-out-ctrl-light-rgb: 17, 35, 55;--gf-color-out-ctrl-light-darker: rgba(104, 110, 119, 0.35);--gf-color-out-ctrl-light-lighter: #F5F5F5;--gf-color-out-ctrl-dark: #585e6a;--gf-color-out-ctrl-dark-rgb: 88, 94, 106;--gf-color-out-ctrl-dark-darker: #112337;--gf-color-out-ctrl-dark-lighter: rgba(17, 35, 55, 0.65);--gf-color-in-ctrl: #fff;--gf-color-in-ctrl-rgb: 255, 255, 255;--gf-color-in-ctrl-contrast: #112337;--gf-color-in-ctrl-contrast-rgb: 17, 35, 55;--gf-color-in-ctrl-darker: #F5F5F5;--gf-color-in-ctrl-lighter: #FFFFFF;--gf-color-in-ctrl-primary: #204ce5;--gf-color-in-ctrl-primary-rgb: 32, 76, 229;--gf-color-in-ctrl-primary-contrast: #fff;--gf-color-in-ctrl-primary-contrast-rgb: 255, 255, 255;--gf-color-in-ctrl-primary-darker: #001AB3;--gf-color-in-ctrl-primary-lighter: #527EFF;--gf-color-in-ctrl-light: rgba(17, 35, 55, 0.1);--gf-color-in-ctrl-light-rgb: 17, 35, 55;--gf-color-in-ctrl-light-darker: rgba(104, 110, 119, 0.35);--gf-color-in-ctrl-light-lighter: #F5F5F5;--gf-color-in-ctrl-dark: #585e6a;--gf-color-in-ctrl-dark-rgb: 88, 94, 106;--gf-color-in-ctrl-dark-darker: #112337;--gf-color-in-ctrl-dark-lighter: rgba(17, 35, 55, 0.65);--gf-radius: 3px;--gf-font-size-secondary: 14px;--gf-font-size-tertiary: 13px;--gf-icon-ctrl-number: url(\"data:image\/svg+xml,%3Csvg width='8' height='14' viewBox='0 0 8 14' fill='none' xmlns='http:\/\/www.w3.org\/2000\/svg'%3E%3Cpath fill-rule='evenodd' clip-rule='evenodd' d='M4 0C4.26522 5.96046e-08 4.51957 0.105357 4.70711 0.292893L7.70711 3.29289C8.09763 3.68342 8.09763 4.31658 7.70711 4.70711C7.31658 5.09763 6.68342 5.09763 6.29289 4.70711L4 2.41421L1.70711 4.70711C1.31658 5.09763 0.683417 5.09763 0.292893 4.70711C-0.0976311 4.31658 -0.097631 3.68342 0.292893 3.29289L3.29289 0.292893C3.48043 0.105357 3.73478 0 4 0ZM0.292893 9.29289C0.683417 8.90237 1.31658 8.90237 1.70711 9.29289L4 11.5858L6.29289 9.29289C6.68342 8.90237 7.31658 8.90237 7.70711 9.29289C8.09763 9.68342 8.09763 10.3166 7.70711 10.7071L4.70711 13.7071C4.31658 14.0976 3.68342 14.0976 3.29289 13.7071L0.292893 10.7071C-0.0976311 10.3166 -0.0976311 9.68342 0.292893 9.29289Z' fill='rgba(17, 35, 55, 0.65)'\/%3E%3C\/svg%3E\");--gf-icon-ctrl-select: url(\"data:image\/svg+xml,%3Csvg width='10' height='6' viewBox='0 0 10 6' fill='none' xmlns='http:\/\/www.w3.org\/2000\/svg'%3E%3Cpath fill-rule='evenodd' clip-rule='evenodd' d='M0.292893 0.292893C0.683417 -0.097631 1.31658 -0.097631 1.70711 0.292893L5 3.58579L8.29289 0.292893C8.68342 -0.0976311 9.31658 -0.0976311 9.70711 0.292893C10.0976 0.683417 10.0976 1.31658 9.70711 1.70711L5.70711 5.70711C5.31658 6.09763 4.68342 6.09763 4.29289 5.70711L0.292893 1.70711C-0.0976311 1.31658 -0.0976311 0.683418 0.292893 0.292893Z' fill='rgba(17, 35, 55, 0.65)'\/%3E%3C\/svg%3E\");--gf-icon-ctrl-search: url(\"data:image\/svg+xml,%3Csvg width='640' height='640' xmlns='http:\/\/www.w3.org\/2000\/svg'%3E%3Cpath d='M256 128c-70.692 0-128 57.308-128 128 0 70.691 57.308 128 128 128 70.691 0 128-57.309 128-128 0-70.692-57.309-128-128-128zM64 256c0-106.039 85.961-192 192-192s192 85.961 192 192c0 41.466-13.146 79.863-35.498 111.248l154.125 154.125c12.496 12.496 12.496 32.758 0 45.254s-32.758 12.496-45.254 0L367.248 412.502C335.862 434.854 297.467 448 256 448c-106.039 0-192-85.962-192-192z' fill='rgba(17, 35, 55, 0.65)'\/%3E%3C\/svg%3E\");--gf-label-space-y-secondary: var(--gf-label-space-y-md-secondary);--gf-ctrl-border-color: #686e77;--gf-ctrl-size: var(--gf-ctrl-size-md);--gf-ctrl-label-color-primary: #112337;--gf-ctrl-label-color-secondary: #112337;--gf-ctrl-choice-size: var(--gf-ctrl-choice-size-md);--gf-ctrl-checkbox-check-size: var(--gf-ctrl-checkbox-check-size-md);--gf-ctrl-radio-check-size: var(--gf-ctrl-radio-check-size-md);--gf-ctrl-btn-font-size: var(--gf-ctrl-btn-font-size-md);--gf-ctrl-btn-padding-x: var(--gf-ctrl-btn-padding-x-md);--gf-ctrl-btn-size: var(--gf-ctrl-btn-size-md);--gf-ctrl-btn-border-color-secondary: #686e77;--gf-ctrl-file-btn-bg-color-hover: #EBEBEB;--gf-field-img-choice-size: var(--gf-field-img-choice-size-md);--gf-field-img-choice-card-space: var(--gf-field-img-choice-card-space-md);--gf-field-img-choice-check-ind-size: var(--gf-field-img-choice-check-ind-size-md);--gf-field-img-choice-check-ind-icon-size: var(--gf-field-img-choice-check-ind-icon-size-md);--gf-field-pg-steps-number-color: rgba(17, 35, 55, 0.8);}<\/style>\n                        <div class='gform_heading'>\n                            <p class='gform_description'><\/p>\n                        <\/div><form method='post' enctype='multipart\/form-data'  id='gform_2' class='waitlist' action='\/da\/wp-json\/wp\/v2\/posts\/5407' data-formid='2' novalidate>\n                        <div class='gform-body gform_body'><div id='gform_fields_2' class='gform_fields top_label form_sublabel_below description_below validation_below'><div id=\"field_2_1\" class=\"gfield gfield--type-email gfield--input-type-email gfield_contains_required field_sublabel_below gfield--no-description field_description_below hidden_label field_validation_below gfield_visibility_visible\"  ><label class='gfield_label gform-field-label' for='input_2_1'>E-mail<span class=\"gfield_required\"><span class=\"gfield_required gfield_required_text\">(P\u00e5kr\u00e6vet)<\/span><\/span><\/label><div class='ginput_container ginput_container_email'>\n                            <input name='input_1' id='input_2_1' type='email' value='' class='large'    aria-required=\"true\" aria-invalid=\"false\"  \/>\n                        <\/div><\/div><fieldset id=\"field_2_3\" class=\"gfield gfield--type-consent gfield--type-choice gfield--input-type-consent gfield--width-full gfield_contains_required field_sublabel_below gfield--no-description field_description_below hidden_label field_validation_below gfield_visibility_visible\"  ><legend class='gfield_label gform-field-label gfield_label_before_complex' >RGPD<span class=\"gfield_required\"><span class=\"gfield_required gfield_required_text\">(P\u00e5kr\u00e6vet)<\/span><\/span><\/legend><div class='ginput_container ginput_container_consent'><input name='input_3.1' id='input_2_3_1' type='checkbox' value='1'   aria-required=\"true\" aria-invalid=\"false\"   \/> <label class=\"gform-field-label gform-field-label--type-inline gfield_consent_label\" for='input_2_3_1' >Ja, jeg vil gerne abonnere p\u00e5 det m\u00e5nedlige nyhedsbrev<span class=\"gfield_required gfield_required_text\">(P\u00e5kr\u00e6vet)<\/span><\/label><input type='hidden' name='input_3.2' value='Ja, jeg vil gerne abonnere p\u00e5 det m\u00e5nedlige nyhedsbrev' class='gform_hidden' \/><input type='hidden' name='input_3.3' value='1' class='gform_hidden' \/><\/div><\/fieldset><div id=\"field_2_4\" class=\"gfield gfield--type-website gfield--input-type-website gfield--width-full field_sublabel_below gfield--no-description field_description_below field_validation_below gfield_visibility_hidden\"  ><div class=\"admin-hidden-markup\"><i class=\"gform-icon gform-icon--hidden\" aria-hidden=\"true\" title=\"Dette felt er skjult, n\u00e5r du f\u00e5r vist formularen\"><\/i><span>Dette felt er skjult, n\u00e5r du f\u00e5r vist formularen<\/span><\/div><label class='gfield_label gform-field-label' for='input_2_4'>Site Web<\/label><div class='ginput_container ginput_container_website'>\n                    <input name='input_4' id='input_2_4' type='url' value='https:\/\/andalucialovers.com\/da\/wp-json\/wp\/v2\/posts\/5407' class='large'    placeholder='https:\/\/'  aria-invalid=\"false\" \/>\n                <\/div><\/div><\/div><\/div>\n        <div class='gform-footer gform_footer top_label'> <input type='submit' id='gform_submit_button_2' class='gform_button button' onclick='gform.submission.handleButtonClick(this);' data-submission-type='submit' value='Tilmeld'  \/> \n            <input type='hidden' class='gform_hidden' name='gform_submission_method' data-js='gform_submission_method_2' value='postback' \/>\n            <input type='hidden' class='gform_hidden' name='gform_theme' data-js='gform_theme_2' id='gform_theme_2' value='orbital' \/>\n            <input type='hidden' class='gform_hidden' name='gform_style_settings' data-js='gform_style_settings_2' id='gform_style_settings_2' value='{&quot;inputPrimaryColor&quot;:&quot;#204ce5&quot;}' \/>\n            <input type='hidden' class='gform_hidden' name='is_submit_2' value='1' \/>\n            <input type='hidden' class='gform_hidden' name='gform_submit' value='2' \/>\n            \n            <input type='hidden' class='gform_hidden' name='gform_currency' data-currency='EUR' value='NMNrwkDnsVbFLWyJj0\/0EMlo6afVA5kvdjQqs1ZaJkSHaaW\/u8+VK+zxYhdL61zq\/121e7ipYfOQfqsca2WVKcC7fmr8Vrc5mJQCmz5SthE9yVI=' \/>\n            <input type='hidden' class='gform_hidden' name='gform_unique_id' value='' \/>\n            <input type='hidden' class='gform_hidden' name='state_2' value='WyJ7XCIzLjFcIjpcImFiMWYyZTEyMGRiNDNhMTEzMGI1YWIyYTNiZGQ5Mjg5XCIsXCIzLjJcIjpcImMyMjZiNTU1NDBmNGUwMzMyYzBiMmY3ZTYxNTEzNjk1XCIsXCIzLjNcIjpcImFiMWYyZTEyMGRiNDNhMTEzMGI1YWIyYTNiZGQ5Mjg5XCJ9IiwiZjBhNzVjMWRlNTQ0YmQzMjczZDBhMzgxZDExYjdiYmYiXQ==' \/>\n            <input type='hidden' autocomplete='off' class='gform_hidden' name='gform_target_page_number_2' id='gform_target_page_number_2' value='0' \/>\n            <input type='hidden' autocomplete='off' class='gform_hidden' name='gform_source_page_number_2' id='gform_source_page_number_2' value='1' \/>\n            <input type='hidden' name='gform_field_values' value='' \/>\n            \n        <\/div>\n                        <\/form>\n                        <\/div><script>\ngform.initializeOnLoaded( function() {gformInitSpinner( 2, 'https:\/\/andalucialovers.com\/wp-content\/plugins\/gravityforms\/images\/spinner.svg', false );jQuery('#gform_ajax_frame_2').on('load',function(){var contents = jQuery(this).contents().find('*').html();var is_postback = contents.indexOf('GF_AJAX_POSTBACK') >= 0;if(!is_postback){return;}var form_content = jQuery(this).contents().find('#gform_wrapper_2');var is_confirmation = jQuery(this).contents().find('#gform_confirmation_wrapper_2').length > 0;var is_redirect = contents.indexOf('gformRedirect(){') >= 0;var is_form = form_content.length > 0 && ! is_redirect && ! is_confirmation;var mt = parseInt(jQuery('html').css('margin-top'), 10) + parseInt(jQuery('body').css('margin-top'), 10) + 100;if(is_form){jQuery('#gform_wrapper_2').html(form_content.html());if(form_content.hasClass('gform_validation_error')){jQuery('#gform_wrapper_2').addClass('gform_validation_error');} else {jQuery('#gform_wrapper_2').removeClass('gform_validation_error');}setTimeout( function() { \/* delay the scroll by 50 milliseconds to fix a bug in chrome *\/  }, 50 );if(window['gformInitDatepicker']) {gformInitDatepicker();}if(window['gformInitPriceFields']) {gformInitPriceFields();}var current_page = jQuery('#gform_source_page_number_2').val();gformInitSpinner( 2, 'https:\/\/andalucialovers.com\/wp-content\/plugins\/gravityforms\/images\/spinner.svg', false );jQuery(document).trigger('gform_page_loaded', [2, current_page]);window['gf_submitting_2'] = false;}else if(!is_redirect){var confirmation_content = jQuery(this).contents().find('.GF_AJAX_POSTBACK').html();if(!confirmation_content){confirmation_content = contents;}jQuery('#gform_wrapper_2').replaceWith(confirmation_content);jQuery(document).trigger('gform_confirmation_loaded', [2]);window['gf_submitting_2'] = false;wp.a11y.speak(jQuery('#gform_confirmation_message_2').text());}else{jQuery('#gform_2').append(contents);if(window['gformRedirect']) {gformRedirect();}}jQuery(document).trigger(\"gform_pre_post_render\", [{ formId: \"2\", currentPage: \"current_page\", abort: function() { this.preventDefault(); } }]);        if (event && event.defaultPrevented) {                return;        }        const gformWrapperDiv = document.getElementById( \"gform_wrapper_2\" );        if ( gformWrapperDiv ) {            const visibilitySpan = document.createElement( \"span\" );            visibilitySpan.id = \"gform_visibility_test_2\";            gformWrapperDiv.insertAdjacentElement( \"afterend\", visibilitySpan );        }        const visibilityTestDiv = document.getElementById( \"gform_visibility_test_2\" );        let postRenderFired = false;        function triggerPostRender() {            if ( postRenderFired ) {                return;            }            postRenderFired = true;            gform.core.triggerPostRenderEvents( 2, current_page );            if ( visibilityTestDiv ) {                visibilityTestDiv.parentNode.removeChild( visibilityTestDiv );            }        }        function debounce( func, wait, immediate ) {            var timeout;            return function() {                var context = this, args = arguments;                var later = function() {                    timeout = null;                    if ( !immediate ) func.apply( context, args );                };                var callNow = immediate && !timeout;                clearTimeout( timeout );                timeout = setTimeout( later, wait );                if ( callNow ) func.apply( context, args );            };        }        const debouncedTriggerPostRender = debounce( function() {            triggerPostRender();        }, 200 );        if ( visibilityTestDiv && visibilityTestDiv.offsetParent === null ) {            const observer = new MutationObserver( ( mutations ) => {                mutations.forEach( ( mutation ) => {                    if ( mutation.type === 'attributes' && visibilityTestDiv.offsetParent !== null ) {                        debouncedTriggerPostRender();                        observer.disconnect();                    }                });            });            observer.observe( document.body, {                attributes: true,                childList: false,                subtree: true,                attributeFilter: [ 'style', 'class' ],            });        } else {            triggerPostRender();        }    } );} );\n<\/script>\n<\/div>\n\n\n\n<div class=\"wp-block-column is-layout-flow wp-block-column-is-layout-flow\" style=\"flex-basis:42%\">\n<div class=\"wp-block-genesis-blocks-gb-container aligncenter newsletter-radius gb-block-container\"><div class=\"gb-container-inside\"><div class=\"gb-container-content\"><div class=\"wp-block-image newsletter-image\">\n<figure class=\"aligncenter size-full\"><img width=\"729\" height=\"792\" loading=\"lazy\" decoding=\"async\" src=\"https:\/\/andalucialovers.com\/wp-content\/uploads\/2024\/05\/newsletter_FR_2.webp\" alt=\"nyhedsbrev_EN_2\" class=\"wp-image-372\" srcset=\"https:\/\/andalucialovers.com\/wp-content\/uploads\/2024\/05\/newsletter_FR_2.webp 729w, https:\/\/andalucialovers.com\/wp-content\/uploads\/2024\/05\/newsletter_FR_2-276x300.webp 276w\" sizes=\"auto, (max-width: 729px) 100vw, 729px\" \/><\/figure>\n<\/div><\/div><\/div><\/div>\n<\/div>\n<\/div>\n<\/div><\/div><\/div>\n\n<h2 class=\"wp-block-heading\">Forst\u00e5else af katedralens historie og arkitektur<\/h2>\n\n<h3 class=\"wp-block-heading\">Beundr den majest\u00e6tiske barok- og ren\u00e6ssancefacade<\/h3>\n\n<p>S\u00e5 snart vi kiggede op p\u00e5 Ja\u00e9n-katedralens hovedfacade, blev vi imponeret over dens st\u00f8rrelse og rige udsmykning. Den blev tegnet i det 16. \u00e5rhundrede af den store arkitekt Andr\u00e9s de Vandelvira og betragtes som en af juvelerne i den spanske ren\u00e6ssance.<\/p>\n\n<figure class=\"wp-block-image size-large\"><img loading=\"lazy\" decoding=\"async\" src=\"https:\/\/photos.smugmug.com\/Travel\/Andalucia\/5d-Cathedral-Jaen\/i-kbprFBm\/2\/KNPXCP9XBjZ7Hs39Tt67HFWJQgwFX43sQ4fPvjNRN\/L\/cathedral_Jaen_Andalucia_Spain-4129-L.jpg\" alt=\"\"\/><\/figure>\n\n<p>Dens symmetriske opbygning, dobbelte s\u00f8jler og nicher med religi\u00f8se statuer f\u00e5r den til at ligne en \u00e6gte altertavle i sten. Jo t\u00e6ttere man kommer p\u00e5, jo flere detaljer bliver tydelige: bibelske relieffer, helgenstatuer, skulpturelle frontoner, der afspejler troens kraft og magten i Ja\u00e9n i den moderne tid. Denne facade tjente som model for mange kirker, der blev bygget senere i Spanien og Latinamerika, hvilket er et bevis p\u00e5 dens kunstneriske indflydelse. Da vi betragtede den, m\u00e6rkede vi ambitionen fra en by, der ville h\u00e6vde sin storhed gennem arkitektur.<\/p>\n\n<figure class=\"wp-block-image size-large\"><img loading=\"lazy\" decoding=\"async\" src=\"https:\/\/photos.smugmug.com\/Travel\/Andalucia\/5d-Cathedral-Jaen\/i-WS6GdmX\/2\/NRQqB74mjxwKpj37rzRpxzqQppQbpwFLWsNn7s8xP\/L\/cathedral_Jaen_Andalucia_Spain-4134-L.jpg\" alt=\"Ja&#xE9;n-katedralen - En monumental ren&#xE6;ssance-barok-facade\"\/><\/figure>\n\n<h3 class=\"wp-block-heading\">En katedral p\u00e5 UNESCO&#8217;s verdensarvsliste<\/h3>\n\n<p>Ja\u00e9n-katedralen er ikke bare et lokalt monument, det er en bygning af verdensomsp\u00e6ndende betydning. Siden 2012 har den st\u00e5et p\u00e5 UNESCOs verdensarvsliste som en af &#8220;Andalusiens ren\u00e6ssancekatedraler&#8221;. Denne klassifikation anerkender dens rolle som modelbygning, der p\u00e5virkede opf\u00f8relsen af mange katedraler i den nye verden, is\u00e6r i Mexico og Peru. Derfor er den med i vores udvalg af de <a href=\"https:\/\/andalucialovers.com\/da\/katedraler-andalusien\/\" target=\"_blank\" rel=\"noreferrer noopener\">smukkeste katedraler i Andalusien<\/a>.<\/p>\n\n<figure class=\"wp-block-image size-large\"><img loading=\"lazy\" decoding=\"async\" src=\"https:\/\/photos.smugmug.com\/Travel\/Andalucia\/5d-Cathedral-Jaen\/i-pxknsGc\/2\/LCN9gSSWTTC7tbwBxsxtVhknfCfvnWV47FvHT5FRb\/L\/cathedral_Jaen_Andalucia_Spain-4151-L.jpg\" alt=\"\"\/><\/figure>\n\n<p>N\u00e5r du bes\u00f8ger den, r\u00f8rer du ved en arv, der str\u00e6kker sig langt ud over Spaniens gr\u00e6nser. Vi var s\u00e6rligt opm\u00e6rksomme p\u00e5 denne dimension: At g\u00e5 ind i Ja\u00e9n-katedralen er at forst\u00e5, hvordan en andalusisk by har sat sit pr\u00e6g p\u00e5 verdens arkitekturhistorie. Stedet rummer en dobbelt arv: den spanske ren\u00e6ssance og et Spanien, som gennem sine kolonister og mission\u00e6rer eksporterede sin kunst og tro til den anden side af Atlanten.<\/p>\n\n<figure class=\"wp-block-image size-large\"><img loading=\"lazy\" decoding=\"async\" src=\"https:\/\/photos.smugmug.com\/Travel\/Andalucia\/5d-Cathedral-Jaen\/i-B7XBZZS\/2\/LRXC5s6583jjVmkK8VKtbnkRFm4ZtG5zsz3XMxHG5\/L\/cathedral_Jaen_Andalucia_Spain-4158-L.jpg\" alt=\"Ja&#xE9;n-katedralen - en katedral p&#xE5; verdensarvslisten\"\/><\/figure>\n\n<h2 class=\"wp-block-heading\">Udforsk katedralens storsl\u00e5ede indre<\/h2>\n\n<h3 class=\"wp-block-heading\">Skibet og dets imponerende vertikalitet<\/h3>\n\n<p>Da vi tr\u00e5dte ind gennem porten, blev vi straks sl\u00e5et af dens enorme st\u00f8rrelse og dens mange detaljer. I mods\u00e6tning til andre m\u00f8rkere katedraler overrasker denne med sin perfekte balance mellem monumentalitet og lys. Det ren\u00e6ssanceinspirerede tredobbelte skib b\u00e6res af kraftige s\u00f8jler, der understreger hv\u00e6lvingernes imponerende h\u00f8jde.<\/p>\n<div class=\"wp-block-image\">\n<figure class=\"aligncenter size-large\"><img loading=\"lazy\" decoding=\"async\" src=\"https:\/\/photos.smugmug.com\/Travel\/Andalucia\/5d-Cathedral-Jaen\/i-QS64M5g\/2\/LHrXtTrHbXrwj6fkMJ42J6czf9V7ghNSK6bxJCWBz\/L\/cathedral_Jaen_Andalucia_Spain-4143-L.jpg\" alt=\"\"\/><\/figure>\n<\/div>\n<p>Vi anbefaler, at du kigger op for at beundre kuplen og buerne, som naturligt leder dit blik mod himlen. De lyse sten fremh\u00e6ver denne f\u00f8lelse af lethed og harmoni p\u00e5 trods af bygningens massive st\u00f8rrelse. Vi havde en fornemmelse af, at vi befandt os i et rum, der var designet til at forst\u00f8rre det guddommelige lys, en spirituel ramme, der indbyder til b\u00e5de kontemplation og undren.<\/p>\n\n<figure class=\"wp-block-image size-large\"><img loading=\"lazy\" decoding=\"async\" src=\"https:\/\/photos.smugmug.com\/Travel\/Andalucia\/5d-Cathedral-Jaen\/i-bNG2jvJ\/2\/LVtnx6NN2cx3VdGNfvGTp2L7DFzBTXScRZjVtbjN8\/L\/cathedral_Jaen_Andalucia_Spain-4145-L.jpg\" alt=\"Ja&#xE9;n-katedralen - Skibet og dets lysende uendelighed\"\/><\/figure>\n\n<h3 class=\"wp-block-heading\">Koret og de udsk\u00e5rne valn\u00f8ddeboder<\/h3>\n\n<p>N\u00e5r du bev\u00e6ger dig ind mod midten, vil koret hurtigt fange dit blik. Den har en storsl\u00e5et valn\u00f8ddebod udsk\u00e5ret i det 16. \u00e5rhundrede, som anses for at v\u00e6re en af de smukkeste i Andalusien! Hvert s\u00e6de er dekoreret med fint forarbejdede motiver, der forestiller bibelske scener og religi\u00f8se figurer.<\/p>\n\n<figure class=\"wp-block-image size-large\"><img loading=\"lazy\" decoding=\"async\" src=\"https:\/\/photos.smugmug.com\/Travel\/Andalucia\/5d-Cathedral-Jaen\/i-tWFMFgX\/2\/MmCHTmkPrpQMp5R3Z7gqZ4FtZ3589Tw5N7mP8d8gH\/L\/cathedral_Jaen_Andalucia_Spain-4168-L.jpg\" alt=\"\"\/><\/figure>\n\n<p>Vi var imponerede over pr\u00e6cisionen og rigdommen i disse detaljer, som vidner om datidens h\u00e5ndv\u00e6rkeres enest\u00e5ende dygtighed. Det er b\u00e5de funktionelt og kunstnerisk, designet til at rumme domkapitlet, men ogs\u00e5 til at imponere de troende. Tag dig tid til at betragte tr\u00e6v\u00e6rket fra forskellige vinkler: Det fort\u00e6ller den hellige historie, samtidig med at det afspejler katedralens kraft og raffinement.<\/p>\n\n<figure class=\"wp-block-image size-large\"><img loading=\"lazy\" decoding=\"async\" src=\"https:\/\/photos.smugmug.com\/Travel\/Andalucia\/5d-Cathedral-Jaen\/i-X87cw6C\/2\/NJcv5jgwTCRmq2SKMkC5ZZrHNJgndtCcDM7JCd8cM\/L\/cathedral_Jaen_Andalucia_Spain-4148-L.jpg\" alt=\"Ja&#xE9;n-katedralen - Koret og valn&#xF8;ddeboderne\"\/><\/figure>\n\n<h2 class=\"wp-block-heading\">Opdag katedralens skjulte skatte<\/h2>\n\n<h3 class=\"wp-block-heading\">Sakristiet og kapitelhuset, fortrolige omgivelser<\/h3>\n\n<p>Hvis du n\u00f8d harmonien i skibet, vil du blive forbl\u00f8ffet over sakristiet og kapitelsalen, som ogs\u00e5 er designet af Andr\u00e9s de Vandelvira. Disse omr\u00e5der, som ofte er mindre bes\u00f8gte, er ikke desto mindre blandt katedralens juveler. Is\u00e6r sakristiet er et mesterv\u00e6rk fra den spanske ren\u00e6ssance: De perfekte proportioner, de elegante hv\u00e6lvinger og den lyse atmosf\u00e6re skaber en behagelig balance. Kapitelhuset blev i mellemtiden brugt som m\u00f8dested for domkapitlet og har bevaret en h\u00f8jtidelig strenghed, der st\u00e5r i kontrast til facadens dekorative rigdom.<\/p>\n\n<figure class=\"wp-block-image size-large\"><img loading=\"lazy\" decoding=\"async\" src=\"https:\/\/photos.smugmug.com\/Travel\/Andalucia\/5d-Cathedral-Jaen\/i-fJMvB4V\/2\/MZf7WRH6fWkLKrvLW5XQH6Dwsg354p3SFv2t48ShS\/L\/cathedral_Jaen_Andalucia_Spain-4167-L.jpg\" alt=\"Ja&#xE9;n-katedralen - Sakristiet og kapitelhuset\"\/><\/figure>\n\n<h3 class=\"wp-block-heading\">Katedralmuseet og det bem\u00e6rkelsesv\u00e6rdige orgel<\/h3>\n\n<p>N\u00e5r du g\u00e5r rundt i katedralen, er der is\u00e6r to ting, der er v\u00e6rd at bem\u00e6rke: det monumentale orgel og museet.  <\/p>\n\n<p>Orglet er et af de mest imponerende i Spanien. Med sine rigt udsk\u00e5rne sk\u00e6nke og mange piber fangede den vores opm\u00e6rksomhed fra galleriet. Vi syntes, det var fascinerende at forestille os, hvordan dens kraftfulde lyd fyldte skibet under store festligheder. Selv n\u00e5r den er tavs, bidrager den til bygningens storsl\u00e5ede atmosf\u00e6re.<\/p>\n\n<figure class=\"wp-block-image size-large\"><img loading=\"lazy\" decoding=\"async\" src=\"https:\/\/photos.smugmug.com\/Travel\/Andalucia\/5d-Cathedral-Jaen\/i-wNjBzxg\/2\/M8FxF4nwCThnmzsnKq5Dp3gvM7LZhQCdwH5FNqH2P\/L\/cathedral_Jaen_Andalucia_Spain-4150-L.jpg\" alt=\"Ja&#xE9;n-katedralen - Katedralmuseet\"\/><\/figure>\n\n<p>Museet, der ligger i lokalerne ved siden af katedralen, samler en v\u00e6rdifuld arv, der er knyttet til Ja\u00e9ns religi\u00f8se og kunstneriske historie. Her kan du beundre malerier, skulpturer og frem for alt helligt s\u00f8lvt\u00f8j, der vidner om den centrale rolle, som bisped\u00f8mmet har spillet gennem \u00e5rhundreder. Disse samlinger giver en bedre forst\u00e5else af katedralens plads i Andalusiens religi\u00f8se og kulturelle historie.<\/p>\n\n<figure class=\"wp-block-image size-large\"><img loading=\"lazy\" decoding=\"async\" src=\"https:\/\/photos.smugmug.com\/Travel\/Andalucia\/5d-Cathedral-Jaen\/i-BDGWLzf\/2\/Lf3W28Dn9cSFQRfRqXKM8TGW6KDZvSgfKV2cPMxB8\/L\/cathedral_Jaen_Andalucia_Spain-4154-L.jpg\" alt=\"\"\/><\/figure>\n\n<div style=\"margin-top:8%;margin-bottom:8%\" class=\"wp-block-genesis-blocks-gb-container box gb-block-container\"><div class=\"gb-container-inside\"><div class=\"gb-container-content\" style=\"max-width:700px\">\n<div class=\"wp-block-genesis-blocks-gb-container box_titre gb-block-container\"><div class=\"gb-container-inside\"><div class=\"gb-container-content\">\n<h5 class=\"titre_box\"><span>PLANL\u00c6G DIN REJSE TIL <\/span><span class=\"titre_box_manuscrit\">Andalusien<\/span><\/h5>\n<\/div><\/div><\/div>\n\n\n\n<hr class=\"wp-block-separator has-text-color has-alpha-channel-opacity has-background is-style-wide hr-box-planif\" style=\"background-color:#ccd3dd;color:#ccd3dd\"\/>\n\n\n\n<div class=\"wp-block-genesis-blocks-gb-container gb-block-container\"><div class=\"gb-container-inside\"><div class=\"gb-container-content\">\n<div class=\"wp-block-columns box_sans_border is-layout-flex wp-container-core-columns-is-layout-9d6595d7 wp-block-columns-is-layout-flex\">\n<div class=\"wp-block-column texte_planif is-layout-flow wp-block-column-is-layout-flow\" style=\"flex-basis:60%\">\n<p class=\"soustitre_planif\"><strong>Inspiration<\/strong><\/p>\n\n\n\n<ul class=\"wp-block-list\">\n<li style=\"font-size:14px\"><a href=\"https:\/\/andalucialovers.com\/da\/sevaerdigheder-andalusien\/\" target=\"_blank\" rel=\"noreferrer noopener\">Hvad skal man lave i Andalusien?<\/a><\/li>\n\n\n\n<li style=\"font-size:14px\"><a href=\"https:\/\/andalucialovers.com\/da\/bedste-byer-andalusien\/\" target=\"_blank\" rel=\"noreferrer noopener\">De smukkeste byer<\/a><\/li>\n\n\n\n<li style=\"font-size:14px\"><a href=\"https:\/\/andalucialovers.com\/da\/bedste-strande-andalusien-liste\/\" target=\"_blank\" rel=\"noreferrer noopener\">De smukkeste strande<\/a><\/li>\n\n\n\n<li style=\"font-size:14px\"><a href=\"https:\/\/andalucialovers.com\/da\/bedste-hvide-landsbyer-andalusien\/\" target=\"_blank\" rel=\"noreferrer noopener\">De smukkeste hvide landsbyer<\/a><\/li>\n\n\n\n<li style=\"font-size:14px\"><a href=\"https:\/\/andalucialovers.com\/da\/katedraler-andalusien\/\" target=\"_blank\" rel=\"noreferrer noopener\">Katedralerne<\/a><\/li>\n\n\n\n<li style=\"font-size:14px\"><a href=\"https:\/\/andalucialovers.com\/da\/steder-arkaeologiske-andalusien-ruiner\/\" target=\"_blank\" rel=\"noreferrer noopener\">Ark\u00e6ologiske steder<\/a><\/li>\n\n\n\n<li style=\"font-size:14px\"><a data-type=\"post\" data-id=\"2221\" href=\"https:\/\/andalucialovers.com\/da\/cordoba-eller-sevilla-eller-granada\/\" target=\"_blank\" rel=\"noreferrer noopener\">Sevilla, Cordoba eller Granada?<\/a><\/li>\n\n\n\n<li style=\"font-size:14px\"><a href=\"https:\/\/andalucialovers.com\/da\/bedste-museer-andalusien\/\" target=\"_blank\" rel=\"noreferrer noopener\">De bedste museer<\/a><\/li>\n\n\n\n<li style=\"font-size:14px\"><a href=\"https:\/\/andalucialovers.com\/da\/bedste-slotte-paladser-andalusien\/\" target=\"_blank\" rel=\"noreferrer noopener\">Slotte og paladser<\/a><\/li>\n\n\n\n<li style=\"font-size:14px\"><a href=\"https:\/\/andalucialovers.com\/da\/hemmelige-steder-andalusien-skjulte-perler\/\" target=\"_blank\" rel=\"noreferrer noopener\">Hemmelige steder<\/a><\/li>\n<\/ul>\n<\/div>\n\n\n\n<div class=\"wp-block-column is-vertically-aligned-top planif-radius is-layout-flow wp-block-column-is-layout-flow\" style=\"flex-basis:40%\">\n<figure class=\"wp-block-image size-large img-portrait\"><img loading=\"lazy\" decoding=\"async\" src=\"https:\/\/photos.smugmug.com\/Travel\/Andalucia\/6b-Zuheros\/i-VRKFTdz\/1\/CNkgtxtms75zqS5pTQbm8FKsGCDk3kHvJFzJqmP2z\/S\/Zuheros_Andalucia_Spain-4306-S.jpg\" alt=\"Zuheros\" title=\"\"\/><\/figure>\n<\/div>\n<\/div>\n\n\n\n<hr class=\"wp-block-separator has-text-color has-alpha-channel-opacity has-background is-style-wide hr-box-planif\" style=\"background-color:#ccd3dd;color:#ccd3dd\"\/>\n\n\n\n<div class=\"wp-block-columns box_sans_border is-layout-flex wp-container-core-columns-is-layout-9d6595d7 wp-block-columns-is-layout-flex\">\n<div class=\"wp-block-column texte_planif is-layout-flow wp-block-column-is-layout-flow\" style=\"flex-basis:60%\">\n<p class=\"soustitre_planif\"><strong>\u00d8velse<\/strong><\/p>\n\n\n\n<ul class=\"wp-block-list\">\n<li style=\"font-size:14px\"><a href=\"https:\/\/andalucialovers.com\/da\/hvor-skal-bo-andalusien-bedste-omrader\/\" data-type=\"post\" data-id=\"2632\" target=\"_blank\" rel=\"noreferrer noopener\">Hvor skal man bo i Andalusien?<\/a><\/li>\n\n\n\n<li style=\"font-size:14px\"><a href=\"https:\/\/andalucialovers.com\/da\/bedste-5-stjernede-hoteller-andalusien-luksus-anmeldelser\/\" type=\"post\" id=\"6105\" target=\"_blank\" rel=\"noreferrer noopener\">De bedste luksushoteller i Andalusien<\/a><\/li>\n\n\n\n<li style=\"font-size:14px\"><a href=\"https:\/\/andalucialovers.com\/da\/bedste-restaurant-andalusien-spise-anmeldelser\/\" target=\"_blank\" rel=\"noreferrer noopener\">De bedste restauranter<\/a><\/li>\n\n\n\n<li style=\"font-size:14px\"><a data-type=\"post\" data-id=\"3712\" href=\"https:\/\/andalucialovers.com\/da\/sadan-lejer-bil-andalusien-tips-erfaring\/\" target=\"_blank\" rel=\"noreferrer noopener\">Lej en bil i Andalusien<\/a><\/li>\n\n\n\n<li style=\"font-size:14px\"><a href=\"https:\/\/andalucialovers.com\/da\/korsel-andalusien-tips\/\" target=\"_blank\" rel=\"noreferrer noopener\">K\u00f8rsel i Andalusien<\/a><\/li>\n<\/ul>\n<\/div>\n\n\n\n<div class=\"wp-block-column is-vertically-aligned-top planif-radius is-layout-flow wp-block-column-is-layout-flow\" style=\"flex-basis:40%\">\n<figure class=\"wp-block-image size-large img-portrait\"><img loading=\"lazy\" decoding=\"async\" src=\"https:\/\/photos.smugmug.com\/Travel\/Andalucia\/Accommodations\/i-QBDJnG7\/1\/4ZLWzw32dnhwGLrbmXL5HqSdBXzWBRMQhfVrcKD4\/S\/accommodation_Tarifa_Andalucia_Spain-2764-S.jpg\" alt=\"Hotel i Tarifa\" title=\"\"\/><\/figure>\n<\/div>\n<\/div>\n\n\n\n<hr class=\"wp-block-separator has-text-color has-alpha-channel-opacity has-background is-style-wide hr-box-planif\" style=\"background-color:#ccd3dd;color:#ccd3dd\"\/>\n\n\n\n<div class=\"wp-block-columns box_sans_border is-layout-flex wp-container-core-columns-is-layout-9d6595d7 wp-block-columns-is-layout-flex\">\n<div class=\"wp-block-column texte_planif is-layout-flow wp-block-column-is-layout-flow\" style=\"flex-basis:60%\">\n<p class=\"soustitre_planif\"><strong>Steder, du ikke m\u00e5 g\u00e5 glip af<\/strong><\/p>\n\n\n\n<ul class=\"wp-block-list\">\n<li style=\"font-size:14px\"><a href=\"https:\/\/andalucialovers.com\/da\/sevaerdigheder-sevilla-besog\/\" target=\"_blank\" rel=\"noreferrer noopener\">Sevilla<\/a><\/li>\n\n\n\n<li style=\"font-size:14px\"><a data-type=\"post\" data-id=\"2328\" href=\"https:\/\/andalucialovers.com\/da\/sevaerdigheder-cordoba-besog\/\" target=\"_blank\" rel=\"noreferrer noopener\">Cordoba<\/a><\/li>\n\n\n\n<li style=\"font-size:14px\"><a href=\"https:\/\/andalucialovers.com\/da\/sevaerdigheder-granada-besog\/\" target=\"_blank\" rel=\"noreferrer noopener\">Grenada<\/a><\/li>\n\n\n\n<li style=\"font-size:14px\"><a href=\"https:\/\/andalucialovers.com\/da\/sevaerdigheder-ronda\/\" target=\"_blank\" rel=\"noreferrer noopener\">Ronda<\/a><\/li>\n\n\n\n<li style=\"font-size:14px\"><a href=\"https:\/\/andalucialovers.com\/da\/sevaerdigheder-malaga-besog\/\" target=\"_blank\" rel=\"noreferrer noopener\">Malaga<\/a><\/li>\n\n\n\n<li style=\"font-size:14px\"><a data-type=\"post\" data-id=\"3597\" href=\"https:\/\/andalucialovers.com\/da\/sevaerdigheder-cadix-besog\/\" target=\"_blank\" rel=\"noreferrer noopener\">Cadiz<\/a><\/li>\n\n\n\n<li style=\"font-size:14px\">Cabo de Gata<\/li>\n\n\n\n<li style=\"font-size:14px\"><a href=\"https:\/\/andalucialovers.com\/da\/sevaerdigheder-antequera-besog\/\" target=\"_blank\" rel=\"noreferrer noopener\">Antequera<\/a><\/li>\n\n\n\n<li style=\"font-size:14px\">Baeza og Ubuda<\/li>\n<\/ul>\n<\/div>\n\n\n\n<div class=\"wp-block-column is-vertically-aligned-top planif-radius is-layout-flow wp-block-column-is-layout-flow\" style=\"flex-basis:40%\">\n<figure class=\"wp-block-image size-large img-portrait\"><img loading=\"lazy\" decoding=\"async\" src=\"https:\/\/photos.smugmug.com\/Travel\/Andalucia\/2e-Madina-Azahara\/i-nrQb8vF\/1\/DMVZRMLhBjwhLQtjzj2r5fqS4GjmpXXHrwvQnwFsm\/S\/Medina_Azahara_Andalucia_Spain-1434-S.jpg\" alt=\"Medina Azahara\" title=\"\"\/><\/figure>\n<\/div>\n<\/div>\n<\/div><\/div><\/div>\n\n\n\n<div class=\"wp-block-genesis-blocks-gb-container box_texte gb-block-container\"><div class=\"gb-container-inside\"><div class=\"gb-container-content\"><\/div><\/div><\/div>\n\n\n\n<div class=\"wp-block-genesis-blocks-gb-container box-texte gb-block-container\"><div class=\"gb-container-inside\"><div class=\"gb-container-content\"><\/div><\/div><\/div>\n<\/div><\/div><\/div>\n\n<p class=\"has-text-align-left\"><\/p>\n\n<div class=\"wp-block-genesis-blocks-gb-container box_auteur_voyage gb-block-container\"><div class=\"gb-container-inside\"><div class=\"gb-container-content\">\n<figure class=\"wp-block-image size-large img_auteur_voyage img_provisoire\"><a href=\"https:\/\/andalucialovers.com\/da\/claire-robinson\/\" target=\"_blank\" rel=\"noreferrer noopener\"><img loading=\"lazy\" decoding=\"async\" src=\"https:\/\/photos.smugmug.com\/Region-Lovers\/Equipe\/i-nsNF6C6\/0\/Cs2F5n96pkt9xFD9D3SVqmQspMhrKgN75nHgBqmjG\/L\/Claire-L.png\" alt=\"\"\/><\/a><\/figure>\n\n\n\n<h5 class=\"titre_auteur_voyage\"><span>HUN KLAREDE TUREN <\/span><span class=\"titre_box_manuscrit\">Claire<\/span><\/h5>\n<\/div><\/div><\/div>\n","protected":false},"excerpt":{"rendered":"<p>Skal du bes\u00f8ge Ja\u00e9n? G\u00e5 ikke glip af den majest\u00e6tiske katedral! Den er en sand juvel fra den spanske ren\u00e6ssance og dominerer byens historiske hjerte. DetteUNESCO-listede arkitektoniske vidunder med sin monumentale facade og majest\u00e6tiske interi\u00f8r imponerede os med sin harmoni og storhed. I denne artikel finder du vores fotos og gode r\u00e5d til, hvordan du [&hellip;]<\/p>\n","protected":false},"author":9,"featured_media":5393,"comment_status":"closed","ping_status":"closed","sticky":false,"template":"","format":"standard","meta":{"_genesis_hide_title":false,"_genesis_hide_breadcrumbs":false,"_genesis_hide_singular_image":false,"_genesis_hide_footer_widgets":false,"_genesis_custom_body_class":"","_genesis_custom_post_class":"","_genesis_layout":"","footnotes":""},"categories":[76],"tags":[],"class_list":{"0":"post-5407","1":"post","2":"type-post","3":"status-publish","4":"format-standard","5":"has-post-thumbnail","7":"category-cadiz-da","8":"entry"},"yoast_head":"<!-- This site is optimized with the Yoast SEO plugin v27.2 - https:\/\/yoast.com\/product\/yoast-seo-wordpress\/ -->\n<title>Ja\u00e9n-katedralen (bes\u00f8g + fotos)<\/title>\n<meta name=\"description\" content=\"Vores tips og fotos til at bes\u00f8ge Ja\u00e9n-katedralen: adgang, sev\u00e6rdigheder, praktiske oplysninger, historie og bes\u00f8gstips\" \/>\n<meta name=\"robots\" content=\"index, follow, max-snippet:-1, max-image-preview:large, max-video-preview:-1\" \/>\n<link rel=\"canonical\" href=\"https:\/\/andalucialovers.com\/da\/besog-katedral-jaen\/\" \/>\n<meta property=\"og:locale\" content=\"da_DK\" \/>\n<meta property=\"og:type\" content=\"article\" \/>\n<meta property=\"og:title\" content=\"Ja\u00e9n-katedralen (bes\u00f8g + fotos)\" \/>\n<meta property=\"og:description\" content=\"Vores tips og fotos til at bes\u00f8ge Ja\u00e9n-katedralen: adgang, sev\u00e6rdigheder, praktiske oplysninger, historie og bes\u00f8gstips\" \/>\n<meta property=\"og:url\" content=\"https:\/\/andalucialovers.com\/da\/besog-katedral-jaen\/\" \/>\n<meta property=\"og:site_name\" content=\"Andalucia Lovers\" \/>\n<meta property=\"article:published_time\" content=\"2025-10-02T08:18:08+00:00\" \/>\n<meta property=\"article:modified_time\" content=\"2025-10-02T16:15:35+00:00\" \/>\n<meta property=\"og:image\" content=\"https:\/\/andalucialovers.com\/wp-content\/uploads\/2025\/10\/besog-katedral-Jaen-DA-scaled.jpg\" \/>\n\t<meta property=\"og:image:width\" content=\"2560\" \/>\n\t<meta property=\"og:image:height\" content=\"2130\" \/>\n\t<meta property=\"og:image:type\" content=\"image\/jpeg\" \/>\n<meta name=\"author\" content=\"Morgane\" \/>\n<meta name=\"twitter:card\" content=\"summary_large_image\" \/>\n<meta name=\"twitter:label1\" content=\"Skrevet af\" \/>\n\t<meta name=\"twitter:data1\" content=\"Morgane\" \/>\n\t<meta name=\"twitter:label2\" content=\"Estimeret l\u00e6setid\" \/>\n\t<meta name=\"twitter:data2\" content=\"10 minutter\" \/>\n<script type=\"application\/ld+json\" class=\"yoast-schema-graph\">{\"@context\":\"https:\/\/schema.org\",\"@graph\":[{\"@type\":\"Article\",\"@id\":\"https:\/\/andalucialovers.com\/da\/besog-katedral-jaen\/#article\",\"isPartOf\":{\"@id\":\"https:\/\/andalucialovers.com\/da\/besog-katedral-jaen\/\"},\"author\":{\"name\":\"Morgane\",\"@id\":\"https:\/\/andalucialovers.com\/da\/#\/schema\/person\/eecc5be960eb24e701a350a02c214c1c\"},\"headline\":\"Ja\u00e9n-katedralen (bes\u00f8g + fotos)\",\"datePublished\":\"2025-10-02T08:18:08+00:00\",\"dateModified\":\"2025-10-02T16:15:35+00:00\",\"mainEntityOfPage\":{\"@id\":\"https:\/\/andalucialovers.com\/da\/besog-katedral-jaen\/\"},\"wordCount\":1932,\"publisher\":{\"@id\":\"https:\/\/andalucialovers.com\/da\/#organization\"},\"image\":{\"@id\":\"https:\/\/andalucialovers.com\/da\/besog-katedral-jaen\/#primaryimage\"},\"thumbnailUrl\":\"https:\/\/andalucialovers.com\/wp-content\/uploads\/2025\/10\/besog-katedral-Jaen-DA-scaled.jpg\",\"articleSection\":[\"C\u00e1diz\"],\"inLanguage\":\"da-DK\"},{\"@type\":\"WebPage\",\"@id\":\"https:\/\/andalucialovers.com\/da\/besog-katedral-jaen\/\",\"url\":\"https:\/\/andalucialovers.com\/da\/besog-katedral-jaen\/\",\"name\":\"Ja\u00e9n-katedralen (bes\u00f8g + fotos)\",\"isPartOf\":{\"@id\":\"https:\/\/andalucialovers.com\/da\/#website\"},\"primaryImageOfPage\":{\"@id\":\"https:\/\/andalucialovers.com\/da\/besog-katedral-jaen\/#primaryimage\"},\"image\":{\"@id\":\"https:\/\/andalucialovers.com\/da\/besog-katedral-jaen\/#primaryimage\"},\"thumbnailUrl\":\"https:\/\/andalucialovers.com\/wp-content\/uploads\/2025\/10\/besog-katedral-Jaen-DA-scaled.jpg\",\"datePublished\":\"2025-10-02T08:18:08+00:00\",\"dateModified\":\"2025-10-02T16:15:35+00:00\",\"description\":\"Vores tips og fotos til at bes\u00f8ge Ja\u00e9n-katedralen: adgang, sev\u00e6rdigheder, praktiske oplysninger, historie og bes\u00f8gstips\",\"breadcrumb\":{\"@id\":\"https:\/\/andalucialovers.com\/da\/besog-katedral-jaen\/#breadcrumb\"},\"inLanguage\":\"da-DK\",\"potentialAction\":[{\"@type\":\"ReadAction\",\"target\":[\"https:\/\/andalucialovers.com\/da\/besog-katedral-jaen\/\"]}]},{\"@type\":\"ImageObject\",\"inLanguage\":\"da-DK\",\"@id\":\"https:\/\/andalucialovers.com\/da\/besog-katedral-jaen\/#primaryimage\",\"url\":\"https:\/\/andalucialovers.com\/wp-content\/uploads\/2025\/10\/besog-katedral-Jaen-DA-scaled.jpg\",\"contentUrl\":\"https:\/\/andalucialovers.com\/wp-content\/uploads\/2025\/10\/besog-katedral-Jaen-DA-scaled.jpg\",\"width\":2560,\"height\":2130,\"caption\":\"besog katedral Jaen DA\"},{\"@type\":\"BreadcrumbList\",\"@id\":\"https:\/\/andalucialovers.com\/da\/besog-katedral-jaen\/#breadcrumb\",\"itemListElement\":[{\"@type\":\"ListItem\",\"position\":1,\"name\":\"Accueil\",\"item\":\"https:\/\/andalucialovers.com\/da\/\"},{\"@type\":\"ListItem\",\"position\":2,\"name\":\"C\u00e1diz\",\"item\":\"https:\/\/andalucialovers.com\/da\/cadiz-da\/\"},{\"@type\":\"ListItem\",\"position\":3,\"name\":\"Ja\u00e9n-katedralen (bes\u00f8g + fotos)\"}]},{\"@type\":\"WebSite\",\"@id\":\"https:\/\/andalucialovers.com\/da\/#website\",\"url\":\"https:\/\/andalucialovers.com\/da\/\",\"name\":\"Andalucia Lovers\",\"description\":\"Le blog de Claire et Manu\",\"publisher\":{\"@id\":\"https:\/\/andalucialovers.com\/da\/#organization\"},\"potentialAction\":[{\"@type\":\"SearchAction\",\"target\":{\"@type\":\"EntryPoint\",\"urlTemplate\":\"https:\/\/andalucialovers.com\/da\/?s={search_term_string}\"},\"query-input\":{\"@type\":\"PropertyValueSpecification\",\"valueRequired\":true,\"valueName\":\"search_term_string\"}}],\"inLanguage\":\"da-DK\"},{\"@type\":\"Organization\",\"@id\":\"https:\/\/andalucialovers.com\/da\/#organization\",\"name\":\"Andalucia Lovers\",\"url\":\"https:\/\/andalucialovers.com\/da\/\",\"logo\":{\"@type\":\"ImageObject\",\"inLanguage\":\"da-DK\",\"@id\":\"https:\/\/andalucialovers.com\/da\/#\/schema\/logo\/image\/\",\"url\":\"https:\/\/andalucialovers.com\/wp-content\/uploads\/2024\/05\/cropped-Andalucia-Lovers-Logo.png\",\"contentUrl\":\"https:\/\/andalucialovers.com\/wp-content\/uploads\/2024\/05\/cropped-Andalucia-Lovers-Logo.png\",\"width\":2804,\"height\":481,\"caption\":\"Andalucia Lovers\"},\"image\":{\"@id\":\"https:\/\/andalucialovers.com\/da\/#\/schema\/logo\/image\/\"}},{\"@type\":\"Person\",\"@id\":\"https:\/\/andalucialovers.com\/da\/#\/schema\/person\/eecc5be960eb24e701a350a02c214c1c\",\"name\":\"Morgane\",\"image\":{\"@type\":\"ImageObject\",\"inLanguage\":\"da-DK\",\"@id\":\"https:\/\/secure.gravatar.com\/avatar\/afa26912805402e3ea29288b7478a6a37b47e98385c004daed7d76f04733a512?s=96&d=mm&r=g\",\"url\":\"https:\/\/secure.gravatar.com\/avatar\/afa26912805402e3ea29288b7478a6a37b47e98385c004daed7d76f04733a512?s=96&d=mm&r=g\",\"contentUrl\":\"https:\/\/secure.gravatar.com\/avatar\/afa26912805402e3ea29288b7478a6a37b47e98385c004daed7d76f04733a512?s=96&d=mm&r=g\",\"caption\":\"Morgane\"},\"url\":\"https:\/\/andalucialovers.com\/da\/author\/morgane\/\"}]}<\/script>\n<!-- \/ Yoast SEO plugin. -->","yoast_head_json":{"title":"Ja\u00e9n-katedralen (bes\u00f8g + fotos)","description":"Vores tips og fotos til at bes\u00f8ge Ja\u00e9n-katedralen: adgang, sev\u00e6rdigheder, praktiske oplysninger, historie og bes\u00f8gstips","robots":{"index":"index","follow":"follow","max-snippet":"max-snippet:-1","max-image-preview":"max-image-preview:large","max-video-preview":"max-video-preview:-1"},"canonical":"https:\/\/andalucialovers.com\/da\/besog-katedral-jaen\/","og_locale":"da_DK","og_type":"article","og_title":"Ja\u00e9n-katedralen (bes\u00f8g + fotos)","og_description":"Vores tips og fotos til at bes\u00f8ge Ja\u00e9n-katedralen: adgang, sev\u00e6rdigheder, praktiske oplysninger, historie og bes\u00f8gstips","og_url":"https:\/\/andalucialovers.com\/da\/besog-katedral-jaen\/","og_site_name":"Andalucia Lovers","article_published_time":"2025-10-02T08:18:08+00:00","article_modified_time":"2025-10-02T16:15:35+00:00","og_image":[{"width":2560,"height":2130,"url":"https:\/\/andalucialovers.com\/wp-content\/uploads\/2025\/10\/besog-katedral-Jaen-DA-scaled.jpg","type":"image\/jpeg"}],"author":"Morgane","twitter_card":"summary_large_image","twitter_misc":{"Skrevet af":"Morgane","Estimeret l\u00e6setid":"10 minutter"},"schema":{"@context":"https:\/\/schema.org","@graph":[{"@type":"Article","@id":"https:\/\/andalucialovers.com\/da\/besog-katedral-jaen\/#article","isPartOf":{"@id":"https:\/\/andalucialovers.com\/da\/besog-katedral-jaen\/"},"author":{"name":"Morgane","@id":"https:\/\/andalucialovers.com\/da\/#\/schema\/person\/eecc5be960eb24e701a350a02c214c1c"},"headline":"Ja\u00e9n-katedralen (bes\u00f8g + fotos)","datePublished":"2025-10-02T08:18:08+00:00","dateModified":"2025-10-02T16:15:35+00:00","mainEntityOfPage":{"@id":"https:\/\/andalucialovers.com\/da\/besog-katedral-jaen\/"},"wordCount":1932,"publisher":{"@id":"https:\/\/andalucialovers.com\/da\/#organization"},"image":{"@id":"https:\/\/andalucialovers.com\/da\/besog-katedral-jaen\/#primaryimage"},"thumbnailUrl":"https:\/\/andalucialovers.com\/wp-content\/uploads\/2025\/10\/besog-katedral-Jaen-DA-scaled.jpg","articleSection":["C\u00e1diz"],"inLanguage":"da-DK"},{"@type":"WebPage","@id":"https:\/\/andalucialovers.com\/da\/besog-katedral-jaen\/","url":"https:\/\/andalucialovers.com\/da\/besog-katedral-jaen\/","name":"Ja\u00e9n-katedralen (bes\u00f8g + fotos)","isPartOf":{"@id":"https:\/\/andalucialovers.com\/da\/#website"},"primaryImageOfPage":{"@id":"https:\/\/andalucialovers.com\/da\/besog-katedral-jaen\/#primaryimage"},"image":{"@id":"https:\/\/andalucialovers.com\/da\/besog-katedral-jaen\/#primaryimage"},"thumbnailUrl":"https:\/\/andalucialovers.com\/wp-content\/uploads\/2025\/10\/besog-katedral-Jaen-DA-scaled.jpg","datePublished":"2025-10-02T08:18:08+00:00","dateModified":"2025-10-02T16:15:35+00:00","description":"Vores tips og fotos til at bes\u00f8ge Ja\u00e9n-katedralen: adgang, sev\u00e6rdigheder, praktiske oplysninger, historie og bes\u00f8gstips","breadcrumb":{"@id":"https:\/\/andalucialovers.com\/da\/besog-katedral-jaen\/#breadcrumb"},"inLanguage":"da-DK","potentialAction":[{"@type":"ReadAction","target":["https:\/\/andalucialovers.com\/da\/besog-katedral-jaen\/"]}]},{"@type":"ImageObject","inLanguage":"da-DK","@id":"https:\/\/andalucialovers.com\/da\/besog-katedral-jaen\/#primaryimage","url":"https:\/\/andalucialovers.com\/wp-content\/uploads\/2025\/10\/besog-katedral-Jaen-DA-scaled.jpg","contentUrl":"https:\/\/andalucialovers.com\/wp-content\/uploads\/2025\/10\/besog-katedral-Jaen-DA-scaled.jpg","width":2560,"height":2130,"caption":"besog katedral Jaen DA"},{"@type":"BreadcrumbList","@id":"https:\/\/andalucialovers.com\/da\/besog-katedral-jaen\/#breadcrumb","itemListElement":[{"@type":"ListItem","position":1,"name":"Accueil","item":"https:\/\/andalucialovers.com\/da\/"},{"@type":"ListItem","position":2,"name":"C\u00e1diz","item":"https:\/\/andalucialovers.com\/da\/cadiz-da\/"},{"@type":"ListItem","position":3,"name":"Ja\u00e9n-katedralen (bes\u00f8g + fotos)"}]},{"@type":"WebSite","@id":"https:\/\/andalucialovers.com\/da\/#website","url":"https:\/\/andalucialovers.com\/da\/","name":"Andalucia Lovers","description":"Le blog de Claire et Manu","publisher":{"@id":"https:\/\/andalucialovers.com\/da\/#organization"},"potentialAction":[{"@type":"SearchAction","target":{"@type":"EntryPoint","urlTemplate":"https:\/\/andalucialovers.com\/da\/?s={search_term_string}"},"query-input":{"@type":"PropertyValueSpecification","valueRequired":true,"valueName":"search_term_string"}}],"inLanguage":"da-DK"},{"@type":"Organization","@id":"https:\/\/andalucialovers.com\/da\/#organization","name":"Andalucia Lovers","url":"https:\/\/andalucialovers.com\/da\/","logo":{"@type":"ImageObject","inLanguage":"da-DK","@id":"https:\/\/andalucialovers.com\/da\/#\/schema\/logo\/image\/","url":"https:\/\/andalucialovers.com\/wp-content\/uploads\/2024\/05\/cropped-Andalucia-Lovers-Logo.png","contentUrl":"https:\/\/andalucialovers.com\/wp-content\/uploads\/2024\/05\/cropped-Andalucia-Lovers-Logo.png","width":2804,"height":481,"caption":"Andalucia Lovers"},"image":{"@id":"https:\/\/andalucialovers.com\/da\/#\/schema\/logo\/image\/"}},{"@type":"Person","@id":"https:\/\/andalucialovers.com\/da\/#\/schema\/person\/eecc5be960eb24e701a350a02c214c1c","name":"Morgane","image":{"@type":"ImageObject","inLanguage":"da-DK","@id":"https:\/\/secure.gravatar.com\/avatar\/afa26912805402e3ea29288b7478a6a37b47e98385c004daed7d76f04733a512?s=96&d=mm&r=g","url":"https:\/\/secure.gravatar.com\/avatar\/afa26912805402e3ea29288b7478a6a37b47e98385c004daed7d76f04733a512?s=96&d=mm&r=g","contentUrl":"https:\/\/secure.gravatar.com\/avatar\/afa26912805402e3ea29288b7478a6a37b47e98385c004daed7d76f04733a512?s=96&d=mm&r=g","caption":"Morgane"},"url":"https:\/\/andalucialovers.com\/da\/author\/morgane\/"}]}},"featured_image_src":"https:\/\/andalucialovers.com\/wp-content\/uploads\/2025\/10\/besog-katedral-Jaen-DA-600x400.jpg","featured_image_src_square":"https:\/\/andalucialovers.com\/wp-content\/uploads\/2025\/10\/besog-katedral-Jaen-DA-600x600.jpg","author_info":{"display_name":"Morgane","author_link":"https:\/\/andalucialovers.com\/da\/author\/morgane\/"},"_links":{"self":[{"href":"https:\/\/andalucialovers.com\/da\/wp-json\/wp\/v2\/posts\/5407","targetHints":{"allow":["GET"]}}],"collection":[{"href":"https:\/\/andalucialovers.com\/da\/wp-json\/wp\/v2\/posts"}],"about":[{"href":"https:\/\/andalucialovers.com\/da\/wp-json\/wp\/v2\/types\/post"}],"author":[{"embeddable":true,"href":"https:\/\/andalucialovers.com\/da\/wp-json\/wp\/v2\/users\/9"}],"replies":[{"embeddable":true,"href":"https:\/\/andalucialovers.com\/da\/wp-json\/wp\/v2\/comments?post=5407"}],"version-history":[{"count":0,"href":"https:\/\/andalucialovers.com\/da\/wp-json\/wp\/v2\/posts\/5407\/revisions"}],"wp:featuredmedia":[{"embeddable":true,"href":"https:\/\/andalucialovers.com\/da\/wp-json\/wp\/v2\/media\/5393"}],"wp:attachment":[{"href":"https:\/\/andalucialovers.com\/da\/wp-json\/wp\/v2\/media?parent=5407"}],"wp:term":[{"taxonomy":"category","embeddable":true,"href":"https:\/\/andalucialovers.com\/da\/wp-json\/wp\/v2\/categories?post=5407"},{"taxonomy":"post_tag","embeddable":true,"href":"https:\/\/andalucialovers.com\/da\/wp-json\/wp\/v2\/tags?post=5407"}],"curies":[{"name":"wp","href":"https:\/\/api.w.org\/{rel}","templated":true}]}}