{"id":5414,"date":"2025-10-02T10:18:08","date_gmt":"2025-10-02T08:18:08","guid":{"rendered":"https:\/\/andalucialovers.com\/visiter-cathedrale-jaen\/"},"modified":"2025-10-02T18:16:26","modified_gmt":"2025-10-02T16:16:26","slug":"besuchen-kathedrale-jaen","status":"publish","type":"post","link":"https:\/\/andalucialovers.com\/de\/besuchen-kathedrale-jaen\/","title":{"rendered":"Kathedrale von Ja\u00e9n (Besuch + Fotos)"},"content":{"rendered":"\n<p>Zu Besuch in<strong> Ja\u00e9n<\/strong>? Verpassen Sie nicht die majest\u00e4tische <strong>Kathedrale<\/strong>! Sie ist ein Juwel der spanischen <strong>Renaissance <\/strong>und dominiert das historische Herz der Stadt. Dieses<strong>UNESCO-gesch\u00fctzte<\/strong> architektonische Wunder mit seiner monumentalen Fassade und den majest\u00e4tischen Innenr\u00e4umen hat uns mit seiner Harmonie und Gr\u00f6\u00dfe tief beeindruckt.<\/p>\n\n<p>In diesem Artikel finden Sie <strong>unsere Fotos und Tipps <\/strong>, wie Sie Ihren <strong>Besuch der Kathedrale von Ja\u00e9n<\/strong> am besten genie\u00dfen k\u00f6nnen.<\/p>\n\n<figure class=\"wp-block-image size-large\"><img decoding=\"async\" src=\"https:\/\/andalucialovers.com\/wp-content\/uploads\/2025\/10\/besuchen-kathedrale-Jaen-de-1024x852.jpg\" alt=\"Besuchen Sie die Kathedrale-Jaen\" class=\"wp-image-5392\"\/><\/figure>\n\n<p>Diese Bewertung ist v\u00f6llig <strong>unabh\u00e4ngig<\/strong> und basiert auf unseren Erfahrungen. Wir trafen unsere eigenen Entscheidungen, besuchten die Region anonym und bezahlten unsere Rechnungen vollst\u00e4ndig.<\/p>\n\n<h2 class=\"wp-block-heading\">Warum sollten Sie die Kathedrale von Ja\u00e9n besuchen?<\/h2>\n\n<h3 class=\"wp-block-heading\">Ist die Kathedrale von Ja\u00e9n die M\u00fche wert? Unsere Meinung:<\/h3>\n\n<p>Ja, die Kathedrale von Ja\u00e9n ist auf jeden Fall einen Besuch wert. Diese Renaissance-Kathedrale, die zum UNESCO-Weltkulturerbe geh\u00f6rt, beeindruckt durch ihre monumentale Fassade, die von Andr\u00e9s de Vandelvira entworfen wurde, und ihre lichtdurchfluteten Innenr\u00e4ume. Wir waren von der architektonischen Harmonie und dem k\u00fcnstlerischen Reichtum dieses Monuments, das viele Kathedralen in der Neuen Welt beeinflusst hat, fasziniert. Dies ist eine der besten Aktivit\u00e4ten in Ja\u00e9n!<\/p>\n\n<figure class=\"wp-block-image size-large\"><img loading=\"lazy\" decoding=\"async\" src=\"https:\/\/photos.smugmug.com\/Travel\/Andalucia\/5d-Cathedral-Jaen\/i-bNG2jvJ\/2\/LVtnx6NN2cx3VdGNfvGTp2L7DFzBTXScRZjVtbjN8\/L\/cathedral_Jaen_Andalucia_Spain-4145-L.jpg\" alt=\"\"\/><\/figure>\n\n<h3 class=\"wp-block-heading\">Warum ist die Kathedrale von Ja\u00e9n ber\u00fchmt?<\/h3>\n\n<p>Die Kathedrale ist ber\u00fchmt f\u00fcr ihre Rolle als architektonisches Modell der spanischen Renaissance, das den Bau vieler Kathedralen in Lateinamerika inspiriert hat. Die Hauptfassade, ein Werk von Andr\u00e9s de Vandelvira, wird als eines der Meisterwerke der Renaissance in Spanien angesehen. Seit 2012 ist sie Teil des UNESCO-Weltkulturerbes &#8222;Kathedralen der Renaissance in Andalusien&#8220;. Diese internationale Anerkennung unterstreicht seine Bedeutung in der Geschichte der Weltarchitektur und seinen Einfluss auf die koloniale religi\u00f6se Kunst.<\/p>\n\n<figure class=\"wp-block-image size-large\"><img loading=\"lazy\" decoding=\"async\" src=\"https:\/\/photos.smugmug.com\/Travel\/Andalucia\/5d-Cathedral-Jaen\/i-ZR2MRFS\/2\/LPGNrMVz2sr7MqXvvjGTXgZ4FbkKGtPrSBDhBKWbz\/L\/cathedral_Jaen_Andalucia_Spain-4160-L.jpg\" alt=\"Kathedrale von Ja&#xE9;n - Ist die Kathedrale von Ja&#xE9;n die M&#xFC;he wert? Unsere Meinung:\"\/><\/figure>\n\n<h3 class=\"wp-block-heading\">Unsere Lieblingsmomente<\/h3>\n\n<p>Es gab mehrere Momente, die uns w\u00e4hrend unseres Besuchs besonders ber\u00fchrten.<\/p>\n\n<ul class=\"wp-block-list\">\n<li>Die Entdeckung der Hauptfassade machte uns sprachlos, mit ihren Zwillingss\u00e4ulen und biblischen Reliefs, die von bemerkenswerter Feinheit sind.  <\/li>\n\n\n\n<li>Im Inneren waren wir von den unglaublichen Details der Decke und der Gr\u00f6\u00dfe des Geb\u00e4udes \u00fcberw\u00e4ltigt.<\/li>\n\n\n\n<li>Beobachten Sie die Kathedrale von einem Aussichtspunkt \u00fcber der Stadt.<\/li>\n<\/ul>\n\n<figure class=\"wp-block-image size-large\"><img loading=\"lazy\" decoding=\"async\" src=\"https:\/\/photos.smugmug.com\/Travel\/Andalucia\/5e-Jaen-other\/i-R5wHBfj\/2\/KQK8Vhss72NkCCTcqsggzJDNJjp7mdn9kVxqsGfhc\/L\/Jaen_Andalucia_Spain-1683-L.jpg\" alt=\"Kathedrale von Ja&#xE9;n - Unsere Lieblingsmomente\"\/><\/figure>\n\n<div style=\"margin-top:8%;margin-bottom:8%\" class=\"wp-block-genesis-blocks-gb-container box gb-block-container\"><div class=\"gb-container-inside\"><div class=\"gb-container-content\" style=\"max-width:700px\">\n<div class=\"wp-block-genesis-blocks-gb-container box_titre gb-block-container\"><div class=\"gb-container-inside\"><div class=\"gb-container-content\">\n<h5 class=\"titre_box\" style=\"padding-top:10px;\">UNTERK\u00dcNFTE IN <span class=\"titre_box_manuscrit\">C\u00f3rdoba<\/span><\/h5>\n<\/div><\/div><\/div>\n\n\n\n<hr class=\"wp-block-separator has-text-color has-alpha-channel-opacity has-background is-style-wide hr-box-planif\" style=\"background-color:#ccd3dd;color:#ccd3dd\"\/>\n\n\n\n<div class=\"wp-block-columns box_sans_border is-layout-flex wp-container-core-columns-is-layout-9d6595d7 wp-block-columns-is-layout-flex\">\n<div class=\"wp-block-column texte_planif is-layout-flow wp-block-column-is-layout-flow\" style=\"font-size:14px;flex-basis:60%\">\n<p class=\"option_titre2\"><strong>Unsere Favoriten: Stadtteile und Hotels<\/strong><\/p>\n\n\n\n<p style=\"font-size:14px\"><strong>Historisches Viertel<\/strong><br\/>Hotel Las Casas de la Juderia &#8211; <a href=\"https:\/\/www.booking.com\/hotel\/es\/las-casas-de-la-juderia.html?aid=2420173\" target=\"_blank\" rel=\"noreferrer noopener nofollow\">Siehe Preise, Fotos und Verf\u00fcgbarkeit<\/a><br\/>Hotel Madinat &#8211; <a href=\"https:\/\/www.booking.com\/hotel\/es\/madinat.html?aid=2420173\" target=\"_blank\" rel=\"noreferrer noopener nofollow\">siehe Preise, Fotos und Verf\u00fcgbarkeit<\/a><\/p>\n\n\n\n<p style=\"font-size:14px\"><strong>Santa Marina Viertel<\/strong><br\/>Hotel Hospes Palacio del Bailio &#8211; <a href=\"https:\/\/www.booking.com\/hotel\/es\/palacio-del-bailio.html?aid=2420173\" target=\"_blank\" rel=\"noreferrer noopener nofollow\">Siehe Preise, Fotos und Verf\u00fcgbarkeit <\/a> <\/p>\n\n\n\n<ul class=\"wp-block-list ul_box\">\n<li style=\"font-size:14px\"><strong>Hotel 1<\/strong> &#8211; siehe Preise, Fotos und Verf\u00fcgbarkeit<\/li>\n\n\n\n<li style=\"font-size:14px\"><strong>Hotel 2<\/strong> &#8211; siehe Preise, Fotos und Verf\u00fcgbarkeit<\/li>\n<\/ul>\n<\/div>\n\n\n\n<div class=\"wp-block-column is-vertically-aligned-top planif-radius is-layout-flow wp-block-column-is-layout-flow\" style=\"flex-basis:40%\">\n<figure class=\"wp-block-image size-large img-portrait\"><img loading=\"lazy\" decoding=\"async\" src=\"https:\/\/photos.smugmug.com\/Andalucia-Lovers\/Cordoba\/Hotels\/Fa%C3%A7ades\/i-FXWmmNd\/0\/McPxdDLWKrsjV36SZsCKQ8KRGvvv9Wfx8Kz42Dwg3\/L\/hotel%20madinat%20cordoba-L.jpg\" alt=\"Hotel Madinat\" title=\"\"\/><\/figure>\n<\/div>\n<\/div>\n\n\n\n<hr class=\"wp-block-separator has-text-color has-alpha-channel-opacity has-background is-style-wide hr-box-planif\" style=\"background-color:#ccd3dd;color:#ccd3dd\"\/>\n\n\n\n<p class=\"has-text-align-center has-normal-font-size\">Sehen Sie unsere komplette Auswahl der <a href=\"https:\/\/andalucialovers.com\/de\/beste-hotels-cordoba-unterkunft-stadtteile\/\" data-type=\"post\" data-id=\"2728\" target=\"_blank\" rel=\"noreferrer noopener\">besten Hotels in C\u00f3rdoba<\/a><\/p>\n\n\n\n<div class=\"wp-block-buttons planif_bouton is-content-justification-center is-layout-flex wp-container-core-buttons-is-layout-16018d1d wp-block-buttons-is-layout-flex\">\n<div class=\"wp-block-button has-custom-font-size\" style=\"font-size:14px\"><a class=\"wp-block-button__link has-white-color has-text-color wp-element-button\" href=\"https:\/\/www.booking.com\/searchresults.html?city=-378765&amp;nflt=review_score%253D90%253Breview_score%253D80&amp;aid=2420173&amp;no_rooms=1&amp;group_adults=2\" style=\"border-radius:4px\" target=\"_blank\" rel=\"noreferrer noopener nofollow\">Alle verf\u00fcgbaren Unterk\u00fcnfte anzeigen &gt;&gt;<\/a><\/div>\n<\/div>\n<\/div><\/div><\/div>\n\n<h3 class=\"wp-block-heading\">Geschichte in K\u00fcrze<\/h3>\n\n<p>Die Kathedrale von Ja\u00e9n hat eine reiche Geschichte, die sich \u00fcber mehrere Jahrhunderte erstreckt:<\/p>\n\n<ul class=\"wp-block-list\">\n<li>1246 &#8211; Eroberung von Ja\u00e9n durch Ferdinand III. und Weihe der Moschee als christliche Kathedrale<\/li>\n\n\n\n<li>1368 &#8211; Beginn des Baus der heutigen Kathedrale an der Stelle der alten Moschee<\/li>\n\n\n\n<li>Jahrhundert &#8211; Andr\u00e9s de Vandelvira entwirft die Pl\u00e4ne f\u00fcr das heutige Geb\u00e4ude<\/li>\n\n\n\n<li>1660 &#8211; Fertigstellung nach fast zwei Jahrhunderten Bauzeit<\/li>\n\n\n\n<li>2012 &#8211; Aufnahme in die Liste des UNESCO-Weltkulturerbes<\/li>\n<\/ul>\n\n<figure class=\"wp-block-image size-large\"><img loading=\"lazy\" decoding=\"async\" src=\"https:\/\/photos.smugmug.com\/Travel\/Andalucia\/5d-Cathedral-Jaen\/i-cZ3G79d\/2\/NFkVnB239WFGxRL366CLgKgsQwQ7bBmpcZB6Pc5rD\/L\/cathedral_Jaen_Andalucia_Spain-4132-L.jpg\" alt=\"Kathedrale von Ja&#xE9;n - Kurze Geschichte\"\/><\/figure>\n\n<h2 class=\"wp-block-heading\">Zugang: Kathedrale, Ja\u00e9n<\/h2>\n\n<h3 class=\"wp-block-heading\">Wo befindet sich die Kathedrale von Ja\u00e9n?<\/h3>\n\n<ul class=\"wp-block-list\">\n<li>Im Stadtzentrum von Ja\u00e9n, Plaza de Santa Mar\u00eda<\/li>\n\n\n\n<li>Fahrtzeit von Granada: 1 Std.<\/li>\n\n\n\n<li>Fahrtzeit von C\u00f3rdoba: 1,5 Stunden<\/li>\n\n\n\n<li>Fahrtzeit von Sevilla: 2 Std. 40 Min.<\/li>\n<\/ul>\n\n<p>Hier ist eine Karte, die Ihnen hilft, sich zu orientieren:<\/p>\n\n<figure class=\"wp-block-image size-large\"><img loading=\"lazy\" decoding=\"async\" src=\"https:\/\/andalucialovers.com\/wp-content\/uploads\/2024\/08\/karte-Beste-Stadte-in-Andalusien-1024x683.png\" alt=\"Karte beste St&#xE4;dte Andalusien\" class=\"wp-image-1794\"\/><figcaption class=\"wp-element-caption\">Karte der andalusischen St\u00e4dte<\/figcaption><\/figure>\n\n<div class=\"wp-block-columns inverse box_planif is-layout-flex wp-container-core-columns-is-layout-9d6595d7 wp-block-columns-is-layout-flex\">\n<div class=\"wp-block-column texte_planif is-layout-flow wp-block-column-is-layout-flow\" style=\"flex-basis:58%\">\n<h5 class=\"titre_box\"> MIETWAGEN IN <span class=\"titre_box_manuscrit\">\nAndalusien<\/span><\/h5>\n\n\n\n<ul style=\"font-size:14px\" class=\"wp-block-list liste_voiture\">\n<li>Vergleichen Sie die Preise auf unserer bevorzugten Plattform: <a href=\"https:\/\/www.discovercars.com\/de\/spain?a_aid=zigzag&amp;chan=andalucia\" target=\"_blank\" rel=\"noreferrer noopener sponsored nofollow\">DiscoverCars<\/a> &#8211; eine der am besten bewerteten Websites.<\/li>\n\n\n\n<li>W\u00e4hlen Sie ein <strong>kompaktes Auto<\/strong>, da einige D\u00f6rfer sehr enge Gassen haben!<\/li>\n\n\n\n<li>Denken Sie aus demselben Grund an eine<strong>Vollversicherung<\/strong>.<\/li>\n\n\n\n<li><strong>Buchen Sie fr\u00fchzeitig<\/strong>, damit Sie die Wahl haben.<\/li>\n<\/ul>\n<\/div>\n\n\n\n<div class=\"wp-block-column planif-radius-3 is-layout-flow wp-block-column-is-layout-flow\" style=\"flex-basis:42%\">\n<figure class=\"wp-block-image size-large is-resized\"><img loading=\"lazy\" decoding=\"async\" src=\"https:\/\/photos.smugmug.com\/Travel\/Andalucia\/Driving\/i-tqxqm2M\/1\/DBVq6wpqQpTv8CpSvmFGgfKbDdqGMK9zqdcc59cGs\/S\/Driving_Andalucia_Spain-8407-S.jpg\" alt=\"Fahren in Andalusien\" title=\"\"\/><\/figure>\n<\/div>\n<\/div>\n\n<div class=\"wp-block-columns planif_bouton is-layout-flex wp-container-core-columns-is-layout-9d6595d7 wp-block-columns-is-layout-flex\">\n<div class=\"wp-block-column is-layout-flow wp-block-column-is-layout-flow\" style=\"flex-basis:50%\">\n<div class=\"wp-block-buttons is-content-justification-center is-layout-flex wp-container-core-buttons-is-layout-16018d1d wp-block-buttons-is-layout-flex\">\n<div class=\"wp-block-button has-custom-font-size\" style=\"font-size:14px\"><a class=\"wp-block-button__link has-white-color has-text-color wp-element-button\" href=\"https:\/\/www.discovercars.com\/de\/spain?a_aid=zigzag&amp;amp;chan=andalucia\" style=\"border-radius:4px\" target=\"_blank\" rel=\"noreferrer noopener nofollow\">Siehe die Autos<img loading=\"lazy\" decoding=\"async\" class=\"wp-image-2851\" style=\"width: 16px;\" src=\"https:\/\/provencelovers.fr\/wp-content\/uploads\/2023\/08\/ArrowRight.webp\" alt=\"\"\/><\/a><\/div>\n<\/div>\n<\/div>\n\n\n\n<div class=\"wp-block-column is-vertically-aligned-center is-layout-flow wp-block-column-is-layout-flow\" style=\"flex-basis:50%\">\n<p class=\"has-text-align-center\" style=\"font-size:14px\"><strong><a href=\"https:\/\/andalucialovers.com\/de\/autovermietung-andalusien-tipps-erfahrungen\/\" data-type=\"post\" data-id=\"3712\" target=\"_blank\" rel=\"noreferrer noopener\">Siehe unsere Tipps<\/a><\/strong><\/p>\n<\/div>\n<\/div>\n\n<h3 class=\"wp-block-heading\">Wie kommen Sie dorthin?<\/h3>\n\n<ul class=\"wp-block-list\">\n<li>Da es sich im Stadtzentrum befindet, ist es am einfachsten zu Fu\u00df zu erreichen.<\/li>\n\n\n\n<li>Wenn Sie mit dem Auto anreisen, empfehlen wir Ihnen, am Stadtrand zu parken und die Kathedrale zu Fu\u00df zu erreichen, um die charmanten Gassen der Altstadt von Ja\u00e9n zu erkunden.<\/li>\n\n\n\n<li>Wenn Sie mit \u00f6ffentlichen Verkehrsmitteln anreisen, ist die Haltestelle &#8222;Calle Ramon y Cajal Bis&#8220; des st\u00e4dtischen Verkehrsnetzes die n\u00e4chstgelegene. Es ist weniger als 5 Minuten zu Fu\u00df entfernt.<br\/>Um Ihre Reiseroute zu planen, sollten Sie sich <a href=\"https:\/\/www.alsa.es\/\" target=\"_blank\" rel=\"noreferrer noopener nofollow\">hier<\/a> die Linienpl\u00e4ne, Fahrpl\u00e4ne und Tarife ansehen.<\/li>\n<\/ul>\n\n<figure class=\"wp-block-image size-large\"><img loading=\"lazy\" decoding=\"async\" src=\"https:\/\/photos.smugmug.com\/Travel\/Andalucia\/5e-Jaen-other\/i-sZB3szQ\/2\/LXzF5g89dKLWHT8CqPncLjzgBK5jcS2fXrxmWzGg9\/L\/Jaen_Andalucia_Spain-4118-L.jpg\" alt=\"\"\/><\/figure>\n\n<h3 class=\"wp-block-heading\">Parkplatz<\/h3>\n\n<p>In der N\u00e4he der Kathedrale gibt es mehrere Parkm\u00f6glichkeiten:<\/p>\n\n<ul class=\"wp-block-list\">\n<li>Die Tiefgarage von <em>Aparcamiento San Francisco<\/em> ist weniger als 5 Minuten zu Fu\u00df entfernt,<\/li>\n\n\n\n<li>Der Parkplatz an der <em>Plaza de la Constituci\u00f3n<\/em> ist nur 5 Minuten zu Fu\u00df entfernt.  <\/li>\n\n\n\n<li>In den umliegenden Stra\u00dfen gibt es auch Parkpl\u00e4tze in der blauen Zone, aber achten Sie auf die Zahlungszeiten.  <\/li>\n\n\n\n<li>In jedem Fall empfehlen wir Ihnen, am fr\u00fchen Morgen oder am sp\u00e4ten Nachmittag anzureisen, um leichter einen Platz zu finden, insbesondere in der Hochsaison.<\/li>\n<\/ul>\n\n<div style=\"margin-top:8%;margin-bottom:8%\" class=\"wp-block-genesis-blocks-gb-container box gb-block-container\"><div class=\"gb-container-inside\"><div class=\"gb-container-content\" style=\"max-width:700px\">\n<div class=\"wp-block-genesis-blocks-gb-container box_titre gb-block-container\"><div class=\"gb-container-inside\"><div class=\"gb-container-content\">\n<h5 class=\"titre_box\" style=\"padding-top:10px;\">UNTERK\u00dcNFTE IN <span class=\"titre_box_manuscrit\">Granada<\/span><\/h5>\n<\/div><\/div><\/div>\n\n\n\n<hr class=\"wp-block-separator has-text-color has-alpha-channel-opacity has-background is-style-wide hr-box-planif\" style=\"background-color:#ccd3dd;color:#ccd3dd\"\/>\n\n\n\n<div class=\"wp-block-columns box_sans_border is-layout-flex wp-container-core-columns-is-layout-9d6595d7 wp-block-columns-is-layout-flex\">\n<div class=\"wp-block-column texte_planif is-layout-flow wp-block-column-is-layout-flow\" style=\"font-size:14px;flex-basis:60%\">\n<p class=\"option_titre2\">Unsere Favoriten: Hotels und Stadtteile<\/p>\n\n\n\n<p style=\"font-size:14px\">Im Stadtzentrum<br\/>Hotel Luna Granada Centro &#8211; <a href=\"https:\/\/www.booking.com\/hotel\/es\/boutique-luna-granada-centro.html?aid=2420173\" target=\"_blank\" rel=\"noreferrer noopener nofollow\">Siehe Preise, Fotos und Verf\u00fcgbarkeit<\/a><br\/>Hotel Corrala del Realejo &#8211; <a href=\"https:\/\/www.booking.com\/hotel\/es\/la-corrala-del-realejo-boutique-apartamentos.html?aid=2420173\" target=\"_blank\" rel=\"noreferrer noopener nofollow\">Siehe Preise, Fotos und Verf\u00fcgbarkeit<\/a><\/p>\n\n\n\n<p style=\"font-size:14px\">In der Alhambra<br\/>Alhambra Palace &#8211; <a href=\"https:\/\/www.booking.com\/hotel\/es\/alhambrapalace.html?aid=2420173\" target=\"_blank\" rel=\"noreferrer noopener nofollow\">siehe Preise, Fotos und Verf\u00fcgbarkeit<\/a><\/p>\n\n\n\n<ul class=\"wp-block-list ul_box\"><\/ul>\n<\/div>\n\n\n\n<div class=\"wp-block-column is-vertically-aligned-top planif-radius is-layout-flow wp-block-column-is-layout-flow\" style=\"flex-basis:40%\">\n<figure class=\"wp-block-image size-large img-portrait\"><img loading=\"lazy\" decoding=\"async\" src=\"https:\/\/photos.smugmug.com\/Andalucia-Lovers\/Granada\/Hotels\/Hotel-Corrala-del-Realejo\/i-nFHNBv9\/0\/MzpLMvbP3HSsvwcwmpQh3P6w7pcGpTqdVzs8BpzWr\/L\/hotel-corrala-del-realejo-granada-andalucia--L.jpg\" alt=\"Hotel Corrala del Realejo\" title=\"\"\/><\/figure>\n<\/div>\n<\/div>\n\n\n\n<p class=\"has-text-align-center has-normal-font-size\">Sehen Sie unsere komplette Auswahl der <a href=\"https:\/\/andalucialovers.com\/de\/beste-hotels-granada-unterkunft-stadtteile\/\" target=\"_blank\" rel=\"noreferrer noopener\">besten Hotels in Granada<\/a><\/p>\n\n\n\n<div class=\"wp-block-buttons planif_bouton is-content-justification-center is-layout-flex wp-container-core-buttons-is-layout-16018d1d wp-block-buttons-is-layout-flex\">\n<div class=\"wp-block-button has-custom-font-size\" style=\"font-size:14px\"><a class=\"wp-block-button__link has-white-color has-text-color wp-element-button\" href=\"https:\/\/www.booking.com\/searchresults.html?city=-384328&amp;nflt=review_score%253D90%253Breview_score%253D80&amp;aid=2420173&amp;no_rooms=1&amp;group_adults=2\" style=\"border-radius:4px\" target=\"_blank\" rel=\"noreferrer noopener\">Alle verf\u00fcgbaren Unterk\u00fcnfte anzeigen &gt;&gt;<\/a><\/div>\n<\/div>\n<\/div><\/div><\/div>\n\n<h2 class=\"wp-block-heading\">N\u00fctzliche Ratschl\u00e4ge: Dauer, Zeiten, Essen&#8230;<\/h2>\n\n<h3 class=\"wp-block-heading\">Beste Zeit f\u00fcr einen Besuch<\/h3>\n\n<p>Um Ihren Besuch in vollen Z\u00fcgen genie\u00dfen zu k\u00f6nnen, empfehlen wir Ihnen, die folgenden Optionen zu w\u00e4hlen  <\/p>\n\n<ul class=\"wp-block-list\">\n<li>die Fr\u00fchlingsmonate (April-Mai) oder die Herbstmonate (September-Oktober), wenn die Temperaturen milder sind.  <\/li>\n\n\n\n<li>Morgens zwischen 10.00 und 12.00 Uhr, wenn das Morgenlicht die Renaissancefassade besonders hervorhebt,<\/li>\n\n\n\n<li>W\u00e4hrend der Woche k\u00f6nnen Sie so die Touristengruppen vermeiden, die am Wochenende zahlreicher sind.<\/li>\n<\/ul>\n\n<p>Der Sommer kann in Ja\u00e9n schw\u00fcl sein, aber wenn Sie zu dieser Zeit kommen, sollten Sie die fr\u00fchen Morgenstunden oder den sp\u00e4ten Nachmittag bevorzugen, wenn die Sonne untergeht und den goldenen Stein in ein warmes Licht taucht.<\/p>\n\n<figure class=\"wp-block-image size-large\"><img loading=\"lazy\" decoding=\"async\" src=\"https:\/\/photos.smugmug.com\/Travel\/Andalucia\/5e-Jaen-other\/i-8MJxHwR\/0\/b31c5e68\/L\/Jaen_Andalucia_Spain-1684-L.jpg\" alt=\"Die Kathedrale von Ja&#xE9;n - Wie kommt man hin?\"\/><\/figure>\n\n<h3 class=\"wp-block-heading\">Dauer des Besuchs und Hauptschwierigkeiten<\/h3>\n\n<ul class=\"wp-block-list\">\n<li>F\u00fcr eine vollst\u00e4ndige Besichtigung, die das Innere der Kathedrale, die Sakristei und das Museum einschlie\u00dft, sollten Sie zwischen 45 Minuten und einer Stunde einplanen.  <\/li>\n\n\n\n<li>Das Geb\u00e4ude ist f\u00fcr Personen mit eingeschr\u00e4nkter Mobilit\u00e4t zug\u00e4nglich und verf\u00fcgt \u00fcber Rampen am Haupteingang. Die B\u00f6den sind in gutem Zustand und begehbar.<\/li>\n<\/ul>\n\n<figure class=\"wp-block-image size-large\"><img loading=\"lazy\" decoding=\"async\" src=\"https:\/\/photos.smugmug.com\/Travel\/Andalucia\/5d-Cathedral-Jaen\/i-B83LfvR\/2\/Lt6C7HgNPQjjBwSRwW4FQLBGQkrdZQ4bC328cjtSr\/L\/cathedral_Jaen_Andalucia_Spain-1670-L.jpg\" alt=\"Die Kathedrale von Ja&#xE9;n - Dauer der Besichtigung und Hauptschwierigkeiten\"\/><\/figure>\n\n<h3 class=\"wp-block-heading\">Empfehlung Besuchsrichtung<\/h3>\n\n<p>F\u00fcr eine optimale Entdeckung schlagen wir Ihnen vor:<\/p>\n\n<ul class=\"wp-block-list\">\n<li>die Hauptfassade von der Plaza Santa Mar\u00eda aus zu bewundern. Nehmen Sie sich die Zeit, die Details der Skulpturen zu betrachten, bevor Sie das Geb\u00e4ude betreten.  <\/li>\n\n\n\n<li>Wenn Sie die Kirche betreten, gehen Sie zuerst zum Mittelschiff, um das architektonische Ensemble zu bewundern.  <\/li>\n\n\n\n<li>Gehen Sie dann weiter zum Chor mit seinem geschnitzten Chorgest\u00fchl. Fahren Sie mit der Besichtigung des Hochaltars und des Sanktuariums fort. Verpassen Sie nicht die Sakristei, die durch einen Seitengang zug\u00e4nglich ist.  <\/li>\n\n\n\n<li>Beenden Sie Ihren Rundgang mit dem Museum der Kathedrale, das das historische und k\u00fcnstlerische Verst\u00e4ndnis des Monuments perfekt erg\u00e4nzt.<\/li>\n<\/ul>\n\n<figure class=\"wp-block-image size-large\"><img loading=\"lazy\" decoding=\"async\" src=\"https:\/\/photos.smugmug.com\/Travel\/Andalucia\/5d-Cathedral-Jaen\/i-nbJ3WLZ\/2\/Kh76MfSWZgWm3SbjRDNRMs3nfB8M4QbNJCvKxxmXS\/L\/cathedral_Jaen_Andalucia_Spain-4142-L.jpg\" alt=\"Die Kathedrale von Ja&#xE9;n - Besichtigungstipps\"\/><\/figure>\n\n<div style=\"background-color:#fefefe;margin-top:8%;margin-bottom:8%\" class=\"wp-block-genesis-blocks-gb-container box gb-block-container\"><div class=\"gb-container-inside\"><div class=\"gb-container-content\" style=\"max-width:700px\">\n<div class=\"wp-block-columns inverse is-layout-flex wp-container-core-columns-is-layout-9d6595d7 wp-block-columns-is-layout-flex\">\n<div class=\"wp-block-column texte_planif is-layout-flow wp-block-column-is-layout-flow\" style=\"flex-basis:58%\">\n<h5 class=\"titre_box\" style=\"padding-top:10px\">PLANEN SIE IHRE TRAUMREISE NACH <span class=\"titre_box_manuscrit\">Andalusien<\/span><\/h5>\n\n\n\n<div class=\"wp-block-genesis-blocks-gb-container gb-block-container\"><div class=\"gb-container-inside\"><div class=\"gb-container-content\">\n<p style=\"font-size:14px\">Alle Informationen, die Sie f\u00fcr Ihre Reise ben\u00f6tigen:<\/p>\n<\/div><\/div><\/div>\n\n\n\n<div class=\"wp-block-genesis-blocks-gb-container gb-block-container\"><div class=\"gb-container-inside\"><div class=\"gb-container-content\"><\/div><\/div><\/div>\n\n\n\n<ul class=\"wp-block-list\" style=\"font-size:14px\" id=\"liste_discover\">\n<li>7 Karten, die die Planung erleichtern<\/li>\n\n\n\n<li>+ 150 vorausgew\u00e4hlte Orte<\/li>\n\n\n\n<li>Praktische Ratschl\u00e4ge<\/li>\n\n\n\n<li>+ 300 Fotos, die Ihnen bei der Auswahl helfen<\/li>\n<\/ul>\n\n\n\n<div class=\"wp-block-buttons has-custom-font-size bouton_10 is-content-justification-center is-layout-flex wp-container-core-buttons-is-layout-14c487f4 wp-block-buttons-is-layout-flex\" style=\"font-size:13px\">\n<div class=\"wp-block-button has-custom-font-size\" style=\"font-size:14px\"><a class=\"wp-block-button__link has-white-color has-text-color wp-element-button\" href=\"https:\/\/andalucialovers.com\/de\/ebook-guide-road-trip-andalusien\/\" style=\"border-radius:4px\" target=\"_blank\" rel=\"noreferrer noopener\">Entdecken Sie<strong> <\/strong>&gt;&gt;<\/a><\/div>\n<\/div>\n<\/div>\n\n\n\n<div class=\"wp-block-column is-layout-flow wp-block-column-is-layout-flow\" style=\"flex-basis:42%\">\n<div class=\"wp-block-genesis-blocks-gb-container ebook-radius gb-block-container\"><div class=\"gb-container-inside\"><div class=\"gb-container-content\"><div class=\"wp-block-image ebook-image\">\n<figure class=\"aligncenter size-full is-resized\"><img loading=\"lazy\" decoding=\"async\" src=\"https:\/\/andalucialovers.com\/wp-content\/uploads\/2024\/06\/Andalusien-Reisefuhrer-eBook-Cover.jpg\" alt=\"Andalusien Reisef&#xFC;hrer eBook Cover\" class=\"wp-image-317\" style=\"width:203px;height:157px\"\/><\/figure>\n<\/div><\/div><\/div><\/div>\n<\/div>\n<\/div>\n<\/div><\/div><\/div>\n\n<h3 class=\"wp-block-heading\">Besuchen Sie mit Kindern<\/h3>\n\n<p>Die Kathedrale kann Kinder fesseln, wenn Sie es verstehen, ihre Neugier zu wecken. Wir empfehlen, dass Sie sie nach architektonischen Details an der Fassade suchen lassen. Im Inneren k\u00f6nnen sie von der beeindruckenden H\u00f6he der Gew\u00f6lbe beeindruckt sein. Das Museum bietet manchmal geeignete p\u00e4dagogische Aktivit\u00e4ten an. Der Besuch dieses Ortes ist jedoch nicht f\u00fcr Kinder geeignet.<\/p>\n\n<h3 class=\"wp-block-heading\">\u00d6ffnungszeiten und Preise<\/h3>\n\n<p><strong>\u00d6ffnungszeiten:<\/strong><\/p>\n\n<ul class=\"wp-block-list\">\n<li>Montag bis Freitag: 10.00-14.00 Uhr und 17.30-19.30 Uhr<\/li>\n\n\n\n<li>Samstag: 10.00-19.30 Uhr<\/li>\n\n\n\n<li>Sonntag: 14.00-18.30 Uhr<\/li>\n<\/ul>\n\n<p><strong>Preise:<\/strong><\/p>\n\n<ul class=\"wp-block-list\">\n<li>Allgemeiner Eintritt: 10\u20ac.<\/li>\n\n\n\n<li>Erm\u00e4\u00dfigter Tarif: 8\u20ac.<\/li>\n<\/ul>\n\n<p>Audioguides sind am Eingang erh\u00e4ltlich. Wir empfehlen sie sehr, da sie den Besuch mit detaillierten Erkl\u00e4rungen \u00fcber die Architektur und die Geschichte bereichern.  <\/p>\n\n<p>Die aktuellsten Tarife finden Sie auf der offiziellen Website. Weitere Informationen finden Sie <a href=\"https:\/\/catedraldejaen.org\/visita-cultural\/\" target=\"_blank\" rel=\"noreferrer noopener nofollow\">hier<\/a>.<\/p>\n\n<figure class=\"wp-block-image size-large\"><img loading=\"lazy\" decoding=\"async\" src=\"https:\/\/photos.smugmug.com\/Travel\/Andalucia\/5d-Cathedral-Jaen\/i-BKkzf2C\/2\/LWgPn7XK8bRMcXxr2SnnC3RB4bxBqBvZ2wdNwTHpR\/L\/cathedral_Jaen_Andalucia_Spain-4141-L.jpg\" alt=\"Kathedrale von Ja&#xE9;n - &#xD6;ffnungszeiten und Preise\"\/><\/figure>\n\n<h3 class=\"wp-block-heading\">F\u00fchrungen<\/h3>\n\n<p>Gruppenf\u00fchrungen werden freitags und samstags um 12.00 und 18.00 Uhr organisiert. Die gesch\u00e4tzte Dauer der F\u00fchrung betr\u00e4gt 1,5 Stunden.<\/p>\n\n<h3 class=\"wp-block-heading\">Restauration<\/h3>\n\n<p>Rund um die Plaza Santa Mar\u00eda gibt es viele M\u00f6glichkeiten, etwas zu essen und zu trinken. Traditionelle Tapas-Bars bieten lokale Spezialit\u00e4ten wie &#8222;Pipirrana&#8220; oder &#8222;Gachas&#8220; an. Wenn Sie ein Picknick bevorzugen, k\u00f6nnen Sie den Parque de la Alameda in 10 Minuten zu Fu\u00df erreichen. Wir empfehlen Ihnen, das lokale Oliven\u00f6l zu probieren, denn Ja\u00e9n ist die Welthauptstadt des fl\u00fcssigen Goldes!<\/p>\n\n<figure class=\"wp-block-image size-large\"><img loading=\"lazy\" decoding=\"async\" src=\"https:\/\/photos.smugmug.com\/Andalucia-Lovers\/Ronda\/Restaurants\/i-jhJSSrN\/0\/K5CdTf6cbfxbd99TM6P8ckdgmFZJ7Sv8sLrwq2M67\/L\/restaurant-tabanco-los-arcos-ronda-city-1-L.jpg\" alt=\"Kathedrale von Ja&#xE9;n - Restaurierung\"\/><\/figure>\n\n<div style=\"background-color:#fefefe;margin-top:6%;margin-bottom:6%\" class=\"wp-block-genesis-blocks-gb-container box gb-block-container\"><div class=\"gb-container-inside\"><div class=\"gb-container-content\" style=\"max-width:700px\">\n<div class=\"wp-block-columns inverse is-layout-flex wp-container-core-columns-is-layout-9d6595d7 wp-block-columns-is-layout-flex\">\n<div class=\"wp-block-column texte_planif is-layout-flow wp-block-column-is-layout-flow\" style=\"flex-basis:58%\">\n<h5 class=\"titre_box\">Erhalten Sie unseren <span class=\"titre_box_manuscrit\">Newsletter<\/span><\/h5>\n\n\n\n<ul class=\"wp-block-list\">\n<li>Ein Hauch von Flucht aus dem Alltag durch die sch\u00f6nen Reiseziele von Region Lovers!<\/li>\n\n\n\n<li>Einmal im Monat<\/li>\n\n\n\n<li>Ohne Werbung<\/li>\n<\/ul>\n\n\n<script>\nvar gform;gform||(document.addEventListener(\"gform_main_scripts_loaded\",function(){gform.scriptsLoaded=!0}),document.addEventListener(\"gform\/theme\/scripts_loaded\",function(){gform.themeScriptsLoaded=!0}),window.addEventListener(\"DOMContentLoaded\",function(){gform.domLoaded=!0}),gform={domLoaded:!1,scriptsLoaded:!1,themeScriptsLoaded:!1,isFormEditor:()=>\"function\"==typeof InitializeEditor,callIfLoaded:function(o){return!(!gform.domLoaded||!gform.scriptsLoaded||!gform.themeScriptsLoaded&&!gform.isFormEditor()||(gform.isFormEditor()&&console.warn(\"The use of gform.initializeOnLoaded() is deprecated in the form editor context and will be removed in Gravity Forms 3.1.\"),o(),0))},initializeOnLoaded:function(o){gform.callIfLoaded(o)||(document.addEventListener(\"gform_main_scripts_loaded\",()=>{gform.scriptsLoaded=!0,gform.callIfLoaded(o)}),document.addEventListener(\"gform\/theme\/scripts_loaded\",()=>{gform.themeScriptsLoaded=!0,gform.callIfLoaded(o)}),window.addEventListener(\"DOMContentLoaded\",()=>{gform.domLoaded=!0,gform.callIfLoaded(o)}))},hooks:{action:{},filter:{}},addAction:function(o,r,e,t){gform.addHook(\"action\",o,r,e,t)},addFilter:function(o,r,e,t){gform.addHook(\"filter\",o,r,e,t)},doAction:function(o){gform.doHook(\"action\",o,arguments)},applyFilters:function(o){return gform.doHook(\"filter\",o,arguments)},removeAction:function(o,r){gform.removeHook(\"action\",o,r)},removeFilter:function(o,r,e){gform.removeHook(\"filter\",o,r,e)},addHook:function(o,r,e,t,n){null==gform.hooks[o][r]&&(gform.hooks[o][r]=[]);var d=gform.hooks[o][r];null==n&&(n=r+\"_\"+d.length),gform.hooks[o][r].push({tag:n,callable:e,priority:t=null==t?10:t})},doHook:function(r,o,e){var t;if(e=Array.prototype.slice.call(e,1),null!=gform.hooks[r][o]&&((o=gform.hooks[r][o]).sort(function(o,r){return o.priority-r.priority}),o.forEach(function(o){\"function\"!=typeof(t=o.callable)&&(t=window[t]),\"action\"==r?t.apply(null,e):e[0]=t.apply(null,e)})),\"filter\"==r)return e[0]},removeHook:function(o,r,t,n){var e;null!=gform.hooks[o][r]&&(e=(e=gform.hooks[o][r]).filter(function(o,r,e){return!!(null!=n&&n!=o.tag||null!=t&&t!=o.priority)}),gform.hooks[o][r]=e)}});\n<\/script>\n\n                <div class='gf_browser_gecko gform_wrapper gform-theme gform-theme--foundation gform-theme--framework gform-theme--orbital waitlist_wrapper' data-form-theme='orbital' data-form-index='0' id='gform_wrapper_2' ><style>#gform_wrapper_2[data-form-index=\"0\"].gform-theme,[data-parent-form=\"2_0\"]{--gf-color-primary: #204ce5;--gf-color-primary-rgb: 32, 76, 229;--gf-color-primary-contrast: #fff;--gf-color-primary-contrast-rgb: 255, 255, 255;--gf-color-primary-darker: #001AB3;--gf-color-primary-lighter: #527EFF;--gf-color-secondary: #fff;--gf-color-secondary-rgb: 255, 255, 255;--gf-color-secondary-contrast: #112337;--gf-color-secondary-contrast-rgb: 17, 35, 55;--gf-color-secondary-darker: #F5F5F5;--gf-color-secondary-lighter: #FFFFFF;--gf-color-out-ctrl-light: rgba(17, 35, 55, 0.1);--gf-color-out-ctrl-light-rgb: 17, 35, 55;--gf-color-out-ctrl-light-darker: rgba(104, 110, 119, 0.35);--gf-color-out-ctrl-light-lighter: #F5F5F5;--gf-color-out-ctrl-dark: #585e6a;--gf-color-out-ctrl-dark-rgb: 88, 94, 106;--gf-color-out-ctrl-dark-darker: #112337;--gf-color-out-ctrl-dark-lighter: rgba(17, 35, 55, 0.65);--gf-color-in-ctrl: #fff;--gf-color-in-ctrl-rgb: 255, 255, 255;--gf-color-in-ctrl-contrast: #112337;--gf-color-in-ctrl-contrast-rgb: 17, 35, 55;--gf-color-in-ctrl-darker: #F5F5F5;--gf-color-in-ctrl-lighter: #FFFFFF;--gf-color-in-ctrl-primary: #204ce5;--gf-color-in-ctrl-primary-rgb: 32, 76, 229;--gf-color-in-ctrl-primary-contrast: #fff;--gf-color-in-ctrl-primary-contrast-rgb: 255, 255, 255;--gf-color-in-ctrl-primary-darker: #001AB3;--gf-color-in-ctrl-primary-lighter: #527EFF;--gf-color-in-ctrl-light: rgba(17, 35, 55, 0.1);--gf-color-in-ctrl-light-rgb: 17, 35, 55;--gf-color-in-ctrl-light-darker: rgba(104, 110, 119, 0.35);--gf-color-in-ctrl-light-lighter: #F5F5F5;--gf-color-in-ctrl-dark: #585e6a;--gf-color-in-ctrl-dark-rgb: 88, 94, 106;--gf-color-in-ctrl-dark-darker: #112337;--gf-color-in-ctrl-dark-lighter: rgba(17, 35, 55, 0.65);--gf-radius: 3px;--gf-font-size-secondary: 14px;--gf-font-size-tertiary: 13px;--gf-icon-ctrl-number: url(\"data:image\/svg+xml,%3Csvg width='8' height='14' viewBox='0 0 8 14' fill='none' xmlns='http:\/\/www.w3.org\/2000\/svg'%3E%3Cpath fill-rule='evenodd' clip-rule='evenodd' d='M4 0C4.26522 5.96046e-08 4.51957 0.105357 4.70711 0.292893L7.70711 3.29289C8.09763 3.68342 8.09763 4.31658 7.70711 4.70711C7.31658 5.09763 6.68342 5.09763 6.29289 4.70711L4 2.41421L1.70711 4.70711C1.31658 5.09763 0.683417 5.09763 0.292893 4.70711C-0.0976311 4.31658 -0.097631 3.68342 0.292893 3.29289L3.29289 0.292893C3.48043 0.105357 3.73478 0 4 0ZM0.292893 9.29289C0.683417 8.90237 1.31658 8.90237 1.70711 9.29289L4 11.5858L6.29289 9.29289C6.68342 8.90237 7.31658 8.90237 7.70711 9.29289C8.09763 9.68342 8.09763 10.3166 7.70711 10.7071L4.70711 13.7071C4.31658 14.0976 3.68342 14.0976 3.29289 13.7071L0.292893 10.7071C-0.0976311 10.3166 -0.0976311 9.68342 0.292893 9.29289Z' fill='rgba(17, 35, 55, 0.65)'\/%3E%3C\/svg%3E\");--gf-icon-ctrl-select: url(\"data:image\/svg+xml,%3Csvg width='10' height='6' viewBox='0 0 10 6' fill='none' xmlns='http:\/\/www.w3.org\/2000\/svg'%3E%3Cpath fill-rule='evenodd' clip-rule='evenodd' d='M0.292893 0.292893C0.683417 -0.097631 1.31658 -0.097631 1.70711 0.292893L5 3.58579L8.29289 0.292893C8.68342 -0.0976311 9.31658 -0.0976311 9.70711 0.292893C10.0976 0.683417 10.0976 1.31658 9.70711 1.70711L5.70711 5.70711C5.31658 6.09763 4.68342 6.09763 4.29289 5.70711L0.292893 1.70711C-0.0976311 1.31658 -0.0976311 0.683418 0.292893 0.292893Z' fill='rgba(17, 35, 55, 0.65)'\/%3E%3C\/svg%3E\");--gf-icon-ctrl-search: url(\"data:image\/svg+xml,%3Csvg width='640' height='640' xmlns='http:\/\/www.w3.org\/2000\/svg'%3E%3Cpath d='M256 128c-70.692 0-128 57.308-128 128 0 70.691 57.308 128 128 128 70.691 0 128-57.309 128-128 0-70.692-57.309-128-128-128zM64 256c0-106.039 85.961-192 192-192s192 85.961 192 192c0 41.466-13.146 79.863-35.498 111.248l154.125 154.125c12.496 12.496 12.496 32.758 0 45.254s-32.758 12.496-45.254 0L367.248 412.502C335.862 434.854 297.467 448 256 448c-106.039 0-192-85.962-192-192z' fill='rgba(17, 35, 55, 0.65)'\/%3E%3C\/svg%3E\");--gf-label-space-y-secondary: var(--gf-label-space-y-md-secondary);--gf-ctrl-border-color: #686e77;--gf-ctrl-size: var(--gf-ctrl-size-md);--gf-ctrl-label-color-primary: #112337;--gf-ctrl-label-color-secondary: #112337;--gf-ctrl-choice-size: var(--gf-ctrl-choice-size-md);--gf-ctrl-checkbox-check-size: var(--gf-ctrl-checkbox-check-size-md);--gf-ctrl-radio-check-size: var(--gf-ctrl-radio-check-size-md);--gf-ctrl-btn-font-size: var(--gf-ctrl-btn-font-size-md);--gf-ctrl-btn-padding-x: var(--gf-ctrl-btn-padding-x-md);--gf-ctrl-btn-size: var(--gf-ctrl-btn-size-md);--gf-ctrl-btn-border-color-secondary: #686e77;--gf-ctrl-file-btn-bg-color-hover: #EBEBEB;--gf-field-img-choice-size: var(--gf-field-img-choice-size-md);--gf-field-img-choice-card-space: var(--gf-field-img-choice-card-space-md);--gf-field-img-choice-check-ind-size: var(--gf-field-img-choice-check-ind-size-md);--gf-field-img-choice-check-ind-icon-size: var(--gf-field-img-choice-check-ind-icon-size-md);--gf-field-pg-steps-number-color: rgba(17, 35, 55, 0.8);}<\/style>\n                        <div class='gform_heading'>\n                            <p class='gform_description'><\/p>\n                        <\/div><form method='post' enctype='multipart\/form-data'  id='gform_2' class='waitlist' action='\/de\/wp-json\/wp\/v2\/posts\/5414' data-formid='2' novalidate>\n                        <div class='gform-body gform_body'><div id='gform_fields_2' class='gform_fields top_label form_sublabel_below description_below validation_below'><div id=\"field_2_1\" class=\"gfield gfield--type-email gfield--input-type-email gfield_contains_required field_sublabel_below gfield--no-description field_description_below hidden_label field_validation_below gfield_visibility_visible\"  ><label class='gfield_label gform-field-label' for='input_2_1'>E-mail<span class=\"gfield_required\"><span class=\"gfield_required gfield_required_text\">(erforderlich)<\/span><\/span><\/label><div class='ginput_container ginput_container_email'>\n                            <input name='input_1' id='input_2_1' type='email' value='' class='large'    aria-required=\"true\" aria-invalid=\"false\"  \/>\n                        <\/div><\/div><fieldset id=\"field_2_3\" class=\"gfield gfield--type-consent gfield--type-choice gfield--input-type-consent gfield--width-full gfield_contains_required field_sublabel_below gfield--no-description field_description_below hidden_label field_validation_below gfield_visibility_visible\"  ><legend class='gfield_label gform-field-label gfield_label_before_complex' >RGPD<span class=\"gfield_required\"><span class=\"gfield_required gfield_required_text\">(erforderlich)<\/span><\/span><\/legend><div class='ginput_container ginput_container_consent'><input name='input_3.1' id='input_2_3_1' type='checkbox' value='1'   aria-required=\"true\" aria-invalid=\"false\"   \/> <label class=\"gform-field-label gform-field-label--type-inline gfield_consent_label\" for='input_2_3_1' >Ja, ich m\u00f6chte den monatlichen Newsletter abonnieren.<span class=\"gfield_required gfield_required_text\">(erforderlich)<\/span><\/label><input type='hidden' name='input_3.2' value='Ja, ich m\u00f6chte den monatlichen Newsletter abonnieren.' class='gform_hidden' \/><input type='hidden' name='input_3.3' value='1' class='gform_hidden' \/><\/div><\/fieldset><div id=\"field_2_4\" class=\"gfield gfield--type-website gfield--input-type-website gfield--width-full field_sublabel_below gfield--no-description field_description_below field_validation_below gfield_visibility_hidden\"  ><div class=\"admin-hidden-markup\"><i class=\"gform-icon gform-icon--hidden\" aria-hidden=\"true\" title=\"Dieses Feld wird bei der Anzeige des Formulars ausgeblendet\"><\/i><span>Dieses Feld wird bei der Anzeige des Formulars ausgeblendet<\/span><\/div><label class='gfield_label gform-field-label' for='input_2_4'>Site Web<\/label><div class='ginput_container ginput_container_website'>\n                    <input name='input_4' id='input_2_4' type='url' value='https:\/\/andalucialovers.com\/de\/wp-json\/wp\/v2\/posts\/5414' class='large'    placeholder='https:\/\/'  aria-invalid=\"false\" \/>\n                <\/div><\/div><\/div><\/div>\n        <div class='gform-footer gform_footer top_label'> <input type='submit' id='gform_submit_button_2' class='gform_button button' onclick='gform.submission.handleButtonClick(this);' data-submission-type='submit' value='Anmelden'  \/> \n            <input type='hidden' class='gform_hidden' name='gform_submission_method' data-js='gform_submission_method_2' value='postback' \/>\n            <input type='hidden' class='gform_hidden' name='gform_theme' data-js='gform_theme_2' id='gform_theme_2' value='orbital' \/>\n            <input type='hidden' class='gform_hidden' name='gform_style_settings' data-js='gform_style_settings_2' id='gform_style_settings_2' value='{&quot;inputPrimaryColor&quot;:&quot;#204ce5&quot;}' \/>\n            <input type='hidden' class='gform_hidden' name='is_submit_2' value='1' \/>\n            <input type='hidden' class='gform_hidden' name='gform_submit' value='2' \/>\n            \n            <input type='hidden' class='gform_hidden' name='gform_currency' data-currency='EUR' value='RHAYL1tTjsJnbS1ObH6tXSNBNBg4cZpDgW\/+hcIDSfo9zHPPBfkLVNrJsH\/3T02EYtiODsk75ZxSK1jTOql\/BB3QKQNkpKhNL+dm+yCQWhqvyEM=' \/>\n            <input type='hidden' class='gform_hidden' name='gform_unique_id' value='' \/>\n            <input type='hidden' class='gform_hidden' name='state_2' value='WyJ7XCIzLjFcIjpcImFiMWYyZTEyMGRiNDNhMTEzMGI1YWIyYTNiZGQ5Mjg5XCIsXCIzLjJcIjpcIjRiNTY4MGQ1ZDM4Y2E1NjQyNGU2YTdjNmRmZmE5NmEwXCIsXCIzLjNcIjpcImFiMWYyZTEyMGRiNDNhMTEzMGI1YWIyYTNiZGQ5Mjg5XCJ9IiwiM2Q2ZjVhY2MzNDcyMjUwY2JhNWY0ZjBiMjM3ZGQ3YzUiXQ==' \/>\n            <input type='hidden' autocomplete='off' class='gform_hidden' name='gform_target_page_number_2' id='gform_target_page_number_2' value='0' \/>\n            <input type='hidden' autocomplete='off' class='gform_hidden' name='gform_source_page_number_2' id='gform_source_page_number_2' value='1' \/>\n            <input type='hidden' name='gform_field_values' value='' \/>\n            \n        <\/div>\n                        <\/form>\n                        <\/div><script>\ngform.initializeOnLoaded( function() {gformInitSpinner( 2, 'https:\/\/andalucialovers.com\/wp-content\/plugins\/gravityforms\/images\/spinner.svg', false );jQuery('#gform_ajax_frame_2').on('load',function(){var contents = jQuery(this).contents().find('*').html();var is_postback = contents.indexOf('GF_AJAX_POSTBACK') >= 0;if(!is_postback){return;}var form_content = jQuery(this).contents().find('#gform_wrapper_2');var is_confirmation = jQuery(this).contents().find('#gform_confirmation_wrapper_2').length > 0;var is_redirect = contents.indexOf('gformRedirect(){') >= 0;var is_form = form_content.length > 0 && ! is_redirect && ! is_confirmation;var mt = parseInt(jQuery('html').css('margin-top'), 10) + parseInt(jQuery('body').css('margin-top'), 10) + 100;if(is_form){jQuery('#gform_wrapper_2').html(form_content.html());if(form_content.hasClass('gform_validation_error')){jQuery('#gform_wrapper_2').addClass('gform_validation_error');} else {jQuery('#gform_wrapper_2').removeClass('gform_validation_error');}setTimeout( function() { \/* delay the scroll by 50 milliseconds to fix a bug in chrome *\/  }, 50 );if(window['gformInitDatepicker']) {gformInitDatepicker();}if(window['gformInitPriceFields']) {gformInitPriceFields();}var current_page = jQuery('#gform_source_page_number_2').val();gformInitSpinner( 2, 'https:\/\/andalucialovers.com\/wp-content\/plugins\/gravityforms\/images\/spinner.svg', false );jQuery(document).trigger('gform_page_loaded', [2, current_page]);window['gf_submitting_2'] = false;}else if(!is_redirect){var confirmation_content = jQuery(this).contents().find('.GF_AJAX_POSTBACK').html();if(!confirmation_content){confirmation_content = contents;}jQuery('#gform_wrapper_2').replaceWith(confirmation_content);jQuery(document).trigger('gform_confirmation_loaded', [2]);window['gf_submitting_2'] = false;wp.a11y.speak(jQuery('#gform_confirmation_message_2').text());}else{jQuery('#gform_2').append(contents);if(window['gformRedirect']) {gformRedirect();}}jQuery(document).trigger(\"gform_pre_post_render\", [{ formId: \"2\", currentPage: \"current_page\", abort: function() { this.preventDefault(); } }]);        if (event && event.defaultPrevented) {                return;        }        const gformWrapperDiv = document.getElementById( \"gform_wrapper_2\" );        if ( gformWrapperDiv ) {            const visibilitySpan = document.createElement( \"span\" );            visibilitySpan.id = \"gform_visibility_test_2\";            gformWrapperDiv.insertAdjacentElement( \"afterend\", visibilitySpan );        }        const visibilityTestDiv = document.getElementById( \"gform_visibility_test_2\" );        let postRenderFired = false;        function triggerPostRender() {            if ( postRenderFired ) {                return;            }            postRenderFired = true;            gform.core.triggerPostRenderEvents( 2, current_page );            if ( visibilityTestDiv ) {                visibilityTestDiv.parentNode.removeChild( visibilityTestDiv );            }        }        function debounce( func, wait, immediate ) {            var timeout;            return function() {                var context = this, args = arguments;                var later = function() {                    timeout = null;                    if ( !immediate ) func.apply( context, args );                };                var callNow = immediate && !timeout;                clearTimeout( timeout );                timeout = setTimeout( later, wait );                if ( callNow ) func.apply( context, args );            };        }        const debouncedTriggerPostRender = debounce( function() {            triggerPostRender();        }, 200 );        if ( visibilityTestDiv && visibilityTestDiv.offsetParent === null ) {            const observer = new MutationObserver( ( mutations ) => {                mutations.forEach( ( mutation ) => {                    if ( mutation.type === 'attributes' && visibilityTestDiv.offsetParent !== null ) {                        debouncedTriggerPostRender();                        observer.disconnect();                    }                });            });            observer.observe( document.body, {                attributes: true,                childList: false,                subtree: true,                attributeFilter: [ 'style', 'class' ],            });        } else {            triggerPostRender();        }    } );} );\n<\/script>\n<\/div>\n\n\n\n<div class=\"wp-block-column is-layout-flow wp-block-column-is-layout-flow\" style=\"flex-basis:42%\">\n<div class=\"wp-block-genesis-blocks-gb-container aligncenter newsletter-radius gb-block-container\"><div class=\"gb-container-inside\"><div class=\"gb-container-content\"><div class=\"wp-block-image newsletter-image\">\n<figure class=\"aligncenter size-full\"><img width=\"729\" height=\"792\" loading=\"lazy\" decoding=\"async\" src=\"https:\/\/andalucialovers.com\/wp-content\/uploads\/2024\/05\/newsletter_FR_2.webp\" alt=\"newsletter_DE_2\" class=\"wp-image-372\" srcset=\"https:\/\/andalucialovers.com\/wp-content\/uploads\/2024\/05\/newsletter_FR_2.webp 729w, https:\/\/andalucialovers.com\/wp-content\/uploads\/2024\/05\/newsletter_FR_2-276x300.webp 276w\" sizes=\"auto, (max-width: 729px) 100vw, 729px\" \/><\/figure>\n<\/div><\/div><\/div><\/div>\n<\/div>\n<\/div>\n<\/div><\/div><\/div>\n\n<h2 class=\"wp-block-heading\">Die Geschichte und die Architektur der Kathedrale verstehen<\/h2>\n\n<h3 class=\"wp-block-heading\">Bewundern Sie die majest\u00e4tische Barock- und Renaissancefassade.<\/h3>\n\n<p>Als wir auf die Hauptfassade der Kathedrale von Ja\u00e9n blickten, waren wir von ihrer Gr\u00f6\u00dfe und ihrem Reichtum an Dekorationen beeindruckt. Jahrhundert von dem gro\u00dfen Architekten Andr\u00e9s de Vandelvira entworfen und gilt als eines der Juwelen der spanischen Renaissance.<\/p>\n\n<figure class=\"wp-block-image size-large\"><img loading=\"lazy\" decoding=\"async\" src=\"https:\/\/photos.smugmug.com\/Travel\/Andalucia\/5d-Cathedral-Jaen\/i-kbprFBm\/2\/KNPXCP9XBjZ7Hs39Tt67HFWJQgwFX43sQ4fPvjNRN\/L\/cathedral_Jaen_Andalucia_Spain-4129-L.jpg\" alt=\"\"\/><\/figure>\n\n<p>Die symmetrische Komposition, die Zwillingss\u00e4ulen und die Nischen mit den religi\u00f6sen Statuen verleihen ihm das Aussehen eines echten Altarbildes aus Stein. Je n\u00e4her Sie kommen, desto mehr Details werden sichtbar: biblische Reliefs, Heiligenstatuen, geschnitzte Giebel, die die Macht des Glaubens und der Macht von Ja\u00e9n in der modernen Zeit widerspiegeln. Diese Fassade diente als Modell f\u00fcr viele Kirchen, die sp\u00e4ter in Spanien und Lateinamerika gebaut wurden, ein Beweis f\u00fcr seine k\u00fcnstlerische Ausstrahlung. Als wir es betrachteten, sp\u00fcrten wir den Ehrgeiz einer Stadt, die ihre Gr\u00f6\u00dfe durch Architektur unter Beweis stellen wollte.<\/p>\n\n<figure class=\"wp-block-image size-large\"><img loading=\"lazy\" decoding=\"async\" src=\"https:\/\/photos.smugmug.com\/Travel\/Andalucia\/5d-Cathedral-Jaen\/i-WS6GdmX\/2\/NRQqB74mjxwKpj37rzRpxzqQppQbpwFLWsNn7s8xP\/L\/cathedral_Jaen_Andalucia_Spain-4134-L.jpg\" alt=\"Kathedrale von Ja&#xE9;n - Eine monumentale Fassade im Stil der barocken Renaissance\"\/><\/figure>\n\n<h3 class=\"wp-block-heading\">Eine Kathedrale, die von der UNESCO zum Weltkulturerbe erkl\u00e4rt wurde<\/h3>\n\n<p>Die Kathedrale von Ja\u00e9n ist nicht nur ein lokales Denkmal, sondern ein Bauwerk von weltweiter Bedeutung. Seit 2012 ist sie Teil des UNESCO-Weltkulturerbes &#8222;Kathedralen der Renaissance in Andalusien&#8220;. Diese Klassifizierung erkennt seine Rolle als Modellgeb\u00e4ude an, das den Bau vieler Kathedralen in der Neuen Welt, insbesondere in Mexiko und Peru, beeinflusst hat. Aus diesem Grund hat sie auch einen Platz in unserer Auswahl der <a href=\"https:\/\/andalucialovers.com\/de\/kathedralen-andalusien\/\" target=\"_blank\" rel=\"noreferrer noopener\">sch\u00f6nsten Kathedralen Andalusiens<\/a>.<\/p>\n\n<figure class=\"wp-block-image size-large\"><img loading=\"lazy\" decoding=\"async\" src=\"https:\/\/photos.smugmug.com\/Travel\/Andalucia\/5d-Cathedral-Jaen\/i-pxknsGc\/2\/LCN9gSSWTTC7tbwBxsxtVhknfCfvnWV47FvHT5FRb\/L\/cathedral_Jaen_Andalucia_Spain-4151-L.jpg\" alt=\"\"\/><\/figure>\n\n<p>Wenn Sie die Stadt besuchen, kommen Sie in den Genuss eines Erbes, das weit \u00fcber die Grenzen Spaniens hinausgeht. Der Besuch der Kathedrale von Ja\u00e9n bedeutet, dass man versteht, wie eine andalusische Stadt die Geschichte der Weltarchitektur gepr\u00e4gt hat. Der Ort verk\u00f6rpert ein doppeltes Erbe: das der spanischen Renaissance und das eines Spaniens, das durch seine Siedler und Missionare seine Kunst und seinen Glauben auf die andere Seite des Atlantiks exportierte.<\/p>\n\n<figure class=\"wp-block-image size-large\"><img loading=\"lazy\" decoding=\"async\" src=\"https:\/\/photos.smugmug.com\/Travel\/Andalucia\/5d-Cathedral-Jaen\/i-B7XBZZS\/2\/LRXC5s6583jjVmkK8VKtbnkRFm4ZtG5zsz3XMxHG5\/L\/cathedral_Jaen_Andalucia_Spain-4158-L.jpg\" alt=\"Kathedrale von Ja&#xE9;n - Eine Kathedrale, die zum Weltkulturerbe geh&#xF6;rt\"\/><\/figure>\n\n<h2 class=\"wp-block-heading\">Das gro\u00dfartige Innere der Kathedrale erkunden<\/h2>\n\n<h3 class=\"wp-block-heading\">Das Kirchenschiff und seine beeindruckende Vertikalit\u00e4t<\/h3>\n\n<p>Als wir durch das Portal traten, waren wir sofort von der Gr\u00f6\u00dfe und den vielen Details \u00fcberw\u00e4ltigt. Im Gegensatz zu anderen, dunkleren Kathedralen \u00fcberrascht diese mit einem perfekten Gleichgewicht zwischen Monumentalit\u00e4t und Klarheit. Das dreifache Kirchenschiff im Stil der Renaissance wird von m\u00e4chtigen S\u00e4ulen getragen, die die beeindruckende H\u00f6he der Gew\u00f6lbe betonen.<\/p>\n<div class=\"wp-block-image\">\n<figure class=\"aligncenter size-large\"><img loading=\"lazy\" decoding=\"async\" src=\"https:\/\/photos.smugmug.com\/Travel\/Andalucia\/5d-Cathedral-Jaen\/i-QS64M5g\/2\/LHrXtTrHbXrwj6fkMJ42J6czf9V7ghNSK6bxJCWBz\/L\/cathedral_Jaen_Andalucia_Spain-4143-L.jpg\" alt=\"\"\/><\/figure>\n<\/div>\n<p>Wir empfehlen Ihnen, nach oben zu schauen, um die Kuppel und die B\u00f6gen zu bewundern, die den Blick auf nat\u00fcrliche Weise in den Himmel lenken. Der helle Stein unterstreicht das Gef\u00fchl von Leichtigkeit und Harmonie trotz der massiven Gr\u00f6\u00dfe des Geb\u00e4udes. Wir hatten das Gef\u00fchl, uns in einem Raum zu bewegen, der entworfen wurde, um das g\u00f6ttliche Licht zu verherrlichen, ein spiritueller Rahmen, der sowohl zur Kontemplation als auch zum Staunen einl\u00e4dt.<\/p>\n\n<figure class=\"wp-block-image size-large\"><img loading=\"lazy\" decoding=\"async\" src=\"https:\/\/photos.smugmug.com\/Travel\/Andalucia\/5d-Cathedral-Jaen\/i-bNG2jvJ\/2\/LVtnx6NN2cx3VdGNfvGTp2L7DFzBTXScRZjVtbjN8\/L\/cathedral_Jaen_Andalucia_Spain-4145-L.jpg\" alt=\"Kathedrale von Ja&#xE9;n - Das Kirchenschiff und seine leuchtende Unermesslichkeit\"\/><\/figure>\n\n<h3 class=\"wp-block-heading\">Der Chor und das Chorgest\u00fchl aus geschnitztem Nussbaumholz<\/h3>\n\n<p>Wenn Sie sich in Richtung Zentrum bewegen, wird der Chor schnell Ihre Aufmerksamkeit auf sich ziehen. Jahrhundert geschnitzt wurde und als eines der sch\u00f6nsten in Andalusien gilt. Jeder Sitz ist mit fein gearbeiteten Motiven verziert, die biblische Szenen und religi\u00f6se Figuren darstellen.<\/p>\n\n<figure class=\"wp-block-image size-large\"><img loading=\"lazy\" decoding=\"async\" src=\"https:\/\/photos.smugmug.com\/Travel\/Andalucia\/5d-Cathedral-Jaen\/i-tWFMFgX\/2\/MmCHTmkPrpQMp5R3Z7gqZ4FtZ3589Tw5N7mP8d8gH\/L\/cathedral_Jaen_Andalucia_Spain-4168-L.jpg\" alt=\"\"\/><\/figure>\n\n<p>Wir waren von der Pr\u00e4zision und dem Reichtum dieser Details beeindruckt, die von den au\u00dfergew\u00f6hnlichen F\u00e4higkeiten der Handwerker dieser Zeit zeugen. Es ist ein funktionaler und k\u00fcnstlerischer Ort, der f\u00fcr das Kapitel der Kanoniker entworfen wurde, aber auch um die Gl\u00e4ubigen zu beeindrucken. Nehmen Sie sich die Zeit, die Holzvert\u00e4felungen aus verschiedenen Blickwinkeln zu betrachten: Sie erz\u00e4hlen die heilige Geschichte und spiegeln die Macht und Raffinesse der Kathedrale wider.<\/p>\n\n<figure class=\"wp-block-image size-large\"><img loading=\"lazy\" decoding=\"async\" src=\"https:\/\/photos.smugmug.com\/Travel\/Andalucia\/5d-Cathedral-Jaen\/i-X87cw6C\/2\/NJcv5jgwTCRmq2SKMkC5ZZrHNJgndtCcDM7JCd8cM\/L\/cathedral_Jaen_Andalucia_Spain-4148-L.jpg\" alt=\"Kathedrale von Ja&#xE9;n - Der Chor und das Nussbaumgest&#xFC;hl\"\/><\/figure>\n\n<h2 class=\"wp-block-heading\">Entdecken Sie die verborgenen Sch\u00e4tze der Kathedrale<\/h2>\n\n<h3 class=\"wp-block-heading\">Die Sakristei und der Kapitelsaal, vertrauliche Schatullen<\/h3>\n\n<p>Wenn Ihnen die Harmonie des Kirchenschiffs gefallen hat, werden Sie von der Sakristei und dem Kapitelsaal, die ebenfalls von Andr\u00e9s de Vandelvira entworfen wurden, begeistert sein. Diese R\u00e4ume werden oft weniger besucht, geh\u00f6ren aber zu den Juwelen der Kathedrale. Die Sakristei ist ein Meisterwerk der spanischen Renaissance. Die perfekten Proportionen, die eleganten Gew\u00f6lbe und die helle Atmosph\u00e4re schaffen ein angenehmes Gleichgewicht. Der Kapitelsaal diente als Versammlungsort f\u00fcr das Kapitel der Kathedrale und bewahrt eine feierliche Strenge, die im Gegensatz zu der reichen Dekoration der Fassade steht.<\/p>\n\n<figure class=\"wp-block-image size-large\"><img loading=\"lazy\" decoding=\"async\" src=\"https:\/\/photos.smugmug.com\/Travel\/Andalucia\/5d-Cathedral-Jaen\/i-fJMvB4V\/2\/MZf7WRH6fWkLKrvLW5XQH6Dwsg354p3SFv2t48ShS\/L\/cathedral_Jaen_Andalucia_Spain-4167-L.jpg\" alt=\"Kathedrale von Ja&#xE9;n - Die Sakristei und der Kapitelsaal\"\/><\/figure>\n\n<h3 class=\"wp-block-heading\">Das Museum der Kathedrale und die bemerkenswerte Orgel<\/h3>\n\n<p>Bei einem Rundgang durch die Kathedrale verdienen zwei Dinge Ihre besondere Aufmerksamkeit: die monumentale Orgel und das Museum.  <\/p>\n\n<p>Die Orgel ist eine der beeindruckendsten in Spanien. Mit seinen reich geschnitzten Buffets und den vielen Pfeifen zog er unsere Aufmerksamkeit von der Empore aus auf sich. Wir fanden es faszinierend, uns die Kraft seines Klanges vorzustellen, der bei gro\u00dfen Feiern das Kirchenschiff f\u00fcllt. Auch wenn er leise ist, tr\u00e4gt er zur gro\u00dfartigen Atmosph\u00e4re des Geb\u00e4udes bei.<\/p>\n\n<figure class=\"wp-block-image size-large\"><img loading=\"lazy\" decoding=\"async\" src=\"https:\/\/photos.smugmug.com\/Travel\/Andalucia\/5d-Cathedral-Jaen\/i-wNjBzxg\/2\/M8FxF4nwCThnmzsnKq5Dp3gvM7LZhQCdwH5FNqH2P\/L\/cathedral_Jaen_Andalucia_Spain-4150-L.jpg\" alt=\"Kathedrale von Ja&#xE9;n - Das Museum der Kathedrale\"\/><\/figure>\n\n<p>Das Museum, das sich in den R\u00e4umen neben der Kathedrale befindet, sammelt ein wertvolles Erbe, das mit der religi\u00f6sen und k\u00fcnstlerischen Geschichte von Ja\u00e9n verbunden ist. Hier k\u00f6nnen Sie Gem\u00e4lde, Skulpturen und vor allem sakrale Goldschmiedearbeiten bewundern, die von der zentralen Rolle des Bistums im Laufe der Jahrhunderte zeugen. Diese Sammlungen erm\u00f6glichen ein besseres Verst\u00e4ndnis der Rolle der Kathedrale in der religi\u00f6sen und kulturellen Geschichte Andalusiens.<\/p>\n\n<figure class=\"wp-block-image size-large\"><img loading=\"lazy\" decoding=\"async\" src=\"https:\/\/photos.smugmug.com\/Travel\/Andalucia\/5d-Cathedral-Jaen\/i-BDGWLzf\/2\/Lf3W28Dn9cSFQRfRqXKM8TGW6KDZvSgfKV2cPMxB8\/L\/cathedral_Jaen_Andalucia_Spain-4154-L.jpg\" alt=\"\"\/><\/figure>\n\n<div style=\"margin-top:8%;margin-bottom:8%\" class=\"wp-block-genesis-blocks-gb-container box gb-block-container\"><div class=\"gb-container-inside\"><div class=\"gb-container-content\" style=\"max-width:700px\">\n<div class=\"wp-block-genesis-blocks-gb-container box_titre gb-block-container\"><div class=\"gb-container-inside\"><div class=\"gb-container-content\">\n<h5 class=\"titre_box\"><span>PLANEN SIE IHRE REISE RUND UM<\/span><span class=\"titre_box_manuscrit\">Andalusien<\/span><\/h5>\n<\/div><\/div><\/div>\n\n\n\n<hr class=\"wp-block-separator has-text-color has-alpha-channel-opacity has-background is-style-wide hr-box-planif\" style=\"background-color:#ccd3dd;color:#ccd3dd\"\/>\n\n\n\n<div class=\"wp-block-genesis-blocks-gb-container gb-block-container\"><div class=\"gb-container-inside\"><div class=\"gb-container-content\">\n<div class=\"wp-block-columns box_sans_border is-layout-flex wp-container-core-columns-is-layout-9d6595d7 wp-block-columns-is-layout-flex\">\n<div class=\"wp-block-column texte_planif is-layout-flow wp-block-column-is-layout-flow\" style=\"flex-basis:60%\">\n<p class=\"soustitre_planif\"><strong>Inspiration<\/strong><\/p>\n\n\n\n<ul class=\"wp-block-list\">\n<li style=\"font-size:14px\"><a href=\"https:\/\/andalucialovers.com\/de\/sehenswurdigkeiten-andalusien-attraktionen\/\" target=\"_blank\" rel=\"noreferrer noopener\">Was kann man in Andalusien unternehmen?<\/a><\/li>\n\n\n\n<li style=\"font-size:14px\"><a href=\"https:\/\/andalucialovers.com\/de\/schonste-stadte-andalusien\/\" target=\"_blank\" rel=\"noreferrer noopener\">Die sch\u00f6nsten St\u00e4dte<\/a><\/li>\n\n\n\n<li style=\"font-size:14px\"><a href=\"https:\/\/andalucialovers.com\/de\/schonste-strande-andalusien-liste\/\" target=\"_blank\" rel=\"noreferrer noopener\">Die sch\u00f6nsten Str\u00e4nde<\/a><\/li>\n\n\n\n<li style=\"font-size:14px\"><a href=\"https:\/\/andalucialovers.com\/de\/schonste-weisse-dorfer-andalusien\/\" target=\"_blank\" rel=\"noreferrer noopener\">Die sch\u00f6nsten wei\u00dfen D\u00f6rfer<\/a><\/li>\n\n\n\n<li style=\"font-size:14px\"><a href=\"https:\/\/andalucialovers.com\/de\/kathedralen-andalusien\/\" target=\"_blank\" rel=\"noreferrer noopener\">Die Kathedralen<\/a><\/li>\n\n\n\n<li style=\"font-size:14px\"><a href=\"https:\/\/andalucialovers.com\/de\/archaologische-statten-andalusien-ruinen\/\" target=\"_blank\" rel=\"noreferrer noopener\">Arch\u00e4ologische St\u00e4tten<\/a><\/li>\n\n\n\n<li style=\"font-size:14px\"><a data-type=\"post\" data-id=\"2221\" href=\"https:\/\/andalucialovers.com\/de\/cordoba-oder-sevilla-oder-granada\/\" target=\"_blank\" rel=\"noreferrer noopener\">Sevilla, Cordoba oder Granada?<\/a><\/li>\n\n\n\n<li style=\"font-size:14px\"><a href=\"https:\/\/andalucialovers.com\/de\/beste-museen-andalusien\/\" target=\"_blank\" rel=\"noreferrer noopener\">Beste Museen<\/a><\/li>\n\n\n\n<li style=\"font-size:14px\"><a href=\"https:\/\/andalucialovers.com\/de\/schonste-schlosser-palaste-andalusien\/\" target=\"_blank\" rel=\"noreferrer noopener\">Schl\u00f6sser und Pal\u00e4ste<\/a><\/li>\n\n\n\n<li style=\"font-size:14px\"><a href=\"https:\/\/andalucialovers.com\/de\/geheime-tipps-andalusien-orte\/\" target=\"_blank\" rel=\"noreferrer noopener\">Geheime Orte<\/a><\/li>\n<\/ul>\n<\/div>\n\n\n\n<div class=\"wp-block-column is-vertically-aligned-top planif-radius is-layout-flow wp-block-column-is-layout-flow\" style=\"flex-basis:40%\">\n<figure class=\"wp-block-image size-large img-portrait\"><img loading=\"lazy\" decoding=\"async\" src=\"https:\/\/photos.smugmug.com\/Travel\/Andalucia\/6b-Zuheros\/i-VRKFTdz\/1\/CNkgtxtms75zqS5pTQbm8FKsGCDk3kHvJFzJqmP2z\/S\/Zuheros_Andalucia_Spain-4306-S.jpg\" alt=\"Zuheros\" title=\"\"\/><\/figure>\n<\/div>\n<\/div>\n\n\n\n<hr class=\"wp-block-separator has-text-color has-alpha-channel-opacity has-background is-style-wide hr-box-planif\" style=\"background-color:#ccd3dd;color:#ccd3dd\"\/>\n\n\n\n<div class=\"wp-block-columns box_sans_border is-layout-flex wp-container-core-columns-is-layout-9d6595d7 wp-block-columns-is-layout-flex\">\n<div class=\"wp-block-column texte_planif is-layout-flow wp-block-column-is-layout-flow\" style=\"flex-basis:60%\">\n<p class=\"soustitre_planif\"><strong>Praxis<\/strong><\/p>\n\n\n\n<ul class=\"wp-block-list\">\n<li style=\"font-size:14px\"><a href=\"https:\/\/andalucialovers.com\/de\/wo-ubernachten-andalusien-beste-urlaubsorte\/\" data-type=\"post\" data-id=\"2632\" target=\"_blank\" rel=\"noreferrer noopener\">Wo kann man in Andalusien \u00fcbernachten?<\/a><\/li>\n\n\n\n<li style=\"font-size:14px\"><a href=\"https:\/\/andalucialovers.com\/de\/beste-5-sterne-hotels-andalusien-luxus-bewertungen\/\" type=\"post\" id=\"6105\" target=\"_blank\" rel=\"noreferrer noopener\">Beste Luxushotels in Andalusien<\/a><\/li>\n\n\n\n<li style=\"font-size:14px\"><a href=\"https:\/\/andalucialovers.com\/de\/beste-restaurant-andalusien-essengehen-bewertungen\/\" target=\"_blank\" rel=\"noreferrer noopener\">Beste Restaurants<\/a><\/li>\n\n\n\n<li style=\"font-size:14px\"><a data-type=\"post\" data-id=\"3712\" href=\"https:\/\/andalucialovers.com\/de\/autovermietung-andalusien-tipps-erfahrungen\/\" target=\"_blank\" rel=\"noreferrer noopener\">Autovermietung in Andalusien<\/a><\/li>\n\n\n\n<li style=\"font-size:14px\"><a href=\"https:\/\/andalucialovers.com\/de\/fahren-andalusien-tipps\/\" target=\"_blank\" rel=\"noreferrer noopener\">Fahren in Andalusien<\/a><\/li>\n<\/ul>\n<\/div>\n\n\n\n<div class=\"wp-block-column is-vertically-aligned-top planif-radius is-layout-flow wp-block-column-is-layout-flow\" style=\"flex-basis:40%\">\n<figure class=\"wp-block-image size-large img-portrait\"><img loading=\"lazy\" decoding=\"async\" src=\"https:\/\/photos.smugmug.com\/Travel\/Andalucia\/Accommodations\/i-QBDJnG7\/1\/4ZLWzw32dnhwGLrbmXL5HqSdBXzWBRMQhfVrcKD4\/S\/accommodation_Tarifa_Andalucia_Spain-2764-S.jpg\" alt=\"Hotel in Tarifa\" title=\"\"\/><\/figure>\n<\/div>\n<\/div>\n\n\n\n<hr class=\"wp-block-separator has-text-color has-alpha-channel-opacity has-background is-style-wide hr-box-planif\" style=\"background-color:#ccd3dd;color:#ccd3dd\"\/>\n\n\n\n<div class=\"wp-block-columns box_sans_border is-layout-flex wp-container-core-columns-is-layout-9d6595d7 wp-block-columns-is-layout-flex\">\n<div class=\"wp-block-column texte_planif is-layout-flow wp-block-column-is-layout-flow\" style=\"flex-basis:60%\">\n<p class=\"soustitre_planif\"><strong>Unumg\u00e4ngliche Orte<\/strong><\/p>\n\n\n\n<ul class=\"wp-block-list\">\n<li style=\"font-size:14px\"><a href=\"https:\/\/andalucialovers.com\/de\/sehenswurdigkeiten-sevilla-besuchen\/\" target=\"_blank\" rel=\"noreferrer noopener\">Sevilla<\/a><\/li>\n\n\n\n<li style=\"font-size:14px\"><a data-type=\"post\" data-id=\"2328\" href=\"https:\/\/andalucialovers.com\/de\/sehenswurdigkeiten-cordoba-besuchen\/\" target=\"_blank\" rel=\"noreferrer noopener\">C\u00f3rdoba<\/a><\/li>\n\n\n\n<li style=\"font-size:14px\"><a href=\"https:\/\/andalucialovers.com\/de\/sehenswurdigkeiten-granada-besuchen\/\" target=\"_blank\" rel=\"noreferrer noopener\">Granatapfel<\/a><\/li>\n\n\n\n<li style=\"font-size:14px\"><a href=\"https:\/\/andalucialovers.com\/de\/sehenswurdigkeiten-ronda-attraktionen\/\" target=\"_blank\" rel=\"noreferrer noopener\">Ronda<\/a><\/li>\n\n\n\n<li style=\"font-size:14px\"><a href=\"https:\/\/andalucialovers.com\/de\/sehenswurdigkeiten-malaga-besuchen\/\" target=\"_blank\" rel=\"noreferrer noopener\">Malaga<\/a><\/li>\n\n\n\n<li style=\"font-size:14px\"><a data-type=\"post\" data-id=\"3597\" href=\"https:\/\/andalucialovers.com\/de\/sehenswurdigkeiten-cadiz-besuchen\/\" target=\"_blank\" rel=\"noreferrer noopener\">Cadiz<\/a><\/li>\n\n\n\n<li style=\"font-size:14px\">Cabo de Gata<\/li>\n\n\n\n<li style=\"font-size:14px\"><a href=\"https:\/\/andalucialovers.com\/de\/sehenswurdigkeiten-antequera-besuchen\/\" target=\"_blank\" rel=\"noreferrer noopener\">Antequera<\/a><\/li>\n\n\n\n<li style=\"font-size:14px\">Baeza und Ubuda<\/li>\n<\/ul>\n<\/div>\n\n\n\n<div class=\"wp-block-column is-vertically-aligned-top planif-radius is-layout-flow wp-block-column-is-layout-flow\" style=\"flex-basis:40%\">\n<figure class=\"wp-block-image size-large img-portrait\"><img loading=\"lazy\" decoding=\"async\" src=\"https:\/\/photos.smugmug.com\/Travel\/Andalucia\/2e-Madina-Azahara\/i-nrQb8vF\/1\/DMVZRMLhBjwhLQtjzj2r5fqS4GjmpXXHrwvQnwFsm\/S\/Medina_Azahara_Andalucia_Spain-1434-S.jpg\" alt=\"Medina Azahara\" title=\"\"\/><\/figure>\n<\/div>\n<\/div>\n<\/div><\/div><\/div>\n\n\n\n<div class=\"wp-block-genesis-blocks-gb-container box_texte gb-block-container\"><div class=\"gb-container-inside\"><div class=\"gb-container-content\"><\/div><\/div><\/div>\n\n\n\n<div class=\"wp-block-genesis-blocks-gb-container box-texte gb-block-container\"><div class=\"gb-container-inside\"><div class=\"gb-container-content\"><\/div><\/div><\/div>\n<\/div><\/div><\/div>\n\n<p class=\"has-text-align-left\"><\/p>\n\n<div class=\"wp-block-genesis-blocks-gb-container box_auteur_voyage gb-block-container\"><div class=\"gb-container-inside\"><div class=\"gb-container-content\">\n<figure class=\"wp-block-image size-large img_auteur_voyage img_provisoire\"><a href=\"https:\/\/andalucialovers.com\/claire-robinson\/\" target=\"_blank\" rel=\"noreferrer noopener\"><img loading=\"lazy\" decoding=\"async\" src=\"https:\/\/photos.smugmug.com\/Region-Lovers\/Equipe\/i-nsNF6C6\/0\/Cs2F5n96pkt9xFD9D3SVqmQspMhrKgN75nHgBqmjG\/L\/Claire-L.png\" alt=\"\"\/><\/a><\/figure>\n\n\n\n<h5 class=\"titre_auteur_voyage\"><span>SIE HAT DIE REISE GEMACHT <\/span><span class=\"titre_box_manuscrit\">Claire<\/span><\/h5>\n<\/div><\/div><\/div>\n","protected":false},"excerpt":{"rendered":"<p>Zu Besuch in Ja\u00e9n? Verpassen Sie nicht die majest\u00e4tische Kathedrale! Sie ist ein Juwel der spanischen Renaissance und dominiert das historische Herz der Stadt. DiesesUNESCO-gesch\u00fctzte architektonische Wunder mit seiner monumentalen Fassade und den majest\u00e4tischen Innenr\u00e4umen hat uns mit seiner Harmonie und Gr\u00f6\u00dfe tief beeindruckt. In diesem Artikel finden Sie unsere Fotos und Tipps , wie [&hellip;]<\/p>\n","protected":false},"author":9,"featured_media":5396,"comment_status":"closed","ping_status":"closed","sticky":false,"template":"","format":"standard","meta":{"_genesis_hide_title":false,"_genesis_hide_breadcrumbs":false,"_genesis_hide_singular_image":false,"_genesis_hide_footer_widgets":false,"_genesis_custom_body_class":"","_genesis_custom_post_class":"","_genesis_layout":"","footnotes":""},"categories":[79],"tags":[],"class_list":{"0":"post-5414","1":"post","2":"type-post","3":"status-publish","4":"format-standard","5":"has-post-thumbnail","7":"category-cadiz-de","8":"entry"},"yoast_head":"<!-- This site is optimized with the Yoast SEO plugin v27.2 - https:\/\/yoast.com\/product\/yoast-seo-wordpress\/ -->\n<title>Kathedrale von Ja\u00e9n (Besuch + Fotos)<\/title>\n<meta name=\"description\" content=\"Tipps und Fotos f\u00fcr einen Besuch der Kathedrale von Ja\u00e9n: Anfahrt, Sehensw\u00fcrdigkeiten, praktische Informationen, Geschichte und Tipps f\u00fcr den Besuch\" \/>\n<meta name=\"robots\" content=\"index, follow, max-snippet:-1, max-image-preview:large, max-video-preview:-1\" \/>\n<link rel=\"canonical\" href=\"https:\/\/andalucialovers.com\/de\/besuchen-kathedrale-jaen\/\" \/>\n<meta property=\"og:locale\" content=\"de_DE\" \/>\n<meta property=\"og:type\" content=\"article\" \/>\n<meta property=\"og:title\" content=\"Kathedrale von Ja\u00e9n (Besuch + Fotos)\" \/>\n<meta property=\"og:description\" content=\"Tipps und Fotos f\u00fcr einen Besuch der Kathedrale von Ja\u00e9n: Anfahrt, Sehensw\u00fcrdigkeiten, praktische Informationen, Geschichte und Tipps f\u00fcr den Besuch\" \/>\n<meta property=\"og:url\" content=\"https:\/\/andalucialovers.com\/de\/besuchen-kathedrale-jaen\/\" \/>\n<meta property=\"og:site_name\" content=\"Andalucia Lovers\" \/>\n<meta property=\"article:published_time\" content=\"2025-10-02T08:18:08+00:00\" \/>\n<meta property=\"article:modified_time\" content=\"2025-10-02T16:16:26+00:00\" \/>\n<meta property=\"og:image\" content=\"https:\/\/andalucialovers.com\/wp-content\/uploads\/2025\/10\/besuchen-kathedrale-Jaen-de-scaled.jpg\" \/>\n\t<meta property=\"og:image:width\" content=\"2560\" \/>\n\t<meta property=\"og:image:height\" content=\"2130\" \/>\n\t<meta property=\"og:image:type\" content=\"image\/jpeg\" \/>\n<meta name=\"author\" content=\"Morgane\" \/>\n<meta name=\"twitter:card\" content=\"summary_large_image\" \/>\n<meta name=\"twitter:label1\" content=\"Verfasst von\" \/>\n\t<meta name=\"twitter:data1\" content=\"Morgane\" \/>\n\t<meta name=\"twitter:label2\" content=\"Gesch\u00e4tzte Lesezeit\" \/>\n\t<meta name=\"twitter:data2\" content=\"10 Minuten\" \/>\n<script type=\"application\/ld+json\" class=\"yoast-schema-graph\">{\"@context\":\"https:\/\/schema.org\",\"@graph\":[{\"@type\":\"Article\",\"@id\":\"https:\/\/andalucialovers.com\/de\/besuchen-kathedrale-jaen\/#article\",\"isPartOf\":{\"@id\":\"https:\/\/andalucialovers.com\/de\/besuchen-kathedrale-jaen\/\"},\"author\":{\"name\":\"Morgane\",\"@id\":\"https:\/\/andalucialovers.com\/de\/#\/schema\/person\/eecc5be960eb24e701a350a02c214c1c\"},\"headline\":\"Kathedrale von Ja\u00e9n (Besuch + Fotos)\",\"datePublished\":\"2025-10-02T08:18:08+00:00\",\"dateModified\":\"2025-10-02T16:16:26+00:00\",\"mainEntityOfPage\":{\"@id\":\"https:\/\/andalucialovers.com\/de\/besuchen-kathedrale-jaen\/\"},\"wordCount\":2001,\"publisher\":{\"@id\":\"https:\/\/andalucialovers.com\/de\/#organization\"},\"image\":{\"@id\":\"https:\/\/andalucialovers.com\/de\/besuchen-kathedrale-jaen\/#primaryimage\"},\"thumbnailUrl\":\"https:\/\/andalucialovers.com\/wp-content\/uploads\/2025\/10\/besuchen-kathedrale-Jaen-de-scaled.jpg\",\"articleSection\":[\"C\u00e1diz\"],\"inLanguage\":\"de-DE\"},{\"@type\":\"WebPage\",\"@id\":\"https:\/\/andalucialovers.com\/de\/besuchen-kathedrale-jaen\/\",\"url\":\"https:\/\/andalucialovers.com\/de\/besuchen-kathedrale-jaen\/\",\"name\":\"Kathedrale von Ja\u00e9n (Besuch + Fotos)\",\"isPartOf\":{\"@id\":\"https:\/\/andalucialovers.com\/de\/#website\"},\"primaryImageOfPage\":{\"@id\":\"https:\/\/andalucialovers.com\/de\/besuchen-kathedrale-jaen\/#primaryimage\"},\"image\":{\"@id\":\"https:\/\/andalucialovers.com\/de\/besuchen-kathedrale-jaen\/#primaryimage\"},\"thumbnailUrl\":\"https:\/\/andalucialovers.com\/wp-content\/uploads\/2025\/10\/besuchen-kathedrale-Jaen-de-scaled.jpg\",\"datePublished\":\"2025-10-02T08:18:08+00:00\",\"dateModified\":\"2025-10-02T16:16:26+00:00\",\"description\":\"Tipps und Fotos f\u00fcr einen Besuch der Kathedrale von Ja\u00e9n: Anfahrt, Sehensw\u00fcrdigkeiten, praktische Informationen, Geschichte und Tipps f\u00fcr den Besuch\",\"breadcrumb\":{\"@id\":\"https:\/\/andalucialovers.com\/de\/besuchen-kathedrale-jaen\/#breadcrumb\"},\"inLanguage\":\"de-DE\",\"potentialAction\":[{\"@type\":\"ReadAction\",\"target\":[\"https:\/\/andalucialovers.com\/de\/besuchen-kathedrale-jaen\/\"]}]},{\"@type\":\"ImageObject\",\"inLanguage\":\"de-DE\",\"@id\":\"https:\/\/andalucialovers.com\/de\/besuchen-kathedrale-jaen\/#primaryimage\",\"url\":\"https:\/\/andalucialovers.com\/wp-content\/uploads\/2025\/10\/besuchen-kathedrale-Jaen-de-scaled.jpg\",\"contentUrl\":\"https:\/\/andalucialovers.com\/wp-content\/uploads\/2025\/10\/besuchen-kathedrale-Jaen-de-scaled.jpg\",\"width\":2560,\"height\":2130,\"caption\":\"besuchen kathedrale Jaen de\"},{\"@type\":\"BreadcrumbList\",\"@id\":\"https:\/\/andalucialovers.com\/de\/besuchen-kathedrale-jaen\/#breadcrumb\",\"itemListElement\":[{\"@type\":\"ListItem\",\"position\":1,\"name\":\"Accueil\",\"item\":\"https:\/\/andalucialovers.com\/de\/\"},{\"@type\":\"ListItem\",\"position\":2,\"name\":\"C\u00e1diz\",\"item\":\"https:\/\/andalucialovers.com\/de\/cadiz-de\/\"},{\"@type\":\"ListItem\",\"position\":3,\"name\":\"Kathedrale von Ja\u00e9n (Besuch + Fotos)\"}]},{\"@type\":\"WebSite\",\"@id\":\"https:\/\/andalucialovers.com\/de\/#website\",\"url\":\"https:\/\/andalucialovers.com\/de\/\",\"name\":\"Andalucia Lovers\",\"description\":\"Le blog de Claire et Manu\",\"publisher\":{\"@id\":\"https:\/\/andalucialovers.com\/de\/#organization\"},\"potentialAction\":[{\"@type\":\"SearchAction\",\"target\":{\"@type\":\"EntryPoint\",\"urlTemplate\":\"https:\/\/andalucialovers.com\/de\/?s={search_term_string}\"},\"query-input\":{\"@type\":\"PropertyValueSpecification\",\"valueRequired\":true,\"valueName\":\"search_term_string\"}}],\"inLanguage\":\"de-DE\"},{\"@type\":\"Organization\",\"@id\":\"https:\/\/andalucialovers.com\/de\/#organization\",\"name\":\"Andalucia Lovers\",\"url\":\"https:\/\/andalucialovers.com\/de\/\",\"logo\":{\"@type\":\"ImageObject\",\"inLanguage\":\"de-DE\",\"@id\":\"https:\/\/andalucialovers.com\/de\/#\/schema\/logo\/image\/\",\"url\":\"https:\/\/andalucialovers.com\/wp-content\/uploads\/2024\/05\/cropped-Andalucia-Lovers-Logo.png\",\"contentUrl\":\"https:\/\/andalucialovers.com\/wp-content\/uploads\/2024\/05\/cropped-Andalucia-Lovers-Logo.png\",\"width\":2804,\"height\":481,\"caption\":\"Andalucia Lovers\"},\"image\":{\"@id\":\"https:\/\/andalucialovers.com\/de\/#\/schema\/logo\/image\/\"}},{\"@type\":\"Person\",\"@id\":\"https:\/\/andalucialovers.com\/de\/#\/schema\/person\/eecc5be960eb24e701a350a02c214c1c\",\"name\":\"Morgane\",\"image\":{\"@type\":\"ImageObject\",\"inLanguage\":\"de-DE\",\"@id\":\"https:\/\/secure.gravatar.com\/avatar\/afa26912805402e3ea29288b7478a6a37b47e98385c004daed7d76f04733a512?s=96&d=mm&r=g\",\"url\":\"https:\/\/secure.gravatar.com\/avatar\/afa26912805402e3ea29288b7478a6a37b47e98385c004daed7d76f04733a512?s=96&d=mm&r=g\",\"contentUrl\":\"https:\/\/secure.gravatar.com\/avatar\/afa26912805402e3ea29288b7478a6a37b47e98385c004daed7d76f04733a512?s=96&d=mm&r=g\",\"caption\":\"Morgane\"},\"url\":\"https:\/\/andalucialovers.com\/de\/author\/morgane\/\"}]}<\/script>\n<!-- \/ Yoast SEO plugin. -->","yoast_head_json":{"title":"Kathedrale von Ja\u00e9n (Besuch + Fotos)","description":"Tipps und Fotos f\u00fcr einen Besuch der Kathedrale von Ja\u00e9n: Anfahrt, Sehensw\u00fcrdigkeiten, praktische Informationen, Geschichte und Tipps f\u00fcr den Besuch","robots":{"index":"index","follow":"follow","max-snippet":"max-snippet:-1","max-image-preview":"max-image-preview:large","max-video-preview":"max-video-preview:-1"},"canonical":"https:\/\/andalucialovers.com\/de\/besuchen-kathedrale-jaen\/","og_locale":"de_DE","og_type":"article","og_title":"Kathedrale von Ja\u00e9n (Besuch + Fotos)","og_description":"Tipps und Fotos f\u00fcr einen Besuch der Kathedrale von Ja\u00e9n: Anfahrt, Sehensw\u00fcrdigkeiten, praktische Informationen, Geschichte und Tipps f\u00fcr den Besuch","og_url":"https:\/\/andalucialovers.com\/de\/besuchen-kathedrale-jaen\/","og_site_name":"Andalucia Lovers","article_published_time":"2025-10-02T08:18:08+00:00","article_modified_time":"2025-10-02T16:16:26+00:00","og_image":[{"width":2560,"height":2130,"url":"https:\/\/andalucialovers.com\/wp-content\/uploads\/2025\/10\/besuchen-kathedrale-Jaen-de-scaled.jpg","type":"image\/jpeg"}],"author":"Morgane","twitter_card":"summary_large_image","twitter_misc":{"Verfasst von":"Morgane","Gesch\u00e4tzte Lesezeit":"10 Minuten"},"schema":{"@context":"https:\/\/schema.org","@graph":[{"@type":"Article","@id":"https:\/\/andalucialovers.com\/de\/besuchen-kathedrale-jaen\/#article","isPartOf":{"@id":"https:\/\/andalucialovers.com\/de\/besuchen-kathedrale-jaen\/"},"author":{"name":"Morgane","@id":"https:\/\/andalucialovers.com\/de\/#\/schema\/person\/eecc5be960eb24e701a350a02c214c1c"},"headline":"Kathedrale von Ja\u00e9n (Besuch + Fotos)","datePublished":"2025-10-02T08:18:08+00:00","dateModified":"2025-10-02T16:16:26+00:00","mainEntityOfPage":{"@id":"https:\/\/andalucialovers.com\/de\/besuchen-kathedrale-jaen\/"},"wordCount":2001,"publisher":{"@id":"https:\/\/andalucialovers.com\/de\/#organization"},"image":{"@id":"https:\/\/andalucialovers.com\/de\/besuchen-kathedrale-jaen\/#primaryimage"},"thumbnailUrl":"https:\/\/andalucialovers.com\/wp-content\/uploads\/2025\/10\/besuchen-kathedrale-Jaen-de-scaled.jpg","articleSection":["C\u00e1diz"],"inLanguage":"de-DE"},{"@type":"WebPage","@id":"https:\/\/andalucialovers.com\/de\/besuchen-kathedrale-jaen\/","url":"https:\/\/andalucialovers.com\/de\/besuchen-kathedrale-jaen\/","name":"Kathedrale von Ja\u00e9n (Besuch + Fotos)","isPartOf":{"@id":"https:\/\/andalucialovers.com\/de\/#website"},"primaryImageOfPage":{"@id":"https:\/\/andalucialovers.com\/de\/besuchen-kathedrale-jaen\/#primaryimage"},"image":{"@id":"https:\/\/andalucialovers.com\/de\/besuchen-kathedrale-jaen\/#primaryimage"},"thumbnailUrl":"https:\/\/andalucialovers.com\/wp-content\/uploads\/2025\/10\/besuchen-kathedrale-Jaen-de-scaled.jpg","datePublished":"2025-10-02T08:18:08+00:00","dateModified":"2025-10-02T16:16:26+00:00","description":"Tipps und Fotos f\u00fcr einen Besuch der Kathedrale von Ja\u00e9n: Anfahrt, Sehensw\u00fcrdigkeiten, praktische Informationen, Geschichte und Tipps f\u00fcr den Besuch","breadcrumb":{"@id":"https:\/\/andalucialovers.com\/de\/besuchen-kathedrale-jaen\/#breadcrumb"},"inLanguage":"de-DE","potentialAction":[{"@type":"ReadAction","target":["https:\/\/andalucialovers.com\/de\/besuchen-kathedrale-jaen\/"]}]},{"@type":"ImageObject","inLanguage":"de-DE","@id":"https:\/\/andalucialovers.com\/de\/besuchen-kathedrale-jaen\/#primaryimage","url":"https:\/\/andalucialovers.com\/wp-content\/uploads\/2025\/10\/besuchen-kathedrale-Jaen-de-scaled.jpg","contentUrl":"https:\/\/andalucialovers.com\/wp-content\/uploads\/2025\/10\/besuchen-kathedrale-Jaen-de-scaled.jpg","width":2560,"height":2130,"caption":"besuchen kathedrale Jaen de"},{"@type":"BreadcrumbList","@id":"https:\/\/andalucialovers.com\/de\/besuchen-kathedrale-jaen\/#breadcrumb","itemListElement":[{"@type":"ListItem","position":1,"name":"Accueil","item":"https:\/\/andalucialovers.com\/de\/"},{"@type":"ListItem","position":2,"name":"C\u00e1diz","item":"https:\/\/andalucialovers.com\/de\/cadiz-de\/"},{"@type":"ListItem","position":3,"name":"Kathedrale von Ja\u00e9n (Besuch + Fotos)"}]},{"@type":"WebSite","@id":"https:\/\/andalucialovers.com\/de\/#website","url":"https:\/\/andalucialovers.com\/de\/","name":"Andalucia Lovers","description":"Le blog de Claire et Manu","publisher":{"@id":"https:\/\/andalucialovers.com\/de\/#organization"},"potentialAction":[{"@type":"SearchAction","target":{"@type":"EntryPoint","urlTemplate":"https:\/\/andalucialovers.com\/de\/?s={search_term_string}"},"query-input":{"@type":"PropertyValueSpecification","valueRequired":true,"valueName":"search_term_string"}}],"inLanguage":"de-DE"},{"@type":"Organization","@id":"https:\/\/andalucialovers.com\/de\/#organization","name":"Andalucia Lovers","url":"https:\/\/andalucialovers.com\/de\/","logo":{"@type":"ImageObject","inLanguage":"de-DE","@id":"https:\/\/andalucialovers.com\/de\/#\/schema\/logo\/image\/","url":"https:\/\/andalucialovers.com\/wp-content\/uploads\/2024\/05\/cropped-Andalucia-Lovers-Logo.png","contentUrl":"https:\/\/andalucialovers.com\/wp-content\/uploads\/2024\/05\/cropped-Andalucia-Lovers-Logo.png","width":2804,"height":481,"caption":"Andalucia Lovers"},"image":{"@id":"https:\/\/andalucialovers.com\/de\/#\/schema\/logo\/image\/"}},{"@type":"Person","@id":"https:\/\/andalucialovers.com\/de\/#\/schema\/person\/eecc5be960eb24e701a350a02c214c1c","name":"Morgane","image":{"@type":"ImageObject","inLanguage":"de-DE","@id":"https:\/\/secure.gravatar.com\/avatar\/afa26912805402e3ea29288b7478a6a37b47e98385c004daed7d76f04733a512?s=96&d=mm&r=g","url":"https:\/\/secure.gravatar.com\/avatar\/afa26912805402e3ea29288b7478a6a37b47e98385c004daed7d76f04733a512?s=96&d=mm&r=g","contentUrl":"https:\/\/secure.gravatar.com\/avatar\/afa26912805402e3ea29288b7478a6a37b47e98385c004daed7d76f04733a512?s=96&d=mm&r=g","caption":"Morgane"},"url":"https:\/\/andalucialovers.com\/de\/author\/morgane\/"}]}},"featured_image_src":"https:\/\/andalucialovers.com\/wp-content\/uploads\/2025\/10\/besuchen-kathedrale-Jaen-de-600x400.jpg","featured_image_src_square":"https:\/\/andalucialovers.com\/wp-content\/uploads\/2025\/10\/besuchen-kathedrale-Jaen-de-600x600.jpg","author_info":{"display_name":"Morgane","author_link":"https:\/\/andalucialovers.com\/de\/author\/morgane\/"},"_links":{"self":[{"href":"https:\/\/andalucialovers.com\/de\/wp-json\/wp\/v2\/posts\/5414","targetHints":{"allow":["GET"]}}],"collection":[{"href":"https:\/\/andalucialovers.com\/de\/wp-json\/wp\/v2\/posts"}],"about":[{"href":"https:\/\/andalucialovers.com\/de\/wp-json\/wp\/v2\/types\/post"}],"author":[{"embeddable":true,"href":"https:\/\/andalucialovers.com\/de\/wp-json\/wp\/v2\/users\/9"}],"replies":[{"embeddable":true,"href":"https:\/\/andalucialovers.com\/de\/wp-json\/wp\/v2\/comments?post=5414"}],"version-history":[{"count":0,"href":"https:\/\/andalucialovers.com\/de\/wp-json\/wp\/v2\/posts\/5414\/revisions"}],"wp:featuredmedia":[{"embeddable":true,"href":"https:\/\/andalucialovers.com\/de\/wp-json\/wp\/v2\/media\/5396"}],"wp:attachment":[{"href":"https:\/\/andalucialovers.com\/de\/wp-json\/wp\/v2\/media?parent=5414"}],"wp:term":[{"taxonomy":"category","embeddable":true,"href":"https:\/\/andalucialovers.com\/de\/wp-json\/wp\/v2\/categories?post=5414"},{"taxonomy":"post_tag","embeddable":true,"href":"https:\/\/andalucialovers.com\/de\/wp-json\/wp\/v2\/tags?post=5414"}],"curies":[{"name":"wp","href":"https:\/\/api.w.org\/{rel}","templated":true}]}}