{"id":5406,"date":"2025-10-02T10:18:08","date_gmt":"2025-10-02T08:18:08","guid":{"rendered":"https:\/\/andalucialovers.com\/visiter-cathedrale-jaen\/"},"modified":"2025-10-02T18:18:35","modified_gmt":"2025-10-02T16:18:35","slug":"visitar-catedral-jaen","status":"publish","type":"post","link":"https:\/\/andalucialovers.com\/pt-pt\/visitar-catedral-jaen\/","title":{"rendered":"Catedral de Ja\u00e9n (visita + fotos)"},"content":{"rendered":"\n<p>Est\u00e1 de visita a<strong> Ja\u00e9n<\/strong>? N\u00e3o perca a sua majestosa <strong>catedral<\/strong>! Verdadeira joia do <strong>Renascimento <\/strong>espanhol, ela domina o cora\u00e7\u00e3o hist\u00f3rico da cidade. Esta maravilha arquitet\u00f3nica,<strong>classificada pela UNESCO<\/strong>, com a sua fachada monumental e os seus interiores majestosos, impressionou-nos pela sua harmonia e grandeza.<\/p>\n\n<p>Neste artigo, encontrar\u00e1 <strong>as nossas fotografias e conselhos <\/strong>sobre como aproveitar ao m\u00e1ximo a sua <strong>visita \u00e0 Catedral de Ja\u00e9n<\/strong>.<\/p>\n\n<figure class=\"wp-block-image size-large\"><img decoding=\"async\" src=\"https:\/\/andalucialovers.com\/wp-content\/uploads\/2025\/10\/visitar-catedral-Jaen-PT-1024x852.jpg\" alt=\"visite a catedral de Ja&#xE9;n\" class=\"wp-image-5392\"\/><\/figure>\n\n<p>Esta \u00e9 uma opini\u00e3o completamente <strong>independente<\/strong>, baseada na nossa pr\u00f3pria experi\u00eancia. Fizemos as nossas pr\u00f3prias escolhas, visit\u00e1mos a regi\u00e3o de forma an\u00f3nima e pag\u00e1mos as nossas contas na totalidade.<\/p>\n\n<h2 class=\"wp-block-heading\">Porqu\u00ea visitar a Catedral de Ja\u00e9n<\/h2>\n\n<h3 class=\"wp-block-heading\">Vale a pena visitar a Catedral de Ja\u00e9n? A nossa opini\u00e3o:<\/h3>\n\n<p>A Catedral de Ja\u00e9n merece definitivamente uma visita. Esta catedral renascentista, Patrim\u00f3nio Mundial da UNESCO, impressiona pela sua fachada monumental desenhada por Andr\u00e9s de Vandelvira e pelos seus interiores cheios de luz. A harmonia arquitet\u00f3nica e a riqueza art\u00edstica deste monumento, que influenciou muitas catedrais do Novo Mundo, cativaram-nos. Esta \u00e9 uma das melhores actividades em Ja\u00e9n!<\/p>\n\n<figure class=\"wp-block-image size-large\"><img loading=\"lazy\" decoding=\"async\" src=\"https:\/\/photos.smugmug.com\/Travel\/Andalucia\/5d-Cathedral-Jaen\/i-bNG2jvJ\/2\/LVtnx6NN2cx3VdGNfvGTp2L7DFzBTXScRZjVtbjN8\/L\/cathedral_Jaen_Andalucia_Spain-4145-L.jpg\" alt=\"\"\/><\/figure>\n\n<h3 class=\"wp-block-heading\">Porque \u00e9 que a Catedral de Ja\u00e9n \u00e9 t\u00e3o famosa?<\/h3>\n\n<p>A catedral \u00e9 famosa pelo seu papel como modelo arquitet\u00f3nico do Renascimento espanhol, tendo inspirado a constru\u00e7\u00e3o de muitas catedrais na Am\u00e9rica Latina. A sua fachada principal, obra de Andr\u00e9s de Vandelvira, \u00e9 considerada uma das obras-primas do Renascimento espanhol. Desde 2012, est\u00e1 classificada como Patrim\u00f3nio Mundial da UNESCO como uma das &#8220;Catedrais Renascentistas da Andaluzia&#8221;. Este reconhecimento internacional sublinha a sua import\u00e2ncia na hist\u00f3ria da arquitetura mundial e a sua influ\u00eancia na arte religiosa colonial.<\/p>\n\n<figure class=\"wp-block-image size-large\"><img loading=\"lazy\" decoding=\"async\" src=\"https:\/\/photos.smugmug.com\/Travel\/Andalucia\/5d-Cathedral-Jaen\/i-ZR2MRFS\/2\/LPGNrMVz2sr7MqXvvjGTXgZ4FbkKGtPrSBDhBKWbz\/L\/cathedral_Jaen_Andalucia_Spain-4160-L.jpg\" alt=\"Catedral de Ja&#xE9;n - Vale a pena visitar a Catedral de Ja&#xE9;n? A nossa opini&#xE3;o:\"\/><\/figure>\n\n<h3 class=\"wp-block-heading\">Os nossos momentos preferidos<\/h3>\n\n<p>Houve v\u00e1rios momentos que nos tocaram particularmente durante a nossa visita.<\/p>\n\n<ul class=\"wp-block-list\">\n<li>A descoberta da fachada principal deixou-nos sem palavras, com as suas colunas g\u00e9meas e os seus relevos b\u00edblicos de uma beleza not\u00e1vel.  <\/li>\n\n\n\n<li>No interior, fic\u00e1mos impressionados com o incr\u00edvel detalhe do teto e com a imensid\u00e3o do edif\u00edcio.<\/li>\n\n\n\n<li>Veja a Catedral a partir de um ponto privilegiado com vista para a cidade<\/li>\n<\/ul>\n\n<figure class=\"wp-block-image size-large\"><img loading=\"lazy\" decoding=\"async\" src=\"https:\/\/photos.smugmug.com\/Travel\/Andalucia\/5e-Jaen-other\/i-R5wHBfj\/2\/KQK8Vhss72NkCCTcqsggzJDNJjp7mdn9kVxqsGfhc\/L\/Jaen_Andalucia_Spain-1683-L.jpg\" alt=\"Catedral de Ja&#xE9;n - Os nossos momentos preferidos\"\/><\/figure>\n\n<div style=\"margin-top:8%;margin-bottom:8%\" class=\"wp-block-genesis-blocks-gb-container box gb-block-container\"><div class=\"gb-container-inside\"><div class=\"gb-container-content\" style=\"max-width:700px\">\n<div class=\"wp-block-genesis-blocks-gb-container box_titre gb-block-container\"><div class=\"gb-container-inside\"><div class=\"gb-container-content\">\n<h5 class=\"titre_box\" style=\"padding-top:10px;\">ONDE FICAR EM <span class=\"titre_box_manuscrit\">C\u00f3rdoba<\/span><\/h5>\n<\/div><\/div><\/div>\n\n\n\n<hr class=\"wp-block-separator has-text-color has-alpha-channel-opacity has-background is-style-wide hr-box-planif\" style=\"background-color:#ccd3dd;color:#ccd3dd\"\/>\n\n\n\n<div class=\"wp-block-columns box_sans_border is-layout-flex wp-container-core-columns-is-layout-9d6595d7 wp-block-columns-is-layout-flex\">\n<div class=\"wp-block-column texte_planif is-layout-flow wp-block-column-is-layout-flow\" style=\"font-size:14px;flex-basis:60%\">\n<p class=\"option_titre2\"><strong>Os nossos favoritos: bairros e hot\u00e9is<\/strong><\/p>\n\n\n\n<p style=\"font-size:14px\"><strong>Bairro hist\u00f3rico<\/strong><br\/>Hotel Las Casas de la Juderia &#8211; <a href=\"https:\/\/www.booking.com\/hotel\/es\/las-casas-de-la-juderia.html?aid=2420173\" target=\"_blank\" rel=\"noreferrer noopener nofollow\">pre\u00e7os, imagens e disponibilidade<\/a><br\/>Hotel Madinat &#8211; <a href=\"https:\/\/www.booking.com\/hotel\/es\/madinat.html?aid=2420173\" target=\"_blank\" rel=\"noreferrer noopener nofollow\">pre\u00e7os, imagens e disponibilidade<\/a><\/p>\n\n\n\n<p style=\"font-size:14px\"><strong>Bairro de Santa Marina<\/strong><br\/>Hotel Hospes Palacio del Bailio &#8211; <a href=\"https:\/\/www.booking.com\/hotel\/es\/palacio-del-bailio.html?aid=2420173\" target=\"_blank\" rel=\"noreferrer noopener nofollow\">pre\u00e7os, imagens e disponibilidade <\/a> <\/p>\n\n\n\n<ul class=\"wp-block-list ul_box\">\n<li style=\"font-size:14px\"><strong>Hotel 1<\/strong> &#8211; ver pre\u00e7os, fotos e disponibilidade<\/li>\n\n\n\n<li style=\"font-size:14px\"><strong>Hotel 2<\/strong> &#8211; ver pre\u00e7os, fotos e disponibilidade<\/li>\n<\/ul>\n<\/div>\n\n\n\n<div class=\"wp-block-column is-vertically-aligned-top planif-radius is-layout-flow wp-block-column-is-layout-flow\" style=\"flex-basis:40%\">\n<figure class=\"wp-block-image size-large img-portrait\"><img loading=\"lazy\" decoding=\"async\" src=\"https:\/\/photos.smugmug.com\/Andalucia-Lovers\/Cordoba\/Hotels\/Fa%C3%A7ades\/i-FXWmmNd\/0\/McPxdDLWKrsjV36SZsCKQ8KRGvvv9Wfx8Kz42Dwg3\/L\/hotel%20madinat%20cordoba-L.jpg\" alt=\"Hotel Madinat\" title=\"\"\/><\/figure>\n<\/div>\n<\/div>\n\n\n\n<hr class=\"wp-block-separator has-text-color has-alpha-channel-opacity has-background is-style-wide hr-box-planif\" style=\"background-color:#ccd3dd;color:#ccd3dd\"\/>\n\n\n\n<p class=\"has-text-align-center has-normal-font-size\">Veja a nossa sele\u00e7\u00e3o completa dos <a href=\"https:\/\/andalucialovers.com\/pt-pt\/onde-ficar-cordova-melhores-hoteis-bairros\/\" data-type=\"post\" data-id=\"2728\" target=\"_blank\" rel=\"noreferrer noopener\">melhores hot\u00e9is em C\u00f3rdoba<\/a><\/p>\n\n\n\n<div class=\"wp-block-buttons planif_bouton is-content-justification-center is-layout-flex wp-container-core-buttons-is-layout-16018d1d wp-block-buttons-is-layout-flex\">\n<div class=\"wp-block-button has-custom-font-size\" style=\"font-size:14px\"><a class=\"wp-block-button__link has-white-color has-text-color wp-element-button\" href=\"https:\/\/www.booking.com\/searchresults.html?city=-378765&amp;nflt=review_score%253D90%253Breview_score%253D80&amp;aid=2420173&amp;no_rooms=1&amp;group_adults=2\" style=\"border-radius:4px\" target=\"_blank\" rel=\"noreferrer noopener nofollow\">Veja todos os alojamentos dispon\u00edveis &gt;&gt;<\/a><\/div>\n<\/div>\n<\/div><\/div><\/div>\n\n<h3 class=\"wp-block-heading\">Resumo da hist\u00f3ria<\/h3>\n\n<p>A Catedral de Ja\u00e9n tem uma hist\u00f3ria rica que se estende por v\u00e1rios s\u00e9culos:<\/p>\n\n<ul class=\"wp-block-list\">\n<li>1246 &#8211; Conquista de Ja\u00e9n por Fernando III e consagra\u00e7\u00e3o da mesquita como catedral crist\u00e3<\/li>\n\n\n\n<li>1368 &#8211; In\u00edcio da constru\u00e7\u00e3o da atual catedral no local da antiga mesquita<\/li>\n\n\n\n<li>S\u00e9culo XVI &#8211; Andr\u00e9s de Vandelvira desenha os projectos do edif\u00edcio atual<\/li>\n\n\n\n<li>1660 &#8211; Conclus\u00e3o da constru\u00e7\u00e3o ap\u00f3s quase 2 s\u00e9culos de trabalho<\/li>\n\n\n\n<li>2012 &#8211; Classificada como Patrim\u00f3nio Mundial da UNESCO<\/li>\n<\/ul>\n\n<figure class=\"wp-block-image size-large\"><img loading=\"lazy\" decoding=\"async\" src=\"https:\/\/photos.smugmug.com\/Travel\/Andalucia\/5d-Cathedral-Jaen\/i-cZ3G79d\/2\/NFkVnB239WFGxRL366CLgKgsQwQ7bBmpcZB6Pc5rD\/L\/cathedral_Jaen_Andalucia_Spain-4132-L.jpg\" alt=\"Catedral de Ja&#xE9;n - Resumo da hist&#xF3;ria\"\/><\/figure>\n\n<h2 class=\"wp-block-heading\">Acesso: Catedral, Ja\u00e9n<\/h2>\n\n<h3 class=\"wp-block-heading\">Onde fica a Catedral de Ja\u00e9n?<\/h3>\n\n<ul class=\"wp-block-list\">\n<li>No centro de Ja\u00e9n, a Plaza de Santa Mar\u00eda<\/li>\n\n\n\n<li>Tempo de condu\u00e7\u00e3o desde Granada: 1 hora<\/li>\n\n\n\n<li>Tempo de condu\u00e7\u00e3o desde C\u00f3rdoba: 1h30<\/li>\n\n\n\n<li>Tempo de viagem de Sevilha: 2h40<\/li>\n<\/ul>\n\n<p>Aqui tem um mapa para o ajudar a orientar-se:<\/p>\n\n<figure class=\"wp-block-image size-large\"><img loading=\"lazy\" decoding=\"async\" src=\"https:\/\/andalucialovers.com\/wp-content\/uploads\/2024\/08\/mapa-melhores-cidades-da-Andaluzia-1024x683.png\" alt=\"mapa melhores cidades andaluzia\" class=\"wp-image-1794\"\/><figcaption class=\"wp-element-caption\">Mapa das cidades andaluzas<\/figcaption><\/figure>\n\n<div class=\"wp-block-columns inverse box_planif is-layout-flex wp-container-core-columns-is-layout-9d6595d7 wp-block-columns-is-layout-flex\">\n<div class=\"wp-block-column texte_planif is-layout-flow wp-block-column-is-layout-flow\" style=\"flex-basis:58%\">\n<h5 class=\"titre_box\"> ALUGUE O SEU CARRO EM <span class=\"titre_box_manuscrit\">\nAndaluzia<\/span><\/h5>\n\n\n\n<ul style=\"font-size:14px\" class=\"wp-block-list liste_voiture\">\n<li>Compare os pre\u00e7os na nossa plataforma preferida: <a href=\"https:\/\/www.discovercars.com\/pt\/spain?a_aid=zigzag&amp;chan=andalucia\" target=\"_blank\" rel=\"noreferrer noopener sponsored nofollow\">DiscoverCars<\/a> &#8211; um dos s\u00edtios mais bem classificados.<\/li>\n\n\n\n<li>Escolha um <strong>carro compacto<\/strong>, pois algumas aldeias t\u00eam ruas muito estreitas!<\/li>\n\n\n\n<li>Pense num<strong>seguro global<\/strong> pela mesma raz\u00e3o<\/li>\n\n\n\n<li><strong>Reserve com anteced\u00eancia<\/strong> para poder escolher.<\/li>\n<\/ul>\n<\/div>\n\n\n\n<div class=\"wp-block-column planif-radius-3 is-layout-flow wp-block-column-is-layout-flow\" style=\"flex-basis:42%\">\n<figure class=\"wp-block-image size-large is-resized\"><img loading=\"lazy\" decoding=\"async\" src=\"https:\/\/photos.smugmug.com\/Travel\/Andalucia\/Driving\/i-tqxqm2M\/1\/DBVq6wpqQpTv8CpSvmFGgfKbDdqGMK9zqdcc59cGs\/S\/Driving_Andalucia_Spain-8407-S.jpg\" alt=\"Conduzir na Andaluzia\" title=\"\"\/><\/figure>\n<\/div>\n<\/div>\n\n<div class=\"wp-block-columns planif_bouton is-layout-flex wp-container-core-columns-is-layout-9d6595d7 wp-block-columns-is-layout-flex\">\n<div class=\"wp-block-column is-layout-flow wp-block-column-is-layout-flow\" style=\"flex-basis:50%\">\n<div class=\"wp-block-buttons is-content-justification-center is-layout-flex wp-container-core-buttons-is-layout-16018d1d wp-block-buttons-is-layout-flex\">\n<div class=\"wp-block-button has-custom-font-size\" style=\"font-size:14px\"><a class=\"wp-block-button__link has-white-color has-text-color wp-element-button\" href=\"https:\/\/www.discovercars.com\/pt\/spain?a_aid=zigzag&amp;amp;chan=andalucia\" style=\"border-radius:4px\" target=\"_blank\" rel=\"noreferrer noopener nofollow\">Veja os carros<img loading=\"lazy\" decoding=\"async\" class=\"wp-image-2851\" style=\"width: 16px;\" src=\"https:\/\/provencelovers.fr\/wp-content\/uploads\/2023\/08\/ArrowRight.webp\" alt=\"\"\/><\/a><\/div>\n<\/div>\n<\/div>\n\n\n\n<div class=\"wp-block-column is-vertically-aligned-center is-layout-flow wp-block-column-is-layout-flow\" style=\"flex-basis:50%\">\n<p class=\"has-text-align-center\" style=\"font-size:14px\"><strong><a href=\"https:\/\/andalucialovers.com\/pt-pt\/como-alugar-carro-andaluzia-dicas-experiencia\/\" data-type=\"post\" data-id=\"3712\" target=\"_blank\" rel=\"noreferrer noopener\">Veja os nossos conselhos<\/a><\/strong><\/p>\n<\/div>\n<\/div>\n\n<h3 class=\"wp-block-heading\">Como \u00e9 que l\u00e1 chego?<\/h3>\n\n<ul class=\"wp-block-list\">\n<li>Situado mesmo no centro da cidade, a forma mais f\u00e1cil de aqui chegar \u00e9 a p\u00e9.<\/li>\n\n\n\n<li>Se vier de carro, como o centro hist\u00f3rico \u00e9 pedonal, recomendamos-lhe que estacione nos arredores e caminhe at\u00e9 \u00e0 catedral, o que lhe permitir\u00e1 descobrir as encantadoras ruelas da velha Ja\u00e9n.<\/li>\n\n\n\n<li>Se utilizar os transportes p\u00fablicos, a paragem mais pr\u00f3xima \u00e9 a &#8220;Calle Ramon y Cajal Bis&#8221; da rede de transportes da cidade. Encontra-se a menos de 5 minutos a p\u00e9.<br\/>Para planear o seu percurso, consulte os mapas de percursos, os hor\u00e1rios e as tarifas <a href=\"https:\/\/www.alsa.es\/\" target=\"_blank\" rel=\"noreferrer noopener nofollow\">aqui<\/a>.<\/li>\n<\/ul>\n\n<figure class=\"wp-block-image size-large\"><img loading=\"lazy\" decoding=\"async\" src=\"https:\/\/photos.smugmug.com\/Travel\/Andalucia\/5e-Jaen-other\/i-sZB3szQ\/2\/LXzF5g89dKLWHT8CqPncLjzgBK5jcS2fXrxmWzGg9\/L\/Jaen_Andalucia_Spain-4118-L.jpg\" alt=\"\"\/><\/figure>\n\n<h3 class=\"wp-block-heading\">Parque de estacionamento<\/h3>\n\n<p>Existem v\u00e1rias op\u00e7\u00f5es de estacionamento perto da catedral:<\/p>\n\n<ul class=\"wp-block-list\">\n<li>O parque de estacionamento subterr\u00e2neo do <em>Aparcamiento San Francisco<\/em> fica a menos de 5 minutos a p\u00e9,<\/li>\n\n\n\n<li>O parque de estacionamento da <em>Plaza de la Constituci\u00f3n<\/em> fica apenas a 5 minutos a p\u00e9.  <\/li>\n\n\n\n<li>Existem tamb\u00e9m lugares de estacionamento de zona azul nas ruas circundantes, mas tenha cuidado com os hor\u00e1rios de pagamento.  <\/li>\n\n\n\n<li>Em todos os casos, recomendamos que chegue de manh\u00e3 cedo ou ao fim da tarde para que seja mais f\u00e1cil encontrar um lugar, especialmente na \u00e9poca alta.<\/li>\n<\/ul>\n\n<div style=\"margin-top:8%;margin-bottom:8%\" class=\"wp-block-genesis-blocks-gb-container box gb-block-container\"><div class=\"gb-container-inside\"><div class=\"gb-container-content\" style=\"max-width:700px\">\n<div class=\"wp-block-genesis-blocks-gb-container box_titre gb-block-container\"><div class=\"gb-container-inside\"><div class=\"gb-container-content\">\n<h5 class=\"titre_box\" style=\"padding-top:10px;\">ONDE FICAR EM <span class=\"titre_box_manuscrit\">Granada<\/span><\/h5>\n<\/div><\/div><\/div>\n\n\n\n<hr class=\"wp-block-separator has-text-color has-alpha-channel-opacity has-background is-style-wide hr-box-planif\" style=\"background-color:#ccd3dd;color:#ccd3dd\"\/>\n\n\n\n<div class=\"wp-block-columns box_sans_border is-layout-flex wp-container-core-columns-is-layout-9d6595d7 wp-block-columns-is-layout-flex\">\n<div class=\"wp-block-column texte_planif is-layout-flow wp-block-column-is-layout-flow\" style=\"font-size:14px;flex-basis:60%\">\n<p class=\"option_titre2\">Os nossos favoritos: hot\u00e9is e bairros<\/p>\n\n\n\n<p style=\"font-size:14px\">No centro da cidade<br\/>Hotel Luna Granada Centro &#8211; <a href=\"https:\/\/www.booking.com\/hotel\/es\/boutique-luna-granada-centro.html?aid=2420173\" target=\"_blank\" rel=\"noreferrer noopener nofollow\">ver pre\u00e7os, imagens e disponibilidade<\/a><br\/>Hotel Corrala del Realejo &#8211; <a href=\"https:\/\/www.booking.com\/hotel\/es\/la-corrala-del-realejo-boutique-apartamentos.html?aid=2420173\" target=\"_blank\" rel=\"noreferrer noopener nofollow\">ver pre\u00e7os, fotos e disponibilidade<\/a><\/p>\n\n\n\n<p style=\"font-size:14px\">Na Alhambra<br\/>Pal\u00e1cio de Alhambra &#8211; <a href=\"https:\/\/www.booking.com\/hotel\/es\/alhambrapalace.html?aid=2420173\" target=\"_blank\" rel=\"noreferrer noopener nofollow\">ver pre\u00e7os, fotos e disponibilidade<\/a><\/p>\n\n\n\n<ul class=\"wp-block-list ul_box\"><\/ul>\n<\/div>\n\n\n\n<div class=\"wp-block-column is-vertically-aligned-top planif-radius is-layout-flow wp-block-column-is-layout-flow\" style=\"flex-basis:40%\">\n<figure class=\"wp-block-image size-large img-portrait\"><img loading=\"lazy\" decoding=\"async\" src=\"https:\/\/photos.smugmug.com\/Andalucia-Lovers\/Granada\/Hotels\/Hotel-Corrala-del-Realejo\/i-nFHNBv9\/0\/MzpLMvbP3HSsvwcwmpQh3P6w7pcGpTqdVzs8BpzWr\/L\/hotel-corrala-del-realejo-granada-andalucia--L.jpg\" alt=\"Hotel Corrala del Realejo\" title=\"\"\/><\/figure>\n<\/div>\n<\/div>\n\n\n\n<p class=\"has-text-align-center has-normal-font-size\">Veja a nossa sele\u00e7\u00e3o completa dos <a href=\"https:\/\/andalucialovers.com\/pt-pt\/onde-ficar-granada-melhores-hoteis-bairros\/\" target=\"_blank\" rel=\"noreferrer noopener\">melhores hot\u00e9is em Granada<\/a><\/p>\n\n\n\n<div class=\"wp-block-buttons planif_bouton is-content-justification-center is-layout-flex wp-container-core-buttons-is-layout-16018d1d wp-block-buttons-is-layout-flex\">\n<div class=\"wp-block-button has-custom-font-size\" style=\"font-size:14px\"><a class=\"wp-block-button__link has-white-color has-text-color wp-element-button\" href=\"https:\/\/www.booking.com\/searchresults.html?city=-384328&amp;nflt=review_score%253D90%253Breview_score%253D80&amp;aid=2420173&amp;no_rooms=1&amp;group_adults=2\" style=\"border-radius:4px\" target=\"_blank\" rel=\"noreferrer noopener\">Veja todos os alojamentos dispon\u00edveis &gt;&gt;<\/a><\/div>\n<\/div>\n<\/div><\/div><\/div>\n\n<h2 class=\"wp-block-heading\">Conselhos \u00fateis: dura\u00e7\u00e3o, hor\u00e1rios, alimenta\u00e7\u00e3o&#8230;<\/h2>\n\n<h3 class=\"wp-block-heading\">Melhor altura para visitar<\/h3>\n\n<p>Para tirar o m\u00e1ximo partido da sua visita, recomendamos-lhe que  <\/p>\n\n<ul class=\"wp-block-list\">\n<li>nos meses de primavera (abril-maio) ou de outono (setembro-outubro), quando as temperaturas s\u00e3o mais amenas.  <\/li>\n\n\n\n<li>De manh\u00e3, entre as 10h e as 12h, quando a luz matinal \u00e9 particularmente sublime na fachada renascentista,<\/li>\n\n\n\n<li>Durante a semana, evitar\u00e1 os grandes grupos de turistas ao fim de semana.<\/li>\n<\/ul>\n\n<p>O ver\u00e3o pode ser sufocante em Ja\u00e9n, mas se estiver de visita nesta altura do ano, prefira as primeiras horas do dia ou o final da tarde, quando o sol se p\u00f5e e banha a pedra dourada com uma luz quente.<\/p>\n\n<figure class=\"wp-block-image size-large\"><img loading=\"lazy\" decoding=\"async\" src=\"https:\/\/photos.smugmug.com\/Travel\/Andalucia\/5e-Jaen-other\/i-8MJxHwR\/0\/b31c5e68\/L\/Jaen_Andalucia_Spain-1684-L.jpg\" alt=\"Catedral de Ja&#xE9;n - Como chegar l&#xE1;?\"\/><\/figure>\n\n<h3 class=\"wp-block-heading\">Dura\u00e7\u00e3o da visita e principais dificuldades<\/h3>\n\n<ul class=\"wp-block-list\">\n<li>Reserve entre 45 minutos e 1 hora para uma visita completa, incluindo o interior da catedral, a sacristia e o museu.  <\/li>\n\n\n\n<li>O edif\u00edcio \u00e9 acess\u00edvel a pessoas com mobilidade reduzida, com rampas na entrada principal. Os pavimentos est\u00e3o em bom estado e s\u00e3o transit\u00e1veis.<\/li>\n<\/ul>\n\n<figure class=\"wp-block-image size-large\"><img loading=\"lazy\" decoding=\"async\" src=\"https:\/\/photos.smugmug.com\/Travel\/Andalucia\/5d-Cathedral-Jaen\/i-B83LfvR\/2\/Lt6C7HgNPQjjBwSRwW4FQLBGQkrdZQ4bC328cjtSr\/L\/cathedral_Jaen_Andalucia_Spain-1670-L.jpg\" alt=\"Catedral de Ja&#xE9;n - Dura&#xE7;&#xE3;o da visita e principais dificuldades\"\/><\/figure>\n\n<h3 class=\"wp-block-heading\">Dire\u00e7\u00e3o da visita<\/h3>\n\n<p>Para obter a melhor experi\u00eancia poss\u00edvel, sugerimos-lhe..:<\/p>\n\n<ul class=\"wp-block-list\">\n<li>comece por admirar a fachada principal a partir da Plaza Santa Mar\u00eda. Reserve algum tempo para observar os pormenores esculpidos antes de entrar.  <\/li>\n\n\n\n<li>Uma vez l\u00e1 dentro, dirija-se primeiro \u00e0 nave central para apreciar o conjunto arquitet\u00f3nico.  <\/li>\n\n\n\n<li>Continue at\u00e9 ao coro e \u00e0s suas bancas esculpidas. Continue visitando o altar-mor e o santu\u00e1rio. N\u00e3o perca a sacristia, acess\u00edvel por uma passagem lateral.  <\/li>\n\n\n\n<li>Termine o seu passeio com uma visita ao museu da catedral, um complemento perfeito para a sua compreens\u00e3o da hist\u00f3ria e da arte do monumento.<\/li>\n<\/ul>\n\n<figure class=\"wp-block-image size-large\"><img loading=\"lazy\" decoding=\"async\" src=\"https:\/\/photos.smugmug.com\/Travel\/Andalucia\/5d-Cathedral-Jaen\/i-nbJ3WLZ\/2\/Kh76MfSWZgWm3SbjRDNRMs3nfB8M4QbNJCvKxxmXS\/L\/cathedral_Jaen_Andalucia_Spain-4142-L.jpg\" alt=\"Catedral de Ja&#xE9;n - Sugest&#xE3;o de roteiro de visita\"\/><\/figure>\n\n<div style=\"background-color:#fefefe;margin-top:8%;margin-bottom:8%\" class=\"wp-block-genesis-blocks-gb-container box gb-block-container\"><div class=\"gb-container-inside\"><div class=\"gb-container-content\" style=\"max-width:700px\">\n<div class=\"wp-block-columns inverse is-layout-flex wp-container-core-columns-is-layout-9d6595d7 wp-block-columns-is-layout-flex\">\n<div class=\"wp-block-column texte_planif is-layout-flow wp-block-column-is-layout-flow\" style=\"flex-basis:58%\">\n<h5 class=\"titre_box\" style=\"padding-top:10px\">PLANEIE A SUA VIAGEM DE SONHO \u00c0 <span class=\"titre_box_manuscrit\">andaluzia<\/span><\/h5>\n\n\n\n<div class=\"wp-block-genesis-blocks-gb-container gb-block-container\"><div class=\"gb-container-inside\"><div class=\"gb-container-content\">\n<p style=\"font-size:14px\">Todas as informa\u00e7\u00f5es necess\u00e1rias para a sua viagem:<\/p>\n<\/div><\/div><\/div>\n\n\n\n<div class=\"wp-block-genesis-blocks-gb-container gb-block-container\"><div class=\"gb-container-inside\"><div class=\"gb-container-content\"><\/div><\/div><\/div>\n\n\n\n<ul class=\"wp-block-list\" style=\"font-size:14px\" id=\"liste_discover\">\n<li>7 mapas para facilitar o planeamento<\/li>\n\n\n\n<li>+ 150 locais pr\u00e9-seleccionados<\/li>\n\n\n\n<li>Conselhos pr\u00e1ticos<\/li>\n\n\n\n<li>+ 300 fotografias para o ajudar a escolher<\/li>\n<\/ul>\n\n\n\n<div class=\"wp-block-buttons has-custom-font-size bouton_10 is-content-justification-center is-layout-flex wp-container-core-buttons-is-layout-14c487f4 wp-block-buttons-is-layout-flex\" style=\"font-size:13px\">\n<div class=\"wp-block-button has-custom-font-size\" style=\"font-size:14px\"><a class=\"wp-block-button__link has-white-color has-text-color wp-element-button\" href=\"https:\/\/andalucialovers.com\/pt-pt\/ebook-guia-road-trip-andaluzia\/\" style=\"border-radius:4px\" target=\"_blank\" rel=\"noreferrer noopener\">Descubra<strong> <\/strong>&gt;&gt;<\/a><\/div>\n<\/div>\n<\/div>\n\n\n\n<div class=\"wp-block-column is-layout-flow wp-block-column-is-layout-flow\" style=\"flex-basis:42%\">\n<div class=\"wp-block-genesis-blocks-gb-container ebook-radius gb-block-container\"><div class=\"gb-container-inside\"><div class=\"gb-container-content\"><div class=\"wp-block-image ebook-image\">\n<figure class=\"aligncenter size-full is-resized\"><img loading=\"lazy\" decoding=\"async\" src=\"https:\/\/andalucialovers.com\/wp-content\/uploads\/2024\/06\/Road-trip-Guide-Andalucia-eBook-cover-3.jpg\" alt=\"Guia tur&#xED;stico da Andaluzia Capa do livro eletr&#xF3;nico\" class=\"wp-image-317\" style=\"width:203px;height:157px\"\/><\/figure>\n<\/div><\/div><\/div><\/div>\n<\/div>\n<\/div>\n<\/div><\/div><\/div>\n\n<h3 class=\"wp-block-heading\">Visitas com crian\u00e7as<\/h3>\n\n<p>A catedral pode cativar as crian\u00e7as se souber como despertar a sua curiosidade. Aconselhamo-lo a fazer com que procurem pormenores arquitect\u00f3nicos na fachada. No interior, a altura impressionante das ab\u00f3badas pode impression\u00e1-lo. Por vezes, o museu prop\u00f5e actividades educativas especialmente adaptadas. No entanto, este n\u00e3o \u00e9 o local mais adequado para as crian\u00e7as visitarem.<\/p>\n\n<h3 class=\"wp-block-heading\">Hor\u00e1rio de abertura e pre\u00e7os<\/h3>\n\n<p><strong>Hor\u00e1rios de abertura:<\/strong><\/p>\n\n<ul class=\"wp-block-list\">\n<li>De segunda a sexta-feira: das 10h \u00e0s 14h e das 17h30 \u00e0s 19h30<\/li>\n\n\n\n<li>S\u00e1bado: 10h00 &#8211; 19h30<\/li>\n\n\n\n<li>Domingo: 14h-18h30<\/li>\n<\/ul>\n\n<p><strong>Lista de pre\u00e7os:<\/strong><\/p>\n\n<ul class=\"wp-block-list\">\n<li>Entrada geral: 10 euros<\/li>\n\n\n\n<li>Taxa reduzida: 8 euros<\/li>\n<\/ul>\n\n<p>Os guias \u00e1udio est\u00e3o dispon\u00edveis \u00e0 entrada. Recomendamo-los vivamente, pois enriquecem muito a visita com explica\u00e7\u00f5es pormenorizadas sobre a arquitetura e a hist\u00f3ria.  <\/p>\n\n<p>Para obter os pre\u00e7os mais recentes, consulte o s\u00edtio Web oficial <a href=\"https:\/\/catedraldejaen.org\/visita-cultural\/\" target=\"_blank\" rel=\"noreferrer noopener nofollow\">aqui<\/a>.<\/p>\n\n<figure class=\"wp-block-image size-large\"><img loading=\"lazy\" decoding=\"async\" src=\"https:\/\/photos.smugmug.com\/Travel\/Andalucia\/5d-Cathedral-Jaen\/i-BKkzf2C\/2\/LWgPn7XK8bRMcXxr2SnnC3RB4bxBqBvZ2wdNwTHpR\/L\/cathedral_Jaen_Andalucia_Spain-4141-L.jpg\" alt=\"Catedral de Ja&#xE9;n - Hor&#xE1;rios e pre&#xE7;os\"\/><\/figure>\n\n<h3 class=\"wp-block-heading\">Visitas guiadas<\/h3>\n\n<p>S\u00e3o organizadas visitas guiadas de grupo \u00e0s sextas-feiras e aos s\u00e1bados, \u00e0s 12 e \u00e0s 18 horas. A visita guiada tem uma dura\u00e7\u00e3o estimada de uma hora e meia.<\/p>\n\n<h3 class=\"wp-block-heading\">Restaura\u00e7\u00e3o<\/h3>\n\n<p>\u00c0 volta da Plaza Santa Mar\u00eda, encontrar\u00e1 muitas op\u00e7\u00f5es para comer fora. Os bares de tapas tradicionais oferecem especialidades locais, como a &#8220;pipirrana&#8221; ou as &#8220;gachas&#8221;. Se preferir fazer um piquenique, o Parque de la Alameda fica a 10 minutos a p\u00e9. Recomendamos-lhe que prove o azeite local, pois Ja\u00e9n \u00e9 a capital mundial do ouro l\u00edquido!<\/p>\n\n<figure class=\"wp-block-image size-large\"><img loading=\"lazy\" decoding=\"async\" src=\"https:\/\/photos.smugmug.com\/Andalucia-Lovers\/Ronda\/Restaurants\/i-jhJSSrN\/0\/K5CdTf6cbfxbd99TM6P8ckdgmFZJ7Sv8sLrwq2M67\/L\/restaurant-tabanco-los-arcos-ronda-city-1-L.jpg\" alt=\"Catedral de Ja&#xE9;n - Restaura&#xE7;&#xE3;o\"\/><\/figure>\n\n<div style=\"background-color:#fefefe;margin-top:6%;margin-bottom:6%\" class=\"wp-block-genesis-blocks-gb-container box gb-block-container\"><div class=\"gb-container-inside\"><div class=\"gb-container-content\" style=\"max-width:700px\">\n<div class=\"wp-block-columns inverse is-layout-flex wp-container-core-columns-is-layout-9d6595d7 wp-block-columns-is-layout-flex\">\n<div class=\"wp-block-column texte_planif is-layout-flow wp-block-column-is-layout-flow\" style=\"flex-basis:58%\">\n<h5 class=\"titre_box\">Receba a nossa <span class=\"titre_box_manuscrit\">newsletter<\/span><\/h5>\n\n\n\n<ul class=\"wp-block-list\">\n<li>Uma lufada de ar fresco na sua vida quotidiana nos belos destinos da Region Lovers!<\/li>\n\n\n\n<li>Uma vez por m\u00eas<\/li>\n\n\n\n<li>Sem publicidade<\/li>\n<\/ul>\n\n\n<script>\nvar gform;gform||(document.addEventListener(\"gform_main_scripts_loaded\",function(){gform.scriptsLoaded=!0}),document.addEventListener(\"gform\/theme\/scripts_loaded\",function(){gform.themeScriptsLoaded=!0}),window.addEventListener(\"DOMContentLoaded\",function(){gform.domLoaded=!0}),gform={domLoaded:!1,scriptsLoaded:!1,themeScriptsLoaded:!1,isFormEditor:()=>\"function\"==typeof InitializeEditor,callIfLoaded:function(o){return!(!gform.domLoaded||!gform.scriptsLoaded||!gform.themeScriptsLoaded&&!gform.isFormEditor()||(gform.isFormEditor()&&console.warn(\"The use of gform.initializeOnLoaded() is deprecated in the form editor context and will be removed in Gravity Forms 3.1.\"),o(),0))},initializeOnLoaded:function(o){gform.callIfLoaded(o)||(document.addEventListener(\"gform_main_scripts_loaded\",()=>{gform.scriptsLoaded=!0,gform.callIfLoaded(o)}),document.addEventListener(\"gform\/theme\/scripts_loaded\",()=>{gform.themeScriptsLoaded=!0,gform.callIfLoaded(o)}),window.addEventListener(\"DOMContentLoaded\",()=>{gform.domLoaded=!0,gform.callIfLoaded(o)}))},hooks:{action:{},filter:{}},addAction:function(o,r,e,t){gform.addHook(\"action\",o,r,e,t)},addFilter:function(o,r,e,t){gform.addHook(\"filter\",o,r,e,t)},doAction:function(o){gform.doHook(\"action\",o,arguments)},applyFilters:function(o){return gform.doHook(\"filter\",o,arguments)},removeAction:function(o,r){gform.removeHook(\"action\",o,r)},removeFilter:function(o,r,e){gform.removeHook(\"filter\",o,r,e)},addHook:function(o,r,e,t,n){null==gform.hooks[o][r]&&(gform.hooks[o][r]=[]);var d=gform.hooks[o][r];null==n&&(n=r+\"_\"+d.length),gform.hooks[o][r].push({tag:n,callable:e,priority:t=null==t?10:t})},doHook:function(r,o,e){var t;if(e=Array.prototype.slice.call(e,1),null!=gform.hooks[r][o]&&((o=gform.hooks[r][o]).sort(function(o,r){return o.priority-r.priority}),o.forEach(function(o){\"function\"!=typeof(t=o.callable)&&(t=window[t]),\"action\"==r?t.apply(null,e):e[0]=t.apply(null,e)})),\"filter\"==r)return e[0]},removeHook:function(o,r,t,n){var e;null!=gform.hooks[o][r]&&(e=(e=gform.hooks[o][r]).filter(function(o,r,e){return!!(null!=n&&n!=o.tag||null!=t&&t!=o.priority)}),gform.hooks[o][r]=e)}});\n<\/script>\n\n                <div class='gf_browser_gecko gform_wrapper gform-theme gform-theme--foundation gform-theme--framework gform-theme--orbital waitlist_wrapper' data-form-theme='orbital' data-form-index='0' id='gform_wrapper_2' ><style>#gform_wrapper_2[data-form-index=\"0\"].gform-theme,[data-parent-form=\"2_0\"]{--gf-color-primary: #204ce5;--gf-color-primary-rgb: 32, 76, 229;--gf-color-primary-contrast: #fff;--gf-color-primary-contrast-rgb: 255, 255, 255;--gf-color-primary-darker: #001AB3;--gf-color-primary-lighter: #527EFF;--gf-color-secondary: #fff;--gf-color-secondary-rgb: 255, 255, 255;--gf-color-secondary-contrast: #112337;--gf-color-secondary-contrast-rgb: 17, 35, 55;--gf-color-secondary-darker: #F5F5F5;--gf-color-secondary-lighter: #FFFFFF;--gf-color-out-ctrl-light: rgba(17, 35, 55, 0.1);--gf-color-out-ctrl-light-rgb: 17, 35, 55;--gf-color-out-ctrl-light-darker: rgba(104, 110, 119, 0.35);--gf-color-out-ctrl-light-lighter: #F5F5F5;--gf-color-out-ctrl-dark: #585e6a;--gf-color-out-ctrl-dark-rgb: 88, 94, 106;--gf-color-out-ctrl-dark-darker: #112337;--gf-color-out-ctrl-dark-lighter: rgba(17, 35, 55, 0.65);--gf-color-in-ctrl: #fff;--gf-color-in-ctrl-rgb: 255, 255, 255;--gf-color-in-ctrl-contrast: #112337;--gf-color-in-ctrl-contrast-rgb: 17, 35, 55;--gf-color-in-ctrl-darker: #F5F5F5;--gf-color-in-ctrl-lighter: #FFFFFF;--gf-color-in-ctrl-primary: #204ce5;--gf-color-in-ctrl-primary-rgb: 32, 76, 229;--gf-color-in-ctrl-primary-contrast: #fff;--gf-color-in-ctrl-primary-contrast-rgb: 255, 255, 255;--gf-color-in-ctrl-primary-darker: #001AB3;--gf-color-in-ctrl-primary-lighter: #527EFF;--gf-color-in-ctrl-light: rgba(17, 35, 55, 0.1);--gf-color-in-ctrl-light-rgb: 17, 35, 55;--gf-color-in-ctrl-light-darker: rgba(104, 110, 119, 0.35);--gf-color-in-ctrl-light-lighter: #F5F5F5;--gf-color-in-ctrl-dark: #585e6a;--gf-color-in-ctrl-dark-rgb: 88, 94, 106;--gf-color-in-ctrl-dark-darker: #112337;--gf-color-in-ctrl-dark-lighter: rgba(17, 35, 55, 0.65);--gf-radius: 3px;--gf-font-size-secondary: 14px;--gf-font-size-tertiary: 13px;--gf-icon-ctrl-number: url(\"data:image\/svg+xml,%3Csvg width='8' height='14' viewBox='0 0 8 14' fill='none' xmlns='http:\/\/www.w3.org\/2000\/svg'%3E%3Cpath fill-rule='evenodd' clip-rule='evenodd' d='M4 0C4.26522 5.96046e-08 4.51957 0.105357 4.70711 0.292893L7.70711 3.29289C8.09763 3.68342 8.09763 4.31658 7.70711 4.70711C7.31658 5.09763 6.68342 5.09763 6.29289 4.70711L4 2.41421L1.70711 4.70711C1.31658 5.09763 0.683417 5.09763 0.292893 4.70711C-0.0976311 4.31658 -0.097631 3.68342 0.292893 3.29289L3.29289 0.292893C3.48043 0.105357 3.73478 0 4 0ZM0.292893 9.29289C0.683417 8.90237 1.31658 8.90237 1.70711 9.29289L4 11.5858L6.29289 9.29289C6.68342 8.90237 7.31658 8.90237 7.70711 9.29289C8.09763 9.68342 8.09763 10.3166 7.70711 10.7071L4.70711 13.7071C4.31658 14.0976 3.68342 14.0976 3.29289 13.7071L0.292893 10.7071C-0.0976311 10.3166 -0.0976311 9.68342 0.292893 9.29289Z' fill='rgba(17, 35, 55, 0.65)'\/%3E%3C\/svg%3E\");--gf-icon-ctrl-select: url(\"data:image\/svg+xml,%3Csvg width='10' height='6' viewBox='0 0 10 6' fill='none' xmlns='http:\/\/www.w3.org\/2000\/svg'%3E%3Cpath fill-rule='evenodd' clip-rule='evenodd' d='M0.292893 0.292893C0.683417 -0.097631 1.31658 -0.097631 1.70711 0.292893L5 3.58579L8.29289 0.292893C8.68342 -0.0976311 9.31658 -0.0976311 9.70711 0.292893C10.0976 0.683417 10.0976 1.31658 9.70711 1.70711L5.70711 5.70711C5.31658 6.09763 4.68342 6.09763 4.29289 5.70711L0.292893 1.70711C-0.0976311 1.31658 -0.0976311 0.683418 0.292893 0.292893Z' fill='rgba(17, 35, 55, 0.65)'\/%3E%3C\/svg%3E\");--gf-icon-ctrl-search: url(\"data:image\/svg+xml,%3Csvg width='640' height='640' xmlns='http:\/\/www.w3.org\/2000\/svg'%3E%3Cpath d='M256 128c-70.692 0-128 57.308-128 128 0 70.691 57.308 128 128 128 70.691 0 128-57.309 128-128 0-70.692-57.309-128-128-128zM64 256c0-106.039 85.961-192 192-192s192 85.961 192 192c0 41.466-13.146 79.863-35.498 111.248l154.125 154.125c12.496 12.496 12.496 32.758 0 45.254s-32.758 12.496-45.254 0L367.248 412.502C335.862 434.854 297.467 448 256 448c-106.039 0-192-85.962-192-192z' fill='rgba(17, 35, 55, 0.65)'\/%3E%3C\/svg%3E\");--gf-label-space-y-secondary: var(--gf-label-space-y-md-secondary);--gf-ctrl-border-color: #686e77;--gf-ctrl-size: var(--gf-ctrl-size-md);--gf-ctrl-label-color-primary: #112337;--gf-ctrl-label-color-secondary: #112337;--gf-ctrl-choice-size: var(--gf-ctrl-choice-size-md);--gf-ctrl-checkbox-check-size: var(--gf-ctrl-checkbox-check-size-md);--gf-ctrl-radio-check-size: var(--gf-ctrl-radio-check-size-md);--gf-ctrl-btn-font-size: var(--gf-ctrl-btn-font-size-md);--gf-ctrl-btn-padding-x: var(--gf-ctrl-btn-padding-x-md);--gf-ctrl-btn-size: var(--gf-ctrl-btn-size-md);--gf-ctrl-btn-border-color-secondary: #686e77;--gf-ctrl-file-btn-bg-color-hover: #EBEBEB;--gf-field-img-choice-size: var(--gf-field-img-choice-size-md);--gf-field-img-choice-card-space: var(--gf-field-img-choice-card-space-md);--gf-field-img-choice-check-ind-size: var(--gf-field-img-choice-check-ind-size-md);--gf-field-img-choice-check-ind-icon-size: var(--gf-field-img-choice-check-ind-icon-size-md);--gf-field-pg-steps-number-color: rgba(17, 35, 55, 0.8);}<\/style>\n                        <div class='gform_heading'>\n                            <p class='gform_description'><\/p>\n                        <\/div><form method='post' enctype='multipart\/form-data'  id='gform_2' class='waitlist' action='\/pt-pt\/wp-json\/wp\/v2\/posts\/5406' data-formid='2' novalidate>\n                        <div class='gform-body gform_body'><div id='gform_fields_2' class='gform_fields top_label form_sublabel_below description_below validation_below'><div id=\"field_2_1\" class=\"gfield gfield--type-email gfield--input-type-email gfield_contains_required field_sublabel_below gfield--no-description field_description_below hidden_label field_validation_below gfield_visibility_visible\"  ><label class='gfield_label gform-field-label' for='input_2_1'>E-mail<span class=\"gfield_required\"><span class=\"gfield_required gfield_required_text\">(Obrigat\u00f3rio)<\/span><\/span><\/label><div class='ginput_container ginput_container_email'>\n                            <input name='input_1' id='input_2_1' type='email' value='' class='large'    aria-required=\"true\" aria-invalid=\"false\"  \/>\n                        <\/div><\/div><fieldset id=\"field_2_3\" class=\"gfield gfield--type-consent gfield--type-choice gfield--input-type-consent gfield--width-full gfield_contains_required field_sublabel_below gfield--no-description field_description_below hidden_label field_validation_below gfield_visibility_visible\"  ><legend class='gfield_label gform-field-label gfield_label_before_complex' >RGPD<span class=\"gfield_required\"><span class=\"gfield_required gfield_required_text\">(Obrigat\u00f3rio)<\/span><\/span><\/legend><div class='ginput_container ginput_container_consent'><input name='input_3.1' id='input_2_3_1' type='checkbox' value='1'   aria-required=\"true\" aria-invalid=\"false\"   \/> <label class=\"gform-field-label gform-field-label--type-inline gfield_consent_label\" for='input_2_3_1' >Sim, quero subscrever a newsletter mensal<span class=\"gfield_required gfield_required_text\">(Obrigat\u00f3rio)<\/span><\/label><input type='hidden' name='input_3.2' value='Sim, quero subscrever a newsletter mensal' class='gform_hidden' \/><input type='hidden' name='input_3.3' value='1' class='gform_hidden' \/><\/div><\/fieldset><div id=\"field_2_4\" class=\"gfield gfield--type-website gfield--input-type-website gfield--width-full field_sublabel_below gfield--no-description field_description_below field_validation_below gfield_visibility_hidden\"  ><div class=\"admin-hidden-markup\"><i class=\"gform-icon gform-icon--hidden\" aria-hidden=\"true\" title=\"Este campo est\u00e1 escondido ao visualizar o formul\u00e1rio\"><\/i><span>Este campo est\u00e1 escondido ao visualizar o formul\u00e1rio<\/span><\/div><label class='gfield_label gform-field-label' for='input_2_4'>Site Web<\/label><div class='ginput_container ginput_container_website'>\n                    <input name='input_4' id='input_2_4' type='url' value='https:\/\/andalucialovers.com\/pt-pt\/wp-json\/wp\/v2\/posts\/5406' class='large'    placeholder='https:\/\/'  aria-invalid=\"false\" \/>\n                <\/div><\/div><\/div><\/div>\n        <div class='gform-footer gform_footer top_label'> <input type='submit' id='gform_submit_button_2' class='gform_button button' onclick='gform.submission.handleButtonClick(this);' data-submission-type='submit' value='Subscrever'  \/> \n            <input type='hidden' class='gform_hidden' name='gform_submission_method' data-js='gform_submission_method_2' value='postback' \/>\n            <input type='hidden' class='gform_hidden' name='gform_theme' data-js='gform_theme_2' id='gform_theme_2' value='orbital' \/>\n            <input type='hidden' class='gform_hidden' name='gform_style_settings' data-js='gform_style_settings_2' id='gform_style_settings_2' value='{&quot;inputPrimaryColor&quot;:&quot;#204ce5&quot;}' \/>\n            <input type='hidden' class='gform_hidden' name='is_submit_2' value='1' \/>\n            <input type='hidden' class='gform_hidden' name='gform_submit' value='2' \/>\n            \n            <input type='hidden' class='gform_hidden' name='gform_currency' data-currency='EUR' value='VNAH6CIMHJl64BPMobsv8MoXlWMcwlD1\/EE9EtZb9RfwVFOO6qeBqCdUI0ZhdTE0XbAvk7oiwaDOPKWvK\/41JJCCYLj+wMPbkZkPA4ZNDWC7Jp0=' \/>\n            <input type='hidden' class='gform_hidden' name='gform_unique_id' value='' \/>\n            <input type='hidden' class='gform_hidden' name='state_2' value='WyJ7XCIzLjFcIjpcImFiMWYyZTEyMGRiNDNhMTEzMGI1YWIyYTNiZGQ5Mjg5XCIsXCIzLjJcIjpcImI4M2U0NDFmMGFkYzhlZGZjYjBkZmU0ODM4ZWEyY2E1XCIsXCIzLjNcIjpcImFiMWYyZTEyMGRiNDNhMTEzMGI1YWIyYTNiZGQ5Mjg5XCJ9IiwiZDMwNzUzYjhlZTVhZWYyZjQ2ZDhiNjI2M2NkYmY3OTkiXQ==' \/>\n            <input type='hidden' autocomplete='off' class='gform_hidden' name='gform_target_page_number_2' id='gform_target_page_number_2' value='0' \/>\n            <input type='hidden' autocomplete='off' class='gform_hidden' name='gform_source_page_number_2' id='gform_source_page_number_2' value='1' \/>\n            <input type='hidden' name='gform_field_values' value='' \/>\n            \n        <\/div>\n                        <\/form>\n                        <\/div><script>\ngform.initializeOnLoaded( function() {gformInitSpinner( 2, 'https:\/\/andalucialovers.com\/wp-content\/plugins\/gravityforms\/images\/spinner.svg', false );jQuery('#gform_ajax_frame_2').on('load',function(){var contents = jQuery(this).contents().find('*').html();var is_postback = contents.indexOf('GF_AJAX_POSTBACK') >= 0;if(!is_postback){return;}var form_content = jQuery(this).contents().find('#gform_wrapper_2');var is_confirmation = jQuery(this).contents().find('#gform_confirmation_wrapper_2').length > 0;var is_redirect = contents.indexOf('gformRedirect(){') >= 0;var is_form = form_content.length > 0 && ! is_redirect && ! is_confirmation;var mt = parseInt(jQuery('html').css('margin-top'), 10) + parseInt(jQuery('body').css('margin-top'), 10) + 100;if(is_form){jQuery('#gform_wrapper_2').html(form_content.html());if(form_content.hasClass('gform_validation_error')){jQuery('#gform_wrapper_2').addClass('gform_validation_error');} else {jQuery('#gform_wrapper_2').removeClass('gform_validation_error');}setTimeout( function() { \/* delay the scroll by 50 milliseconds to fix a bug in chrome *\/  }, 50 );if(window['gformInitDatepicker']) {gformInitDatepicker();}if(window['gformInitPriceFields']) {gformInitPriceFields();}var current_page = jQuery('#gform_source_page_number_2').val();gformInitSpinner( 2, 'https:\/\/andalucialovers.com\/wp-content\/plugins\/gravityforms\/images\/spinner.svg', false );jQuery(document).trigger('gform_page_loaded', [2, current_page]);window['gf_submitting_2'] = false;}else if(!is_redirect){var confirmation_content = jQuery(this).contents().find('.GF_AJAX_POSTBACK').html();if(!confirmation_content){confirmation_content = contents;}jQuery('#gform_wrapper_2').replaceWith(confirmation_content);jQuery(document).trigger('gform_confirmation_loaded', [2]);window['gf_submitting_2'] = false;wp.a11y.speak(jQuery('#gform_confirmation_message_2').text());}else{jQuery('#gform_2').append(contents);if(window['gformRedirect']) {gformRedirect();}}jQuery(document).trigger(\"gform_pre_post_render\", [{ formId: \"2\", currentPage: \"current_page\", abort: function() { this.preventDefault(); } }]);        if (event && event.defaultPrevented) {                return;        }        const gformWrapperDiv = document.getElementById( \"gform_wrapper_2\" );        if ( gformWrapperDiv ) {            const visibilitySpan = document.createElement( \"span\" );            visibilitySpan.id = \"gform_visibility_test_2\";            gformWrapperDiv.insertAdjacentElement( \"afterend\", visibilitySpan );        }        const visibilityTestDiv = document.getElementById( \"gform_visibility_test_2\" );        let postRenderFired = false;        function triggerPostRender() {            if ( postRenderFired ) {                return;            }            postRenderFired = true;            gform.core.triggerPostRenderEvents( 2, current_page );            if ( visibilityTestDiv ) {                visibilityTestDiv.parentNode.removeChild( visibilityTestDiv );            }        }        function debounce( func, wait, immediate ) {            var timeout;            return function() {                var context = this, args = arguments;                var later = function() {                    timeout = null;                    if ( !immediate ) func.apply( context, args );                };                var callNow = immediate && !timeout;                clearTimeout( timeout );                timeout = setTimeout( later, wait );                if ( callNow ) func.apply( context, args );            };        }        const debouncedTriggerPostRender = debounce( function() {            triggerPostRender();        }, 200 );        if ( visibilityTestDiv && visibilityTestDiv.offsetParent === null ) {            const observer = new MutationObserver( ( mutations ) => {                mutations.forEach( ( mutation ) => {                    if ( mutation.type === 'attributes' && visibilityTestDiv.offsetParent !== null ) {                        debouncedTriggerPostRender();                        observer.disconnect();                    }                });            });            observer.observe( document.body, {                attributes: true,                childList: false,                subtree: true,                attributeFilter: [ 'style', 'class' ],            });        } else {            triggerPostRender();        }    } );} );\n<\/script>\n<\/div>\n\n\n\n<div class=\"wp-block-column is-layout-flow wp-block-column-is-layout-flow\" style=\"flex-basis:42%\">\n<div class=\"wp-block-genesis-blocks-gb-container aligncenter newsletter-radius gb-block-container\"><div class=\"gb-container-inside\"><div class=\"gb-container-content\"><div class=\"wp-block-image newsletter-image\">\n<figure class=\"aligncenter size-full\"><img width=\"729\" height=\"792\" loading=\"lazy\" decoding=\"async\" src=\"https:\/\/andalucialovers.com\/wp-content\/uploads\/2024\/05\/newsletter_FR_2.webp\" alt=\"boletim informativo_PT_2\" class=\"wp-image-372\" srcset=\"https:\/\/andalucialovers.com\/wp-content\/uploads\/2024\/05\/newsletter_FR_2.webp 729w, https:\/\/andalucialovers.com\/wp-content\/uploads\/2024\/05\/newsletter_FR_2-276x300.webp 276w\" sizes=\"auto, (max-width: 729px) 100vw, 729px\" \/><\/figure>\n<\/div><\/div><\/div><\/div>\n<\/div>\n<\/div>\n<\/div><\/div><\/div>\n\n<h2 class=\"wp-block-heading\">Compreender a hist\u00f3ria e a arquitetura da catedral<\/h2>\n\n<h3 class=\"wp-block-heading\">Admire a majestosa fachada barroca e renascentista<\/h3>\n\n<p>Assim que olh\u00e1mos para a fachada principal da Catedral de Ja\u00e9n, fic\u00e1mos impressionados com o seu tamanho e a sua rica decora\u00e7\u00e3o. Concebida no s\u00e9culo XVI pelo grande arquiteto Andr\u00e9s de Vandelvira, \u00e9 considerada uma das j\u00f3ias do Renascimento espanhol.<\/p>\n\n<figure class=\"wp-block-image size-large\"><img loading=\"lazy\" decoding=\"async\" src=\"https:\/\/photos.smugmug.com\/Travel\/Andalucia\/5d-Cathedral-Jaen\/i-kbprFBm\/2\/KNPXCP9XBjZ7Hs39Tt67HFWJQgwFX43sQ4fPvjNRN\/L\/cathedral_Jaen_Andalucia_Spain-4129-L.jpg\" alt=\"\"\/><\/figure>\n\n<p>A sua composi\u00e7\u00e3o sim\u00e9trica, as colunas g\u00e9meas e os nichos com est\u00e1tuas religiosas d\u00e3o-lhe o aspeto de um verdadeiro ret\u00e1bulo de pedra. Quanto mais se aproxima, mais pormenores se tornam vis\u00edveis: relevos b\u00edblicos, est\u00e1tuas de santos, front\u00f5es esculpidos que reflectem a for\u00e7a da f\u00e9 e do poder em Ja\u00e9n na era moderna. Esta fachada serviu de modelo a muitas igrejas constru\u00eddas posteriormente em Espanha e na Am\u00e9rica Latina, o que prova a sua influ\u00eancia art\u00edstica. Ao contempl\u00e1-la, sentimos a ambi\u00e7\u00e3o de uma cidade que queria afirmar a sua grandeza atrav\u00e9s da arquitetura.<\/p>\n\n<figure class=\"wp-block-image size-large\"><img loading=\"lazy\" decoding=\"async\" src=\"https:\/\/photos.smugmug.com\/Travel\/Andalucia\/5d-Cathedral-Jaen\/i-WS6GdmX\/2\/NRQqB74mjxwKpj37rzRpxzqQppQbpwFLWsNn7s8xP\/L\/cathedral_Jaen_Andalucia_Spain-4134-L.jpg\" alt=\"Catedral de Ja&#xE9;n - Uma monumental fachada barroca renascentista\"\/><\/figure>\n\n<h3 class=\"wp-block-heading\">Uma catedral classificada como Patrim\u00f3nio Mundial da UNESCO<\/h3>\n\n<p>A Catedral de Ja\u00e9n n\u00e3o \u00e9 apenas um monumento local, \u00e9 um edif\u00edcio de import\u00e2ncia mundial. Desde 2012, est\u00e1 classificada como Patrim\u00f3nio Mundial da UNESCO como uma das &#8220;Catedrais Renascentistas da Andaluzia&#8221;. Esta classifica\u00e7\u00e3o reconhece o seu papel de edif\u00edcio-modelo, que influenciou a constru\u00e7\u00e3o de muitas catedrais no Novo Mundo, nomeadamente no M\u00e9xico e no Peru. \u00c9 por isso que faz parte da nossa sele\u00e7\u00e3o das <a href=\"https:\/\/andalucialovers.com\/pt-pt\/catedrais-andaluzia\/\" target=\"_blank\" rel=\"noreferrer noopener\">mais belas catedrais da Andaluzia<\/a>.<\/p>\n\n<figure class=\"wp-block-image size-large\"><img loading=\"lazy\" decoding=\"async\" src=\"https:\/\/photos.smugmug.com\/Travel\/Andalucia\/5d-Cathedral-Jaen\/i-pxknsGc\/2\/LCN9gSSWTTC7tbwBxsxtVhknfCfvnWV47FvHT5FRb\/L\/cathedral_Jaen_Andalucia_Spain-4151-L.jpg\" alt=\"\"\/><\/figure>\n\n<p>Quando a visita, est\u00e1 a tocar num patrim\u00f3nio que vai muito al\u00e9m das fronteiras de Espanha. Fomos particularmente sens\u00edveis a esta dimens\u00e3o: entrar na Catedral de Ja\u00e9n \u00e9 compreender como uma cidade andaluza deixou a sua marca na hist\u00f3ria da arquitetura mundial. O local encarna um duplo patrim\u00f3nio: o do Renascimento espanhol e o de uma Espanha que, atrav\u00e9s dos seus colonos e mission\u00e1rios, exportou a sua arte e a sua f\u00e9 para o outro lado do Atl\u00e2ntico.<\/p>\n\n<figure class=\"wp-block-image size-large\"><img loading=\"lazy\" decoding=\"async\" src=\"https:\/\/photos.smugmug.com\/Travel\/Andalucia\/5d-Cathedral-Jaen\/i-B7XBZZS\/2\/LRXC5s6583jjVmkK8VKtbnkRFm4ZtG5zsz3XMxHG5\/L\/cathedral_Jaen_Andalucia_Spain-4158-L.jpg\" alt=\"Catedral de Ja&#xE9;n - Catedral Patrim&#xF3;nio Mundial\"\/><\/figure>\n\n<h2 class=\"wp-block-heading\">Explore o magn\u00edfico interior da catedral<\/h2>\n\n<h3 class=\"wp-block-heading\">A nave e a sua impressionante verticalidade<\/h3>\n\n<p>Ao atravessar a porta de entrada, ficamos imediatamente impressionados com a sua imensid\u00e3o e os seus muitos pormenores. Ao contr\u00e1rio de outras catedrais mais sombrias, esta surpreende pelo seu equil\u00edbrio perfeito entre monumentalidade e luz. A nave tripla, de inspira\u00e7\u00e3o renascentista, \u00e9 sustentada por colunas poderosas que sublinham a altura impressionante das ab\u00f3badas.<\/p>\n<div class=\"wp-block-image\">\n<figure class=\"aligncenter size-large\"><img loading=\"lazy\" decoding=\"async\" src=\"https:\/\/photos.smugmug.com\/Travel\/Andalucia\/5d-Cathedral-Jaen\/i-QS64M5g\/2\/LHrXtTrHbXrwj6fkMJ42J6czf9V7ghNSK6bxJCWBz\/L\/cathedral_Jaen_Andalucia_Spain-4143-L.jpg\" alt=\"\"\/><\/figure>\n<\/div>\n<p>Recomendamos-lhe que olhe para cima para admirar a c\u00fapula e os arcos, que naturalmente orientam o seu olhar para o c\u00e9u. A pedra Claire acentua esta sensa\u00e7\u00e3o de leveza e harmonia, apesar da dimens\u00e3o maci\u00e7a do edif\u00edcio. Tivemos a sensa\u00e7\u00e3o de estar num espa\u00e7o concebido para ampliar a luz divina, um ambiente espiritual que convida \u00e0 contempla\u00e7\u00e3o e ao espanto.<\/p>\n\n<figure class=\"wp-block-image size-large\"><img loading=\"lazy\" decoding=\"async\" src=\"https:\/\/photos.smugmug.com\/Travel\/Andalucia\/5d-Cathedral-Jaen\/i-bNG2jvJ\/2\/LVtnx6NN2cx3VdGNfvGTp2L7DFzBTXScRZjVtbjN8\/L\/cathedral_Jaen_Andalucia_Spain-4145-L.jpg\" alt=\"Catedral de Ja&#xE9;n - A nave e a sua imensid&#xE3;o luminosa\"\/><\/figure>\n\n<h3 class=\"wp-block-heading\">O coro e as bancas de nogueira entalhada<\/h3>\n\n<p>\u00c0 medida que se dirige para o centro, o coro chama rapidamente a sua aten\u00e7\u00e3o. Possui uma magn\u00edfica banca de nogueira esculpida no s\u00e9culo XVI, considerada uma das mais belas da Andaluzia! Cada assento \u00e9 decorado com motivos finamente trabalhados que representam cenas b\u00edblicas e figuras religiosas.<\/p>\n\n<figure class=\"wp-block-image size-large\"><img loading=\"lazy\" decoding=\"async\" src=\"https:\/\/photos.smugmug.com\/Travel\/Andalucia\/5d-Cathedral-Jaen\/i-tWFMFgX\/2\/MmCHTmkPrpQMp5R3Z7gqZ4FtZ3589Tw5N7mP8d8gH\/L\/cathedral_Jaen_Andalucia_Spain-4168-L.jpg\" alt=\"\"\/><\/figure>\n\n<p>Fic\u00e1mos impressionados com a precis\u00e3o e a riqueza destes pormenores, que testemunham a habilidade excecional dos artes\u00e3os da \u00e9poca. \u00c9 simultaneamente funcional e art\u00edstico, concebido para acolher o cap\u00edtulo dos c\u00f3negos, mas tamb\u00e9m para impressionar os fi\u00e9is. Reserve algum tempo para observar a carpintaria de diferentes \u00e2ngulos: ela conta a hist\u00f3ria sagrada ao mesmo tempo que reflecte o poder e o requinte da catedral.<\/p>\n\n<figure class=\"wp-block-image size-large\"><img loading=\"lazy\" decoding=\"async\" src=\"https:\/\/photos.smugmug.com\/Travel\/Andalucia\/5d-Cathedral-Jaen\/i-X87cw6C\/2\/NJcv5jgwTCRmq2SKMkC5ZZrHNJgndtCcDM7JCd8cM\/L\/cathedral_Jaen_Andalucia_Spain-4148-L.jpg\" alt=\"Catedral de Ja&#xE9;n - O coro e as bancas de nozes\"\/><\/figure>\n\n<h2 class=\"wp-block-heading\">Descubra os tesouros escondidos da catedral<\/h2>\n\n<h3 class=\"wp-block-heading\">A sacristia e a casa capitular, ambientes confidenciais<\/h3>\n\n<p>Se gostou da harmonia da nave, ficar\u00e1 maravilhado com a sacristia e a casa do cap\u00edtulo, tamb\u00e9m da autoria de Andr\u00e9s de Vandelvira. Estes espa\u00e7os, muitas vezes menos visitados, s\u00e3o, no entanto, uma das j\u00f3ias da catedral. A sacristia, em particular, \u00e9 uma obra-prima do Renascimento espanhol: as suas propor\u00e7\u00f5es perfeitas, as suas ab\u00f3badas elegantes e a sua atmosfera luminosa criam um equil\u00edbrio agrad\u00e1vel. A casa capitular, por sua vez, foi utilizada como local de reuni\u00e3o do cap\u00edtulo da catedral e conserva uma austeridade solene que contrasta com a riqueza decorativa da fachada.<\/p>\n\n<figure class=\"wp-block-image size-large\"><img loading=\"lazy\" decoding=\"async\" src=\"https:\/\/photos.smugmug.com\/Travel\/Andalucia\/5d-Cathedral-Jaen\/i-fJMvB4V\/2\/MZf7WRH6fWkLKrvLW5XQH6Dwsg354p3SFv2t48ShS\/L\/cathedral_Jaen_Andalucia_Spain-4167-L.jpg\" alt=\"Catedral de Ja&#xE9;n - A sacristia e a casa capitular\"\/><\/figure>\n\n<h3 class=\"wp-block-heading\">O museu da catedral e o not\u00e1vel \u00f3rg\u00e3o<\/h3>\n\n<p>Ao passear pela catedral, h\u00e1 duas coisas em particular que vale a pena notar: o seu \u00f3rg\u00e3o monumental e o seu museu.  <\/p>\n\n<p>O \u00f3rg\u00e3o \u00e9 um dos mais impressionantes de Espanha. Com os seus aparadores ricamente esculpidos e numerosos tubos, chamou a nossa aten\u00e7\u00e3o na galeria. Ach\u00e1mos fascinante imaginar o poder do seu som a encher a nave durante as grandes celebra\u00e7\u00f5es. Mesmo em sil\u00eancio, contribui para a atmosfera grandiosa do edif\u00edcio.<\/p>\n\n<figure class=\"wp-block-image size-large\"><img loading=\"lazy\" decoding=\"async\" src=\"https:\/\/photos.smugmug.com\/Travel\/Andalucia\/5d-Cathedral-Jaen\/i-wNjBzxg\/2\/M8FxF4nwCThnmzsnKq5Dp3gvM7LZhQCdwH5FNqH2P\/L\/cathedral_Jaen_Andalucia_Spain-4150-L.jpg\" alt=\"Catedral de Ja&#xE9;n - Museu da Catedral\"\/><\/figure>\n\n<p>O museu, situado nas salas anexas \u00e0 catedral, re\u00fane um valioso patrim\u00f3nio ligado \u00e0 hist\u00f3ria religiosa e art\u00edstica de Ja\u00e9n. Aqui pode admirar pinturas, esculturas e, sobretudo, pe\u00e7as de ourivesaria sacra, que testemunham o papel central desempenhado pelo bispado ao longo dos s\u00e9culos. Estas colec\u00e7\u00f5es permitem compreender melhor o lugar da catedral na hist\u00f3ria religiosa e cultural da Andaluzia.<\/p>\n\n<figure class=\"wp-block-image size-large\"><img loading=\"lazy\" decoding=\"async\" src=\"https:\/\/photos.smugmug.com\/Travel\/Andalucia\/5d-Cathedral-Jaen\/i-BDGWLzf\/2\/Lf3W28Dn9cSFQRfRqXKM8TGW6KDZvSgfKV2cPMxB8\/L\/cathedral_Jaen_Andalucia_Spain-4154-L.jpg\" alt=\"\"\/><\/figure>\n\n<div style=\"margin-top:8%;margin-bottom:8%\" class=\"wp-block-genesis-blocks-gb-container box gb-block-container\"><div class=\"gb-container-inside\"><div class=\"gb-container-content\" style=\"max-width:700px\">\n<div class=\"wp-block-genesis-blocks-gb-container box_titre gb-block-container\"><div class=\"gb-container-inside\"><div class=\"gb-container-content\">\n<h5 class=\"titre_box\"><span>PLANEIE A SUA VIAGEM PARA <\/span><span class=\"titre_box_manuscrit\">Andaluzia<\/span><\/h5>\n<\/div><\/div><\/div>\n\n\n\n<hr class=\"wp-block-separator has-text-color has-alpha-channel-opacity has-background is-style-wide hr-box-planif\" style=\"background-color:#ccd3dd;color:#ccd3dd\"\/>\n\n\n\n<div class=\"wp-block-genesis-blocks-gb-container gb-block-container\"><div class=\"gb-container-inside\"><div class=\"gb-container-content\">\n<div class=\"wp-block-columns box_sans_border is-layout-flex wp-container-core-columns-is-layout-9d6595d7 wp-block-columns-is-layout-flex\">\n<div class=\"wp-block-column texte_planif is-layout-flow wp-block-column-is-layout-flow\" style=\"flex-basis:60%\">\n<p class=\"soustitre_planif\"><strong>Inspira\u00e7\u00e3o<\/strong><\/p>\n\n\n\n<ul class=\"wp-block-list\">\n<li style=\"font-size:14px\"><a href=\"https:\/\/andalucialovers.com\/pt-pt\/o-que-fazer-andaluzia-atracoes\/\" target=\"_blank\" rel=\"noreferrer noopener\">O que fazer na Andaluzia<\/a><\/li>\n\n\n\n<li style=\"font-size:14px\"><a href=\"https:\/\/andalucialovers.com\/pt-pt\/melhores-cidades-andaluzia\/\" target=\"_blank\" rel=\"noreferrer noopener\">As cidades mais bonitas<\/a><\/li>\n\n\n\n<li style=\"font-size:14px\"><a href=\"https:\/\/andalucialovers.com\/pt-pt\/melhores-praias-andaluzia-lista\/\" target=\"_blank\" rel=\"noreferrer noopener\">As praias mais bonitas<\/a><\/li>\n\n\n\n<li style=\"font-size:14px\"><a href=\"https:\/\/andalucialovers.com\/pt-pt\/melhores-aldeias-brancas-andaluzia\/\" target=\"_blank\" rel=\"noreferrer noopener\">As mais belas aldeias brancas<\/a><\/li>\n\n\n\n<li style=\"font-size:14px\"><a href=\"https:\/\/andalucialovers.com\/pt-pt\/catedrais-andaluzia\/\" target=\"_blank\" rel=\"noreferrer noopener\">As catedrais<\/a><\/li>\n\n\n\n<li style=\"font-size:14px\"><a href=\"https:\/\/andalucialovers.com\/pt-pt\/sitios-arqueologicos-andaluzia-ruinas\/\" target=\"_blank\" rel=\"noreferrer noopener\">S\u00edtios arqueol\u00f3gicos<\/a><\/li>\n\n\n\n<li style=\"font-size:14px\"><a data-type=\"post\" data-id=\"2221\" href=\"https:\/\/andalucialovers.com\/pt-pt\/cordoba-o-sevilha-o-granada\/\" target=\"_blank\" rel=\"noreferrer noopener\">Sevilha, C\u00f3rdova ou Granada?<\/a><\/li>\n\n\n\n<li style=\"font-size:14px\"><a href=\"https:\/\/andalucialovers.com\/pt-pt\/melhores-museus-andaluzia\/\" target=\"_blank\" rel=\"noreferrer noopener\">Os melhores museus<\/a><\/li>\n\n\n\n<li style=\"font-size:14px\"><a href=\"https:\/\/andalucialovers.com\/pt-pt\/melhores-castelos-palacios-andaluzia\/\" target=\"_blank\" rel=\"noreferrer noopener\">Castelos e pal\u00e1cios<\/a><\/li>\n\n\n\n<li style=\"font-size:14px\"><a href=\"https:\/\/andalucialovers.com\/pt-pt\/locais-secretos-andaluzia\/\" target=\"_blank\" rel=\"noreferrer noopener\">Lugares secretos<\/a><\/li>\n<\/ul>\n<\/div>\n\n\n\n<div class=\"wp-block-column is-vertically-aligned-top planif-radius is-layout-flow wp-block-column-is-layout-flow\" style=\"flex-basis:40%\">\n<figure class=\"wp-block-image size-large img-portrait\"><img loading=\"lazy\" decoding=\"async\" src=\"https:\/\/photos.smugmug.com\/Travel\/Andalucia\/6b-Zuheros\/i-VRKFTdz\/1\/CNkgtxtms75zqS5pTQbm8FKsGCDk3kHvJFzJqmP2z\/S\/Zuheros_Andalucia_Spain-4306-S.jpg\" alt=\"Zuheros\" title=\"\"\/><\/figure>\n<\/div>\n<\/div>\n\n\n\n<hr class=\"wp-block-separator has-text-color has-alpha-channel-opacity has-background is-style-wide hr-box-planif\" style=\"background-color:#ccd3dd;color:#ccd3dd\"\/>\n\n\n\n<div class=\"wp-block-columns box_sans_border is-layout-flex wp-container-core-columns-is-layout-9d6595d7 wp-block-columns-is-layout-flex\">\n<div class=\"wp-block-column texte_planif is-layout-flow wp-block-column-is-layout-flow\" style=\"flex-basis:60%\">\n<p class=\"soustitre_planif\"><strong>Pr\u00e1tica<\/strong><\/p>\n\n\n\n<ul class=\"wp-block-list\">\n<li style=\"font-size:14px\"><a href=\"https:\/\/andalucialovers.com\/pt-pt\/onde-ficar-andaluzia-melhores-destinos\/\" data-type=\"post\" data-id=\"2632\" target=\"_blank\" rel=\"noreferrer noopener\">Onde ficar na Andaluzia<\/a><\/li>\n\n\n\n<li style=\"font-size:14px\"><a href=\"https:\/\/andalucialovers.com\/pt-pt\/melhores-hoteis-5-estrelas-andaluzia-luxo-opinioes\/\" type=\"post\" id=\"6105\" target=\"_blank\" rel=\"noreferrer noopener\">Os melhores hot\u00e9is de luxo na Andaluzia<\/a><\/li>\n\n\n\n<li style=\"font-size:14px\"><a href=\"https:\/\/andalucialovers.com\/pt-pt\/melhores-restaurantes-andaluzia-onde-comer-opinioes\/\" target=\"_blank\" rel=\"noreferrer noopener\">Os melhores restaurantes<\/a><\/li>\n\n\n\n<li style=\"font-size:14px\"><a data-type=\"post\" data-id=\"3712\" href=\"https:\/\/andalucialovers.com\/pt-pt\/como-alugar-carro-andaluzia-dicas-experiencia\/\" target=\"_blank\" rel=\"noreferrer noopener\">Alugar um carro na Andaluzia<\/a><\/li>\n\n\n\n<li style=\"font-size:14px\"><a href=\"https:\/\/andalucialovers.com\/pt-pt\/conduzir-andaluzia-conselhos\/\" target=\"_blank\" rel=\"noreferrer noopener\">Conduzir na Andaluzia<\/a><\/li>\n<\/ul>\n<\/div>\n\n\n\n<div class=\"wp-block-column is-vertically-aligned-top planif-radius is-layout-flow wp-block-column-is-layout-flow\" style=\"flex-basis:40%\">\n<figure class=\"wp-block-image size-large img-portrait\"><img loading=\"lazy\" decoding=\"async\" src=\"https:\/\/photos.smugmug.com\/Travel\/Andalucia\/Accommodations\/i-QBDJnG7\/1\/4ZLWzw32dnhwGLrbmXL5HqSdBXzWBRMQhfVrcKD4\/S\/accommodation_Tarifa_Andalucia_Spain-2764-S.jpg\" alt=\"Hotel em Tarifa\" title=\"\"\/><\/figure>\n<\/div>\n<\/div>\n\n\n\n<hr class=\"wp-block-separator has-text-color has-alpha-channel-opacity has-background is-style-wide hr-box-planif\" style=\"background-color:#ccd3dd;color:#ccd3dd\"\/>\n\n\n\n<div class=\"wp-block-columns box_sans_border is-layout-flex wp-container-core-columns-is-layout-9d6595d7 wp-block-columns-is-layout-flex\">\n<div class=\"wp-block-column texte_planif is-layout-flow wp-block-column-is-layout-flow\" style=\"flex-basis:60%\">\n<p class=\"soustitre_planif\"><strong>Locais a n\u00e3o perder<\/strong><\/p>\n\n\n\n<ul class=\"wp-block-list\">\n<li style=\"font-size:14px\"><a href=\"https:\/\/andalucialovers.com\/pt-pt\/o-que-fazer-sevilha-visitar\/\" target=\"_blank\" rel=\"noreferrer noopener\">Sevilha<\/a><\/li>\n\n\n\n<li style=\"font-size:14px\"><a data-type=\"post\" data-id=\"2328\" href=\"https:\/\/andalucialovers.com\/pt-pt\/o-que-fazer-cordova-visitar\/\" target=\"_blank\" rel=\"noreferrer noopener\">C\u00f3rdoba<\/a><\/li>\n\n\n\n<li style=\"font-size:14px\"><a href=\"https:\/\/andalucialovers.com\/pt-pt\/o-que-fazer-granada-visitar\/\" target=\"_blank\" rel=\"noreferrer noopener\">Granada<\/a><\/li>\n\n\n\n<li style=\"font-size:14px\"><a href=\"https:\/\/andalucialovers.com\/pt-pt\/o-que-fazer-ronda-atracoes\/\" target=\"_blank\" rel=\"noreferrer noopener\">Ronda<\/a><\/li>\n\n\n\n<li style=\"font-size:14px\"><a href=\"https:\/\/andalucialovers.com\/pt-pt\/o-que-fazer-malaga-visitar\/\" target=\"_blank\" rel=\"noreferrer noopener\">M\u00e1laga<\/a><\/li>\n\n\n\n<li style=\"font-size:14px\"><a data-type=\"post\" data-id=\"3597\" href=\"https:\/\/andalucialovers.com\/pt-pt\/o-que-fazer-cadis-visitar\/\" target=\"_blank\" rel=\"noreferrer noopener\">C\u00e1dis<\/a><\/li>\n\n\n\n<li style=\"font-size:14px\">Cabo de Gata<\/li>\n\n\n\n<li style=\"font-size:14px\"><a href=\"https:\/\/andalucialovers.com\/pt-pt\/o-que-fazer-antequera-visitar\/\" target=\"_blank\" rel=\"noreferrer noopener\">Antequera<\/a><\/li>\n\n\n\n<li style=\"font-size:14px\">Baeza e Ubuda<\/li>\n<\/ul>\n<\/div>\n\n\n\n<div class=\"wp-block-column is-vertically-aligned-top planif-radius is-layout-flow wp-block-column-is-layout-flow\" style=\"flex-basis:40%\">\n<figure class=\"wp-block-image size-large img-portrait\"><img loading=\"lazy\" decoding=\"async\" src=\"https:\/\/photos.smugmug.com\/Travel\/Andalucia\/2e-Madina-Azahara\/i-nrQb8vF\/1\/DMVZRMLhBjwhLQtjzj2r5fqS4GjmpXXHrwvQnwFsm\/S\/Medina_Azahara_Andalucia_Spain-1434-S.jpg\" alt=\"Medina Azahara\" title=\"\"\/><\/figure>\n<\/div>\n<\/div>\n<\/div><\/div><\/div>\n\n\n\n<div class=\"wp-block-genesis-blocks-gb-container box_texte gb-block-container\"><div class=\"gb-container-inside\"><div class=\"gb-container-content\"><\/div><\/div><\/div>\n\n\n\n<div class=\"wp-block-genesis-blocks-gb-container box-texte gb-block-container\"><div class=\"gb-container-inside\"><div class=\"gb-container-content\"><\/div><\/div><\/div>\n<\/div><\/div><\/div>\n\n<p class=\"has-text-align-left\"><\/p>\n\n<div class=\"wp-block-genesis-blocks-gb-container box_auteur_voyage gb-block-container\"><div class=\"gb-container-inside\"><div class=\"gb-container-content\">\n<figure class=\"wp-block-image size-large img_auteur_voyage img_provisoire\"><a href=\"https:\/\/andalucialovers.com\/pt-pt\/claire-robinson\/\" target=\"_blank\" rel=\"noreferrer noopener\"><img loading=\"lazy\" decoding=\"async\" src=\"https:\/\/photos.smugmug.com\/Region-Lovers\/Equipe\/i-nsNF6C6\/0\/Cs2F5n96pkt9xFD9D3SVqmQspMhrKgN75nHgBqmjG\/L\/Claire-L.png\" alt=\"\"\/><\/a><\/figure>\n\n\n\n<h5 class=\"titre_auteur_voyage\"><span>ELA FEZ A VIAGEM <\/span><span class=\"titre_box_manuscrit\">Claire<\/span><\/h5>\n<\/div><\/div><\/div>\n","protected":false},"excerpt":{"rendered":"<p>Est\u00e1 de visita a Ja\u00e9n? N\u00e3o perca a sua majestosa catedral! Verdadeira joia do Renascimento espanhol, ela domina o cora\u00e7\u00e3o hist\u00f3rico da cidade. Esta maravilha arquitet\u00f3nica,classificada pela UNESCO, com a sua fachada monumental e os seus interiores majestosos, impressionou-nos pela sua harmonia e grandeza. Neste artigo, encontrar\u00e1 as nossas fotografias e conselhos sobre como aproveitar [&hellip;]<\/p>\n","protected":false},"author":9,"featured_media":5398,"comment_status":"closed","ping_status":"closed","sticky":false,"template":"","format":"standard","meta":{"_genesis_hide_title":false,"_genesis_hide_breadcrumbs":false,"_genesis_hide_singular_image":false,"_genesis_hide_footer_widgets":false,"_genesis_custom_body_class":"","_genesis_custom_post_class":"","_genesis_layout":"","footnotes":""},"categories":[81],"tags":[],"class_list":{"0":"post-5406","1":"post","2":"type-post","3":"status-publish","4":"format-standard","5":"has-post-thumbnail","7":"category-cadis","8":"entry"},"yoast_head":"<!-- This site is optimized with the Yoast SEO plugin v27.2 - https:\/\/yoast.com\/product\/yoast-seo-wordpress\/ -->\n<title>Catedral de Ja\u00e9n (visita + fotos)<\/title>\n<meta name=\"description\" content=\"As nossas dicas e fotos para visitar a Catedral de Ja\u00e9n: acesso, pontos de interesse, informa\u00e7\u00f5es pr\u00e1ticas, hist\u00f3ria e dicas para os visitantes\" \/>\n<meta name=\"robots\" content=\"index, follow, max-snippet:-1, max-image-preview:large, max-video-preview:-1\" \/>\n<link rel=\"canonical\" href=\"https:\/\/andalucialovers.com\/pt-pt\/visitar-catedral-jaen\/\" \/>\n<meta property=\"og:locale\" content=\"pt_PT\" \/>\n<meta property=\"og:type\" content=\"article\" \/>\n<meta property=\"og:title\" content=\"Catedral de Ja\u00e9n (visita + fotos)\" \/>\n<meta property=\"og:description\" content=\"As nossas dicas e fotos para visitar a Catedral de Ja\u00e9n: acesso, pontos de interesse, informa\u00e7\u00f5es pr\u00e1ticas, hist\u00f3ria e dicas para os visitantes\" \/>\n<meta property=\"og:url\" content=\"https:\/\/andalucialovers.com\/pt-pt\/visitar-catedral-jaen\/\" \/>\n<meta property=\"og:site_name\" content=\"Andalucia Lovers\" \/>\n<meta property=\"article:published_time\" content=\"2025-10-02T08:18:08+00:00\" \/>\n<meta property=\"article:modified_time\" content=\"2025-10-02T16:18:35+00:00\" \/>\n<meta property=\"og:image\" content=\"https:\/\/andalucialovers.com\/wp-content\/uploads\/2025\/10\/visitar-catedral-Jaen-PT-scaled.jpg\" \/>\n\t<meta property=\"og:image:width\" content=\"2560\" \/>\n\t<meta property=\"og:image:height\" content=\"2130\" \/>\n\t<meta property=\"og:image:type\" content=\"image\/jpeg\" \/>\n<meta name=\"author\" content=\"Morgane\" \/>\n<meta name=\"twitter:card\" content=\"summary_large_image\" \/>\n<meta name=\"twitter:label1\" content=\"Escrito por\" \/>\n\t<meta name=\"twitter:data1\" content=\"Morgane\" \/>\n\t<meta name=\"twitter:label2\" content=\"Tempo estimado de leitura\" \/>\n\t<meta name=\"twitter:data2\" content=\"10 minutos\" \/>\n<script type=\"application\/ld+json\" class=\"yoast-schema-graph\">{\"@context\":\"https:\/\/schema.org\",\"@graph\":[{\"@type\":\"Article\",\"@id\":\"https:\/\/andalucialovers.com\/pt-pt\/visitar-catedral-jaen\/#article\",\"isPartOf\":{\"@id\":\"https:\/\/andalucialovers.com\/pt-pt\/visitar-catedral-jaen\/\"},\"author\":{\"name\":\"Morgane\",\"@id\":\"https:\/\/andalucialovers.com\/pt-pt\/#\/schema\/person\/eecc5be960eb24e701a350a02c214c1c\"},\"headline\":\"Catedral de Ja\u00e9n (visita + fotos)\",\"datePublished\":\"2025-10-02T08:18:08+00:00\",\"dateModified\":\"2025-10-02T16:18:35+00:00\",\"mainEntityOfPage\":{\"@id\":\"https:\/\/andalucialovers.com\/pt-pt\/visitar-catedral-jaen\/\"},\"wordCount\":2058,\"publisher\":{\"@id\":\"https:\/\/andalucialovers.com\/pt-pt\/#organization\"},\"image\":{\"@id\":\"https:\/\/andalucialovers.com\/pt-pt\/visitar-catedral-jaen\/#primaryimage\"},\"thumbnailUrl\":\"https:\/\/andalucialovers.com\/wp-content\/uploads\/2025\/10\/visitar-catedral-Jaen-PT-scaled.jpg\",\"articleSection\":[\"C\u00e1dis\"],\"inLanguage\":\"pt-PT\"},{\"@type\":\"WebPage\",\"@id\":\"https:\/\/andalucialovers.com\/pt-pt\/visitar-catedral-jaen\/\",\"url\":\"https:\/\/andalucialovers.com\/pt-pt\/visitar-catedral-jaen\/\",\"name\":\"Catedral de Ja\u00e9n (visita + fotos)\",\"isPartOf\":{\"@id\":\"https:\/\/andalucialovers.com\/pt-pt\/#website\"},\"primaryImageOfPage\":{\"@id\":\"https:\/\/andalucialovers.com\/pt-pt\/visitar-catedral-jaen\/#primaryimage\"},\"image\":{\"@id\":\"https:\/\/andalucialovers.com\/pt-pt\/visitar-catedral-jaen\/#primaryimage\"},\"thumbnailUrl\":\"https:\/\/andalucialovers.com\/wp-content\/uploads\/2025\/10\/visitar-catedral-Jaen-PT-scaled.jpg\",\"datePublished\":\"2025-10-02T08:18:08+00:00\",\"dateModified\":\"2025-10-02T16:18:35+00:00\",\"description\":\"As nossas dicas e fotos para visitar a Catedral de Ja\u00e9n: acesso, pontos de interesse, informa\u00e7\u00f5es pr\u00e1ticas, hist\u00f3ria e dicas para os visitantes\",\"breadcrumb\":{\"@id\":\"https:\/\/andalucialovers.com\/pt-pt\/visitar-catedral-jaen\/#breadcrumb\"},\"inLanguage\":\"pt-PT\",\"potentialAction\":[{\"@type\":\"ReadAction\",\"target\":[\"https:\/\/andalucialovers.com\/pt-pt\/visitar-catedral-jaen\/\"]}]},{\"@type\":\"ImageObject\",\"inLanguage\":\"pt-PT\",\"@id\":\"https:\/\/andalucialovers.com\/pt-pt\/visitar-catedral-jaen\/#primaryimage\",\"url\":\"https:\/\/andalucialovers.com\/wp-content\/uploads\/2025\/10\/visitar-catedral-Jaen-PT-scaled.jpg\",\"contentUrl\":\"https:\/\/andalucialovers.com\/wp-content\/uploads\/2025\/10\/visitar-catedral-Jaen-PT-scaled.jpg\",\"width\":2560,\"height\":2130,\"caption\":\"visitar catedral Jaen PT\"},{\"@type\":\"BreadcrumbList\",\"@id\":\"https:\/\/andalucialovers.com\/pt-pt\/visitar-catedral-jaen\/#breadcrumb\",\"itemListElement\":[{\"@type\":\"ListItem\",\"position\":1,\"name\":\"Accueil\",\"item\":\"https:\/\/andalucialovers.com\/pt-pt\/\"},{\"@type\":\"ListItem\",\"position\":2,\"name\":\"C\u00e1dis\",\"item\":\"https:\/\/andalucialovers.com\/pt-pt\/cadis\/\"},{\"@type\":\"ListItem\",\"position\":3,\"name\":\"Catedral de Ja\u00e9n (visita + fotos)\"}]},{\"@type\":\"WebSite\",\"@id\":\"https:\/\/andalucialovers.com\/pt-pt\/#website\",\"url\":\"https:\/\/andalucialovers.com\/pt-pt\/\",\"name\":\"Andalucia Lovers\",\"description\":\"Le blog de Claire et Manu\",\"publisher\":{\"@id\":\"https:\/\/andalucialovers.com\/pt-pt\/#organization\"},\"potentialAction\":[{\"@type\":\"SearchAction\",\"target\":{\"@type\":\"EntryPoint\",\"urlTemplate\":\"https:\/\/andalucialovers.com\/pt-pt\/?s={search_term_string}\"},\"query-input\":{\"@type\":\"PropertyValueSpecification\",\"valueRequired\":true,\"valueName\":\"search_term_string\"}}],\"inLanguage\":\"pt-PT\"},{\"@type\":\"Organization\",\"@id\":\"https:\/\/andalucialovers.com\/pt-pt\/#organization\",\"name\":\"Andalucia Lovers\",\"url\":\"https:\/\/andalucialovers.com\/pt-pt\/\",\"logo\":{\"@type\":\"ImageObject\",\"inLanguage\":\"pt-PT\",\"@id\":\"https:\/\/andalucialovers.com\/pt-pt\/#\/schema\/logo\/image\/\",\"url\":\"https:\/\/andalucialovers.com\/wp-content\/uploads\/2024\/05\/cropped-Andalucia-Lovers-Logo.png\",\"contentUrl\":\"https:\/\/andalucialovers.com\/wp-content\/uploads\/2024\/05\/cropped-Andalucia-Lovers-Logo.png\",\"width\":2804,\"height\":481,\"caption\":\"Andalucia Lovers\"},\"image\":{\"@id\":\"https:\/\/andalucialovers.com\/pt-pt\/#\/schema\/logo\/image\/\"}},{\"@type\":\"Person\",\"@id\":\"https:\/\/andalucialovers.com\/pt-pt\/#\/schema\/person\/eecc5be960eb24e701a350a02c214c1c\",\"name\":\"Morgane\",\"image\":{\"@type\":\"ImageObject\",\"inLanguage\":\"pt-PT\",\"@id\":\"https:\/\/secure.gravatar.com\/avatar\/afa26912805402e3ea29288b7478a6a37b47e98385c004daed7d76f04733a512?s=96&d=mm&r=g\",\"url\":\"https:\/\/secure.gravatar.com\/avatar\/afa26912805402e3ea29288b7478a6a37b47e98385c004daed7d76f04733a512?s=96&d=mm&r=g\",\"contentUrl\":\"https:\/\/secure.gravatar.com\/avatar\/afa26912805402e3ea29288b7478a6a37b47e98385c004daed7d76f04733a512?s=96&d=mm&r=g\",\"caption\":\"Morgane\"},\"url\":\"https:\/\/andalucialovers.com\/pt-pt\/author\/morgane\/\"}]}<\/script>\n<!-- \/ Yoast SEO plugin. -->","yoast_head_json":{"title":"Catedral de Ja\u00e9n (visita + fotos)","description":"As nossas dicas e fotos para visitar a Catedral de Ja\u00e9n: acesso, pontos de interesse, informa\u00e7\u00f5es pr\u00e1ticas, hist\u00f3ria e dicas para os visitantes","robots":{"index":"index","follow":"follow","max-snippet":"max-snippet:-1","max-image-preview":"max-image-preview:large","max-video-preview":"max-video-preview:-1"},"canonical":"https:\/\/andalucialovers.com\/pt-pt\/visitar-catedral-jaen\/","og_locale":"pt_PT","og_type":"article","og_title":"Catedral de Ja\u00e9n (visita + fotos)","og_description":"As nossas dicas e fotos para visitar a Catedral de Ja\u00e9n: acesso, pontos de interesse, informa\u00e7\u00f5es pr\u00e1ticas, hist\u00f3ria e dicas para os visitantes","og_url":"https:\/\/andalucialovers.com\/pt-pt\/visitar-catedral-jaen\/","og_site_name":"Andalucia Lovers","article_published_time":"2025-10-02T08:18:08+00:00","article_modified_time":"2025-10-02T16:18:35+00:00","og_image":[{"width":2560,"height":2130,"url":"https:\/\/andalucialovers.com\/wp-content\/uploads\/2025\/10\/visitar-catedral-Jaen-PT-scaled.jpg","type":"image\/jpeg"}],"author":"Morgane","twitter_card":"summary_large_image","twitter_misc":{"Escrito por":"Morgane","Tempo estimado de leitura":"10 minutos"},"schema":{"@context":"https:\/\/schema.org","@graph":[{"@type":"Article","@id":"https:\/\/andalucialovers.com\/pt-pt\/visitar-catedral-jaen\/#article","isPartOf":{"@id":"https:\/\/andalucialovers.com\/pt-pt\/visitar-catedral-jaen\/"},"author":{"name":"Morgane","@id":"https:\/\/andalucialovers.com\/pt-pt\/#\/schema\/person\/eecc5be960eb24e701a350a02c214c1c"},"headline":"Catedral de Ja\u00e9n (visita + fotos)","datePublished":"2025-10-02T08:18:08+00:00","dateModified":"2025-10-02T16:18:35+00:00","mainEntityOfPage":{"@id":"https:\/\/andalucialovers.com\/pt-pt\/visitar-catedral-jaen\/"},"wordCount":2058,"publisher":{"@id":"https:\/\/andalucialovers.com\/pt-pt\/#organization"},"image":{"@id":"https:\/\/andalucialovers.com\/pt-pt\/visitar-catedral-jaen\/#primaryimage"},"thumbnailUrl":"https:\/\/andalucialovers.com\/wp-content\/uploads\/2025\/10\/visitar-catedral-Jaen-PT-scaled.jpg","articleSection":["C\u00e1dis"],"inLanguage":"pt-PT"},{"@type":"WebPage","@id":"https:\/\/andalucialovers.com\/pt-pt\/visitar-catedral-jaen\/","url":"https:\/\/andalucialovers.com\/pt-pt\/visitar-catedral-jaen\/","name":"Catedral de Ja\u00e9n (visita + fotos)","isPartOf":{"@id":"https:\/\/andalucialovers.com\/pt-pt\/#website"},"primaryImageOfPage":{"@id":"https:\/\/andalucialovers.com\/pt-pt\/visitar-catedral-jaen\/#primaryimage"},"image":{"@id":"https:\/\/andalucialovers.com\/pt-pt\/visitar-catedral-jaen\/#primaryimage"},"thumbnailUrl":"https:\/\/andalucialovers.com\/wp-content\/uploads\/2025\/10\/visitar-catedral-Jaen-PT-scaled.jpg","datePublished":"2025-10-02T08:18:08+00:00","dateModified":"2025-10-02T16:18:35+00:00","description":"As nossas dicas e fotos para visitar a Catedral de Ja\u00e9n: acesso, pontos de interesse, informa\u00e7\u00f5es pr\u00e1ticas, hist\u00f3ria e dicas para os visitantes","breadcrumb":{"@id":"https:\/\/andalucialovers.com\/pt-pt\/visitar-catedral-jaen\/#breadcrumb"},"inLanguage":"pt-PT","potentialAction":[{"@type":"ReadAction","target":["https:\/\/andalucialovers.com\/pt-pt\/visitar-catedral-jaen\/"]}]},{"@type":"ImageObject","inLanguage":"pt-PT","@id":"https:\/\/andalucialovers.com\/pt-pt\/visitar-catedral-jaen\/#primaryimage","url":"https:\/\/andalucialovers.com\/wp-content\/uploads\/2025\/10\/visitar-catedral-Jaen-PT-scaled.jpg","contentUrl":"https:\/\/andalucialovers.com\/wp-content\/uploads\/2025\/10\/visitar-catedral-Jaen-PT-scaled.jpg","width":2560,"height":2130,"caption":"visitar catedral Jaen PT"},{"@type":"BreadcrumbList","@id":"https:\/\/andalucialovers.com\/pt-pt\/visitar-catedral-jaen\/#breadcrumb","itemListElement":[{"@type":"ListItem","position":1,"name":"Accueil","item":"https:\/\/andalucialovers.com\/pt-pt\/"},{"@type":"ListItem","position":2,"name":"C\u00e1dis","item":"https:\/\/andalucialovers.com\/pt-pt\/cadis\/"},{"@type":"ListItem","position":3,"name":"Catedral de Ja\u00e9n (visita + fotos)"}]},{"@type":"WebSite","@id":"https:\/\/andalucialovers.com\/pt-pt\/#website","url":"https:\/\/andalucialovers.com\/pt-pt\/","name":"Andalucia Lovers","description":"Le blog de Claire et Manu","publisher":{"@id":"https:\/\/andalucialovers.com\/pt-pt\/#organization"},"potentialAction":[{"@type":"SearchAction","target":{"@type":"EntryPoint","urlTemplate":"https:\/\/andalucialovers.com\/pt-pt\/?s={search_term_string}"},"query-input":{"@type":"PropertyValueSpecification","valueRequired":true,"valueName":"search_term_string"}}],"inLanguage":"pt-PT"},{"@type":"Organization","@id":"https:\/\/andalucialovers.com\/pt-pt\/#organization","name":"Andalucia Lovers","url":"https:\/\/andalucialovers.com\/pt-pt\/","logo":{"@type":"ImageObject","inLanguage":"pt-PT","@id":"https:\/\/andalucialovers.com\/pt-pt\/#\/schema\/logo\/image\/","url":"https:\/\/andalucialovers.com\/wp-content\/uploads\/2024\/05\/cropped-Andalucia-Lovers-Logo.png","contentUrl":"https:\/\/andalucialovers.com\/wp-content\/uploads\/2024\/05\/cropped-Andalucia-Lovers-Logo.png","width":2804,"height":481,"caption":"Andalucia Lovers"},"image":{"@id":"https:\/\/andalucialovers.com\/pt-pt\/#\/schema\/logo\/image\/"}},{"@type":"Person","@id":"https:\/\/andalucialovers.com\/pt-pt\/#\/schema\/person\/eecc5be960eb24e701a350a02c214c1c","name":"Morgane","image":{"@type":"ImageObject","inLanguage":"pt-PT","@id":"https:\/\/secure.gravatar.com\/avatar\/afa26912805402e3ea29288b7478a6a37b47e98385c004daed7d76f04733a512?s=96&d=mm&r=g","url":"https:\/\/secure.gravatar.com\/avatar\/afa26912805402e3ea29288b7478a6a37b47e98385c004daed7d76f04733a512?s=96&d=mm&r=g","contentUrl":"https:\/\/secure.gravatar.com\/avatar\/afa26912805402e3ea29288b7478a6a37b47e98385c004daed7d76f04733a512?s=96&d=mm&r=g","caption":"Morgane"},"url":"https:\/\/andalucialovers.com\/pt-pt\/author\/morgane\/"}]}},"featured_image_src":"https:\/\/andalucialovers.com\/wp-content\/uploads\/2025\/10\/visitar-catedral-Jaen-PT-600x400.jpg","featured_image_src_square":"https:\/\/andalucialovers.com\/wp-content\/uploads\/2025\/10\/visitar-catedral-Jaen-PT-600x600.jpg","author_info":{"display_name":"Morgane","author_link":"https:\/\/andalucialovers.com\/pt-pt\/author\/morgane\/"},"_links":{"self":[{"href":"https:\/\/andalucialovers.com\/pt-pt\/wp-json\/wp\/v2\/posts\/5406","targetHints":{"allow":["GET"]}}],"collection":[{"href":"https:\/\/andalucialovers.com\/pt-pt\/wp-json\/wp\/v2\/posts"}],"about":[{"href":"https:\/\/andalucialovers.com\/pt-pt\/wp-json\/wp\/v2\/types\/post"}],"author":[{"embeddable":true,"href":"https:\/\/andalucialovers.com\/pt-pt\/wp-json\/wp\/v2\/users\/9"}],"replies":[{"embeddable":true,"href":"https:\/\/andalucialovers.com\/pt-pt\/wp-json\/wp\/v2\/comments?post=5406"}],"version-history":[{"count":0,"href":"https:\/\/andalucialovers.com\/pt-pt\/wp-json\/wp\/v2\/posts\/5406\/revisions"}],"wp:featuredmedia":[{"embeddable":true,"href":"https:\/\/andalucialovers.com\/pt-pt\/wp-json\/wp\/v2\/media\/5398"}],"wp:attachment":[{"href":"https:\/\/andalucialovers.com\/pt-pt\/wp-json\/wp\/v2\/media?parent=5406"}],"wp:term":[{"taxonomy":"category","embeddable":true,"href":"https:\/\/andalucialovers.com\/pt-pt\/wp-json\/wp\/v2\/categories?post=5406"},{"taxonomy":"post_tag","embeddable":true,"href":"https:\/\/andalucialovers.com\/pt-pt\/wp-json\/wp\/v2\/tags?post=5406"}],"curies":[{"name":"wp","href":"https:\/\/api.w.org\/{rel}","templated":true}]}}