{"id":9404,"date":"2026-09-01T14:23:53","date_gmt":"2026-09-01T12:23:53","guid":{"rendered":"https:\/\/andalucialovers.com\/gruta-nerja-andaluzia\/"},"modified":"2026-09-01T14:48:02","modified_gmt":"2026-09-01T12:48:02","slug":"gruta-nerja-andaluzia","status":"publish","type":"post","link":"https:\/\/andalucialovers.com\/pt-pt\/gruta-nerja-andaluzia\/","title":{"rendered":"Gruta de Nerja (Costa del Sol): visita + fotografias"},"content":{"rendered":"\n<p class=\"wp-block-paragraph\">A <strong>Gruta de Nerja<\/strong> situa-se perto de <strong>Nerja<\/strong> e <strong>Maro<\/strong>, na famosa <strong>Costa del Sol<\/strong>, na Andaluzia. Esta vasta rede subterr\u00e2nea cativa pelas suas impressionantes forma\u00e7\u00f5es c\u00e1rsticas, tais como estalactites e estalagmites, que d\u00e3o forma a uma paisagem natural \u00fanica. O local \u00e9 igualmente conhecido pelas suas pinturas rupestres pr\u00e9-hist\u00f3ricas, testemunhos valiosos dos primeiros habitantes da regi\u00e3o.<\/p>\n\n<figure class=\"wp-block-image size-full\"><img decoding=\"async\" src=\"https:\/\/andalucialovers.com\/wp-content\/uploads\/2026\/09\/gruta-nerja-andaluzia.jpg\" alt=\"gruta de Nerja, Andaluzia\" class=\"wp-image-9375\"\/><\/figure>\n\n<p class=\"wp-block-paragraph\">Descubra neste artigo <strong>as<\/strong> nossas <strong>dicas \u00fateis, ilustradas com imagens<\/strong>, para organizar da melhor forma a sua visita e desfrutar plenamente desta imers\u00e3o no cora\u00e7\u00e3o de um mundo subterr\u00e2neo fascinante.<\/p>\n\n<h2 class=\"wp-block-heading\">Por que visitar a Gruta de Nerja<\/h2>\n\n<h3 class=\"wp-block-heading\">Vale a pena visitar a Gruta de Nerja? A nossa opini\u00e3o:<\/h3>\n\n<p class=\"wp-block-paragraph\">Sim, a <strong>Gruta<\/strong> de <strong>Nerja<\/strong> merece uma visita pelo seu contacto \u00fanico com um universo subterr\u00e2neo fascinante. Ir\u00e1 descobrir um percurso em que as forma\u00e7\u00f5es geol\u00f3gicas, como a coluna natural da <strong>Sala<\/strong> do <strong>Cataclismo,<\/strong> cativam pela sua grandiosidade e raridade. Este local combina interesse cient\u00edfico e beleza natural, proporcionando uma experi\u00eancia simultaneamente instrutiva e sensorial. \u00c9 uma das <a href=\"https:\/\/andalucialovers.com\/pt-pt\/o-que-fazer-nerja-visitar\/\" data-type=\"post\" data-id=\"5831\" target=\"_blank\" rel=\"noreferrer noopener\">melhores atra\u00e7\u00f5es de Nerja<\/a>.<\/p>\n\n<figure class=\"wp-block-image size-large\"><img loading=\"lazy\" decoding=\"async\" src=\"https:\/\/photos.smugmug.com\/Travel\/Andalucia\/12a-Nerja-Aqueduct-Cave\/i-2wNMVQQ\/2\/LHtjDtR8F5tdcsDPtz4pQk7LhDGjXnxpG5VM5pS5S\/L\/cave_Nerja_Andalucia_Spain-6878-L.jpg\" alt=\"\"\/><\/figure>\n\n<p class=\"wp-block-paragraph\">Apreci\u00e1mos particularmente a ilumina\u00e7\u00e3o cuidada que real\u00e7a as estalactites e estalagmites milenares. Este ambiente cria um cen\u00e1rio espetacular, prop\u00edcio \u00e0 contempla\u00e7\u00e3o e \u00e0 descoberta. <br\/><a href=\"https:\/\/www.getyourguide.com\/grottes-de-nerja-l167930\/?partner_id=R3GYW4V&amp;cmp=andalucia\" target=\"_blank\" rel=\"noreferrer noopener sponsored nofollow\">Poupe tempo, compre o seu bilhete<\/a>.<\/p>\n\n<figure class=\"wp-block-image size-large\"><img loading=\"lazy\" decoding=\"async\" src=\"https:\/\/photos.smugmug.com\/Travel\/Andalucia\/12a-Nerja-Aqueduct-Cave\/i-CJkG7PF\/2\/MDwh4zj7b54XCCnjKw2bPVLqsvMDqQVd7n7V7QJnw\/L\/cave_Nerja_Andalucia_Spain-6896-L.jpg\" alt=\"mesa com coluna\"\/><\/figure>\n\n<h3 class=\"wp-block-heading\">Por que raz\u00e3o \u00e9 famosa a Gruta de Nerja?<\/h3>\n\n<p class=\"wp-block-paragraph\">A <strong>Gruta<\/strong> de <strong>Nerja<\/strong> \u00e9 conhecida pelas suas impressionantes forma\u00e7\u00f5es geol\u00f3gicas, nomeadamente pelas suas estalactites e estalagmites de dimens\u00f5es not\u00e1veis. Este s\u00edtio subterr\u00e2neo alberga tamb\u00e9m pinturas rupestres pr\u00e9-hist\u00f3ricas, que atestam a presen\u00e7a humana antiga na regi\u00e3o. Classificada como <strong>Monumento<\/strong> <strong>Hist\u00f3rico-Art\u00edstico<\/strong>, a gruta destaca-se pela sua antiguidade e pela sua riqueza arqueol\u00f3gica, o que a torna um local de grande interesse na Costa del Sol.<\/p>\n<div class=\"wp-block-image\">\n<figure class=\"aligncenter size-large\"><img loading=\"lazy\" decoding=\"async\" src=\"https:\/\/photos.smugmug.com\/Travel\/Andalucia\/12a-Nerja-Aqueduct-Cave\/i-F7pqKQB\/2\/LFpRSHsLVP2DtdPs56CBVcKBvWVV4vcpPFNcb7B9z\/L\/cave_Nerja_Andalucia_Spain-6908-L.jpg\" alt=\"Coluna\"\/><\/figure>\n<\/div>\n<h3 class=\"wp-block-heading\">Os nossos momentos preferidos<\/h3>\n\n<ul class=\"wp-block-list\">\n<li>Os efeitos de luz que real\u00e7am as formas delicadas das estalactites e estalagmites, criando uma atmosfera quase m\u00e1gica.<\/li>\n\n\n\n<li>A descoberta das grandes salas, nomeadamente aquela em que a coluna natural impressiona pelo seu tamanho e pela sua aparente solidez.<\/li>\n\n\n\n<li>A vista do restaurante sobre as casas brancas de Maro e o mar<\/li>\n\n\n\n<li><a href=\"https:\/\/www.getyourguide.com\/grottes-de-nerja-l167930\/?partner_id=R3GYW4V&amp;cmp=andalucia\" target=\"_blank\" rel=\"noreferrer noopener sponsored nofollow\">Poupe tempo, compre o seu bilhete<\/a>.<\/li>\n<\/ul>\n\n<figure class=\"wp-block-image size-large\"><img loading=\"lazy\" decoding=\"async\" src=\"https:\/\/photos.smugmug.com\/Travel\/Andalucia\/12a-Nerja-Aqueduct-Cave\/i-RZCT7ch\/2\/LRQ4LHFNhqLtMPfCgzhXCP7K4cHdd26HHx9MxnWnS\/L\/cave_Nerja_Andalucia_Spain-6930-L.jpg\" alt=\"Vista a partir do restaurante\"\/><\/figure>\n\n<div class=\"wp-block-genesis-blocks-gb-container box gb-block-container\" style=\"background-color:#f6dfe6;margin-top:8%;margin-bottom:8%\"><div class=\"gb-container-inside\"><div class=\"gb-container-content\" style=\"max-width:700px\">\n<div class=\"wp-block-genesis-blocks-gb-container box_titre gb-block-container\"><div class=\"gb-container-inside\"><div class=\"gb-container-content\">\n<h5 class=\"titre_box\" style=\"padding-top:10px;\">ONDE FICAR EM <span class=\"titre_box_manuscrit\">M\u00e1laga<\/span><\/h5>\n<\/div><\/div><\/div>\n\n\n\n<hr class=\"wp-block-separator has-text-color has-alpha-channel-opacity has-background is-style-wide hr-box-planif\" style=\"background-color:#ccd3dd;color:#ccd3dd\"\/>\n\n\n\n<div class=\"wp-block-columns box_sans_border has-background is-layout-flex wp-container-core-columns-is-layout-8f761849 wp-block-columns-is-layout-flex\" style=\"background-color:#f6dfe6\">\n<div class=\"wp-block-column texte_planif is-layout-flow wp-block-column-is-layout-flow\" style=\"font-size:14px;flex-basis:60%\">\n<p class=\"option_titre2 wp-block-paragraph\">Os nossos favoritos: bairros e hot\u00e9is<\/p>\n\n\n\n<p class=\"wp-block-paragraph\" style=\"font-size:16px\">No centro hist\u00f3rico<br\/><strong>Hotel Palacio Solecio<\/strong> &#8211; <a href=\"https:\/\/www.booking.com\/hotel\/es\/palacio-solecio.html?aid=2420173\" target=\"_blank\" rel=\"noreferrer noopener sponsored nofollow\">ver fotos e disponibilidade<\/a><\/p>\n\n\n\n<p class=\"wp-block-paragraph\" style=\"font-size:16px\">Perto do mar, Playa de la Magualeta<br\/><strong>Gran Hotel Miramar<\/strong> &#8211; <a href=\"https:\/\/www.booking.com\/hotel\/es\/gran-miramar.html?aid=2420173\" target=\"_blank\" rel=\"noreferrer noopener sponsored nofollow\">ver fotos e disponibilidade<\/a><\/p>\n\n\n\n<p class=\"wp-block-paragraph\" style=\"font-size:16px\">No bairro do Soho<br\/><strong>Hotel Only You Malaga<\/strong> &#8211; <a href=\"https:\/\/www.booking.com\/hotel\/es\/only-you-malaga.html?aid=2420173\" target=\"_blank\" rel=\"noreferrer noopener sponsored nofollow\">ver fotos e disponibilidade<\/a><\/p>\n<\/div>\n\n\n\n<div class=\"wp-block-column is-vertically-aligned-top planif-radius is-layout-flow wp-block-column-is-layout-flow\" style=\"flex-basis:40%\">\n<figure class=\"wp-block-image size-large img-portrait\"><img loading=\"lazy\" decoding=\"async\" src=\"https:\/\/photos.smugmug.com\/Andalucia-Lovers\/Malaga\/Hotels\/Palacio-Solecio\/i-NLBVx9N\/0\/M6LL4gTQ4rhdFswQSKDJFZSxZtdKNwLcVCJXchKnK\/S\/hotel-palacio-solecio-malaga-spain-5-S.jpg\" alt=\"Hotel Palacio Solecio\" title=\"\"\/><\/figure>\n<\/div>\n<\/div>\n\n\n\n<p class=\"has-text-align-center has-normal-font-size wp-block-paragraph\"><a href=\"https:\/\/andalucialovers.com\/pt-pt\/onde-ficar-malaga-melhores-hoteis-bairros\/\" target=\"_blank\" rel=\"noreferrer noopener\">Veja a nossa sele\u00e7\u00e3o completa dos melhores hot\u00e9is em M\u00e1laga<\/a><\/p>\n\n\n\n<div class=\"wp-block-buttons planif_bouton is-content-justification-center is-layout-flex wp-container-core-buttons-is-layout-fe48e5de wp-block-buttons-is-layout-flex\">\n<div class=\"wp-block-button\"><a class=\"wp-block-button__link has-white-color has-text-color has-custom-font-size wp-element-button\" href=\"https:\/\/www.booking.com\/searchresults.html?city=-390787&amp;nflt=review_score%253D90%253Breview_score%253D80&amp;aid=2420173&amp;no_rooms=1&amp;group_adults=2\" style=\"border-radius:4px;font-size:14px\" target=\"_blank\" rel=\"noreferrer noopener nofollow\">Veja todos os alojamentos dispon\u00edveis &gt;&gt;<\/a><\/div>\n<\/div>\n<\/div><\/div><\/div>\n\n<h2 class=\"wp-block-heading\">Acesso: Gruta de Nerja, Costa del Sol<\/h2>\n\n<h3 class=\"wp-block-heading\">Onde fica a Gruta de Nerja?<\/h3>\n\n<ul class=\"wp-block-list\">\n<li>Perto das aldeias de Nerja e Maro<\/li>\n\n\n\n<li>Na Costa del Sol, prov\u00edncia de M\u00e1laga<\/li>\n\n\n\n<li>A partir do centro de Nerja = 6 minutos de carro<\/li>\n\n\n\n<li>A partir de <a href=\"https:\/\/andalucialovers.com\/pt-pt\/o-que-fazer-malaga-visitar\/\" data-type=\"post\" data-id=\"1609\" target=\"_blank\" rel=\"noreferrer noopener\">M\u00e1laga<\/a> = 45 minutos de carro<\/li>\n\n\n\n<li>Aqui est\u00e1 um mapa para o ajudar a orientar-se, com Nerja na costa a leste de M\u00e1laga.<br\/>A gruta fica a leste da cidade:<\/li>\n<\/ul>\n\n<figure class=\"wp-block-image size-large\"><img loading=\"lazy\" decoding=\"async\" src=\"https:\/\/andalucialovers.com\/wp-content\/uploads\/2024\/08\/mapa-melhores-cidades-da-Andaluzia-1024x683.png\" alt=\"mapa melhores cidades andaluzia\" class=\"wp-image-1794\"\/><figcaption class=\"wp-element-caption\">Mapa com a cidade de Nerja, na Andaluzia<\/figcaption><\/figure>\n\n<h3 class=\"wp-block-heading\">Como \u00e9 que l\u00e1 chego?<\/h3>\n\n<ul class=\"wp-block-list\">\n<li><strong>De carro:<\/strong> acesso direto por uma estrada em bom estado, sem dificuldades particulares \u2014 autoestrada A-7, sa\u00edda 295 (Nerja\/Maro)<\/li>\n\n\n\n<li><strong>De autocarro:<\/strong> linha ALSA M\u00e1laga-Nerja, seguida de uma liga\u00e7\u00e3o local para a gruta.<\/li>\n\n\n\n<li><strong>Comboio tur\u00edstico:<\/strong> o <a href=\"https:\/\/cuevadenerja.es\/tren-a-la-cueva-de-nerja\/\" target=\"_blank\" rel=\"noreferrer noopener nofollow\">Cueva-Tren<\/a> liga o centro da cidade de Nerja \u00e0 gruta, sendo uma op\u00e7\u00e3o pr\u00e1tica para evitar utilizar o carro.<\/li>\n<\/ul>\n\n<figure class=\"wp-block-image size-large\"><img loading=\"lazy\" decoding=\"async\" src=\"https:\/\/photos.smugmug.com\/Travel\/Andalucia\/12a-Nerja-Aqueduct-Cave\/i-s8BH7gW\/2\/Ls5FL4QmB7gFn73HNhrfsg4gGQX9WL4nk2ZQwnnZx\/L\/cave_Nerja_Andalucia_Spain-6859-L.jpg\" alt=\"Acesso &#xE0; Gruta de Nerja\"\/><\/figure>\n\n<h3 class=\"wp-block-heading\">Parque de estacionamento<\/h3>\n\n<p class=\"wp-block-paragraph\">Est\u00e1 dispon\u00edvel no local um parque de estacionamento pago para os visitantes.<br\/>\u00c9 bastante amplo e \u00e9 f\u00e1cil estacionar l\u00e1.<\/p>\n\n<figure class=\"wp-block-image size-large\"><img loading=\"lazy\" decoding=\"async\" src=\"https:\/\/photos.smugmug.com\/Travel\/Andalucia\/12a-Nerja-Aqueduct-Cave\/i-nN5xBz8\/2\/MhTkFjJM5cnWCkvvP3qr8p5FkWQQSqf5Pz5SfNwqF\/L\/cave_Nerja_Andalucia_Spain-6860-L.jpg\" alt=\"Estacionamento  \"\/><\/figure>\n\n<div class=\"wp-block-genesis-blocks-gb-container box gb-block-container\" style=\"background-color:#f6dfe6;margin-top:8%;margin-bottom:8%\"><div class=\"gb-container-inside\"><div class=\"gb-container-content\">\n<div class=\"wp-block-columns inverse box_planif is-layout-flex wp-container-core-columns-is-layout-8f761849 wp-block-columns-is-layout-flex\">\n<div class=\"wp-block-column texte_planif is-layout-flow wp-block-column-is-layout-flow\" style=\"flex-basis:58%\">\n<h5 class=\"titre_box\"> ALUGUE O SEU CARRO EM <span class=\"titre_box_manuscrit\">\nAndaluzia<\/span><\/h5>\n\n\n\n<ul style=\"font-size:14px\" class=\"wp-block-list liste_voiture\">\n<li>Compare os pre\u00e7os na nossa plataforma preferida: <a href=\"https:\/\/www.discovercars.com\/pt\/spain?a_aid=zigzag&amp;chan=andalucia\" target=\"_blank\" rel=\"noreferrer noopener sponsored nofollow\">DiscoverCars<\/a> &#8211; um dos s\u00edtios mais bem classificados.<\/li>\n\n\n\n<li>Escolha um <strong>carro compacto<\/strong>, pois algumas aldeias t\u00eam ruas muito estreitas!<\/li>\n\n\n\n<li>Pense num<strong>seguro global<\/strong> pela mesma raz\u00e3o<\/li>\n\n\n\n<li><strong>Reserve com anteced\u00eancia<\/strong> para poder escolher.<\/li>\n<\/ul>\n<\/div>\n\n\n\n<div class=\"wp-block-column planif-radius-3 is-layout-flow wp-block-column-is-layout-flow\" style=\"flex-basis:42%\">\n<figure class=\"wp-block-image size-large is-resized\"><img loading=\"lazy\" decoding=\"async\" src=\"https:\/\/photos.smugmug.com\/Travel\/Andalucia\/Driving\/i-tqxqm2M\/1\/DBVq6wpqQpTv8CpSvmFGgfKbDdqGMK9zqdcc59cGs\/S\/Driving_Andalucia_Spain-8407-S.jpg\" alt=\"autom&#xF3;veis na Sic&#xED;lia\" title=\"\"\/><\/figure>\n<\/div>\n<\/div>\n\n\n\n<div class=\"wp-block-columns planif_bouton is-layout-flex wp-container-core-columns-is-layout-8f761849 wp-block-columns-is-layout-flex\">\n<div class=\"wp-block-column is-layout-flow wp-block-column-is-layout-flow\" style=\"flex-basis:50%\">\n<div class=\"wp-block-buttons is-content-justification-center is-layout-flex wp-container-core-buttons-is-layout-fe48e5de wp-block-buttons-is-layout-flex\">\n<div class=\"wp-block-button\"><a class=\"wp-block-button__link has-white-color has-text-color has-custom-font-size wp-element-button\" href=\"https:\/\/www.discovercars.com\/fr\/spain?a_aid=zigzag&amp;chan=andalucia\" style=\"border-radius:4px;font-size:18px\" target=\"_blank\" rel=\"noreferrer noopener nofollow\">Veja os carros &gt;<\/a><\/div>\n<\/div>\n<\/div>\n\n\n\n<div class=\"wp-block-column is-vertically-aligned-center is-layout-flow wp-block-column-is-layout-flow\" style=\"flex-basis:50%\">\n<p class=\"has-text-align-center has-normal-font-size wp-block-paragraph\"><strong><a href=\"https:\/\/andalucialovers.com\/pt-pt\/como-alugar-carro-andaluzia-dicas-experiencia\/\" type=\"post\" id=\"2438\" target=\"_blank\" rel=\"noreferrer noopener\">V\u00ea todos os nossos conselhos<\/a><\/strong><\/p>\n<\/div>\n<\/div>\n<\/div><\/div><\/div>\n\n<h2 class=\"wp-block-heading\">Conselhos \u00fateis: dura\u00e7\u00e3o, hor\u00e1rios, alimenta\u00e7\u00e3o&#8230;<\/h2>\n\n<h3 class=\"wp-block-heading\">Dura\u00e7\u00e3o da visita e principais dificuldades<\/h3>\n\n<p class=\"wp-block-paragraph\">O percurso da visita \u00e0 Gruta de Nerja estende-se por cerca de <strong>500 metros<\/strong> e dura geralmente entre <strong>45 minutos e 1 hora<\/strong>. Ir\u00e1 atravessar v\u00e1rias salas principais, equipadas com passarelas e ilumina\u00e7\u00e3o adequada.<\/p>\n\n<p class=\"wp-block-paragraph\">No entanto, o percurso inclui escadas e degraus em v\u00e1rios pontos, o que pode dificultar o acesso a pessoas com mobilidade reduzida. A temperatura interior mant\u00e9m-se constante entre os <strong>19 e os 21 \u00b0C<\/strong>, com um n\u00edvel de humidade elevado, o que deve ter em conta para o seu conforto.<\/p>\n\n<figure class=\"wp-block-image size-large\"><img loading=\"lazy\" decoding=\"async\" src=\"https:\/\/photos.smugmug.com\/Travel\/Andalucia\/12a-Nerja-Aqueduct-Cave\/i-Zsj8p6R\/2\/Ksxn6dDKzwwMxZsKLhnQ7JSk8QCk9djxwNw4B49hQ\/L\/cave_Nerja_Andalucia_Spain-6888-L.jpg\" alt=\"Escadaria na gruta\"\/><\/figure>\n\n<h3 class=\"wp-block-heading\">Visitas com crian\u00e7as<\/h3>\n\n<p class=\"wp-block-paragraph\">N\u00e3o identific\u00e1mos nenhuma atividade destinada ao p\u00fablico infantil na <strong>Gruta<\/strong> de <strong>Nerja,<\/strong> como, por exemplo, um <strong>livreto de jogos<\/strong> ou um audioguia para crian\u00e7as. No entanto, as forma\u00e7\u00f5es geol\u00f3gicas e as pinturas pr\u00e9-hist\u00f3ricas podem despertar o interesse das crian\u00e7as curiosas, sob a supervis\u00e3o de adultos. O ambiente subterr\u00e2neo, com uma ilumina\u00e7\u00e3o adequada, oferece um cen\u00e1rio original para uma visita em fam\u00edlia.<\/p>\n\n<h3 class=\"wp-block-heading\">Hor\u00e1rio de abertura e pre\u00e7os<\/h3>\n\n<ul class=\"wp-block-list\">\n<li><strong>Hor\u00e1rios de abertura:<\/strong><br\/>No ver\u00e3o: das 9h15 \u00e0s 17h30 (\u00faltima entrada \u00e0s 16h30)<br\/>Resto do ano: das 9h15 \u00e0s 16h30 (\u00faltima entrada \u00e0s 15h30)<\/li>\n\n\n\n<li>Os bilhetes s\u00e3o vendidos com <strong>hor\u00e1rios espec\u00edficos<\/strong>, de modo a garantir uma visita confort\u00e1vel e organizada.<\/li>\n\n\n\n<li><strong>Fechado:<\/strong> 1 de janeiro, 6 de janeiro, 15 de maio, 25 de dezembro<\/li>\n\n\n\n<li><strong>Pre\u00e7o para adultos:<\/strong> 18 \u20ac<\/li>\n\n\n\n<li><strong>Tarifa reduzida:<\/strong><br\/>Idosos: 15 \u20ac<br\/>Adolescente de 12 ou 13 anos: 14 \u20ac<br\/>Crian\u00e7as dos 6 aos 11 anos: 13 \u20ac<br\/>Bilhete reduzido para crian\u00e7as dos 3 aos 5 anos: 6 \u20ac<\/li>\n\n\n\n<li><strong>Gratuidade:<\/strong> Gratuito para crian\u00e7as at\u00e9 aos 2 anos.<\/li>\n\n\n\n<li><strong>Telefone:<\/strong> +34 952 529 520<\/li>\n\n\n\n<li>Consulte as \u00faltimas not\u00edcias no s\u00edtio Web oficial <a href=\"https:\/\/www.cuevadenerja.es\/\" target=\"_blank\" rel=\"nofollow noopener\">aqui<\/a>.<\/li>\n\n\n\n<li><a href=\"https:\/\/www.getyourguide.com\/grottes-de-nerja-l167930\/?partner_id=R3GYW4V&amp;cmp=andalucia\" target=\"_blank\" rel=\"noreferrer noopener sponsored nofollow\">Poupe tempo, compre o seu bilhete<\/a>.<\/li>\n<\/ul>\n\n<h3 class=\"wp-block-heading\">Restaura\u00e7\u00e3o e outros servi\u00e7os<\/h3>\n\n<p class=\"wp-block-paragraph\">No local, encontra-se um restaurante com esplanada e vista panor\u00e2mica.<br\/>Existe tamb\u00e9m um parque infantil, uma \u00e1rea de piquenique e percursos pedestres na natureza nos arredores.<\/p>\n\n<figure class=\"wp-block-image size-large\"><img loading=\"lazy\" decoding=\"async\" src=\"https:\/\/photos.smugmug.com\/Travel\/Andalucia\/12a-Nerja-Aqueduct-Cave\/i-7VBfrsM\/2\/MGWWnhsJwCbSL5CvxNctb8wRDMPgKcBDdPS7gBMBp\/L\/cave_Nerja_Andalucia_Spain-6928-L.jpg\" alt=\"Restaurante perto da gruta\"\/><\/figure>\n\n<div class=\"wp-block-genesis-blocks-gb-container box gb-block-container\" style=\"background-color:#f6dfe6;margin-top:8%;margin-bottom:8%\"><div class=\"gb-container-inside\"><div class=\"gb-container-content\" style=\"max-width:700px\">\n<div class=\"wp-block-columns inverse is-layout-flex wp-container-core-columns-is-layout-8f761849 wp-block-columns-is-layout-flex\">\n<div class=\"wp-block-column texte_planif is-layout-flow wp-block-column-is-layout-flow\" style=\"flex-basis:58%\">\n<h5 class=\"titre_box\" style=\"padding-top:10px\">PLANEIE A SUA VIAGEM DE SONHO \u00c0 <span class=\"titre_box_manuscrit\">andaluzia<\/span><\/h5>\n\n\n\n<div class=\"wp-block-genesis-blocks-gb-container gb-block-container\"><div class=\"gb-container-inside\"><div class=\"gb-container-content\">\n<p class=\"wp-block-paragraph\" style=\"font-size:14px\">Todas as informa\u00e7\u00f5es necess\u00e1rias para a sua viagem:<\/p>\n<\/div><\/div><\/div>\n\n\n\n<div class=\"wp-block-genesis-blocks-gb-container gb-block-container\"><div class=\"gb-container-inside\"><div class=\"gb-container-content\"><\/div><\/div><\/div>\n\n\n\n<ul style=\"font-size:14px\" id=\"liste_discover\" class=\"wp-block-list\">\n<li>7 mapas para facilitar o planeamento<\/li>\n\n\n\n<li>+ 150 locais pr\u00e9-seleccionados<\/li>\n\n\n\n<li>Conselhos pr\u00e1ticos<\/li>\n\n\n\n<li>+ 300 fotografias para o ajudar a escolher<\/li>\n<\/ul>\n\n\n\n<div class=\"wp-block-buttons has-custom-font-size bouton_10 is-content-justification-center is-layout-flex wp-container-core-buttons-is-layout-f5f78b3b wp-block-buttons-is-layout-flex\" style=\"font-size:13px\">\n<div class=\"wp-block-button\"><a class=\"wp-block-button__link has-white-color has-text-color has-custom-font-size wp-element-button\" href=\"https:\/\/andalucialovers.com\/pt-pt\/ebook-guia-road-trip-andaluzia\/\" style=\"border-radius:4px;font-size:14px\" target=\"_blank\" rel=\"noreferrer noopener\">Descubra<strong> <\/strong>&gt;&gt;<\/a><\/div>\n<\/div>\n<\/div>\n\n\n\n<div class=\"wp-block-column is-layout-flow wp-block-column-is-layout-flow\" style=\"flex-basis:42%\">\n<div class=\"wp-block-genesis-blocks-gb-container ebook-radius gb-block-container\"><div class=\"gb-container-inside\"><div class=\"gb-container-content\"><div class=\"wp-block-image ebook-image\">\n<figure class=\"aligncenter size-full is-resized\"><img loading=\"lazy\" decoding=\"async\" src=\"https:\/\/andalucialovers.com\/wp-content\/uploads\/2024\/06\/Road-trip-Guide-Andalucia-eBook-cover-3.jpg\" alt=\"Guia tur&#xED;stico da Andaluzia Capa do livro eletr&#xF3;nico\" class=\"wp-image-317\" style=\"width:203px;height:157px\"\/><\/figure>\n<\/div><\/div><\/div><\/div>\n<\/div>\n<\/div>\n<\/div><\/div><\/div>\n\n<h2 class=\"wp-block-heading\">Salas subterr\u00e2neas esculpidas pela \u00e1gua<\/h2>\n\n<h3 class=\"wp-block-heading\">Estalactites, estalagmites e fluxos minerais<\/h3>\n\n<p class=\"wp-block-paragraph\">As forma\u00e7\u00f5es minerais da Gruta de Nerja resultam de processos naturais lentos e fascinantes. A \u00e1gua da chuva, rica em di\u00f3xido de carbono, infiltra-se atrav\u00e9s das rochas calc\u00e1rias da Serra de Almijara, dissolvendo os minerais antes de os depositar sob a forma de concre\u00e7\u00f5es. \u00c9 assim que se formam as <strong>estalactites<\/strong>, suspensas no teto, e as <strong>estalagmites<\/strong>, que se erguem do ch\u00e3o, por vezes at\u00e9 se unirem, formando colunas imponentes.<\/p>\n\n<figure class=\"wp-block-image size-large\"><img loading=\"lazy\" decoding=\"async\" src=\"https:\/\/photos.smugmug.com\/Travel\/Andalucia\/12a-Nerja-Aqueduct-Cave\/i-Jsw54cH\/2\/MK8mnL5xQ8tKvR7wRr6Rdj2vcNzJC4smzj9xMLQ7V\/L\/cave_Nerja_Andalucia_Spain-6880-L.jpg\" alt=\"Cou&#xE9;le\"\/><\/figure>\n\n<p class=\"wp-block-paragraph\">Para al\u00e9m das estalactites e estalagmites, a gruta apresenta uma grande diversidade de concre\u00e7\u00f5es c\u00e1rsticas, tais como <strong>correntes estalagm\u00edticas<\/strong>, bandeiras e outras formas com nomes evocativos, como as bandeiras ou as nuvens. Esta diversidade visual reflete as varia\u00e7\u00f5es locais no escoamento da \u00e1gua e nas condi\u00e7\u00f5es geol\u00f3gicas, proporcionando um espet\u00e1culo natural rico e complexo de se observar.<\/p>\n\n<figure class=\"wp-block-image size-large\"><img loading=\"lazy\" decoding=\"async\" src=\"https:\/\/photos.smugmug.com\/Travel\/Andalucia\/12a-Nerja-Aqueduct-Cave\/i-58cswzj\/2\/MdFKWffWQ59TLjpf9ML5fHSDsmhZJdn5CLMNB5Dqt\/L\/cave_Nerja_Andalucia_Spain-6887-L.jpg\" alt=\"Estalactites\"\/><\/figure>\n\n<p class=\"wp-block-paragraph\">Ao percorrer a gruta, poder\u00e1 assim aprender a distinguir estas diferentes forma\u00e7\u00f5es e compreender o seu mecanismo de crescimento, que se estende por centenas de milhares de anos. Esta observa\u00e7\u00e3o atenta das concre\u00e7\u00f5es enriquece a visita, revelando a din\u00e2mica geol\u00f3gica que moldou este local \u00fanico.<\/p>\n\n<figure class=\"wp-block-image size-large\"><img loading=\"lazy\" decoding=\"async\" src=\"https:\/\/photos.smugmug.com\/Travel\/Andalucia\/12a-Nerja-Aqueduct-Cave\/i-dMrRbs9\/2\/NTPtqCqCsHx3GDLrgH3C9Fv5fzJHXnPGBbbwwptQd\/L\/cave_Nerja_Andalucia_Spain-6891-L.jpg\" alt=\"Estalagmites\"\/><\/figure>\n\n<h3 class=\"wp-block-heading\">As grandes colunas naturais<\/h3>\n\n<p class=\"wp-block-paragraph\">A Gruta de Nerja destaca-se pelas suas impressionantes colunas naturais, verdadeiros pilares que d\u00e3o estrutura \u00e0s salas principais. Entre elas, a coluna da Sala do Cataclismo chama particularmente a aten\u00e7\u00e3o: atinge uma altura not\u00e1vel de <strong>32 metros<\/strong>, resultante da uni\u00e3o de uma <strong>estalactite<\/strong> e de uma <strong>estalagmite<\/strong>. Esta forma\u00e7\u00e3o \u00e9 considerada a maior coluna natural do mundo, proporcionando uma perspetiva impressionante sobre os processos geol\u00f3gicos milenares.<br\/>Veja a compara\u00e7\u00e3o com a estatura das pessoas na fotografia abaixo:<\/p>\n<div class=\"wp-block-image\">\n<figure class=\"aligncenter size-large\"><img loading=\"lazy\" decoding=\"async\" src=\"https:\/\/photos.smugmug.com\/Travel\/Andalucia\/12a-Nerja-Aqueduct-Cave\/i-htTk4KK\/2\/NR6gb7pbS79GSRHmkSKVCz4JkFXb5tTwstKm4qprd\/L\/cave_Nerja_Andalucia_Spain-6917-L.jpg\" alt=\"Largura da coluna\"\/><\/figure>\n<\/div>\n<p class=\"wp-block-paragraph\">O percurso da visita atravessa v\u00e1rias salas amplas, nas quais estas colunas desempenham um papel essencial na perce\u00e7\u00e3o do espa\u00e7o. Na <strong>Sala<\/strong> dos <strong>Fantasmas,<\/strong> por exemplo, os volumes impressionantes s\u00e3o real\u00e7ados por uma ilumina\u00e7\u00e3o cuidadosamente estudada, que destaca a textura e a dimens\u00e3o das forma\u00e7\u00f5es calc\u00e1rias.  <\/p>\n\n<figure class=\"wp-block-image size-large\"><img loading=\"lazy\" decoding=\"async\" src=\"https:\/\/photos.smugmug.com\/Travel\/Andalucia\/12a-Nerja-Aqueduct-Cave\/i-LH8mTzc\/2\/MWf4gKw7HLwRwWCB75PXcfP34hjB4SfwdjM3DmwXn\/L\/cave_Nerja_Andalucia_Spain-6924-L.jpg\" alt=\"\"\/><\/figure>\n\n<p class=\"wp-block-paragraph\">Apreci\u00e1mos particularmente a forma como estas colunas estruturam o espa\u00e7o, criando pontos de refer\u00eancia visuais marcantes ao longo de toda a visita. Servem tamb\u00e9m como testemunho dos longos per\u00edodos de deposi\u00e7\u00e3o calc\u00e1ria, ilustrando a lenta evolu\u00e7\u00e3o do local. Ir\u00e1 notar que algumas colunas s\u00e3o t\u00e3o imponentes que parecem sustentar a ab\u00f3bada da gruta, refor\u00e7ando a sensa\u00e7\u00e3o de imensid\u00e3o e profundidade.<\/p>\n\n<div class=\"wp-block-genesis-blocks-gb-container box gb-block-container\" style=\"background-color:#f6dfe6;margin-top:8%;margin-bottom:8%\"><div class=\"gb-container-inside\"><div class=\"gb-container-content\">\n<div class=\"wp-block-columns inverse is-layout-flex wp-container-core-columns-is-layout-8f761849 wp-block-columns-is-layout-flex\">\n<div class=\"wp-block-column texte_planif is-layout-flow wp-block-column-is-layout-flow\" style=\"flex-basis:58%\">\n<h5 class=\"titre_box\" style=\"padding-top:10px\">DIVERSAO na Andaluzia: <span class=\"titre_box_manuscrit\">actividades<\/span><\/h5>\n\n\n\n<ul class=\"wp-block-list\">\n<li><a href=\"https:\/\/www.getyourguide.pt\/seville-l48\/seville-3-heures-de-cours-de-cuisine-espagnole-avec-diner-t69843\/?partner_id=R3GYW4V&amp;cmp=andalucia\" target=\"_blank\" rel=\"noreferrer noopener sponsored nofollow\">Curso de culin\u00e1ria<\/a> em Sevilha<\/li>\n\n\n\n<li><a href=\"https:\/\/www.getyourguide.pt\/benahavis-l101793\/benahavis-randonnee-et-canyoning-dans-la-campagne-de-marbella-t464993\/?partner_id=R3GYW4V&amp;cmp=andalucia\" target=\"_blank\" rel=\"noreferrer noopener sponsored nofollow\">Canyoning a<\/a> partir da Costa do Sol<\/li>\n\n\n\n<li><a href=\"https:\/\/www.getyourguide.pt\/el-chorro-l143817\/caminito-del-rey-visite-guidee-avec-guides-officiels-et-entree-t569659\/?partner_id=R3GYW4V&amp;cmp=andalucia\" target=\"_blank\" rel=\"noreferrer noopener sponsored nofollow\">Caminhada guiada pelo Caminito del Rey<\/a><\/li>\n<\/ul>\n<\/div>\n\n\n\n<div class=\"wp-block-column ville-radius is-layout-flow wp-block-column-is-layout-flow\" style=\"flex-basis:42%\">\n<figure class=\"wp-block-image size-large img-portrait\"><img loading=\"lazy\" decoding=\"async\" src=\"https:\/\/photos.smugmug.com\/Andalucia-Lovers\/Caminito-del-Rey\/i-zbsmQsd\/0\/Kv5dSfwcXjdLF29KTb6kZHtFzHZ78gC39QrtHPTb6\/S\/caminitodelrey-bridge-S.jpg\" alt=\"Caminito del Rey\" title=\"\"\/><\/figure>\n<\/div>\n<\/div>\n<\/div><\/div><\/div>\n\n<h2 class=\"wp-block-heading\">Um percurso concebido entre passarelas e luz<\/h2>\n\n<h3 class=\"wp-block-heading\">O ambiente das galerias subterr\u00e2neas<\/h3>\n\n<p class=\"wp-block-paragraph\">A visita \u00e0 Gruta de Nerja destaca-se pela sua <strong>frescura constante<\/strong> e por uma escurid\u00e3o tranquilizante, que contrastam claramente com a luz exterior da Costa del Sol. As forma\u00e7\u00f5es geol\u00f3gicas s\u00e3o real\u00e7adas por uma ilumina\u00e7\u00e3o subtil que revela a delicadeza das estalactites e estalagmites, criando uma atmosfera simultaneamente misteriosa e serena.<\/p>\n\n<figure class=\"wp-block-image size-large\"><img loading=\"lazy\" decoding=\"async\" src=\"https:\/\/photos.smugmug.com\/Travel\/Andalucia\/12a-Nerja-Aqueduct-Cave\/i-rs2z38k\/2\/KRtVMz6N9GcHHcr8TPxqvHhStp5FqjxWxM6FD9s9R\/L\/cave_Nerja_Andalucia_Spain-6873-L.jpg\" alt=\"ambiente da galeria subterr&#xE2;nea\"\/><\/figure>\n\n<h3 class=\"wp-block-heading\">As passarelas e as escadas do percurso<\/h3>\n\n<p class=\"wp-block-paragraph\">O percurso de visita \u00e0 Gruta de Nerja estende-se por cerca de <strong>500 metros<\/strong>, proporcionando uma descoberta gradual das diferentes salas subterr\u00e2neas. Para facilitar a circula\u00e7\u00e3o, o percurso est\u00e1 equipado com <strong>passarelas<\/strong> que se erguem sobre determinados espa\u00e7os naturais, permitindo assim preservar as forma\u00e7\u00f5es geol\u00f3gicas e, ao mesmo tempo, garantir um percurso bem definido.<\/p>\n\n<figure class=\"wp-block-image size-large\"><img loading=\"lazy\" decoding=\"async\" src=\"https:\/\/photos.smugmug.com\/Travel\/Andalucia\/12a-Nerja-Aqueduct-Cave\/i-QQWzSTV\/2\/NjRTDHhxXwGJ9fc67n5NQsh2W86Qh3jhKx3sSgNtJ\/L\/cave_Nerja_Andalucia_Spain-6909-L.jpg\" alt=\"escadas e passarelas\"\/><\/figure>\n\n<p class=\"wp-block-paragraph\">Encontrar\u00e1 tamb\u00e9m v\u00e1rias <strong>escadas<\/strong> espalhadas ao longo do percurso. Estas adapta\u00e7\u00f5es permitem superar as diferen\u00e7as de n\u00edvel entre as salas, mas implicam que a visita exija uma certa mobilidade. Por isso, aconselhamos-vos a usar <strong>cal\u00e7ado confort\u00e1vel<\/strong>, adequado para caminhar e para subir ou descer escadas.<\/p>\n\n<h3 class=\"wp-block-heading\">Audioguias e experi\u00eancias de realidade virtual<\/h3>\n\n<p class=\"wp-block-paragraph\">A Gruta de Nerja disponibiliza um <strong>audioguia multilingue<\/strong> inclu\u00eddo no pre\u00e7o do bilhete, que enriquece a visita ao fornecer explica\u00e7\u00f5es detalhadas sobre a <strong>forma\u00e7\u00e3o geol\u00f3gica<\/strong>, a hist\u00f3ria da descoberta e os vest\u00edgios pr\u00e9-hist\u00f3ricos. Esta ferramenta permite compreender melhor as diferentes fases de evolu\u00e7\u00e3o do local e as caracter\u00edsticas das salas visitadas. Ou o instala no seu telem\u00f3vel, ou paga uma pequena quantia para ter um terminal Audi.<\/p>\n\n<figure class=\"wp-block-image size-large\"><img loading=\"lazy\" decoding=\"async\" src=\"https:\/\/photos.smugmug.com\/Travel\/Andalucia\/12a-Nerja-Aqueduct-Cave\/i-9w2Kx3z\/2\/LdLM3hnqz8Dz3Ckx3Pm576cTw2MJC3ZwDjsPfpjh6\/L\/cave_Nerja_Andalucia_Spain-6867-L.jpg\" alt=\"Audioguia\"\/><\/figure>\n\n<p class=\"wp-block-paragraph\">Tamb\u00e9m est\u00e1 dispon\u00edvel no local uma <strong>sala de realidade virtual<\/strong>. Proporciona uma experi\u00eancia imersiva que permite visualizar partes inacess\u00edveis da gruta e compreender a evolu\u00e7\u00e3o desta rede subterr\u00e2nea ao longo de v\u00e1rios mil\u00e9nios. Esta tecnologia complementa a visita, proporcionando uma interpreta\u00e7\u00e3o inovadora e cativante.<\/p>\n\n<p class=\"wp-block-paragraph\">As atividades de media\u00e7\u00e3o abordam temas variados, nomeadamente a <strong>geologia<\/strong>, a <strong>pr\u00e9-hist\u00f3ria<\/strong>, as descobertas arqueol\u00f3gicas e a vida dos primeiros habitantes. Estes conte\u00fados pedag\u00f3gicos est\u00e3o adaptados a todos os p\u00fablicos e contribuem para uma melhor compreens\u00e3o do local, para al\u00e9m da simples observa\u00e7\u00e3o das forma\u00e7\u00f5es naturais.<\/p>\n\n<figure class=\"wp-block-image size-large\"><img loading=\"lazy\" decoding=\"async\" src=\"https:\/\/photos.smugmug.com\/Travel\/Andalucia\/12a-Nerja-Aqueduct-Cave\/i-ZBtmwwJ\/2\/L5GXPfjP8rpMNszBNWDH7njbMXTRKTbjwxkr6sxFQ\/L\/cave_Nerja_Andalucia_Spain-6883-L.jpg\" alt=\"satalgite e vazamento\"\/><\/figure>\n\n<h2 class=\"wp-block-heading\">As pinturas rupestres e os vest\u00edgios da pr\u00e9-hist\u00f3ria<\/h2>\n\n<h3 class=\"wp-block-heading\">As pinturas pr\u00e9-hist\u00f3ricas<\/h3>\n\n<p class=\"wp-block-paragraph\">A Gruta de Nerja cont\u00e9m pinturas rupestres cuja<strong>antiguidade \u00e9 estimada em cerca de 42 000 anos<\/strong>. Estas obras contam-se entre os testemunhos mais antigos da arte pr\u00e9-hist\u00f3rica na Europa, o que confere ao s\u00edtio um grande valor arqueol\u00f3gico. A sua descoberta contribuiu para aprofundar a nossa compreens\u00e3o sobre os primeiros habitantes da regi\u00e3o e as suas pr\u00e1ticas art\u00edsticas.<\/p>\n\n<p class=\"wp-block-paragraph\">Estas pinturas j\u00e1 n\u00e3o est\u00e3o acess\u00edveis ao p\u00fablico, a fim de preservar a sua integridade. Com efeito, s\u00e3o particularmente sens\u00edveis a fatores como<strong>a humidade<\/strong>, a <strong>luz<\/strong> e a presen\u00e7a humana, que podem acelerar a sua degrada\u00e7\u00e3o. Esta medida de conserva\u00e7\u00e3o \u00e9 essencial para garantir a preserva\u00e7\u00e3o a longo prazo destes vest\u00edgios \u00fanicos.<\/p>\n\n<p class=\"wp-block-paragraph\">A interpreta\u00e7\u00e3o cient\u00edfica das pinturas de Nerja continua a ser um tema de debate. Alguns investigadores sugerem que estas obras possam ter sido realizadas por <strong>neandertais<\/strong>, o que constituiria uma descoberta importante sobre as capacidades art\u00edsticas desta esp\u00e9cie humana. Esta hip\u00f3tese abre novas perspetivas sobre a evolu\u00e7\u00e3o cultural dos primeiros homin\u00eddeos.<\/p>\n<div class=\"wp-block-image\">\n<figure class=\"aligncenter size-large\"><img loading=\"lazy\" decoding=\"async\" src=\"https:\/\/photos.smugmug.com\/Travel\/Andalucia\/12a-Nerja-Aqueduct-Cave\/i-bhCzxg4\/2\/MM86LsnBXpRZWGPq9TGrssNmRL6NHFnmBhQ2kqLDK\/L\/cave_Nerja_Andalucia_Spain-6892-L.jpg\" alt=\"coluna  \"\/><\/figure>\n<\/div>\n<h3 class=\"wp-block-heading\">Um local que testemunha as antigas ocupa\u00e7\u00f5es humanas<\/h3>\n\n<p class=\"wp-block-paragraph\">A Gruta de Nerja constitui um testemunho valioso da presen\u00e7a humana desde o <strong>Paleol\u00edtico<\/strong>. Os vest\u00edgios descobertos, nomeadamente ferramentas e ossos, atestam uma presen\u00e7a humana cont\u00ednua ao longo de v\u00e1rios mil\u00e9nios. Este importante s\u00edtio arqueol\u00f3gico em Espanha oferece, assim, uma vis\u00e3o da vida pr\u00e9-hist\u00f3rica, enriquecendo a nossa compreens\u00e3o dos primeiros habitantes da regi\u00e3o.<\/p>\n\n<figure class=\"wp-block-image size-large\"><img loading=\"lazy\" decoding=\"async\" src=\"https:\/\/photos.smugmug.com\/Travel\/Andalucia\/12a-Nerja-Aqueduct-Cave\/i-fQ5WVRR\/2\/KR8KN9kpHHTjCbrhc2c5bkLg6929fjjmxtMPdVpzd\/L\/cave_Nerja_Andalucia_Spain-6865-L.jpg\" alt=\"Regras da gruta\"\/><\/figure>\n\n<h2 class=\"wp-block-heading\">Resumo da hist\u00f3ria<\/h2>\n\n<h3 class=\"wp-block-heading\">Uma descoberta fortuita em 1959<\/h3>\n\n<p class=\"wp-block-paragraph\">O s\u00edtio foi descoberto a <strong>12 de janeiro de 1959<\/strong> por cinco jovens da aldeia de Maro, situada nas proximidades de Nerja. A sua explora\u00e7\u00e3o revelou uma extensa rede subterr\u00e2nea, at\u00e9 ent\u00e3o desconhecida, que rapidamente chamaria a aten\u00e7\u00e3o de investigadores e entusiastas da hist\u00f3ria.<\/p>\n\n<h3 class=\"wp-block-heading\">Abertura e reconhecimento r\u00e1pido<\/h3>\n\n<p class=\"wp-block-paragraph\">A gruta foi aberta ao p\u00fablico j\u00e1 <strong>em 1960<\/strong>, o que permitiu uma primeira visita oficial pouco depois da sua descoberta. Em <strong>1961<\/strong>, foi classificada como Bem de Interesse Cultural, um reconhecimento oficial do seu valor patrimonial e cient\u00edfico que garante a sua prote\u00e7\u00e3o e valoriza\u00e7\u00e3o.<\/p>\n\n<div class=\"wp-block-genesis-blocks-gb-container box gb-block-container\" style=\"background-color:#f6dfe6;margin-top:8%;margin-bottom:8%\"><div class=\"gb-container-inside\"><div class=\"gb-container-content\" style=\"max-width:700px\">\n<div class=\"wp-block-genesis-blocks-gb-container box_titre gb-block-container\"><div class=\"gb-container-inside\"><div class=\"gb-container-content\">\n<h5 class=\"titre_box\" style=\"padding-top:10px; margin-bottom:0px;\"><span>VISITAR <\/span> <span class=\"titre_box_manuscrit\">M\u00e1laga<\/span><\/h5>\n<\/div><\/div><\/div>\n\n\n\n<div class=\"wp-block-genesis-blocks-gb-container box_texte_0 gb-block-container\"><div class=\"gb-container-inside\"><div class=\"gb-container-content\">\n<div class=\"wp-block-columns Element_box is-layout-flex wp-container-core-columns-is-layout-8f761849 wp-block-columns-is-layout-flex\">\n<div class=\"wp-block-column texte_planif is-layout-flow wp-block-column-is-layout-flow\">\n<ul class=\"wp-block-list\">\n<li style=\"font-size:14px\"><a href=\"https:\/\/andalucialovers.com\/pt-pt\/o-que-fazer-malaga-visitar\/\" target=\"_blank\" rel=\"noreferrer noopener\">O que fazer em M\u00e1laga<\/a><\/li>\n\n\n\n<li style=\"font-size:14px\"><a href=\"https:\/\/andalucialovers.com\/pt-pt\/onde-ficar-malaga-melhores-hoteis-bairros\/\" target=\"_blank\" rel=\"noreferrer noopener\">Os melhores hot\u00e9is em M\u00e1laga<\/a><\/li>\n\n\n\n<li style=\"font-size:14px\"><a href=\"https:\/\/andalucialovers.com\/pt-pt\/melhores-restaurantes-malaga-onde-comer-opinioes\/\" type=\"post\" id=\"3803\" target=\"_blank\" rel=\"noreferrer noopener\">Os melhores restaurantes<\/a><\/li>\n\n\n\n<li style=\"font-size:14px\"><a href=\"https:\/\/andalucialovers.com\/pt-pt\/melhores-museus-malaga\/\" target=\"_blank\" rel=\"noreferrer noopener\">Os melhores museus<\/a><\/li>\n\n\n\n<li style=\"font-size:14px\"><a href=\"https:\/\/andalucialovers.com\/pt-pt\/melhores-praias-malaga\/\" data-type=\"post\" data-id=\"2145\" target=\"_blank\" rel=\"noreferrer noopener\">As melhores praias<\/a><\/li>\n\n\n\n<li style=\"font-size:14px\"><a href=\"https:\/\/andalucialovers.com\/pt-pt\/melhores-excursoes-a-partir-malaga\/\" data-type=\"post\" data-id=\"3405\" target=\"_blank\" rel=\"noreferrer noopener\">Excurs\u00f5es a partir de M\u00e1laga<\/a><\/li>\n\n\n\n<li style=\"font-size:14px\"><a href=\"https:\/\/andalucialovers.com\/pt-pt\/visitar-catedral-encarnacao-malaga\/\" target=\"_blank\" rel=\"noreferrer noopener\">Visite a catedral<\/a><\/li>\n\n\n\n<li style=\"font-size:14px\"><a href=\"https:\/\/andalucialovers.com\/pt-pt\/visite-alcazaba-castelo-malaga\/\" data-type=\"post\" data-id=\"2716\" target=\"_blank\" rel=\"noreferrer noopener\">Visite a Alc\u00e1\u00e7ova<\/a><\/li>\n\n\n\n<li style=\"font-size:14px\">Itiner\u00e1rios: <a href=\"https:\/\/andalucialovers.com\/pt-pt\/visitar-1-dia-malaga-itinerario\/\" data-type=\"post\" data-id=\"3549\" target=\"_blank\" rel=\"noreferrer noopener\">1 dia<\/a> &#8211; <a href=\"https:\/\/andalucialovers.com\/pt-pt\/visitar-malaga-2-dias-itinerario-escapadelas\/\" data-type=\"post\" data-id=\"3531\" target=\"_blank\" rel=\"noreferrer noopener\">2 dias<\/a> &#8211; <a href=\"https:\/\/andalucialovers.com\/pt-pt\/visitar-malaga-3-dias-itinerario\/\" data-type=\"post\" data-id=\"3479\" target=\"_blank\" rel=\"noreferrer noopener\">3 dias<\/a> &#8211; <a href=\"https:\/\/andalucialovers.com\/pt-pt\/visitar-5-dias-malaga-itinerario\/\" data-type=\"post\" data-id=\"3453\" target=\"_blank\" rel=\"noreferrer noopener\">5 dias<\/a> &#8211; <a href=\"https:\/\/andalucialovers.com\/pt-pt\/visitar-malaga-uma-semana-itinerario\/\" data-type=\"post\" data-id=\"3395\" target=\"_blank\" rel=\"noreferrer noopener\">1 semana<\/a><\/li>\n<\/ul>\n<\/div>\n<\/div>\n<\/div><\/div><\/div>\n\n\n\n<div class=\"wp-block-genesis-blocks-gb-container box-texte gb-block-container\"><div class=\"gb-container-inside\"><div class=\"gb-container-content\"><\/div><\/div><\/div>\n<\/div><\/div><\/div>\n\n<h2 class=\"wp-block-heading\">Perguntas mais frequentes<\/h2>\n\n<h3 class=\"wp-block-heading\">\u00c9 necess\u00e1rio reservar com anteced\u00eancia a visita \u00e0 Gruta de Nerja?<\/h3>\n\n<p class=\"wp-block-paragraph\">Recomenda-se vivamente que efetue <strong>a reserva online<\/strong> para visitar a Gruta de Nerja, especialmente durante a <strong>\u00e9poca alta<\/strong>, que corresponde ao ver\u00e3o, \u00e0s f\u00e9rias escolares e aos fins de semana. Com efeito, os hor\u00e1rios dispon\u00edveis s\u00e3o limitados e podem esgotar-se rapidamente, o que permite regular o fluxo de visitantes e evitar a sobrelota\u00e7\u00e3o no interior do recinto.<\/p>\n\n<h3 class=\"wp-block-heading\">\u00c9 poss\u00edvel ver as pinturas rupestres durante a visita \u00e0 Gruta de Nerja?<\/h3>\n\n<p class=\"wp-block-paragraph\">As pinturas rupestres que decoram algumas partes da <strong>Gruta<\/strong> de <strong>Nerja<\/strong> n\u00e3o est\u00e3o acess\u00edveis durante o percurso cl\u00e1ssico da visita. Com efeito, estas zonas decoradas est\u00e3o fechadas ao p\u00fablico, a fim de preservar estes vest\u00edgios pr\u00e9-hist\u00f3ricos fr\u00e1geis e evitar qualquer degrada\u00e7\u00e3o resultante da aflu\u00eancia de visitantes.<\/p>\n\n<div class=\"wp-block-genesis-blocks-gb-container box gb-block-container\" style=\"margin-top:8%;margin-bottom:8%\"><div class=\"gb-container-inside\"><div class=\"gb-container-content\" style=\"max-width:700px\">\n<div class=\"wp-block-genesis-blocks-gb-container box_titre gb-block-container\"><div class=\"gb-container-inside\"><div class=\"gb-container-content\">\n<h5 class=\"titre_box\"><span>PLANEIE A SUA VIAGEM PARA <\/span><span class=\"titre_box_manuscrit\">Andaluzia<\/span><\/h5>\n<\/div><\/div><\/div>\n\n\n\n<hr class=\"wp-block-separator has-text-color has-alpha-channel-opacity has-background is-style-wide hr-box-planif\" style=\"background-color:#ccd3dd;color:#ccd3dd\"\/>\n\n\n\n<div class=\"wp-block-genesis-blocks-gb-container gb-block-container\"><div class=\"gb-container-inside\"><div class=\"gb-container-content\">\n<div class=\"wp-block-columns box_sans_border is-layout-flex wp-container-core-columns-is-layout-8f761849 wp-block-columns-is-layout-flex\">\n<div class=\"wp-block-column texte_planif is-layout-flow wp-block-column-is-layout-flow\" style=\"flex-basis:60%\">\n<p class=\"soustitre_planif wp-block-paragraph\"><strong>Inspira\u00e7\u00e3o<\/strong><\/p>\n\n\n\n<ul class=\"wp-block-list\">\n<li style=\"font-size:14px\"><a href=\"https:\/\/andalucialovers.com\/pt-pt\/o-que-fazer-na-andaluzia-atracoes\/\" target=\"_blank\" rel=\"noreferrer noopener\">O que fazer na Andaluzia<\/a><\/li>\n\n\n\n<li style=\"font-size:14px\"><a href=\"https:\/\/andalucialovers.com\/pt-pt\/as-mais-bonitas-cidades-da-andaluzia\/\" target=\"_blank\" rel=\"noreferrer noopener\">As cidades mais bonitas<\/a><\/li>\n\n\n\n<li style=\"font-size:14px\"><a href=\"https:\/\/andalucialovers.com\/pt-pt\/as-mais-bonitas-praias-da-andaluzia-2\/\" target=\"_blank\" rel=\"noreferrer noopener\">As praias mais bonitas<\/a><\/li>\n\n\n\n<li style=\"font-size:14px\"><a href=\"https:\/\/andalucialovers.com\/pt-pt\/as-mais-bonitas-aldeias-brancas-da-andaluzia\/\" target=\"_blank\" rel=\"noreferrer noopener\">As mais belas aldeias brancas<\/a><\/li>\n\n\n\n<li style=\"font-size:14px\"><a href=\"https:\/\/andalucialovers.com\/pt-pt\/catedrais-da-andaluzia\/\" target=\"_blank\" rel=\"noreferrer noopener\">As catedrais<\/a><\/li>\n\n\n\n<li style=\"font-size:14px\"><a href=\"https:\/\/andalucialovers.com\/pt-pt\/sitios-arqueologicos-da-andaluzia-ruinas\/\" target=\"_blank\" rel=\"noreferrer noopener\">S\u00edtios arqueol\u00f3gicos<\/a><\/li>\n\n\n\n<li style=\"font-size:14px\"><a data-type=\"post\" data-id=\"2221\" href=\"https:\/\/andalucialovers.com\/pt-pt\/cordoba-ou-sevilha-ou-granada\/\" target=\"_blank\" rel=\"noreferrer noopener\">Sevilha, C\u00f3rdoba ou Granada?<\/a><\/li>\n\n\n\n<li style=\"font-size:14px\"><a href=\"https:\/\/andalucialovers.com\/pt-pt\/melhores-museus-andaluzia\/\" target=\"_blank\" rel=\"noreferrer noopener\">Os melhores museus<\/a><\/li>\n\n\n\n<li style=\"font-size:14px\"><a href=\"https:\/\/andalucialovers.com\/pt-pt\/melhores-castelos-palacios-andaluzia\/\" target=\"_blank\" rel=\"noreferrer noopener\">Castelos e pal\u00e1cios<\/a><\/li>\n\n\n\n<li style=\"font-size:14px\"><a href=\"https:\/\/andalucialovers.com\/pt-pt\/locais-secretos-andaluzia\/\" target=\"_blank\" rel=\"noreferrer noopener\">Lugares secretos<\/a><\/li>\n<\/ul>\n<\/div>\n\n\n\n<div class=\"wp-block-column is-vertically-aligned-top planif-radius is-layout-flow wp-block-column-is-layout-flow\" style=\"flex-basis:40%\">\n<figure class=\"wp-block-image size-large img-portrait\"><img loading=\"lazy\" decoding=\"async\" src=\"https:\/\/photos.smugmug.com\/Travel\/Andalucia\/6b-Zuheros\/i-VRKFTdz\/1\/CNkgtxtms75zqS5pTQbm8FKsGCDk3kHvJFzJqmP2z\/S\/Zuheros_Andalucia_Spain-4306-S.jpg\" alt=\"Zuheros\" title=\"\"\/><\/figure>\n<\/div>\n<\/div>\n\n\n\n<hr class=\"wp-block-separator has-text-color has-alpha-channel-opacity has-background is-style-wide hr-box-planif\" style=\"background-color:#ccd3dd;color:#ccd3dd\"\/>\n\n\n\n<div class=\"wp-block-columns box_sans_border is-layout-flex wp-container-core-columns-is-layout-8f761849 wp-block-columns-is-layout-flex\">\n<div class=\"wp-block-column texte_planif is-layout-flow wp-block-column-is-layout-flow\" style=\"flex-basis:60%\">\n<p class=\"soustitre_planif wp-block-paragraph\"><strong>Pr\u00e1tica<\/strong><\/p>\n\n\n\n<ul class=\"wp-block-list\">\n<li style=\"font-size:14px\"><a href=\"https:\/\/andalucialovers.com\/pt-pt\/onde-ficar-andaluzia-melhores-destinos\/\" data-type=\"post\" data-id=\"2632\" target=\"_blank\" rel=\"noreferrer noopener\">Onde ficar na Andaluzia<\/a><\/li>\n\n\n\n<li style=\"font-size:14px\"><a href=\"https:\/\/andalucialovers.com\/pt-pt\/melhores-hoteis-5-estrelas-andaluzia-luxo-opinioes\/\" type=\"post\" id=\"6105\" target=\"_blank\" rel=\"noreferrer noopener\">Os melhores hot\u00e9is de luxo na Andaluzia<\/a><\/li>\n\n\n\n<li style=\"font-size:14px\"><a href=\"https:\/\/andalucialovers.com\/pt-pt\/melhores-restaurantes-andaluzia-onde-comer-opinioes\/\" target=\"_blank\" rel=\"noreferrer noopener\">Os melhores restaurantes<\/a><\/li>\n\n\n\n<li style=\"font-size:14px\"><a data-type=\"post\" data-id=\"3712\" href=\"https:\/\/andalucialovers.com\/pt-pt\/como-alugar-carro-andaluzia-dicas-experiencia\/\" target=\"_blank\" rel=\"noreferrer noopener\">Alugar um carro na Andaluzia<\/a><\/li>\n\n\n\n<li style=\"font-size:14px\"><a href=\"https:\/\/andalucialovers.com\/pt-pt\/conduzir-andaluzia-conselhos\/\" target=\"_blank\" rel=\"noreferrer noopener\">Conduzir na Andaluzia<\/a><\/li>\n<\/ul>\n<\/div>\n\n\n\n<div class=\"wp-block-column is-vertically-aligned-top planif-radius is-layout-flow wp-block-column-is-layout-flow\" style=\"flex-basis:40%\">\n<figure class=\"wp-block-image size-large img-portrait\"><img loading=\"lazy\" decoding=\"async\" src=\"https:\/\/photos.smugmug.com\/Travel\/Andalucia\/Accommodations\/i-QBDJnG7\/1\/4ZLWzw32dnhwGLrbmXL5HqSdBXzWBRMQhfVrcKD4\/S\/accommodation_Tarifa_Andalucia_Spain-2764-S.jpg\" alt=\"Hotel em Tarifa\" title=\"\"\/><\/figure>\n<\/div>\n<\/div>\n\n\n\n<hr class=\"wp-block-separator has-text-color has-alpha-channel-opacity has-background is-style-wide hr-box-planif\" style=\"background-color:#ccd3dd;color:#ccd3dd\"\/>\n\n\n\n<div class=\"wp-block-columns box_sans_border is-layout-flex wp-container-core-columns-is-layout-8f761849 wp-block-columns-is-layout-flex\">\n<div class=\"wp-block-column texte_planif is-layout-flow wp-block-column-is-layout-flow\" style=\"flex-basis:60%\">\n<p class=\"soustitre_planif wp-block-paragraph\"><strong>Locais a n\u00e3o perder<\/strong><\/p>\n\n\n\n<ul class=\"wp-block-list\">\n<li style=\"font-size:14px\"><a href=\"https:\/\/andalucialovers.com\/pt-pt\/o-que-fazer-sevilha-visitar\/\" target=\"_blank\" rel=\"noreferrer noopener\">Sevilha<\/a><\/li>\n\n\n\n<li style=\"font-size:14px\"><a data-type=\"post\" data-id=\"2328\" href=\"https:\/\/andalucialovers.com\/pt-pt\/o-que-fazer-cordova-visitar\/\" target=\"_blank\" rel=\"noreferrer noopener\">C\u00f3rdova<\/a><\/li>\n\n\n\n<li style=\"font-size:14px\"><a href=\"https:\/\/andalucialovers.com\/pt-pt\/o-que-fazer-granada-visitar\/\" target=\"_blank\" rel=\"noreferrer noopener\">Granada<\/a><\/li>\n\n\n\n<li style=\"font-size:14px\"><a href=\"https:\/\/andalucialovers.com\/pt-pt\/o-que-fazer-ronda-atracoes\/\" target=\"_blank\" rel=\"noreferrer noopener\">Ronda<\/a><\/li>\n\n\n\n<li style=\"font-size:14px\"><a href=\"https:\/\/andalucialovers.com\/pt-pt\/o-que-fazer-malaga-visitar\/\" target=\"_blank\" rel=\"noreferrer noopener\">M\u00e1laga<\/a><\/li>\n\n\n\n<li style=\"font-size:14px\"><a data-type=\"post\" data-id=\"3597\" href=\"https:\/\/andalucialovers.com\/pt-pt\/o-que-fazer-cadis-visitar\/\" target=\"_blank\" rel=\"noreferrer noopener\">C\u00e1dis<\/a><\/li>\n\n\n\n<li style=\"font-size:14px\"><a href=\"https:\/\/andalucialovers.com\/pt-pt\/que-faire-cabo-gata-attractions\/\" type=\"post\" id=\"6225\" target=\"_blank\" rel=\"noreferrer noopener\">Cabo de Gata<\/a><\/li>\n\n\n\n<li style=\"font-size:14px\"><a href=\"https:\/\/andalucialovers.com\/pt-pt\/o-que-fazer-antequera-visitar\/\" target=\"_blank\" rel=\"noreferrer noopener\">Antequera<\/a><\/li>\n\n\n\n<li style=\"font-size:14px\">Baeza e Ubuda<\/li>\n<\/ul>\n<\/div>\n\n\n\n<div class=\"wp-block-column is-vertically-aligned-top planif-radius is-layout-flow wp-block-column-is-layout-flow\" style=\"flex-basis:40%\">\n<figure class=\"wp-block-image size-large img-portrait\"><img loading=\"lazy\" decoding=\"async\" src=\"https:\/\/photos.smugmug.com\/Travel\/Andalucia\/2e-Madina-Azahara\/i-nrQb8vF\/1\/DMVZRMLhBjwhLQtjzj2r5fqS4GjmpXXHrwvQnwFsm\/S\/Medina_Azahara_Andalucia_Spain-1434-S.jpg\" alt=\"Medina Azahara\" title=\"\"\/><\/figure>\n<\/div>\n<\/div>\n<\/div><\/div><\/div>\n\n\n\n<div class=\"wp-block-genesis-blocks-gb-container box_texte gb-block-container\"><div class=\"gb-container-inside\"><div class=\"gb-container-content\"><\/div><\/div><\/div>\n\n\n\n<div class=\"wp-block-genesis-blocks-gb-container box-texte gb-block-container\"><div class=\"gb-container-inside\"><div class=\"gb-container-content\"><\/div><\/div><\/div>\n<\/div><\/div><\/div>\n\n<div class=\"wp-block-genesis-blocks-gb-container box_auteur_voyage gb-block-container\"><div class=\"gb-container-inside\"><div class=\"gb-container-content\">\n<figure class=\"wp-block-image size-large img_auteur_voyage img_provisoire\"><a href=\"https:\/\/andalucialovers.com\/pt-pt\/claire-robinson\/\" target=\"_blank\" rel=\"noreferrer noopener\"><img loading=\"lazy\" decoding=\"async\" src=\"https:\/\/photos.smugmug.com\/Region-Lovers\/Equipe\/i-nsNF6C6\/0\/Cs2F5n96pkt9xFD9D3SVqmQspMhrKgN75nHgBqmjG\/L\/Claire-L.png\" alt=\"\"\/><\/a><\/figure>\n\n\n\n<h5 class=\"titre_auteur_voyage\"><span>ELA FEZ A VIAGEM E ESCREVEU O ARTIGO \n <\/span><span class=\"titre_box_manuscrit\">Claire<\/span><\/h5>\n<\/div><\/div><\/div>\n","protected":false},"excerpt":{"rendered":"<p>A Gruta de Nerja situa-se perto de Nerja e Maro, na famosa Costa del Sol, na Andaluzia. Esta vasta rede subterr\u00e2nea cativa pelas suas impressionantes forma\u00e7\u00f5es c\u00e1rsticas, tais como estalactites e estalagmites, que d\u00e3o forma a uma paisagem natural \u00fanica. O local \u00e9 igualmente conhecido pelas suas pinturas rupestres pr\u00e9-hist\u00f3ricas, testemunhos valiosos dos primeiros habitantes [&hellip;]<\/p>\n","protected":false},"author":1,"featured_media":9381,"comment_status":"closed","ping_status":"closed","sticky":false,"template":"","format":"standard","meta":{"_genesis_hide_title":false,"_genesis_hide_breadcrumbs":false,"_genesis_hide_singular_image":false,"_genesis_hide_footer_widgets":false,"_genesis_custom_body_class":"","_genesis_custom_post_class":"","_genesis_layout":"","footnotes":""},"categories":[29],"tags":[],"class_list":["post-9404","post","type-post","status-publish","format-standard","has-post-thumbnail","category-sem-categoria","entry"],"yoast_head":"<!-- This site is optimized with the Yoast SEO plugin v28.3 - https:\/\/yoast.com\/product\/yoast-seo-wordpress\/ -->\n<title>Gruta de Nerja (Costa del Sol): visita + fotografias<\/title>\n<meta name=\"description\" content=\"O nosso guia para visitar a Gruta de Nerja (Andaluzia): acesso, pontos de interesse e conselhos pr\u00e1ticos\" \/>\n<meta name=\"robots\" content=\"index, follow, max-snippet:-1, max-image-preview:large, max-video-preview:-1\" \/>\n<link rel=\"canonical\" href=\"https:\/\/andalucialovers.com\/pt-pt\/gruta-nerja-andaluzia\/\" \/>\n<meta property=\"og:locale\" content=\"pt_PT\" \/>\n<meta property=\"og:type\" content=\"article\" \/>\n<meta property=\"og:title\" content=\"Gruta de Nerja (Costa del Sol): visita + fotografias\" \/>\n<meta property=\"og:description\" content=\"O nosso guia para visitar a Gruta de Nerja (Andaluzia): acesso, pontos de interesse e conselhos pr\u00e1ticos\" \/>\n<meta property=\"og:url\" content=\"https:\/\/andalucialovers.com\/pt-pt\/gruta-nerja-andaluzia\/\" \/>\n<meta property=\"og:site_name\" content=\"Andalucia Lovers\" \/>\n<meta property=\"article:published_time\" content=\"2026-09-01T12:23:53+00:00\" \/>\n<meta property=\"article:modified_time\" content=\"2026-09-01T12:48:02+00:00\" \/>\n<meta property=\"og:image\" content=\"https:\/\/andalucialovers.com\/wp-content\/uploads\/2026\/09\/gruta-nerja-andaluzia.jpg\" \/>\n\t<meta property=\"og:image:width\" content=\"799\" \/>\n\t<meta property=\"og:image:height\" content=\"533\" \/>\n\t<meta property=\"og:image:type\" content=\"image\/jpeg\" \/>\n<meta name=\"author\" content=\"Claire\" \/>\n<meta name=\"twitter:card\" content=\"summary_large_image\" \/>\n<meta name=\"twitter:label1\" content=\"Escrito por\" \/>\n\t<meta name=\"twitter:data1\" content=\"Claire\" \/>\n\t<meta name=\"twitter:label2\" content=\"Tempo estimado de leitura\" \/>\n\t<meta name=\"twitter:data2\" content=\"11 minutos\" \/>\n<script type=\"application\/ld+json\" class=\"yoast-schema-graph\">{\"@context\":\"https:\\\/\\\/schema.org\",\"@graph\":[{\"@type\":\"Article\",\"@id\":\"https:\\\/\\\/andalucialovers.com\\\/pt-pt\\\/gruta-nerja-andaluzia\\\/#article\",\"isPartOf\":{\"@id\":\"https:\\\/\\\/andalucialovers.com\\\/pt-pt\\\/gruta-nerja-andaluzia\\\/\"},\"author\":{\"name\":\"Claire\",\"@id\":\"https:\\\/\\\/andalucialovers.com\\\/pt-pt\\\/#\\\/schema\\\/person\\\/2a1e86bd15a1161333ebe667950c2cea\"},\"headline\":\"Gruta de Nerja (Costa del Sol): visita + fotografias\",\"datePublished\":\"2026-09-01T12:23:53+00:00\",\"dateModified\":\"2026-09-01T12:48:02+00:00\",\"mainEntityOfPage\":{\"@id\":\"https:\\\/\\\/andalucialovers.com\\\/pt-pt\\\/gruta-nerja-andaluzia\\\/\"},\"wordCount\":2191,\"publisher\":{\"@id\":\"https:\\\/\\\/andalucialovers.com\\\/pt-pt\\\/#organization\"},\"image\":{\"@id\":\"https:\\\/\\\/andalucialovers.com\\\/pt-pt\\\/gruta-nerja-andaluzia\\\/#primaryimage\"},\"thumbnailUrl\":\"https:\\\/\\\/andalucialovers.com\\\/wp-content\\\/uploads\\\/2026\\\/09\\\/gruta-nerja-andaluzia.jpg\",\"inLanguage\":\"pt-PT\"},{\"@type\":\"WebPage\",\"@id\":\"https:\\\/\\\/andalucialovers.com\\\/pt-pt\\\/gruta-nerja-andaluzia\\\/\",\"url\":\"https:\\\/\\\/andalucialovers.com\\\/pt-pt\\\/gruta-nerja-andaluzia\\\/\",\"name\":\"Gruta de Nerja (Costa del Sol): visita + fotografias\",\"isPartOf\":{\"@id\":\"https:\\\/\\\/andalucialovers.com\\\/pt-pt\\\/#website\"},\"primaryImageOfPage\":{\"@id\":\"https:\\\/\\\/andalucialovers.com\\\/pt-pt\\\/gruta-nerja-andaluzia\\\/#primaryimage\"},\"image\":{\"@id\":\"https:\\\/\\\/andalucialovers.com\\\/pt-pt\\\/gruta-nerja-andaluzia\\\/#primaryimage\"},\"thumbnailUrl\":\"https:\\\/\\\/andalucialovers.com\\\/wp-content\\\/uploads\\\/2026\\\/09\\\/gruta-nerja-andaluzia.jpg\",\"datePublished\":\"2026-09-01T12:23:53+00:00\",\"dateModified\":\"2026-09-01T12:48:02+00:00\",\"description\":\"O nosso guia para visitar a Gruta de Nerja (Andaluzia): acesso, pontos de interesse e conselhos pr\u00e1ticos\",\"breadcrumb\":{\"@id\":\"https:\\\/\\\/andalucialovers.com\\\/pt-pt\\\/gruta-nerja-andaluzia\\\/#breadcrumb\"},\"inLanguage\":\"pt-PT\",\"potentialAction\":[{\"@type\":\"ReadAction\",\"target\":[\"https:\\\/\\\/andalucialovers.com\\\/pt-pt\\\/gruta-nerja-andaluzia\\\/\"]}]},{\"@type\":\"ImageObject\",\"inLanguage\":\"pt-PT\",\"@id\":\"https:\\\/\\\/andalucialovers.com\\\/pt-pt\\\/gruta-nerja-andaluzia\\\/#primaryimage\",\"url\":\"https:\\\/\\\/andalucialovers.com\\\/wp-content\\\/uploads\\\/2026\\\/09\\\/gruta-nerja-andaluzia.jpg\",\"contentUrl\":\"https:\\\/\\\/andalucialovers.com\\\/wp-content\\\/uploads\\\/2026\\\/09\\\/gruta-nerja-andaluzia.jpg\",\"width\":799,\"height\":533,\"caption\":\"gruta nerja andaluzia\"},{\"@type\":\"BreadcrumbList\",\"@id\":\"https:\\\/\\\/andalucialovers.com\\\/pt-pt\\\/gruta-nerja-andaluzia\\\/#breadcrumb\",\"itemListElement\":[{\"@type\":\"ListItem\",\"position\":1,\"name\":\"In\u00edcio\",\"item\":\"https:\\\/\\\/andalucialovers.com\\\/pt-pt\\\/\"},{\"@type\":\"ListItem\",\"position\":2,\"name\":\"Sem categoria\",\"item\":\"https:\\\/\\\/andalucialovers.com\\\/pt-pt\\\/sem-categoria\\\/\"},{\"@type\":\"ListItem\",\"position\":3,\"name\":\"Gruta de Nerja (Costa del Sol): visita + fotografias\"}]},{\"@type\":\"WebSite\",\"@id\":\"https:\\\/\\\/andalucialovers.com\\\/pt-pt\\\/#website\",\"url\":\"https:\\\/\\\/andalucialovers.com\\\/pt-pt\\\/\",\"name\":\"Andalucia Lovers\",\"description\":\"Le blog de Claire et Manu\",\"publisher\":{\"@id\":\"https:\\\/\\\/andalucialovers.com\\\/pt-pt\\\/#organization\"},\"potentialAction\":[{\"@type\":\"SearchAction\",\"target\":{\"@type\":\"EntryPoint\",\"urlTemplate\":\"https:\\\/\\\/andalucialovers.com\\\/pt-pt\\\/?s={search_term_string}\"},\"query-input\":{\"@type\":\"PropertyValueSpecification\",\"valueRequired\":true,\"valueName\":\"search_term_string\"}}],\"inLanguage\":\"pt-PT\"},{\"@type\":\"Organization\",\"@id\":\"https:\\\/\\\/andalucialovers.com\\\/pt-pt\\\/#organization\",\"name\":\"Andalucia Lovers\",\"url\":\"https:\\\/\\\/andalucialovers.com\\\/pt-pt\\\/\",\"logo\":{\"@type\":\"ImageObject\",\"inLanguage\":\"pt-PT\",\"@id\":\"https:\\\/\\\/andalucialovers.com\\\/pt-pt\\\/#\\\/schema\\\/logo\\\/image\\\/\",\"url\":\"https:\\\/\\\/andalucialovers.com\\\/wp-content\\\/uploads\\\/2024\\\/05\\\/cropped-Andalucia-Lovers-Logo.png\",\"contentUrl\":\"https:\\\/\\\/andalucialovers.com\\\/wp-content\\\/uploads\\\/2024\\\/05\\\/cropped-Andalucia-Lovers-Logo.png\",\"width\":2804,\"height\":481,\"caption\":\"Andalucia Lovers\"},\"image\":{\"@id\":\"https:\\\/\\\/andalucialovers.com\\\/pt-pt\\\/#\\\/schema\\\/logo\\\/image\\\/\"}},{\"@type\":\"Person\",\"@id\":\"https:\\\/\\\/andalucialovers.com\\\/pt-pt\\\/#\\\/schema\\\/person\\\/2a1e86bd15a1161333ebe667950c2cea\",\"name\":\"Claire\",\"image\":{\"@type\":\"ImageObject\",\"inLanguage\":\"pt-PT\",\"@id\":\"https:\\\/\\\/secure.gravatar.com\\\/avatar\\\/e3566233826c32de8d7c9ef726a1087654b12cadb092acc17ee1d357687192ff?s=96&d=mm&r=g\",\"url\":\"https:\\\/\\\/secure.gravatar.com\\\/avatar\\\/e3566233826c32de8d7c9ef726a1087654b12cadb092acc17ee1d357687192ff?s=96&d=mm&r=g\",\"contentUrl\":\"https:\\\/\\\/secure.gravatar.com\\\/avatar\\\/e3566233826c32de8d7c9ef726a1087654b12cadb092acc17ee1d357687192ff?s=96&d=mm&r=g\",\"caption\":\"Claire\"},\"sameAs\":[\"https:\\\/\\\/andalucialovers.com\\\/claire-robinson\\\/\"],\"url\":\"https:\\\/\\\/andalucialovers.com\\\/pt-pt\\\/author\\\/andalucialover\\\/\"}]}<\/script>\n<!-- \/ Yoast SEO plugin. -->","yoast_head_json":{"title":"Gruta de Nerja (Costa del Sol): visita + fotografias","description":"O nosso guia para visitar a Gruta de Nerja (Andaluzia): acesso, pontos de interesse e conselhos pr\u00e1ticos","robots":{"index":"index","follow":"follow","max-snippet":"max-snippet:-1","max-image-preview":"max-image-preview:large","max-video-preview":"max-video-preview:-1"},"canonical":"https:\/\/andalucialovers.com\/pt-pt\/gruta-nerja-andaluzia\/","og_locale":"pt_PT","og_type":"article","og_title":"Gruta de Nerja (Costa del Sol): visita + fotografias","og_description":"O nosso guia para visitar a Gruta de Nerja (Andaluzia): acesso, pontos de interesse e conselhos pr\u00e1ticos","og_url":"https:\/\/andalucialovers.com\/pt-pt\/gruta-nerja-andaluzia\/","og_site_name":"Andalucia Lovers","article_published_time":"2026-09-01T12:23:53+00:00","article_modified_time":"2026-09-01T12:48:02+00:00","og_image":[{"width":799,"height":533,"url":"https:\/\/andalucialovers.com\/wp-content\/uploads\/2026\/09\/gruta-nerja-andaluzia.jpg","type":"image\/jpeg"}],"author":"Claire","twitter_card":"summary_large_image","twitter_misc":{"Escrito por":"Claire","Tempo estimado de leitura":"11 minutos"},"schema":{"@context":"https:\/\/schema.org","@graph":[{"@type":"Article","@id":"https:\/\/andalucialovers.com\/pt-pt\/gruta-nerja-andaluzia\/#article","isPartOf":{"@id":"https:\/\/andalucialovers.com\/pt-pt\/gruta-nerja-andaluzia\/"},"author":{"name":"Claire","@id":"https:\/\/andalucialovers.com\/pt-pt\/#\/schema\/person\/2a1e86bd15a1161333ebe667950c2cea"},"headline":"Gruta de Nerja (Costa del Sol): visita + fotografias","datePublished":"2026-09-01T12:23:53+00:00","dateModified":"2026-09-01T12:48:02+00:00","mainEntityOfPage":{"@id":"https:\/\/andalucialovers.com\/pt-pt\/gruta-nerja-andaluzia\/"},"wordCount":2191,"publisher":{"@id":"https:\/\/andalucialovers.com\/pt-pt\/#organization"},"image":{"@id":"https:\/\/andalucialovers.com\/pt-pt\/gruta-nerja-andaluzia\/#primaryimage"},"thumbnailUrl":"https:\/\/andalucialovers.com\/wp-content\/uploads\/2026\/09\/gruta-nerja-andaluzia.jpg","inLanguage":"pt-PT"},{"@type":"WebPage","@id":"https:\/\/andalucialovers.com\/pt-pt\/gruta-nerja-andaluzia\/","url":"https:\/\/andalucialovers.com\/pt-pt\/gruta-nerja-andaluzia\/","name":"Gruta de Nerja (Costa del Sol): visita + fotografias","isPartOf":{"@id":"https:\/\/andalucialovers.com\/pt-pt\/#website"},"primaryImageOfPage":{"@id":"https:\/\/andalucialovers.com\/pt-pt\/gruta-nerja-andaluzia\/#primaryimage"},"image":{"@id":"https:\/\/andalucialovers.com\/pt-pt\/gruta-nerja-andaluzia\/#primaryimage"},"thumbnailUrl":"https:\/\/andalucialovers.com\/wp-content\/uploads\/2026\/09\/gruta-nerja-andaluzia.jpg","datePublished":"2026-09-01T12:23:53+00:00","dateModified":"2026-09-01T12:48:02+00:00","description":"O nosso guia para visitar a Gruta de Nerja (Andaluzia): acesso, pontos de interesse e conselhos pr\u00e1ticos","breadcrumb":{"@id":"https:\/\/andalucialovers.com\/pt-pt\/gruta-nerja-andaluzia\/#breadcrumb"},"inLanguage":"pt-PT","potentialAction":[{"@type":"ReadAction","target":["https:\/\/andalucialovers.com\/pt-pt\/gruta-nerja-andaluzia\/"]}]},{"@type":"ImageObject","inLanguage":"pt-PT","@id":"https:\/\/andalucialovers.com\/pt-pt\/gruta-nerja-andaluzia\/#primaryimage","url":"https:\/\/andalucialovers.com\/wp-content\/uploads\/2026\/09\/gruta-nerja-andaluzia.jpg","contentUrl":"https:\/\/andalucialovers.com\/wp-content\/uploads\/2026\/09\/gruta-nerja-andaluzia.jpg","width":799,"height":533,"caption":"gruta nerja andaluzia"},{"@type":"BreadcrumbList","@id":"https:\/\/andalucialovers.com\/pt-pt\/gruta-nerja-andaluzia\/#breadcrumb","itemListElement":[{"@type":"ListItem","position":1,"name":"In\u00edcio","item":"https:\/\/andalucialovers.com\/pt-pt\/"},{"@type":"ListItem","position":2,"name":"Sem categoria","item":"https:\/\/andalucialovers.com\/pt-pt\/sem-categoria\/"},{"@type":"ListItem","position":3,"name":"Gruta de Nerja (Costa del Sol): visita + fotografias"}]},{"@type":"WebSite","@id":"https:\/\/andalucialovers.com\/pt-pt\/#website","url":"https:\/\/andalucialovers.com\/pt-pt\/","name":"Andalucia Lovers","description":"Le blog de Claire et Manu","publisher":{"@id":"https:\/\/andalucialovers.com\/pt-pt\/#organization"},"potentialAction":[{"@type":"SearchAction","target":{"@type":"EntryPoint","urlTemplate":"https:\/\/andalucialovers.com\/pt-pt\/?s={search_term_string}"},"query-input":{"@type":"PropertyValueSpecification","valueRequired":true,"valueName":"search_term_string"}}],"inLanguage":"pt-PT"},{"@type":"Organization","@id":"https:\/\/andalucialovers.com\/pt-pt\/#organization","name":"Andalucia Lovers","url":"https:\/\/andalucialovers.com\/pt-pt\/","logo":{"@type":"ImageObject","inLanguage":"pt-PT","@id":"https:\/\/andalucialovers.com\/pt-pt\/#\/schema\/logo\/image\/","url":"https:\/\/andalucialovers.com\/wp-content\/uploads\/2024\/05\/cropped-Andalucia-Lovers-Logo.png","contentUrl":"https:\/\/andalucialovers.com\/wp-content\/uploads\/2024\/05\/cropped-Andalucia-Lovers-Logo.png","width":2804,"height":481,"caption":"Andalucia Lovers"},"image":{"@id":"https:\/\/andalucialovers.com\/pt-pt\/#\/schema\/logo\/image\/"}},{"@type":"Person","@id":"https:\/\/andalucialovers.com\/pt-pt\/#\/schema\/person\/2a1e86bd15a1161333ebe667950c2cea","name":"Claire","image":{"@type":"ImageObject","inLanguage":"pt-PT","@id":"https:\/\/secure.gravatar.com\/avatar\/e3566233826c32de8d7c9ef726a1087654b12cadb092acc17ee1d357687192ff?s=96&d=mm&r=g","url":"https:\/\/secure.gravatar.com\/avatar\/e3566233826c32de8d7c9ef726a1087654b12cadb092acc17ee1d357687192ff?s=96&d=mm&r=g","contentUrl":"https:\/\/secure.gravatar.com\/avatar\/e3566233826c32de8d7c9ef726a1087654b12cadb092acc17ee1d357687192ff?s=96&d=mm&r=g","caption":"Claire"},"sameAs":["https:\/\/andalucialovers.com\/claire-robinson\/"],"url":"https:\/\/andalucialovers.com\/pt-pt\/author\/andalucialover\/"}]}},"featured_image_src":"https:\/\/andalucialovers.com\/wp-content\/uploads\/2026\/09\/gruta-nerja-andaluzia-600x400.jpg","featured_image_src_square":"https:\/\/andalucialovers.com\/wp-content\/uploads\/2026\/09\/gruta-nerja-andaluzia-600x533.jpg","author_info":{"display_name":"Claire","author_link":"https:\/\/andalucialovers.com\/pt-pt\/author\/andalucialover\/"},"_links":{"self":[{"href":"https:\/\/andalucialovers.com\/pt-pt\/wp-json\/wp\/v2\/posts\/9404","targetHints":{"allow":["GET"]}}],"collection":[{"href":"https:\/\/andalucialovers.com\/pt-pt\/wp-json\/wp\/v2\/posts"}],"about":[{"href":"https:\/\/andalucialovers.com\/pt-pt\/wp-json\/wp\/v2\/types\/post"}],"author":[{"embeddable":true,"href":"https:\/\/andalucialovers.com\/pt-pt\/wp-json\/wp\/v2\/users\/1"}],"replies":[{"embeddable":true,"href":"https:\/\/andalucialovers.com\/pt-pt\/wp-json\/wp\/v2\/comments?post=9404"}],"version-history":[{"count":3,"href":"https:\/\/andalucialovers.com\/pt-pt\/wp-json\/wp\/v2\/posts\/9404\/revisions"}],"predecessor-version":[{"id":9433,"href":"https:\/\/andalucialovers.com\/pt-pt\/wp-json\/wp\/v2\/posts\/9404\/revisions\/9433"}],"wp:featuredmedia":[{"embeddable":true,"href":"https:\/\/andalucialovers.com\/pt-pt\/wp-json\/wp\/v2\/media\/9381"}],"wp:attachment":[{"href":"https:\/\/andalucialovers.com\/pt-pt\/wp-json\/wp\/v2\/media?parent=9404"}],"wp:term":[{"taxonomy":"category","embeddable":true,"href":"https:\/\/andalucialovers.com\/pt-pt\/wp-json\/wp\/v2\/categories?post=9404"},{"taxonomy":"post_tag","embeddable":true,"href":"https:\/\/andalucialovers.com\/pt-pt\/wp-json\/wp\/v2\/tags?post=9404"}],"curies":[{"name":"wp","href":"https:\/\/api.w.org\/{rel}","templated":true}]}}