{"id":1214,"date":"2024-06-18T10:46:05","date_gmt":"2024-06-18T08:46:05","guid":{"rendered":"https:\/\/andalucialovers.com\/que-faire-ronda-visiterar\/"},"modified":"2024-06-19T11:26:51","modified_gmt":"2024-06-19T09:26:51","slug":"sevardheter-ronda-att-gora","status":"publish","type":"post","link":"https:\/\/andalucialovers.com\/sv\/sevardheter-ronda-att-gora\/","title":{"rendered":"10 sev\u00e4rdheter i Ronda (+foton)"},"content":{"rendered":"\n<p>V\u00e4lkommen till den charmiga staden Ronda! F\u00f6rbered dig p\u00e5 att bli h\u00e4nf\u00f6rd av denna <strong>stad <\/strong>och dess symboliska Puente Nuevo, som str\u00e4cker sig \u00f6ver en djup naturlig kanjon. Du kommer att bli bortsk\u00e4md <strong>med <\/strong>att v\u00e4lja, fr\u00e5n att <strong>promenera l\u00e4ngs de smala gatorna i den gamla medinan, till att uppt\u00e4cka dess flamboyanta f\u00f6rflutna <\/strong>genom sina historiska platser och fantastiska museer, eller bara beundra det <strong>hisnande landskapet <\/strong>som det \u00f6verblickar.<\/p>\n\n<p>I den h\u00e4r artikeln hittar du en <strong>lista med 10 <\/strong> <strong>sev\u00e4rdheter<\/strong> som du m\u00e5ste g\u00f6ra i <strong>Ronda<\/strong>, illustrerad med massor av foton. Vi har lagt till n\u00e5gra anv\u00e4ndbara tips och bonusaktiviteter!<\/p>\n\n<figure class=\"wp-block-image size-full\"><img decoding=\"async\" src=\"https:\/\/andalucialovers.com\/wp-content\/uploads\/2024\/06\/sevardheter-ronda-att-gora-1.jpg\" alt=\"V&#xE5;ra r&#xE5;d f&#xF6;r att bes&#xF6;ka staden Ronda\" class=\"wp-image-1190\"\/><\/figure>\n\n<p>Detta \u00e4r en helt <strong>oberoende<\/strong> \u00e5sikt, baserad p\u00e5 v\u00e5r egen erfarenhet. Vi gjorde v\u00e5ra egna val, bes\u00f6kte regionen anonymt och betalade v\u00e5ra r\u00e4kningar till fullo.<\/p>\n\n<h2 class=\"wp-block-heading\">1. F\u00f6rundras \u00f6ver Pont Neuf i Ronda<\/h2>\n\n<figure class=\"wp-block-image size-large\"><img loading=\"lazy\" decoding=\"async\" src=\"https:\/\/photos.smugmug.com\/Andalucia-Lovers\/Ronda\/Best-of\/i-vTrmzJL\/0\/D75vz9ZdbrKs8FvKNKJ6vHhdKzktkVPSRfNp2xrNF\/L\/visit-ronda-city-6-L.jpg\" alt=\"&#xD6;versikt &#xF6;ver bron i staden Ronda\"\/><\/figure>\n\n<h3 class=\"wp-block-heading\">Varf\u00f6r bes\u00f6ka?<\/h3>\n\n<p>Puente Nuevo, eller den nya bron, har blivit en symbol f\u00f6r staden Ronda. Denna majest\u00e4tiska bro med flera b\u00e5gar byggdes p\u00e5 1700-talet och str\u00e4cker sig \u00f6ver den spektakul\u00e4ra Tajo-kanjonen och f\u00f6rbinder den medeltida medinan med den modernare delen av Ronda. Om det \u00e4r n\u00e5got du m\u00e5ste se i staden s\u00e5 \u00e4r det det h\u00e4r!<\/p>\n\n<figure class=\"wp-block-image size-large\"><img loading=\"lazy\" decoding=\"async\" src=\"https:\/\/photos.smugmug.com\/Andalucia-Lovers\/Ronda\/Best-of\/i-xdFn76L\/0\/nz8TgV8Lf84j5wdDQMMWtfGRkrTwVHTR5DcB7q8b\/L\/visit-ronda-city-7-L.jpg\" alt=\"&#xD6;versikt &#xF6;ver bron i staden Ronda\"\/><\/figure>\n\n<h3 class=\"wp-block-heading\">Praktiska r\u00e5d<\/h3>\n\n<ul class=\"wp-block-list\">\n<li><strong>Tillg\u00e5ng <\/strong>: 24\/7<\/li>\n\n\n\n<li><strong>Bes\u00f6kets l\u00e4ngd<\/strong>: 10 minuter eller mer, beroende p\u00e5 i vilket fascinerande tillst\u00e5nd du befinner dig.<\/li>\n\n\n\n<li><strong>Sv\u00e5righeter:<\/strong> inga p\u00e5 bron, men n\u00e5gra trappsteg ner till tolkningscentret (ingen tillg\u00e5ng f\u00f6r r\u00f6relsehindrade).<\/li>\n\n\n\n<li><strong>Priser:<\/strong> gratis om du bara g\u00e5r \u00f6ver bron eller 2 \u20ac om du best\u00e4mmer dig f\u00f6r att g\u00e5 in till centrum.  <\/li>\n\n\n\n<li><strong>Parkering<\/strong>: Plaza Del Socorro parkeringsplats 5 minuters promenad bort<\/li>\n\n\n\n<li><strong>Mat och dryck<\/strong>: m\u00e5nga restauranger p\u00e5 b\u00e5da sidor av bron<\/li>\n\n\n\n<li><strong>Vill du bes\u00f6ka Ronda och dess bro?<\/strong> <a href=\"https:\/\/www.getyourguide.se\/ronda-espagne-l838\/ronda-visite-a-pied-audioguidee-avec-puente-nuevo-et-viejo-t425095\/?partner_id=R3GYW4V&amp;cmp=andalucia\" target=\"_blank\" rel=\"noreferrer noopener sponsored nofollow\">Se priser och tillg\u00e4nglighet<\/a><\/li>\n<\/ul>\n\n<h2 class=\"wp-block-heading\">2. Promenera genom de smala gatorna i den gamla medinan<\/h2>\n\n<figure class=\"wp-block-image size-large\"><img loading=\"lazy\" decoding=\"async\" src=\"https:\/\/photos.smugmug.com\/Andalucia-Lovers\/Ronda\/Best-of\/i-34ZvM6H\/0\/FXzt8d79wPv2M65DpWxPrjGJg3snQhMB64bqB3v3R\/L\/visit-ronda-city-3-L.jpg\" alt=\"&#xD6;versikt &#xF6;ver gamla stan i staden Ronda\"\/><\/figure>\n\n<h3 class=\"wp-block-heading\">Varf\u00f6r bes\u00f6ka?<\/h3>\n\n<p><em>La Ciudad <\/em>, det vackert bevarade kvarteret i den gamla medinan (den muromg\u00e4rdade staden), har en fridfull atmosf\u00e4r. Medinan \u00e4r ett arv fr\u00e5n det moriska herrav\u00e4ldet (1700-1500-talet) och byggdes f\u00f6r att skydda al-Andalus territorier, och Ronda var s\u00e4rskilt strategiskt tack vare sitt l\u00e4ge p\u00e5 en klippig plat\u00e5 som underl\u00e4ttade f\u00f6rsvaret. Vi charmades av landskapet med gamla font\u00e4ner, dolda uteplatser, vitkalkade hus och livliga sm\u00e5 kaf\u00e9er i labyrinten av gr\u00e4nder.<\/p>\n\n<figure class=\"wp-block-image size-large\"><img loading=\"lazy\" decoding=\"async\" src=\"https:\/\/photos.smugmug.com\/Andalucia-Lovers\/Ronda\/Best-of\/i-3LMSDvL\/0\/5rWW32chwB6c6HskkxNzXgbgrjZtkcBr5r5spJtd\/L\/ronda-city-streets-spain-L.jpg\" alt=\"&#xD6;versikt &#xF6;ver gamla stan i staden Ronda\"\/><\/figure>\n\n<h3 class=\"wp-block-heading\">Praktiska r\u00e5d<\/h3>\n\n<ul class=\"wp-block-list\">\n<li><strong>Tillg\u00e5ng<\/strong>: 24\/7<\/li>\n\n\n\n<li><strong>Bes\u00f6kets l\u00e4ngd<\/strong>: 45 min till 1 h 30 beroende p\u00e5 din egen takt<\/li>\n\n\n\n<li><strong>Sv\u00e5righeter: <\/strong>Flera gator g\u00e5r i sluttningar och andra \u00e4r steniga, s\u00e5 vi rekommenderar att du tar med dig bra skor!<\/li>\n\n\n\n<li><strong>Parkering:<\/strong> Undvik att komma till gamla stan med bil, eftersom gr\u00e4nderna \u00e4r smala och parkeringsplatserna kan vara \u00f6verfulla. Rondas parkeringsplats ligger 7 minuters promenad bort.<\/li>\n\n\n\n<li>Restauranger<strong>:<\/strong> Restauranger, barer och kaf\u00e9er i n\u00e4rheten. <a href=\"https:\/\/andalucialovers.com\/sv\/basta-restaurang-ronda-ata-omdomen\/\" target=\"_blank\" rel=\"noreferrer noopener\">Hitta v\u00e5rt urval h\u00e4r.<\/a><br\/>Observera att de flesta st\u00e4nger vid m\u00f6rkrets inbrott. <em>El Mercadillo<\/em> \u00e4r den mest moderna och livliga delen av staden, med butiker och restauranger.<\/li>\n\n\n\n<li><strong>Vill du ha en privat rundtur till fots i centrum?  <\/strong><a href=\"https:\/\/www.getyourguide.se\/ronda-espagne-l838\/ronda-visite-guidee-a-pied-t432315\/?partner_id=R3GYW4V&amp;cmp=andalucia\" target=\"_blank\" rel=\"noreferrer noopener sponsored nofollow\">Se priser och tillg\u00e4nglighet.<\/a><\/li>\n<\/ul>\n\n<div style=\"margin-top:8%;margin-bottom:8%\" class=\"wp-block-genesis-blocks-gb-container box gb-block-container\"><div class=\"gb-container-inside\"><div class=\"gb-container-content\" style=\"max-width:700px\">\n<div class=\"wp-block-genesis-blocks-gb-container box_titre gb-block-container\"><div class=\"gb-container-inside\"><div class=\"gb-container-content\">\n<h5 class=\"titre_box\" style=\"padding-top:10px;\">VAR KAN MAN BO I <span class=\"titre_box_manuscrit\">Ronda<\/span><\/h5>\n<\/div><\/div><\/div>\n\n\n\n<hr class=\"wp-block-separator has-text-color has-alpha-channel-opacity has-background is-style-wide hr-box-planif\" style=\"background-color:#ccd3dd;color:#ccd3dd\"\/>\n\n\n\n<div class=\"wp-block-columns box_sans_border is-layout-flex wp-container-core-columns-is-layout-9d6595d7 wp-block-columns-is-layout-flex\">\n<div class=\"wp-block-column texte_planif is-layout-flow wp-block-column-is-layout-flow\" style=\"font-size:14px;flex-basis:60%\">\n<p class=\"option_titre2\"><strong>Alternativ 1 <\/strong>: I den historiska eller moderna stadsk\u00e4rnan<\/p>\n\n\n\n<p style=\"font-size:14px\">Vi rekommenderar att du utforskar sev\u00e4rdheterna till fots:<\/p>\n\n\n\n<ul class=\"ul_box wp-block-list\">\n<li style=\"font-size:14px\"><strong>\n  <strong>Hotell Casa Palacio Villa Zambra<\/strong>\n<\/strong> &#8211; <a href=\"https:\/\/www.booking.com\/hotel\/es\/casa-palacio-villazambra.fr.html?aid=2420173\" target=\"_blank\" rel=\"noreferrer noopener sponsored nofollow\">se priser, foton och tillg\u00e4nglighet<\/a><\/li>\n\n\n\n<li style=\"font-size:14px\"><strong>\n  <strong>Hotell Palacio de Hemingway<\/strong>\n<\/strong> &#8211; <a href=\"https:\/\/www.booking.com\/hotel\/es\/el-poeta-de-ronda.fr.html?aid=2420173\" target=\"_blank\" rel=\"noreferrer noopener sponsored nofollow\">se priser, foton och tillg\u00e4nglighet<\/a><\/li>\n<\/ul>\n<\/div>\n\n\n\n<div class=\"wp-block-column is-vertically-aligned-top planif-radius is-layout-flow wp-block-column-is-layout-flow\" style=\"flex-basis:40%\">\n<figure class=\"wp-block-image size-large img-portrait\"><img loading=\"lazy\" decoding=\"async\" src=\"https:\/\/photos.smugmug.com\/Andalucia-Lovers\/Ronda\/Hotels\/Palacio-Hemingway\/i-FcgLzHf\/0\/CwW84R6WgjPLLKxQgTDGKhkxcG9TQX8zWb76QjR35\/L\/hotel-palacio-hemingway-ronda-2-L.jpg\" alt=\"Hotell Palacio de Hemingway\" title=\"\"\/><\/figure>\n<\/div>\n<\/div>\n\n\n\n<hr class=\"wp-block-separator has-text-color has-alpha-channel-opacity has-background is-style-wide hr-box-planif\" style=\"background-color:#ccd3dd;color:#ccd3dd\"\/>\n\n\n\n<div class=\"wp-block-columns box_sans_border is-layout-flex wp-container-core-columns-is-layout-9d6595d7 wp-block-columns-is-layout-flex\">\n<div class=\"wp-block-column texte_planif is-layout-flow wp-block-column-is-layout-flow\" style=\"font-size:14px;flex-basis:60%\">\n<p class=\"option_titre\"><strong>Alternativ 2: <\/strong>P\u00e5 den omgivande landsbygden<\/p>\n\n\n\n<p style=\"font-size:14px\">Om du f\u00f6redrar natur och lugn och ro rekommenderar vi det:<\/p>\n\n\n\n<ul class=\"ul_box wp-block-list\">\n<li style=\"font-size:14px\"><strong>Hotel Cortijo La Organic<\/strong> &#8211; <a href=\"https:\/\/www.booking.com\/hotel\/es\/cortijo-los-azules.fr.html?aid=2420173\" target=\"_blank\" rel=\"noreferrer noopener sponsored nofollow\">Se bilder och tillg\u00e4nglighet<\/a>.<\/li>\n<\/ul>\n<\/div>\n\n\n\n<div class=\"wp-block-column is-vertically-aligned-top planif-radius is-layout-flow wp-block-column-is-layout-flow\" style=\"flex-basis:40%\">\n<figure class=\"wp-block-image size-large img-portrait\"><img loading=\"lazy\" decoding=\"async\" src=\"https:\/\/photos.smugmug.com\/Andalucia-Lovers\/Ronda\/Hotels\/Hotel-Cortijo-La-Organic\/i-zS3Gtdc\/0\/FJpPPBmvFFnhB8ndL5png2b294qSvPM4dJ7BbwQgC\/L\/hotel-cortijo-la-organic-ronda-4-L.jpg\" alt=\"Hotell Cortijo LA Organic\" title=\"\"\/><\/figure>\n<\/div>\n<\/div>\n\n\n\n<p class=\"has-text-align-center has-normal-font-size\">Se v\u00e5rt kompletta utbud av <a href=\"https:\/\/andalucialovers.com\/sv\/var-kan-bo-ronda-basta-hotellen-stadsdelarna\/\" target=\"_blank\" rel=\"noreferrer noopener\">b\u00e4sta hotell i Ronda<\/a><\/p>\n\n\n\n<div class=\"wp-block-buttons planif_bouton is-content-justification-center is-layout-flex wp-container-core-buttons-is-layout-16018d1d wp-block-buttons-is-layout-flex\">\n<div class=\"wp-block-button has-custom-font-size\" style=\"font-size:14px\"><a class=\"wp-block-button__link has-white-color has-text-color wp-element-button\" href=\"https:\/\/www.booking.com\/searchresults.html?city=-399659=review_score%253D90%253Breview_score%253D80=2420173=1=2\" style=\"border-radius:4px\" target=\"_blank\" rel=\"noreferrer noopener\">Se alla tillg\u00e4ngliga boenden &gt;&gt;<\/a><\/div>\n<\/div>\n<\/div><\/div><\/div>\n\n<h2 class=\"wp-block-heading\">3. Bes\u00f6k de gamla termiska baden<\/h2>\n\n<figure class=\"wp-block-image size-large\"><img loading=\"lazy\" decoding=\"async\" src=\"https:\/\/photos.smugmug.com\/Travel\/Andalucia\/14d-Ronda-arab-baths\/i-BBWDKBQ\/2\/D92SsVm9fbZHFkXSksSVK75CcxMvFdrvnHD3K43p8\/L\/Arab_Baths_Ronda_Andalucia_Spain-2332-L.jpg\" alt=\"&#xD6;versikt &#xF6;ver de arabiska baden i staden Ronda\"\/><\/figure>\n\n<h3 class=\"wp-block-heading\">Varf\u00f6r bes\u00f6ka?<\/h3>\n\n<p>Gl\u00f6m inte att bes\u00f6ka de <strong>arabiska baden<\/strong>! De h\u00e4rstammar fr\u00e5n 1200-talet och \u00e4r bland de b\u00e4st bevarade i Spanien, med sina v\u00e4lvda rum, intima alkover och tegelkolonner. Att rena kroppen i baden var en f\u00f6ruts\u00e4ttning f\u00f6r att f\u00e5 tilltr\u00e4de till den intilliggande mosk\u00e9n, och vi gillade s\u00e4rskilt videon om hur baden fungerade f\u00f6rr i tiden. Se fler bilder i v\u00e5r dedikerade artikel (kommer snart).<\/p>\n\n<figure class=\"wp-block-image size-large\"><img loading=\"lazy\" decoding=\"async\" src=\"https:\/\/photos.smugmug.com\/Travel\/Andalucia\/14d-Ronda-arab-baths\/i-4vf9mZk\/2\/CfS9jX3X82QBhHvRQkGDnsgndV9nQHWMFW5m85jft\/L\/Arab_Baths_Ronda_Andalucia_Spain-7775-L.jpg\" alt=\"&#xD6;versikt &#xF6;ver de arabiska baden i staden Ronda\"\/><\/figure>\n\n<h3 class=\"wp-block-heading\">Praktiska r\u00e5d<\/h3>\n\n<ul class=\"wp-block-list\">\n<li><strong>Tillg\u00e5ng: <\/strong>25 minuters promenad fr\u00e5n Plaza de Toros (nedf\u00f6rsbacke)<\/li>\n\n\n\n<li><strong>Bes\u00f6ksl\u00e4ngd:<\/strong> 45 minuter<\/li>\n\n\n\n<li><strong>Sv\u00e5righeter:<\/strong> n\u00e5gra trappor<\/li>\n\n\n\n<li><strong>Pris:<\/strong> 4,50 euro (se webbplatsen f\u00f6r eventuella uppdateringar <a href=\"https:\/\/www.spain.info\/fr\/curiosites\/hammam-ronda\/\" target=\"_blank\" rel=\"noreferrer noopener nofollow\">)<\/a><\/li>\n\n\n\n<li><strong>\u00d6ppettider: <\/strong>\u00d6ppet fr\u00e5n 10.00 till 18.00 (endast till 15.00 p\u00e5 l\u00f6rdagar och s\u00f6ndagar)<\/li>\n\n\n\n<li><strong>Parkering:<\/strong> parkeringsplats p\u00e5 plats med begr\u00e4nsat antal platser<\/li>\n\n\n\n<li><strong>Catering<\/strong>: inget p\u00e5 plats, vi rekommenderar att du tar med dig n\u00e5got att dricka och eftersom platsen ligger ganska l\u00e5ngt bort m\u00e5ste du \u00e5terv\u00e4nda till stadens centrum f\u00f6r att \u00e4ta.<\/li>\n<\/ul>\n\n<h2 class=\"wp-block-heading\">4. Uppt\u00e4ck Plaza de Toros och dess tjurf\u00e4ktningsarena<\/h2>\n\n<figure class=\"wp-block-image size-large\"><img loading=\"lazy\" decoding=\"async\" src=\"https:\/\/photos.smugmug.com\/Travel\/Andalucia\/14c-Ronda\/i-DghRzTs\/2\/FPmbZ2LDcB8TSsnRJvDZMpmxFQPwjjZq5hpFGcPGm\/L\/Ronda_Andalucia_Spain-8384-L.jpg\" alt=\"&#xD6;versikt &#xF6;ver Plaza de Toros i staden Ronda\"\/><\/figure>\n\n<h3 class=\"wp-block-heading\">Varf\u00f6r bes\u00f6ka?<\/h3>\n\n<p>Om du \u00e4r i Ronda kommer du inte att vilja missa den imponerande Plaza de los Toros och dess imponerande Monumento al Toro. Bakom dem ligger den majest\u00e4tiska tjurf\u00e4ktningsarenan som byggdes 1785, en av de vackraste i Spanien och kanske ocks\u00e5 den st\u00f6rsta med sina 66 meter i diameter. F\u00f6r att bes\u00f6ka <a href=\"https:\/\/www.rmcr.org\/en\/bullring-museum\/\" target=\"_blank\" rel=\"noreferrer noopener nofollow\">tjurf\u00e4ktningsarenan<\/a> och dess 136 toskanska pelare m\u00e5ste du betala intr\u00e4desavgiften till <a href=\"https:\/\/www.rmcr.org\/en\/bullring-museum\/\" target=\"_blank\" rel=\"noreferrer noopener nofollow\">tjurf\u00e4ktningsmuseet<\/a>. Vi valde att bes\u00f6ka det f\u00f6rst eftersom det ger tilltr\u00e4de till tjurf\u00e4ktningsarenan. Men ocks\u00e5 f\u00f6r att b\u00e4ttre f\u00f6rst\u00e5 vikten av tjurf\u00e4ktningskulturen, den urgamla spanska traditionen med en kamp mellan en man, kallad torero eller toreador, och en tjur. Vi st\u00f6der dock inte denna praxis.<\/p>\n\n<figure class=\"wp-block-image size-large\"><img loading=\"lazy\" decoding=\"async\" src=\"https:\/\/photos.smugmug.com\/Travel\/Andalucia\/14c-Ronda\/i-xdNPxNB\/2\/DJgJD88tHvsWcXdCQHtXC6dBn4VL3rHZVFJr9t9xw\/L\/arenas_Ronda_Andalucia_Spain-7786-L.jpg\" alt=\"&#xD6;versikt &#xF6;ver arenorna i staden Ronda\"\/><\/figure>\n\n<h3 class=\"wp-block-heading\">Praktiska r\u00e5d<\/h3>\n\n<ul class=\"wp-block-list\">\n<li><strong>Tillfart: <\/strong>3 minuter fr\u00e5n Plaza de la Merced (nya staden)<\/li>\n\n\n\n<li><strong>Bes\u00f6kets l\u00e4ngd<\/strong>: 30 min till 1 h 30 beroende p\u00e5 ditt intresse f\u00f6r museet<\/li>\n\n\n\n<li><strong>Sv\u00e5righeter:<\/strong> Tillg\u00e4nglighet f\u00f6r funktionshindrade, trappor till l\u00e4ktaren<\/li>\n\n\n\n<li><strong>Priser<\/strong>: \u20ac9 f\u00f6r vuxna<\/li>\n\n\n\n<li><strong>\u00d6ppettider: <\/strong>\u00d6ppet minst kl. 10.00-18.00 (se<a href=\"https:\/\/www.rmcr.org\/e\" target=\"_blank\" rel=\"noreferrer noopener nofollow\"> webbplats<\/a> h\u00e4r)<\/li>\n\n\n\n<li>Parkering: <strong>Parkeringshuset<\/strong> La Merced 7 minuters promenad bort<\/li>\n\n\n\n<li><strong>Catering<\/strong>: <a href=\"https:\/\/andalucialovers.com\/sv\/basta-restaurang-ronda-ata-omdomen\/\" target=\"_blank\" rel=\"noreferrer noopener\">L\u00e4s v\u00e5r dedikerade artikel<\/a>.<\/li>\n\n\n\n<li><strong>Vill du ha en guidad rundtur i Ronda, inklusive intr\u00e4de till tjurf\u00e4ktningsarenan?  <\/strong><a href=\"https:\/\/www.viator.com\/sv-SE\/tours\/Malaga\/Santa-Cruz-Quarter-and-Cathedral-Guided-Day-Tour-in-Seville\/d956-23749P10?partner_id=R3GYW4V&amp;cmp=andalucia\" target=\"_blank\" rel=\"noreferrer noopener sponsored nofollow\">Se priser och tillg\u00e4nglighet.<\/a><\/li>\n<\/ul>\n\n<div class=\"wp-block-columns inverse box_planif is-layout-flex wp-container-core-columns-is-layout-9d6595d7 wp-block-columns-is-layout-flex\">\n<div class=\"wp-block-column texte_planif is-layout-flow wp-block-column-is-layout-flow\" style=\"flex-basis:58%\">\n<h5 class=\"titre_box\"> HYR DIN BIL I <span class=\"titre_box_manuscrit\">\nAndalusia<\/span><\/h5>\n\n\n\n<ul style=\"font-size:14px\" class=\"wp-block-list liste_voiture\">\n<li>J\u00e4mf\u00f6r priser p\u00e5 v\u00e5r f\u00f6redragna plattform: <a href=\"https:\/\/www.discovercars.com\/se\/spain?a_aid=zigzag&amp;chan=andalucia\" target=\"_blank\" rel=\"noreferrer noopener sponsored nofollow\">DiscoverCars<\/a> &#8211; en av de b\u00e4st rankade webbplatserna.<\/li>\n\n\n\n<li>V\u00e4lj en <strong>kompakt bil<\/strong>, eftersom vissa byar har mycket smala gator!<\/li>\n\n\n\n<li>T\u00e4nk p\u00e5<strong>omfattande f\u00f6rs\u00e4kring<\/strong> av samma anledning<\/li>\n\n\n\n<li><strong>Boka tidigt<\/strong> f\u00f6r b\u00e4sta val.<\/li>\n<\/ul>\n<\/div>\n\n\n\n<div class=\"wp-block-column planif-radius-3 is-layout-flow wp-block-column-is-layout-flow\" style=\"flex-basis:42%\">\n<figure class=\"wp-block-image size-large is-resized\"><img loading=\"lazy\" decoding=\"async\" src=\"https:\/\/photos.smugmug.com\/Travel\/Andalucia\/Driving\/i-tqxqm2M\/1\/DBVq6wpqQpTv8CpSvmFGgfKbDdqGMK9zqdcc59cGs\/S\/Driving_Andalucia_Spain-8407-S.jpg\" alt=\"K&#xF6;rning i Andalusien\" title=\"\"\/><\/figure>\n<\/div>\n<\/div>\n\n<div class=\"wp-block-columns planif_bouton is-layout-flex wp-container-core-columns-is-layout-9d6595d7 wp-block-columns-is-layout-flex\">\n<div class=\"wp-block-column is-layout-flow wp-block-column-is-layout-flow\" style=\"flex-basis:50%\">\n<div class=\"wp-block-buttons is-content-justification-center is-layout-flex wp-container-core-buttons-is-layout-16018d1d wp-block-buttons-is-layout-flex\">\n<div class=\"wp-block-button has-custom-font-size\" style=\"font-size:14px\"><a class=\"wp-block-button__link has-white-color has-text-color wp-element-button\" href=\"https:\/\/www.discovercars.com\/se\/spain?a_aid=zigzag&amp;amp;chan=andalucia\" style=\"border-radius:4px\" target=\"_blank\" rel=\"noreferrer noopener nofollow\">Se bilarna<img loading=\"lazy\" decoding=\"async\" class=\"wp-image-2851\" style=\"width: 16px;\" src=\"https:\/\/provencelovers.fr\/wp-content\/uploads\/2023\/08\/ArrowRight.webp\" alt=\"\"\/><\/a><\/div>\n<\/div>\n<\/div>\n\n\n\n<div class=\"wp-block-column is-vertically-aligned-center is-layout-flow wp-block-column-is-layout-flow\" style=\"flex-basis:50%\">\n<p class=\"has-text-align-center\" style=\"font-size:14px\"><strong><a href=\"https:\/\/andalucialovers.com\/sv\/hur-hyr-bil-andalusien-tips-erfarenhet\/\" data-type=\"post\" data-id=\"3712\" target=\"_blank\" rel=\"noreferrer noopener\">Se v\u00e5ra r\u00e5d<\/a><\/strong><\/p>\n<\/div>\n<\/div>\n\n<h2 class=\"wp-block-heading\">5. Beundra utsikten \u00f6ver Tajo fr\u00e5n ovan och underifr\u00e5n<\/h2>\n\n<figure class=\"wp-block-image size-large\"><img loading=\"lazy\" decoding=\"async\" src=\"https:\/\/photos.smugmug.com\/Andalucia-Lovers\/Ronda\/Best-of\/i-dhdCVqm\/0\/DHznJS73LDz7gVR69NNKQDs75z4Z35hT5QPns2NBM\/L\/visit-ronda-city-10-L.jpg\" alt=\"&#xD6;versikt fr&#xE5;n ovanf&#xF6;r bron i staden Ronda\"\/><\/figure>\n\n<h3 class=\"wp-block-heading\">Varf\u00f6r bes\u00f6ka?<\/h3>\n\n<p>F\u00f6r oss \u00e4r Rondas st\u00f6rsta tillg\u00e5ng utan tvekan dess majest\u00e4tiska klippor, som g\u00f6r det till ett friluftsmuseum. Det finns ett antal utsiktsplatser d\u00e4r du kan njuta av utsikten fr\u00e5n alla vinklar:<\/p>\n\n<ul class=\"wp-block-list\">\n<li><strong>Mirador de Aldehuela<\/strong>, precis intill Puente Nuevo, d\u00e4r du kan beundra de vita husen som ligger p\u00e5 klipporna och floden Guadalev\u00edn.<\/li>\n\n\n\n<li>Mirador fr\u00e5n <strong>Paseo de Los Ingleses<\/strong> med sin lilla kiosk.<\/li>\n\n\n\n<li><strong>Mirador del Viento<\/strong> f\u00f6r en f\u00e5gelperspektivvy \u00f6ver bron. Denna magnifika utsikt \u00e4r v\u00e4rd den korta promenaden! Ej att f\u00f6rv\u00e4xla med Mirador del Puento Nuevo, som \u00e4r avgiftsbelagd.<\/li>\n\n\n\n<li><strong>Jardin de la Cuenca<\/strong> erbjuder en vacker promenad p\u00e5 en klippa och perfekt utsikt \u00f6ver staden. Fotografer, gl\u00f6m inte era kameror!<\/li>\n<\/ul>\n\n<figure class=\"wp-block-image size-large\"><img loading=\"lazy\" decoding=\"async\" src=\"https:\/\/photos.smugmug.com\/Andalucia-Lovers\/Ronda\/Casa-del-Rey-Moro\/i-LrWvKrv\/0\/DTLDWf6VjNt9jrspXJm2HmzFVjpSrWcbcL4t6pdNF\/L\/casa-del-rey-moro-ronda-11-L.jpg\" alt=\"&#xD6;versikt fr&#xE5;n nedanf&#xF6;r bron i staden Ronda\"\/><figcaption class=\"wp-element-caption\">Utsikt \u00f6ver Tajo fr\u00e5n gruvorna Casa del Rey Moro<\/figcaption><\/figure>\n\n<h3 class=\"wp-block-heading\">Praktiska r\u00e5d<\/h3>\n\n<ul class=\"wp-block-list\">\n<li><strong>Tillg\u00e4nglighet <\/strong>: 24\/7 &#8211; utspridda \u00f6ver hela staden.<\/li>\n\n\n\n<li><strong>Bes\u00f6kets l\u00e4ngd<\/strong>: mellan 30 minuter och 1 timme, beroende p\u00e5 vilken promenad du v\u00e4ljer!<\/li>\n\n\n\n<li><strong>Sv\u00e5righeter:<\/strong> ta med bra skor eftersom de b\u00e4sta utsiktsplatserna m\u00e5ste f\u00f6rtj\u00e4nas, det \u00e4r brant och ibland halt och det finns inga faciliteter f\u00f6r funktionshindrade.<\/li>\n\n\n\n<li><strong>Priser:<\/strong> Utsiktsplatserna \u00e4r gratis utom den i <a href=\"https:\/\/andalucialovers.com\/sv\/besok-casa-del-rey-moro-ronda\/\" target=\"_blank\" rel=\"noreferrer noopener\">Casa del Rey Moro<\/a>, som kostar 10 euro.<\/li>\n\n\n\n<li><strong>\u00d6ppettider: <\/strong>\u00f6ppet 24 timmar om dygnet, utom Casa del Rey Moro (kl. 10.00-21.30) och Cuenca Gardens (kl. 8.00-22.00).<\/li>\n\n\n\n<li><strong>Parkering:<\/strong> Det finns ingen parkering i n\u00e4rheten av de olika utkiksplatserna. Vi rekommenderar att du l\u00e4mnar bilen p\u00e5 stationens parkeringsplats och utforskar staden till fots.<\/li>\n\n\n\n<li><strong>F\u00f6rt\u00e4ring<\/strong>: Ta med vatten, mellanm\u00e5l och solskydd.<\/li>\n<\/ul>\n\n<div style=\"background-color:#fefefe;margin-top:8%;margin-bottom:8%\" class=\"wp-block-genesis-blocks-gb-container box gb-block-container\"><div class=\"gb-container-inside\"><div class=\"gb-container-content\" style=\"max-width:700px\">\n<div class=\"wp-block-columns inverse is-layout-flex wp-container-core-columns-is-layout-9d6595d7 wp-block-columns-is-layout-flex\">\n<div class=\"wp-block-column texte_planif is-layout-flow wp-block-column-is-layout-flow\" style=\"flex-basis:58%\">\n<h5 class=\"titre_box\" style=\"padding-top:10px\">PLANERA DIN DR\u00d6MRESA TILL <span class=\"titre_box_manuscrit\">andalusien<\/span><\/h5>\n\n\n\n<div class=\"wp-block-genesis-blocks-gb-container gb-block-container\"><div class=\"gb-container-inside\"><div class=\"gb-container-content\">\n<p style=\"font-size:14px\">All information du beh\u00f6ver f\u00f6r din resa:<\/p>\n<\/div><\/div><\/div>\n\n\n\n<div class=\"wp-block-genesis-blocks-gb-container gb-block-container\"><div class=\"gb-container-inside\"><div class=\"gb-container-content\"><\/div><\/div><\/div>\n\n\n\n<ul class=\"wp-block-list\" style=\"font-size:14px\" id=\"liste_discover\">\n<li>7 kartor som underl\u00e4ttar planeringen<\/li>\n\n\n\n<li>+ 150 p\u00e5 f\u00f6rhand utvalda m\u00f6tesplatser<\/li>\n\n\n\n<li>Praktiska r\u00e5d<\/li>\n\n\n\n<li>+ 300 bilder som hj\u00e4lper dig att v\u00e4lja<\/li>\n<\/ul>\n\n\n\n<div class=\"wp-block-buttons has-custom-font-size bouton_10 is-content-justification-center is-layout-flex wp-container-core-buttons-is-layout-14c487f4 wp-block-buttons-is-layout-flex\" style=\"font-size:13px\">\n<div class=\"wp-block-button has-custom-font-size\" style=\"font-size:14px\"><a class=\"wp-block-button__link has-white-color has-text-color wp-element-button\" href=\"https:\/\/andalucialovers.com\/sv\/ebok-guide-road-trip-andalusien\/\" style=\"border-radius:4px\" target=\"_blank\" rel=\"noreferrer noopener\">Uppt\u00e4ck<strong> <\/strong>&gt;&gt;<\/a><\/div>\n<\/div>\n<\/div>\n\n\n\n<div class=\"wp-block-column is-layout-flow wp-block-column-is-layout-flow\" style=\"flex-basis:42%\">\n<div class=\"wp-block-genesis-blocks-gb-container ebook-radius gb-block-container\"><div class=\"gb-container-inside\"><div class=\"gb-container-content\"><div class=\"wp-block-image ebook-image\">\n<figure class=\"aligncenter size-full is-resized\"><img loading=\"lazy\" decoding=\"async\" src=\"https:\/\/andalucialovers.com\/wp-content\/uploads\/2024\/06\/Road-trip-Guide-Andalucia-eBook-cover-5.jpg\" alt=\"Andalusien reseguide eBook Omslag\" class=\"wp-image-317\" style=\"width:203px;height:157px\"\/><\/figure>\n<\/div><\/div><\/div><\/div>\n<\/div>\n<\/div>\n<\/div><\/div><\/div>\n\n<h2 class=\"wp-block-heading\">6. Promenader runt Setenil de las Bodegas<\/h2>\n\n<figure class=\"wp-block-image size-large\"><img loading=\"lazy\" decoding=\"async\" src=\"https:\/\/photos.smugmug.com\/Andalucia-Lovers\/Ronda\/Best-of\/i-mqKbD9S\/0\/CXL3kqF3bfpgx62GHZXHGrCLnqL8XcmqdfJvTBjTJ\/L\/visit-ronda-city-2-L.jpg\" alt=\"&#xD6;versikt &#xF6;ver byn Setenil de la Bodegas n&#xE4;ra Ronda\"\/><\/figure>\n\n<h3 class=\"wp-block-heading\">Varf\u00f6r bes\u00f6ka?<\/h3>\n\n<p>Bara 30 minuter fr\u00e5n Ronda \u00e4r byn Setenil de las Bodegas ett arkitektoniskt underverk. Vad \u00e4r det som g\u00f6r den s\u00e5 speciell? Husen som \u00e4r uthuggna ur berget, under enorma klipp\u00f6verh\u00e4ng, ger intrycket av att ha f\u00f6rflyttats till en parallell v\u00e4rld. Trots mystiken som omger den \u00e4lskade vi den fridfulla atmosf\u00e4ren i byn, med sina vita fasader som kontrasterar mot berget, sina blomsterfyllda gr\u00e4nder och livliga kaf\u00e9er.<br\/>Se fler bilder i v\u00e5r dedikerade artikel som kommer inom kort.<\/p>\n\n<figure class=\"wp-block-image size-large\"><img loading=\"lazy\" decoding=\"async\" src=\"https:\/\/photos.smugmug.com\/Andalucia-Lovers\/Ronda\/Best-of\/i-Dn7W3MK\/0\/DjDv24V5rqdfCJjwH3P8PvVjV6S9jd72bfzgnN685\/L\/setenil-de-las-bodegas-village-spain-L.jpg\" alt=\"&#xD6;versikt &#xF6;ver byn Setenil de la Bodegas n&#xE4;ra Ronda\"\/><\/figure>\n\n<h3 class=\"wp-block-heading\">Praktiska r\u00e5d<\/h3>\n\n<ul class=\"wp-block-list\">\n<li><strong>Tillg\u00e5ng <\/strong>: 24\/7<\/li>\n\n\n\n<li><strong>Bes\u00f6kets l\u00e4ngd:<\/strong> 1 till 3 timmar, beroende p\u00e5 hur mycket energi du k\u00e4nner f\u00f6r att kl\u00e4ttra upp f\u00f6r de olika trapporna i byn och hur mycket du tycker om att strosa runt.<\/li>\n\n\n\n<li><strong>Sv\u00e5righeter:<\/strong> ett antal branta gator, s\u00e5 undvik att b\u00e4ra h\u00f6ga klackar!<\/li>\n\n\n\n<li><strong>Parkering:<\/strong> Det finns flera parkeringsplatser, men vi rekommenderar Los Ca\u00f1os-parkeringen, som \u00e4r avgiftsbelagd men t\u00e4ckt.<\/li>\n\n\n\n<li><strong>\u00c4ta och dricka<\/strong>: Det finns ett stort urval av restauranger och kaf\u00e9er i byn!<\/li>\n\n\n\n<li><strong>Vill du kombinera ett bes\u00f6k i Ronda med ett bes\u00f6k i byn?<\/strong> <a href=\"https:\/\/www.getyourguide.se\/costa-del-sol-l4711\/costa-del-sol-et-malaga-ronda-et-setenil-de-las-bodegas-t181127\/?partner_id=R3GYW4V&amp;cmp=andalucia\" target=\"_blank\" rel=\"noreferrer noopener sponsored nofollow\">Se priser och tillg\u00e4nglighet h\u00e4r.<\/a><\/li>\n<\/ul>\n\n<h2 class=\"wp-block-heading\">7. Bes\u00f6k Palacio de Mondragon<\/h2>\n\n<figure class=\"wp-block-image size-large\"><img loading=\"lazy\" decoding=\"async\" src=\"https:\/\/photos.smugmug.com\/Andalucia-Lovers\/Ronda\/Mondragon-Palace\/i-qtD8NLg\/0\/C5ncNL9C9v6Zbcsfvm6jVBGxQ27nJFgfHb6ZRMtbx\/L\/visit-palacio-mondragon-ronda-11-L.jpg\" alt=\"&#xD6;versikt &#xF6;ver museet Palacio de Mondragon i staden Ronda\"\/><\/figure>\n\n<h3 class=\"wp-block-heading\">Varf\u00f6r bes\u00f6ka?<\/h3>\n\n<p>F\u00f6r den som \u00e4lskar arkitektur och vackra vyer f\u00e5r man inte missa Palacio de Mondrag\u00f3n! Vi blev \u00f6vertygade av det gamla palatset, som kombinerar moriska och ren\u00e4ssansarkitektoniska element. Och l\u00e5t oss inte gl\u00f6mma charmen i den andalusiska tr\u00e4dg\u00e5rden och dess hisnande utsikt \u00f6ver de pittoreska omgivningarna i Ronda!<br\/>Du kan ocks\u00e5 bes\u00f6ka stadsmuseet med sin rika samling av arkeologiska f\u00f6rem\u00e5l som ber\u00e4ttar om Andalusiens historia fr\u00e5n f\u00f6rhistorisk tid till modern tid.  <a href=\"https:\/\/andalucialovers.com\/sv\/besok-museum-palacio-de-mondragon-ronda\/\" target=\"_blank\" rel=\"noreferrer noopener\">L\u00e4s mer i v\u00e5r s\u00e4rskilda artikel.<\/a><\/p>\n\n<figure class=\"wp-block-image size-large\"><img loading=\"lazy\" decoding=\"async\" src=\"https:\/\/photos.smugmug.com\/Andalucia-Lovers\/Ronda\/Mondragon-Palace\/i-nkNmjWt\/0\/DNjXQKwsLMdqgKHqVwKGdZf3pMP8LvfndzQtmntgh\/L\/visit-palacio-mondragon-ronda-14-L.jpg\" alt=\"&#xD6;versikt &#xF6;ver museet Palacio de Mondragon i staden Ronda\"\/><\/figure>\n\n<h3 class=\"wp-block-heading\">Praktiska r\u00e5d<\/h3>\n\n<ul class=\"wp-block-list\">\n<li><strong>Tilltr\u00e4de: <\/strong>Plaza de Mondrag\u00f3n, stadsdelen Ciudad<\/li>\n\n\n\n<li><strong>Bes\u00f6kets l\u00e4ngd:<\/strong> mellan 30 minuter och 1 timme, beroende p\u00e5 ditt intresse f\u00f6r stadsmuseets arkeologiska samlingar.<\/li>\n\n\n\n<li><strong>Sv\u00e5righeter:<\/strong> n\u00e5gra steg men webbplatsen \u00e4r tillg\u00e4nglig f\u00f6r funktionshindrade<\/li>\n\n\n\n<li><strong>Priser:<\/strong> \u20ac4 (vuxna)\/gratis (under 14 \u00e5r)<\/li>\n\n\n\n<li><strong>\u00d6ppettider: <\/strong>M\u00e5ndag och l\u00f6rdag kl. 10.00-14.00 och 15.00-18.00 samt tisdag till fredag kl. 9.30-19.00 (se senaste informationen p\u00e5 den officiella webbplatsen <a href=\"https:\/\/www.andalucia.org\/fr\/ronda-visites-musee-municipal-de-ronda-palais-de-mondragon\" target=\"_blank\" rel=\"noreferrer noopener nofollow\">h\u00e4r<\/a>).<\/li>\n\n\n\n<li>Parkering<strong>: <\/strong>V\u00e4lj Rondas parkeringsplats, 3 minuters promenad bort<\/li>\n\n\n\n<li>\u00c4ta och <strong>dricka<\/strong>: Vi rekommenderar Confiteria El Tajo, en 3-minuters promenad bort, f\u00f6r en s\u00f6t paus!<\/li>\n<\/ul>\n\n<div style=\"background-color:#fefefe;margin-top:6%;margin-bottom:6%\" class=\"wp-block-genesis-blocks-gb-container box gb-block-container\"><div class=\"gb-container-inside\"><div class=\"gb-container-content\" style=\"max-width:700px\">\n<div class=\"wp-block-columns inverse is-layout-flex wp-container-core-columns-is-layout-9d6595d7 wp-block-columns-is-layout-flex\">\n<div class=\"wp-block-column texte_planif is-layout-flow wp-block-column-is-layout-flow\" style=\"flex-basis:58%\">\n<h5 class=\"titre_box\">Ta emot v\u00e5rt <span class=\"titre_box_manuscrit\">nyhetsbrev<\/span><\/h5>\n\n\n\n<ul class=\"wp-block-list\">\n<li>En frisk fl\u00e4kt i ditt dagliga liv p\u00e5 de vackra destinationerna i Region Lovers!<\/li>\n\n\n\n<li>En g\u00e5ng i m\u00e5naden<\/li>\n\n\n\n<li>Reklamfri<\/li>\n<\/ul>\n\n\n<script>\nvar gform;gform||(document.addEventListener(\"gform_main_scripts_loaded\",function(){gform.scriptsLoaded=!0}),document.addEventListener(\"gform\/theme\/scripts_loaded\",function(){gform.themeScriptsLoaded=!0}),window.addEventListener(\"DOMContentLoaded\",function(){gform.domLoaded=!0}),gform={domLoaded:!1,scriptsLoaded:!1,themeScriptsLoaded:!1,isFormEditor:()=>\"function\"==typeof InitializeEditor,callIfLoaded:function(o){return!(!gform.domLoaded||!gform.scriptsLoaded||!gform.themeScriptsLoaded&&!gform.isFormEditor()||(gform.isFormEditor()&&console.warn(\"The use of gform.initializeOnLoaded() is deprecated in the form editor context and will be removed in Gravity Forms 3.1.\"),o(),0))},initializeOnLoaded:function(o){gform.callIfLoaded(o)||(document.addEventListener(\"gform_main_scripts_loaded\",()=>{gform.scriptsLoaded=!0,gform.callIfLoaded(o)}),document.addEventListener(\"gform\/theme\/scripts_loaded\",()=>{gform.themeScriptsLoaded=!0,gform.callIfLoaded(o)}),window.addEventListener(\"DOMContentLoaded\",()=>{gform.domLoaded=!0,gform.callIfLoaded(o)}))},hooks:{action:{},filter:{}},addAction:function(o,r,e,t){gform.addHook(\"action\",o,r,e,t)},addFilter:function(o,r,e,t){gform.addHook(\"filter\",o,r,e,t)},doAction:function(o){gform.doHook(\"action\",o,arguments)},applyFilters:function(o){return gform.doHook(\"filter\",o,arguments)},removeAction:function(o,r){gform.removeHook(\"action\",o,r)},removeFilter:function(o,r,e){gform.removeHook(\"filter\",o,r,e)},addHook:function(o,r,e,t,n){null==gform.hooks[o][r]&&(gform.hooks[o][r]=[]);var d=gform.hooks[o][r];null==n&&(n=r+\"_\"+d.length),gform.hooks[o][r].push({tag:n,callable:e,priority:t=null==t?10:t})},doHook:function(r,o,e){var t;if(e=Array.prototype.slice.call(e,1),null!=gform.hooks[r][o]&&((o=gform.hooks[r][o]).sort(function(o,r){return o.priority-r.priority}),o.forEach(function(o){\"function\"!=typeof(t=o.callable)&&(t=window[t]),\"action\"==r?t.apply(null,e):e[0]=t.apply(null,e)})),\"filter\"==r)return e[0]},removeHook:function(o,r,t,n){var e;null!=gform.hooks[o][r]&&(e=(e=gform.hooks[o][r]).filter(function(o,r,e){return!!(null!=n&&n!=o.tag||null!=t&&t!=o.priority)}),gform.hooks[o][r]=e)}});\n<\/script>\n\n                <div class='gf_browser_gecko gform_wrapper gform-theme gform-theme--foundation gform-theme--framework gform-theme--orbital waitlist_wrapper' data-form-theme='orbital' data-form-index='0' id='gform_wrapper_2' ><style>#gform_wrapper_2[data-form-index=\"0\"].gform-theme,[data-parent-form=\"2_0\"]{--gf-color-primary: #204ce5;--gf-color-primary-rgb: 32, 76, 229;--gf-color-primary-contrast: #fff;--gf-color-primary-contrast-rgb: 255, 255, 255;--gf-color-primary-darker: #001AB3;--gf-color-primary-lighter: #527EFF;--gf-color-secondary: #fff;--gf-color-secondary-rgb: 255, 255, 255;--gf-color-secondary-contrast: #112337;--gf-color-secondary-contrast-rgb: 17, 35, 55;--gf-color-secondary-darker: #F5F5F5;--gf-color-secondary-lighter: #FFFFFF;--gf-color-out-ctrl-light: rgba(17, 35, 55, 0.1);--gf-color-out-ctrl-light-rgb: 17, 35, 55;--gf-color-out-ctrl-light-darker: rgba(104, 110, 119, 0.35);--gf-color-out-ctrl-light-lighter: #F5F5F5;--gf-color-out-ctrl-dark: #585e6a;--gf-color-out-ctrl-dark-rgb: 88, 94, 106;--gf-color-out-ctrl-dark-darker: #112337;--gf-color-out-ctrl-dark-lighter: rgba(17, 35, 55, 0.65);--gf-color-in-ctrl: #fff;--gf-color-in-ctrl-rgb: 255, 255, 255;--gf-color-in-ctrl-contrast: #112337;--gf-color-in-ctrl-contrast-rgb: 17, 35, 55;--gf-color-in-ctrl-darker: #F5F5F5;--gf-color-in-ctrl-lighter: #FFFFFF;--gf-color-in-ctrl-primary: #204ce5;--gf-color-in-ctrl-primary-rgb: 32, 76, 229;--gf-color-in-ctrl-primary-contrast: #fff;--gf-color-in-ctrl-primary-contrast-rgb: 255, 255, 255;--gf-color-in-ctrl-primary-darker: #001AB3;--gf-color-in-ctrl-primary-lighter: #527EFF;--gf-color-in-ctrl-light: rgba(17, 35, 55, 0.1);--gf-color-in-ctrl-light-rgb: 17, 35, 55;--gf-color-in-ctrl-light-darker: rgba(104, 110, 119, 0.35);--gf-color-in-ctrl-light-lighter: #F5F5F5;--gf-color-in-ctrl-dark: #585e6a;--gf-color-in-ctrl-dark-rgb: 88, 94, 106;--gf-color-in-ctrl-dark-darker: #112337;--gf-color-in-ctrl-dark-lighter: rgba(17, 35, 55, 0.65);--gf-radius: 3px;--gf-font-size-secondary: 14px;--gf-font-size-tertiary: 13px;--gf-icon-ctrl-number: url(\"data:image\/svg+xml,%3Csvg width='8' height='14' viewBox='0 0 8 14' fill='none' xmlns='http:\/\/www.w3.org\/2000\/svg'%3E%3Cpath fill-rule='evenodd' clip-rule='evenodd' d='M4 0C4.26522 5.96046e-08 4.51957 0.105357 4.70711 0.292893L7.70711 3.29289C8.09763 3.68342 8.09763 4.31658 7.70711 4.70711C7.31658 5.09763 6.68342 5.09763 6.29289 4.70711L4 2.41421L1.70711 4.70711C1.31658 5.09763 0.683417 5.09763 0.292893 4.70711C-0.0976311 4.31658 -0.097631 3.68342 0.292893 3.29289L3.29289 0.292893C3.48043 0.105357 3.73478 0 4 0ZM0.292893 9.29289C0.683417 8.90237 1.31658 8.90237 1.70711 9.29289L4 11.5858L6.29289 9.29289C6.68342 8.90237 7.31658 8.90237 7.70711 9.29289C8.09763 9.68342 8.09763 10.3166 7.70711 10.7071L4.70711 13.7071C4.31658 14.0976 3.68342 14.0976 3.29289 13.7071L0.292893 10.7071C-0.0976311 10.3166 -0.0976311 9.68342 0.292893 9.29289Z' fill='rgba(17, 35, 55, 0.65)'\/%3E%3C\/svg%3E\");--gf-icon-ctrl-select: url(\"data:image\/svg+xml,%3Csvg width='10' height='6' viewBox='0 0 10 6' fill='none' xmlns='http:\/\/www.w3.org\/2000\/svg'%3E%3Cpath fill-rule='evenodd' clip-rule='evenodd' d='M0.292893 0.292893C0.683417 -0.097631 1.31658 -0.097631 1.70711 0.292893L5 3.58579L8.29289 0.292893C8.68342 -0.0976311 9.31658 -0.0976311 9.70711 0.292893C10.0976 0.683417 10.0976 1.31658 9.70711 1.70711L5.70711 5.70711C5.31658 6.09763 4.68342 6.09763 4.29289 5.70711L0.292893 1.70711C-0.0976311 1.31658 -0.0976311 0.683418 0.292893 0.292893Z' fill='rgba(17, 35, 55, 0.65)'\/%3E%3C\/svg%3E\");--gf-icon-ctrl-search: url(\"data:image\/svg+xml,%3Csvg width='640' height='640' xmlns='http:\/\/www.w3.org\/2000\/svg'%3E%3Cpath d='M256 128c-70.692 0-128 57.308-128 128 0 70.691 57.308 128 128 128 70.691 0 128-57.309 128-128 0-70.692-57.309-128-128-128zM64 256c0-106.039 85.961-192 192-192s192 85.961 192 192c0 41.466-13.146 79.863-35.498 111.248l154.125 154.125c12.496 12.496 12.496 32.758 0 45.254s-32.758 12.496-45.254 0L367.248 412.502C335.862 434.854 297.467 448 256 448c-106.039 0-192-85.962-192-192z' fill='rgba(17, 35, 55, 0.65)'\/%3E%3C\/svg%3E\");--gf-label-space-y-secondary: var(--gf-label-space-y-md-secondary);--gf-ctrl-border-color: #686e77;--gf-ctrl-size: var(--gf-ctrl-size-md);--gf-ctrl-label-color-primary: #112337;--gf-ctrl-label-color-secondary: #112337;--gf-ctrl-choice-size: var(--gf-ctrl-choice-size-md);--gf-ctrl-checkbox-check-size: var(--gf-ctrl-checkbox-check-size-md);--gf-ctrl-radio-check-size: var(--gf-ctrl-radio-check-size-md);--gf-ctrl-btn-font-size: var(--gf-ctrl-btn-font-size-md);--gf-ctrl-btn-padding-x: var(--gf-ctrl-btn-padding-x-md);--gf-ctrl-btn-size: var(--gf-ctrl-btn-size-md);--gf-ctrl-btn-border-color-secondary: #686e77;--gf-ctrl-file-btn-bg-color-hover: #EBEBEB;--gf-field-img-choice-size: var(--gf-field-img-choice-size-md);--gf-field-img-choice-card-space: var(--gf-field-img-choice-card-space-md);--gf-field-img-choice-check-ind-size: var(--gf-field-img-choice-check-ind-size-md);--gf-field-img-choice-check-ind-icon-size: var(--gf-field-img-choice-check-ind-icon-size-md);--gf-field-pg-steps-number-color: rgba(17, 35, 55, 0.8);}<\/style>\n                        <div class='gform_heading'>\n                            <p class='gform_description'><\/p>\n                        <\/div><form method='post' enctype='multipart\/form-data'  id='gform_2' class='waitlist' action='\/sv\/wp-json\/wp\/v2\/posts\/1214' data-formid='2' novalidate>\n                        <div class='gform-body gform_body'><div id='gform_fields_2' class='gform_fields top_label form_sublabel_below description_below validation_below'><div id=\"field_2_1\" class=\"gfield gfield--type-email gfield--input-type-email gfield_contains_required field_sublabel_below gfield--no-description field_description_below hidden_label field_validation_below gfield_visibility_visible\"  ><label class='gfield_label gform-field-label' for='input_2_1'>E-mail<span class=\"gfield_required\"><span class=\"gfield_required gfield_required_text\">(Obligatoriskt)<\/span><\/span><\/label><div class='ginput_container ginput_container_email'>\n                            <input name='input_1' id='input_2_1' type='email' value='' class='large'    aria-required=\"true\" aria-invalid=\"false\"  \/>\n                        <\/div><\/div><fieldset id=\"field_2_3\" class=\"gfield gfield--type-consent gfield--type-choice gfield--input-type-consent gfield--width-full gfield_contains_required field_sublabel_below gfield--no-description field_description_below hidden_label field_validation_below gfield_visibility_visible\"  ><legend class='gfield_label gform-field-label gfield_label_before_complex' >RGPD<span class=\"gfield_required\"><span class=\"gfield_required gfield_required_text\">(Obligatoriskt)<\/span><\/span><\/legend><div class='ginput_container ginput_container_consent'><input name='input_3.1' id='input_2_3_1' type='checkbox' value='1'   aria-required=\"true\" aria-invalid=\"false\"   \/> <label class=\"gform-field-label gform-field-label--type-inline gfield_consent_label\" for='input_2_3_1' >Ja, jag vill prenumerera p\u00e5 det m\u00e5natliga nyhetsbrevet<span class=\"gfield_required gfield_required_text\">(Obligatoriskt)<\/span><\/label><input type='hidden' name='input_3.2' value='Ja, jag vill prenumerera p\u00e5 det m\u00e5natliga nyhetsbrevet' class='gform_hidden' \/><input type='hidden' name='input_3.3' value='1' class='gform_hidden' \/><\/div><\/fieldset><div id=\"field_2_4\" class=\"gfield gfield--type-website gfield--input-type-website gfield--width-full field_sublabel_below gfield--no-description field_description_below field_validation_below gfield_visibility_hidden\"  ><div class=\"admin-hidden-markup\"><i class=\"gform-icon gform-icon--hidden\" aria-hidden=\"true\" title=\"Detta f\u00e4lt \u00e4r dolt n\u00e4r formul\u00e4ret visas\"><\/i><span>Detta f\u00e4lt \u00e4r dolt n\u00e4r formul\u00e4ret visas<\/span><\/div><label class='gfield_label gform-field-label' for='input_2_4'>Site Web<\/label><div class='ginput_container ginput_container_website'>\n                    <input name='input_4' id='input_2_4' type='url' value='https:\/\/andalucialovers.com\/sv\/wp-json\/wp\/v2\/posts\/1214' class='large'    placeholder='https:\/\/'  aria-invalid=\"false\" \/>\n                <\/div><\/div><\/div><\/div>\n        <div class='gform-footer gform_footer top_label'> <input type='submit' id='gform_submit_button_2' class='gform_button button' onclick='gform.submission.handleButtonClick(this);' data-submission-type='submit' value='Prenumerera'  \/> \n            <input type='hidden' class='gform_hidden' name='gform_submission_method' data-js='gform_submission_method_2' value='postback' \/>\n            <input type='hidden' class='gform_hidden' name='gform_theme' data-js='gform_theme_2' id='gform_theme_2' value='orbital' \/>\n            <input type='hidden' class='gform_hidden' name='gform_style_settings' data-js='gform_style_settings_2' id='gform_style_settings_2' value='{&quot;inputPrimaryColor&quot;:&quot;#204ce5&quot;}' \/>\n            <input type='hidden' class='gform_hidden' name='is_submit_2' value='1' \/>\n            <input type='hidden' class='gform_hidden' name='gform_submit' value='2' \/>\n            \n            <input type='hidden' class='gform_hidden' name='gform_currency' data-currency='EUR' value='eLuip8jKptGz83Q4JZIDOW2CYfZ8AkmvaVt1yhf4kDFVa8pfHTPUj9qxsRK\/gB1FJCCa0hAB3OtbtuMT5cXCOJUygEa4LsXOeTXgHdgGlcLag+M=' \/>\n            <input type='hidden' class='gform_hidden' name='gform_unique_id' value='' \/>\n            <input type='hidden' class='gform_hidden' name='state_2' value='WyJ7XCIzLjFcIjpcImFiMWYyZTEyMGRiNDNhMTEzMGI1YWIyYTNiZGQ5Mjg5XCIsXCIzLjJcIjpcImFlNWU3YWFjYjMyZWMzMWQ4YzU2MjA0NTk0M2NhZmE4XCIsXCIzLjNcIjpcImFiMWYyZTEyMGRiNDNhMTEzMGI1YWIyYTNiZGQ5Mjg5XCJ9IiwiYjg2NDg4ZWJkOTRiNmQ1ZGM4Y2FlNzlhOWNkZmJlYzEiXQ==' \/>\n            <input type='hidden' autocomplete='off' class='gform_hidden' name='gform_target_page_number_2' id='gform_target_page_number_2' value='0' \/>\n            <input type='hidden' autocomplete='off' class='gform_hidden' name='gform_source_page_number_2' id='gform_source_page_number_2' value='1' \/>\n            <input type='hidden' name='gform_field_values' value='' \/>\n            \n        <\/div>\n                        <\/form>\n                        <\/div><script>\ngform.initializeOnLoaded( function() {gformInitSpinner( 2, 'https:\/\/andalucialovers.com\/wp-content\/plugins\/gravityforms\/images\/spinner.svg', false );jQuery('#gform_ajax_frame_2').on('load',function(){var contents = jQuery(this).contents().find('*').html();var is_postback = contents.indexOf('GF_AJAX_POSTBACK') >= 0;if(!is_postback){return;}var form_content = jQuery(this).contents().find('#gform_wrapper_2');var is_confirmation = jQuery(this).contents().find('#gform_confirmation_wrapper_2').length > 0;var is_redirect = contents.indexOf('gformRedirect(){') >= 0;var is_form = form_content.length > 0 && ! is_redirect && ! is_confirmation;var mt = parseInt(jQuery('html').css('margin-top'), 10) + parseInt(jQuery('body').css('margin-top'), 10) + 100;if(is_form){jQuery('#gform_wrapper_2').html(form_content.html());if(form_content.hasClass('gform_validation_error')){jQuery('#gform_wrapper_2').addClass('gform_validation_error');} else {jQuery('#gform_wrapper_2').removeClass('gform_validation_error');}setTimeout( function() { \/* delay the scroll by 50 milliseconds to fix a bug in chrome *\/  }, 50 );if(window['gformInitDatepicker']) {gformInitDatepicker();}if(window['gformInitPriceFields']) {gformInitPriceFields();}var current_page = jQuery('#gform_source_page_number_2').val();gformInitSpinner( 2, 'https:\/\/andalucialovers.com\/wp-content\/plugins\/gravityforms\/images\/spinner.svg', false );jQuery(document).trigger('gform_page_loaded', [2, current_page]);window['gf_submitting_2'] = false;}else if(!is_redirect){var confirmation_content = jQuery(this).contents().find('.GF_AJAX_POSTBACK').html();if(!confirmation_content){confirmation_content = contents;}jQuery('#gform_wrapper_2').replaceWith(confirmation_content);jQuery(document).trigger('gform_confirmation_loaded', [2]);window['gf_submitting_2'] = false;wp.a11y.speak(jQuery('#gform_confirmation_message_2').text());}else{jQuery('#gform_2').append(contents);if(window['gformRedirect']) {gformRedirect();}}jQuery(document).trigger(\"gform_pre_post_render\", [{ formId: \"2\", currentPage: \"current_page\", abort: function() { this.preventDefault(); } }]);        if (event && event.defaultPrevented) {                return;        }        const gformWrapperDiv = document.getElementById( \"gform_wrapper_2\" );        if ( gformWrapperDiv ) {            const visibilitySpan = document.createElement( \"span\" );            visibilitySpan.id = \"gform_visibility_test_2\";            gformWrapperDiv.insertAdjacentElement( \"afterend\", visibilitySpan );        }        const visibilityTestDiv = document.getElementById( \"gform_visibility_test_2\" );        let postRenderFired = false;        function triggerPostRender() {            if ( postRenderFired ) {                return;            }            postRenderFired = true;            gform.core.triggerPostRenderEvents( 2, current_page );            if ( visibilityTestDiv ) {                visibilityTestDiv.parentNode.removeChild( visibilityTestDiv );            }        }        function debounce( func, wait, immediate ) {            var timeout;            return function() {                var context = this, args = arguments;                var later = function() {                    timeout = null;                    if ( !immediate ) func.apply( context, args );                };                var callNow = immediate && !timeout;                clearTimeout( timeout );                timeout = setTimeout( later, wait );                if ( callNow ) func.apply( context, args );            };        }        const debouncedTriggerPostRender = debounce( function() {            triggerPostRender();        }, 200 );        if ( visibilityTestDiv && visibilityTestDiv.offsetParent === null ) {            const observer = new MutationObserver( ( mutations ) => {                mutations.forEach( ( mutation ) => {                    if ( mutation.type === 'attributes' && visibilityTestDiv.offsetParent !== null ) {                        debouncedTriggerPostRender();                        observer.disconnect();                    }                });            });            observer.observe( document.body, {                attributes: true,                childList: false,                subtree: true,                attributeFilter: [ 'style', 'class' ],            });        } else {            triggerPostRender();        }    } );} );\n<\/script>\n<\/div>\n\n\n\n<div class=\"wp-block-column is-layout-flow wp-block-column-is-layout-flow\" style=\"flex-basis:42%\">\n<div class=\"wp-block-genesis-blocks-gb-container aligncenter newsletter-radius gb-block-container\"><div class=\"gb-container-inside\"><div class=\"gb-container-content\"><div class=\"wp-block-image newsletter-image\">\n<figure class=\"aligncenter size-full\"><img width=\"729\" height=\"792\" loading=\"lazy\" decoding=\"async\" src=\"https:\/\/andalucialovers.com\/wp-content\/uploads\/2024\/05\/newsletter_FR_2.webp\" alt=\"nyhetsbrev_EN_2\" class=\"wp-image-372\" srcset=\"https:\/\/andalucialovers.com\/wp-content\/uploads\/2024\/05\/newsletter_FR_2.webp 729w, https:\/\/andalucialovers.com\/wp-content\/uploads\/2024\/05\/newsletter_FR_2-276x300.webp 276w\" sizes=\"auto, (max-width: 729px) 100vw, 729px\" \/><\/figure>\n<\/div><\/div><\/div><\/div>\n<\/div>\n<\/div>\n<\/div><\/div><\/div>\n\n<h2 class=\"wp-block-heading\">8. Utforska andra museers samlingar<\/h2>\n\n<figure class=\"wp-block-image size-large\"><img loading=\"lazy\" decoding=\"async\" src=\"https:\/\/photos.smugmug.com\/Andalucia-Lovers\/Ronda\/Casa-Museo-Don-Bosco\/i-Mzj3Rwm\/0\/Dvt9hZ8b4KtcpHjfjnqMpd4xhKb2VjSFqptcHQwJ2\/L\/museum-casa-don-bosco-ronda-02-L.jpg\" alt=\"&#xD6;versikt &#xF6;ver Casa Don Bosco-museet i staden Ronda\"\/><\/figure>\n\n<h3 class=\"wp-block-heading\">Varf\u00f6r bes\u00f6ka?<\/h3>\n\n<p>Du kommer att bli \u00f6verraskad av m\u00e5ngfalden av museer i Ronda, som \u00e4r hem f\u00f6r inte mindre \u00e4n 10 museer, som alla erbjuder en annan vinkel p\u00e5 regionens historia och kultur.<br\/>Som \u00e4lskare av historia och vackra tr\u00e4dg\u00e5rdar valde vi <a href=\"https:\/\/andalucialovers.com\/sv\/besok-museum-casa-don-bosco-ronda\/\" target=\"_blank\" rel=\"noreferrer noopener\"><strong>Casa Don Bosco<\/strong> <\/a>med sin rikt dekorerade interi\u00f6r och <strong>\n  <a href=\"https:\/\/andalucialovers.com\/sv\/besok-casa-del-rey-moro-ronda\/\" target=\"_blank\" rel=\"noreferrer noopener\">Casa del Rey Moro <\/a>\n<\/strong>och dess ber\u00f6mda vattengruvor. M\u00e5lningsintresserade kommer att \u00e4lska samlingarna p\u00e5 <strong>Museo Joaqu\u00edn Peinado<\/strong>.<br\/>Slutligen, f\u00f6r ett annorlunda bes\u00f6k, g\u00e5 till <strong>Museo Lara<\/strong>, som erbjuder en resa genom tiden med sin samling av 2.000 f\u00f6rem\u00e5l, sin tortyrkammare och sin rekonstruerade andalusiska taverna.<\/p>\n\n<figure class=\"wp-block-image size-large\"><img loading=\"lazy\" decoding=\"async\" src=\"https:\/\/photos.smugmug.com\/Andalucia-Lovers\/Ronda\/Best-of\/i-qgCqWtN\/0\/S4xZjzdqNW2JJfWjDqhPCD4928ZggN4G9dxrswGd\/L\/visit-ronda-city-5-L.jpg\" alt=\"&#xD6;versikt &#xF6;ver museet Palacio de Mondragon i staden Ronda\"\/><\/figure>\n\n<h3 class=\"wp-block-heading\">Praktiska r\u00e5d<\/h3>\n\n<ul class=\"wp-block-list\">\n<li><strong>Tillg\u00e4nglighet: <\/strong>Alla museer ligger i stadens centrum, s\u00e5 du kan bes\u00f6ka dem alla samma dag, till fots, som du vill.<\/li>\n\n\n\n<li>L\u00e4ngd p\u00e5 <strong>bes\u00f6ket<\/strong>: Mellan 30 minuter och 1 timme per museum, beroende p\u00e5 ditt intresse f\u00f6r de utst\u00e4llda samlingarna.<\/li>\n\n\n\n<li><strong>Sv\u00e5righeter:<\/strong> inga s\u00e4rskilda sv\u00e5righeter f\u00f6rutom Casa del Rey Moro<\/li>\n\n\n\n<li>Tider <strong>och<\/strong> priser: Tiderna varierar fr\u00e5n plats till plats och priserna ligger mellan 2,50 \u20ac och 10 \u20ac, beroende p\u00e5 reducerad taxa.<\/li>\n\n\n\n<li>Mer information om de olika museerna finns p\u00e5 Rondas turistbyr\u00e5s webbplats <a href=\"https:\/\/www.turismoderonda.es\/fr\" target=\"_blank\" rel=\"noreferrer noopener nofollow\">h\u00e4r<\/a><\/li>\n<\/ul>\n\n<h2 class=\"wp-block-heading\">9. Den b\u00e4sta utsikten \u00f6ver Ronda fr\u00e5n Mirador La Hoya del Tajo<\/h2>\n\n<figure class=\"wp-block-image size-large\"><img loading=\"lazy\" decoding=\"async\" src=\"https:\/\/photos.smugmug.com\/Travel\/Andalucia\/14e-Ronda-bridge\/i-Cnff5bc\/2\/L9KzH7KQb3qtQgvspcncRSWFCZwkpLpdGzZ2ZfkW\/L\/hike_bridge_Ronda_Andalucia_Spain-2406-L.jpg\" alt=\"&#xD6;versikt &#xF6;ver bron i staden Ronda\"\/><\/figure>\n\n<h3 class=\"wp-block-heading\">Varf\u00f6r bes\u00f6ka?<\/h3>\n\n<p>Denna utsiktsplats ligger bara 10 minuter fr\u00e5n stadens centrum och \u00e4r en av de b\u00e4sta utsiktsplatserna f\u00f6r att beundra Ronda fr\u00e5n l\u00e5ngt h\u00e5ll och se Puente Nuevo, ett arkitektoniskt m\u00e4sterverk, fr\u00e5n alla vinklar. Du kan k\u00f6ra ner till utsiktsplatsen (utan vattenfallet) och g\u00e5 tillbaka uppf\u00f6r stigen, eller v\u00e4lja att g\u00e5 ner fr\u00e5n stadens centrum, vid Puerta de Los Molinos. Vi rekommenderar att du bes\u00f6ker oss tidigt p\u00e5 morgonen eller sent p\u00e5 eftermiddagen, d\u00e5 ljuset \u00e4r mjukare och framh\u00e4ver klippornas ockraf\u00e4rger.<\/p>\n\n<figure class=\"wp-block-image size-large\"><img loading=\"lazy\" decoding=\"async\" src=\"https:\/\/photos.smugmug.com\/Travel\/Andalucia\/14e-Ronda-bridge\/i-57JBpS6\/2\/2hqMnNMPJmxbfhKgzbC83QpB3FsVpLxg6vPpSPcR\/L\/road_bridge_Ronda_Andalucia_Spain-8254-L.jpg\" alt=\"&#xD6;versikt &#xF6;ver bron i staden Ronda\"\/><\/figure>\n\n<h3 class=\"wp-block-heading\">Praktiska r\u00e5d<\/h3>\n\n<ul class=\"wp-block-list\">\n<li><strong>Tillg\u00e4nglighet: <\/strong>24 timmar om dygnet, 10 minuter med bil fr\u00e5n stadens centrum<\/li>\n\n\n\n<li><strong>Bes\u00f6ksl\u00e4ngd:<\/strong> 1? timmar tur och retur till fots<\/li>\n\n\n\n<li><strong>Sv\u00e5righeter:<\/strong> M\u00e5nga trappor, sluttningar och hala ytor p\u00e5 vissa st\u00e4llen. Ta med bekv\u00e4ma skor!<\/li>\n\n\n\n<li><strong>Pris<\/strong>: Gratis<\/li>\n\n\n\n<li><strong>\u00d6ppettider: <\/strong>24\/24<\/li>\n\n\n\n<li><strong>Parkering<\/strong>: p\u00e5 plats<\/li>\n\n\n\n<li><strong>Catering<\/strong>: Nej. Se till att du tar med dig mycket vatten och en hatt f\u00f6r din kl\u00e4ttring!<\/li>\n<\/ul>\n\n<h2 class=\"wp-block-heading\">10. Smaka p\u00e5 den andalusiska konsten att leva<\/h2>\n\n<figure class=\"wp-block-image size-large\"><img loading=\"lazy\" decoding=\"async\" src=\"https:\/\/photos.smugmug.com\/Andalucia-Lovers\/Ronda\/Best-of\/i-ZCwvdgQ\/0\/FHtWB8qwHgG85nnGzfKLc8dVzxmWhzDpVxjc9HSVH\/L\/restaurant-ronda-city-2-L.jpg\" alt=\"&#xD6;versikt &#xF6;ver en restaurang i staden Ronda\"\/><\/figure>\n\n<h3 class=\"wp-block-heading\">Varf\u00f6r bes\u00f6ka?<\/h3>\n\n<p>Ronda \u00e4r den perfekta staden f\u00f6r livsnjutare! Precis som i resten av Andalusien \u00e4r k\u00f6ket inriktat p\u00e5 lokala r\u00e5varor och det finns ett stort utbud av tapas som avnjuts p\u00e5 traditionella tapasbarer. Staden \u00e4r stolt \u00f6ver sitt rykte som ett vinodlingsomr\u00e5de. F\u00f6rutom det varierade urvalet av nektar p\u00e5 restaurangmenyn finns det m\u00e5nga provsmakningar i de omgivande ving\u00e5rdarna. <strong>Rondas vinmuseum<\/strong> erbjuder ocks\u00e5 en inblick i vinets historia och kultur genom sina tolv temarum. Den b\u00e4sta delen av bes\u00f6ket \u00e4r utan tvekan provsmakningen av n\u00e5gra glas lokalt vin (mer info<a href=\"https:\/\/tandalvinosronda.com\/experiencias\/\" target=\"_blank\" rel=\"noreferrer noopener nofollow\"> h\u00e4r<\/a>).<\/p>\n\n<figure class=\"wp-block-image size-large\"><img loading=\"lazy\" decoding=\"async\" src=\"https:\/\/photos.smugmug.com\/Andalucia-Lovers\/Ronda\/Best-of\/i-68wzFhs\/0\/Rqp6s8GB96WxjcMbG4w7TNwtFb5QczkrRjRFJnLg\/L\/wine-museum-ronda-spain-L.jpg\" alt=\"&#xD6;versikt &#xF6;ver vinmuseet i staden Ronda\"\/><figcaption class=\"wp-element-caption\">En glimt av vinmuseets taverna i Ronda<\/figcaption><\/figure>\n\n<h3 class=\"wp-block-heading\">Praktiska r\u00e5d<\/h3>\n\n<p>F\u00f6r de b\u00e4sta adresserna, l\u00e4s v\u00e5r dedikerade artikel mycket snart, och under tiden kan du kolla in v\u00e5r lista med epikureiska rekommendationer:<\/p>\n\n<ul class=\"wp-block-list\">\n<li>F\u00f6r en sp\u00e4nnande guidad tur: <a href=\"https:\/\/www.getyourguide.se\/ronda-espagne-l838\/visite-des-vignobles-de-ronda-depuis-seville-t408022\/?partner_id=R3GYW4V&amp;cmp=andalucia\" target=\"_blank\" rel=\"noreferrer noopener sponsored nofollow\">se priser och tillg\u00e4nglighet<\/a>.<\/li>\n\n\n\n<li>F\u00f6r gourmetresor som avg\u00e5r fr\u00e5n Malaga: <a href=\"https:\/\/www.getyourguide.se\/malaga-l402\/depuis-malaga-ronda-et-experience-viticole-avec-degustation-de-vin-t664416\/?partner_id=R3GYW4V&amp;cmp=andalucia\" target=\"_blank\" rel=\"noreferrer noopener sponsored nofollow\">se priser och tillg\u00e4nglighet<\/a><\/li>\n\n\n\n<li>F\u00f6r en informativ rundtur i den fascinerande v\u00e4rlden av olivoljeproduktion p\u00e5 en milj\u00f6v\u00e4nlig g\u00e5rd: <a href=\"https:\/\/www.getyourguide.se\/la-organic-l167142\/ronda-visite-de-l-huile-d-olive-biologique-avec-degustation-t408226\/?partner_id=R3GYW4V&amp;cmp=andalucia\" target=\"_blank\" rel=\"noreferrer noopener sponsored nofollow\">se priser och tillg\u00e4nglighet<\/a>.<\/li>\n<\/ul>\n\n<div style=\"margin-top:8%;margin-bottom:8%\" class=\"wp-block-genesis-blocks-gb-container box gb-block-container\"><div class=\"gb-container-inside\"><div class=\"gb-container-content\" style=\"max-width:700px\">\n<div class=\"wp-block-genesis-blocks-gb-container box_titre gb-block-container\"><div class=\"gb-container-inside\"><div class=\"gb-container-content\">\n<h5 class=\"titre_box\" style=\"padding-top:10px; margin-bottom:0px;\"><span>BES\u00d6K <\/span> <span class=\"titre_box_manuscrit\">Ronda<\/span><\/h5>\n<\/div><\/div><\/div>\n\n\n\n<div class=\"wp-block-genesis-blocks-gb-container box_texte_0 gb-block-container\"><div class=\"gb-container-inside\"><div class=\"gb-container-content\">\n<div class=\"wp-block-columns Element_box is-layout-flex wp-container-core-columns-is-layout-9d6595d7 wp-block-columns-is-layout-flex\">\n<div class=\"wp-block-column texte_planif is-layout-flow wp-block-column-is-layout-flow\">\n<ul class=\"wp-block-list\">\n<li style=\"font-size:14px\"><a href=\"https:\/\/andalucialovers.com\/sv\/sevardheter-ronda-att-gora\/\" target=\"_blank\" rel=\"noreferrer noopener\">Sev\u00e4rdheter i Ronda<\/a><\/li>\n\n\n\n<li style=\"font-size:14px\"><a href=\"https:\/\/andalucialovers.com\/sv\/var-kan-bo-ronda-basta-hotellen-stadsdelarna\/\" target=\"_blank\" rel=\"noreferrer noopener\">B\u00e4sta hotellen i Ronda<\/a><\/li>\n\n\n\n<li style=\"font-size:14px\"><a href=\"https:\/\/andalucialovers.com\/sv\/basta-restaurang-ronda-ata-omdomen\/\" target=\"_blank\" rel=\"noreferrer noopener\">B\u00e4sta restaurangerna<\/a><\/li>\n\n\n\n<li style=\"font-size:14px\"><a href=\"https:\/\/andalucialovers.com\/sv\/hur-man-tar-sig-till-ronda\/\" data-type=\"post\" data-id=\"2143\" target=\"_blank\" rel=\"noreferrer noopener\">Hur man tar sig till Ronda<\/a><\/li>\n\n\n\n<li style=\"font-size:14px\"><a href=\"https:\/\/andalucialovers.com\/sv\/basta-byarna-nara-ronda\/\" target=\"_blank\" rel=\"noreferrer noopener\">De vackraste byarna runt Ronda<\/a><\/li>\n\n\n\n<li style=\"font-size:14px\">Resplaner: <a href=\"https:\/\/andalucialovers.com\/sv\/besok-1-dag-ronda-resvagar\/\" target=\"_blank\" rel=\"noreferrer noopener\">1 dag<\/a> &#8211; <a href=\"https:\/\/andalucialovers.com\/sv\/besok-ronda-2-dagar-resvagar-weekend\/\" target=\"_blank\" rel=\"noreferrer noopener\">2 dagar<\/a><\/li>\n<\/ul>\n<\/div>\n<\/div>\n<\/div><\/div><\/div>\n\n\n\n<div class=\"wp-block-genesis-blocks-gb-container box-texte gb-block-container\"><div class=\"gb-container-inside\"><div class=\"gb-container-content\"><\/div><\/div><\/div>\n<\/div><\/div><\/div>\n\n<h2 class=\"wp-block-heading\">Sev\u00e4rdheter i Ronda: andra id\u00e9er<\/h2>\n\n<h3 class=\"wp-block-heading\">Utforska resten av Gamla stan  <\/h3>\n\n<p>Den muslimska ockupationen av Ronda fr\u00e5n 8:e till 15:e \u00e5rhundradet l\u00e4mnade ett fascinerande arkitektoniskt arv. <strong>Porte de Almocabar<\/strong>, i den s\u00f6dra delen av medinan, \u00e4r en s\u00e4rskilt imponerande syn. Den var tidigare inh\u00e4gnad av en kyrkog\u00e5rd i utkanten av staden och var huvuding\u00e5ngen till den \u00f6vre delen av staden. Du kan ocks\u00e5 se <strong>minareten San Sebast\u00edan<\/strong>, den enda kvarlevan av Nasrid-mosk\u00e9n fr\u00e5n 1300-talet.<\/p>\n\n<figure class=\"wp-block-image size-large\"><img loading=\"lazy\" decoding=\"async\" src=\"https:\/\/photos.smugmug.com\/Travel\/Andalucia\/14c-Ronda\/i-vjBmjfW\/2\/GPZCxRwDNKvRqprdwVWVz33rcQpVR3L2hvWLQ8VG\/L\/Ronda_Andalucia_Spain-8236-L.jpg\" alt=\"&#xD6;versikt &#xF6;ver Puerto de Almocabar i staden Ronda\"\/><figcaption class=\"wp-element-caption\">\u00d6versikt \u00f6ver Almocabar-porten<\/figcaption><\/figure>\n\n<h3 class=\"wp-block-heading\">Uppt\u00e4ck v\u00e5rt religi\u00f6sa och arkitektoniska arv<\/h3>\n\n<p>M\u00e5ngfalden av byggnader och arkitektoniska stilar genom \u00e5rhundradena g\u00f6r Ronda till ett intressant resm\u00e5l f\u00f6r historieintresserade. Vi bes\u00f6kte n\u00e5gra anm\u00e4rkningsv\u00e4rda kyrkor, bland annat<strong>kyrkan Santa Mar\u00eda la Mayor <\/strong>, med sin blandning av stilar, och<strong>kyrkan Nuestra Se\u00f1ora del Socorro<\/strong>, som f\u00e5ngade v\u00e5r uppm\u00e4rksamhet med sin eleganta fasad.<\/p>\n\n<figure class=\"wp-block-image size-large\"><img loading=\"lazy\" decoding=\"async\" src=\"https:\/\/photos.smugmug.com\/Travel\/Andalucia\/14c-Ronda\/i-Vtj4Gfz\/2\/FNVSvZvgSghJRQfn7Jbwm5Xvg4jLPHrrTvJqbnNrS\/L\/Ronda_Andalucia_Spain-8225-L.jpg\" alt=\"&#xD6;versikt &#xF6;ver en kyrka i staden Ronda\"\/><figcaption class=\"wp-element-caption\">\u00d6versikt \u00f6ver kyrkan Santa <strong>Mar\u00eda la Mayor<\/strong><\/figcaption><\/figure>\n\n<p><br\/>F\u00f6rutom sitt religi\u00f6sa arv \u00e4r staden hem f\u00f6r palats som till exempel <strong>\n  <a href=\"https:\/\/andalucialovers.com\/sv\/besok-museum-palacio-de-mondragon-ronda\/\" target=\"_blank\" rel=\"noreferrer noopener\">Palacio de Mondrag\u00f3n<\/a>\n<\/strong> och dess sublima Mud\u00e9jar-g\u00e5rd, eller <strong>Palacio de Salvatierra<\/strong> fr\u00e5n 1700-talet, som inte \u00e4r \u00f6ppet f\u00f6r bes\u00f6kare men vars magnifika portal kan ses fr\u00e5n utsidan. Slutligen, f\u00f6r ett lugnt bes\u00f6k, rekommenderar vi <strong>Casa del Gigante<\/strong>, ett slags miniatyrpalats som \u00e4r en perfekt illustration av Nasrid-arkitekturen.<\/p>\n\n<figure class=\"wp-block-image size-large\"><img loading=\"lazy\" decoding=\"async\" src=\"https:\/\/photos.smugmug.com\/Andalucia-Lovers\/Ronda\/Best-of\/i-PNzdNZX\/0\/CdJRRQT3PXSdx3GbR5z6pWxHJQ7D3nmfzHxSjK8w8\/L\/visit-ronda-city-9-L.jpg\" alt=\"&#xD6;versikt &#xF6;ver museet Casa Gigante i staden Ronda\"\/><figcaption class=\"wp-element-caption\">Utsikt \u00f6ver uteplatsen p\u00e5 Casa Gigante i Ronda<\/figcaption><\/figure>\n\n<h3 class=\"wp-block-heading\">Uppt\u00e4ck utomhusaktiviteter<\/h3>\n\n<p>N\u00e4r du har utforskat alla hemligheter i staden Ronda kan du forts\u00e4tta din uppt\u00e4ckt genom att bege dig ut p\u00e5 den andalusiska landsbygden, d\u00e4r det finns gott om utomhusaktiviteter att njuta av:<\/p>\n\n<ul class=\"wp-block-list\">\n<li><strong>Ridning<\/strong>: bes\u00f6k ett h\u00e4streservat. <a href=\"https:\/\/www.getyourguide.se\/ronda-espagne-l838\/ronda-reservatauro-ronda-guided-walking-tour-ticket-t410045\/?partner_id=R3GYW4V&amp;cmp=andalucia\" target=\"_blank\" rel=\"noreferrer noopener sponsored nofollow\">Information och tillg\u00e4nglighet<\/a> <\/li>\n\n\n\n<li><strong>Kl\u00e4ttring: <\/strong>prova via ferrata l\u00e4ngs Ronda-klyftan. <a href=\"https:\/\/www.getyourguide.se\/ronda-espagne-l838\/via-ferrata-tajo-de-ronda-avec-transport-depuis-la-costa-del-sol-t594408\/?partner_id=R3GYW4V&amp;cmp=andalucia\" target=\"_blank\" rel=\"noreferrer noopener sponsored nofollow\">Information och tillg\u00e4nglighet<\/a><\/li>\n\n\n\n<li><strong>Canyoning<\/strong>: uppt\u00e4ck Tajo de Ronda p\u00e5 ett helt nytt s\u00e4tt! <a href=\"https:\/\/www.manawa.com\/en-GB\/activity\/spain\/ronda\/canyoning\/tajo-de-ronda-canyon-near-ronda\/7256?_cid=1508\" target=\"_blank\" rel=\"noreferrer noopener sponsored nofollow\">Information och tillg\u00e4nglighet<\/a><\/li>\n<\/ul>\n\n<figure class=\"wp-block-image size-large\"><img loading=\"lazy\" decoding=\"async\" src=\"https:\/\/photos.smugmug.com\/Andalucia-Lovers\/Ronda\/Best-of\/i-2rX9PWx\/0\/CFfCDSNQTbgJfqfJDj4JpqS478KgKXPsbPPB55pdG\/L\/aperc&#x327;u-serrania-de-ronda-L.jpg\" alt=\"&#xD6;versikt &#xF6;ver dalg&#xE5;ngarna runt Ronda\"\/><\/figure>\n\n<h3 class=\"wp-block-heading\">Sev\u00e4rdheter i Ronda med barn<\/h3>\n\n<p>Alla platser i Ronda kan bes\u00f6kas med dina barn. De kommer att \u00e4lska den hisnande utsikten fr\u00e5n Ronda Bridge! N\u00e4r det g\u00e4ller museer kommer<a href=\"https:\/\/andalucialovers.com\/sv\/besok-museum-palacio-de-mondragon-ronda\/\" target=\"_blank\" rel=\"noreferrer noopener\"> Palacio de Mondragon<\/a> och dess f\u00f6rhistoriska rekonstruktioner s\u00e4kert att \u00f6verraska dem, medan Museo Lara f\u00f6r \u00e4ldre barn, med sitt h\u00e4xrum, kommer att skr\u00e4mma dem ordentligt (info<a href=\"https:\/\/museolara.org\/exposicion-brujeria\/\" target=\"_blank\" rel=\"noreferrer noopener nofollow\"> h\u00e4r<\/a>).<br\/>Annars rekommenderar vi att du tar en resa utanf\u00f6r Ronda:<\/p>\n\n<ul class=\"wp-block-list\">\n<li><strong>F\u00f6r att bes\u00f6ka J\u00f9zcar<\/strong>, en helt bl\u00e5 by 30 minuter fr\u00e5n Ronda, mer information <a href=\"https:\/\/www.andalucia.org\/fr\/juzcar\" target=\"_blank\" rel=\"noreferrer noopener nofollow\">h\u00e4r<\/a><\/li>\n\n\n\n<li><strong>F\u00f6r sp\u00e4nning<\/strong>: <a href=\"https:\/\/www.getyourguide.se\/andalucia-l68\/malaga-visita-guiada-al-caminito-del-rey-t426133\/?partner_id=R3GYW4V&amp;cmp=andalucia\" target=\"_blank\" rel=\"noreferrer noopener sponsored nofollow\">uppt\u00e4ck Caminito del Rey<\/a>, 1 timme fr\u00e5n Ronda (+ 8 \u00e5r)<\/li>\n<\/ul>\n\n<figure class=\"wp-block-image size-large\"><img loading=\"lazy\" decoding=\"async\" src=\"https:\/\/photos.smugmug.com\/Andalucia-Lovers\/Ronda\/Mondragon-Palace\/i-jcGDnFt\/0\/SVpZDHHccCJmRVJ7HKBbhtVfkX6Bpn3ccJkR5mzD\/L\/visit-palacio-mondragon-ronda-07-L.jpg\" alt=\"&#xD6;versikt &#xF6;ver museet Palacio de Mondragon i staden Ronda\"\/><figcaption class=\"wp-element-caption\">\u00d6versikt \u00f6ver museet i Palacio de Mondragon<\/figcaption><\/figure>\n\n<h3 class=\"wp-block-heading\">Sev\u00e4rdheter i Ronda n\u00e4r det regnar<\/h3>\n\n<p>Om v\u00e4dret \u00e4r d\u00e5ligt, f\u00e5 inte panik: Rondas museer kommer att h\u00e5lla dig sysselsatt. Vi rekommenderar Joaquin Peinado-museet med sina vackra m\u00e5lningar. Du kan ocks\u00e5 bes\u00f6ka n\u00e5gon av stadens 4 kyrkor.<br\/>Annars finns det inget som g\u00e5r upp mot att bli bortsk\u00e4md n\u00e4r det regnar! Du kan bes\u00f6ka hamam i Ronda och boka en massage (mer info <a href=\"https:\/\/hammamaguasderonda.com\/servicios\" target=\"_blank\" rel=\"noreferrer noopener nofollow\">h\u00e4r<\/a>).<br\/>Alternativt kan du v\u00e4lja skyddade kulturella aktiviteter som en flamencoshow (mer information <a href=\"https:\/\/www.turismoderonda.es\/es\/ronda\/ocio,experiencias_actividades\/cines_teatros_salas_concierto,experiencias_y_actividades_\/ronda_flamenca\" target=\"_blank\" rel=\"noreferrer noopener nofollow\">h\u00e4r<\/a>).<br\/><strong>Eller l\u00e5t dig lockas av en gitarrkonsert:<\/strong> <a href=\"https:\/\/www.getyourguide.se\/ronda-espagne-l838\/ronda-concert-de-guitare-espagnole-t451341\/?partner_id=R3GYW4V&amp;cmp=andalucia\" target=\"_blank\" rel=\"noreferrer noopener sponsored nofollow\">se info och tillg\u00e4nglighet.<\/a><\/p>\n\n<figure class=\"wp-block-image size-large\"><img loading=\"lazy\" decoding=\"async\" src=\"https:\/\/photos.smugmug.com\/Andalucia-Lovers\/Ronda\/Best-of\/i-Q3fGwkK\/0\/DsS5tt54XKTwQppc9tVChM77pg2TQ3HQn33LVwbg9\/L\/museum-joaquin-peinado-ronda-spain-L.jpg\" alt=\"&#xD6;versikt &#xF6;ver museet Joaquin Peinado i staden Ronda\"\/><figcaption class=\"wp-element-caption\">\u00d6versikt \u00f6ver de m\u00e5lningar som visas p\u00e5 Joaquin Peinado-museet<\/figcaption><\/figure>\n\n<h2 class=\"wp-block-heading\">Utflykter runt Ronda<\/h2>\n\n<p>Ronda har ett privilegierat l\u00e4ge i provinsen M\u00e1laga, vilket g\u00f6r det till en idealisk utg\u00e5ngspunkt f\u00f6r att utforska de naturliga och kulturella skatterna i denna region i Andalusien.<\/p>\n\n<h3 class=\"wp-block-heading\">P\u00e5 uppt\u00e4cktsf\u00e4rd i Sevilla<\/h3>\n\n<p>Bara 2 timmar bort med bil eller buss rekommenderar vi att du tar dig tid att bes\u00f6ka den livliga staden Sevilla, Andalusiens huvudstad.<br\/><a href=\"https:\/\/andalucialovers.com\/sv\/sevardheter-sevilla-att-gora\/\" target=\"_blank\" rel=\"noreferrer noopener\">L\u00e5t oss guida dig genom v\u00e5rt urval av aktiviteter som kombinerar arv, kultur och det goda livet.<\/a><\/p>\n\n<figure class=\"wp-block-image size-large\"><img loading=\"lazy\" decoding=\"async\" src=\"https:\/\/photos.smugmug.com\/Andalucia-Lovers\/Sevilla\/Plaza-de-Espana\/i-QstNtZW\/0\/5DwcmjZ4pCQ9fF3wJ3nSKsv7bCZJBx9p98hngpWk\/L\/sevillaplazaespana-globalview-L.jpg\" alt=\"&#xD6;versikt &#xF6;ver Plaza de Espana i Sevilla n&#xE4;ra Ronda\"\/><figcaption class=\"wp-element-caption\">\u00d6versikt \u00f6ver Plaza de Espana i Sevilla<\/figcaption><\/figure>\n\n<h3 class=\"wp-block-heading\">Utforska de omgivande vita byarna<\/h3>\n\n<p>Inb\u00e4ddade i bergen i Sierra de Grazalema och Serran\u00eda de Ronda erbjuder <em>pueblos blancos (vita<\/em> byar <em>)<\/em> en stor variation av landskap, arkitektur och traditioner. Gemensamt f\u00f6r alla byar \u00e4r att de best\u00e5r av vitkalkade hus, men varje by har sin egen unika charm. F\u00f6r v\u00e5r del gillade vi s\u00e4rskilt <strong>Grazalema<\/strong>, med sina frodiga gr\u00f6na landskap, och <strong>Zahara de la Sierra<\/strong>, med sitt fort med utsikt \u00f6ver en turkos reservoar. M\u00e5nga utflykter som kombinerar bes\u00f6k i flera byar organiseras fr\u00e5n st\u00e4der som t.ex:<\/p>\n\n<ul class=\"wp-block-list\">\n<li><strong>Malaga:<\/strong> <a href=\"https:\/\/www.getyourguide.se\/costa-del-sol-l4711\/costa-del-sol-et-malaga-ronda-et-setenil-de-las-bodegas-t181127\/?partner_id=R3GYW4V&amp;cmp=andalucia\" target=\"_blank\" rel=\"noreferrer noopener sponsored nofollow\">se priser och tillg\u00e4nglighet.<\/a><\/li>\n\n\n\n<li><strong>Sevilla:<\/strong> <a href=\"https:\/\/www.getyourguide.se\/seville-l48\/circuit-de-deux-jours-dans-les-villages-blancs-et-a-ronda-au-depart-de-seville-t155838\/\/?partner_id=R3GYW4V&amp;cmp=andalucia\" target=\"_blank\" rel=\"noreferrer noopener sponsored nofollow\">se priser och tillg\u00e4nglighet.<\/a><\/li>\n\n\n\n<li><strong>Cadiz<\/strong>: <a href=\"https:\/\/www.getyourguide.se\/cadix-l428\/villages-blancs-d-andalousie-visite-privee-depuis-cadix-t73916\/?partner_id=R3GYW4V&amp;cmp=andalucia\" target=\"_blank\" rel=\"noreferrer noopener sponsored nofollow\">se priser och tillg\u00e4nglighet<\/a>.<\/li>\n<\/ul>\n\n<figure class=\"wp-block-image size-large\"><img loading=\"lazy\" decoding=\"async\" src=\"https:\/\/photos.smugmug.com\/Travel\/Andalucia\/15b-Zahara-de-la-Sierra\/i-nf3w6Kj\/2\/FHDSX626ZF4Qr275W9vrknL8ZPZP3j5P538q2PfQz\/L\/Zahara_de_La_Sierra_Andalucia_Spain-7935-L.jpg\" alt=\"&#xD6;versikt &#xF6;ver byn Zahara de la Sierra n&#xE4;ra Ronda\"\/><figcaption class=\"wp-element-caption\">\u00d6versikt \u00f6ver den vita byn Zahara de la Sierra<\/figcaption><\/figure>\n\n<h3 class=\"wp-block-heading\">Utforska ruinerna av Acinipio<\/h3>\n\n<p>Om du \u00e4r en relik\u00e4lskare kommer du inte att bli besviken \u00f6ver<strong> resterna av Acinipo<\/strong>.<br\/><a href=\"https:\/\/www.spain.info\/fr\/curiosites\/ruines-theatre-romain-acinipo-ronda-vieja\/\" target=\"_blank\" rel=\"noreferrer noopener\"><\/a>Vi \u00e4lskade turen utanf\u00f6r allfarv\u00e4garna till denna imponerande romerska teater (1:a \u00e5rhundradet f.Kr.), vars fortfarande synliga niv\u00e5er kastar oss in i atmosf\u00e4ren av den tidens shower och f\u00f6rest\u00e4llningar . Den arkeologiska platsen ligger p\u00e5 n\u00e4stan 1.000 meters h\u00f6jd och erbjuder en hisnande natur med kalkstensklippor och gr\u00f6nskande dalar s\u00e5 l\u00e5ngt \u00f6gat kan n\u00e5!<\/p>\n\n<figure class=\"wp-block-image size-large\"><img loading=\"lazy\" decoding=\"async\" src=\"https:\/\/photos.smugmug.com\/Travel\/Andalucia\/15a-Acinipo-Ruins\/i-8zCSxQS\/3\/CdMm8szsKXdqR87R2XdFtpLNtvrQQB7M4xwGvBp33\/L\/ruins_Anicipo_Andalucia_Spain-2363-L.jpg\" alt=\"&#xD6;versikt &#xF6;ver Acinipo-ruinerna n&#xE4;ra Ronda\"\/><\/figure>\n\n<h3 class=\"wp-block-heading\">Utforska rikedomarna i Serrania de Ronda<\/h3>\n\n<p>Ronda ligger ocks\u00e5 n\u00e4ra ett antal naturparker, inklusive Sierra <strong>de Grazalema <\/strong>Nature Park och<strong> Sierra de las Nieves<\/strong> Nature Park, vilket g\u00f6r det m\u00f6jligt att g\u00f6ra minnesv\u00e4rda promenader. Om du f\u00f6redrar djupet kan du utforska grottor som <strong>Cueva de la Pileta <\/strong>, med sina grottm\u00e5lningar, eller<strong> Cueva del Gato<\/strong>, d\u00e4r det finns en smaragdgr\u00f6n sj\u00f6. Ta ocks\u00e5 en titt p\u00e5 vandringsleden Garganta Verde, som lovar en exceptionell f\u00f6r\u00e4ndring av landskapet (mer information<a href=\"https:\/\/cadizturismo.com\/rutas\/sendero-garganta-verde\" target=\"_blank\" rel=\"noreferrer noopener nofollow\"> h\u00e4r<\/a>).<br\/><\/p>\n\n<ul class=\"wp-block-list\">\n<li><strong>\u00c4r du sugen p\u00e5 en mountainbikeutflykt i en exceptionell milj\u00f6?<\/strong><a href=\"https:\/\/www.getyourguide.se\/tolox-l189089\/vtt-electrique-dans-le-parc-national-de-la-sierra-de-las-nieves-t450042\/?partner_id=R3GYW4V&amp;cmp=andalucia\" target=\"_blank\" rel=\"noreferrer noopener sponsored nofollow\">  Se priser och tillg\u00e4nglighet.<\/a><\/li>\n\n\n\n<li><strong>Letar du efter en sp\u00e4nning? <\/strong>Ta reda p\u00e5 mer om canyoning i Sierra de las Nieves &#8211; <a href=\"https:\/\/www.getyourguide.se\/yunquera-l165199\/canyoning-sauvage-dans-la-sierra-de-las-nieves-malaga-t239807\/?partner_id=R3GYW4V&amp;cmp=andalucia\" target=\"_blank\" rel=\"noreferrer noopener sponsored nofollow\">se priser, tillg\u00e4nglighet och boka nu<\/a>!<\/li>\n<\/ul>\n\n<figure class=\"wp-block-image size-large\"><img loading=\"lazy\" decoding=\"async\" src=\"https:\/\/photos.smugmug.com\/Travel\/Andalucia\/15c-Puerto-de-las-Palomas\/i-NPWZgZc\/2\/FP8QcBF675XrCp7xpW3CLKxfJkpS5xNGvh6QrM9kn\/L\/Puerto_de_las_Palomas_road_Andalucia_Spain-7983-L.jpg\" alt=\"&#xD6;versikt &#xF6;ver vandringen Sendero Garganta Verde n&#xE4;ra Ronda\"\/><figcaption class=\"wp-element-caption\">\u00d6versikt \u00f6ver Sendero Garganta Verde<\/figcaption><\/figure>\n\n<h2 class=\"wp-block-heading\">Anv\u00e4ndbara tips f\u00f6r att bes\u00f6ka Ronda<\/h2>\n\n<h3 class=\"wp-block-heading\">Var \u00e4r Ronda?<\/h3>\n\n<ul class=\"wp-block-list\">\n<li>I s\u00f6dra Spanien<\/li>\n\n\n\n<li>I provinsen Malaga, nordv\u00e4st om Malaga<\/li>\n\n\n\n<li>Fr\u00e5n Malaga till Ronda: 1h30 bilresa<\/li>\n\n\n\n<li>Sevilla till Ronda: 1 timme och 45 minuters bilresa<\/li>\n\n\n\n<li>Fr\u00e5n Cadiz till Ronda: 1h40 bilresa<\/li>\n<\/ul>\n\n<p>H\u00e4r \u00e4r en karta \u00f6ver de b\u00e4sta sev\u00e4rdheterna i Ronda:<\/p>\n\n<figure class=\"wp-block-image size-large\"><img loading=\"lazy\" decoding=\"async\" src=\"https:\/\/andalucialovers.com\/wp-content\/uploads\/2024\/06\/karta-attraktioner-ronda-1024x685.png\" alt=\"Ronda sev&#xE4;rdheter karta\" class=\"wp-image-1200\"\/><figcaption class=\"wp-element-caption\">Karta \u00f6ver de b\u00e4sta sev\u00e4rdheterna i Ronda<\/figcaption><\/figure>\n\n<h3 class=\"wp-block-heading\">Hur kommer jag till Ronda?<\/h3>\n\n<p>N\u00e4rmaste flygplats till Ronda \u00e4r M\u00e1laga (1? timmes bilresa), som trafikeras av ett antal flygbolag. F\u00f6r att ta dig runt kan du v\u00e4lja att..:<\/p>\n\n<ul class=\"wp-block-list\">\n<li>Med <strong>bil<\/strong>: \u00e4ven om Ronda ligger i Ronda-bergen \u00e4r resan inte sv\u00e5r. Det \u00e4r l\u00e4tt att ta sig dit med bil, vilket \u00e4r perfekt om du planerar att bes\u00f6ka flera vita byar.<\/li>\n\n\n\n<li><strong>T\u00e5g<\/strong>: 2 timmar fr\u00e5n Malaga med en anslutning, till exempel. Se den officiella Renfe-webbplatsen <a href=\"https:\/\/www.renfe.com\/es\/fr\" target=\"_blank\" rel=\"noreferrer noopener nofollow\">h\u00e4r<\/a>.<\/li>\n\n\n\n<li><strong>Buss:<\/strong> ett mycket bra bussn\u00e4tverk f\u00f6rbinder Ronda med de st\u00f6rre st\u00e4derna i Andalusien (Sevilla p\u00e5 2 timmar, Cordoba p\u00e5 2 timmar och Malaga p\u00e5 1 timme och 45 minuter). Se tidtabellen p\u00e5 den officiella webbplatsen <a href=\"https:\/\/www.alsa.com\/fr\/web\/bus\/home\" target=\"_blank\" rel=\"noreferrer noopener nofollow\">h\u00e4r<\/a>.<\/li>\n<\/ul>\n\n<figure class=\"wp-block-image size-large\"><img loading=\"lazy\" decoding=\"async\" src=\"https:\/\/photos.smugmug.com\/Travel\/Andalucia\/14c-Ronda\/i-4bz56Gm\/2\/FHxXxxQrLN28xkxcK3ftZTPMH6NGKqPjwRhHRGxC2\/L\/Ronda_Andalucia_Spain-8231-L.jpg\" alt=\"&#xD6;versikt &#xF6;ver staden Ronda\"\/><\/figure>\n\n<p>Du kan ocks\u00e5 v\u00e4lja att f\u00f6lja med p\u00e5 organiserade turer:<\/p>\n\n<ul class=\"wp-block-list\">\n<li>Fr\u00e5n Sevilla &#8211; boka en dagsutflykt f\u00f6r att utforska n\u00e5gra av de vita byarna och Ronda &#8211; <a href=\"https:\/\/www.getyourguide.se\/seville-l48\/pueblos-blancos-and-ronda-t67456\/?partner_id=R3GYW4V&amp;cmp=andalucia\" target=\"_blank\" rel=\"noreferrer noopener sponsored nofollow\">se program och tillg\u00e4nglighet<\/a><\/li>\n\n\n\n<li>Fr\u00e5n Malaga eller Costa del Sol &#8211; boka en dagsutflykt f\u00f6r att bes\u00f6ka Ronda och Setenil de las Bodegas &#8211; <a href=\"https:\/\/www.getyourguide.se\/costa-del-sol-l4711\/costa-del-sol-et-malaga-ronda-et-setenil-de-las-bodegas-t181127\/?partner_id=R3GYW4V&amp;cmp=andalucia\" target=\"_blank\" rel=\"noreferrer noopener sponsored nofollow\">se program och tillg\u00e4nglighet<\/a><\/li>\n<\/ul>\n\n<h3 class=\"wp-block-heading\">Parkering i Ronda<\/h3>\n\n<p>Observera att det \u00e4r sv\u00e5rt att parkera i stadsk\u00e4rnan, s\u00e5 vi rekommenderar att du parkerar p\u00e5 en kommersiell parkeringsplats utanf\u00f6r stadsk\u00e4rnan. Parkeringen Martinez Astein, parkeringen El Castillo eller stationsparkeringen (Parking Renfe) \u00e4r n\u00e5gra av de b\u00e4sta alternativen.<\/p>\n\n<h3 class=\"wp-block-heading\">Var man kan \u00e4ta i Ronda<\/h3>\n\n<p><a href=\"https:\/\/andalucialovers.com\/sv\/basta-restaurang-ronda-ata-omdomen\/\" target=\"_blank\" rel=\"noreferrer noopener\">L\u00e4s v\u00e5r artikel om de b\u00e4sta st\u00e4llena att \u00e4ta p\u00e5 i Ronda.<\/a><br\/><strong>Vill du ha en gourmetrundtur i Ronda?<\/strong> Denna utflykt erbjuder en rundtur i stadens centrum, f\u00f6ljt av en provsmakning av lokala produkter &#8211; <a href=\"https:\/\/www.getyourguide.se\/ronda-espagne-l838\/ronda-visite-guidee-avec-degustation-de-produits-typiques-de-la-region-t590273\/?partner_id=R3GYW4V&amp;cmp=andalucia\" target=\"_blank\" rel=\"noreferrer noopener sponsored nofollow\">se information och tillg\u00e4nglighet<\/a>!<\/p>\n\n<figure class=\"wp-block-image size-large\"><img loading=\"lazy\" decoding=\"async\" src=\"https:\/\/photos.smugmug.com\/Andalucia-Lovers\/Ronda\/Best-of\/i-L7FJKwX\/0\/DNCJRhZSctT3L9vC9mWZqdqbJzG9HZ7wqxKPNtNqj\/L\/restaurant-ronda-city-1-L.jpg\" alt=\"&#xD6;versikt &#xF6;ver en restaurang i Ronda\"\/><figcaption class=\"wp-element-caption\">En \u00f6verblick \u00f6ver restaurangen Tabanco Los Arcos<\/figcaption><\/figure>\n\n<h3 class=\"wp-block-heading\">Bes\u00f6ka Ronda p\u00e5 vintern<\/h3>\n\n<p>Vintern \u00e4r en utm\u00e4rkt tid att njuta av Ronda utan sommarens folkmassor.  <br\/>Du kan allts\u00e5 njuta av stadens rika kulturarv i lugn och ro, s\u00e4rskilt som de flesta museer h\u00e5ller \u00f6ppet under l\u00e5gs\u00e4song. Vi rekommenderar dock att du kontrollerar \u00f6ppettiderna, som kan vara begr\u00e4nsade, p\u00e5 deras respektive webbplatser.<br\/>Med mildare temperaturer \u00e4r vintern ocks\u00e5 idealisk f\u00f6r att utforska den magnifika omgivande landsbygden. Det finns m\u00e5nga vandringsleder som leder fr\u00e5n staden, inklusive GR141 till utsiktspunkten <em>La Hoya del Tajo<\/em>. Nationalparken Sierra de las Nieves \u00e4r ocks\u00e5 utg\u00e5ngspunkten f\u00f6r n\u00e5gra fantastiska vandringar.<br\/>Senh\u00f6sten \u00e4r ocks\u00e5 en utm\u00e4rkt tid att ta vinv\u00e4gen och stanna till vid n\u00e5gra av de f\u00e4rgglada ving\u00e5rdarna (mer information <a href=\"https:\/\/www.spain.info\/fr\/vins\/route-vin-ronda-malaga\/\" target=\"_blank\" rel=\"noreferrer noopener nofollow\">h\u00e4r<\/a>).<br\/>Slutligen kan du l\u00e4sa v\u00e5r artikel om de vackraste vita byarna runt Ronda, som du kommer att uppskatta \u00e4nnu mer i lugn och ro!<\/p>\n\n<figure class=\"wp-block-image size-large\"><img loading=\"lazy\" decoding=\"async\" src=\"https:\/\/photos.smugmug.com\/Andalucia-Lovers\/Ronda\/Best-of\/i-cDPzzdZ\/0\/FWQKz8VVLw95W4SGgHV76CV5g5LtkZNwS5rWgb6Hq\/L\/casa-del-rey-moro-ronda-20-L.jpg\" alt=\"&#xD6;versikt &#xF6;ver staden Ronda\"\/><\/figure>\n\n<div style=\"margin-top:8%;margin-bottom:8%\" class=\"wp-block-genesis-blocks-gb-container box gb-block-container\"><div class=\"gb-container-inside\"><div class=\"gb-container-content\" style=\"max-width:700px\">\n<div class=\"wp-block-genesis-blocks-gb-container box_titre gb-block-container\"><div class=\"gb-container-inside\"><div class=\"gb-container-content\">\n<h5 class=\"titre_box\"><span>PLANERA DIN RESA TILL <\/span><span class=\"titre_box_manuscrit\">Andalusien<\/span><\/h5>\n<\/div><\/div><\/div>\n\n\n\n<hr class=\"wp-block-separator has-text-color has-alpha-channel-opacity has-background is-style-wide hr-box-planif\" style=\"background-color:#ccd3dd;color:#ccd3dd\"\/>\n\n\n\n<div class=\"wp-block-genesis-blocks-gb-container gb-block-container\"><div class=\"gb-container-inside\"><div class=\"gb-container-content\">\n<div class=\"wp-block-columns box_sans_border is-layout-flex wp-container-core-columns-is-layout-9d6595d7 wp-block-columns-is-layout-flex\">\n<div class=\"wp-block-column texte_planif is-layout-flow wp-block-column-is-layout-flow\" style=\"flex-basis:60%\">\n<p class=\"soustitre_planif\"><strong>Inspiration<\/strong><\/p>\n\n\n\n<ul class=\"wp-block-list\">\n<li style=\"font-size:14px\"><a href=\"https:\/\/andalucialovers.com\/sv\/sevardheter-andalusien-att-gora\/\" target=\"_blank\" rel=\"noreferrer noopener\">Vad man kan g\u00f6ra i Andalusien<\/a><\/li>\n\n\n\n<li style=\"font-size:14px\"><a href=\"https:\/\/andalucialovers.com\/sv\/basta-staderna-andalusien\/\" target=\"_blank\" rel=\"noreferrer noopener\">De vackraste st\u00e4derna<\/a><\/li>\n\n\n\n<li style=\"font-size:14px\"><a href=\"https:\/\/andalucialovers.com\/sv\/basta-stranderna-andalusien-listan\/\" target=\"_blank\" rel=\"noreferrer noopener\">De vackraste str\u00e4nderna<\/a><\/li>\n\n\n\n<li style=\"font-size:14px\"><a href=\"https:\/\/andalucialovers.com\/sv\/basta-vita-byarna-andalusien\/\" target=\"_blank\" rel=\"noreferrer noopener\">De vackraste vita byarna<\/a><\/li>\n\n\n\n<li style=\"font-size:14px\"><a href=\"https:\/\/andalucialovers.com\/sv\/katedraler-andalusien\/\" target=\"_blank\" rel=\"noreferrer noopener\">Katedralerna<\/a><\/li>\n\n\n\n<li style=\"font-size:14px\"><a href=\"https:\/\/andalucialovers.com\/sv\/arkeologiska-utgravningar-andalusien-ruiner\/\" target=\"_blank\" rel=\"noreferrer noopener\">Arkeologiska platser<\/a><\/li>\n\n\n\n<li style=\"font-size:14px\"><a data-type=\"post\" data-id=\"2221\" href=\"https:\/\/andalucialovers.com\/sv\/cordoba-eller-sevilla-eller-granada\/\" target=\"_blank\" rel=\"noreferrer noopener\">Sevilla, Cordoba eller Granada?<\/a><\/li>\n\n\n\n<li style=\"font-size:14px\"><a href=\"https:\/\/andalucialovers.com\/sv\/basta-museerna-andalusien\/\" target=\"_blank\" rel=\"noreferrer noopener\">B\u00e4sta museerna<\/a><\/li>\n\n\n\n<li style=\"font-size:14px\"><a href=\"https:\/\/andalucialovers.com\/sv\/basta-slotten-palatsen-andalusien\/\" target=\"_blank\" rel=\"noreferrer noopener\">Slott och palats<\/a><\/li>\n\n\n\n<li style=\"font-size:14px\"><a href=\"https:\/\/andalucialovers.com\/sv\/andalusien-gomda-parlor-hemliga-platser\/\" target=\"_blank\" rel=\"noreferrer noopener\">Hemliga platser<\/a><\/li>\n<\/ul>\n<\/div>\n\n\n\n<div class=\"wp-block-column is-vertically-aligned-top planif-radius is-layout-flow wp-block-column-is-layout-flow\" style=\"flex-basis:40%\">\n<figure class=\"wp-block-image size-large img-portrait\"><img loading=\"lazy\" decoding=\"async\" src=\"https:\/\/photos.smugmug.com\/Travel\/Andalucia\/6b-Zuheros\/i-VRKFTdz\/1\/CNkgtxtms75zqS5pTQbm8FKsGCDk3kHvJFzJqmP2z\/S\/Zuheros_Andalucia_Spain-4306-S.jpg\" alt=\"Zuheros\" title=\"\"\/><\/figure>\n<\/div>\n<\/div>\n\n\n\n<hr class=\"wp-block-separator has-text-color has-alpha-channel-opacity has-background is-style-wide hr-box-planif\" style=\"background-color:#ccd3dd;color:#ccd3dd\"\/>\n\n\n\n<div class=\"wp-block-columns box_sans_border is-layout-flex wp-container-core-columns-is-layout-9d6595d7 wp-block-columns-is-layout-flex\">\n<div class=\"wp-block-column texte_planif is-layout-flow wp-block-column-is-layout-flow\" style=\"flex-basis:60%\">\n<p class=\"soustitre_planif\"><strong>\u00d6vning<\/strong><\/p>\n\n\n\n<ul class=\"wp-block-list\">\n<li style=\"font-size:14px\"><a href=\"https:\/\/andalucialovers.com\/sv\/var-ska-bo-andalusien-basta-omradena\/\" data-type=\"post\" data-id=\"2632\" target=\"_blank\" rel=\"noreferrer noopener\">Var man kan bo i Andalusien<\/a><\/li>\n\n\n\n<li style=\"font-size:14px\"><a href=\"https:\/\/andalucialovers.com\/sv\/basta-5-stjarniga-hotellen-andalusien-lyx-recensioner\/\" type=\"post\" id=\"6105\" target=\"_blank\" rel=\"noreferrer noopener\">De b\u00e4sta lyxhotellen i Andalusien<\/a><\/li>\n\n\n\n<li style=\"font-size:14px\"><a href=\"https:\/\/andalucialovers.com\/sv\/basta-restaurang-andalusien-ata-recensioner\/\" target=\"_blank\" rel=\"noreferrer noopener\">B\u00e4sta restaurangerna<\/a><\/li>\n\n\n\n<li style=\"font-size:14px\"><a data-type=\"post\" data-id=\"3712\" href=\"https:\/\/andalucialovers.com\/sv\/hur-hyr-bil-andalusien-tips-erfarenhet\/\" target=\"_blank\" rel=\"noreferrer noopener\">Hyr en bil i Andalusien<\/a><\/li>\n\n\n\n<li style=\"font-size:14px\"><a href=\"https:\/\/andalucialovers.com\/sv\/korning-andalusien-tips\/\" target=\"_blank\" rel=\"noreferrer noopener\">K\u00f6rning i Andalusien<\/a><\/li>\n<\/ul>\n<\/div>\n\n\n\n<div class=\"wp-block-column is-vertically-aligned-top planif-radius is-layout-flow wp-block-column-is-layout-flow\" style=\"flex-basis:40%\">\n<figure class=\"wp-block-image size-large img-portrait\"><img loading=\"lazy\" decoding=\"async\" src=\"https:\/\/photos.smugmug.com\/Travel\/Andalucia\/Accommodations\/i-QBDJnG7\/1\/4ZLWzw32dnhwGLrbmXL5HqSdBXzWBRMQhfVrcKD4\/S\/accommodation_Tarifa_Andalucia_Spain-2764-S.jpg\" alt=\"Hotell i Tarifa\" title=\"\"\/><\/figure>\n<\/div>\n<\/div>\n\n\n\n<hr class=\"wp-block-separator has-text-color has-alpha-channel-opacity has-background is-style-wide hr-box-planif\" style=\"background-color:#ccd3dd;color:#ccd3dd\"\/>\n\n\n\n<div class=\"wp-block-columns box_sans_border is-layout-flex wp-container-core-columns-is-layout-9d6595d7 wp-block-columns-is-layout-flex\">\n<div class=\"wp-block-column texte_planif is-layout-flow wp-block-column-is-layout-flow\" style=\"flex-basis:60%\">\n<p class=\"soustitre_planif\"><strong>Platser du inte f\u00e5r missa<\/strong><\/p>\n\n\n\n<ul class=\"wp-block-list\">\n<li style=\"font-size:14px\"><a href=\"https:\/\/andalucialovers.com\/sv\/sevardheter-sevilla-att-gora\/\" target=\"_blank\" rel=\"noreferrer noopener\">Sevilla<\/a><\/li>\n\n\n\n<li style=\"font-size:14px\"><a data-type=\"post\" data-id=\"2328\" href=\"https:\/\/andalucialovers.com\/sv\/sevardheter-cordoba-att-gora\/\" target=\"_blank\" rel=\"noreferrer noopener\">Cordoba<\/a><\/li>\n\n\n\n<li style=\"font-size:14px\"><a href=\"https:\/\/andalucialovers.com\/sv\/sevardheter-granada-att-gora\/\" target=\"_blank\" rel=\"noreferrer noopener\">Grenada<\/a><\/li>\n\n\n\n<li style=\"font-size:14px\"><a href=\"https:\/\/andalucialovers.com\/sv\/sevardheter-ronda-att-gora\/\" target=\"_blank\" rel=\"noreferrer noopener\">Ronda<\/a><\/li>\n\n\n\n<li style=\"font-size:14px\"><a href=\"https:\/\/andalucialovers.com\/sv\/sevardheter-malaga-att-gora\/\" target=\"_blank\" rel=\"noreferrer noopener\">Malaga<\/a><\/li>\n\n\n\n<li style=\"font-size:14px\"><a data-type=\"post\" data-id=\"3597\" href=\"https:\/\/andalucialovers.com\/sv\/sevardheter-cadiz-att-gora\/\" target=\"_blank\" rel=\"noreferrer noopener\">Cadiz<\/a><\/li>\n\n\n\n<li style=\"font-size:14px\">Cabo de Gata<\/li>\n\n\n\n<li style=\"font-size:14px\"><a href=\"https:\/\/andalucialovers.com\/sv\/sevardheter-antequera-att-gora\/\" target=\"_blank\" rel=\"noreferrer noopener\">Antequera<\/a><\/li>\n\n\n\n<li style=\"font-size:14px\">Baeza och Ubuda<\/li>\n<\/ul>\n<\/div>\n\n\n\n<div class=\"wp-block-column is-vertically-aligned-top planif-radius is-layout-flow wp-block-column-is-layout-flow\" style=\"flex-basis:40%\">\n<figure class=\"wp-block-image size-large img-portrait\"><img loading=\"lazy\" decoding=\"async\" src=\"https:\/\/photos.smugmug.com\/Travel\/Andalucia\/2e-Madina-Azahara\/i-nrQb8vF\/1\/DMVZRMLhBjwhLQtjzj2r5fqS4GjmpXXHrwvQnwFsm\/S\/Medina_Azahara_Andalucia_Spain-1434-S.jpg\" alt=\"Medina Azahara\" title=\"\"\/><\/figure>\n<\/div>\n<\/div>\n<\/div><\/div><\/div>\n\n\n\n<div class=\"wp-block-genesis-blocks-gb-container box_texte gb-block-container\"><div class=\"gb-container-inside\"><div class=\"gb-container-content\"><\/div><\/div><\/div>\n\n\n\n<div class=\"wp-block-genesis-blocks-gb-container box-texte gb-block-container\"><div class=\"gb-container-inside\"><div class=\"gb-container-content\"><\/div><\/div><\/div>\n<\/div><\/div><\/div>\n\n<div class=\"wp-block-genesis-blocks-gb-container box_auteur_voyage gb-block-container\"><div class=\"gb-container-inside\"><div class=\"gb-container-content\">\n<figure class=\"wp-block-image size-large img_auteur_voyage img_provisoire\"><a href=\"https:\/\/andalucialovers.com\/claire-robinson\/\" target=\"_blank\" rel=\"noreferrer noopener\"><img loading=\"lazy\" decoding=\"async\" src=\"https:\/\/photos.smugmug.com\/Region-Lovers\/Equipe\/i-nsNF6C6\/0\/Cs2F5n96pkt9xFD9D3SVqmQspMhrKgN75nHgBqmjG\/L\/Claire-L.png\" alt=\"\"\/><\/a><\/figure>\n\n\n\n<h5 class=\"titre_auteur_voyage\"><span>HON KLARADE RESAN <\/span><span class=\"titre_box_manuscrit\">Claire<\/span><\/h5>\n<\/div><\/div><\/div>\n\n<div class=\"wp-block-genesis-blocks-gb-container box_auteur_voyage gb-block-container\"><div class=\"gb-container-inside\"><div class=\"gb-container-content\">\n<figure class=\"wp-block-image size-large img_auteur_voyage img_provisoire\"><a href=\"https:\/\/andalucialovers.com\/sv\/clara-balayer\/\" target=\"_blank\" rel=\"noreferrer noopener\"><img loading=\"lazy\" decoding=\"async\" src=\"https:\/\/photos.smugmug.com\/Region-Lovers\/Equipe\/i-SdbN5X8\/0\/FQQmdnTB6qcMTnchB9QkgwpDzqRr4QJrpcS5xfZBc\/L\/clara-L.jpg\" alt=\"\"\/><\/a><\/figure>\n\n\n\n<h5 class=\"titre_auteur_voyage\"><span>HON GJORDE RESAN OCH SKREV ARTIKELN \n <\/span><span class=\"titre_box_manuscrit\">Clara<\/span><\/h5>\n<\/div><\/div><\/div>\n","protected":false},"excerpt":{"rendered":"<p>V\u00e4lkommen till den charmiga staden Ronda! F\u00f6rbered dig p\u00e5 att bli h\u00e4nf\u00f6rd av denna stad och dess symboliska Puente Nuevo, som str\u00e4cker sig \u00f6ver en djup naturlig kanjon. Du kommer att bli bortsk\u00e4md med att v\u00e4lja, fr\u00e5n att promenera l\u00e4ngs de smala gatorna i den gamla medinan, till att uppt\u00e4cka dess flamboyanta f\u00f6rflutna genom sina [&hellip;]<\/p>\n","protected":false},"author":5,"featured_media":1198,"comment_status":"closed","ping_status":"closed","sticky":false,"template":"","format":"standard","meta":{"_genesis_hide_title":false,"_genesis_hide_breadcrumbs":false,"_genesis_hide_singular_image":false,"_genesis_hide_footer_widgets":false,"_genesis_custom_body_class":"","_genesis_custom_post_class":"","_genesis_layout":"","footnotes":""},"categories":[31,115],"tags":[],"class_list":{"0":"post-1214","1":"post","2":"type-post","3":"status-publish","4":"format-standard","5":"has-post-thumbnail","7":"category-okategoriserad","8":"category-ronda-sv","9":"entry"},"yoast_head":"<!-- This site is optimized with the Yoast SEO plugin v27.2 - https:\/\/yoast.com\/product\/yoast-seo-wordpress\/ -->\n<title>10 sev\u00e4rdheter i Ronda (+foton)<\/title>\n<meta name=\"description\" content=\"Uppt\u00e4ck v\u00e5rt urval av de b\u00e4sta sev\u00e4rdheterna i Ronda + alla v\u00e5ra tips och foton f\u00f6r att bes\u00f6ka Ronda\" \/>\n<meta name=\"robots\" content=\"index, follow, max-snippet:-1, max-image-preview:large, max-video-preview:-1\" \/>\n<link rel=\"canonical\" href=\"https:\/\/andalucialovers.com\/sv\/sevardheter-ronda-att-gora\/\" \/>\n<meta property=\"og:locale\" content=\"sv_SE\" \/>\n<meta property=\"og:type\" content=\"article\" \/>\n<meta property=\"og:title\" content=\"10 sev\u00e4rdheter i Ronda (+foton)\" \/>\n<meta property=\"og:description\" content=\"Uppt\u00e4ck v\u00e5rt urval av de b\u00e4sta sev\u00e4rdheterna i Ronda + alla v\u00e5ra tips och foton f\u00f6r att bes\u00f6ka Ronda\" \/>\n<meta property=\"og:url\" content=\"https:\/\/andalucialovers.com\/sv\/sevardheter-ronda-att-gora\/\" \/>\n<meta property=\"og:site_name\" content=\"Andalucia Lovers\" \/>\n<meta property=\"article:published_time\" content=\"2024-06-18T08:46:05+00:00\" \/>\n<meta property=\"article:modified_time\" content=\"2024-06-19T09:26:51+00:00\" \/>\n<meta property=\"og:image\" content=\"https:\/\/andalucialovers.com\/wp-content\/uploads\/2024\/06\/sevardheter-ronda-att-gora-1.jpg\" \/>\n\t<meta property=\"og:image:width\" content=\"800\" \/>\n\t<meta property=\"og:image:height\" content=\"600\" \/>\n\t<meta property=\"og:image:type\" content=\"image\/jpeg\" \/>\n<meta name=\"author\" content=\"Clara\" \/>\n<meta name=\"twitter:card\" content=\"summary_large_image\" \/>\n<meta name=\"twitter:label1\" content=\"Skriven av\" \/>\n\t<meta name=\"twitter:data1\" content=\"Clara\" \/>\n\t<meta name=\"twitter:label2\" content=\"Ber\u00e4knad l\u00e4stid\" \/>\n\t<meta name=\"twitter:data2\" content=\"18 minuter\" \/>\n<script type=\"application\/ld+json\" class=\"yoast-schema-graph\">{\"@context\":\"https:\/\/schema.org\",\"@graph\":[{\"@type\":\"Article\",\"@id\":\"https:\/\/andalucialovers.com\/sv\/sevardheter-ronda-att-gora\/#article\",\"isPartOf\":{\"@id\":\"https:\/\/andalucialovers.com\/sv\/sevardheter-ronda-att-gora\/\"},\"author\":{\"name\":\"Clara\",\"@id\":\"https:\/\/andalucialovers.com\/sv\/#\/schema\/person\/39cabfc029252cd27095b327b6c51975\"},\"headline\":\"10 sev\u00e4rdheter i Ronda (+foton)\",\"datePublished\":\"2024-06-18T08:46:05+00:00\",\"dateModified\":\"2024-06-19T09:26:51+00:00\",\"mainEntityOfPage\":{\"@id\":\"https:\/\/andalucialovers.com\/sv\/sevardheter-ronda-att-gora\/\"},\"wordCount\":3661,\"publisher\":{\"@id\":\"https:\/\/andalucialovers.com\/sv\/#organization\"},\"image\":{\"@id\":\"https:\/\/andalucialovers.com\/sv\/sevardheter-ronda-att-gora\/#primaryimage\"},\"thumbnailUrl\":\"https:\/\/andalucialovers.com\/wp-content\/uploads\/2024\/06\/sevardheter-ronda-att-gora-1.jpg\",\"articleSection\":[\"Okategoriserad\",\"Ronda\"],\"inLanguage\":\"sv-SE\"},{\"@type\":\"WebPage\",\"@id\":\"https:\/\/andalucialovers.com\/sv\/sevardheter-ronda-att-gora\/\",\"url\":\"https:\/\/andalucialovers.com\/sv\/sevardheter-ronda-att-gora\/\",\"name\":\"10 sev\u00e4rdheter i Ronda (+foton)\",\"isPartOf\":{\"@id\":\"https:\/\/andalucialovers.com\/sv\/#website\"},\"primaryImageOfPage\":{\"@id\":\"https:\/\/andalucialovers.com\/sv\/sevardheter-ronda-att-gora\/#primaryimage\"},\"image\":{\"@id\":\"https:\/\/andalucialovers.com\/sv\/sevardheter-ronda-att-gora\/#primaryimage\"},\"thumbnailUrl\":\"https:\/\/andalucialovers.com\/wp-content\/uploads\/2024\/06\/sevardheter-ronda-att-gora-1.jpg\",\"datePublished\":\"2024-06-18T08:46:05+00:00\",\"dateModified\":\"2024-06-19T09:26:51+00:00\",\"description\":\"Uppt\u00e4ck v\u00e5rt urval av de b\u00e4sta sev\u00e4rdheterna i Ronda + alla v\u00e5ra tips och foton f\u00f6r att bes\u00f6ka Ronda\",\"breadcrumb\":{\"@id\":\"https:\/\/andalucialovers.com\/sv\/sevardheter-ronda-att-gora\/#breadcrumb\"},\"inLanguage\":\"sv-SE\",\"potentialAction\":[{\"@type\":\"ReadAction\",\"target\":[\"https:\/\/andalucialovers.com\/sv\/sevardheter-ronda-att-gora\/\"]}]},{\"@type\":\"ImageObject\",\"inLanguage\":\"sv-SE\",\"@id\":\"https:\/\/andalucialovers.com\/sv\/sevardheter-ronda-att-gora\/#primaryimage\",\"url\":\"https:\/\/andalucialovers.com\/wp-content\/uploads\/2024\/06\/sevardheter-ronda-att-gora-1.jpg\",\"contentUrl\":\"https:\/\/andalucialovers.com\/wp-content\/uploads\/2024\/06\/sevardheter-ronda-att-gora-1.jpg\",\"width\":800,\"height\":600},{\"@type\":\"BreadcrumbList\",\"@id\":\"https:\/\/andalucialovers.com\/sv\/sevardheter-ronda-att-gora\/#breadcrumb\",\"itemListElement\":[{\"@type\":\"ListItem\",\"position\":1,\"name\":\"Accueil\",\"item\":\"https:\/\/andalucialovers.com\/sv\/\"},{\"@type\":\"ListItem\",\"position\":2,\"name\":\"Ronda\",\"item\":\"https:\/\/andalucialovers.com\/sv\/ronda-sv\/\"},{\"@type\":\"ListItem\",\"position\":3,\"name\":\"10 sev\u00e4rdheter i Ronda (+foton)\"}]},{\"@type\":\"WebSite\",\"@id\":\"https:\/\/andalucialovers.com\/sv\/#website\",\"url\":\"https:\/\/andalucialovers.com\/sv\/\",\"name\":\"Andalucia Lovers\",\"description\":\"Le blog de Claire et Manu\",\"publisher\":{\"@id\":\"https:\/\/andalucialovers.com\/sv\/#organization\"},\"potentialAction\":[{\"@type\":\"SearchAction\",\"target\":{\"@type\":\"EntryPoint\",\"urlTemplate\":\"https:\/\/andalucialovers.com\/sv\/?s={search_term_string}\"},\"query-input\":{\"@type\":\"PropertyValueSpecification\",\"valueRequired\":true,\"valueName\":\"search_term_string\"}}],\"inLanguage\":\"sv-SE\"},{\"@type\":\"Organization\",\"@id\":\"https:\/\/andalucialovers.com\/sv\/#organization\",\"name\":\"Andalucia Lovers\",\"url\":\"https:\/\/andalucialovers.com\/sv\/\",\"logo\":{\"@type\":\"ImageObject\",\"inLanguage\":\"sv-SE\",\"@id\":\"https:\/\/andalucialovers.com\/sv\/#\/schema\/logo\/image\/\",\"url\":\"https:\/\/andalucialovers.com\/wp-content\/uploads\/2024\/05\/cropped-Andalucia-Lovers-Logo.png\",\"contentUrl\":\"https:\/\/andalucialovers.com\/wp-content\/uploads\/2024\/05\/cropped-Andalucia-Lovers-Logo.png\",\"width\":2804,\"height\":481,\"caption\":\"Andalucia Lovers\"},\"image\":{\"@id\":\"https:\/\/andalucialovers.com\/sv\/#\/schema\/logo\/image\/\"}},{\"@type\":\"Person\",\"@id\":\"https:\/\/andalucialovers.com\/sv\/#\/schema\/person\/39cabfc029252cd27095b327b6c51975\",\"name\":\"Clara\",\"image\":{\"@type\":\"ImageObject\",\"inLanguage\":\"sv-SE\",\"@id\":\"https:\/\/secure.gravatar.com\/avatar\/d048151d25ac0bedf2ca76f8808990a0ee8cc83370bf81e728fe452b1c63a5de?s=96&d=mm&r=g\",\"url\":\"https:\/\/secure.gravatar.com\/avatar\/d048151d25ac0bedf2ca76f8808990a0ee8cc83370bf81e728fe452b1c63a5de?s=96&d=mm&r=g\",\"contentUrl\":\"https:\/\/secure.gravatar.com\/avatar\/d048151d25ac0bedf2ca76f8808990a0ee8cc83370bf81e728fe452b1c63a5de?s=96&d=mm&r=g\",\"caption\":\"Clara\"},\"sameAs\":[\"https:\/\/andalucialovers.com\/clara-balayer\/\"],\"url\":\"https:\/\/andalucialovers.com\/sv\/author\/clara\/\"}]}<\/script>\n<!-- \/ Yoast SEO plugin. -->","yoast_head_json":{"title":"10 sev\u00e4rdheter i Ronda (+foton)","description":"Uppt\u00e4ck v\u00e5rt urval av de b\u00e4sta sev\u00e4rdheterna i Ronda + alla v\u00e5ra tips och foton f\u00f6r att bes\u00f6ka Ronda","robots":{"index":"index","follow":"follow","max-snippet":"max-snippet:-1","max-image-preview":"max-image-preview:large","max-video-preview":"max-video-preview:-1"},"canonical":"https:\/\/andalucialovers.com\/sv\/sevardheter-ronda-att-gora\/","og_locale":"sv_SE","og_type":"article","og_title":"10 sev\u00e4rdheter i Ronda (+foton)","og_description":"Uppt\u00e4ck v\u00e5rt urval av de b\u00e4sta sev\u00e4rdheterna i Ronda + alla v\u00e5ra tips och foton f\u00f6r att bes\u00f6ka Ronda","og_url":"https:\/\/andalucialovers.com\/sv\/sevardheter-ronda-att-gora\/","og_site_name":"Andalucia Lovers","article_published_time":"2024-06-18T08:46:05+00:00","article_modified_time":"2024-06-19T09:26:51+00:00","og_image":[{"width":800,"height":600,"url":"https:\/\/andalucialovers.com\/wp-content\/uploads\/2024\/06\/sevardheter-ronda-att-gora-1.jpg","type":"image\/jpeg"}],"author":"Clara","twitter_card":"summary_large_image","twitter_misc":{"Skriven av":"Clara","Ber\u00e4knad l\u00e4stid":"18 minuter"},"schema":{"@context":"https:\/\/schema.org","@graph":[{"@type":"Article","@id":"https:\/\/andalucialovers.com\/sv\/sevardheter-ronda-att-gora\/#article","isPartOf":{"@id":"https:\/\/andalucialovers.com\/sv\/sevardheter-ronda-att-gora\/"},"author":{"name":"Clara","@id":"https:\/\/andalucialovers.com\/sv\/#\/schema\/person\/39cabfc029252cd27095b327b6c51975"},"headline":"10 sev\u00e4rdheter i Ronda (+foton)","datePublished":"2024-06-18T08:46:05+00:00","dateModified":"2024-06-19T09:26:51+00:00","mainEntityOfPage":{"@id":"https:\/\/andalucialovers.com\/sv\/sevardheter-ronda-att-gora\/"},"wordCount":3661,"publisher":{"@id":"https:\/\/andalucialovers.com\/sv\/#organization"},"image":{"@id":"https:\/\/andalucialovers.com\/sv\/sevardheter-ronda-att-gora\/#primaryimage"},"thumbnailUrl":"https:\/\/andalucialovers.com\/wp-content\/uploads\/2024\/06\/sevardheter-ronda-att-gora-1.jpg","articleSection":["Okategoriserad","Ronda"],"inLanguage":"sv-SE"},{"@type":"WebPage","@id":"https:\/\/andalucialovers.com\/sv\/sevardheter-ronda-att-gora\/","url":"https:\/\/andalucialovers.com\/sv\/sevardheter-ronda-att-gora\/","name":"10 sev\u00e4rdheter i Ronda (+foton)","isPartOf":{"@id":"https:\/\/andalucialovers.com\/sv\/#website"},"primaryImageOfPage":{"@id":"https:\/\/andalucialovers.com\/sv\/sevardheter-ronda-att-gora\/#primaryimage"},"image":{"@id":"https:\/\/andalucialovers.com\/sv\/sevardheter-ronda-att-gora\/#primaryimage"},"thumbnailUrl":"https:\/\/andalucialovers.com\/wp-content\/uploads\/2024\/06\/sevardheter-ronda-att-gora-1.jpg","datePublished":"2024-06-18T08:46:05+00:00","dateModified":"2024-06-19T09:26:51+00:00","description":"Uppt\u00e4ck v\u00e5rt urval av de b\u00e4sta sev\u00e4rdheterna i Ronda + alla v\u00e5ra tips och foton f\u00f6r att bes\u00f6ka Ronda","breadcrumb":{"@id":"https:\/\/andalucialovers.com\/sv\/sevardheter-ronda-att-gora\/#breadcrumb"},"inLanguage":"sv-SE","potentialAction":[{"@type":"ReadAction","target":["https:\/\/andalucialovers.com\/sv\/sevardheter-ronda-att-gora\/"]}]},{"@type":"ImageObject","inLanguage":"sv-SE","@id":"https:\/\/andalucialovers.com\/sv\/sevardheter-ronda-att-gora\/#primaryimage","url":"https:\/\/andalucialovers.com\/wp-content\/uploads\/2024\/06\/sevardheter-ronda-att-gora-1.jpg","contentUrl":"https:\/\/andalucialovers.com\/wp-content\/uploads\/2024\/06\/sevardheter-ronda-att-gora-1.jpg","width":800,"height":600},{"@type":"BreadcrumbList","@id":"https:\/\/andalucialovers.com\/sv\/sevardheter-ronda-att-gora\/#breadcrumb","itemListElement":[{"@type":"ListItem","position":1,"name":"Accueil","item":"https:\/\/andalucialovers.com\/sv\/"},{"@type":"ListItem","position":2,"name":"Ronda","item":"https:\/\/andalucialovers.com\/sv\/ronda-sv\/"},{"@type":"ListItem","position":3,"name":"10 sev\u00e4rdheter i Ronda (+foton)"}]},{"@type":"WebSite","@id":"https:\/\/andalucialovers.com\/sv\/#website","url":"https:\/\/andalucialovers.com\/sv\/","name":"Andalucia Lovers","description":"Le blog de Claire et Manu","publisher":{"@id":"https:\/\/andalucialovers.com\/sv\/#organization"},"potentialAction":[{"@type":"SearchAction","target":{"@type":"EntryPoint","urlTemplate":"https:\/\/andalucialovers.com\/sv\/?s={search_term_string}"},"query-input":{"@type":"PropertyValueSpecification","valueRequired":true,"valueName":"search_term_string"}}],"inLanguage":"sv-SE"},{"@type":"Organization","@id":"https:\/\/andalucialovers.com\/sv\/#organization","name":"Andalucia Lovers","url":"https:\/\/andalucialovers.com\/sv\/","logo":{"@type":"ImageObject","inLanguage":"sv-SE","@id":"https:\/\/andalucialovers.com\/sv\/#\/schema\/logo\/image\/","url":"https:\/\/andalucialovers.com\/wp-content\/uploads\/2024\/05\/cropped-Andalucia-Lovers-Logo.png","contentUrl":"https:\/\/andalucialovers.com\/wp-content\/uploads\/2024\/05\/cropped-Andalucia-Lovers-Logo.png","width":2804,"height":481,"caption":"Andalucia Lovers"},"image":{"@id":"https:\/\/andalucialovers.com\/sv\/#\/schema\/logo\/image\/"}},{"@type":"Person","@id":"https:\/\/andalucialovers.com\/sv\/#\/schema\/person\/39cabfc029252cd27095b327b6c51975","name":"Clara","image":{"@type":"ImageObject","inLanguage":"sv-SE","@id":"https:\/\/secure.gravatar.com\/avatar\/d048151d25ac0bedf2ca76f8808990a0ee8cc83370bf81e728fe452b1c63a5de?s=96&d=mm&r=g","url":"https:\/\/secure.gravatar.com\/avatar\/d048151d25ac0bedf2ca76f8808990a0ee8cc83370bf81e728fe452b1c63a5de?s=96&d=mm&r=g","contentUrl":"https:\/\/secure.gravatar.com\/avatar\/d048151d25ac0bedf2ca76f8808990a0ee8cc83370bf81e728fe452b1c63a5de?s=96&d=mm&r=g","caption":"Clara"},"sameAs":["https:\/\/andalucialovers.com\/clara-balayer\/"],"url":"https:\/\/andalucialovers.com\/sv\/author\/clara\/"}]}},"featured_image_src":"https:\/\/andalucialovers.com\/wp-content\/uploads\/2024\/06\/sevardheter-ronda-att-gora-1-600x400.jpg","featured_image_src_square":"https:\/\/andalucialovers.com\/wp-content\/uploads\/2024\/06\/sevardheter-ronda-att-gora-1-600x600.jpg","author_info":{"display_name":"Clara","author_link":"https:\/\/andalucialovers.com\/sv\/author\/clara\/"},"_links":{"self":[{"href":"https:\/\/andalucialovers.com\/sv\/wp-json\/wp\/v2\/posts\/1214","targetHints":{"allow":["GET"]}}],"collection":[{"href":"https:\/\/andalucialovers.com\/sv\/wp-json\/wp\/v2\/posts"}],"about":[{"href":"https:\/\/andalucialovers.com\/sv\/wp-json\/wp\/v2\/types\/post"}],"author":[{"embeddable":true,"href":"https:\/\/andalucialovers.com\/sv\/wp-json\/wp\/v2\/users\/5"}],"replies":[{"embeddable":true,"href":"https:\/\/andalucialovers.com\/sv\/wp-json\/wp\/v2\/comments?post=1214"}],"version-history":[{"count":0,"href":"https:\/\/andalucialovers.com\/sv\/wp-json\/wp\/v2\/posts\/1214\/revisions"}],"wp:featuredmedia":[{"embeddable":true,"href":"https:\/\/andalucialovers.com\/sv\/wp-json\/wp\/v2\/media\/1198"}],"wp:attachment":[{"href":"https:\/\/andalucialovers.com\/sv\/wp-json\/wp\/v2\/media?parent=1214"}],"wp:term":[{"taxonomy":"category","embeddable":true,"href":"https:\/\/andalucialovers.com\/sv\/wp-json\/wp\/v2\/categories?post=1214"},{"taxonomy":"post_tag","embeddable":true,"href":"https:\/\/andalucialovers.com\/sv\/wp-json\/wp\/v2\/tags?post=1214"}],"curies":[{"name":"wp","href":"https:\/\/api.w.org\/{rel}","templated":true}]}}