{"id":2000,"date":"2024-09-03T17:17:34","date_gmt":"2024-09-03T15:17:34","guid":{"rendered":"https:\/\/andalucialovers.com\/que-faire-andalousie-attraktioner\/"},"modified":"2024-09-03T17:27:01","modified_gmt":"2024-09-03T15:27:01","slug":"sevardheter-andalusien-att-gora","status":"publish","type":"post","link":"https:\/\/andalucialovers.com\/sv\/sevardheter-andalusien-att-gora\/","title":{"rendered":"18 sev\u00e4rdheter i Andalusien (+ foton)"},"content":{"rendered":"\n<p>Andalusien \u00e4r en mycket rik region d\u00e4r du inte kommer att ha tid att bli uttr\u00e5kad. Sv\u00e5righeten ligger snarare i att g\u00f6ra ett val, eftersom det finns s\u00e5 m\u00e5nga vackra platser att bes\u00f6ka.<br\/>H\u00e4r \u00e4r v\u00e5rt urval av de 18 sev\u00e4rdheterna som du m\u00e5ste se i Andalusien, s\u00e5 att du kan v\u00e4lja!<\/p>\n\n<figure class=\"wp-block-image size-full\"><img decoding=\"async\" src=\"https:\/\/andalucialovers.com\/wp-content\/uploads\/2024\/09\/sevardheter-Andalusien-att-gora.jpg\" alt=\"vad man ska g&#xF6;ra Andalusien m&#xE5;ste-se-se bes&#xF6;k\" class=\"wp-image-1934\"\/><\/figure>\n\n<p>Detta \u00e4r en helt <strong>oberoende<\/strong> \u00e5sikt, baserad p\u00e5 v\u00e5r egen erfarenhet. Vi gjorde v\u00e5ra egna val, bes\u00f6kte regionen anonymt och betalade v\u00e5ra r\u00e4kningar till fullo.<\/p>\n\n<h2 class=\"wp-block-heading\">1. St\u00f6rre st\u00e4der (Sevilla, Cordoba, Cadiz etc.)<\/h2>\n\n<figure class=\"wp-block-image size-large\"><img loading=\"lazy\" decoding=\"async\" src=\"https:\/\/photos.smugmug.com\/Andalucia-Lovers\/Cordoba\/Roman-bridge\/i-DjjtRCL\/0\/Kf65MMFBJsqndJbHSKqVzCXb5QPZ67n49JH8vRJcF\/L\/Cordoba_bridge-L.jpg\" alt=\"Cordoba\"\/><figcaption class=\"wp-element-caption\">Cordoba<\/figcaption><\/figure>\n\n<h3 class=\"wp-block-heading\">Varf\u00f6r det \u00e4r viktigt<\/h3>\n\n<p>Vi rekommenderar starkt att du bes\u00f6ker flera st\u00e4der under din vistelse i Andalusien. De \u00e4r alla unika: en m\u00e4ngd olika kulturella upplevelser, historiska insikter och atmosf\u00e4rer: de livliga gatorna i Sevilla, f\u00f6rfiningen i Cordoba, en resa tillbaka i tiden i Granada, den fridfulla charmen i Cadiz &#8230;<\/p>\n\n<figure class=\"wp-block-image size-large\"><img loading=\"lazy\" decoding=\"async\" src=\"https:\/\/photos.smugmug.com\/Andalucia-Lovers\/Sevilla\/Plaza-de-Espana\/i-QstNtZW\/0\/NRHhm26RMpHRshwv6hdJTchNfTJD3NNTQMBVLGZZX\/L\/sevillaplazaespana-globalview-L.jpg\" alt=\"Sevilla\"\/><figcaption class=\"wp-element-caption\">Sevilla<\/figcaption><\/figure>\n\n<h3 class=\"wp-block-heading\">St\u00e4der som inte f\u00e5r missas:<\/h3>\n\n<ul class=\"wp-block-list\">\n<li>Cordoba, en stad d\u00e4r historien kommer till liv, inte f\u00f6r stor och med en stadsk\u00e4rna full av charm<\/li>\n\n\n\n<li><a href=\"https:\/\/andalucialovers.com\/sv\/sevardheter-sevilla-att-gora\/\" target=\"_blank\" rel=\"noreferrer noopener\">Sevilla<\/a>, en livlig stad med en m\u00e4ngd olika stadsdelar som \u00e4r fyllda av vacker arkitektur och musiker<\/li>\n\n\n\n<li>Cadiz, en stad med vilsam charm och en st\u00e4ndig koppling till havet<\/li>\n\n\n\n<li><a href=\"https:\/\/andalucialovers.com\/sv\/sevardheter-ronda-att-gora\/\" target=\"_blank\" rel=\"noreferrer noopener\">Ronda<\/a>, en blandning av natur och historia<\/li>\n\n\n\n<li>Granada, i en annan stil, med sina historiska gamla kvarter<\/li>\n\n\n\n<li><a href=\"https:\/\/andalucialovers.com\/sv\/sevardheter-malaga-att-gora\/\" target=\"_blank\" rel=\"noreferrer noopener\">Malaga<\/a>, modernt och dynamiskt, porten till Costa del Sol<\/li>\n\n\n\n<li>&#8230;<\/li>\n<\/ul>\n\n<p>Se v\u00e5rt kompletta urval av de <a href=\"https:\/\/andalucialovers.com\/sv\/basta-staderna-andalusien\/\" target=\"_blank\" rel=\"noreferrer noopener\">vackraste st\u00e4derna i Andalusien<\/a>.<\/p>\n\n<h2 class=\"wp-block-heading\">2. Charmiga vita byar (Frigiliana&#8230;)<\/h2>\n\n<figure class=\"wp-block-image size-large\"><img loading=\"lazy\" decoding=\"async\" src=\"https:\/\/photos.smugmug.com\/Travel\/Andalucia\/12c-Frigiliana\/i-hHsQ6Xx\/2\/LQLTjZCwcGnshwWPcHVnnwbjFf2SQKnzTcvM7zrdN\/L\/Frigiliana_Andalucia_Spain-7000-L.jpg\" alt=\"gr&#xE4;nd med vita hus i Frigiliana\"\/><figcaption class=\"wp-element-caption\">Frigiliana<\/figcaption><\/figure>\n\n<h3 class=\"wp-block-heading\">Varf\u00f6r det \u00e4r viktigt<\/h3>\n\n<p>Vi rekommenderar att du bes\u00f6ker minst tv\u00e5 vita byar i Andalusien. De kallas <strong>Pueblos Blancos och<\/strong> k\u00e4nnetecknas av sina charmiga vitkalkade byggnader, tegeltak, smala kullerstensgator och ofta en hisnande utsikt.<br\/>Det mest k\u00e4nda omr\u00e5det fullt av dessa byar ligger <a href=\"https:\/\/andalucialovers.com\/sv\/basta-byarna-nara-ronda\/\" target=\"_blank\" rel=\"noreferrer noopener\">runt Ronda<\/a>. Men det finns ocks\u00e5 en hel del norr om Cadiz.<\/p>\n\n<figure class=\"wp-block-image size-large\"><img loading=\"lazy\" decoding=\"async\" src=\"https:\/\/photos.smugmug.com\/Travel\/Andalucia\/14b-Setenil-de-Bodegas\/i-Fd8wTfK\/0\/LCQp8F5vbSrcss8MDB9n8cnT995FKJSMbRFMgWR8G\/L\/Setenil_de_las_bodegas_panorama-L.jpg\" alt=\"Setenil de las Bodegas\"\/><figcaption class=\"wp-element-caption\">Setenil de las Bodegas<\/figcaption><\/figure>\n\n<h3 class=\"wp-block-heading\">Vita byar som man inte f\u00e5r missa:<\/h3>\n\n<ul class=\"wp-block-list\">\n<li><a href=\"https:\/\/andalucialovers.com\/sv\/sevardheter-byn-setenil-bodegas-besok\/\" target=\"_blank\" rel=\"noreferrer noopener\">Setenil de las Bodegas<\/a>, k\u00e4nd f\u00f6r sina hus som \u00e4r byggda i klippformationer<\/li>\n\n\n\n<li>Frigiliana, mellan berg och hav, str\u00e5lande i solskenet<\/li>\n\n\n\n<li>Zuheros, g\u00f6md fr\u00e5n turister i hj\u00e4rtat av bergen<\/li>\n\n\n\n<li><a href=\"https:\/\/andalucialovers.com\/sv\/sevardheter-byn-grazalema-besok\/\" target=\"_blank\" rel=\"noreferrer noopener\">Grazalema<\/a> \u00e4r k\u00e4nt f\u00f6r sitt lokala hantverk och \u00e4r omgivet av berg.<\/li>\n\n\n\n<li>&#8230;<\/li>\n<\/ul>\n\n<p>Se v\u00e5rt kompletta urval av de <a href=\"https:\/\/andalucialovers.com\/sv\/basta-vita-byarna-andalusien\/\" target=\"_blank\" rel=\"noreferrer noopener\">vackraste pueblos blancos i Andalusien.<\/a><\/p>\n\n<div style=\"background-color:#fefefe;margin-top:8%;margin-bottom:8%\" class=\"wp-block-genesis-blocks-gb-container box gb-block-container\"><div class=\"gb-container-inside\"><div class=\"gb-container-content\" style=\"max-width:700px\">\n<div class=\"wp-block-columns inverse is-layout-flex wp-container-core-columns-is-layout-9d6595d7 wp-block-columns-is-layout-flex\">\n<div class=\"wp-block-column texte_planif is-layout-flow wp-block-column-is-layout-flow\" style=\"flex-basis:58%\">\n<h5 class=\"titre_box\" style=\"padding-top:10px\">PLANERA DIN DR\u00d6MRESA TILL <span class=\"titre_box_manuscrit\">andalusien<\/span><\/h5>\n\n\n\n<div class=\"wp-block-genesis-blocks-gb-container gb-block-container\"><div class=\"gb-container-inside\"><div class=\"gb-container-content\">\n<p style=\"font-size:14px\">All information du beh\u00f6ver f\u00f6r din resa:<\/p>\n<\/div><\/div><\/div>\n\n\n\n<div class=\"wp-block-genesis-blocks-gb-container gb-block-container\"><div class=\"gb-container-inside\"><div class=\"gb-container-content\"><\/div><\/div><\/div>\n\n\n\n<ul class=\"wp-block-list\" style=\"font-size:14px\" id=\"liste_discover\">\n<li>7 kartor som underl\u00e4ttar planeringen<\/li>\n\n\n\n<li>+ 150 p\u00e5 f\u00f6rhand utvalda m\u00f6tesplatser<\/li>\n\n\n\n<li>Praktiska r\u00e5d<\/li>\n\n\n\n<li>+ 300 bilder som hj\u00e4lper dig att v\u00e4lja<\/li>\n<\/ul>\n\n\n\n<div class=\"wp-block-buttons has-custom-font-size bouton_10 is-content-justification-center is-layout-flex wp-container-core-buttons-is-layout-14c487f4 wp-block-buttons-is-layout-flex\" style=\"font-size:13px\">\n<div class=\"wp-block-button has-custom-font-size\" style=\"font-size:14px\"><a class=\"wp-block-button__link has-white-color has-text-color wp-element-button\" href=\"https:\/\/andalucialovers.com\/sv\/ebok-guide-road-trip-andalusien\/\" style=\"border-radius:4px\" target=\"_blank\" rel=\"noreferrer noopener\">Uppt\u00e4ck<strong> <\/strong>&gt;&gt;<\/a><\/div>\n<\/div>\n<\/div>\n\n\n\n<div class=\"wp-block-column is-layout-flow wp-block-column-is-layout-flow\" style=\"flex-basis:42%\">\n<div class=\"wp-block-genesis-blocks-gb-container ebook-radius gb-block-container\"><div class=\"gb-container-inside\"><div class=\"gb-container-content\"><div class=\"wp-block-image ebook-image\">\n<figure class=\"aligncenter size-full is-resized\"><img loading=\"lazy\" decoding=\"async\" src=\"https:\/\/andalucialovers.com\/wp-content\/uploads\/2024\/06\/Road-trip-Guide-Andalucia-eBook-cover-5.jpg\" alt=\"Andalusien reseguide eBook Omslag\" class=\"wp-image-317\" style=\"width:203px;height:157px\"\/><\/figure>\n<\/div><\/div><\/div><\/div>\n<\/div>\n<\/div>\n<\/div><\/div><\/div>\n\n<h2 class=\"wp-block-heading\">3. Mud\u00e9jar- och morisk arkitektur (alcazarer&#8230;)<\/h2>\n\n<figure class=\"wp-block-image size-large\"><img loading=\"lazy\" decoding=\"async\" src=\"https:\/\/photos.smugmug.com\/Travel\/Andalucia\/21b-Real-de-Alcazar\/i-NHbdxWD\/2\/pHWpN6QWJdrz3ZTs6wg9khVmnbVWHWQjFBbbXRWQ\/L\/real_alcazar_Seville_Andalucia_Spain-2956-L.jpg\" alt=\"Alcazar i Sevilla\"\/><figcaption class=\"wp-element-caption\">Alcazaba i Sevilla<\/figcaption><\/figure>\n\n<h3 class=\"wp-block-heading\">Varf\u00f6r det \u00e4r viktigt<\/h3>\n\n<p>Att bes\u00f6ka flera platser med morisk och mudejar arkitektur \u00e4r ocks\u00e5 en utm\u00e4rkt id\u00e9 f\u00f6r att uppskatta den rika m\u00e5ngfalden och utvecklingen av dessa unika arkitektoniska stilar. Denna arkitektur utvecklades mellan 800- och 1500-talet och kombinerar islamiska och kristna element.<br\/>Du kommer bland annat att uppt\u00e4cka dessa typiska tekniker:<\/p>\n\n<ul class=\"wp-block-list\">\n<li>H\u00e4stskoformade valv<\/li>\n\n\n\n<li>Kassettak i tr\u00e4<\/li>\n\n\n\n<li>Och massor av dekorativa element: geometriska motiv, kalligrafi, v\u00e4xtmotiv &#8230;<\/li>\n<\/ul>\n\n<figure class=\"wp-block-image size-large\"><img loading=\"lazy\" decoding=\"async\" src=\"https:\/\/photos.smugmug.com\/Travel\/Andalucia\/7f-Nazares-Palace\/i-GTGqtQM\/2\/KJ77K7ZtTq8QGxvCHZXPzxgTLx9czF6fdGLkn435d\/L\/Palacios_Nazaries_Alhambra_Granada_Andalucia_Spain-1830-L.jpg\" alt=\"Nasirdes palats\"\/><figcaption class=\"wp-element-caption\">Nasridiska palatset<\/figcaption><\/figure>\n\n<h3 class=\"wp-block-heading\">Byggnader som inte f\u00e5r missas:<\/h3>\n\n<ul class=\"wp-block-list\">\n<li><a href=\"https:\/\/andalucialovers.com\/sv\/besok-real-alcazar-slott-sevilla\/\" target=\"_blank\" rel=\"noreferrer noopener\">Kungliga Alcazar i Sevilla<\/a>: uts\u00f6kt Mudejar-arkitektur, s\u00e4rskilt i Patio de las Doncellas<\/li>\n\n\n\n<li>Alhambra i Granada, inklusive de ber\u00f6mda Nasridpalatsen<\/li>\n\n\n\n<li>Katedralen och mosk\u00e9n i Cordoba<\/li>\n\n\n\n<li>Casa de Pilatos i Sevilla<\/li>\n\n\n\n<li>&#8230;<\/li>\n<\/ul>\n\n<h2 class=\"wp-block-heading\">4. St\u00e4der fr\u00e5n ren\u00e4ssansen (Baeza, Ubeda&#8230;)<\/h2>\n\n<figure class=\"wp-block-image size-large\"><img loading=\"lazy\" decoding=\"async\" src=\"https:\/\/photos.smugmug.com\/Travel\/Andalucia\/4a-Bazea\/i-DXnX3rZ\/2\/NjMKFKSNcS5Bsq3kFxRcf6r9S4kxJPp2BfFhcFdD4\/L\/Baeza_Andalucia_Spain-3898-L.jpg\" alt=\"Baeza\"\/><figcaption class=\"wp-element-caption\">Baeza<\/figcaption><\/figure>\n\n<h3 class=\"wp-block-heading\">Varf\u00f6r det \u00e4r viktigt<\/h3>\n\n<p>I Andalusien kommer du att uppt\u00e4cka st\u00e4der som utvecklades under olika perioder och som d\u00e4rf\u00f6r erbjuder mycket olika arkitektoniska stilar. Vi rekommenderar att du bes\u00f6ker minst en typisk ren\u00e4ssansstad. De ger en unik inblick i Spaniens guld\u00e5lder p\u00e5 1500-talet, d\u00e5 landet stod p\u00e5 h\u00f6jden av sitt politiska och kulturella inflytande.<br\/>Som ett resultat av detta byggde rika familjer m\u00e5nga byggnader och dessa st\u00e4der har en fin arkitektonisk enhet.<\/p>\n\n<figure class=\"wp-block-image size-large\"><img loading=\"lazy\" decoding=\"async\" src=\"https:\/\/photos.smugmug.com\/Travel\/Andalucia\/5b-Ubeda\/i-QBR5RfR\/2\/M779X7jHV6bdBvmbJhwbpbGgb8fBfPbwdgTfDz3pr\/L\/Ubeda_Andalucia_Spain-4008-L.jpg\" alt=\"Ubeda\"\/><figcaption class=\"wp-element-caption\">Ubeda<\/figcaption><\/figure>\n\n<h3 class=\"wp-block-heading\">Ren\u00e4ssansst\u00e4der som du inte f\u00e5r missa:<\/h3>\n\n<ul class=\"wp-block-list\">\n<li><strong>\u00dabeda<\/strong> och dess imponerande samling av ren\u00e4ssansbyggnader, s\u00e4rskilt runt Plaza V\u00e1zquez de Molina<\/li>\n\n\n\n<li><strong>Baeza<\/strong> har ocks\u00e5 en m\u00e4ngd ren\u00e4ssansmonument, bland annat katedralen V\u00e5r Fru F\u00f6delse. Baeza och Ubeda finns med p\u00e5 UNESCO:s v\u00e4rldsarvslista.<\/li>\n\n\n\n<li><strong>Carmona<\/strong>, en av Europas \u00e4ldsta st\u00e4der, som ger en glimt av olika tidsepoker, men med ett starkt ren\u00e4ssansinflytande<\/li>\n<\/ul>\n\n<div style=\"background-color:#fddfe9;margin-top:8%;margin-bottom:8%\" class=\"wp-block-genesis-blocks-gb-container box gb-block-container\"><div class=\"gb-container-inside\"><div class=\"gb-container-content\" style=\"max-width:700px\">\n<div class=\"wp-block-genesis-blocks-gb-container box_titre gb-block-container\"><div class=\"gb-container-inside\"><div class=\"gb-container-content\">\n<h5 class=\"titre_box\" style=\"padding-top:10px;\">VAR KAN MAN BO I <span class=\"titre_box_manuscrit\">Andalusien<\/span><\/h5>\n<\/div><\/div><\/div>\n\n\n\n<div class=\"wp-block-columns box_sans_border is-layout-flex wp-container-core-columns-is-layout-9d6595d7 wp-block-columns-is-layout-flex\">\n<div class=\"wp-block-column texte_planif is-layout-flow wp-block-column-is-layout-flow\" style=\"font-size:14px;flex-basis:60%\">\n<p class=\"option_titre2\">V\u00e5ra oberoende urval hj\u00e4lper dig att hitta ditt <strong>dr\u00f6mboende<\/strong>:<\/p>\n\n\n\n<ul class=\"wp-block-list\">\n<li><a href=\"https:\/\/andalucialovers.com\/sv\/var-ska-bo-andalusien-basta-omradena\/\" target=\"_blank\" rel=\"noreferrer noopener\">Var man kan bo i Andalusien<\/a><\/li>\n<\/ul>\n\n\n\n<p><strong>V\u00e4lj efter stad:<\/strong><\/p>\n\n\n\n<ul class=\"wp-block-list\">\n<li><a href=\"https:\/\/andalucialovers.com\/sv\/var-kan-bo-sevilla-basta-hotellen-stadsdelarna\/\" target=\"_blank\" rel=\"noreferrer noopener\">B\u00e4sta hotellen i Sevilla<\/a><\/li>\n\n\n\n<li><a href=\"https:\/\/andalucialovers.com\/sv\/var-kan-bo-malaga-basta-hotellen-stadsdelarna\/\" target=\"_blank\" rel=\"noreferrer noopener\">B\u00e4sta hotellen i Malaga<\/a><\/li>\n\n\n\n<li><a href=\"https:\/\/andalucialovers.com\/sv\/var-kan-bo-granada-basta-hotellen-stadsdelarna\/\" target=\"_blank\" rel=\"noreferrer noopener\">B\u00e4sta hotellen i Granada<\/a><\/li>\n\n\n\n<li><a href=\"https:\/\/andalucialovers.com\/sv\/var-kan-bo-cordoba-basta-hotellen-stadsdelarna\/\" target=\"_blank\" rel=\"noreferrer noopener\">B\u00e4sta hotellen i Cordoba<\/a><\/li>\n\n\n\n<li><a href=\"https:\/\/andalucialovers.com\/sv\/var-kan-bo-ronda-basta-hotellen-stadsdelarna\/\" target=\"_blank\" rel=\"noreferrer noopener\">B\u00e4sta hotellen i Ronda<\/a><\/li>\n\n\n\n<li><a href=\"https:\/\/andalucialovers.com\/sv\/var-kan-bo-almeria-basta-hotellen-stadsdelarna\/\" target=\"_blank\" rel=\"noreferrer noopener\">B\u00e4sta hotellen i Almeria<\/a><\/li>\n\n\n\n<li>B\u00e4sta hotellen i Cadiz (kommer snart)<\/li>\n<\/ul>\n\n\n\n<p><strong>V\u00e4lj efter hotelltyp:<\/strong><\/p>\n\n\n\n<ul class=\"wp-block-list\">\n<li>B\u00e4sta 5-stj\u00e4rniga hotell (kommer snart)<\/li>\n\n\n\n<li>B\u00e4sta boutiquehotell (kommer snart)<\/li>\n<\/ul>\n<\/div>\n\n\n\n<div class=\"wp-block-column is-vertically-aligned-top planif-radius is-layout-flow wp-block-column-is-layout-flow\" style=\"flex-basis:40%\">\n<figure class=\"wp-block-image size-large img-portrait\"><img loading=\"lazy\" decoding=\"async\" src=\"https:\/\/photos.smugmug.com\/Travel\/Andalucia\/Accommodations\/i-QBDJnG7\/1\/4ZLWzw32dnhwGLrbmXL5HqSdBXzWBRMQhfVrcKD4\/S\/accommodation_Tarifa_Andalucia_Spain-2764-S.jpg\" alt=\"Hotell i Tarifa\" title=\"\"\/><\/figure>\n<\/div>\n<\/div>\n<\/div><\/div><\/div>\n\n<h2 class=\"wp-block-heading\">5. Geologiska underverk (Torcal de Antequera&#8230;)<\/h2>\n\n<figure class=\"wp-block-image size-large\"><img loading=\"lazy\" decoding=\"async\" src=\"https:\/\/photos.smugmug.com\/Travel\/Andalucia\/13c-El-Torcal-de-Antequera\/i-xLSF4Jf\/2\/LS2QwpKRdJC2xCD5fNvQGpZSgLn9RMXKw7RzpWQmh\/L\/Torcal_Antequera_Andalucia_Spain-2261-L.jpg\" alt=\"Torcal de Antequera\"\/><figcaption class=\"wp-element-caption\">Torcal de Antequera<\/figcaption><\/figure>\n\n<h3 class=\"wp-block-heading\">Varf\u00f6r det \u00e4r viktigt<\/h3>\n\n<p>Om du, precis som vi, gillar \u00f6verraskande klippformationer och andra geologiska underverk, har Andalusien n\u00e5gra p\u00e4rlor f\u00f6r dig. Andalusiens naturarv ger dig m\u00f6jlighet att beundra de krafter som har format denna m\u00e5ngsidiga region under miljontals \u00e5r.  <\/p>\n\n<figure class=\"wp-block-image size-large\"><img loading=\"lazy\" decoding=\"async\" src=\"https:\/\/photos.smugmug.com\/Travel\/Andalucia\/2b-Cerro-del-Hierro\/i-bzNfw9V\/2\/NJkqfz68xrZVTDNqLshC55Dxzr8VrHdGWRwFFMWCj\/L\/Cerro_del_Hierro_Andalucia_Spain-2559-L.jpg\" alt=\"Cerro del Hierro\"\/><figcaption class=\"wp-element-caption\">Cerro del Hierro<\/figcaption><\/figure>\n\n<h3 class=\"wp-block-heading\">Geologiska underverk som man inte f\u00e5r missa:<\/h3>\n\n<ul class=\"wp-block-list\">\n<li>Torcal de Antequera: en extraordin\u00e4r grupp av kalkstensformationer, skulpterade av miljontals \u00e5r av erosion. Det ser ofta ut som staplade pannkakor!<\/li>\n\n\n\n<li>Cerro del Hierro: i norra delen av regionen, ett naturmonument som \u00e4r k\u00e4nt f\u00f6r sitt karstlandskap<\/li>\n\n\n\n<li>Cueva del Gato: n\u00e4tverk av grottor med underjordiska floder och vattenfall<\/li>\n\n\n\n<li>Sanddynen Bolonia<\/li>\n\n\n\n<li>&#8230;.<\/li>\n<\/ul>\n\n<h2 class=\"wp-block-heading\">6. M\u00e5nga olika str\u00e4nder (Costa del Sol, de la Luz&#8230;)<\/h2>\n\n<figure class=\"wp-block-image size-large\"><img loading=\"lazy\" decoding=\"async\" src=\"https:\/\/photos.smugmug.com\/Travel\/Andalucia\/19c-Bolonia-Dune\/i-XDggMqK\/0\/60a58ac7\/L\/dune_Bolonia_Andalucia_Spain-9775-L.jpg\" alt=\"Playa de Bolonia\"\/><figcaption class=\"wp-element-caption\">Playa de Bolonia<\/figcaption><\/figure>\n\n<h3 class=\"wp-block-heading\">Varf\u00f6r det \u00e4r viktigt<\/h3>\n\n<p>Den andalusiska kusten erbjuder ett brett utbud av str\u00e4nder, oavsett vad du f\u00f6redrar: stora sandstr\u00e4nder, sm\u00e5 vikar under klippor, vilda str\u00e4nder eller stenstr\u00e4nder &#8230; det finns n\u00e5got f\u00f6r alla!<br\/>Varje kust har sin egen unika atmosf\u00e4r och hisnande landskap, vilket g\u00f6r den till en viktig del av varje bes\u00f6k i Andalusien.<\/p>\n\n<figure class=\"wp-block-image size-large\"><img loading=\"lazy\" decoding=\"async\" src=\"https:\/\/photos.smugmug.com\/Travel\/Andalucia\/12b-Nerja-Balcon-Europe\/i-7fjBX8H\/0\/45587f42\/L\/Balcon_Europe_Nerja_Andalucia_Spain-6954-L.jpg\" alt=\"Nerja\"\/><figcaption class=\"wp-element-caption\">Nerja<\/figcaption><\/figure>\n\n<h3 class=\"wp-block-heading\">Str\u00e4nder som man inte f\u00e5r missa:<\/h3>\n\n<ul class=\"wp-block-list\">\n<li><strong>Costa del Sol<\/strong>, den mest k\u00e4nda delen av den spanska kusten, med sitt <strong>soliga<\/strong> klimat, sin livliga strandkultur och sina livliga st\u00e4der Sandstr\u00e4nderna erbjuder gott om faciliteter och en livlig atmosf\u00e4r<\/li>\n\n\n\n<li><strong>Costa de la Luz,<\/strong> som str\u00e4cker sig fr\u00e5n Huelva till Cadiz, \u00e4r k\u00e4nd f\u00f6r sina of\u00f6rst\u00f6rda str\u00e4nder med fin sand och popul\u00e4r bland vindsportentusiaster.<\/li>\n\n\n\n<li><strong>Costa Tropical<\/strong>: med sin frodiga vegetation, sm\u00e5 klippor och en blandning av sand och sm\u00e5sten.<\/li>\n\n\n\n<li><strong>Cabo de Gata<\/strong>: en blandning av vilda str\u00e4nder och vulkaniska landskap<\/li>\n<\/ul>\n\n<div class=\"wp-block-columns inverse box_planif is-layout-flex wp-container-core-columns-is-layout-9d6595d7 wp-block-columns-is-layout-flex\">\n<div class=\"wp-block-column texte_planif is-layout-flow wp-block-column-is-layout-flow\" style=\"flex-basis:58%\">\n<h5 class=\"titre_box\"> HYR DIN BIL I <span class=\"titre_box_manuscrit\">\nAndalusia<\/span><\/h5>\n\n\n\n<ul style=\"font-size:14px\" class=\"wp-block-list liste_voiture\">\n<li>J\u00e4mf\u00f6r priser p\u00e5 v\u00e5r f\u00f6redragna plattform: <a href=\"https:\/\/www.discovercars.com\/se\/spain?a_aid=zigzag&amp;chan=andalucia\" target=\"_blank\" rel=\"noreferrer noopener sponsored nofollow\">DiscoverCars<\/a> &#8211; en av de b\u00e4st rankade webbplatserna.<\/li>\n\n\n\n<li>V\u00e4lj en <strong>kompakt bil<\/strong>, eftersom vissa byar har mycket smala gator!<\/li>\n\n\n\n<li>T\u00e4nk p\u00e5<strong>omfattande f\u00f6rs\u00e4kring<\/strong> av samma anledning<\/li>\n\n\n\n<li><strong>Boka tidigt<\/strong> f\u00f6r b\u00e4sta val.<\/li>\n<\/ul>\n<\/div>\n\n\n\n<div class=\"wp-block-column planif-radius-3 is-layout-flow wp-block-column-is-layout-flow\" style=\"flex-basis:42%\">\n<figure class=\"wp-block-image size-large is-resized\"><img loading=\"lazy\" decoding=\"async\" src=\"https:\/\/photos.smugmug.com\/Travel\/Andalucia\/Driving\/i-tqxqm2M\/1\/DBVq6wpqQpTv8CpSvmFGgfKbDdqGMK9zqdcc59cGs\/S\/Driving_Andalucia_Spain-8407-S.jpg\" alt=\"K&#xF6;rning i Andalusien\" title=\"\"\/><\/figure>\n<\/div>\n<\/div>\n\n<div class=\"wp-block-columns planif_bouton is-layout-flex wp-container-core-columns-is-layout-9d6595d7 wp-block-columns-is-layout-flex\">\n<div class=\"wp-block-column is-layout-flow wp-block-column-is-layout-flow\" style=\"flex-basis:50%\">\n<div class=\"wp-block-buttons is-content-justification-center is-layout-flex wp-container-core-buttons-is-layout-16018d1d wp-block-buttons-is-layout-flex\">\n<div class=\"wp-block-button has-custom-font-size\" style=\"font-size:14px\"><a class=\"wp-block-button__link has-white-color has-text-color wp-element-button\" href=\"https:\/\/www.discovercars.com\/se\/spain?a_aid=zigzag&amp;amp;chan=andalucia\" style=\"border-radius:4px\" target=\"_blank\" rel=\"noreferrer noopener nofollow\">Se bilarna<img loading=\"lazy\" decoding=\"async\" class=\"wp-image-2851\" style=\"width: 16px;\" src=\"https:\/\/provencelovers.fr\/wp-content\/uploads\/2023\/08\/ArrowRight.webp\" alt=\"\"\/><\/a><\/div>\n<\/div>\n<\/div>\n\n\n\n<div class=\"wp-block-column is-vertically-aligned-center is-layout-flow wp-block-column-is-layout-flow\" style=\"flex-basis:50%\">\n<p class=\"has-text-align-center\" style=\"font-size:14px\"><strong><a href=\"https:\/\/andalucialovers.com\/sv\/hur-hyr-bil-andalusien-tips-erfarenhet\/\" data-type=\"post\" data-id=\"3712\" target=\"_blank\" rel=\"noreferrer noopener\">Se v\u00e5ra r\u00e5d<\/a><\/strong><\/p>\n<\/div>\n<\/div>\n\n<h2 class=\"wp-block-heading\">7. Gastronomi (tapas&#8230;)<\/h2>\n\n<figure class=\"wp-block-image size-large\"><img loading=\"lazy\" decoding=\"async\" src=\"https:\/\/photos.smugmug.com\/Andalucia-Lovers\/Malaga\/Best-of\/i-6NMn259\/0\/LqfbvSfBntjwHb7HLrsN6qGdmX8gmdz4NDXVwfZrF\/L\/visit-city-malaga-spain-11-L.jpg\" alt=\"tapas\"\/><\/figure>\n\n<h3 class=\"wp-block-heading\">Varf\u00f6r det \u00e4r viktigt<\/h3>\n\n<p>Njut av det andalusiska k\u00f6ket, s\u00e4rskilt de ber\u00f6mda tapasr\u00e4tterna&#8230; Andalusiens kulinariska scen \u00e4r rik, varierad och djupt rotad i lokala traditioner, vilket g\u00f6r den till en viktig del av den kulturella upplevelsen. Oavsett om det handlar om en avslappnad m\u00e5ltid i en lokal bar eller en gastronomisk festival \u00e4r Andalusiens kulinariska l\u00e4ckerheter en viktig del av din resa.<\/p>\n\n<figure class=\"wp-block-image size-large\"><img loading=\"lazy\" decoding=\"async\" src=\"https:\/\/photos.smugmug.com\/Andalucia-Lovers\/Ronda\/Restaurants\/i-6rTM9R2\/0\/NhnnRfpXxZcRhkSgnM8mWQdHbgbXkP9ffvcTpmpn6\/L\/restaurant-tragata-ronda-city-1-L.jpg\" alt=\"Bistronomi i Andalusien\"\/><\/figure>\n\n<h3 class=\"wp-block-heading\">Gastronomi som du inte f\u00e5r missa:<\/h3>\n\n<ul class=\"wp-block-list\">\n<li><strong>Tapas: en<\/strong> symbolisk andalusisk sedv\u00e4nja som g\u00e5r ut p\u00e5 att dela r\u00e4tter i sm\u00e5 portioner. Naturligtvis gav vi efter f\u00f6r denna l\u00e4ckra tradition.  <\/li>\n\n\n\n<li><strong>Vin och sherry<\/strong>: Andalusien \u00e4r ocks\u00e5 k\u00e4nt f\u00f6r sina viner, s\u00e4rskilt sherry fr\u00e5n Jerez.<\/li>\n\n\n\n<li><strong>Regionala specialiteter<\/strong>: De olika regionerna i Andalusien har sina egna specialiteter. <strong>Huelva<\/strong> \u00e4r till exempel k\u00e4nt f\u00f6r sina jordgubbar och skaldjur, medan <strong>Cadiz<\/strong> \u00e4r k\u00e4nt f\u00f6r sin stekta fisk och sina skaldjur.  <\/li>\n<\/ul>\n\n<h2 class=\"wp-block-heading\">8. Arkeologiska fyndplatser (Italica&#8230;)<\/h2>\n\n<figure class=\"wp-block-image size-large\"><img loading=\"lazy\" decoding=\"async\" src=\"https:\/\/photos.smugmug.com\/Andalucia-Lovers\/Cordoba\/Medina-Azahara\/i-483Gxzx\/0\/NCtKSKNmv723TCk4XbnGMgQjWVR7h74SGfwfbJ9R4\/L\/medina-azahara-1-L.jpg\" alt=\"Medina Azahara\"\/><figcaption class=\"wp-element-caption\">Medina Azahara<\/figcaption><\/figure>\n\n<h3 class=\"wp-block-heading\">Varf\u00f6r det \u00e4r viktigt<\/h3>\n\n<p>I Andalusien kan du uppt\u00e4cka ett rikt utbud av arkeologiska platser och ruiner som sp\u00e4nner \u00f6ver olika historiska perioder. De romerska l\u00e4mningarna \u00e4r s\u00e4rskilt m\u00e5nga, med v\u00e4lbevarade st\u00e4der som Italica, n\u00e4ra Sevilla, och Baelo Claudia, vid kusten.<br\/>F\u00f6rhistoriska platser finns ocks\u00e5, med forntida grottor och neolitiska bos\u00e4ttningar.<br\/>H\u00e4r finns ocks\u00e5 moriskinfluerade platser och m\u00e5nga medeltida kristna och islamiska bef\u00e4stningar.<\/p>\n\n<figure class=\"wp-block-image size-large\"><img loading=\"lazy\" decoding=\"async\" src=\"https:\/\/photos.smugmug.com\/Andalucia-Lovers\/Costa-de-la-Luz\/Bolonia-Ruins\/i-NV3DSbv\/0\/KXp7PmM8FwSmJQczmWgLSVc8mD6xX9M9jngwMKx2x\/L\/baelo-claudia-1-L.jpg\" alt=\"Baelo Claudia\"\/><figcaption class=\"wp-element-caption\">Baelo Claudia<\/figcaption><\/figure>\n\n<h3 class=\"wp-block-heading\">Ruiner som man inte f\u00e5r missa:<\/h3>\n\n<ul class=\"wp-block-list\">\n<li><strong>Medina Azahara<\/strong>, ruinerna av en stor palatsstad som byggdes omkring 940<\/li>\n\n\n\n<li><strong>Italica<\/strong>, resterna av en romersk stad som byggdes omkring 206 f.Kr. med en amfiteater som rymde 25.000 \u00e5sk\u00e5dare och vackra mosaiker.<\/li>\n\n\n\n<li><strong>De<\/strong> v\u00e4lbevarade <strong>dolmarna i Antequera<\/strong><\/li>\n\n\n\n<li><strong>Baelo Claudia<\/strong>, en gammal romersk stad som b\u00f6rjade som en fiskeby f\u00f6r 2.000 \u00e5r sedan<\/li>\n\n\n\n<li>&#8230;<\/li>\n<\/ul>\n\n<p>Se hela v\u00e5rt urval av de <a href=\"https:\/\/andalucialovers.com\/sv\/arkeologiska-utgravningar-andalusien-ruiner\/\" target=\"_blank\" rel=\"noreferrer noopener\">mest fascinerande arkeologiska platserna i Andalusien.<\/a><\/p>\n\n<h2 class=\"wp-block-heading\">9. Vandring (Camino del Rey&#8230;)<\/h2>\n\n<figure class=\"wp-block-image size-large\"><img loading=\"lazy\" decoding=\"async\" src=\"https:\/\/photos.smugmug.com\/Andalucia-Lovers\/Caminito-del-Rey\/i-zbsmQsd\/0\/LbcQKkwcjm7NLtLKPwGtB4Dvc9HtLDmrNLFKHpKPD\/L\/caminitodelrey-bridge-L.jpg\" alt=\"Caminito del Rey\"\/><figcaption class=\"wp-element-caption\">Caminito del Rey<\/figcaption><\/figure>\n\n<h3 class=\"wp-block-heading\">Varf\u00f6r det \u00e4r viktigt<\/h3>\n\n<p>De varierande landskapen &#8211; fr\u00e5n karga berg till lugna kustv\u00e4gar &#8211; g\u00f6r Andalusien till ett paradis f\u00f6r alla som \u00e4lskar utomhusaktiviteter (utom under h\u00f6gsommaren, d\u00e5 det p\u00e5 vissa platser \u00e4r lite f\u00f6r varmt f\u00f6r att vandra).<br\/>Du kan \u00e5terknyta kontakten med naturen, beundra bilderna och uppt\u00e4cka ekosystemens m\u00e5ngfald.<\/p>\n\n<figure class=\"wp-block-image size-large\"><img loading=\"lazy\" decoding=\"async\" src=\"https:\/\/photos.smugmug.com\/Andalucia-Lovers\/Jaen-East\/Cascadas-del-Rio-Borosa\/i-bhcZxSz\/0\/K8S3DPXmGvBhkDPmNDBBLpX5rfz5sZFGSxKxkgpmr\/L\/cascadas-rio-borosa-L.jpg\" alt=\"Rio Borosa\"\/><figcaption class=\"wp-element-caption\">Rio Borosa<\/figcaption><\/figure>\n\n<h3 class=\"wp-block-heading\">Utflykter som man inte f\u00e5r missa:<\/h3>\n\n<ul class=\"wp-block-list\">\n<li>Caminito del Rey: en symbolisk led som \u00e4r k\u00e4nd f\u00f6r sitt spektakul\u00e4ra landskap och sina sp\u00e4nnande g\u00e5ngbroar som h\u00e4nger \u00f6ver ravinen.<\/li>\n\n\n\n<li>Sierra Nevada, f\u00f6r sina h\u00f6ga berg<\/li>\n\n\n\n<li>Sierra de Carzola, med Rio Borosa och dess frodiga vegetation<\/li>\n\n\n\n<li>Badlands runt Tabernas-\u00f6knen<\/li>\n<\/ul>\n\n<div style=\"margin-top:8%;margin-bottom:8%\" class=\"wp-block-genesis-blocks-gb-container box gb-block-container\"><div class=\"gb-container-inside\"><div class=\"gb-container-content\">\n<div class=\"wp-block-columns inverse is-layout-flex wp-container-core-columns-is-layout-9d6595d7 wp-block-columns-is-layout-flex\">\n<div class=\"wp-block-column texte_planif is-layout-flow wp-block-column-is-layout-flow\" style=\"flex-basis:58%\">\n<h5 class=\"titre_box\" style=\"padding-top:10px\">FUN i Andalusien: <span class=\"titre_box_manuscrit\">aktiviteter<\/span><\/h5>\n\n\n\n<ul class=\"wp-block-list\">\n<li><a href=\"https:\/\/www.getyourguide.se\/seville-l48\/seville-3-heures-de-cours-de-cuisine-espagnole-avec-diner-t69843\/?partner_id=R3GYW4V&amp;cmp=andalucia\" target=\"_blank\" rel=\"noreferrer noopener sponsored nofollow\">Matlagningskurs<\/a> i Sevilla<\/li>\n\n\n\n<li><a href=\"https:\/\/www.getyourguide.se\/benahavis-l101793\/benahavis-randonnee-et-canyoning-dans-la-campagne-de-marbella-t464993\/?partner_id=R3GYW4V&amp;cmp=andalucia\" target=\"_blank\" rel=\"noreferrer noopener sponsored nofollow\">Canyoning<\/a> fr\u00e5n Costa del Sol<\/li>\n\n\n\n<li><a href=\"https:\/\/www.getyourguide.se\/el-chorro-l143817\/caminito-del-rey-visite-guidee-avec-guides-officiels-et-entree-t569659\/?partner_id=R3GYW4V&amp;cmp=andalucia\" target=\"_blank\" rel=\"noreferrer noopener sponsored nofollow\"><\/a><a href=\"https:\/\/www.getyourguide.se\/el-chorro-l143817\/caminito-del-rey-visite-guidee-avec-guides-officiels-et-entree-t569659\/?partner_id=R3GYW4V&amp;cmp=andalucia\">Guidad promenad p\u00e5 Caminito del Rey<\/a><\/li>\n<\/ul>\n<\/div>\n\n\n\n<div class=\"wp-block-column ville-radius is-layout-flow wp-block-column-is-layout-flow\" style=\"flex-basis:42%\">\n<figure class=\"wp-block-image size-large img-portrait\"><img loading=\"lazy\" decoding=\"async\" src=\"https:\/\/photos.smugmug.com\/Andalucia-Lovers\/Caminito-del-Rey\/i-zbsmQsd\/0\/Kv5dSfwcXjdLF29KTb6kZHtFzHZ78gC39QrtHPTb6\/S\/caminitodelrey-bridge-S.jpg\" alt=\"Caminito del Rey\" title=\"\"\/><\/figure>\n<\/div>\n<\/div>\n<\/div><\/div><\/div>\n\n<h2 class=\"wp-block-heading\">10. Katedraler (Cordoba, Cadiz &#8230;)<\/h2>\n\n<figure class=\"wp-block-image size-large is-resized\"><img loading=\"lazy\" decoding=\"async\" src=\"https:\/\/photos.smugmug.com\/Andalucia-Lovers\/Cordoba\/Cathedral\/i-LzVM8n8\/0\/L3fgscCCPpcbSmPRWb2s3vqKd7jS9rCbCNpCX2rXb\/L\/Cordoba_cathedral-L.jpg\" alt=\"b&#xE5;gar i katedralen i Cordoba\" style=\"width:702px;height:auto\"\/><figcaption class=\"wp-element-caption\">Katedralen i Cordoba<\/figcaption><\/figure>\n\n<h3 class=\"wp-block-heading\">Varf\u00f6r det \u00e4r viktigt<\/h3>\n\n<p>I Andalusien kan du uppt\u00e4cka ett brett utbud av katedraler som \u00e5terspeglar dess rika historia och kulturella influenser. Var och en av regionens \u00e5tta provinser har sin egen katedral. En del stora, andra mindre.<br\/>Dessa byggnader har en m\u00e4ngd olika arkitektoniska stilar, fr\u00e5n gotik och ren\u00e4ssans till barock och nyklassicism, med element som ofta blandas ihop p\u00e5 grund av de l\u00e5nga byggperioderna.<\/p>\n\n<figure class=\"wp-block-image size-large is-resized\"><img loading=\"lazy\" decoding=\"async\" src=\"https:\/\/photos.smugmug.com\/Andalucia-Lovers\/Malaga\/Cathedrale-de-lIncarnation\/i-PGh8855\/0\/NSDKct3hLFBQMBgWLLXRdWR8ThTCWfSST4cnLL2Cz\/L\/chapel-cathedral-malaga-spain-1-L.jpg\" alt=\"Malagas katedral\" style=\"width:702px;height:auto\"\/><figcaption class=\"wp-element-caption\">Malagas katedral<\/figcaption><\/figure>\n\n<h3 class=\"wp-block-heading\">Katedraler som man inte f\u00e5r missa:<\/h3>\n\n<ul class=\"wp-block-list\">\n<li>Cordobas mosk\u00e9-katedral med sina ber\u00f6mda valv<\/li>\n\n\n\n<li>Den enorma <a href=\"https:\/\/andalucialovers.com\/sv\/besok-katedral-santa-maria-sede-sevilla\/\" target=\"_blank\" rel=\"noreferrer noopener\">katedralen i Sevilla<\/a> (den 3: <a href=\"https:\/\/andalucialovers.com\/sv\/besok-katedral-santa-maria-sede-sevilla\/\" target=\"_blank\" rel=\"noreferrer noopener\">e<\/a> st\u00f6rsta katedralen i v\u00e4rlden och den bredaste av de gotiska katedralerna)<\/li>\n\n\n\n<li>Den eleganta katedralen i Cadiz, i en helt annan stil<\/li>\n\n\n\n<li>&#8230;<\/li>\n<\/ul>\n\n<p>Se listan \u00f6ver <a href=\"https:\/\/andalucialovers.com\/sv\/katedraler-andalusien\/\" target=\"_blank\" rel=\"noreferrer noopener\">katedraler i Andalusien.<\/a><\/p>\n\n<h2 class=\"wp-block-heading\">11. Grottor (Nerja&#8230;)<\/h2>\n\n<figure class=\"wp-block-image size-large\"><img loading=\"lazy\" decoding=\"async\" src=\"https:\/\/photos.smugmug.com\/Andalucia-Lovers\/Nerja\/Cuevas-Nerja\/i-zcVMXS5\/0\/M2SPqMPcBwrBtkjSJ8jwSgwfDsHZDkGwpVBDXjLDc\/L\/cave-nerja-L.jpg\" alt=\"Grottan i Nerja: formationer\"\/><figcaption class=\"wp-element-caption\">Grottan i Nerja<\/figcaption><\/figure>\n\n<h3 class=\"wp-block-heading\">Varf\u00f6r det \u00e4r viktigt<\/h3>\n\n<p>Att utforska grottor \u00e4r ofta en favoritstund f\u00f6r hela familjen (utom f\u00f6r dem som lider av klaustrofobi&#8230;). Dessa platser erbjuder en unik m\u00f6jlighet att f\u00f6rdjupa sig i regionens geologiska och kulturella rikedom och att se landskap som du inte f\u00e5r beundra varje dag. Skulpturerna som skapats av naturen \u00e4r exceptionella!<br\/>Och dessutom \u00e4r det ett utm\u00e4rkt s\u00e4tt att svalka sig n\u00e4r det \u00e4r f\u00f6r varmt.<\/p>\n\n<figure class=\"wp-block-image size-large\"><img loading=\"lazy\" decoding=\"async\" src=\"https:\/\/photos.smugmug.com\/Andalucia-Lovers\/Aracena\/i-kGNFNv3\/0\/NMFjfFzTkK3KVrfqKBkVc3HN5RVfrcmFnxTGt8t59\/L\/grotte-aracena-L.jpg\" alt=\"Grottorna i Aracena\"\/><figcaption class=\"wp-element-caption\">Grottorna i Aracena<\/figcaption><\/figure>\n\n<h3 class=\"wp-block-heading\">Grottor som man inte f\u00e5r missa:<\/h3>\n\n<ul class=\"wp-block-list\">\n<li><strong>Nerjas grottor<\/strong>, k\u00e4nda f\u00f6r sina imponerande stalaktiter och stalagmiter samt sina stora grottor som str\u00e4cker sig \u00f6ver 4 kilometer.<\/li>\n\n\n\n<li><strong>Grottorna i Aracena<\/strong>, \u00e4ven k\u00e4nd som Gruta de las Maravillas (Underverkens grotta), k\u00e4nd f\u00f6r sina fantastiska underjordiska sj\u00f6ar och komplexa klippformationer.<\/li>\n<\/ul>\n\n<h2 class=\"wp-block-heading\">12. Troglodytes (Guadix&#8230;)<\/h2>\n\n<figure class=\"wp-block-image size-large\"><img loading=\"lazy\" decoding=\"async\" src=\"https:\/\/photos.smugmug.com\/Travel\/Andalucia\/8b-Guadix\/i-rqmXHc3\/2\/M8d38jN2gZ4MGD7sDmXBzWPZHM4vLmdgbPVgDmWtC\/L\/Guadix_Andalucia_Spain-1904-L.jpg\" alt=\"Troglodyter i Guadix\"\/><\/figure>\n\n<h3 class=\"wp-block-heading\">Varf\u00f6r det \u00e4r viktigt<\/h3>\n\n<p>Ett bes\u00f6k i Guadix-regionen och dess troglodythus \u00e4r en av de mest fascinerande attraktionerna. Det \u00e4r en av de st\u00f6rsta koncentrationerna av grottbost\u00e4der i Europa. De \u00e4r uthuggna ur de mjuka lerkullarna och skapar ett surrealistiskt landskap i de ockraf\u00e4rgade kullarna.<br\/>Grottorna har anv\u00e4nts i \u00e5rhundraden och m\u00e5nga \u00e4r fortfarande bebodda idag, vilket ger en levande l\u00e4nk till det f\u00f6rflutna. Det finns cirka 2.000 grottbost\u00e4der i regionen, d\u00e4r n\u00e4stan 3.000 m\u00e4nniskor fortfarande bor.<\/p>\n\n<figure class=\"wp-block-image size-large\"><img loading=\"lazy\" decoding=\"async\" src=\"https:\/\/photos.smugmug.com\/Travel\/Andalucia\/8d-Gorafe\/i-QMNXn66\/2\/NbTp7bPFhtPWTmXDQCpx8H88tx8mDBJqVRzCDz4KR\/L\/Gorafe_Andalucia_Spain-5540-L.jpg\" alt=\"Troglodytiskt hus i Gorafe\"\/><\/figure>\n\n<h3 class=\"wp-block-heading\">Troglodytplatser som man inte f\u00e5r missa:<\/h3>\n\n<ul class=\"wp-block-list\">\n<li>det stora n\u00e4tverket av grottbost\u00e4der i Guadix<\/li>\n\n\n\n<li>Den lilla byn Marchal som \u00e4r uthuggen ur berget<\/li>\n\n\n\n<li>byn Gorade, omgiven av Badlands<\/li>\n<\/ul>\n\n<h2 class=\"wp-block-heading\">13. Museer (Beaux-arts, Picasso&#8230;)<\/h2>\n\n<figure class=\"wp-block-image size-large\"><img loading=\"lazy\" decoding=\"async\" src=\"https:\/\/photos.smugmug.com\/Andalucia-Lovers\/Malaga\/Best-of\/i-zRR6h8X\/0\/NSZmkxR6rSg3kBcVJ5PtppZs9QQhGcqqPHDDjzQ3k\/L\/visit-city-malaga-spain-05-L.jpg\" alt=\"Carmen Thyssen-museet\"\/><figcaption class=\"wp-element-caption\">Carmen Thyssen-museet<\/figcaption><\/figure>\n\n<h3 class=\"wp-block-heading\">Varf\u00f6r det \u00e4r viktigt<\/h3>\n\n<p>Och gl\u00f6m inte att bes\u00f6ka Andalusiens ber\u00f6mda museer. De erbjuder en rik utforskning av dess m\u00e5ngsidiga kulturarv, konstn\u00e4rliga prestationer och historiska betydelse. Samlingarna \u00e4r varierande: flamenco, arkeologi, konst, sakral konst&#8230;<\/p>\n\n<figure class=\"wp-block-image size-large\"><img loading=\"lazy\" decoding=\"async\" src=\"https:\/\/photos.smugmug.com\/Andalucia-Lovers\/Sevilla\/Mus%C3%A9es\/Museo-de-bellas-artes\/i-qp768fh\/0\/pLNS7zrDJ3sgvjqcjJMJgPpZGgPmGdwPTQV9g4p3\/L\/sevilla-museobellasartes-velazquez-L.jpg\" alt=\"Sevillas museum f&#xF6;r sk&#xF6;n konst\"\/><\/figure>\n\n<h3 class=\"wp-block-heading\">Museer som du inte f\u00e5r missa:<\/h3>\n\n<ul class=\"wp-block-list\">\n<li><strong>Sevillas konstmuseum<\/strong>, med en imponerande samling verk fr\u00e5n medeltiden till b\u00f6rjan av 1900-talet<\/li>\n\n\n\n<li><strong>Carmen Thyssen Museum (Malaga)<\/strong>, samling av spanskt 1800-talsm\u00e5leri, med s\u00e4rskilt fokus p\u00e5 andalusisk konst<\/li>\n\n\n\n<li><strong>Picasso-museet (Malaga)<\/strong>: Till\u00e4gnat Pablo Picasso, som f\u00f6ddes i Malaga, och hans verk<\/li>\n\n\n\n<li><strong>Arkeologiska museet i Cordoba,<\/strong> med utst\u00e4llningar fr\u00e5n alla epoker<\/li>\n<\/ul>\n\n<h2 class=\"wp-block-heading\">14. Arkitektoniska \u00f6verraskningar (Rondabron, Las Setas&#8230;)<\/h2>\n\n<figure class=\"wp-block-image size-large\"><img loading=\"lazy\" decoding=\"async\" src=\"https:\/\/photos.smugmug.com\/Andalucia-Lovers\/Ronda\/Best-of\/i-vTrmzJL\/0\/D75vz9ZdbrKs8FvKNKJ6vHhdKzktkVPSRfNp2xrNF\/L\/visit-ronda-city-6-L.jpg\" alt=\"Rondas bro\"\/><figcaption class=\"wp-element-caption\">Rondas bro<\/figcaption><\/figure>\n\n<h3 class=\"wp-block-heading\">Varf\u00f6r det \u00e4r viktigt<\/h3>\n\n<p>Vi har talat mycket om katedraler, st\u00e4der, byar och f\u00e4stningar. Men ibland finns det arkitektoniska \u00f6verraskningar som inte passar in i n\u00e5gon kategori, s\u00e5 vi delar dem med dig ocks\u00e5, s\u00e5 att du inte missar det!<\/p>\n\n<figure class=\"wp-block-image size-large\"><img loading=\"lazy\" decoding=\"async\" src=\"https:\/\/photos.smugmug.com\/Travel\/Andalucia\/21f-Las-Setas-de-Sevilla\/i-jNr4rf4\/2\/FdMpmBfmPkDX2H3njBGWSRjq46s3J9dXtKjrdx8Cn\/L\/Las_setas_Seville_Andalucia_Spain-0908-L.jpg\" alt=\"Las Setas\"\/><figcaption class=\"wp-element-caption\">Las Setas<\/figcaption><\/figure>\n\n<h3 class=\"wp-block-heading\">De \u00f6gonblick som \u00f6verraskade oss mest:<\/h3>\n\n<ul class=\"wp-block-list\">\n<li>Pont Neuf de Ronda, byggd p\u00e5 1700-talet, \u00e4r en majest\u00e4tisk bro med flera b\u00e5gar som sp\u00e4nner \u00f6ver den spektakul\u00e4ra Tajo-kanjonen och f\u00f6rbinder den medeltida medinan med den modernare delen av Ronda.  <\/li>\n\n\n\n<li>Sevillas &#8221;Las setas&#8221; \u00e4r ett smeknamn som Metropols parasoll f\u00e5tt p\u00e5 grund av sin svampliknande form. Den 150 x 75 meter stora och 28 meter h\u00f6ga tr\u00e4konstruktionen, som vilar p\u00e5 sex pelare, ritades av den tyske arkitekten J\u00fcrgen Hermann Mayer.<\/li>\n\n\n\n<li>Centre Pompidou M\u00e1laga: Detta museum f\u00f6r samtida konst utm\u00e4rker sig genom sin f\u00e4rgstarka &#8221;Cubo&#8221;, en kubisk glasstruktur designad av Daniel Buren<\/li>\n\n\n\n<li>Plaza de Espa\u00f1a i Sevilla: Detta halvcirkelformade torg med sina broar och f\u00e4rgglada azulejos \u00e4r visserligen v\u00e4lk\u00e4nt, men det \u00e4r \u00e4nd\u00e5 en imponerande arkitektonisk \u00f6verraskning.<\/li>\n<\/ul>\n\n<div style=\"background-color:#fefefe;margin-top:8%;margin-bottom:8%\" class=\"wp-block-genesis-blocks-gb-container box gb-block-container\"><div class=\"gb-container-inside\"><div class=\"gb-container-content\" style=\"max-width:700px\">\n<div class=\"wp-block-columns inverse is-layout-flex wp-container-core-columns-is-layout-9d6595d7 wp-block-columns-is-layout-flex\">\n<div class=\"wp-block-column texte_planif is-layout-flow wp-block-column-is-layout-flow\" style=\"flex-basis:58%\">\n<h5 class=\"titre_box\" style=\"padding-top:10px\">PLANERA DIN DR\u00d6MRESA TILL <span class=\"titre_box_manuscrit\">andalusien<\/span><\/h5>\n\n\n\n<div class=\"wp-block-genesis-blocks-gb-container gb-block-container\"><div class=\"gb-container-inside\"><div class=\"gb-container-content\">\n<p style=\"font-size:14px\">All information du beh\u00f6ver f\u00f6r din resa:<\/p>\n<\/div><\/div><\/div>\n\n\n\n<div class=\"wp-block-genesis-blocks-gb-container gb-block-container\"><div class=\"gb-container-inside\"><div class=\"gb-container-content\"><\/div><\/div><\/div>\n\n\n\n<ul class=\"wp-block-list\" style=\"font-size:14px\" id=\"liste_discover\">\n<li>7 kartor som underl\u00e4ttar planeringen<\/li>\n\n\n\n<li>+ 150 p\u00e5 f\u00f6rhand utvalda m\u00f6tesplatser<\/li>\n\n\n\n<li>Praktiska r\u00e5d<\/li>\n\n\n\n<li>+ 300 bilder som hj\u00e4lper dig att v\u00e4lja<\/li>\n<\/ul>\n\n\n\n<div class=\"wp-block-buttons has-custom-font-size bouton_10 is-content-justification-center is-layout-flex wp-container-core-buttons-is-layout-14c487f4 wp-block-buttons-is-layout-flex\" style=\"font-size:13px\">\n<div class=\"wp-block-button has-custom-font-size\" style=\"font-size:14px\"><a class=\"wp-block-button__link has-white-color has-text-color wp-element-button\" href=\"https:\/\/andalucialovers.com\/sv\/ebok-guide-road-trip-andalusien\/\" style=\"border-radius:4px\" target=\"_blank\" rel=\"noreferrer noopener\">Uppt\u00e4ck<strong> <\/strong>&gt;&gt;<\/a><\/div>\n<\/div>\n<\/div>\n\n\n\n<div class=\"wp-block-column is-layout-flow wp-block-column-is-layout-flow\" style=\"flex-basis:42%\">\n<div class=\"wp-block-genesis-blocks-gb-container ebook-radius gb-block-container\"><div class=\"gb-container-inside\"><div class=\"gb-container-content\"><div class=\"wp-block-image ebook-image\">\n<figure class=\"aligncenter size-full is-resized\"><img loading=\"lazy\" decoding=\"async\" src=\"https:\/\/andalucialovers.com\/wp-content\/uploads\/2024\/06\/Road-trip-Guide-Andalucia-eBook-cover-5.jpg\" alt=\"Andalusien reseguide eBook Omslag\" class=\"wp-image-317\" style=\"width:203px;height:157px\"\/><\/figure>\n<\/div><\/div><\/div><\/div>\n<\/div>\n<\/div>\n<\/div><\/div><\/div>\n\n<h2 class=\"wp-block-heading\">15. Vulkaniska landskap (Cabo de Gata)<\/h2>\n\n<figure class=\"wp-block-image size-large\"><img loading=\"lazy\" decoding=\"async\" src=\"https:\/\/photos.smugmug.com\/Travel\/Andalucia\/9c-Playa-de-los-Muertos\/i-d9FX6kr\/2\/LMPMQ44VvQqjG9Hm7d84kJ2bfrp3NWS7CGtb5sZzD\/L\/Playa_de_los_Muertos_Andalucia_Spain-6016-L.jpg\" alt=\"Playa de los Muertos\"\/><figcaption class=\"wp-element-caption\">Playa de los Muertos<\/figcaption><\/figure>\n\n<h3 class=\"wp-block-heading\">Varf\u00f6r det \u00e4r viktigt<\/h3>\n\n<p>Att uppt\u00e4cka den naturliga milj\u00f6n i Cabo de Gata \u00e4r en unik och f\u00e4ngslande upplevelse. Naturparken Cabo de Gata har ett torrt klimat och dess geologiska formationer av vulkaniskt ursprung (bildade f\u00f6r mellan 15 och 16 miljoner \u00e5r sedan) skapar ett s\u00e4llsynt och fascinerande landskap att utforska.<br\/>Parken har den l\u00e4ngsta str\u00e4ckan av or\u00f6rd kust i Andalusien. Bes\u00f6kare kan uppt\u00e4cka f\u00f6rtrollande str\u00e4nder, branta klippor och kristallklart vatten.<\/p>\n\n<figure class=\"wp-block-image size-large\"><img loading=\"lazy\" decoding=\"async\" src=\"https:\/\/photos.smugmug.com\/Andalucia-Lovers\/Cabo-de-Gata-nijar\/Cabo-de-Gata\/i-QZs275n\/0\/NNTxfVjqpwB2Qm7z98gpGtkKR2wQD4rjqsQbtRKrj\/L\/cabo-gata-L.jpg\" alt=\"Cabo de gata: Landskap\"\/><\/figure>\n\n<h3 class=\"wp-block-heading\">\u00d6gonblick som man inte f\u00e5r missa:<\/h3>\n\n<ul class=\"wp-block-list\">\n<li>Utsikt \u00f6ver PLaya de los Muertos<\/li>\n\n\n\n<li>Alla v\u00e4gar med gamla vulkaner<\/li>\n\n\n\n<li>Cabo de Gata-fyren och den oj\u00e4mna kustlinjen<\/li>\n\n\n\n<li>Byarna i hj\u00e4rtat av parken<\/li>\n\n\n\n<li>&#8230;<\/li>\n<\/ul>\n\n<h2 class=\"wp-block-heading\">16. \u00d6kenlandskap (Tabernas)<\/h2>\n\n<figure class=\"wp-block-image size-large\"><img loading=\"lazy\" decoding=\"async\" src=\"https:\/\/photos.smugmug.com\/Andalucia-Lovers\/Guadix\/Tabernas\/i-zWv3vnm\/0\/LKcFhZZwzFgq2cTVnLhDDwCHKLkDMcmjQ4xJDJQpZ\/L\/desert-tabernas-L.jpg\" alt=\"Tabernas &#xF6;ken\"\/><\/figure>\n\n<h3 class=\"wp-block-heading\">Varf\u00f6r det \u00e4r viktigt<\/h3>\n\n<p>Tabernas\u00f6knen, som t\u00e4cker en yta p\u00e5 cirka 280 km2, anses vara den enda riktiga \u00f6knen i Europa. Regionen har en spektakul\u00e4r badlands-topografi, som k\u00e4nnetecknas av djupt eroderade raviner, torra flodb\u00e4ddar och sl\u00e5ende klippformationer.<br\/>Dessutom har \u00f6knen anv\u00e4nts som kuliss f\u00f6r m\u00e5nga filmer, s\u00e4rskilt v\u00e4sternfilmer, vilket har gett den smeknamnet &#8221;Andalusiska Hollywood&#8221;. Du kan utforska gamla filminspelningar och uppt\u00e4cka det landskap som f\u00e4ngslade filmskapare i \u00e5rtionden.<\/p>\n\n<figure class=\"wp-block-image size-large\"><img loading=\"lazy\" decoding=\"async\" src=\"https:\/\/photos.smugmug.com\/Travel\/Andalucia\/9b-Tabernas-desert\/i-j8Jq4dk\/2\/MXvm7w7P6rcwzdt6KvcZ3WxVftWdcQxVffBbFzzb7\/L\/Desert_Tabernas_Andalucia_Spain-5965-L.jpg\" alt=\"Fort Bravo\"\/><\/figure>\n\n<h3 class=\"wp-block-heading\">\u00d6kenupplevelser som man inte f\u00e5r missa:<\/h3>\n\n<ul class=\"wp-block-list\">\n<li>Ravinerna<\/li>\n\n\n\n<li>Filminspelningar som Fort Bravo (Texas Hollywood)  <\/li>\n\n\n\n<li>Badlands runt Gorafe<\/li>\n\n\n\n<li>Vandring,  <\/li>\n\n\n\n<li>4&#215;4-utflykter&#8230;<\/li>\n<\/ul>\n\n<h2 class=\"wp-block-heading\">17. Kultur, musik och dans (Flamenco&#8230;)<\/h2>\n\n<figure class=\"wp-block-image size-large\"><img loading=\"lazy\" decoding=\"async\" src=\"https:\/\/photos.smugmug.com\/Andalucia-Lovers\/Sevilla\/Mus%C3%A9es\/Museo-del-Baile-Flamenco\/i-82MLq5q\/0\/SqzvLXC5PvgwgStpDjDfLCH7KKNcv44D34mhvzvq\/L\/sevilla-museoflamenco-show-L.jpg\" alt=\"Flamenco-f&#xF6;rest&#xE4;llning\"\/><\/figure>\n\n<h3 class=\"wp-block-heading\">Varf\u00f6r det \u00e4r viktigt<\/h3>\n\n<p>Du kan ocks\u00e5 uppt\u00e4cka lokal musik och dans, s\u00e4rskilt flamenco. En m\u00e4ngd upplevelser g\u00f6r att du kan f\u00f6rdjupa dig i regionens rika kulturarv och livfulla konstn\u00e4rliga uttryck.  <\/p>\n\n<figure class=\"wp-block-image size-large\"><img loading=\"lazy\" decoding=\"async\" src=\"https:\/\/photos.smugmug.com\/Travel\/Andalucia\/22d-Seville-other\/i-R2pSCFr\/2\/K5SZWHjHF7t4QrBptzv6RZNtwRDP6wZqPsbgKJHjP\/L\/IMG_2925-L.jpg\" alt=\"Musikspelare i Sevilla\"\/><\/figure>\n\n<h3 class=\"wp-block-heading\">Kulturella h\u00f6jdpunkter som du inte f\u00e5r missa:<\/h3>\n\n<ul class=\"wp-block-list\">\n<li>Flamenco, med arenor i alla st\u00f6rre st\u00e4der. Den f\u00f6rkroppsligar andan och k\u00e4nslorna hos det andalusiska folket<\/li>\n\n\n\n<li>Musikanter i varje gath\u00f6rn, s\u00e4rskilt i Sevilla<\/li>\n\n\n\n<li>Tjurf\u00e4ktning: i flera st\u00e4der kan du bes\u00f6ka tjurf\u00e4ktningsarenor och l\u00e4ra dig mer om denna tradition.  <\/li>\n<\/ul>\n\n<h2 class=\"wp-block-heading\">18. Nationalparker (Sierra Nevada, Do\u00f1ana&#8230;)<\/h2>\n\n<figure class=\"wp-block-image size-large\"><img loading=\"lazy\" decoding=\"async\" src=\"https:\/\/photos.smugmug.com\/Travel\/Andalucia\/11e-Capileira\/i-X8SPZtr\/2\/KWFwzLHmFRvXGFmZMtgX5FZJgdvD7ndKZ5mGvQbXG\/L\/Capileira_Andalucia_Spain-6678-L.jpg\" alt=\"Sierra Nevada\"\/><\/figure>\n\n<p>Andalusien har 3 nationalparker.  <\/p>\n\n<h3 class=\"wp-block-heading\">Do\u00f1ana nationalpark<\/h3>\n\n<p>Do\u00f1ana \u00e4r en av Europas viktigaste v\u00e5tmarker och finns med p\u00e5 UNESCO:s v\u00e4rldsarvslista. H\u00e4r finns en m\u00e4ngd olika ekosystem, bland annat tr\u00e4skmarker, sanddyner och skogar. Om du \u00e4r f\u00e5gelsk\u00e5dare kommer du att se en m\u00e4ngd olika vilda arter.<\/p>\n\n<h3 class=\"wp-block-heading\">Sierra Nevada nationalpark<\/h3>\n\n<p>Den mest k\u00e4nda av de tre. I denna bergspark finns de h\u00f6gsta topparna p\u00e5 det spanska fastlandet, bland annat Mulhac\u00e9n och Veleta. Parken \u00e4r ett paradis f\u00f6r friluftsentusiaster som kan \u00e4gna sig \u00e5t aktiviteter som vandring, skid\u00e5kning och mountainbike.<br\/>Parken \u00e4r rik p\u00e5 biologisk m\u00e5ngfald, med m\u00e5nga endemiska arter av v\u00e4xter och djur. Det \u00e4r s\u00e4rskilt k\u00e4nt f\u00f6r sin alpina flora<\/p>\n\n<figure class=\"wp-block-image size-large\"><img loading=\"lazy\" decoding=\"async\" src=\"https:\/\/photos.smugmug.com\/Travel\/Andalucia\/11c-Pampaneira\/i-Rv2zMDP\/2\/KkKcX7xd3ww5hV5NrcsSzMNCLjNTq5LWCXG6GkK2J\/L\/Sierra_Nevada_Andalucia_Spain-6732-L.jpg\" alt=\"by i Sierra Nevada\"\/><\/figure>\n\n<h3 class=\"wp-block-heading\">Sierra de las Nieves nationalpark<\/h3>\n\n<p>Detta \u00e4r den senaste. Sierra de las Nieves \u00e4r k\u00e4nt f\u00f6r sin kuperade terr\u00e4ng, kalkstensformationer och frodiga skogar. H\u00e4r finns en m\u00e4ngd olika livsmilj\u00f6er, bland annat medelhavsskogar och unika karstlandskap.<\/p>\n\n<h2 class=\"wp-block-heading\">Och p\u00e5 v\u00e4g utomlands: Gibraltar<\/h2>\n\n<p>Fr\u00e5n Andalusien kan du ocks\u00e5 uppt\u00e4cka Gibraltarklippan, som kombinerar hisnande natursk\u00f6nhet med en rik historia och kulturell m\u00e5ngfald.  <br\/>Omr\u00e5det har en fascinerande blandning av brittiska och spanska influenser, vilket m\u00e4rks i arkitekturen, k\u00f6ket och de lokala traditionerna.  <\/p>\n\n<h2 class=\"wp-block-heading\">Vanliga fr\u00e5gor och svar<\/h2>\n\n<h3 class=\"wp-block-heading\">Gratis attraktioner i Andalusien<\/h3>\n\n<ol class=\"wp-block-list\">\n<li>Njut av str\u00e4nderna<\/li>\n\n\n\n<li>Vandring<\/li>\n\n\n\n<li>Bes\u00f6k de vita byarna<\/li>\n\n\n\n<li>Lyssna p\u00e5 musiker p\u00e5 gatorna<\/li>\n\n\n\n<li>M\u00e5nga arkeologiska platser \u00e4r gratis f\u00f6r europeiska inv\u00e5nare och endast 1,50 euro f\u00f6r icke-europ\u00e9er!<\/li>\n<\/ol>\n\n<figure class=\"wp-block-image size-large\"><img loading=\"lazy\" decoding=\"async\" src=\"https:\/\/photos.smugmug.com\/Travel\/Andalucia\/6b-Zuheros\/i-5hxFbDV\/2\/NSGXgvwmzkmCwZjd629q94Xd7N9WBc8MsHvSSKrDR\/L\/Zuheros_Andalucia_Spain-4293-L.jpg\" alt=\"Zuheros\"\/><figcaption class=\"wp-element-caption\">Zuheros<\/figcaption><\/figure>\n\n<h3 class=\"wp-block-heading\">Hemliga platser i Andalusien<\/h3>\n\n<ol class=\"wp-block-list\">\n<li>Cerro del Hierro ligger i norr, l\u00e5ngt fr\u00e5n turistorterna, d\u00e4r det finns m\u00e5nga lokalbefolkningen men mycket f\u00e4rre utl\u00e4ndska turister.<\/li>\n\n\n\n<li>Byn Zuheros<\/li>\n\n\n\n<li>Den arkeologiska platsen Acinipo<\/li>\n\n\n\n<li>Byn Gorafe<\/li>\n<\/ol>\n\n<h3 class=\"wp-block-heading\">Vad man kan g\u00f6ra i Andalusien utan bil<\/h3>\n\n<ol class=\"wp-block-list\">\n<li>Basera dig i Sevilla f\u00f6r att utforska staden och bes\u00f6ka det omgivande omr\u00e5det med t\u00e5g eller p\u00e5 en guidad tur (Italica, Cordoba, Ronda, vita byar &#8230;)<\/li>\n\n\n\n<li>Basera dig i Malaga f\u00f6r att utforska staden, njuta av str\u00e4nderna och bes\u00f6ka det omgivande omr\u00e5det med t\u00e5g eller p\u00e5 en guidad tur (Caminito del Rey, vita byar, Ronda &#8230;).<\/li>\n\n\n\n<li>Rundresa med t\u00e5g till st\u00f6rre st\u00e4der: Sevilla, Granada, Malaga och Courdoue<\/li>\n<\/ol>\n\n<h3 class=\"wp-block-heading\">Romantiska aktiviteter i Andalusien<\/h3>\n\n<ol class=\"wp-block-list\">\n<li>Promenera l\u00e4ngs de vackra, of\u00f6rst\u00f6rda str\u00e4nderna i Cabo de Gata<\/li>\n\n\n\n<li>Se solen g\u00e5 ner \u00f6ver Plaza de Espana i Sevilla och se byggnadens lampor t\u00e4ndas<\/li>\n\n\n\n<li>Vandra genom Baezas smala gator och runt staden med utsikten, p\u00e5 kv\u00e4llen n\u00e4r turisterna har l\u00e4mnat<\/li>\n<\/ol>\n\n<figure class=\"wp-block-image size-large\"><img loading=\"lazy\" decoding=\"async\" src=\"https:\/\/photos.smugmug.com\/Andalucia-Lovers\/Sevilla\/Plaza-de-Espana\/i-DMPPT5P\/0\/MN8b6S8LH3VZvxFcBPK5mx2hcz39MhM43Rh2LxcfR\/L\/plaza-espana-L.jpg\" alt=\"Plaza de Espana\"\/><\/figure>\n\n<h3 class=\"wp-block-heading\">De mest bes\u00f6kta platserna i Andalusien<\/h3>\n\n<ul class=\"wp-block-list\">\n<li>Alhambra i Granada<\/li>\n\n\n\n<li>Mosk\u00e9n och katedralen i Cordoba<\/li>\n\n\n\n<li>Alcazar i Sevilla<\/li>\n<\/ul>\n\n<h3 class=\"wp-block-heading\">Vad man kan g\u00f6ra i Andalusien n\u00e4r det \u00e4r f\u00f6r varmt<\/h3>\n\n<ol class=\"wp-block-list\">\n<li>Kl\u00e4ttring i Sierra Nevada-bergen<\/li>\n\n\n\n<li>Nedg\u00e5ng i underjordiska grottor<\/li>\n\n\n\n<li>Bes\u00f6ka museer<\/li>\n<\/ol>\n\n<h3 class=\"wp-block-heading\">Vad man kan g\u00f6ra i Andalusien n\u00e4r det regnar<\/h3>\n\n<ol class=\"wp-block-list\">\n<li>Bes\u00f6ka museer<\/li>\n\n\n\n<li>Nedg\u00e5ng i underjordiska grottor<\/li>\n\n\n\n<li>Utforska de vita byarna, som ocks\u00e5 \u00e4r mycket charmiga i regnet, och mindre tr\u00e5nga!<\/li>\n<\/ol>\n\n<div style=\"margin-top:8%;margin-bottom:8%\" class=\"wp-block-genesis-blocks-gb-container box gb-block-container\"><div class=\"gb-container-inside\"><div class=\"gb-container-content\" style=\"max-width:700px\">\n<div class=\"wp-block-genesis-blocks-gb-container box_titre gb-block-container\"><div class=\"gb-container-inside\"><div class=\"gb-container-content\">\n<h5 class=\"titre_box\"><span>PLANERA DIN RESA TILL <\/span><span class=\"titre_box_manuscrit\">Andalusien<\/span><\/h5>\n<\/div><\/div><\/div>\n\n\n\n<hr class=\"wp-block-separator has-text-color has-alpha-channel-opacity has-background is-style-wide hr-box-planif\" style=\"background-color:#ccd3dd;color:#ccd3dd\"\/>\n\n\n\n<div class=\"wp-block-genesis-blocks-gb-container gb-block-container\"><div class=\"gb-container-inside\"><div class=\"gb-container-content\">\n<div class=\"wp-block-columns box_sans_border is-layout-flex wp-container-core-columns-is-layout-9d6595d7 wp-block-columns-is-layout-flex\">\n<div class=\"wp-block-column texte_planif is-layout-flow wp-block-column-is-layout-flow\" style=\"flex-basis:60%\">\n<p class=\"soustitre_planif\"><strong>Inspiration<\/strong><\/p>\n\n\n\n<ul class=\"wp-block-list\">\n<li style=\"font-size:14px\"><a href=\"https:\/\/andalucialovers.com\/sv\/sevardheter-andalusien-att-gora\/\" target=\"_blank\" rel=\"noreferrer noopener\">Vad man kan g\u00f6ra i Andalusien<\/a><\/li>\n\n\n\n<li style=\"font-size:14px\"><a href=\"https:\/\/andalucialovers.com\/sv\/basta-staderna-andalusien\/\" target=\"_blank\" rel=\"noreferrer noopener\">De vackraste st\u00e4derna<\/a><\/li>\n\n\n\n<li style=\"font-size:14px\"><a href=\"https:\/\/andalucialovers.com\/sv\/basta-stranderna-andalusien-listan\/\" target=\"_blank\" rel=\"noreferrer noopener\">De vackraste str\u00e4nderna<\/a><\/li>\n\n\n\n<li style=\"font-size:14px\"><a href=\"https:\/\/andalucialovers.com\/sv\/basta-vita-byarna-andalusien\/\" target=\"_blank\" rel=\"noreferrer noopener\">De vackraste vita byarna<\/a><\/li>\n\n\n\n<li style=\"font-size:14px\"><a href=\"https:\/\/andalucialovers.com\/sv\/katedraler-andalusien\/\" target=\"_blank\" rel=\"noreferrer noopener\">Katedralerna<\/a><\/li>\n\n\n\n<li style=\"font-size:14px\"><a href=\"https:\/\/andalucialovers.com\/sv\/arkeologiska-utgravningar-andalusien-ruiner\/\" target=\"_blank\" rel=\"noreferrer noopener\">Arkeologiska platser<\/a><\/li>\n\n\n\n<li style=\"font-size:14px\"><a data-type=\"post\" data-id=\"2221\" href=\"https:\/\/andalucialovers.com\/sv\/cordoba-eller-sevilla-eller-granada\/\" target=\"_blank\" rel=\"noreferrer noopener\">Sevilla, Cordoba eller Granada?<\/a><\/li>\n\n\n\n<li style=\"font-size:14px\"><a href=\"https:\/\/andalucialovers.com\/sv\/basta-museerna-andalusien\/\" target=\"_blank\" rel=\"noreferrer noopener\">B\u00e4sta museerna<\/a><\/li>\n\n\n\n<li style=\"font-size:14px\"><a href=\"https:\/\/andalucialovers.com\/sv\/basta-slotten-palatsen-andalusien\/\" target=\"_blank\" rel=\"noreferrer noopener\">Slott och palats<\/a><\/li>\n\n\n\n<li style=\"font-size:14px\"><a href=\"https:\/\/andalucialovers.com\/sv\/andalusien-gomda-parlor-hemliga-platser\/\" target=\"_blank\" rel=\"noreferrer noopener\">Hemliga platser<\/a><\/li>\n<\/ul>\n<\/div>\n\n\n\n<div class=\"wp-block-column is-vertically-aligned-top planif-radius is-layout-flow wp-block-column-is-layout-flow\" style=\"flex-basis:40%\">\n<figure class=\"wp-block-image size-large img-portrait\"><img loading=\"lazy\" decoding=\"async\" src=\"https:\/\/photos.smugmug.com\/Travel\/Andalucia\/6b-Zuheros\/i-VRKFTdz\/1\/CNkgtxtms75zqS5pTQbm8FKsGCDk3kHvJFzJqmP2z\/S\/Zuheros_Andalucia_Spain-4306-S.jpg\" alt=\"Zuheros\" title=\"\"\/><\/figure>\n<\/div>\n<\/div>\n\n\n\n<hr class=\"wp-block-separator has-text-color has-alpha-channel-opacity has-background is-style-wide hr-box-planif\" style=\"background-color:#ccd3dd;color:#ccd3dd\"\/>\n\n\n\n<div class=\"wp-block-columns box_sans_border is-layout-flex wp-container-core-columns-is-layout-9d6595d7 wp-block-columns-is-layout-flex\">\n<div class=\"wp-block-column texte_planif is-layout-flow wp-block-column-is-layout-flow\" style=\"flex-basis:60%\">\n<p class=\"soustitre_planif\"><strong>\u00d6vning<\/strong><\/p>\n\n\n\n<ul class=\"wp-block-list\">\n<li style=\"font-size:14px\"><a href=\"https:\/\/andalucialovers.com\/sv\/var-ska-bo-andalusien-basta-omradena\/\" data-type=\"post\" data-id=\"2632\" target=\"_blank\" rel=\"noreferrer noopener\">Var man kan bo i Andalusien<\/a><\/li>\n\n\n\n<li style=\"font-size:14px\"><a href=\"https:\/\/andalucialovers.com\/sv\/basta-5-stjarniga-hotellen-andalusien-lyx-recensioner\/\" type=\"post\" id=\"6105\" target=\"_blank\" rel=\"noreferrer noopener\">De b\u00e4sta lyxhotellen i Andalusien<\/a><\/li>\n\n\n\n<li style=\"font-size:14px\"><a href=\"https:\/\/andalucialovers.com\/sv\/basta-restaurang-andalusien-ata-recensioner\/\" target=\"_blank\" rel=\"noreferrer noopener\">B\u00e4sta restaurangerna<\/a><\/li>\n\n\n\n<li style=\"font-size:14px\"><a data-type=\"post\" data-id=\"3712\" href=\"https:\/\/andalucialovers.com\/sv\/hur-hyr-bil-andalusien-tips-erfarenhet\/\" target=\"_blank\" rel=\"noreferrer noopener\">Hyr en bil i Andalusien<\/a><\/li>\n\n\n\n<li style=\"font-size:14px\"><a href=\"https:\/\/andalucialovers.com\/sv\/korning-andalusien-tips\/\" target=\"_blank\" rel=\"noreferrer noopener\">K\u00f6rning i Andalusien<\/a><\/li>\n<\/ul>\n<\/div>\n\n\n\n<div class=\"wp-block-column is-vertically-aligned-top planif-radius is-layout-flow wp-block-column-is-layout-flow\" style=\"flex-basis:40%\">\n<figure class=\"wp-block-image size-large img-portrait\"><img loading=\"lazy\" decoding=\"async\" src=\"https:\/\/photos.smugmug.com\/Travel\/Andalucia\/Accommodations\/i-QBDJnG7\/1\/4ZLWzw32dnhwGLrbmXL5HqSdBXzWBRMQhfVrcKD4\/S\/accommodation_Tarifa_Andalucia_Spain-2764-S.jpg\" alt=\"Hotell i Tarifa\" title=\"\"\/><\/figure>\n<\/div>\n<\/div>\n\n\n\n<hr class=\"wp-block-separator has-text-color has-alpha-channel-opacity has-background is-style-wide hr-box-planif\" style=\"background-color:#ccd3dd;color:#ccd3dd\"\/>\n\n\n\n<div class=\"wp-block-columns box_sans_border is-layout-flex wp-container-core-columns-is-layout-9d6595d7 wp-block-columns-is-layout-flex\">\n<div class=\"wp-block-column texte_planif is-layout-flow wp-block-column-is-layout-flow\" style=\"flex-basis:60%\">\n<p class=\"soustitre_planif\"><strong>Platser du inte f\u00e5r missa<\/strong><\/p>\n\n\n\n<ul class=\"wp-block-list\">\n<li style=\"font-size:14px\"><a href=\"https:\/\/andalucialovers.com\/sv\/sevardheter-sevilla-att-gora\/\" target=\"_blank\" rel=\"noreferrer noopener\">Sevilla<\/a><\/li>\n\n\n\n<li style=\"font-size:14px\"><a data-type=\"post\" data-id=\"2328\" href=\"https:\/\/andalucialovers.com\/sv\/sevardheter-cordoba-att-gora\/\" target=\"_blank\" rel=\"noreferrer noopener\">Cordoba<\/a><\/li>\n\n\n\n<li style=\"font-size:14px\"><a href=\"https:\/\/andalucialovers.com\/sv\/sevardheter-granada-att-gora\/\" target=\"_blank\" rel=\"noreferrer noopener\">Grenada<\/a><\/li>\n\n\n\n<li style=\"font-size:14px\"><a href=\"https:\/\/andalucialovers.com\/sv\/sevardheter-ronda-att-gora\/\" target=\"_blank\" rel=\"noreferrer noopener\">Ronda<\/a><\/li>\n\n\n\n<li style=\"font-size:14px\"><a href=\"https:\/\/andalucialovers.com\/sv\/sevardheter-malaga-att-gora\/\" target=\"_blank\" rel=\"noreferrer noopener\">Malaga<\/a><\/li>\n\n\n\n<li style=\"font-size:14px\"><a data-type=\"post\" data-id=\"3597\" href=\"https:\/\/andalucialovers.com\/sv\/sevardheter-cadiz-att-gora\/\" target=\"_blank\" rel=\"noreferrer noopener\">Cadiz<\/a><\/li>\n\n\n\n<li style=\"font-size:14px\">Cabo de Gata<\/li>\n\n\n\n<li style=\"font-size:14px\"><a href=\"https:\/\/andalucialovers.com\/sv\/sevardheter-antequera-att-gora\/\" target=\"_blank\" rel=\"noreferrer noopener\">Antequera<\/a><\/li>\n\n\n\n<li style=\"font-size:14px\">Baeza och Ubuda<\/li>\n<\/ul>\n<\/div>\n\n\n\n<div class=\"wp-block-column is-vertically-aligned-top planif-radius is-layout-flow wp-block-column-is-layout-flow\" style=\"flex-basis:40%\">\n<figure class=\"wp-block-image size-large img-portrait\"><img loading=\"lazy\" decoding=\"async\" src=\"https:\/\/photos.smugmug.com\/Travel\/Andalucia\/2e-Madina-Azahara\/i-nrQb8vF\/1\/DMVZRMLhBjwhLQtjzj2r5fqS4GjmpXXHrwvQnwFsm\/S\/Medina_Azahara_Andalucia_Spain-1434-S.jpg\" alt=\"Medina Azahara\" title=\"\"\/><\/figure>\n<\/div>\n<\/div>\n<\/div><\/div><\/div>\n\n\n\n<div class=\"wp-block-genesis-blocks-gb-container box_texte gb-block-container\"><div class=\"gb-container-inside\"><div class=\"gb-container-content\"><\/div><\/div><\/div>\n\n\n\n<div class=\"wp-block-genesis-blocks-gb-container box-texte gb-block-container\"><div class=\"gb-container-inside\"><div class=\"gb-container-content\"><\/div><\/div><\/div>\n<\/div><\/div><\/div>\n\n<div class=\"wp-block-genesis-blocks-gb-container box_auteur_voyage gb-block-container\"><div class=\"gb-container-inside\"><div class=\"gb-container-content\">\n<figure class=\"wp-block-image size-large img_auteur_voyage img_provisoire\"><a href=\"https:\/\/andalucialovers.com\/sv\/claire-robinson\/\" target=\"_blank\" rel=\"noreferrer noopener\"><img loading=\"lazy\" decoding=\"async\" src=\"https:\/\/photos.smugmug.com\/Region-Lovers\/Equipe\/i-nsNF6C6\/0\/Cs2F5n96pkt9xFD9D3SVqmQspMhrKgN75nHgBqmjG\/L\/Claire-L.png\" alt=\"\"\/><\/a><\/figure>\n\n\n\n<h5 class=\"titre_auteur_voyage\"><span>HON GJORDE RESAN OCH SKREV ARTIKELN \n <\/span><span class=\"titre_box_manuscrit\">Claire<\/span><\/h5>\n<\/div><\/div><\/div>\n","protected":false},"excerpt":{"rendered":"<p>Andalusien \u00e4r en mycket rik region d\u00e4r du inte kommer att ha tid att bli uttr\u00e5kad. Sv\u00e5righeten ligger snarare i att g\u00f6ra ett val, eftersom det finns s\u00e5 m\u00e5nga vackra platser att bes\u00f6ka.H\u00e4r \u00e4r v\u00e5rt urval av de 18 sev\u00e4rdheterna som du m\u00e5ste se i Andalusien, s\u00e5 att du kan v\u00e4lja! 1. St\u00f6rre st\u00e4der (Sevilla, [&hellip;]<\/p>\n","protected":false},"author":1,"featured_media":1942,"comment_status":"closed","ping_status":"closed","sticky":false,"template":"","format":"standard","meta":{"_genesis_hide_title":false,"_genesis_hide_breadcrumbs":false,"_genesis_hide_singular_image":false,"_genesis_hide_footer_widgets":false,"_genesis_custom_body_class":"","_genesis_custom_post_class":"","_genesis_layout":"","footnotes":""},"categories":[126],"tags":[],"class_list":{"0":"post-2000","1":"post","2":"type-post","3":"status-publish","4":"format-standard","5":"has-post-thumbnail","7":"category-sevardheter-i-andalusien","8":"entry"},"yoast_head":"<!-- This site is optimized with the Yoast SEO plugin v27.2 - https:\/\/yoast.com\/product\/yoast-seo-wordpress\/ -->\n<title>18 sev\u00e4rdheter i Andalusien (+ foton)<\/title>\n<meta name=\"description\" content=\"V\u00e5rt urval av de b\u00e4sta sev\u00e4rdheterna i Andalusien att l\u00e4gga till i ditt program: arkitektur, natur, kultur....\" \/>\n<meta name=\"robots\" content=\"index, follow, max-snippet:-1, max-image-preview:large, max-video-preview:-1\" \/>\n<link rel=\"canonical\" href=\"https:\/\/andalucialovers.com\/sv\/sevardheter-andalusien-att-gora\/\" \/>\n<meta property=\"og:locale\" content=\"sv_SE\" \/>\n<meta property=\"og:type\" content=\"article\" \/>\n<meta property=\"og:title\" content=\"18 sev\u00e4rdheter i Andalusien (+ foton)\" \/>\n<meta property=\"og:description\" content=\"V\u00e5rt urval av de b\u00e4sta sev\u00e4rdheterna i Andalusien att l\u00e4gga till i ditt program: arkitektur, natur, kultur....\" \/>\n<meta property=\"og:url\" content=\"https:\/\/andalucialovers.com\/sv\/sevardheter-andalusien-att-gora\/\" \/>\n<meta property=\"og:site_name\" content=\"Andalucia Lovers\" \/>\n<meta property=\"article:published_time\" content=\"2024-09-03T15:17:34+00:00\" \/>\n<meta property=\"article:modified_time\" content=\"2024-09-03T15:27:01+00:00\" \/>\n<meta property=\"og:image\" content=\"https:\/\/andalucialovers.com\/wp-content\/uploads\/2024\/09\/sevardheter-Andalusien-att-gora.jpg\" \/>\n\t<meta property=\"og:image:width\" content=\"800\" \/>\n\t<meta property=\"og:image:height\" content=\"600\" \/>\n\t<meta property=\"og:image:type\" content=\"image\/jpeg\" \/>\n<meta name=\"author\" content=\"Claire\" \/>\n<meta name=\"twitter:card\" content=\"summary_large_image\" \/>\n<meta name=\"twitter:label1\" content=\"Skriven av\" \/>\n\t<meta name=\"twitter:data1\" content=\"Claire\" \/>\n\t<meta name=\"twitter:label2\" content=\"Ber\u00e4knad l\u00e4stid\" \/>\n\t<meta name=\"twitter:data2\" content=\"15 minuter\" \/>\n<script type=\"application\/ld+json\" class=\"yoast-schema-graph\">{\"@context\":\"https:\/\/schema.org\",\"@graph\":[{\"@type\":\"Article\",\"@id\":\"https:\/\/andalucialovers.com\/sv\/sevardheter-andalusien-att-gora\/#article\",\"isPartOf\":{\"@id\":\"https:\/\/andalucialovers.com\/sv\/sevardheter-andalusien-att-gora\/\"},\"author\":{\"name\":\"Claire\",\"@id\":\"https:\/\/andalucialovers.com\/sv\/#\/schema\/person\/2a1e86bd15a1161333ebe667950c2cea\"},\"headline\":\"18 sev\u00e4rdheter i Andalusien (+ foton)\",\"datePublished\":\"2024-09-03T15:17:34+00:00\",\"dateModified\":\"2024-09-03T15:27:01+00:00\",\"mainEntityOfPage\":{\"@id\":\"https:\/\/andalucialovers.com\/sv\/sevardheter-andalusien-att-gora\/\"},\"wordCount\":2946,\"publisher\":{\"@id\":\"https:\/\/andalucialovers.com\/sv\/#organization\"},\"image\":{\"@id\":\"https:\/\/andalucialovers.com\/sv\/sevardheter-andalusien-att-gora\/#primaryimage\"},\"thumbnailUrl\":\"https:\/\/andalucialovers.com\/wp-content\/uploads\/2024\/09\/sevardheter-Andalusien-att-gora.jpg\",\"articleSection\":[\"Sev\u00e4rdheter i Andalusien\"],\"inLanguage\":\"sv-SE\"},{\"@type\":\"WebPage\",\"@id\":\"https:\/\/andalucialovers.com\/sv\/sevardheter-andalusien-att-gora\/\",\"url\":\"https:\/\/andalucialovers.com\/sv\/sevardheter-andalusien-att-gora\/\",\"name\":\"18 sev\u00e4rdheter i Andalusien (+ foton)\",\"isPartOf\":{\"@id\":\"https:\/\/andalucialovers.com\/sv\/#website\"},\"primaryImageOfPage\":{\"@id\":\"https:\/\/andalucialovers.com\/sv\/sevardheter-andalusien-att-gora\/#primaryimage\"},\"image\":{\"@id\":\"https:\/\/andalucialovers.com\/sv\/sevardheter-andalusien-att-gora\/#primaryimage\"},\"thumbnailUrl\":\"https:\/\/andalucialovers.com\/wp-content\/uploads\/2024\/09\/sevardheter-Andalusien-att-gora.jpg\",\"datePublished\":\"2024-09-03T15:17:34+00:00\",\"dateModified\":\"2024-09-03T15:27:01+00:00\",\"description\":\"V\u00e5rt urval av de b\u00e4sta sev\u00e4rdheterna i Andalusien att l\u00e4gga till i ditt program: arkitektur, natur, kultur....\",\"breadcrumb\":{\"@id\":\"https:\/\/andalucialovers.com\/sv\/sevardheter-andalusien-att-gora\/#breadcrumb\"},\"inLanguage\":\"sv-SE\",\"potentialAction\":[{\"@type\":\"ReadAction\",\"target\":[\"https:\/\/andalucialovers.com\/sv\/sevardheter-andalusien-att-gora\/\"]}]},{\"@type\":\"ImageObject\",\"inLanguage\":\"sv-SE\",\"@id\":\"https:\/\/andalucialovers.com\/sv\/sevardheter-andalusien-att-gora\/#primaryimage\",\"url\":\"https:\/\/andalucialovers.com\/wp-content\/uploads\/2024\/09\/sevardheter-Andalusien-att-gora.jpg\",\"contentUrl\":\"https:\/\/andalucialovers.com\/wp-content\/uploads\/2024\/09\/sevardheter-Andalusien-att-gora.jpg\",\"width\":800,\"height\":600,\"caption\":\"sevardheter Andalusien att gora\"},{\"@type\":\"BreadcrumbList\",\"@id\":\"https:\/\/andalucialovers.com\/sv\/sevardheter-andalusien-att-gora\/#breadcrumb\",\"itemListElement\":[{\"@type\":\"ListItem\",\"position\":1,\"name\":\"Accueil\",\"item\":\"https:\/\/andalucialovers.com\/sv\/\"},{\"@type\":\"ListItem\",\"position\":2,\"name\":\"Sev\u00e4rdheter i Andalusien\",\"item\":\"https:\/\/andalucialovers.com\/sv\/sevardheter-i-andalusien\/\"},{\"@type\":\"ListItem\",\"position\":3,\"name\":\"18 sev\u00e4rdheter i Andalusien (+ foton)\"}]},{\"@type\":\"WebSite\",\"@id\":\"https:\/\/andalucialovers.com\/sv\/#website\",\"url\":\"https:\/\/andalucialovers.com\/sv\/\",\"name\":\"Andalucia Lovers\",\"description\":\"Le blog de Claire et Manu\",\"publisher\":{\"@id\":\"https:\/\/andalucialovers.com\/sv\/#organization\"},\"potentialAction\":[{\"@type\":\"SearchAction\",\"target\":{\"@type\":\"EntryPoint\",\"urlTemplate\":\"https:\/\/andalucialovers.com\/sv\/?s={search_term_string}\"},\"query-input\":{\"@type\":\"PropertyValueSpecification\",\"valueRequired\":true,\"valueName\":\"search_term_string\"}}],\"inLanguage\":\"sv-SE\"},{\"@type\":\"Organization\",\"@id\":\"https:\/\/andalucialovers.com\/sv\/#organization\",\"name\":\"Andalucia Lovers\",\"url\":\"https:\/\/andalucialovers.com\/sv\/\",\"logo\":{\"@type\":\"ImageObject\",\"inLanguage\":\"sv-SE\",\"@id\":\"https:\/\/andalucialovers.com\/sv\/#\/schema\/logo\/image\/\",\"url\":\"https:\/\/andalucialovers.com\/wp-content\/uploads\/2024\/05\/cropped-Andalucia-Lovers-Logo.png\",\"contentUrl\":\"https:\/\/andalucialovers.com\/wp-content\/uploads\/2024\/05\/cropped-Andalucia-Lovers-Logo.png\",\"width\":2804,\"height\":481,\"caption\":\"Andalucia Lovers\"},\"image\":{\"@id\":\"https:\/\/andalucialovers.com\/sv\/#\/schema\/logo\/image\/\"}},{\"@type\":\"Person\",\"@id\":\"https:\/\/andalucialovers.com\/sv\/#\/schema\/person\/2a1e86bd15a1161333ebe667950c2cea\",\"name\":\"Claire\",\"image\":{\"@type\":\"ImageObject\",\"inLanguage\":\"sv-SE\",\"@id\":\"https:\/\/secure.gravatar.com\/avatar\/e3566233826c32de8d7c9ef726a1087654b12cadb092acc17ee1d357687192ff?s=96&d=mm&r=g\",\"url\":\"https:\/\/secure.gravatar.com\/avatar\/e3566233826c32de8d7c9ef726a1087654b12cadb092acc17ee1d357687192ff?s=96&d=mm&r=g\",\"contentUrl\":\"https:\/\/secure.gravatar.com\/avatar\/e3566233826c32de8d7c9ef726a1087654b12cadb092acc17ee1d357687192ff?s=96&d=mm&r=g\",\"caption\":\"Claire\"},\"sameAs\":[\"https:\/\/andalucialovers.com\/claire-robinson\/\"],\"url\":\"https:\/\/andalucialovers.com\/sv\/author\/andalucialover\/\"}]}<\/script>\n<!-- \/ Yoast SEO plugin. -->","yoast_head_json":{"title":"18 sev\u00e4rdheter i Andalusien (+ foton)","description":"V\u00e5rt urval av de b\u00e4sta sev\u00e4rdheterna i Andalusien att l\u00e4gga till i ditt program: arkitektur, natur, kultur....","robots":{"index":"index","follow":"follow","max-snippet":"max-snippet:-1","max-image-preview":"max-image-preview:large","max-video-preview":"max-video-preview:-1"},"canonical":"https:\/\/andalucialovers.com\/sv\/sevardheter-andalusien-att-gora\/","og_locale":"sv_SE","og_type":"article","og_title":"18 sev\u00e4rdheter i Andalusien (+ foton)","og_description":"V\u00e5rt urval av de b\u00e4sta sev\u00e4rdheterna i Andalusien att l\u00e4gga till i ditt program: arkitektur, natur, kultur....","og_url":"https:\/\/andalucialovers.com\/sv\/sevardheter-andalusien-att-gora\/","og_site_name":"Andalucia Lovers","article_published_time":"2024-09-03T15:17:34+00:00","article_modified_time":"2024-09-03T15:27:01+00:00","og_image":[{"width":800,"height":600,"url":"https:\/\/andalucialovers.com\/wp-content\/uploads\/2024\/09\/sevardheter-Andalusien-att-gora.jpg","type":"image\/jpeg"}],"author":"Claire","twitter_card":"summary_large_image","twitter_misc":{"Skriven av":"Claire","Ber\u00e4knad l\u00e4stid":"15 minuter"},"schema":{"@context":"https:\/\/schema.org","@graph":[{"@type":"Article","@id":"https:\/\/andalucialovers.com\/sv\/sevardheter-andalusien-att-gora\/#article","isPartOf":{"@id":"https:\/\/andalucialovers.com\/sv\/sevardheter-andalusien-att-gora\/"},"author":{"name":"Claire","@id":"https:\/\/andalucialovers.com\/sv\/#\/schema\/person\/2a1e86bd15a1161333ebe667950c2cea"},"headline":"18 sev\u00e4rdheter i Andalusien (+ foton)","datePublished":"2024-09-03T15:17:34+00:00","dateModified":"2024-09-03T15:27:01+00:00","mainEntityOfPage":{"@id":"https:\/\/andalucialovers.com\/sv\/sevardheter-andalusien-att-gora\/"},"wordCount":2946,"publisher":{"@id":"https:\/\/andalucialovers.com\/sv\/#organization"},"image":{"@id":"https:\/\/andalucialovers.com\/sv\/sevardheter-andalusien-att-gora\/#primaryimage"},"thumbnailUrl":"https:\/\/andalucialovers.com\/wp-content\/uploads\/2024\/09\/sevardheter-Andalusien-att-gora.jpg","articleSection":["Sev\u00e4rdheter i Andalusien"],"inLanguage":"sv-SE"},{"@type":"WebPage","@id":"https:\/\/andalucialovers.com\/sv\/sevardheter-andalusien-att-gora\/","url":"https:\/\/andalucialovers.com\/sv\/sevardheter-andalusien-att-gora\/","name":"18 sev\u00e4rdheter i Andalusien (+ foton)","isPartOf":{"@id":"https:\/\/andalucialovers.com\/sv\/#website"},"primaryImageOfPage":{"@id":"https:\/\/andalucialovers.com\/sv\/sevardheter-andalusien-att-gora\/#primaryimage"},"image":{"@id":"https:\/\/andalucialovers.com\/sv\/sevardheter-andalusien-att-gora\/#primaryimage"},"thumbnailUrl":"https:\/\/andalucialovers.com\/wp-content\/uploads\/2024\/09\/sevardheter-Andalusien-att-gora.jpg","datePublished":"2024-09-03T15:17:34+00:00","dateModified":"2024-09-03T15:27:01+00:00","description":"V\u00e5rt urval av de b\u00e4sta sev\u00e4rdheterna i Andalusien att l\u00e4gga till i ditt program: arkitektur, natur, kultur....","breadcrumb":{"@id":"https:\/\/andalucialovers.com\/sv\/sevardheter-andalusien-att-gora\/#breadcrumb"},"inLanguage":"sv-SE","potentialAction":[{"@type":"ReadAction","target":["https:\/\/andalucialovers.com\/sv\/sevardheter-andalusien-att-gora\/"]}]},{"@type":"ImageObject","inLanguage":"sv-SE","@id":"https:\/\/andalucialovers.com\/sv\/sevardheter-andalusien-att-gora\/#primaryimage","url":"https:\/\/andalucialovers.com\/wp-content\/uploads\/2024\/09\/sevardheter-Andalusien-att-gora.jpg","contentUrl":"https:\/\/andalucialovers.com\/wp-content\/uploads\/2024\/09\/sevardheter-Andalusien-att-gora.jpg","width":800,"height":600,"caption":"sevardheter Andalusien att gora"},{"@type":"BreadcrumbList","@id":"https:\/\/andalucialovers.com\/sv\/sevardheter-andalusien-att-gora\/#breadcrumb","itemListElement":[{"@type":"ListItem","position":1,"name":"Accueil","item":"https:\/\/andalucialovers.com\/sv\/"},{"@type":"ListItem","position":2,"name":"Sev\u00e4rdheter i Andalusien","item":"https:\/\/andalucialovers.com\/sv\/sevardheter-i-andalusien\/"},{"@type":"ListItem","position":3,"name":"18 sev\u00e4rdheter i Andalusien (+ foton)"}]},{"@type":"WebSite","@id":"https:\/\/andalucialovers.com\/sv\/#website","url":"https:\/\/andalucialovers.com\/sv\/","name":"Andalucia Lovers","description":"Le blog de Claire et Manu","publisher":{"@id":"https:\/\/andalucialovers.com\/sv\/#organization"},"potentialAction":[{"@type":"SearchAction","target":{"@type":"EntryPoint","urlTemplate":"https:\/\/andalucialovers.com\/sv\/?s={search_term_string}"},"query-input":{"@type":"PropertyValueSpecification","valueRequired":true,"valueName":"search_term_string"}}],"inLanguage":"sv-SE"},{"@type":"Organization","@id":"https:\/\/andalucialovers.com\/sv\/#organization","name":"Andalucia Lovers","url":"https:\/\/andalucialovers.com\/sv\/","logo":{"@type":"ImageObject","inLanguage":"sv-SE","@id":"https:\/\/andalucialovers.com\/sv\/#\/schema\/logo\/image\/","url":"https:\/\/andalucialovers.com\/wp-content\/uploads\/2024\/05\/cropped-Andalucia-Lovers-Logo.png","contentUrl":"https:\/\/andalucialovers.com\/wp-content\/uploads\/2024\/05\/cropped-Andalucia-Lovers-Logo.png","width":2804,"height":481,"caption":"Andalucia Lovers"},"image":{"@id":"https:\/\/andalucialovers.com\/sv\/#\/schema\/logo\/image\/"}},{"@type":"Person","@id":"https:\/\/andalucialovers.com\/sv\/#\/schema\/person\/2a1e86bd15a1161333ebe667950c2cea","name":"Claire","image":{"@type":"ImageObject","inLanguage":"sv-SE","@id":"https:\/\/secure.gravatar.com\/avatar\/e3566233826c32de8d7c9ef726a1087654b12cadb092acc17ee1d357687192ff?s=96&d=mm&r=g","url":"https:\/\/secure.gravatar.com\/avatar\/e3566233826c32de8d7c9ef726a1087654b12cadb092acc17ee1d357687192ff?s=96&d=mm&r=g","contentUrl":"https:\/\/secure.gravatar.com\/avatar\/e3566233826c32de8d7c9ef726a1087654b12cadb092acc17ee1d357687192ff?s=96&d=mm&r=g","caption":"Claire"},"sameAs":["https:\/\/andalucialovers.com\/claire-robinson\/"],"url":"https:\/\/andalucialovers.com\/sv\/author\/andalucialover\/"}]}},"featured_image_src":"https:\/\/andalucialovers.com\/wp-content\/uploads\/2024\/09\/sevardheter-Andalusien-att-gora-600x400.jpg","featured_image_src_square":"https:\/\/andalucialovers.com\/wp-content\/uploads\/2024\/09\/sevardheter-Andalusien-att-gora-600x600.jpg","author_info":{"display_name":"Claire","author_link":"https:\/\/andalucialovers.com\/sv\/author\/andalucialover\/"},"_links":{"self":[{"href":"https:\/\/andalucialovers.com\/sv\/wp-json\/wp\/v2\/posts\/2000","targetHints":{"allow":["GET"]}}],"collection":[{"href":"https:\/\/andalucialovers.com\/sv\/wp-json\/wp\/v2\/posts"}],"about":[{"href":"https:\/\/andalucialovers.com\/sv\/wp-json\/wp\/v2\/types\/post"}],"author":[{"embeddable":true,"href":"https:\/\/andalucialovers.com\/sv\/wp-json\/wp\/v2\/users\/1"}],"replies":[{"embeddable":true,"href":"https:\/\/andalucialovers.com\/sv\/wp-json\/wp\/v2\/comments?post=2000"}],"version-history":[{"count":0,"href":"https:\/\/andalucialovers.com\/sv\/wp-json\/wp\/v2\/posts\/2000\/revisions"}],"wp:featuredmedia":[{"embeddable":true,"href":"https:\/\/andalucialovers.com\/sv\/wp-json\/wp\/v2\/media\/1942"}],"wp:attachment":[{"href":"https:\/\/andalucialovers.com\/sv\/wp-json\/wp\/v2\/media?parent=2000"}],"wp:term":[{"taxonomy":"category","embeddable":true,"href":"https:\/\/andalucialovers.com\/sv\/wp-json\/wp\/v2\/categories?post=2000"},{"taxonomy":"post_tag","embeddable":true,"href":"https:\/\/andalucialovers.com\/sv\/wp-json\/wp\/v2\/tags?post=2000"}],"curies":[{"name":"wp","href":"https:\/\/api.w.org\/{rel}","templated":true}]}}