{"id":2777,"date":"2024-10-26T17:03:57","date_gmt":"2024-10-26T15:03:57","guid":{"rendered":"https:\/\/andalucialovers.com\/vad-man-kan-gora-by-frigiliana-besok\/"},"modified":"2024-10-29T11:04:04","modified_gmt":"2024-10-29T10:04:04","slug":"sevardheter-byn-frigiliana-besok","status":"publish","type":"post","link":"https:\/\/andalucialovers.com\/sv\/sevardheter-byn-frigiliana-besok\/","title":{"rendered":"Byn Frigiliana: sev\u00e4rdheter (+ tips p\u00e5 bes\u00f6k)"},"content":{"rendered":"\n<p>L\u00e5t dig f\u00f6rf\u00f6ras av Frigiliana, en av de vackraste vita byarna i Andalusien, bel\u00e4gen 300 meter \u00f6ver havet p\u00e5 Costa del Sol. Vi blev \u00f6verv\u00e4ldigade av de pittoreska gatorna, de prydliga husen och den hisnande utsikten \u00f6ver Medelhavet.<br\/>Uppt\u00e4ck v\u00e5rt urval av de b\u00e4sta attraktionerna i Frigiliana, illustrerade med foton som f\u00e5r dig att vilja \u00e5ka dit. Bonus: anv\u00e4ndbara tips och extra aktiviteter!<\/p>\n\n<figure class=\"wp-block-image size-full\"><img decoding=\"async\" src=\"https:\/\/andalucialovers.com\/wp-content\/uploads\/2024\/10\/sevardheter-byn-Frigiliana-besok.jpg\" alt=\"sev&#xE4;rdheter i Frigiliana bes&#xF6;k\" class=\"wp-image-2759\"\/><\/figure>\n\n<p>Detta \u00e4r en helt <strong>oberoende<\/strong> \u00e5sikt, baserad p\u00e5 v\u00e5r egen erfarenhet. Vi gjorde v\u00e5ra egna val, bes\u00f6kte regionen anonymt och betalade v\u00e5ra r\u00e4kningar till fullo.<\/p>\n\n<h2 class=\"wp-block-heading\">\u00c4r byn Frigiliana v\u00e4rd ett bes\u00f6k?<\/h2>\n\n<p>Byn Frigiliana \u00e4r v\u00e4l v\u00e4rt ett bes\u00f6k. Byn kombinerar perfekt den autentiska charmen i traditionella vita hus med spektakul\u00e4r utsikt \u00f6ver havet och de omgivande bergen. Det \u00e4r en av de vackraste vita byarna p\u00e5 Costa del Sol, tillr\u00e4ckligt stor f\u00f6r att m\u00f6jligg\u00f6ra h\u00e4rliga promenader samtidigt som den beh\u00e5ller en intim och fridfull atmosf\u00e4r.<\/p>\n\n<p>Om du inte har bil kan du uppt\u00e4cka Frigiliana p\u00e5 en organiserad utflykt fr\u00e5n M\u00e1laga, Marbella eller Granada &#8211; <a href=\"https:\/\/www.getyourguide.se\/s\/?q=Frigiliana&amp;searchSource=2&amp;partner_id=R3GYW4V&amp;cmp=andalucia\" target=\"_blank\" rel=\"noreferrer noopener sponsored nofollow\">se alternativ<\/a>.<\/p>\n\n<h2 class=\"wp-block-heading\">1. Utforska det historiska distriktet<\/h2>\n\n<figure class=\"wp-block-image size-large\"><img loading=\"lazy\" decoding=\"async\" src=\"https:\/\/photos.smugmug.com\/Travel\/Andalucia\/12c-Frigiliana\/i-zvnhqKH\/2\/MpfPG8zDmP63stSFNpx678Z8S3SXhdHPGTDC5jwrp\/L\/Frigiliana_Andalucia_Spain-2180-L.jpg\" alt=\"vita gator i Frigiliana\"\/><\/figure>\n\n<p>Den historiska stadsk\u00e4rnan i Frigiliana \u00e4r en labyrint av smala, slingrande gator kantade av ljusa vita traditionella hus. Vi tyckte s\u00e4rskilt mycket om att g\u00e5 vilse p\u00e5 kullerstensgatorna. Lokalbefolkningen tar v\u00e4l hand om sin by och gr\u00e4nderna pryds av krukor med gr\u00f6na v\u00e4xter och f\u00e4rgglada blommor. Vi rekommenderar att du tar dig tid att utforska sidogatorna, som ofta \u00e4r lugnare och mer autentiska.<\/p>\n\n<p>Vad du beh\u00f6ver veta: Varf\u00f6r \u00e4r husen vita i Firigiliana?<br\/>Vita fasader \u00e4r inte bara estetiskt tilltalande: de h\u00e5ller husen svala p\u00e5 sommaren och st\u00f6ter bort insekter p\u00e5 ett naturligt s\u00e4tt tack vare kalken. Sedan 1971 har en lokal lag kr\u00e4vt att den vita enhetlighet som ger byn dess charm ska bibeh\u00e5llas. Men det kan ocks\u00e5 anv\u00e4ndas f\u00f6r att avv\u00e4rja insekter.<\/p>\n\n<div class=\"wp-block-columns inverse box_planif is-layout-flex wp-container-core-columns-is-layout-9d6595d7 wp-block-columns-is-layout-flex\">\n<div class=\"wp-block-column texte_planif is-layout-flow wp-block-column-is-layout-flow\" style=\"flex-basis:58%\">\n<h5 class=\"titre_box\"> HYR DIN BIL I <span class=\"titre_box_manuscrit\">\nAndalusia<\/span><\/h5>\n\n\n\n<ul style=\"font-size:14px\" class=\"wp-block-list liste_voiture\">\n<li>J\u00e4mf\u00f6r priser p\u00e5 v\u00e5r f\u00f6redragna plattform: <a href=\"https:\/\/www.discovercars.com\/se\/spain?a_aid=zigzag&amp;chan=andalucia\" target=\"_blank\" rel=\"noreferrer noopener sponsored nofollow\">DiscoverCars<\/a> &#8211; en av de b\u00e4st rankade webbplatserna.<\/li>\n\n\n\n<li>V\u00e4lj en <strong>kompakt bil<\/strong>, eftersom vissa byar har mycket smala gator!<\/li>\n\n\n\n<li>T\u00e4nk p\u00e5<strong>omfattande f\u00f6rs\u00e4kring<\/strong> av samma anledning<\/li>\n\n\n\n<li><strong>Boka tidigt<\/strong> f\u00f6r b\u00e4sta val.<\/li>\n<\/ul>\n<\/div>\n\n\n\n<div class=\"wp-block-column planif-radius-3 is-layout-flow wp-block-column-is-layout-flow\" style=\"flex-basis:42%\">\n<figure class=\"wp-block-image size-large is-resized\"><img loading=\"lazy\" decoding=\"async\" src=\"https:\/\/photos.smugmug.com\/Travel\/Andalucia\/Driving\/i-tqxqm2M\/1\/DBVq6wpqQpTv8CpSvmFGgfKbDdqGMK9zqdcc59cGs\/S\/Driving_Andalucia_Spain-8407-S.jpg\" alt=\"K&#xF6;rning i Andalusien\" title=\"\"\/><\/figure>\n<\/div>\n<\/div>\n\n<div class=\"wp-block-columns planif_bouton is-layout-flex wp-container-core-columns-is-layout-9d6595d7 wp-block-columns-is-layout-flex\">\n<div class=\"wp-block-column is-layout-flow wp-block-column-is-layout-flow\" style=\"flex-basis:50%\">\n<div class=\"wp-block-buttons is-content-justification-center is-layout-flex wp-container-core-buttons-is-layout-16018d1d wp-block-buttons-is-layout-flex\">\n<div class=\"wp-block-button has-custom-font-size\" style=\"font-size:14px\"><a class=\"wp-block-button__link has-white-color has-text-color wp-element-button\" href=\"https:\/\/www.discovercars.com\/se\/spain?a_aid=zigzag&amp;amp;chan=andalucia\" style=\"border-radius:4px\" target=\"_blank\" rel=\"noreferrer noopener nofollow\">Se bilarna<img loading=\"lazy\" decoding=\"async\" class=\"wp-image-2851\" style=\"width: 16px;\" src=\"https:\/\/provencelovers.fr\/wp-content\/uploads\/2023\/08\/ArrowRight.webp\" alt=\"\"\/><\/a><\/div>\n<\/div>\n<\/div>\n\n\n\n<div class=\"wp-block-column is-vertically-aligned-center is-layout-flow wp-block-column-is-layout-flow\" style=\"flex-basis:50%\">\n<p class=\"has-text-align-center\" style=\"font-size:14px\"><strong><a href=\"https:\/\/andalucialovers.com\/sv\/hur-hyr-bil-andalusien-tips-erfarenhet\/\" data-type=\"post\" data-id=\"3712\" target=\"_blank\" rel=\"noreferrer noopener\">Se v\u00e5ra r\u00e5d<\/a><\/strong><\/p>\n<\/div>\n<\/div>\n\n<h2 class=\"wp-block-heading\">2. Beundra utsikten<\/h2>\n\n<figure class=\"wp-block-image size-large\"><img loading=\"lazy\" decoding=\"async\" src=\"https:\/\/photos.smugmug.com\/Travel\/Andalucia\/12c-Frigiliana\/i-4MxQmFB\/2\/LVW2LWwJT9w35g6dtBznb796DcjWCBXF2b9GKLN67\/L\/Frigiliana_Andalucia_Spain-2166-L.jpg\" alt=\"Mirador de Santo Cristo\"\/><\/figure>\n\n<p>Frigilianas upph\u00f6jda l\u00e4ge erbjuder spektakul\u00e4r utsikt \u00f6ver regionen. Mirador de Santo Cristo erbjuder en av de finaste 180\u00b0-vyerna \u00f6ver kullarna, de vita husen och Medelhavet.  <br\/>Vi \u00e4lskade den h\u00e4r utsikten, s\u00e4rskilt med f\u00e4rgst\u00e4nk fr\u00e5n de lokala blommorna nedanf\u00f6r! Vi rekommenderar ocks\u00e5 att du kl\u00e4ttrar upp f\u00f6r byns trappor f\u00f6r att f\u00e5 en ov\u00e4ntad utsikt \u00f6ver de vita taken och de omgivande bergen. Kullen El Fuerte, som h\u00f6jer sig till 976 meter, erbjuder hisnande vyer f\u00f6r de mest modiga.<\/p>\n\n<h2 class=\"wp-block-heading\">3. Beundra trottoarerna<\/h2>\n\n<figure class=\"wp-block-image size-large\"><img loading=\"lazy\" decoding=\"async\" src=\"https:\/\/photos.smugmug.com\/Travel\/Andalucia\/12c-Frigiliana\/i-XtMjbLt\/2\/LGzzPHxq9GdHMcDVw6pZHQgXrk8DWqtgmxx22w8xH\/L\/Frigiliana_Andalucia_Spain-6994-L.jpg\" alt=\"rue de Frigiliana med golvdekorationer\"\/><\/figure>\n\n<p>Golven p\u00e5 de kullerstensbelagda gatorna i Frigiliana f\u00f6rtj\u00e4nar ocks\u00e5 din uppm\u00e4rksamhet. Du kommer att uppt\u00e4cka geometriska m\u00f6nster och kreativa designer. \u00c4ven om deras utseende antyder historisk autenticitet \u00e4r dessa trottoarer faktiskt relativt nya (60 till 50 \u00e5r sedan). Men det ger ocks\u00e5 intressanta perspektiv p\u00e5 gr\u00e4nderna: rosettf\u00f6nster, stj\u00e4rnor&#8230;<\/p>\n\n<div style=\"background-color:#fefefe;margin-top:8%;margin-bottom:8%\" class=\"wp-block-genesis-blocks-gb-container box gb-block-container\"><div class=\"gb-container-inside\"><div class=\"gb-container-content\" style=\"max-width:700px\">\n<div class=\"wp-block-columns inverse is-layout-flex wp-container-core-columns-is-layout-9d6595d7 wp-block-columns-is-layout-flex\">\n<div class=\"wp-block-column texte_planif is-layout-flow wp-block-column-is-layout-flow\" style=\"flex-basis:58%\">\n<h5 class=\"titre_box\" style=\"padding-top:10px\">PLANERA DIN DR\u00d6MRESA TILL <span class=\"titre_box_manuscrit\">andalusien<\/span><\/h5>\n\n\n\n<div class=\"wp-block-genesis-blocks-gb-container gb-block-container\"><div class=\"gb-container-inside\"><div class=\"gb-container-content\">\n<p style=\"font-size:14px\">All information du beh\u00f6ver f\u00f6r din resa:<\/p>\n<\/div><\/div><\/div>\n\n\n\n<div class=\"wp-block-genesis-blocks-gb-container gb-block-container\"><div class=\"gb-container-inside\"><div class=\"gb-container-content\"><\/div><\/div><\/div>\n\n\n\n<ul class=\"wp-block-list\" style=\"font-size:14px\" id=\"liste_discover\">\n<li>7 kartor som underl\u00e4ttar planeringen<\/li>\n\n\n\n<li>+ 150 p\u00e5 f\u00f6rhand utvalda m\u00f6tesplatser<\/li>\n\n\n\n<li>Praktiska r\u00e5d<\/li>\n\n\n\n<li>+ 300 bilder som hj\u00e4lper dig att v\u00e4lja<\/li>\n<\/ul>\n\n\n\n<div class=\"wp-block-buttons has-custom-font-size bouton_10 is-content-justification-center is-layout-flex wp-container-core-buttons-is-layout-14c487f4 wp-block-buttons-is-layout-flex\" style=\"font-size:13px\">\n<div class=\"wp-block-button has-custom-font-size\" style=\"font-size:14px\"><a class=\"wp-block-button__link has-white-color has-text-color wp-element-button\" href=\"https:\/\/andalucialovers.com\/sv\/ebok-guide-road-trip-andalusien\/\" style=\"border-radius:4px\" target=\"_blank\" rel=\"noreferrer noopener\">Uppt\u00e4ck<strong> <\/strong>&gt;&gt;<\/a><\/div>\n<\/div>\n<\/div>\n\n\n\n<div class=\"wp-block-column is-layout-flow wp-block-column-is-layout-flow\" style=\"flex-basis:42%\">\n<div class=\"wp-block-genesis-blocks-gb-container ebook-radius gb-block-container\"><div class=\"gb-container-inside\"><div class=\"gb-container-content\"><div class=\"wp-block-image ebook-image\">\n<figure class=\"aligncenter size-full is-resized\"><img loading=\"lazy\" decoding=\"async\" src=\"https:\/\/andalucialovers.com\/wp-content\/uploads\/2024\/06\/Road-trip-Guide-Andalucia-eBook-cover-5.jpg\" alt=\"Andalusien reseguide eBook Omslag\" class=\"wp-image-317\" style=\"width:203px;height:157px\"\/><\/figure>\n<\/div><\/div><\/div><\/div>\n<\/div>\n<\/div>\n<\/div><\/div><\/div>\n\n<h2 class=\"wp-block-heading\">4. Notera Palacio de los Condes<\/h2>\n\n<figure class=\"wp-block-image size-large\"><img loading=\"lazy\" decoding=\"async\" src=\"https:\/\/photos.smugmug.com\/Travel\/Andalucia\/12c-Frigiliana\/i-TXQ3mGt\/2\/LFMGbmtkXsKs3hNZMnwQGD9Bnv9c3TQgZx3S7g6cH\/L\/Frigiliana_Andalucia_Spain-7041-L.jpg\" alt=\"Palacio de los Condes\"\/><\/figure>\n\n<p>I hj\u00e4rtat av byn ligger det imponerande Palacio de los Condes, \u00e4ven k\u00e4nt som El Ingenio. Du kan inte missa det!<br\/>Denna ren\u00e4ssansbyggnad fr\u00e5n 1500-talet t\u00e4cker en yta p\u00e5 2000 m\u00b2. Det byggdes f\u00f6r familjen Manrique de Lara av stenarna fr\u00e5n det gamla slottet och omvandlades senare till ett sockerraffinaderi. Vi uppskattar s\u00e4rskilt arkitekturen, som vittnar om regionens rika industrihistoria. Idag dominerar den massiva silhuetten fortfarande torget i byn, en p\u00e5minnelse om de v\u00e4lm\u00e5ende dagar d\u00e5 kvarnarna p\u00e5 de omgivande kullarna krossade spannm\u00e5l och sockerr\u00f6r.<\/p>\n\n<h2 class=\"wp-block-heading\">5. Uppt\u00e4ck historien genom keramiska plaketter<\/h2>\n\n<figure class=\"wp-block-image size-large\"><img loading=\"lazy\" decoding=\"async\" src=\"https:\/\/photos.smugmug.com\/Travel\/Andalucia\/12c-Frigiliana\/i-vQmK3W6\/2\/M5H5sKJ4cfzkMKrXvmC86vrGt56V3BrcDHwvT4PJn\/L\/Frigiliana_Andalucia_Spain-6997-L.jpg\" alt=\"keramiska plattor i Frigiliana\"\/><\/figure>\n\n<p>I hela byn finns 12 keramikplattor som ber\u00e4ttar den fascinerande historien om Frigiliana. Vi nj\u00f6t av detta originella s\u00e4tt att uppt\u00e4cka byns rika f\u00f6rflutna, fr\u00e5n fenicierna till idag. \u00c4ven om dessa plaketter nyligen har installerats illustrerar de viktiga \u00f6gonblick i den lokala historien, i synnerhet den moriska perioden och slaget 1569. Vi rekommenderar att du b\u00f6rjar med plaketten som visar kartan fr\u00e5n 1500-talet, som ger dig en b\u00e4ttre f\u00f6rst\u00e5else f\u00f6r det historiska sammanhanget.<br\/>Denna tallriksjakt \u00e4r ett intressant s\u00e4tt att utforska byn, s\u00e4rskilt om man har barn med sig.<\/p>\n\n<h2 class=\"wp-block-heading\">6. Tillbringa en natt i byn<\/h2>\n\n<figure class=\"wp-block-image size-large\"><img loading=\"lazy\" decoding=\"async\" src=\"https:\/\/photos.smugmug.com\/Travel\/Andalucia\/12c-Frigiliana\/i-kmgzx73\/2\/KRBrXLtrCkWbgm6BP683HtPPDszVL27jFmpf5wbxV\/L\/Frigiliana_Andalucia_Spain-2177-L.jpg\" alt=\"bort fr&#xE5;n folkmassorna p&#xE5; Frigiliana\"\/><\/figure>\n\n<p>F\u00f6rl\u00e4ng upplevelsen genom att stanna \u00f6ver natten i Frigiliana s\u00e5 att du fullt ut kan uppskatta den unika atmosf\u00e4ren i byn. Njut av den fridfulla atmosf\u00e4ren i gr\u00e4nderna p\u00e5 morgonen och kv\u00e4llen, l\u00e5ngt fr\u00e5n folkmassorna!<br\/>\u00c4ven om hotellutbudet \u00e4r begr\u00e4nsat har byn n\u00e5gra charmiga bed and breakfast och karakt\u00e4rsl\u00e4genheter. Dessutom inneb\u00e4r h\u00f6jden p\u00e5 300 meter mer behagliga temperaturer p\u00e5 sommaren.<br\/><a href=\"https:\/\/www.booking.com\/searchresults.html?city=-383025&amp;nflt=review_score%253D90%253Breview_score%253D80&amp;aid=%202420173\" target=\"_blank\" rel=\"noreferrer noopener sponsored nofollow\">Se \u00e4ven <\/a><a href=\"https:\/\/www.booking.com\/searchresults.html?city=-383025&amp;nflt=review_score%253D90%253Breview_score%253D80&amp;aid=2420173\" target=\"_blank\" rel=\"noreferrer noopener sponsored nofollow\">boende<\/a><a href=\"https:\/\/www.booking.com\/searchresults.html?city=-383025&amp;nflt=review_score%253D90%253Breview_score%253D80&amp;aid=%202420173\" target=\"_blank\" rel=\"noreferrer noopener sponsored nofollow\"> i Frigiliana.<\/a><br\/><a href=\"https:\/\/www.booking.com\/hotel\/es\/villa-frigiliana.html?aid=2420173\" target=\"_blank\" rel=\"noreferrer noopener sponsored nofollow\">Hotel Villa Frigilana<\/a>, till exempel, ligger i hj\u00e4rtat av byn.<\/p>\n\n<h2 class=\"wp-block-heading\">7. Bes\u00f6k i kyrkan San Antonio de Padua<\/h2>\n\n<figure class=\"wp-block-image size-large\"><img loading=\"lazy\" decoding=\"async\" src=\"https:\/\/photos.smugmug.com\/Travel\/Andalucia\/12c-Frigiliana\/i-XN9Jdb4\/2\/Lghzd92Fngbr9q92PVHsjDhmf9ZxwgSkzVJNGnhh2\/L\/Frigiliana_Andalucia_Spain-7025-L.jpg\" alt=\"San Antonio de Padua-kyrkan och dess minaret\"\/><\/figure>\n\n<p>Kyrkan San Antonio de Padua (Parroquia de San Antonio de Padua) \u00e4r ett fint exempel p\u00e5 lokal religi\u00f6s arkitektur. Vi var s\u00e4rskilt intresserade av dess h\u00e4ndelserika historia, inklusive dess omvandling fr\u00e5n en tidigare mosk\u00e9 till en kristen kyrka. Klocktornet, som tidigare var en minaret, vittnar om detta fascinerande f\u00f6rflutna.<br\/>Vi rekommenderar att du tar en n\u00e4rmare titt p\u00e5 taket i Mudejar-stil med sina karakteristiska tr\u00e4takstolar. \u00c4ven om st\u00f6rre delen av interi\u00f6ren \u00e4r fr\u00e5n 1940-talet, efter f\u00f6rst\u00f6relsen under inb\u00f6rdeskriget, \u00e4r det korsformade l\u00e5nghuset och dess tre sidoskepp v\u00e4l v\u00e4rda ett bes\u00f6k.<\/p>\n\n<h2 class=\"wp-block-heading\">8. Utforska Lizar Castle<\/h2>\n\n<figure class=\"wp-block-image size-large\"><img loading=\"lazy\" decoding=\"async\" src=\"https:\/\/photos.smugmug.com\/Travel\/Andalucia\/12c-Frigiliana\/i-8J978g7\/2\/LX67P8nHL7cPRhRk5wF64VMq3HnnrkGx7CvLqSq4J\/L\/Frigiliana_Andalucia_Spain-7019-L.jpg\" alt=\"utsikt &#xF6;ver Lizars slott\"\/><\/figure>\n\n<p>P\u00e5 toppen av kullen med utsikt \u00f6ver Frigiliana st\u00e5r resterna av Lizar Castle. Kl\u00e4ttringen \u00e4r brant men v\u00e4l v\u00e4rd besv\u00e4ret f\u00f6r den exceptionella panoramautsikten \u00f6ver Frigiliana och Nerja. Ruinerna i sig \u00e4r blygsamma, men den historiska atmosf\u00e4ren p\u00e5 platsen \u00e4r obestridlig. Ta med bra skor och vatten f\u00f6r kl\u00e4ttringen.<\/p>\n\n<h2 class=\"wp-block-heading\">9. Uppt\u00e4ck lokalt hantverk<\/h2>\n\n<figure class=\"wp-block-image size-large\"><img loading=\"lazy\" decoding=\"async\" src=\"https:\/\/photos.smugmug.com\/Travel\/Andalucia\/12c-Frigiliana\/i-NMh9tSW\/2\/NKqSMw9ghGjS8WmFhgpjhHzpsn8qg5ZWQgHDcq94t\/L\/Frigiliana_Andalucia_Spain-6983-L.jpg\" alt=\"Keramiskt inlopp f&#xF6;r gasinlopp\"\/><\/figure>\n\n<p>Frigiliana \u00e4r hem f\u00f6r m\u00e5nga hantverkare och konstn\u00e4rer som h\u00e5ller lokala traditioner vid liv. H\u00e4r kan du bland annat uppt\u00e4cka den handgjorda keramik av h\u00f6g kvalitet som erbjuds i byns butiker. Fr\u00e5n traditionell keramik till moderna skapelser, vi rekommenderar att du tar dig tid att uppt\u00e4cka dessa unika verk. St\u00e5nden \u00e4r s\u00e4rskilt koncentrerade till gr\u00e4nderna runt Palacio de los Condes, d\u00e4r du kan se hantverkare i arbete.<\/p>\n\n<h2 class=\"wp-block-heading\">10. Den gamla silon (spannm\u00e5lsmagasinet)<\/h2>\n\n<figure class=\"wp-block-image size-large\"><img loading=\"lazy\" decoding=\"async\" src=\"https:\/\/photos.smugmug.com\/Travel\/Andalucia\/12c-Frigiliana\/i-3jcCmn9\/2\/NbWb4ckMd7ZrDJthsnSGQKRmhj5mbVxMfpnLvCzp3\/L\/Frigiliana_Andalucia_Spain-6990-L.jpg\" alt=\"rester av s&#xE4;desmagasinet\"\/><\/figure>\n\n<p>Resterna av &#8221;Los Reales P\u00f3sitos&#8221;, det tidigare kommunala spannm\u00e5lsmagasinet fr\u00e5n 1700-talet, vittnar om en tid av bysolidaritet. Denna byggnad spelade en avg\u00f6rande social roll: den gjorde det m\u00f6jligt att lagra \u00f6verskottet fr\u00e5n goda sk\u00f6rdar f\u00f6r att f\u00f6rs\u00f6rja befolkningen under sv\u00e5ra \u00e5r.  <br\/>Denna tradition kan till och med g\u00e5 tillbaka till 1640, d\u00e5 det f\u00f6rsta varuhuset byggdes p\u00e5 platsen. Idag finns bara n\u00e5gra f\u00e5 b\u00e5gar kvar, harmoniskt integrerade med de hus som sedan dess har flyttat in.<\/p>\n\n<h2 class=\"wp-block-heading\">11. Penon de La Sabina<\/h2>\n\n<figure class=\"wp-block-image size-large\"><img loading=\"lazy\" decoding=\"async\" src=\"https:\/\/photos.smugmug.com\/Travel\/Andalucia\/12c-Frigiliana\/i-hpBbgc9\/2\/KRSJJtPsMVpNzB3dG8xMzSsRR7zrRrLTGn3pKVgcj\/L\/Frigiliana_Andalucia_Spain-7005-L.jpg\" alt=\"Tecken f&#xF6;r Penon de la Sabina\"\/><\/figure>\n\n<p>I hj\u00e4rtat av den gamla byn finns ett \u00f6verraskande naturf\u00f6rem\u00e5l: den historiska klippan &#8221;La Sabina&#8221;. En klippformation som verkar trotsa tyngdkraften.  <br\/>\u00c5r 1936 fick kraftiga regn den att flytta p\u00e5 sig, vilket spred panik bland inv\u00e5narna. Notera st\u00e5lkablarna som nu \u00e4r fast f\u00f6rankrade i den steniga basen, en genialisk l\u00f6sning f\u00f6r att s\u00e4kra detta naturmonument som \u00e4r en integrerad del av Frigilianas arv.<\/p>\n\n<h2 class=\"wp-block-heading\">Andra monument och sev\u00e4rdheter<\/h2>\n\n<h3 class=\"wp-block-heading\">Font\u00e4nerna<\/h3>\n\n<p>N\u00e4r du utforskar byn kommer du att st\u00f6ta p\u00e5 font\u00e4ner fr\u00e5n olika tidsepoker.<\/p>\n\n<ul class=\"wp-block-list\">\n<li>Fuente Vieja, byggd av morerna och restaurerad 1640<\/li>\n\n\n\n<li>den gamla romerska font\u00e4nen (mycket gammal men inte s\u00e4rskilt vacker) vars k\u00e4lla finns i bergen.<\/li>\n\n\n\n<li>font\u00e4nen med 3 kulturer (se l\u00e4ngre fram i denna artikel).<\/li>\n<\/ul>\n\n<figure class=\"wp-block-image size-large\"><img loading=\"lazy\" decoding=\"async\" src=\"https:\/\/photos.smugmug.com\/Travel\/Andalucia\/12c-Frigiliana\/i-wHNvnzL\/2\/NJWBgcMTZL7VHrPSx2ZcMpgpG2hvp2W7W5Rczqk5Z\/L\/Frigiliana_Andalucia_Spain-7038-L.jpg\" alt=\"Font&#xE4;n i Frigiliana\"\/><\/figure>\n\n<h3 class=\"wp-block-heading\">El Torre\u00f3n<\/h3>\n\n<p>100 meter fr\u00e5n kyrkan, mittemot r\u00e5dhuset, ligger en av byns \u00e4ldsta byggnader: El Torr\u00e9on. Morerna anv\u00e4nde den som milit\u00e4rbarack, sedan blev den ett spannm\u00e5lsmagasin.<\/p>\n\n<h3 class=\"wp-block-heading\"><strong>El Teatro Mecanico<\/strong><\/h3>\n\n<p>Framf\u00f6r Palacio de los Condes hittar du den lilla cirkelformade &#8221;teatern&#8221;.  <br\/>Flera f\u00f6nster visar olika scener. Den p\u00e5 fotot nedan \u00e4r &#8221;Mooren och hans papegoja&#8221;.<\/p>\n\n<figure class=\"wp-block-image size-large\"><img loading=\"lazy\" decoding=\"async\" src=\"https:\/\/photos.smugmug.com\/Travel\/Andalucia\/12c-Frigiliana\/i-dzpGmhP\/2\/KgzGgQMfzgHjMkjZxvMDn2vfmP6JCFwwt8w27Kdqz\/L\/Frigiliana_Andalucia_Spain-7040-L.jpg\" alt=\"El Teatro Mecanico\"\/><\/figure>\n\n<h3 class=\"wp-block-heading\">Arkeologiska museet &#8211; Casa del Apero<\/h3>\n\n<p>Bredvid turistbyr\u00e5n ligger det lilla arkeologiska museet Casa del Apero.<br\/>H\u00e4r visas utst\u00e4llningar om Frigiliana, fr\u00e5n den neolitiska perioden till idag.<br\/>Den st\u00e4nger mellan kl. 14.00 och 16.00 &#8211; se den senaste informationen p\u00e5 den <a href=\"http:\/\/www.museodefrigiliana.org\/\" target=\"_blank\" rel=\"noreferrer noopener nofollow\">officiella webbplatsen.<\/a><\/p>\n\n<h3 class=\"wp-block-heading\">Vandring<\/h3>\n\n<p>Omr\u00e5det runt Frigiliana erbjuder fantastiska vandringsm\u00f6jligheter, s\u00e4rskilt l\u00e4ngs Rio Chillar. Promenaderna \u00e4r tillg\u00e4ngliga f\u00f6r alla niv\u00e5er av f\u00f6rm\u00e5ga och ger m\u00f6jlighet att uppt\u00e4cka den lokala floran. Men var f\u00f6rsiktig, f\u00f6r det kan bli v\u00e4ldigt varmt under dagen!<\/p>\n\n<figure class=\"wp-block-image size-large\"><img loading=\"lazy\" decoding=\"async\" src=\"https:\/\/photos.smugmug.com\/Travel\/Andalucia\/12c-Frigiliana\/i-72gFF5h\/2\/LX47brjF5tDwQF6gk9p6zzN4nJzXTtJSN5LzHgLPL\/L\/Frigiliana_Andalucia_Spain-2185-L.jpg\" alt=\"Frigiliana i solen\"\/><\/figure>\n\n<h2 class=\"wp-block-heading\">Andra sev\u00e4rdheter i och runt Frigiliana<\/h2>\n\n<h3 class=\"wp-block-heading\">Grottan i Nerja<\/h3>\n\n<p>Bara n\u00e5gra kilometer bort imponerar Grotte de Nerja med sina spektakul\u00e4ra klippformationer, inklusive den ber\u00f6mda 32 meter h\u00f6ga Herkules kolonn. Den guidade turen tar dig till rum med anm\u00e4rkningsv\u00e4rda stalaktiter och stalagmiter.<\/p>\n\n<figure class=\"wp-block-image size-large\"><img loading=\"lazy\" decoding=\"async\" src=\"https:\/\/photos.smugmug.com\/Travel\/Andalucia\/12a-Nerja-Aqueduct-Cave\/i-LH8mTzc\/2\/MWf4gKw7HLwRwWCB75PXcfP34hjB4SfwdjM3DmwXn\/L\/cave_Nerja_Andalucia_Spain-6924-L.jpg\" alt=\"Grottan i Nerja\"\/><\/figure>\n\n<h3 class=\"wp-block-heading\">Akvedukten i Nerja<\/h3>\n\n<p>Denna magnifika 1800-talsbyggnad har 37 valv p\u00e5 4 v\u00e5ningar. Den byggdes ursprungligen f\u00f6r att f\u00f6rs\u00f6rja ett sockerraffinaderi, men anv\u00e4nds nu f\u00f6r lokal bevattning.<\/p>\n\n<h3 class=\"wp-block-heading\">Staden Nerja<\/h3>\n\n<p>Denna charmiga kuststad \u00e4r k\u00e4nd f\u00f6r sin &#8221;Balkong \u00f6ver Europa&#8221; och sina pittoreska str\u00e4nder. Den v\u00e4lbevarade historiska stadsk\u00e4rnan \u00e4r v\u00e4l v\u00e4rd ett bes\u00f6k.<\/p>\n\n<h2 class=\"wp-block-heading\">Historia om byn med 3 kulturer<\/h2>\n\n<figure class=\"wp-block-image size-large\"><img loading=\"lazy\" decoding=\"async\" src=\"https:\/\/photos.smugmug.com\/Travel\/Andalucia\/12c-Frigiliana\/i-z8rRX7L\/2\/MZKN2n8Wnx8p7h7pVzXnhDcKF2w9nsnPqxhLHmL3q\/L\/Frigiliana_Andalucia_Spain-7046-L.jpg\" alt=\"skulptur 3 kulturer\"\/><\/figure>\n\n<p>Frigiliana \u00e4r ocks\u00e5 k\u00e4nd som byn med 3 kulturer, eftersom muslimer, kristna och judar i hundratals \u00e5r har bott h\u00e4r i tolerans och harmoni. Font\u00e4nen l\u00e4ngst ner i staden representerar just detta.<\/p>\n\n<p>Grottorna runt byn var bebodda redan under f\u00f6rhistorisk tid. Byn byggdes f\u00f6rst omkring 900 f.Kr. av fenicierna och koloniserades sedan av romarna. Senare ockuperades den av morerna och d\u00e4refter av de katolska kungarna. Det blodiga &#8221;Slaget vid Frigiliana&#8221; \u00e4gde rum den 11 juni 1569.<br\/>Tyv\u00e4rr br\u00e4ndes m\u00e5nga kyrkor ner 1930, under inb\u00f6rdeskriget.<\/p>\n\n<p>Namnet Frigiliana betyder inget s\u00e4rskilt p\u00e5 spanska.<\/p>\n\n<h2 class=\"wp-block-heading\">Hur man kommer till Frigiliana + parkering + karta<\/h2>\n\n<h3 class=\"wp-block-heading\">Var \u00e4r Frigiliana<\/h3>\n\n<ul class=\"wp-block-list\">\n<li>I regionen Andalusien, p\u00e5 Costa del Sol<\/li>\n\n\n\n<li>Fr\u00e5n Nerja = 15min med bil<\/li>\n\n\n\n<li>Fr\u00e5n Malaga = 50 minuters bilresa<\/li>\n\n\n\n<li>Fr\u00e5n Granada = 1 timme och 15 minuters bilresa<\/li>\n\n\n\n<li>Fr\u00e5n Sevilla = 2 timmar och 45 minuters bilresa<\/li>\n\n\n\n<li>H\u00e4r \u00e4r en karta som hj\u00e4lper dig att hitta r\u00e4tt:<\/li>\n<\/ul>\n\n<figure class=\"wp-block-image size-large\"><img loading=\"lazy\" decoding=\"async\" src=\"https:\/\/andalucialovers.com\/wp-content\/uploads\/2024\/10\/karta-Frigiliana-Andalusien-1024x683.jpg\" alt=\"Karta &#xF6;ver Frigiliana Andalusien\" class=\"wp-image-2768\"\/><figcaption class=\"wp-element-caption\">Karta: Frigilana i Andalusien<\/figcaption><\/figure>\n\n<h3 class=\"wp-block-heading\">Hur man tar sig dit<\/h3>\n\n<p>Bilen \u00e4r det mest praktiska s\u00e4ttet att ta sig till Frigiliana. V\u00e4gen \u00e4r bred och v\u00e4l underh\u00e5llen. Alternativt kan du ta en taxi fr\u00e5n Nerja eller anv\u00e4nda de lokala bussarna (som inte g\u00e5r s\u00e5 ofta).  <\/p>\n\n<p>Organiserade utflykter \u00e4r ocks\u00e5 tillg\u00e4ngliga fr\u00e5n Malaga, Marbella eller Granada &#8211; <a href=\"https:\/\/www.getyourguide.se\/s\/?q=Frigiliana&amp;searchSource=2&amp;partner_id=R3GYW4V&amp;cmp=andalucia\" target=\"_blank\" rel=\"noreferrer noopener sponsored nofollow\">se alternativ<\/a><\/p>\n\n<figure class=\"wp-block-image size-large\"><img loading=\"lazy\" decoding=\"async\" src=\"https:\/\/photos.smugmug.com\/Travel\/Andalucia\/12c-Frigiliana\/i-J5TbKW4\/2\/LvNsQMmzK3qh2DLg5qH9bTKwskQkkTSkNvCnG9vK8\/L\/Frigiliana_Andalucia_Spain-6974-L.jpg\" alt=\"Ankomst till Frigiliana\"\/><\/figure>\n\n<h3 class=\"wp-block-heading\">Parkering i Frigiliana<\/h3>\n\n<p>Underjordisk parkering finns vid ing\u00e5ngen till den gamla byn. Alternativt kan du hitta parkeringsplatser l\u00e4ngs huvudv\u00e4gen nedanf\u00f6r den gamla byn. Vi rekommenderar att du anl\u00e4nder tidigt p\u00e5 morgonen f\u00f6r att enkelt hitta en plats.<\/p>\n\n<figure class=\"wp-block-image size-large\"><img loading=\"lazy\" decoding=\"async\" src=\"https:\/\/photos.smugmug.com\/Travel\/Andalucia\/12c-Frigiliana\/i-khFVsN6\/2\/L4DNzfCXJGqTWCWc3KFZWLMZk3Tjf58nrL7Q7mZBs\/L\/Frigiliana_Andalucia_Spain-6975-L.jpg\" alt=\"underjordiskt parkeringsgarage vid Frigiliana\"\/><\/figure>\n\n<h2 class=\"wp-block-heading\">Anv\u00e4ndbara tips f\u00f6r att bes\u00f6ka Frigiliana<\/h2>\n\n<h3 class=\"wp-block-heading\">Att ta sig runt i Frigiliana<\/h3>\n\n<p>Det b\u00e4sta s\u00e4ttet att uppt\u00e4cka byn \u00e4r till fots. Utforska de smala gatorna och uppt\u00e4ck alla dekorativa detaljer. Men gatorna \u00e4r branta och har trappor. Bra skor rekommenderas.<\/p>\n\n<figure class=\"wp-block-image size-large\"><img loading=\"lazy\" decoding=\"async\" src=\"https:\/\/photos.smugmug.com\/Travel\/Andalucia\/12c-Frigiliana\/i-vzc9Bth\/2\/LWFG2s4RWmK46kGBMHTp8GBb99hqqLDBTLhvh8nS2\/L\/Frigiliana_Andalucia_Spain-7002-L.jpg\" alt=\"Trappor i Frigiliana\"\/><\/figure>\n\n<p>Om trapporna \u00e4r f\u00f6r mycket f\u00f6r dig finns det tv\u00e5 trevliga alternativ f\u00f6r att utforska Frigiliana.<\/p>\n\n<ul class=\"wp-block-list\">\n<li>det lilla turistt\u00e5get, som g\u00f6r en 30-minuters slinga runt den s\u00f6dra delen av byn, med kommentarer p\u00e5 engelska och spanska.  <\/li>\n\n\n\n<li>Tuk-tuks: \u00e4ven om de inte kan anv\u00e4nda trapporna tar dessa fordon dig till panoramautsiktsplatserna i de \u00f6vre delarna av byn via alternativa v\u00e4gar.<\/li>\n<\/ul>\n\n<figure class=\"wp-block-image size-large\"><img loading=\"lazy\" decoding=\"async\" src=\"https:\/\/photos.smugmug.com\/Travel\/Andalucia\/12c-Frigiliana\/i-cs85LPn\/2\/Lcc7F9CjkNxN4hW8HJMPbLQ5nWdRrg9smWTwwf42g\/L\/Frigiliana_Andalucia_Spain-7036-L.jpg\" alt=\"tuk tuk i Frigiliana\"\/><\/figure>\n\n<h3 class=\"wp-block-heading\">Hur l\u00e4nge och n\u00e4r \u00e4r den b\u00e4sta tidpunkten?<\/h3>\n\n<p>Avs\u00e4tt en halv dag f\u00f6r att bes\u00f6ka Frigiliana och \u00e4ta lunch d\u00e4r. F\u00f6r att undvika folkmassorna, bes\u00f6k tidigt p\u00e5 morgonen (f\u00f6re kl. 10.00) eller sent p\u00e5 eftermiddagen (efter kl. 16.00). Byn har 320 soldagar per \u00e5r. P\u00e5 sommaren b\u00f6r du undvika de varmaste timmarna p\u00e5 dagen.<\/p>\n\n<h3 class=\"wp-block-heading\">V\u00e4gbeskrivning, karta och sv\u00e5righeter<\/h3>\n\n<p>Byn \u00e4r uppdelad i tv\u00e5 delar: den gamla delen till v\u00e4nster om Palacio (med de historiska byggnaderna och de 12 skyltarna) och den nya delen till h\u00f6ger (med utsikt \u00f6ver ravinerna). Gatorna \u00e4r branta med trappor.<\/p>\n\n<h3 class=\"wp-block-heading\">Bes\u00f6k med barn<\/h3>\n\n<p>Barn kommer att \u00e4lska det lilla turistt\u00e5get som tar 30 minuter att k\u00f6ra runt byn. De m\u00e5nga trapporna kan vara tr\u00f6ttsamma f\u00f6r de sm\u00e5, men eftersom det skapar en liten labyrint kan de njuta av det. Och du kan be dem leta efter keramikplattorna.<\/p>\n\n<figure class=\"wp-block-image size-large\"><img loading=\"lazy\" decoding=\"async\" src=\"https:\/\/photos.smugmug.com\/Travel\/Andalucia\/12c-Frigiliana\/i-WrwWNTC\/2\/KZL5hBjvhKBXS3TLqqXrVnJpDNgHsTMHWSSLL8Xpm\/L\/Frigiliana_Andalucia_Spain-2171-L.jpg\" alt=\"V&#xE5;rt bord p&#xE5; Garden Restaurant\"\/><\/figure>\n\n<h3 class=\"wp-block-heading\">Restauranger<\/h3>\n\n<p>Det finns flera restauranger i byn. Garden Restaurant f\u00e5ngade v\u00e5r uppm\u00e4rksamhet med sin utm\u00e4rkta mat och enast\u00e5ende utsikt. Boka ditt bord i f\u00f6rv\u00e4g f\u00f6r att f\u00e5 de b\u00e4sta platserna p\u00e5 terrassen.<\/p>\n\n<div style=\"margin-top:8%;margin-bottom:8%\" class=\"wp-block-genesis-blocks-gb-container box gb-block-container\"><div class=\"gb-container-inside\"><div class=\"gb-container-content\" style=\"max-width:700px\">\n<div class=\"wp-block-genesis-blocks-gb-container box_titre gb-block-container\"><div class=\"gb-container-inside\"><div class=\"gb-container-content\">\n<h5 class=\"titre_box\"><span>PLANERA DIN RESA TILL <\/span><span class=\"titre_box_manuscrit\">Andalusien<\/span><\/h5>\n<\/div><\/div><\/div>\n\n\n\n<hr class=\"wp-block-separator has-text-color has-alpha-channel-opacity has-background is-style-wide hr-box-planif\" style=\"background-color:#ccd3dd;color:#ccd3dd\"\/>\n\n\n\n<div class=\"wp-block-genesis-blocks-gb-container gb-block-container\"><div class=\"gb-container-inside\"><div class=\"gb-container-content\">\n<div class=\"wp-block-columns box_sans_border is-layout-flex wp-container-core-columns-is-layout-9d6595d7 wp-block-columns-is-layout-flex\">\n<div class=\"wp-block-column texte_planif is-layout-flow wp-block-column-is-layout-flow\" style=\"flex-basis:60%\">\n<p class=\"soustitre_planif\"><strong>Inspiration<\/strong><\/p>\n\n\n\n<ul class=\"wp-block-list\">\n<li style=\"font-size:14px\"><a href=\"https:\/\/andalucialovers.com\/sv\/sevardheter-andalusien-att-gora\/\" target=\"_blank\" rel=\"noreferrer noopener\">Vad man kan g\u00f6ra i Andalusien<\/a><\/li>\n\n\n\n<li style=\"font-size:14px\"><a href=\"https:\/\/andalucialovers.com\/sv\/basta-staderna-andalusien\/\" target=\"_blank\" rel=\"noreferrer noopener\">De vackraste st\u00e4derna<\/a><\/li>\n\n\n\n<li style=\"font-size:14px\"><a href=\"https:\/\/andalucialovers.com\/sv\/basta-stranderna-andalusien-listan\/\" target=\"_blank\" rel=\"noreferrer noopener\">De vackraste str\u00e4nderna<\/a><\/li>\n\n\n\n<li style=\"font-size:14px\"><a href=\"https:\/\/andalucialovers.com\/sv\/basta-vita-byarna-andalusien\/\" target=\"_blank\" rel=\"noreferrer noopener\">De vackraste vita byarna<\/a><\/li>\n\n\n\n<li style=\"font-size:14px\"><a href=\"https:\/\/andalucialovers.com\/sv\/katedraler-andalusien\/\" target=\"_blank\" rel=\"noreferrer noopener\">Katedralerna<\/a><\/li>\n\n\n\n<li style=\"font-size:14px\"><a href=\"https:\/\/andalucialovers.com\/sv\/arkeologiska-utgravningar-andalusien-ruiner\/\" target=\"_blank\" rel=\"noreferrer noopener\">Arkeologiska platser<\/a><\/li>\n\n\n\n<li style=\"font-size:14px\"><a data-type=\"post\" data-id=\"2221\" href=\"https:\/\/andalucialovers.com\/sv\/cordoba-eller-sevilla-eller-granada\/\" target=\"_blank\" rel=\"noreferrer noopener\">Sevilla, Cordoba eller Granada?<\/a><\/li>\n\n\n\n<li style=\"font-size:14px\"><a href=\"https:\/\/andalucialovers.com\/sv\/basta-museerna-andalusien\/\" target=\"_blank\" rel=\"noreferrer noopener\">B\u00e4sta museerna<\/a><\/li>\n\n\n\n<li style=\"font-size:14px\"><a href=\"https:\/\/andalucialovers.com\/sv\/basta-slotten-palatsen-andalusien\/\" target=\"_blank\" rel=\"noreferrer noopener\">Slott och palats<\/a><\/li>\n\n\n\n<li style=\"font-size:14px\"><a href=\"https:\/\/andalucialovers.com\/sv\/andalusien-gomda-parlor-hemliga-platser\/\" target=\"_blank\" rel=\"noreferrer noopener\">Hemliga platser<\/a><\/li>\n<\/ul>\n<\/div>\n\n\n\n<div class=\"wp-block-column is-vertically-aligned-top planif-radius is-layout-flow wp-block-column-is-layout-flow\" style=\"flex-basis:40%\">\n<figure class=\"wp-block-image size-large img-portrait\"><img loading=\"lazy\" decoding=\"async\" src=\"https:\/\/photos.smugmug.com\/Travel\/Andalucia\/6b-Zuheros\/i-VRKFTdz\/1\/CNkgtxtms75zqS5pTQbm8FKsGCDk3kHvJFzJqmP2z\/S\/Zuheros_Andalucia_Spain-4306-S.jpg\" alt=\"Zuheros\" title=\"\"\/><\/figure>\n<\/div>\n<\/div>\n\n\n\n<hr class=\"wp-block-separator has-text-color has-alpha-channel-opacity has-background is-style-wide hr-box-planif\" style=\"background-color:#ccd3dd;color:#ccd3dd\"\/>\n\n\n\n<div class=\"wp-block-columns box_sans_border is-layout-flex wp-container-core-columns-is-layout-9d6595d7 wp-block-columns-is-layout-flex\">\n<div class=\"wp-block-column texte_planif is-layout-flow wp-block-column-is-layout-flow\" style=\"flex-basis:60%\">\n<p class=\"soustitre_planif\"><strong>\u00d6vning<\/strong><\/p>\n\n\n\n<ul class=\"wp-block-list\">\n<li style=\"font-size:14px\"><a href=\"https:\/\/andalucialovers.com\/sv\/var-ska-bo-andalusien-basta-omradena\/\" data-type=\"post\" data-id=\"2632\" target=\"_blank\" rel=\"noreferrer noopener\">Var man kan bo i Andalusien<\/a><\/li>\n\n\n\n<li style=\"font-size:14px\"><a href=\"https:\/\/andalucialovers.com\/sv\/basta-5-stjarniga-hotellen-andalusien-lyx-recensioner\/\" type=\"post\" id=\"6105\" target=\"_blank\" rel=\"noreferrer noopener\">De b\u00e4sta lyxhotellen i Andalusien<\/a><\/li>\n\n\n\n<li style=\"font-size:14px\"><a href=\"https:\/\/andalucialovers.com\/sv\/basta-restaurang-andalusien-ata-recensioner\/\" target=\"_blank\" rel=\"noreferrer noopener\">B\u00e4sta restaurangerna<\/a><\/li>\n\n\n\n<li style=\"font-size:14px\"><a data-type=\"post\" data-id=\"3712\" href=\"https:\/\/andalucialovers.com\/sv\/hur-hyr-bil-andalusien-tips-erfarenhet\/\" target=\"_blank\" rel=\"noreferrer noopener\">Hyr en bil i Andalusien<\/a><\/li>\n\n\n\n<li style=\"font-size:14px\"><a href=\"https:\/\/andalucialovers.com\/sv\/korning-andalusien-tips\/\" target=\"_blank\" rel=\"noreferrer noopener\">K\u00f6rning i Andalusien<\/a><\/li>\n<\/ul>\n<\/div>\n\n\n\n<div class=\"wp-block-column is-vertically-aligned-top planif-radius is-layout-flow wp-block-column-is-layout-flow\" style=\"flex-basis:40%\">\n<figure class=\"wp-block-image size-large img-portrait\"><img loading=\"lazy\" decoding=\"async\" src=\"https:\/\/photos.smugmug.com\/Travel\/Andalucia\/Accommodations\/i-QBDJnG7\/1\/4ZLWzw32dnhwGLrbmXL5HqSdBXzWBRMQhfVrcKD4\/S\/accommodation_Tarifa_Andalucia_Spain-2764-S.jpg\" alt=\"Hotell i Tarifa\" title=\"\"\/><\/figure>\n<\/div>\n<\/div>\n\n\n\n<hr class=\"wp-block-separator has-text-color has-alpha-channel-opacity has-background is-style-wide hr-box-planif\" style=\"background-color:#ccd3dd;color:#ccd3dd\"\/>\n\n\n\n<div class=\"wp-block-columns box_sans_border is-layout-flex wp-container-core-columns-is-layout-9d6595d7 wp-block-columns-is-layout-flex\">\n<div class=\"wp-block-column texte_planif is-layout-flow wp-block-column-is-layout-flow\" style=\"flex-basis:60%\">\n<p class=\"soustitre_planif\"><strong>Platser du inte f\u00e5r missa<\/strong><\/p>\n\n\n\n<ul class=\"wp-block-list\">\n<li style=\"font-size:14px\"><a href=\"https:\/\/andalucialovers.com\/sv\/sevardheter-sevilla-att-gora\/\" target=\"_blank\" rel=\"noreferrer noopener\">Sevilla<\/a><\/li>\n\n\n\n<li style=\"font-size:14px\"><a data-type=\"post\" data-id=\"2328\" href=\"https:\/\/andalucialovers.com\/sv\/sevardheter-cordoba-att-gora\/\" target=\"_blank\" rel=\"noreferrer noopener\">Cordoba<\/a><\/li>\n\n\n\n<li style=\"font-size:14px\"><a href=\"https:\/\/andalucialovers.com\/sv\/sevardheter-granada-att-gora\/\" target=\"_blank\" rel=\"noreferrer noopener\">Grenada<\/a><\/li>\n\n\n\n<li style=\"font-size:14px\"><a href=\"https:\/\/andalucialovers.com\/sv\/sevardheter-ronda-att-gora\/\" target=\"_blank\" rel=\"noreferrer noopener\">Ronda<\/a><\/li>\n\n\n\n<li style=\"font-size:14px\"><a href=\"https:\/\/andalucialovers.com\/sv\/sevardheter-malaga-att-gora\/\" target=\"_blank\" rel=\"noreferrer noopener\">Malaga<\/a><\/li>\n\n\n\n<li style=\"font-size:14px\"><a data-type=\"post\" data-id=\"3597\" href=\"https:\/\/andalucialovers.com\/sv\/sevardheter-cadiz-att-gora\/\" target=\"_blank\" rel=\"noreferrer noopener\">Cadiz<\/a><\/li>\n\n\n\n<li style=\"font-size:14px\">Cabo de Gata<\/li>\n\n\n\n<li style=\"font-size:14px\"><a href=\"https:\/\/andalucialovers.com\/sv\/sevardheter-antequera-att-gora\/\" target=\"_blank\" rel=\"noreferrer noopener\">Antequera<\/a><\/li>\n\n\n\n<li style=\"font-size:14px\">Baeza och Ubuda<\/li>\n<\/ul>\n<\/div>\n\n\n\n<div class=\"wp-block-column is-vertically-aligned-top planif-radius is-layout-flow wp-block-column-is-layout-flow\" style=\"flex-basis:40%\">\n<figure class=\"wp-block-image size-large img-portrait\"><img loading=\"lazy\" decoding=\"async\" src=\"https:\/\/photos.smugmug.com\/Travel\/Andalucia\/2e-Madina-Azahara\/i-nrQb8vF\/1\/DMVZRMLhBjwhLQtjzj2r5fqS4GjmpXXHrwvQnwFsm\/S\/Medina_Azahara_Andalucia_Spain-1434-S.jpg\" alt=\"Medina Azahara\" title=\"\"\/><\/figure>\n<\/div>\n<\/div>\n<\/div><\/div><\/div>\n\n\n\n<div class=\"wp-block-genesis-blocks-gb-container box_texte gb-block-container\"><div class=\"gb-container-inside\"><div class=\"gb-container-content\"><\/div><\/div><\/div>\n\n\n\n<div class=\"wp-block-genesis-blocks-gb-container box-texte gb-block-container\"><div class=\"gb-container-inside\"><div class=\"gb-container-content\"><\/div><\/div><\/div>\n<\/div><\/div><\/div>\n","protected":false},"excerpt":{"rendered":"<p>L\u00e5t dig f\u00f6rf\u00f6ras av Frigiliana, en av de vackraste vita byarna i Andalusien, bel\u00e4gen 300 meter \u00f6ver havet p\u00e5 Costa del Sol. Vi blev \u00f6verv\u00e4ldigade av de pittoreska gatorna, de prydliga husen och den hisnande utsikten \u00f6ver Medelhavet.Uppt\u00e4ck v\u00e5rt urval av de b\u00e4sta attraktionerna i Frigiliana, illustrerade med foton som f\u00e5r dig att vilja \u00e5ka [&hellip;]<\/p>\n","protected":false},"author":1,"featured_media":2767,"comment_status":"closed","ping_status":"closed","sticky":false,"template":"","format":"standard","meta":{"_genesis_hide_title":false,"_genesis_hide_breadcrumbs":false,"_genesis_hide_singular_image":false,"_genesis_hide_footer_widgets":false,"_genesis_custom_body_class":"","_genesis_custom_post_class":"","_genesis_layout":"","footnotes":""},"categories":[152],"tags":[],"class_list":{"0":"post-2777","1":"post","2":"type-post","3":"status-publish","4":"format-standard","5":"has-post-thumbnail","7":"category-costa-del-sol-sv","8":"entry"},"yoast_head":"<!-- This site is optimized with the Yoast SEO plugin v27.2 - https:\/\/yoast.com\/product\/yoast-seo-wordpress\/ -->\n<title>Byn Frigiliana: sev\u00e4rdheter (+ tips p\u00e5 bes\u00f6k)<\/title>\n<meta name=\"description\" content=\"V\u00e5r guide f\u00f6r att planera ditt bes\u00f6k i byn Frigiliana (Andalusien): tillg\u00e5ng, sev\u00e4rdheter och praktiska r\u00e5d\" \/>\n<meta name=\"robots\" content=\"index, follow, max-snippet:-1, max-image-preview:large, max-video-preview:-1\" \/>\n<link rel=\"canonical\" href=\"https:\/\/andalucialovers.com\/sv\/sevardheter-byn-frigiliana-besok\/\" \/>\n<meta property=\"og:locale\" content=\"sv_SE\" \/>\n<meta property=\"og:type\" content=\"article\" \/>\n<meta property=\"og:title\" content=\"Byn Frigiliana: sev\u00e4rdheter (+ tips p\u00e5 bes\u00f6k)\" \/>\n<meta property=\"og:description\" content=\"V\u00e5r guide f\u00f6r att planera ditt bes\u00f6k i byn Frigiliana (Andalusien): tillg\u00e5ng, sev\u00e4rdheter och praktiska r\u00e5d\" \/>\n<meta property=\"og:url\" content=\"https:\/\/andalucialovers.com\/sv\/sevardheter-byn-frigiliana-besok\/\" \/>\n<meta property=\"og:site_name\" content=\"Andalucia Lovers\" \/>\n<meta property=\"article:published_time\" content=\"2024-10-26T15:03:57+00:00\" \/>\n<meta property=\"article:modified_time\" content=\"2024-10-29T10:04:04+00:00\" \/>\n<meta property=\"og:image\" content=\"https:\/\/andalucialovers.com\/wp-content\/uploads\/2024\/10\/sevardheter-byn-Frigiliana-besok.jpg\" \/>\n\t<meta property=\"og:image:width\" content=\"800\" \/>\n\t<meta property=\"og:image:height\" content=\"533\" \/>\n\t<meta property=\"og:image:type\" content=\"image\/jpeg\" \/>\n<meta name=\"author\" content=\"Claire\" \/>\n<meta name=\"twitter:card\" content=\"summary_large_image\" \/>\n<meta name=\"twitter:label1\" content=\"Skriven av\" \/>\n\t<meta name=\"twitter:data1\" content=\"Claire\" \/>\n\t<meta name=\"twitter:label2\" content=\"Ber\u00e4knad l\u00e4stid\" \/>\n\t<meta name=\"twitter:data2\" content=\"11 minuter\" \/>\n<script type=\"application\/ld+json\" class=\"yoast-schema-graph\">{\"@context\":\"https:\/\/schema.org\",\"@graph\":[{\"@type\":\"Article\",\"@id\":\"https:\/\/andalucialovers.com\/sv\/sevardheter-byn-frigiliana-besok\/#article\",\"isPartOf\":{\"@id\":\"https:\/\/andalucialovers.com\/sv\/sevardheter-byn-frigiliana-besok\/\"},\"author\":{\"name\":\"Claire\",\"@id\":\"https:\/\/andalucialovers.com\/sv\/#\/schema\/person\/2a1e86bd15a1161333ebe667950c2cea\"},\"headline\":\"Byn Frigiliana: sev\u00e4rdheter (+ tips p\u00e5 bes\u00f6k)\",\"datePublished\":\"2024-10-26T15:03:57+00:00\",\"dateModified\":\"2024-10-29T10:04:04+00:00\",\"mainEntityOfPage\":{\"@id\":\"https:\/\/andalucialovers.com\/sv\/sevardheter-byn-frigiliana-besok\/\"},\"wordCount\":2113,\"publisher\":{\"@id\":\"https:\/\/andalucialovers.com\/sv\/#organization\"},\"image\":{\"@id\":\"https:\/\/andalucialovers.com\/sv\/sevardheter-byn-frigiliana-besok\/#primaryimage\"},\"thumbnailUrl\":\"https:\/\/andalucialovers.com\/wp-content\/uploads\/2024\/10\/sevardheter-byn-Frigiliana-besok.jpg\",\"articleSection\":[\"Costa del Sol\"],\"inLanguage\":\"sv-SE\"},{\"@type\":\"WebPage\",\"@id\":\"https:\/\/andalucialovers.com\/sv\/sevardheter-byn-frigiliana-besok\/\",\"url\":\"https:\/\/andalucialovers.com\/sv\/sevardheter-byn-frigiliana-besok\/\",\"name\":\"Byn Frigiliana: sev\u00e4rdheter (+ tips p\u00e5 bes\u00f6k)\",\"isPartOf\":{\"@id\":\"https:\/\/andalucialovers.com\/sv\/#website\"},\"primaryImageOfPage\":{\"@id\":\"https:\/\/andalucialovers.com\/sv\/sevardheter-byn-frigiliana-besok\/#primaryimage\"},\"image\":{\"@id\":\"https:\/\/andalucialovers.com\/sv\/sevardheter-byn-frigiliana-besok\/#primaryimage\"},\"thumbnailUrl\":\"https:\/\/andalucialovers.com\/wp-content\/uploads\/2024\/10\/sevardheter-byn-Frigiliana-besok.jpg\",\"datePublished\":\"2024-10-26T15:03:57+00:00\",\"dateModified\":\"2024-10-29T10:04:04+00:00\",\"description\":\"V\u00e5r guide f\u00f6r att planera ditt bes\u00f6k i byn Frigiliana (Andalusien): tillg\u00e5ng, sev\u00e4rdheter och praktiska r\u00e5d\",\"breadcrumb\":{\"@id\":\"https:\/\/andalucialovers.com\/sv\/sevardheter-byn-frigiliana-besok\/#breadcrumb\"},\"inLanguage\":\"sv-SE\",\"potentialAction\":[{\"@type\":\"ReadAction\",\"target\":[\"https:\/\/andalucialovers.com\/sv\/sevardheter-byn-frigiliana-besok\/\"]}]},{\"@type\":\"ImageObject\",\"inLanguage\":\"sv-SE\",\"@id\":\"https:\/\/andalucialovers.com\/sv\/sevardheter-byn-frigiliana-besok\/#primaryimage\",\"url\":\"https:\/\/andalucialovers.com\/wp-content\/uploads\/2024\/10\/sevardheter-byn-Frigiliana-besok.jpg\",\"contentUrl\":\"https:\/\/andalucialovers.com\/wp-content\/uploads\/2024\/10\/sevardheter-byn-Frigiliana-besok.jpg\",\"width\":800,\"height\":533,\"caption\":\"sevardheter byn Frigiliana besok\"},{\"@type\":\"BreadcrumbList\",\"@id\":\"https:\/\/andalucialovers.com\/sv\/sevardheter-byn-frigiliana-besok\/#breadcrumb\",\"itemListElement\":[{\"@type\":\"ListItem\",\"position\":1,\"name\":\"Accueil\",\"item\":\"https:\/\/andalucialovers.com\/sv\/\"},{\"@type\":\"ListItem\",\"position\":2,\"name\":\"Costa del Sol\",\"item\":\"https:\/\/andalucialovers.com\/sv\/costa-del-sol-sv\/\"},{\"@type\":\"ListItem\",\"position\":3,\"name\":\"Byn Frigiliana: sev\u00e4rdheter (+ tips p\u00e5 bes\u00f6k)\"}]},{\"@type\":\"WebSite\",\"@id\":\"https:\/\/andalucialovers.com\/sv\/#website\",\"url\":\"https:\/\/andalucialovers.com\/sv\/\",\"name\":\"Andalucia Lovers\",\"description\":\"Le blog de Claire et Manu\",\"publisher\":{\"@id\":\"https:\/\/andalucialovers.com\/sv\/#organization\"},\"potentialAction\":[{\"@type\":\"SearchAction\",\"target\":{\"@type\":\"EntryPoint\",\"urlTemplate\":\"https:\/\/andalucialovers.com\/sv\/?s={search_term_string}\"},\"query-input\":{\"@type\":\"PropertyValueSpecification\",\"valueRequired\":true,\"valueName\":\"search_term_string\"}}],\"inLanguage\":\"sv-SE\"},{\"@type\":\"Organization\",\"@id\":\"https:\/\/andalucialovers.com\/sv\/#organization\",\"name\":\"Andalucia Lovers\",\"url\":\"https:\/\/andalucialovers.com\/sv\/\",\"logo\":{\"@type\":\"ImageObject\",\"inLanguage\":\"sv-SE\",\"@id\":\"https:\/\/andalucialovers.com\/sv\/#\/schema\/logo\/image\/\",\"url\":\"https:\/\/andalucialovers.com\/wp-content\/uploads\/2024\/05\/cropped-Andalucia-Lovers-Logo.png\",\"contentUrl\":\"https:\/\/andalucialovers.com\/wp-content\/uploads\/2024\/05\/cropped-Andalucia-Lovers-Logo.png\",\"width\":2804,\"height\":481,\"caption\":\"Andalucia Lovers\"},\"image\":{\"@id\":\"https:\/\/andalucialovers.com\/sv\/#\/schema\/logo\/image\/\"}},{\"@type\":\"Person\",\"@id\":\"https:\/\/andalucialovers.com\/sv\/#\/schema\/person\/2a1e86bd15a1161333ebe667950c2cea\",\"name\":\"Claire\",\"image\":{\"@type\":\"ImageObject\",\"inLanguage\":\"sv-SE\",\"@id\":\"https:\/\/secure.gravatar.com\/avatar\/e3566233826c32de8d7c9ef726a1087654b12cadb092acc17ee1d357687192ff?s=96&d=mm&r=g\",\"url\":\"https:\/\/secure.gravatar.com\/avatar\/e3566233826c32de8d7c9ef726a1087654b12cadb092acc17ee1d357687192ff?s=96&d=mm&r=g\",\"contentUrl\":\"https:\/\/secure.gravatar.com\/avatar\/e3566233826c32de8d7c9ef726a1087654b12cadb092acc17ee1d357687192ff?s=96&d=mm&r=g\",\"caption\":\"Claire\"},\"sameAs\":[\"https:\/\/andalucialovers.com\/claire-robinson\/\"],\"url\":\"https:\/\/andalucialovers.com\/sv\/author\/andalucialover\/\"}]}<\/script>\n<!-- \/ Yoast SEO plugin. -->","yoast_head_json":{"title":"Byn Frigiliana: sev\u00e4rdheter (+ tips p\u00e5 bes\u00f6k)","description":"V\u00e5r guide f\u00f6r att planera ditt bes\u00f6k i byn Frigiliana (Andalusien): tillg\u00e5ng, sev\u00e4rdheter och praktiska r\u00e5d","robots":{"index":"index","follow":"follow","max-snippet":"max-snippet:-1","max-image-preview":"max-image-preview:large","max-video-preview":"max-video-preview:-1"},"canonical":"https:\/\/andalucialovers.com\/sv\/sevardheter-byn-frigiliana-besok\/","og_locale":"sv_SE","og_type":"article","og_title":"Byn Frigiliana: sev\u00e4rdheter (+ tips p\u00e5 bes\u00f6k)","og_description":"V\u00e5r guide f\u00f6r att planera ditt bes\u00f6k i byn Frigiliana (Andalusien): tillg\u00e5ng, sev\u00e4rdheter och praktiska r\u00e5d","og_url":"https:\/\/andalucialovers.com\/sv\/sevardheter-byn-frigiliana-besok\/","og_site_name":"Andalucia Lovers","article_published_time":"2024-10-26T15:03:57+00:00","article_modified_time":"2024-10-29T10:04:04+00:00","og_image":[{"width":800,"height":533,"url":"https:\/\/andalucialovers.com\/wp-content\/uploads\/2024\/10\/sevardheter-byn-Frigiliana-besok.jpg","type":"image\/jpeg"}],"author":"Claire","twitter_card":"summary_large_image","twitter_misc":{"Skriven av":"Claire","Ber\u00e4knad l\u00e4stid":"11 minuter"},"schema":{"@context":"https:\/\/schema.org","@graph":[{"@type":"Article","@id":"https:\/\/andalucialovers.com\/sv\/sevardheter-byn-frigiliana-besok\/#article","isPartOf":{"@id":"https:\/\/andalucialovers.com\/sv\/sevardheter-byn-frigiliana-besok\/"},"author":{"name":"Claire","@id":"https:\/\/andalucialovers.com\/sv\/#\/schema\/person\/2a1e86bd15a1161333ebe667950c2cea"},"headline":"Byn Frigiliana: sev\u00e4rdheter (+ tips p\u00e5 bes\u00f6k)","datePublished":"2024-10-26T15:03:57+00:00","dateModified":"2024-10-29T10:04:04+00:00","mainEntityOfPage":{"@id":"https:\/\/andalucialovers.com\/sv\/sevardheter-byn-frigiliana-besok\/"},"wordCount":2113,"publisher":{"@id":"https:\/\/andalucialovers.com\/sv\/#organization"},"image":{"@id":"https:\/\/andalucialovers.com\/sv\/sevardheter-byn-frigiliana-besok\/#primaryimage"},"thumbnailUrl":"https:\/\/andalucialovers.com\/wp-content\/uploads\/2024\/10\/sevardheter-byn-Frigiliana-besok.jpg","articleSection":["Costa del Sol"],"inLanguage":"sv-SE"},{"@type":"WebPage","@id":"https:\/\/andalucialovers.com\/sv\/sevardheter-byn-frigiliana-besok\/","url":"https:\/\/andalucialovers.com\/sv\/sevardheter-byn-frigiliana-besok\/","name":"Byn Frigiliana: sev\u00e4rdheter (+ tips p\u00e5 bes\u00f6k)","isPartOf":{"@id":"https:\/\/andalucialovers.com\/sv\/#website"},"primaryImageOfPage":{"@id":"https:\/\/andalucialovers.com\/sv\/sevardheter-byn-frigiliana-besok\/#primaryimage"},"image":{"@id":"https:\/\/andalucialovers.com\/sv\/sevardheter-byn-frigiliana-besok\/#primaryimage"},"thumbnailUrl":"https:\/\/andalucialovers.com\/wp-content\/uploads\/2024\/10\/sevardheter-byn-Frigiliana-besok.jpg","datePublished":"2024-10-26T15:03:57+00:00","dateModified":"2024-10-29T10:04:04+00:00","description":"V\u00e5r guide f\u00f6r att planera ditt bes\u00f6k i byn Frigiliana (Andalusien): tillg\u00e5ng, sev\u00e4rdheter och praktiska r\u00e5d","breadcrumb":{"@id":"https:\/\/andalucialovers.com\/sv\/sevardheter-byn-frigiliana-besok\/#breadcrumb"},"inLanguage":"sv-SE","potentialAction":[{"@type":"ReadAction","target":["https:\/\/andalucialovers.com\/sv\/sevardheter-byn-frigiliana-besok\/"]}]},{"@type":"ImageObject","inLanguage":"sv-SE","@id":"https:\/\/andalucialovers.com\/sv\/sevardheter-byn-frigiliana-besok\/#primaryimage","url":"https:\/\/andalucialovers.com\/wp-content\/uploads\/2024\/10\/sevardheter-byn-Frigiliana-besok.jpg","contentUrl":"https:\/\/andalucialovers.com\/wp-content\/uploads\/2024\/10\/sevardheter-byn-Frigiliana-besok.jpg","width":800,"height":533,"caption":"sevardheter byn Frigiliana besok"},{"@type":"BreadcrumbList","@id":"https:\/\/andalucialovers.com\/sv\/sevardheter-byn-frigiliana-besok\/#breadcrumb","itemListElement":[{"@type":"ListItem","position":1,"name":"Accueil","item":"https:\/\/andalucialovers.com\/sv\/"},{"@type":"ListItem","position":2,"name":"Costa del Sol","item":"https:\/\/andalucialovers.com\/sv\/costa-del-sol-sv\/"},{"@type":"ListItem","position":3,"name":"Byn Frigiliana: sev\u00e4rdheter (+ tips p\u00e5 bes\u00f6k)"}]},{"@type":"WebSite","@id":"https:\/\/andalucialovers.com\/sv\/#website","url":"https:\/\/andalucialovers.com\/sv\/","name":"Andalucia Lovers","description":"Le blog de Claire et Manu","publisher":{"@id":"https:\/\/andalucialovers.com\/sv\/#organization"},"potentialAction":[{"@type":"SearchAction","target":{"@type":"EntryPoint","urlTemplate":"https:\/\/andalucialovers.com\/sv\/?s={search_term_string}"},"query-input":{"@type":"PropertyValueSpecification","valueRequired":true,"valueName":"search_term_string"}}],"inLanguage":"sv-SE"},{"@type":"Organization","@id":"https:\/\/andalucialovers.com\/sv\/#organization","name":"Andalucia Lovers","url":"https:\/\/andalucialovers.com\/sv\/","logo":{"@type":"ImageObject","inLanguage":"sv-SE","@id":"https:\/\/andalucialovers.com\/sv\/#\/schema\/logo\/image\/","url":"https:\/\/andalucialovers.com\/wp-content\/uploads\/2024\/05\/cropped-Andalucia-Lovers-Logo.png","contentUrl":"https:\/\/andalucialovers.com\/wp-content\/uploads\/2024\/05\/cropped-Andalucia-Lovers-Logo.png","width":2804,"height":481,"caption":"Andalucia Lovers"},"image":{"@id":"https:\/\/andalucialovers.com\/sv\/#\/schema\/logo\/image\/"}},{"@type":"Person","@id":"https:\/\/andalucialovers.com\/sv\/#\/schema\/person\/2a1e86bd15a1161333ebe667950c2cea","name":"Claire","image":{"@type":"ImageObject","inLanguage":"sv-SE","@id":"https:\/\/secure.gravatar.com\/avatar\/e3566233826c32de8d7c9ef726a1087654b12cadb092acc17ee1d357687192ff?s=96&d=mm&r=g","url":"https:\/\/secure.gravatar.com\/avatar\/e3566233826c32de8d7c9ef726a1087654b12cadb092acc17ee1d357687192ff?s=96&d=mm&r=g","contentUrl":"https:\/\/secure.gravatar.com\/avatar\/e3566233826c32de8d7c9ef726a1087654b12cadb092acc17ee1d357687192ff?s=96&d=mm&r=g","caption":"Claire"},"sameAs":["https:\/\/andalucialovers.com\/claire-robinson\/"],"url":"https:\/\/andalucialovers.com\/sv\/author\/andalucialover\/"}]}},"featured_image_src":"https:\/\/andalucialovers.com\/wp-content\/uploads\/2024\/10\/sevardheter-byn-Frigiliana-besok-600x400.jpg","featured_image_src_square":"https:\/\/andalucialovers.com\/wp-content\/uploads\/2024\/10\/sevardheter-byn-Frigiliana-besok-600x533.jpg","author_info":{"display_name":"Claire","author_link":"https:\/\/andalucialovers.com\/sv\/author\/andalucialover\/"},"_links":{"self":[{"href":"https:\/\/andalucialovers.com\/sv\/wp-json\/wp\/v2\/posts\/2777","targetHints":{"allow":["GET"]}}],"collection":[{"href":"https:\/\/andalucialovers.com\/sv\/wp-json\/wp\/v2\/posts"}],"about":[{"href":"https:\/\/andalucialovers.com\/sv\/wp-json\/wp\/v2\/types\/post"}],"author":[{"embeddable":true,"href":"https:\/\/andalucialovers.com\/sv\/wp-json\/wp\/v2\/users\/1"}],"replies":[{"embeddable":true,"href":"https:\/\/andalucialovers.com\/sv\/wp-json\/wp\/v2\/comments?post=2777"}],"version-history":[{"count":0,"href":"https:\/\/andalucialovers.com\/sv\/wp-json\/wp\/v2\/posts\/2777\/revisions"}],"wp:featuredmedia":[{"embeddable":true,"href":"https:\/\/andalucialovers.com\/sv\/wp-json\/wp\/v2\/media\/2767"}],"wp:attachment":[{"href":"https:\/\/andalucialovers.com\/sv\/wp-json\/wp\/v2\/media?parent=2777"}],"wp:term":[{"taxonomy":"category","embeddable":true,"href":"https:\/\/andalucialovers.com\/sv\/wp-json\/wp\/v2\/categories?post=2777"},{"taxonomy":"post_tag","embeddable":true,"href":"https:\/\/andalucialovers.com\/sv\/wp-json\/wp\/v2\/tags?post=2777"}],"curies":[{"name":"wp","href":"https:\/\/api.w.org\/{rel}","templated":true}]}}