{"id":3563,"date":"2024-12-13T05:47:35","date_gmt":"2024-12-13T04:47:35","guid":{"rendered":"https:\/\/andalucialovers.com\/visiter-juderia-synagogue-cordoue\/"},"modified":"2024-12-13T20:55:24","modified_gmt":"2024-12-13T19:55:24","slug":"besok-juderia-synagogan-cordoba","status":"publish","type":"post","link":"https:\/\/andalucialovers.com\/sv\/besok-juderia-synagogan-cordoba\/","title":{"rendered":"Juderia (judiska kvarteret) och synagogan (Cordoba): bes\u00f6k + foton"},"content":{"rendered":"\n<p>Bes\u00f6ker du Cordoba? F\u00f6rdjupa dig i historien genom att bes\u00f6ka den magnifika  <strong>Den historiska judiska stadsdelen La Juder\u00eda. Dess synagoga<\/strong>  fr\u00e5n 1300-talet, \u00e4r<strong>ett av endast 3 medeltida hebreiska monument som bevarats i Spanien,<\/strong> vilket g\u00f6r det till en unik skatt i <strong>Andalusien<\/strong>.<br\/>I den h\u00e4r artikeln hittar du v\u00e5ra bilder och r\u00e5d om hur du f\u00e5r ut det mesta av ditt bes\u00f6k i Cordobas synagoga och Juder\u00eda-kvarter.<\/p>\n\n<figure class=\"wp-block-image size-large\"><img decoding=\"async\" src=\"https:\/\/andalucialovers.com\/wp-content\/uploads\/2024\/12\/SE-besok-juderia-synagoga-cordoba-1024x768.jpg\" alt=\"bes&#xF6;k-juderia-synagogan-cordoba\" class=\"wp-image-3514\"\/><\/figure>\n\n<p>Detta \u00e4r en helt <strong>oberoende<\/strong> \u00e5sikt, baserad p\u00e5 v\u00e5r egen erfarenhet. Vi gjorde v\u00e5ra egna val, bes\u00f6kte regionen anonymt och betalade v\u00e5ra r\u00e4kningar till fullo.<\/p>\n\n<h2 class=\"wp-block-heading\">Varf\u00f6r bes\u00f6ka synagogan och Juder\u00eda?<\/h2>\n\n<h3 class=\"wp-block-heading\">\u00c4r synagogan och de judiska kvarteren v\u00e4rda att bes\u00f6ka? V\u00e5r \u00e5sikt:<\/h3>\n\n<p>Ja, det \u00e4r v\u00e4l v\u00e4rt ett bes\u00f6k! Synagogan i Cordoba \u00e4r en mudejarbyggnad fr\u00e5n <strong>1300-talet<\/strong> och finns med p\u00e5 <strong>UNESCO:s v\u00e4rldsarvslista<\/strong>. Vi var s\u00e4rskilt imponerade av dess <strong>exceptionella bevarandestatus<\/strong> och dess unika v\u00e4ggdekorationer, som vittnar om stadens <strong>rika<\/strong> sefardiska <strong>historia<\/strong>. Omr\u00e5det d\u00e4r den ligger, <strong>Juder\u00eda<\/strong>, Cordobas <strong>gamla judiska kvarter<\/strong>, \u00e4r ocks\u00e5 <strong>fascinerande <\/strong>med sina slingrande gator och typiska <strong>sefardiska arkitektur<\/strong>. <a href=\"https:\/\/andalucialovers.com\/sv\/sevardheter-cordoba-att-gora\/\" target=\"_blank\" rel=\"noreferrer noopener\">Det \u00e4r en av de b\u00e4sta sakerna att g\u00f6ra i Cordoba!<\/a><\/p>\n\n<figure class=\"wp-block-image size-large\"><img loading=\"lazy\" decoding=\"async\" src=\"https:\/\/photos.smugmug.com\/Andalucia-Lovers\/Cordoba\/Town\/i-MbdGmjC\/0\/LgV22rdPLVXSJR3rgFQWZdKv5gLCKCbH4PSjq4ppt\/L\/patio-flowers-cordoba-feria-L.jpg\" alt=\"Synagogan och Juder&#xED;a-kvarteren i Cordoba - uteplats\"\/><\/figure>\n\n<h3 class=\"wp-block-heading\">Varf\u00f6r \u00e4r de ber\u00f6mda?<\/h3>\n\n<p>Synagogan i Cordoba \u00e4r k\u00e4nd f\u00f6r att vara den enda bevarade medeltida synagogan i Andalusien. Det \u00e4r ocks\u00e5 en av endast 3 bevarade spanska synagogor fr\u00e5n tiden f\u00f6re f\u00f6rdrivningen av den sefardiska folkgruppen 1492. Juder\u00eda-distriktet \u00e4r k\u00e4nt f\u00f6r att ha varit det bultande hj\u00e4rtat i Cordobas judiska samh\u00e4lle i \u00e5rhundraden. Tillsammans vittnar de om den hebreiska kulturens betydelse i stadens historia, s\u00e4rskilt under Al-Andalus guld\u00e5lder.<\/p>\n\n<hr class=\"wp-block-separator has-text-color has-alpha-channel-opacity has-background is-style-wide\" style=\"background-color:#000000;color:#000000\"\/>\n\n<p class=\"has-text-align-center\"><strong>Uppt\u00e4ck Cordobas Juderia och synagoga med en expertguide &#8211; <a href=\"https:\/\/www.getyourguide.se\/cordoue-l1689\/cordoue-visite-privee-de-l-histoire-juive-t859406\/?partner_id=R3GYW4V&amp;cmp=andalucia\" target=\"_blank\" rel=\"noreferrer noopener sponsored nofollow\">l\u00e4s mer och boka<\/a><\/strong><\/p>\n\n<hr class=\"wp-block-separator has-text-color has-alpha-channel-opacity has-background is-style-wide\" style=\"background-color:#000000;color:#000000\"\/>\n\n<figure class=\"wp-block-image size-large\"><img loading=\"lazy\" decoding=\"async\" src=\"https:\/\/photos.smugmug.com\/Andalucia-Lovers\/Cordoba\/Synagogue\/i-czTrpkW\/0\/Lwsp9xNFCKfXtqkJH84T8KKjsrM254R6g9ZtHDJbL\/L\/cordoba-sinagoga-01-L.jpg\" alt=\"Synagoga och Juder&#xED;a-kvarter i Cordoba - sinagoga\"\/><\/figure>\n\n<h3 class=\"wp-block-heading\">V\u00e5ra favorit\u00f6gonblick<\/h3>\n\n<p>Du kan l\u00e4sa mer om v\u00e5rt bes\u00f6k senare, men vi kan inte motst\u00e5 att dela med oss av v\u00e5ra favoriter redan nu:<\/p>\n\n<ul class=\"wp-block-list\">\n<li><strong>Synagogans<\/strong> imponerande <strong>bevarandestatus och dess v\u00e4ggm\u00e5lningar<\/strong>, som gjorde det m\u00f6jligt f\u00f6r oss att g\u00f6ra en koppling till stadens sefardiska f\u00f6rflutna.<\/li>\n\n\n\n<li><strong>Uppt\u00e4ck stadsdelen Juder\u00eda <\/strong>med sin unika atmosf\u00e4r och sina vita gr\u00e4nder<\/li>\n\n\n\n<li><strong>F\u00f6rdjupa dig i Cordobas historia<\/strong> genom den spanska judiska f\u00f6rsamlingens<strong>historia<\/strong> <\/li>\n<\/ul>\n\n<figure class=\"wp-block-image size-large\"><img loading=\"lazy\" decoding=\"async\" src=\"https:\/\/photos.smugmug.com\/Travel\/Andalucia\/3e-Cordoba-other\/i-RjNszJP\/2\/NdKQb6VKqxZgxp4VfncFpFTXHhzxnD4v8xQXhS59W\/L\/Cordoba_Andalucia_Spain-3110-L.jpg\" alt=\"Synagogan och Juder&#xED;a-kvarteren i Cordoba - V&#xE4;ggdekorationer\"\/><\/figure>\n\n<div style=\"margin-top:8%;margin-bottom:8%\" class=\"wp-block-genesis-blocks-gb-container box gb-block-container\"><div class=\"gb-container-inside\"><div class=\"gb-container-content\" style=\"max-width:700px\">\n<div class=\"wp-block-genesis-blocks-gb-container box_titre gb-block-container\"><div class=\"gb-container-inside\"><div class=\"gb-container-content\">\n<h5 class=\"titre_box\" style=\"padding-top:10px;\">VAR KAN MAN BO i <span class=\"titre_box_manuscrit\">Cordoba<\/span><\/h5>\n<\/div><\/div><\/div>\n\n\n\n<hr class=\"wp-block-separator has-text-color has-alpha-channel-opacity has-background is-style-wide hr-box-planif\" style=\"background-color:#ccd3dd;color:#ccd3dd\"\/>\n\n\n\n<div class=\"wp-block-columns box_sans_border is-layout-flex wp-container-core-columns-is-layout-9d6595d7 wp-block-columns-is-layout-flex\">\n<div class=\"wp-block-column texte_planif is-layout-flow wp-block-column-is-layout-flow\" style=\"font-size:14px;flex-basis:60%\">\n<p class=\"option_titre2\"><strong>V\u00e5ra favoriter: stadsdelar och hotell<\/strong><\/p>\n\n\n\n<p style=\"font-size:14px\"><strong>Historiskt kvarter<\/strong><br\/>Hotel Las Casas de la Juderia &#8211; <a href=\"https:\/\/www.booking.com\/hotel\/es\/las-casas-de-la-juderia.html?aid=2420173\" target=\"_blank\" rel=\"noreferrer noopener nofollow\">priser, bilder och tillg\u00e4nglighet<\/a><br\/>Hotel Madinat &#8211; <a href=\"https:\/\/www.booking.com\/hotel\/es\/madinat.html?aid=2420173\" target=\"_blank\" rel=\"noreferrer noopener nofollow\">priser, bilder och tillg\u00e4nglighet<\/a><\/p>\n\n\n\n<p style=\"font-size:14px\"><strong>Stadsdelen Santa Marina<\/strong><br\/>Hotel Hospes Palacio del Bailio &#8211; <a href=\"https:\/\/www.booking.com\/hotel\/es\/palacio-del-bailio.html?aid=2420173\" target=\"_blank\" rel=\"noreferrer noopener nofollow\">priser, bilder och tillg\u00e4nglighet <\/a> <\/p>\n\n\n\n<ul class=\"wp-block-list ul_box\">\n<li style=\"font-size:14px\"><strong>Hotel 1<\/strong> &#8211; Se priser, bilder och tillg\u00e4nglighet<\/li>\n\n\n\n<li style=\"font-size:14px\"><strong>Hotel 2<\/strong> &#8211; Se priser, bilder och tillg\u00e4nglighet<\/li>\n<\/ul>\n<\/div>\n\n\n\n<div class=\"wp-block-column is-vertically-aligned-top planif-radius is-layout-flow wp-block-column-is-layout-flow\" style=\"flex-basis:40%\">\n<figure class=\"wp-block-image size-large img-portrait\"><img loading=\"lazy\" decoding=\"async\" src=\"https:\/\/photos.smugmug.com\/Andalucia-Lovers\/Cordoba\/Hotels\/Fa%C3%A7ades\/i-FXWmmNd\/0\/McPxdDLWKrsjV36SZsCKQ8KRGvvv9Wfx8Kz42Dwg3\/L\/hotel%20madinat%20cordoba-L.jpg\" alt=\"Madinat Hotell\" title=\"\"\/><\/figure>\n<\/div>\n<\/div>\n\n\n\n<hr class=\"wp-block-separator has-text-color has-alpha-channel-opacity has-background is-style-wide hr-box-planif\" style=\"background-color:#ccd3dd;color:#ccd3dd\"\/>\n\n\n\n<p class=\"has-text-align-center has-normal-font-size\">Se v\u00e5rt kompletta utbud av <a href=\"https:\/\/andalucialovers.com\/sv\/var-kan-bo-cordoba-basta-hotellen-stadsdelarna\/\" data-type=\"post\" data-id=\"2728\" target=\"_blank\" rel=\"noreferrer noopener\">b\u00e4sta hotell i Cordoba<\/a><\/p>\n\n\n\n<div class=\"wp-block-buttons planif_bouton is-content-justification-center is-layout-flex wp-container-core-buttons-is-layout-16018d1d wp-block-buttons-is-layout-flex\">\n<div class=\"wp-block-button has-custom-font-size\" style=\"font-size:14px\"><a class=\"wp-block-button__link has-white-color has-text-color wp-element-button\" href=\"https:\/\/www.booking.com\/searchresults.html?city=-378765&amp;nflt=review_score%253D90%253Breview_score%253D80&amp;aid=2420173&amp;no_rooms=1&amp;group_adults=2\" style=\"border-radius:4px\" target=\"_blank\" rel=\"noreferrer noopener nofollow\">Se alla tillg\u00e4ngliga boenden &gt;&gt;<\/a><\/div>\n<\/div>\n<\/div><\/div><\/div>\n\n<h3 class=\"wp-block-heading\">Historia i korthet<\/h3>\n\n<p>H\u00e4r \u00e4r milstolparna i Cordobas judars historia, som har p\u00e5verkat historien om deras stadsdel (Juderia) och dess synagoga:<\/p>\n\n<ul class=\"wp-block-list\">\n<li>8:e-12:e \u00e5rhundradet: Den sefardiska folkgruppens guld\u00e5lder under al-Andalus styre<\/li>\n\n\n\n<li>1236: Cordoba hamnar under kristen kontroll<\/li>\n\n\n\n<li>1315: Synagogan byggs av Isaq Moheb<\/li>\n\n\n\n<li>1492: F\u00f6rdrivning av judarna fr\u00e5n Spanien. Synagogan omvandlades till ett sjukhus och 1588 till ett eremitage, innan den blev en offentlig skola p\u00e5 1800-talet.<\/li>\n\n\n\n<li>1994: Synagogan i Cordoba upptas p\u00e5 UNESCO:s v\u00e4rldsarvslista<\/li>\n<\/ul>\n\n<figure class=\"wp-block-image size-large\"><img loading=\"lazy\" decoding=\"async\" src=\"https:\/\/photos.smugmug.com\/Andalucia-Lovers\/Cordoba\/Juderia\/i-hB4ZkD8\/0\/LDdWqcVKS9gzwmKShLcJQ6j2phqGNfNQstxBF6fJb\/L\/cordoba-city-juderia-06-L.jpg\" alt=\"Synagogan och Juder&#xED;a-kvarteren i Cordoba - Historisk tidslinje\"\/><\/figure>\n\n<h2 class=\"wp-block-heading\">Tillg\u00e5ng: Synagogan och Juder\u00eda-kvarteret, Cordoba<\/h2>\n\n<h3 class=\"wp-block-heading\">Var ligger synagogan och Quartier de la Juder\u00eda?<\/h3>\n\n<p>Synagogan i Cordoba ligger mitt i stadens centrum:<\/p>\n\n<ul class=\"wp-block-list\">\n<li>Den ligger p\u00e5 Calle Jud\u00edos, 20, i stadsdelen Juder\u00eda.<\/li>\n\n\n\n<li>N\u00e4ra till <a href=\"https:\/\/andalucialovers.com\/sv\/visiter-mosquee-cathedrale-cordoue\/\">mosk\u00e9n-katedralen<\/a> och den <a href=\"https:\/\/andalucialovers.com\/sv\/puente-romano-cordoba-besok-foton\/\">romerska bron<\/a><\/li>\n\n\n\n<li>I det historiska hj\u00e4rtat av Cordoba<\/li>\n<\/ul>\n\n<hr class=\"wp-block-separator has-text-color has-alpha-channel-opacity has-background is-style-wide\" style=\"background-color:#000000;color:#000000\"\/>\n\n<p class=\"has-text-align-center\"><strong>Katedralen Mosk\u00e9n, Alcazar, Juderia, Romerska bron&#8230; <a href=\"https:\/\/www.getyourguide.se\/cordoue-l1689\/visite-complete-de-cordoue-t66289\/?partner_id=R3GYW4V&amp;cmp=andalucia\" target=\"_blank\" rel=\"noreferrer noopener sponsored nofollow\">Boka en guidad tur f\u00f6r att uppt\u00e4cka Cordobas mest emblematiska landm\u00e4rken!<\/a><\/strong><\/p>\n\n<hr class=\"wp-block-separator has-text-color has-alpha-channel-opacity has-background is-style-wide\" style=\"background-color:#000000;color:#000000\"\/>\n\n<figure class=\"wp-block-image size-large\"><img loading=\"lazy\" decoding=\"async\" src=\"https:\/\/photos.smugmug.com\/Andalucia-Lovers\/Cordoba\/Juderia\/i-g49J5ct\/0\/MCNMPLTKN9PSdQfgPzScctMRkPGHTJmnGmfkwgMbJ\/L\/cordoba-city-juderia-17-L.jpg\" alt=\"Synagogan och Juder&#xED;a-kvarteren i Cordoba - Platio\"\/><\/figure>\n\n<div class=\"wp-block-columns inverse box_planif is-layout-flex wp-container-core-columns-is-layout-9d6595d7 wp-block-columns-is-layout-flex\">\n<div class=\"wp-block-column texte_planif is-layout-flow wp-block-column-is-layout-flow\" style=\"flex-basis:58%\">\n<h5 class=\"titre_box\"> HYR DIN BIL I <span class=\"titre_box_manuscrit\">\nAndalusia<\/span><\/h5>\n\n\n\n<ul style=\"font-size:14px\" class=\"wp-block-list liste_voiture\">\n<li>J\u00e4mf\u00f6r priser p\u00e5 v\u00e5r f\u00f6redragna plattform: <a href=\"https:\/\/www.discovercars.com\/se\/spain?a_aid=zigzag&amp;chan=andalucia\" target=\"_blank\" rel=\"noreferrer noopener sponsored nofollow\">DiscoverCars<\/a> &#8211; en av de b\u00e4st rankade webbplatserna.<\/li>\n\n\n\n<li>V\u00e4lj en <strong>kompakt bil<\/strong>, eftersom vissa byar har mycket smala gator!<\/li>\n\n\n\n<li>T\u00e4nk p\u00e5<strong>omfattande f\u00f6rs\u00e4kring<\/strong> av samma anledning<\/li>\n\n\n\n<li><strong>Boka tidigt<\/strong> f\u00f6r b\u00e4sta val.<\/li>\n<\/ul>\n<\/div>\n\n\n\n<div class=\"wp-block-column planif-radius-3 is-layout-flow wp-block-column-is-layout-flow\" style=\"flex-basis:42%\">\n<figure class=\"wp-block-image size-large is-resized\"><img loading=\"lazy\" decoding=\"async\" src=\"https:\/\/photos.smugmug.com\/Travel\/Andalucia\/Driving\/i-tqxqm2M\/1\/DBVq6wpqQpTv8CpSvmFGgfKbDdqGMK9zqdcc59cGs\/S\/Driving_Andalucia_Spain-8407-S.jpg\" alt=\"K&#xF6;rning i Andalusien\" title=\"\"\/><\/figure>\n<\/div>\n<\/div>\n\n<div class=\"wp-block-columns planif_bouton is-layout-flex wp-container-core-columns-is-layout-9d6595d7 wp-block-columns-is-layout-flex\">\n<div class=\"wp-block-column is-layout-flow wp-block-column-is-layout-flow\" style=\"flex-basis:50%\">\n<div class=\"wp-block-buttons is-content-justification-center is-layout-flex wp-container-core-buttons-is-layout-16018d1d wp-block-buttons-is-layout-flex\">\n<div class=\"wp-block-button has-custom-font-size\" style=\"font-size:14px\"><a class=\"wp-block-button__link has-white-color has-text-color wp-element-button\" href=\"https:\/\/www.discovercars.com\/se\/spain?a_aid=zigzag&amp;amp;chan=andalucia\" style=\"border-radius:4px\" target=\"_blank\" rel=\"noreferrer noopener nofollow\">Se bilarna<img loading=\"lazy\" decoding=\"async\" class=\"wp-image-2851\" style=\"width: 16px;\" src=\"https:\/\/provencelovers.fr\/wp-content\/uploads\/2023\/08\/ArrowRight.webp\" alt=\"\"\/><\/a><\/div>\n<\/div>\n<\/div>\n\n\n\n<div class=\"wp-block-column is-vertically-aligned-center is-layout-flow wp-block-column-is-layout-flow\" style=\"flex-basis:50%\">\n<p class=\"has-text-align-center\" style=\"font-size:14px\"><strong><a href=\"https:\/\/andalucialovers.com\/sv\/hur-hyr-bil-andalusien-tips-erfarenhet\/\" data-type=\"post\" data-id=\"3712\" target=\"_blank\" rel=\"noreferrer noopener\">Se v\u00e5ra r\u00e5d<\/a><\/strong><\/p>\n<\/div>\n<\/div>\n\n<h3 class=\"wp-block-heading\">Hur kommer jag dit?<\/h3>\n\n<p>Det finns flera alternativ f\u00f6r att ta sig till Quartier de la Juderia:<\/p>\n\n<ul class=\"wp-block-list\">\n<li>Stadsdelen och synagogan ligger inom bekv\u00e4mt <strong>g\u00e5ngavst\u00e5nd<\/strong>.<\/li>\n\n\n\n<li><strong>Med allm\u00e4nna kommunikationer<\/strong>:\n<ul class=\"wp-block-list\">\n<li>om du vill b\u00f6rja med att bes\u00f6ka Juderia-distriktet och sedan synagogan: g\u00e5 av vid<strong>h\u00e5llplatsen &#8221;El Potro (la Ribera)<\/strong>&#8221; och bes\u00f6k distriktet och arbeta dig upp till synagogan i din egen takt.<\/li>\n\n\n\n<li>om du vill b\u00f6rja med att bes\u00f6ka synagogan och sedan det judiska kvarteret: g\u00e5 av vid<strong>h\u00e5llplatsen &#8221;Vallellano (Comisar\u00eda)&#8221;<\/strong> som ligger n\u00e4ra synagogan, och efter ditt bes\u00f6k i byggnaden kan du uppt\u00e4cka det judiska kvarteret som inrymmer den.<br\/><br\/>F\u00f6r att planera din rutt, se kartor, tidtabeller och biljettpriser <a href=\"https:\/\/aucorsa.es\/\" target=\"_blank\" rel=\"noreferrer noopener nofollow\">h\u00e4r.<\/a><\/li>\n<\/ul>\n<\/li>\n<\/ul>\n\n<ul class=\"wp-block-list\">\n<li>Du kan v\u00e4lja en sightseeingtur med buss. <strong>Hop-on-hop-off-bussar <\/strong>\u00e4r ett utm\u00e4rkt s\u00e4tt att bes\u00f6ka alla turistattraktioner snabbt och enkelt. <a href=\"https:\/\/www.viator.com\/sv-SE\/tours\/Cordoba\/City-Sightseeing-Cordoba-Hop-On-Hop-Off-Tour\/d5254-2916CORDOBAHOHO?partner_id=R3GYW4V&amp;cmp=andalucia\" target=\"_blank\" rel=\"noreferrer noopener sponsored nofollow\">Boka ditt Hop-On-Hop-Off-pass nu<\/a>.<\/li>\n<\/ul>\n\n<figure class=\"wp-block-image size-large\"><img loading=\"lazy\" decoding=\"async\" src=\"https:\/\/photos.smugmug.com\/Travel\/Andalucia\/3e-Cordoba-other\/i-dGGfc2P\/2\/NFZFNpRQbcztjdVBpFBqxJxcVn7Nbk3gMnxP383xh\/L\/Cordoba_Andalucia_Spain-3325-L.jpg\" alt=\"Synagogan och Juder&#xED;a-kvarteren i Cordoba - Transportm&#xF6;jligheter\"\/><\/figure>\n\n<h3 class=\"wp-block-heading\">Parkeringsplats<\/h3>\n\n<p>N\u00e4rmaste parkeringsplats \u00e4r Cordoba Mosque Car Park, cirka 1 minuts promenad bort.<\/p>\n\n<div style=\"margin-top:8%;margin-bottom:8%\" class=\"wp-block-genesis-blocks-gb-container box gb-block-container\"><div class=\"gb-container-inside\"><div class=\"gb-container-content\" style=\"max-width:700px\">\n<div class=\"wp-block-genesis-blocks-gb-container box-texte gb-block-container\"><div class=\"gb-container-inside\"><div class=\"gb-container-content\"><\/div><\/div><\/div>\n<\/div><\/div><\/div>\n\n<div style=\"margin-top:8%;margin-bottom:8%\" class=\"wp-block-genesis-blocks-gb-container box gb-block-container\"><div class=\"gb-container-inside\"><div class=\"gb-container-content\">\n<div class=\"wp-block-columns inverse is-layout-flex wp-container-core-columns-is-layout-9d6595d7 wp-block-columns-is-layout-flex\">\n<div class=\"wp-block-column texte_planif is-layout-flow wp-block-column-is-layout-flow\" style=\"flex-basis:58%\">\n<h5 class=\"titre_box\" style=\"padding-top:10px;\">UPPT\u00c4CK <span class=\"titre_box_manuscrit\">C\u00f3rdoba<\/span><\/h5>\n\n\n\n<ul class=\"wp-block-list ul_box\">\n<li style=\"font-size:14px\"><a href=\"https:\/\/andalucialovers.com\/sv\/sevardheter-cordoba-att-gora\/\" data-type=\"post\" data-id=\"2328\" target=\"_blank\" rel=\"noreferrer noopener\">Sev\u00e4rdheter i Cordoba<\/a><\/li>\n\n\n\n<li style=\"font-size:14px\"><a href=\"https:\/\/andalucialovers.com\/sv\/var-kan-bo-cordoba-basta-hotellen-stadsdelarna\/\" data-type=\"post\" data-id=\"2728\" target=\"_blank\" rel=\"noreferrer noopener\">B\u00e4sta hotellen i Cordoba<\/a><\/li>\n\n\n\n<li style=\"font-size:14px\"><a href=\"https:\/\/andalucialovers.com\/sv\/basta-restaurang-cordoba-ata-omdomen\/\" data-type=\"post\" data-id=\"2881\" target=\"_blank\" rel=\"noreferrer noopener\">B\u00e4sta restaurangerna<\/a><\/li>\n\n\n\n<li style=\"font-size:14px\"><a href=\"https:\/\/andalucialovers.com\/sv\/basta-museer-palais-cordoue\/\" data-type=\"post\" data-id=\"3144\" target=\"_blank\" rel=\"noreferrer noopener\">B\u00e4sta museerna och palatsen<\/a><\/li>\n\n\n\n<li style=\"font-size:14px\"><a href=\"https:\/\/andalucialovers.com\/sv\/visiter-mosquee-cathedrale-cordoue\/\" data-type=\"post\" data-id=\"2928\" target=\"_blank\" rel=\"noreferrer noopener\">Bes\u00f6k katedralen<\/a><\/li>\n\n\n\n<li style=\"font-size:14px\">Bes\u00f6k Medina Azahara (kommer snart)<\/li>\n\n\n\n<li style=\"font-size:14px\">Resplaner: <a href=\"https:\/\/andalucialovers.com\/sv\/besok-1-dag-cordoba-resvagar\/\" target=\"_blank\" rel=\"noreferrer noopener\">1 dag<\/a> &#8211; <a href=\"https:\/\/andalucialovers.com\/sv\/besok-cordoba-2-dagar-resvagar-weekend\/\" target=\"_blank\" rel=\"noreferrer noopener\">2 dagar<\/a> &#8211; <a href=\"https:\/\/andalucialovers.com\/sv\/besok-cordoba-3-dagar-resvagar\/\" target=\"_blank\" rel=\"noreferrer noopener\">3 dagar<\/a><\/li>\n<\/ul>\n<\/div>\n\n\n\n<div class=\"wp-block-column ville-radius is-layout-flow wp-block-column-is-layout-flow\" style=\"flex-basis:42%\">\n<figure class=\"wp-block-image size-large img-portrait\"><img loading=\"lazy\" decoding=\"async\" src=\"https:\/\/photos.smugmug.com\/Andalucia-Lovers\/Cordoba\/Cathedral\/i-LzVM8n8\/0\/L3fgscCCPpcbSmPRWb2s3vqKd7jS9rCbCNpCX2rXb\/L\/Cordoba_cathedral-L.jpg\" alt=\"Katedralen i Cordoba\" title=\"\"\/><\/figure>\n<\/div>\n<\/div>\n<\/div><\/div><\/div>\n\n<h2 class=\"wp-block-heading\">Anv\u00e4ndbara tips: varaktighet, tidtabeller, \u00e4ta&#8230;<\/h2>\n\n<h3 class=\"wp-block-heading\">B\u00e4sta tiden att bes\u00f6ka<\/h3>\n\n<p>Vi rekommenderar ett bes\u00f6k tidigt p\u00e5 morgonen eller sent p\u00e5 eftermiddagen. P\u00e5 s\u00e5 s\u00e4tt undviker man den intensiva eftermiddagsv\u00e4rmen, s\u00e4rskilt p\u00e5 sommaren.  <br\/>V\u00e5r och h\u00f6st \u00e4r i allm\u00e4nhet de b\u00e4sta \u00e5rstiderna att bes\u00f6ka Cordoba, eftersom klimatet \u00e4r mildare, med behagliga temperaturer och f\u00e4rre folkmassor \u00e4n p\u00e5 sommaren. Du kommer att bli f\u00f6rv\u00e5nad \u00f6ver att uppt\u00e4cka att <a href=\"https:\/\/andalucialovers.com\/sv\/besok-cordoba-vintern-sevardheter\/\" target=\"_blank\" rel=\"noreferrer noopener\">\u00e4ven p\u00e5 vintern \u00e4r ett bes\u00f6k i Cordoba fullt av \u00f6verraskningar<\/a>!<\/p>\n\n<figure class=\"wp-block-image size-large\"><img loading=\"lazy\" decoding=\"async\" src=\"https:\/\/photos.smugmug.com\/Andalucia-Lovers\/Cordoba\/Juderia\/i-v2FZjQM\/0\/MbGZHpxbkvjs5Kn7M7jPc7PdFDC3pcK5PtKbQ8bKf\/L\/cordoba-city-juderia-24-L.jpg\" alt=\"Synagogan och Juder&#xED;a-kvarteren i Cordoba - B&#xE4;sta perioden\"\/><\/figure>\n\n<h3 class=\"wp-block-heading\">Bes\u00f6ksl\u00e4ngd och huvudsakliga sv\u00e5righeter<\/h3>\n\n<p>R\u00e4kna med cirka 1\/2 dag f\u00f6r att uppt\u00e4cka Juderia och dess synagoga, beroende p\u00e5 din takt, ditt intresse f\u00f6r historia och antalet platser som bes\u00f6ks.  <\/p>\n\n<p>Vi noterade att det finns<strong>trappor<\/strong> i synagogan f\u00f6r att n\u00e5 f\u00f6rsta v\u00e5ningen och att det inte finns n\u00e5gon hiss. De judiska kvarteren har <strong>oregelbunden kullersten och smala gator<\/strong>, vilket kan g\u00f6ra det lite sv\u00e5rt att g\u00e5 och g\u00f6ra det sv\u00e5rt att bes\u00f6ka med rullstol eller barnvagn.<\/p>\n\n<figure class=\"wp-block-image size-large\"><img loading=\"lazy\" decoding=\"async\" src=\"https:\/\/photos.smugmug.com\/Travel\/Andalucia\/3e-Cordoba-other\/i-j8FXwh3\/2\/MjgSfsXC93zj9mxhQMvTjP7NCpDJQrPxV6MDggjvv\/L\/Cordoba_Andalucia_Spain-3401-L.jpg\" alt=\"Synagogan och Juder&#xED;a-kvarteren i Cordoba - Visningens l&#xE4;ngd\"\/><\/figure>\n\n<h3 class=\"wp-block-heading\">Bes\u00f6ksriktning<\/h3>\n\n<p>Det finns ingen best\u00e4md rutt, men vi f\u00f6resl\u00e5r att du..:<\/p>\n\n<ul class=\"wp-block-list\">\n<li>B\u00f6rja med att bes\u00f6ka synagogan<\/li>\n\n\n\n<li>Forts\u00e4tt med att utforska de judiska kvarteren, som sedan 1994 finns med p\u00e5 UNESCO:s v\u00e4rldsarvslista, med sina smala gator och historiska byggnader.<\/li>\n\n\n\n<li>Uppt\u00e4ck sedan stadsdelens symboliska monument, s\u00e4rskilt Casa de S\u00e9farad och Place Tib\u00e9riade.<\/li>\n\n\n\n<li>Avsluta med en m\u00e5ltid i en typisk sefardisk restaurang<\/li>\n<\/ul>\n\n<p>Alternativt kan du f\u00f6lja den rutt som f\u00f6resl\u00e5s av Network of Spanish Jewish Quarters, som kan identifieras med hj\u00e4lp av de s\u00e4rskilda bronsplaketter. L\u00e4s mer om <a href=\"https:\/\/redjuderias.org\/cordoba\/\" target=\"_blank\" rel=\"noreferrer noopener nofollow\">detta h\u00e4r.<\/a><\/p>\n\n<figure class=\"wp-block-image size-large\"><img loading=\"lazy\" decoding=\"async\" src=\"https:\/\/photos.smugmug.com\/Andalucia-Lovers\/Cordoba\/Juderia\/i-RCW3BxX\/0\/MLLzkj29p7fzPJ94jmMMgzPn3vq9wR8fJsrLG5zCd\/L\/cordoba-city-juderia-28-L.jpg\" alt=\"Synagogan och Juder&#xED;a-kvarteren i Cordoba - F&#xF6;rslag p&#xE5; resv&#xE4;g\"\/><\/figure>\n\n<div style=\"background-color:#fefefe;margin-top:8%;margin-bottom:8%\" class=\"wp-block-genesis-blocks-gb-container box gb-block-container\"><div class=\"gb-container-inside\"><div class=\"gb-container-content\" style=\"max-width:700px\">\n<div class=\"wp-block-columns inverse is-layout-flex wp-container-core-columns-is-layout-9d6595d7 wp-block-columns-is-layout-flex\">\n<div class=\"wp-block-column texte_planif is-layout-flow wp-block-column-is-layout-flow\" style=\"flex-basis:58%\">\n<h5 class=\"titre_box\" style=\"padding-top:10px\">PLANERA DIN DR\u00d6MRESA TILL <span class=\"titre_box_manuscrit\">andalusien<\/span><\/h5>\n\n\n\n<div class=\"wp-block-genesis-blocks-gb-container gb-block-container\"><div class=\"gb-container-inside\"><div class=\"gb-container-content\">\n<p style=\"font-size:14px\">All information du beh\u00f6ver f\u00f6r din resa:<\/p>\n<\/div><\/div><\/div>\n\n\n\n<div class=\"wp-block-genesis-blocks-gb-container gb-block-container\"><div class=\"gb-container-inside\"><div class=\"gb-container-content\"><\/div><\/div><\/div>\n\n\n\n<ul class=\"wp-block-list\" style=\"font-size:14px\" id=\"liste_discover\">\n<li>7 kartor som underl\u00e4ttar planeringen<\/li>\n\n\n\n<li>+ 150 p\u00e5 f\u00f6rhand utvalda m\u00f6tesplatser<\/li>\n\n\n\n<li>Praktiska r\u00e5d<\/li>\n\n\n\n<li>+ 300 bilder som hj\u00e4lper dig att v\u00e4lja<\/li>\n<\/ul>\n\n\n\n<div class=\"wp-block-buttons has-custom-font-size bouton_10 is-content-justification-center is-layout-flex wp-container-core-buttons-is-layout-14c487f4 wp-block-buttons-is-layout-flex\" style=\"font-size:13px\">\n<div class=\"wp-block-button has-custom-font-size\" style=\"font-size:14px\"><a class=\"wp-block-button__link has-white-color has-text-color wp-element-button\" href=\"https:\/\/andalucialovers.com\/sv\/ebok-guide-road-trip-andalusien\/\" style=\"border-radius:4px\" target=\"_blank\" rel=\"noreferrer noopener\">Uppt\u00e4ck<strong> <\/strong>&gt;&gt;<\/a><\/div>\n<\/div>\n<\/div>\n\n\n\n<div class=\"wp-block-column is-layout-flow wp-block-column-is-layout-flow\" style=\"flex-basis:42%\">\n<div class=\"wp-block-genesis-blocks-gb-container ebook-radius gb-block-container\"><div class=\"gb-container-inside\"><div class=\"gb-container-content\"><div class=\"wp-block-image ebook-image\">\n<figure class=\"aligncenter size-full is-resized\"><img loading=\"lazy\" decoding=\"async\" src=\"https:\/\/andalucialovers.com\/wp-content\/uploads\/2024\/06\/Road-trip-Guide-Andalucia-eBook-cover-5.jpg\" alt=\"Andalusien reseguide eBook Omslag\" class=\"wp-image-317\" style=\"width:203px;height:157px\"\/><\/figure>\n<\/div><\/div><\/div><\/div>\n<\/div>\n<\/div>\n<\/div><\/div><\/div>\n\n<h3 class=\"wp-block-heading\">Bes\u00f6k med barn<\/h3>\n\n<p>\u00c4ven om det inte finns n\u00e5gra s\u00e4rskilda aktiviteter f\u00f6r barn erbjuder stadsdelen en riktig resa tillbaka i tiden med sina mystiska gr\u00e4nder. Barnen kan roa sig med att uppt\u00e4cka bronstavlorna som visar v\u00e4gen och uppt\u00e4cka historien bakom de olika monumenten.<\/p>\n\n<h3 class=\"wp-block-heading\">\u00d6ppettider och priser<\/h3>\n\n<p><strong>Synagogan i Cordoba:<\/strong><\/p>\n\n<ul class=\"wp-block-list\">\n<li><strong>\u00d6ppettider<\/strong>: mellan den 16 juni och den 15 september: tisdag &#8211; s\u00f6ndag, kl. 9.00-15.00. Fr\u00e5n 16 september till 15 juni: tisdag till l\u00f6rdag kl. 09.00-21.00 och s\u00f6ndag kl. 09.00-15.00.<br\/>St\u00e4ngt p\u00e5 m\u00e5ndagar<\/li>\n\n\n\n<li><strong>Intr\u00e4de<\/strong>: gratis.<\/li>\n<\/ul>\n\n<p>Vi rekommenderar att du kontrollerar den senaste informationen p\u00e5 byggnadens officiella webbplats <a href=\"https:\/\/www.juntadeandalucia.es\/cultura\/enclaves\/enclave-monumental-sinagoga-de-cordoba\" target=\"_blank\" rel=\"noreferrer noopener nofollow\">, h\u00e4r,<\/a> f\u00f6re ditt bes\u00f6k.<\/p>\n\n<p><strong>Juderia-distriktet i Cordoba<\/strong>: du kan bes\u00f6ka det judiska kvarteret n\u00e4r som helst p\u00e5 dagen eller natten.<\/p>\n\n<figure class=\"wp-block-image size-large\"><img loading=\"lazy\" decoding=\"async\" src=\"https:\/\/photos.smugmug.com\/Andalucia-Lovers\/Cordoba\/Synagogue\/i-SkcxFPq\/0\/K8LgrCJ43XB3CX798kGLzwF9Rjm6DtsT8b6c7sVxR\/L\/cordoba-sinagoga-11-L.jpg\" alt=\"Synagogan och Juder&#xED;a-kvarteren i C&#xF3;rdoba - &#xD6;ppettider och priser\"\/><\/figure>\n\n<h3 class=\"wp-block-heading\">Guidade turer<\/h3>\n\n<p>Det finns 3 alternativ f\u00f6r att bes\u00f6ka Juderia med en guide:<\/p>\n\n<ul class=\"wp-block-list\">\n<li>Om du vill <strong>uppt\u00e4cka Cordobas viktigaste monument<\/strong>: katedralen mosk\u00e9n, alcazar, Juderia, synagogan &#8230; <a href=\"https:\/\/www.getyourguide.se\/cordoue-l1689\/visite-complete-de-cordoue-t66289\/?partner_id=R3GYW4V&amp;cmp=andalucia\" target=\"_blank\" rel=\"noreferrer noopener sponsored nofollow\">Boka en guidad tur f\u00f6r att uppt\u00e4cka stadens mest emblematiska landm\u00e4rken!<\/a><\/li>\n\n\n\n<li>Om du vill <strong>veta mer om Cordobas sefardiska arv<\/strong> med en expertguide kan <a href=\"https:\/\/www.getyourguide.se\/cordoue-l1689\/cordoue-visite-privee-de-l-histoire-juive-t859406\/?partner_id=R3GYW4V&amp;cmp=andalucia\" target=\"_blank\" rel=\"noreferrer noopener sponsored nofollow\">du v\u00e4lja en historisk rundtur i Juderia, dess juveler och synagogan<\/a>.<\/li>\n\n\n\n<li><strong>P\u00e5 egen hand: <a href=\"https:\/\/www.getyourguide.se\/cordoue-l1689\/cordoue-en-1-jour-visite-guidee-a-pied-avec-guide-numerique-t440642\/?partner_id=R3GYW4V&amp;cmp=andalucia\">utforska C\u00f3rdoba i din egen takt med<\/a><\/strong><a href=\"https:\/\/www.getyourguide.se\/cordoue-l1689\/cordoue-en-1-jour-visite-guidee-a-pied-avec-guide-numerique-t440642\/?partner_id=R3GYW4V&amp;cmp=andalucia\" target=\"_blank\" rel=\"noreferrer noopener sponsored nofollow\"> en audiotur p\u00e5 din smartphone.<\/a><\/li>\n<\/ul>\n\n<figure class=\"wp-block-image size-large\"><img loading=\"lazy\" decoding=\"async\" src=\"https:\/\/photos.smugmug.com\/Andalucia-Lovers\/Cordoba\/Juderia\/i-fQsNjpq\/0\/LZGMVTjqnmptLqLV5kqZHh2bh6Snw4CzCX2s2Fv8L\/L\/cordoba-city-juderia-01-L.jpg\" alt=\"Synagogan och Juder&#xED;a-kvarteren i C&#xF3;rdoba - Guidade turer\"\/><\/figure>\n\n<h3 class=\"wp-block-heading\">Catering<\/h3>\n\n<p>Det finns inga cateringm\u00f6jligheter p\u00e5 plats. \u00c5 andra sidan \u00e4r du mitt i centrum av staden, n\u00e4ra m\u00e5nga anl\u00e4ggningar. Uppt\u00e4ck <a href=\"https:\/\/andalucialovers.com\/sv\/basta-restaurang-cordoba-ata-omdomen\/\" target=\"_blank\" rel=\"noreferrer noopener\">v\u00e5ra favoritrestauranger i Cordoba<\/a>, som du kan njuta av f\u00f6re eller efter ditt bes\u00f6k.<\/p>\n\n<figure class=\"wp-block-image size-large\"><img loading=\"lazy\" decoding=\"async\" src=\"https:\/\/photos.smugmug.com\/Andalucia-Lovers\/Cordoba\/Restaurants\/Taberna-de-Almodovar\/i-VCxpWSJ\/0\/NX2hgwz6zhZJjXrbbPDbq3SvhWpT8N7ghS62kddPG\/L\/bests%20restaurants%20cordoba%20-%20taberna%20almodovar-3-L.jpg\" alt=\"Synagogan och Juder&#xED;a-kvarteret i Cordoba - Restaurering\"\/><\/figure>\n\n<h2 class=\"wp-block-heading\">Uppt\u00e4ck Cordobas historiska stadsdel Juder\u00eda<\/h2>\n\n<p>Vi nj\u00f6t verkligen av att utforska detta omr\u00e5de med tidl\u00f6s charm. N\u00e4r vi vandrade genom de slingrande gatorna f\u00f6rf\u00f6rdes vi av de <strong>vitkalkade husen<\/strong>, prydda med <strong>blomsterfyllda uteplatser<\/strong> som man ibland m\u00e5ste spionera p\u00e5 bakom smidesj\u00e4rnsgrindarna. Under ditt bes\u00f6k kan du vandra mellan de sm\u00e5 torgen, d\u00e4r du ibland hittar font\u00e4ner som ger svalka i den pittoreska labyrinten. Vi minns med gl\u00e4dje de f\u00e4rgglada uteplatserna, som \u00e4r Cordobas folks stolthet. Att f\u00f6rlora sig sj\u00e4lv i hj\u00e4rtat av det gamla judiska kvarteret \u00e4r att <strong>resa tillbaka<\/strong> i tiden, till de dagar d\u00e5 Juder\u00eda var en plats som var full av det dagliga livet i det sefardiska samh\u00e4llet, med dess traditioner, handel och kulturella rikedom.<\/p>\n\n<figure class=\"wp-block-image size-large\"><img loading=\"lazy\" decoding=\"async\" src=\"https:\/\/photos.smugmug.com\/Andalucia-Lovers\/Cordoba\/Juderia\/i-CzKgnsF\/0\/NJft4rVhLmBTWnkVxKDZLZj843FtrMSbS8QnLWDQ4\/L\/cordoba-city-juderia-16-L.jpg\" alt=\"Synagogan och Juder&#xED;a-kvarteret i Cordoba - Utsikt &#xF6;ver kvarteret\"\/><\/figure>\n\n<h3 class=\"wp-block-heading\">F\u00f6rst\u00e5 de judiska kvarterens historia och utveckling genom \u00e5rhundradena<\/h3>\n\n<p>Detta distrikt med hebreiskt arv vittnar om en rik och h\u00e4ndelserik historia. Vi har fascinerats av dess utveckling, fr\u00e5n den sefardiska gemenskapens guld\u00e5lder till idag. Du kommer att uppt\u00e4cka att Juder\u00eda under muslimskt styre, mellan 800-talet och 1100-talet, var ett viktigt intellektuellt centrum. H\u00e4r bodde personligheter som Maimonides, en av de mest framst\u00e5ende personerna i det sefardiska samfundet och i den judiska intellektuella historien.  <\/p>\n\n<figure class=\"wp-block-image size-large\"><img loading=\"lazy\" decoding=\"async\" src=\"https:\/\/photos.smugmug.com\/Andalucia-Lovers\/Cordoba\/Juderia\/i-8TbpwmL\/0\/McKFtxjs8Qszk8PSsszFKbmbSCsnQ3krqCtnF74cx\/L\/cordoba-city-juderia-23-L.jpg\" alt=\"juderia gamla huset\"\/><\/figure>\n\n<p>Efter den kristna Reconquista p\u00e5 1200-talet genomgick distriktet djupg\u00e5ende f\u00f6r\u00e4ndringar. Restriktionerna f\u00f6r det judiska samfundet intensifierades gradvis och kulminerade i f\u00f6rdrivningsediktet 1492 (mer information <a href=\"https:\/\/fr.wikipedia.org\/wiki\/Expulsion_des_Juifs_d%27Espagne\">h\u00e4r<\/a>). Idag, n\u00e4r du promenerar genom de smala gatorna som \u00e4r fyllda av historia, kommer du att sl\u00e5s av hur detta arv har \u00f6verlevt \u00e5rhundradena. Den \u00e4r upptagen p\u00e5 UNESCO:s v\u00e4rldsarvslista sedan 1984 och \u00e4r ett lysande exempel p\u00e5 den kulturella och historiska betydelsen av Juder\u00eda i Cordoba.<\/p>\n\n<figure class=\"wp-block-image size-large\"><img loading=\"lazy\" decoding=\"async\" src=\"https:\/\/photos.smugmug.com\/Andalucia-Lovers\/Cordoba\/Juderia\/i-h9DgZCN\/0\/KbDLDrcqkRNh28BV6NrtF5h29SsxQMrWDnmBg8GRM\/L\/cordoba-city-juderia-07-L.jpg\" alt=\"Synagogan och Juder&#xED;a-kvarteret i Cordoba - Kvarterets historia\"\/><\/figure>\n\n<h2 class=\"wp-block-heading\">Bes\u00f6k i synagogan i Cordoba: en juvel i den hebreiska kulturen<\/h2>\n\n<p>C\u00f3rdobas synagoga imponerade s\u00e4rskilt p\u00e5 oss med sitt <strong>imponerande bevaringstillst\u00e5nd<\/strong>! Synagogan, som du inte f\u00e5r missa p\u00e5 din resa till Cordoba, best\u00e5r av<strong>en huvudhall<\/strong> som \u00e4r mycket v\u00e4lbes\u00f6kt men v\u00e4l v\u00e4rd ett bes\u00f6k. Vi \u00e4lskade de rikt utskurna stuckaturv\u00e4ggarna.<\/p>\n\n<figure class=\"wp-block-image size-large\"><img loading=\"lazy\" decoding=\"async\" src=\"https:\/\/photos.smugmug.com\/Andalucia-Lovers\/Cordoba\/Synagogue\/i-ZgthXQt\/0\/NT457KcW2GRSFL2WwnS4B2dBLPgGDhmsrFp3mLMzb\/L\/cordoba-sinagoga-13-L.jpg\" alt=\"Synagogan och Juder&#xED;a-kvarteret i Cordoba - Inv&#xE4;ndig vy\"\/><\/figure>\n\n<p>Byggnaden har flera olika delar: fr\u00e5n entr\u00e9n kommer man f\u00f6rst till en <strong>uteplats<\/strong>, sedan till en <strong>sal med ett magnifikt tr\u00e4tak<\/strong>. Denna hall leder till <strong>kvinnornas omr\u00e5de<\/strong> via en tr\u00e4trappa. Vi kunde ocks\u00e5 se platsen f\u00f6r en gammal liten <strong>bass\u00e4ng som anv\u00e4ndes f\u00f6r tvagningar<\/strong>. Det cirka 40 m2 stora <strong>b\u00f6nerummet<\/strong> (huvudrummet) med sitt h\u00f6ga bj\u00e4lklagstak och v\u00e4ggar t\u00e4ckta av hebreiska inskriptioner \u00e4r bes\u00f6kets h\u00f6jdpunkt.<\/p>\n\n<figure class=\"wp-block-image size-large\"><img loading=\"lazy\" decoding=\"async\" src=\"https:\/\/photos.smugmug.com\/Andalucia-Lovers\/Cordoba\/Synagogue\/i-hwtSTsR\/0\/KhCdXBZGMpzqnFn2GQmGhV5XK3JRG5BcNt7NDhQ6q\/L\/cordoba-sinagoga-08-L.jpg\" alt=\"synagogan i cordoba\"\/><\/figure>\n\n<h3 class=\"wp-block-heading\">Synagogan i Cordoba &#8211; historia och arkitektur<\/h3>\n\n<p>Synagogan i C\u00f3rdoba byggdes 1315 och har en unik arkitektonisk stil som kombinerar Mud\u00e9jar-element med drag som \u00e4r typiska f\u00f6r den hebreiska kulturen. Du kan till exempel se Mud\u00e9jar-inflytandet i de polylobade b\u00e5garna och de geometriska motiven, typiska f\u00f6r morisk konst, som pryder v\u00e4ggar och tak. Den sefardiska traditionen \u00e5terspeglas i synagogans utformning, som vetter mot Jerusalem, och i de hebreiska inskriptioner som pryder vissa delar av byggnaden. Dessa kombinerade influenser vittnar om den kulturella rikedomen under denna period, d\u00e5 olika samh\u00e4llen samexisterade och f\u00f6rmodligen utbytte sina kunskaper.<\/p>\n\n<figure class=\"wp-block-image size-large\"><img loading=\"lazy\" decoding=\"async\" src=\"https:\/\/photos.smugmug.com\/Andalucia-Lovers\/Cordoba\/Synagogue\/i-KxmBzPK\/0\/KHF7XWFbVDxsjW68rqZn6QFJF68vSjBvVWLT9kPGd\/L\/cordoba-sinagoga-15-L.jpg\" alt=\"synagoga cordoba interi&#xF6;r\"\/><\/figure>\n\n<p>Vi blev s\u00e4rskilt imponerade av entr\u00e9d\u00f6rren, rikt dekorerad med Mud\u00e9jar <em>yeser\u00edas<\/em>. Du kommer att l\u00e4gga m\u00e4rke till de 3 sm\u00e5 balkongerna i form av en flikig b\u00e5ge. Om du \u00f6ppnar \u00f6gonen ser du att<em>alfiz<\/em> (den rektangul\u00e4ra ramen) som omger dem \u00e4r dekorerad med psalmer. Vi nj\u00f6t av att f\u00e5 ta del av byggnadens fascinerande historia: efter att den sefardiska folkgruppen f\u00f6rdrevs 1492 har den successivt byggts om. F\u00f6rst som sjukhus f\u00f6r att behandla rabies, sedan som eremithem 1588. Den blev sedan en allm\u00e4n skola p\u00e5 1800-talet, innan den slutligen restaurerades 1884.<\/p>\n\n<figure class=\"wp-block-image size-large\"><img loading=\"lazy\" decoding=\"async\" src=\"https:\/\/photos.smugmug.com\/Andalucia-Lovers\/Cordoba\/Synagogue\/i-CfSPs7z\/0\/KwDrMJVvNX3h6L7jWcKZ3Kx8zj4p8H7XsvjRDKzqk\/L\/cordoba-sinagoga-05-L.jpg\" alt=\"Synagoga och Juder&#xED;a-kvarter i Cordoba - Arkitektur\"\/><\/figure>\n\n<h2 class=\"wp-block-heading\">Vanliga fr\u00e5gor och svar<\/h2>\n\n<h3 class=\"wp-block-heading\">Vad mer kan man se i stadsdelen Juder\u00eda i Cordoba?<\/h3>\n\n<p>Stadsdelen \u00e4r full av intressanta platser att uppt\u00e4cka. Vi rekommenderar s\u00e4rskilt att du bes\u00f6ker:<\/p>\n\n<ul class=\"wp-block-list\">\n<li>La Calle de los Judios<\/li>\n\n\n\n<li>Den pittoreska Calleja de las Flores<\/li>\n\n\n\n<li>La Casa de Sefarad<\/li>\n\n\n\n<li>Maimonides torg<\/li>\n\n\n\n<li>Rafael Boti-stiftelsen<\/li>\n\n\n\n<li>Alkemimuseet<\/li>\n\n\n\n<li>San Bartolom\u00e9-kapellet<\/li>\n\n\n\n<li>Plaza de Tiber\u00edades<\/li>\n\n\n\n<li>Statyn av Maimonides<\/li>\n\n\n\n<li>En typisk sefardisk restaurang<\/li>\n<\/ul>\n\n<figure class=\"wp-block-image size-large\"><img loading=\"lazy\" decoding=\"async\" src=\"https:\/\/photos.smugmug.com\/Andalucia-Lovers\/Cordoba\/Juderia\/i-4kKf99S\/0\/KtG4dtp4sgkKcTxnFcg7vgXZ7LHdS3hSG8ZwTJh3Q\/L\/cordoba-city-juderia-11-L.jpg\" alt=\"Synagoga och Juder&#xED;a-kvarter i Cordoba - Definition av Juder&#xED;a\"\/><\/figure>\n\n<h3 class=\"wp-block-heading\">Vad betyder ordet &#8221;juder\u00eda&#8221;?<\/h3>\n\n<p>P\u00e5 spanska syftar ordet<em>&#8221;juder\u00eda<\/em>&#8221; p\u00e5 en judisk stadsdel eller ett stadsomr\u00e5de d\u00e4r en sefardisk grupp huvudsakligen bodde i en stad. Termen kommer fr\u00e5n det spanska ordet &#8221;<em>jud\u00edo<\/em>&#8221;, som betyder &#8221;jude&#8221;.<\/p>\n\n<figure class=\"wp-block-image size-large\"><img loading=\"lazy\" decoding=\"async\" src=\"https:\/\/photos.smugmug.com\/Andalucia-Lovers\/Cordoba\/Juderia\/i-d2cd8xX\/0\/KbRM2gpK27KLBTzzDssfrQCq9Nw4kqv3WLW9ZBWPW\/L\/cordoba-city-juderia-05-L.jpg\" alt=\"Synagogan och Juder&#xED;a-kvarteren i C&#xF3;rdoba - Intressepunkter\"\/><\/figure>\n\n<div style=\"margin-top:8%;margin-bottom:8%\" class=\"wp-block-genesis-blocks-gb-container box gb-block-container\"><div class=\"gb-container-inside\"><div class=\"gb-container-content\" style=\"max-width:700px\">\n<div class=\"wp-block-genesis-blocks-gb-container box_titre gb-block-container\"><div class=\"gb-container-inside\"><div class=\"gb-container-content\">\n<h5 class=\"titre_box\"><span>PLANERA DIN RESA TILL <\/span><span class=\"titre_box_manuscrit\">Andalusien<\/span><\/h5>\n<\/div><\/div><\/div>\n\n\n\n<hr class=\"wp-block-separator has-text-color has-alpha-channel-opacity has-background is-style-wide hr-box-planif\" style=\"background-color:#ccd3dd;color:#ccd3dd\"\/>\n\n\n\n<div class=\"wp-block-genesis-blocks-gb-container gb-block-container\"><div class=\"gb-container-inside\"><div class=\"gb-container-content\">\n<div class=\"wp-block-columns box_sans_border is-layout-flex wp-container-core-columns-is-layout-9d6595d7 wp-block-columns-is-layout-flex\">\n<div class=\"wp-block-column texte_planif is-layout-flow wp-block-column-is-layout-flow\" style=\"flex-basis:60%\">\n<p class=\"soustitre_planif\"><strong>Inspiration<\/strong><\/p>\n\n\n\n<ul class=\"wp-block-list\">\n<li style=\"font-size:14px\"><a href=\"https:\/\/andalucialovers.com\/sv\/sevardheter-andalusien-att-gora\/\" target=\"_blank\" rel=\"noreferrer noopener\">Vad man kan g\u00f6ra i Andalusien<\/a><\/li>\n\n\n\n<li style=\"font-size:14px\"><a href=\"https:\/\/andalucialovers.com\/sv\/basta-staderna-andalusien\/\" target=\"_blank\" rel=\"noreferrer noopener\">De vackraste st\u00e4derna<\/a><\/li>\n\n\n\n<li style=\"font-size:14px\"><a href=\"https:\/\/andalucialovers.com\/sv\/basta-stranderna-andalusien-listan\/\" target=\"_blank\" rel=\"noreferrer noopener\">De vackraste str\u00e4nderna<\/a><\/li>\n\n\n\n<li style=\"font-size:14px\"><a href=\"https:\/\/andalucialovers.com\/sv\/basta-vita-byarna-andalusien\/\" target=\"_blank\" rel=\"noreferrer noopener\">De vackraste vita byarna<\/a><\/li>\n\n\n\n<li style=\"font-size:14px\"><a href=\"https:\/\/andalucialovers.com\/sv\/katedraler-andalusien\/\" target=\"_blank\" rel=\"noreferrer noopener\">Katedralerna<\/a><\/li>\n\n\n\n<li style=\"font-size:14px\"><a href=\"https:\/\/andalucialovers.com\/sv\/arkeologiska-utgravningar-andalusien-ruiner\/\" target=\"_blank\" rel=\"noreferrer noopener\">Arkeologiska platser<\/a><\/li>\n\n\n\n<li style=\"font-size:14px\"><a data-type=\"post\" data-id=\"2221\" href=\"https:\/\/andalucialovers.com\/sv\/cordoba-eller-sevilla-eller-granada\/\" target=\"_blank\" rel=\"noreferrer noopener\">Sevilla, Cordoba eller Granada?<\/a><\/li>\n\n\n\n<li style=\"font-size:14px\"><a href=\"https:\/\/andalucialovers.com\/sv\/basta-museerna-andalusien\/\" target=\"_blank\" rel=\"noreferrer noopener\">B\u00e4sta museerna<\/a><\/li>\n\n\n\n<li style=\"font-size:14px\"><a href=\"https:\/\/andalucialovers.com\/sv\/basta-slotten-palatsen-andalusien\/\" target=\"_blank\" rel=\"noreferrer noopener\">Slott och palats<\/a><\/li>\n\n\n\n<li style=\"font-size:14px\"><a href=\"https:\/\/andalucialovers.com\/sv\/andalusien-gomda-parlor-hemliga-platser\/\" target=\"_blank\" rel=\"noreferrer noopener\">Hemliga platser<\/a><\/li>\n<\/ul>\n<\/div>\n\n\n\n<div class=\"wp-block-column is-vertically-aligned-top planif-radius is-layout-flow wp-block-column-is-layout-flow\" style=\"flex-basis:40%\">\n<figure class=\"wp-block-image size-large img-portrait\"><img loading=\"lazy\" decoding=\"async\" src=\"https:\/\/photos.smugmug.com\/Travel\/Andalucia\/6b-Zuheros\/i-VRKFTdz\/1\/CNkgtxtms75zqS5pTQbm8FKsGCDk3kHvJFzJqmP2z\/S\/Zuheros_Andalucia_Spain-4306-S.jpg\" alt=\"Zuheros\" title=\"\"\/><\/figure>\n<\/div>\n<\/div>\n\n\n\n<hr class=\"wp-block-separator has-text-color has-alpha-channel-opacity has-background is-style-wide hr-box-planif\" style=\"background-color:#ccd3dd;color:#ccd3dd\"\/>\n\n\n\n<div class=\"wp-block-columns box_sans_border is-layout-flex wp-container-core-columns-is-layout-9d6595d7 wp-block-columns-is-layout-flex\">\n<div class=\"wp-block-column texte_planif is-layout-flow wp-block-column-is-layout-flow\" style=\"flex-basis:60%\">\n<p class=\"soustitre_planif\"><strong>\u00d6vning<\/strong><\/p>\n\n\n\n<ul class=\"wp-block-list\">\n<li style=\"font-size:14px\"><a href=\"https:\/\/andalucialovers.com\/sv\/var-ska-bo-andalusien-basta-omradena\/\" data-type=\"post\" data-id=\"2632\" target=\"_blank\" rel=\"noreferrer noopener\">Var man kan bo i Andalusien<\/a><\/li>\n\n\n\n<li style=\"font-size:14px\"><a href=\"https:\/\/andalucialovers.com\/sv\/basta-5-stjarniga-hotellen-andalusien-lyx-recensioner\/\" type=\"post\" id=\"6105\" target=\"_blank\" rel=\"noreferrer noopener\">De b\u00e4sta lyxhotellen i Andalusien<\/a><\/li>\n\n\n\n<li style=\"font-size:14px\"><a href=\"https:\/\/andalucialovers.com\/sv\/basta-restaurang-andalusien-ata-recensioner\/\" target=\"_blank\" rel=\"noreferrer noopener\">B\u00e4sta restaurangerna<\/a><\/li>\n\n\n\n<li style=\"font-size:14px\"><a data-type=\"post\" data-id=\"3712\" href=\"https:\/\/andalucialovers.com\/sv\/hur-hyr-bil-andalusien-tips-erfarenhet\/\" target=\"_blank\" rel=\"noreferrer noopener\">Hyr en bil i Andalusien<\/a><\/li>\n\n\n\n<li style=\"font-size:14px\"><a href=\"https:\/\/andalucialovers.com\/sv\/korning-andalusien-tips\/\" target=\"_blank\" rel=\"noreferrer noopener\">K\u00f6rning i Andalusien<\/a><\/li>\n<\/ul>\n<\/div>\n\n\n\n<div class=\"wp-block-column is-vertically-aligned-top planif-radius is-layout-flow wp-block-column-is-layout-flow\" style=\"flex-basis:40%\">\n<figure class=\"wp-block-image size-large img-portrait\"><img loading=\"lazy\" decoding=\"async\" src=\"https:\/\/photos.smugmug.com\/Travel\/Andalucia\/Accommodations\/i-QBDJnG7\/1\/4ZLWzw32dnhwGLrbmXL5HqSdBXzWBRMQhfVrcKD4\/S\/accommodation_Tarifa_Andalucia_Spain-2764-S.jpg\" alt=\"Hotell i Tarifa\" title=\"\"\/><\/figure>\n<\/div>\n<\/div>\n\n\n\n<hr class=\"wp-block-separator has-text-color has-alpha-channel-opacity has-background is-style-wide hr-box-planif\" style=\"background-color:#ccd3dd;color:#ccd3dd\"\/>\n\n\n\n<div class=\"wp-block-columns box_sans_border is-layout-flex wp-container-core-columns-is-layout-9d6595d7 wp-block-columns-is-layout-flex\">\n<div class=\"wp-block-column texte_planif is-layout-flow wp-block-column-is-layout-flow\" style=\"flex-basis:60%\">\n<p class=\"soustitre_planif\"><strong>Platser du inte f\u00e5r missa<\/strong><\/p>\n\n\n\n<ul class=\"wp-block-list\">\n<li style=\"font-size:14px\"><a href=\"https:\/\/andalucialovers.com\/sv\/sevardheter-sevilla-att-gora\/\" target=\"_blank\" rel=\"noreferrer noopener\">Sevilla<\/a><\/li>\n\n\n\n<li style=\"font-size:14px\"><a data-type=\"post\" data-id=\"2328\" href=\"https:\/\/andalucialovers.com\/sv\/sevardheter-cordoba-att-gora\/\" target=\"_blank\" rel=\"noreferrer noopener\">Cordoba<\/a><\/li>\n\n\n\n<li style=\"font-size:14px\"><a href=\"https:\/\/andalucialovers.com\/sv\/sevardheter-granada-att-gora\/\" target=\"_blank\" rel=\"noreferrer noopener\">Grenada<\/a><\/li>\n\n\n\n<li style=\"font-size:14px\"><a href=\"https:\/\/andalucialovers.com\/sv\/sevardheter-ronda-att-gora\/\" target=\"_blank\" rel=\"noreferrer noopener\">Ronda<\/a><\/li>\n\n\n\n<li style=\"font-size:14px\"><a href=\"https:\/\/andalucialovers.com\/sv\/sevardheter-malaga-att-gora\/\" target=\"_blank\" rel=\"noreferrer noopener\">Malaga<\/a><\/li>\n\n\n\n<li style=\"font-size:14px\"><a data-type=\"post\" data-id=\"3597\" href=\"https:\/\/andalucialovers.com\/sv\/sevardheter-cadiz-att-gora\/\" target=\"_blank\" rel=\"noreferrer noopener\">Cadiz<\/a><\/li>\n\n\n\n<li style=\"font-size:14px\">Cabo de Gata<\/li>\n\n\n\n<li style=\"font-size:14px\"><a href=\"https:\/\/andalucialovers.com\/sv\/sevardheter-antequera-att-gora\/\" target=\"_blank\" rel=\"noreferrer noopener\">Antequera<\/a><\/li>\n\n\n\n<li style=\"font-size:14px\">Baeza och Ubuda<\/li>\n<\/ul>\n<\/div>\n\n\n\n<div class=\"wp-block-column is-vertically-aligned-top planif-radius is-layout-flow wp-block-column-is-layout-flow\" style=\"flex-basis:40%\">\n<figure class=\"wp-block-image size-large img-portrait\"><img loading=\"lazy\" decoding=\"async\" src=\"https:\/\/photos.smugmug.com\/Travel\/Andalucia\/2e-Madina-Azahara\/i-nrQb8vF\/1\/DMVZRMLhBjwhLQtjzj2r5fqS4GjmpXXHrwvQnwFsm\/S\/Medina_Azahara_Andalucia_Spain-1434-S.jpg\" alt=\"Medina Azahara\" title=\"\"\/><\/figure>\n<\/div>\n<\/div>\n<\/div><\/div><\/div>\n\n\n\n<div class=\"wp-block-genesis-blocks-gb-container box_texte gb-block-container\"><div class=\"gb-container-inside\"><div class=\"gb-container-content\"><\/div><\/div><\/div>\n\n\n\n<div class=\"wp-block-genesis-blocks-gb-container box-texte gb-block-container\"><div class=\"gb-container-inside\"><div class=\"gb-container-content\"><\/div><\/div><\/div>\n<\/div><\/div><\/div>\n\n<div class=\"wp-block-genesis-blocks-gb-container box_auteur_voyage gb-block-container\"><div class=\"gb-container-inside\"><div class=\"gb-container-content\">\n<figure class=\"wp-block-image size-large img_auteur_voyage img_provisoire\"><a href=\"https:\/\/andalucialovers.com\/sv\/fanny-auffret\/\" target=\"_blank\" rel=\"noreferrer noopener\"><img loading=\"lazy\" decoding=\"async\" src=\"https:\/\/photos.smugmug.com\/Region-Lovers\/Equipe\/i-b86hwDm\/0\/DNp4bG875MSSWxwrL8MzRTWRgc7Tbj5XwsMn2LXBC\/L\/fanny-L.jpg\" alt=\"\" style=\"object-fit:cover\"\/><\/a><\/figure>\n\n\n\n<h5 class=\"titre_auteur_voyage\"><span>HON KLARADE RESAN\n <\/span><span class=\"titre_box_manuscrit\">Fanny<\/span><\/h5>\n<\/div><\/div><\/div>\n\n<div class=\"wp-block-genesis-blocks-gb-container box_auteur_voyage gb-block-container\"><div class=\"gb-container-inside\"><div class=\"gb-container-content\">\n<figure class=\"wp-block-image size-large img_auteur_voyage img_provisoire\"><a href=\"https:\/\/andalucialovers.com\/sv\/morgane-mazelier\/\" target=\"_blank\" rel=\"noreferrer noopener\"><img loading=\"lazy\" decoding=\"async\" src=\"https:\/\/photos.smugmug.com\/Region-Lovers\/Equipe\/i-kx84ZJX\/0\/FgG3Lb9Xx2HBStC6R3PNXZZNj2Vvkx9vZBxQFL7NJ\/L\/morgane-L.jpg\" alt=\"Morgane Mazelier\"\/><\/a><\/figure>\n\n\n\n<h5 class=\"titre_auteur_voyage\"><span>HON SKREV ARTIKELN \n <\/span><span class=\"titre_box_manuscrit\">Morgane<\/span><\/h5>\n<\/div><\/div><\/div>\n","protected":false},"excerpt":{"rendered":"<p>Bes\u00f6ker du Cordoba? F\u00f6rdjupa dig i historien genom att bes\u00f6ka den magnifika Den historiska judiska stadsdelen La Juder\u00eda. Dess synagoga fr\u00e5n 1300-talet, \u00e4rett av endast 3 medeltida hebreiska monument som bevarats i Spanien, vilket g\u00f6r det till en unik skatt i Andalusien.I den h\u00e4r artikeln hittar du v\u00e5ra bilder och r\u00e5d om hur du f\u00e5r [&hellip;]<\/p>\n","protected":false},"author":9,"featured_media":3522,"comment_status":"closed","ping_status":"closed","sticky":false,"template":"","format":"standard","meta":{"_genesis_hide_title":false,"_genesis_hide_breadcrumbs":false,"_genesis_hide_singular_image":false,"_genesis_hide_footer_widgets":false,"_genesis_custom_body_class":"","_genesis_custom_post_class":"","_genesis_layout":"","footnotes":""},"categories":[85],"tags":[],"class_list":{"0":"post-3563","1":"post","2":"type-post","3":"status-publish","4":"format-standard","5":"has-post-thumbnail","7":"category-cordoba-sv","8":"entry"},"yoast_head":"<!-- This site is optimized with the Yoast SEO plugin v27.2 - https:\/\/yoast.com\/product\/yoast-seo-wordpress\/ -->\n<title>Juderia (judiska kvarteret) och synagogan (Cordoba): bes\u00f6k + foton<\/title>\n<meta name=\"description\" content=\"V\u00e5ra tips och foton f\u00f6r att bes\u00f6ka det judiska kvarteret Juderia och dess synagoga i Cordoba: tilltr\u00e4de, sev\u00e4rdheter, praktisk information\" \/>\n<meta name=\"robots\" content=\"index, follow, max-snippet:-1, max-image-preview:large, max-video-preview:-1\" \/>\n<link rel=\"canonical\" href=\"https:\/\/andalucialovers.com\/sv\/besok-juderia-synagogan-cordoba\/\" \/>\n<meta property=\"og:locale\" content=\"sv_SE\" \/>\n<meta property=\"og:type\" content=\"article\" \/>\n<meta property=\"og:title\" content=\"Juderia (judiska kvarteret) och synagogan (Cordoba): bes\u00f6k + foton\" \/>\n<meta property=\"og:description\" content=\"V\u00e5ra tips och foton f\u00f6r att bes\u00f6ka det judiska kvarteret Juderia och dess synagoga i Cordoba: tilltr\u00e4de, sev\u00e4rdheter, praktisk information\" \/>\n<meta property=\"og:url\" content=\"https:\/\/andalucialovers.com\/sv\/besok-juderia-synagogan-cordoba\/\" \/>\n<meta property=\"og:site_name\" content=\"Andalucia Lovers\" \/>\n<meta property=\"article:published_time\" content=\"2024-12-13T04:47:35+00:00\" \/>\n<meta property=\"article:modified_time\" content=\"2024-12-13T19:55:24+00:00\" \/>\n<meta property=\"og:image\" content=\"https:\/\/andalucialovers.com\/wp-content\/uploads\/2024\/12\/SE-besok-juderia-synagoga-cordoba.jpg\" \/>\n\t<meta property=\"og:image:width\" content=\"1067\" \/>\n\t<meta property=\"og:image:height\" content=\"800\" \/>\n\t<meta property=\"og:image:type\" content=\"image\/jpeg\" \/>\n<meta name=\"author\" content=\"Morgane\" \/>\n<meta name=\"twitter:card\" content=\"summary_large_image\" \/>\n<meta name=\"twitter:label1\" content=\"Skriven av\" \/>\n\t<meta name=\"twitter:data1\" content=\"Morgane\" \/>\n\t<meta name=\"twitter:label2\" content=\"Ber\u00e4knad l\u00e4stid\" \/>\n\t<meta name=\"twitter:data2\" content=\"10 minuter\" \/>\n<script type=\"application\/ld+json\" class=\"yoast-schema-graph\">{\"@context\":\"https:\/\/schema.org\",\"@graph\":[{\"@type\":\"Article\",\"@id\":\"https:\/\/andalucialovers.com\/sv\/besok-juderia-synagogan-cordoba\/#article\",\"isPartOf\":{\"@id\":\"https:\/\/andalucialovers.com\/sv\/besok-juderia-synagogan-cordoba\/\"},\"author\":{\"name\":\"Morgane\",\"@id\":\"https:\/\/andalucialovers.com\/sv\/#\/schema\/person\/eecc5be960eb24e701a350a02c214c1c\"},\"headline\":\"Juderia (judiska kvarteret) och synagogan (Cordoba): bes\u00f6k + foton\",\"datePublished\":\"2024-12-13T04:47:35+00:00\",\"dateModified\":\"2024-12-13T19:55:24+00:00\",\"mainEntityOfPage\":{\"@id\":\"https:\/\/andalucialovers.com\/sv\/besok-juderia-synagogan-cordoba\/\"},\"wordCount\":1985,\"publisher\":{\"@id\":\"https:\/\/andalucialovers.com\/sv\/#organization\"},\"image\":{\"@id\":\"https:\/\/andalucialovers.com\/sv\/besok-juderia-synagogan-cordoba\/#primaryimage\"},\"thumbnailUrl\":\"https:\/\/andalucialovers.com\/wp-content\/uploads\/2024\/12\/SE-besok-juderia-synagoga-cordoba.jpg\",\"articleSection\":[\"Cordoba\"],\"inLanguage\":\"sv-SE\"},{\"@type\":\"WebPage\",\"@id\":\"https:\/\/andalucialovers.com\/sv\/besok-juderia-synagogan-cordoba\/\",\"url\":\"https:\/\/andalucialovers.com\/sv\/besok-juderia-synagogan-cordoba\/\",\"name\":\"Juderia (judiska kvarteret) och synagogan (Cordoba): bes\u00f6k + foton\",\"isPartOf\":{\"@id\":\"https:\/\/andalucialovers.com\/sv\/#website\"},\"primaryImageOfPage\":{\"@id\":\"https:\/\/andalucialovers.com\/sv\/besok-juderia-synagogan-cordoba\/#primaryimage\"},\"image\":{\"@id\":\"https:\/\/andalucialovers.com\/sv\/besok-juderia-synagogan-cordoba\/#primaryimage\"},\"thumbnailUrl\":\"https:\/\/andalucialovers.com\/wp-content\/uploads\/2024\/12\/SE-besok-juderia-synagoga-cordoba.jpg\",\"datePublished\":\"2024-12-13T04:47:35+00:00\",\"dateModified\":\"2024-12-13T19:55:24+00:00\",\"description\":\"V\u00e5ra tips och foton f\u00f6r att bes\u00f6ka det judiska kvarteret Juderia och dess synagoga i Cordoba: tilltr\u00e4de, sev\u00e4rdheter, praktisk information\",\"breadcrumb\":{\"@id\":\"https:\/\/andalucialovers.com\/sv\/besok-juderia-synagogan-cordoba\/#breadcrumb\"},\"inLanguage\":\"sv-SE\",\"potentialAction\":[{\"@type\":\"ReadAction\",\"target\":[\"https:\/\/andalucialovers.com\/sv\/besok-juderia-synagogan-cordoba\/\"]}]},{\"@type\":\"ImageObject\",\"inLanguage\":\"sv-SE\",\"@id\":\"https:\/\/andalucialovers.com\/sv\/besok-juderia-synagogan-cordoba\/#primaryimage\",\"url\":\"https:\/\/andalucialovers.com\/wp-content\/uploads\/2024\/12\/SE-besok-juderia-synagoga-cordoba.jpg\",\"contentUrl\":\"https:\/\/andalucialovers.com\/wp-content\/uploads\/2024\/12\/SE-besok-juderia-synagoga-cordoba.jpg\",\"width\":1067,\"height\":800,\"caption\":\"SE besok juderia-synagoga-cordoba\"},{\"@type\":\"BreadcrumbList\",\"@id\":\"https:\/\/andalucialovers.com\/sv\/besok-juderia-synagogan-cordoba\/#breadcrumb\",\"itemListElement\":[{\"@type\":\"ListItem\",\"position\":1,\"name\":\"Accueil\",\"item\":\"https:\/\/andalucialovers.com\/sv\/\"},{\"@type\":\"ListItem\",\"position\":2,\"name\":\"Cordoba\",\"item\":\"https:\/\/andalucialovers.com\/sv\/cordoba-sv\/\"},{\"@type\":\"ListItem\",\"position\":3,\"name\":\"Juderia (judiska kvarteret) och synagogan (Cordoba): bes\u00f6k + foton\"}]},{\"@type\":\"WebSite\",\"@id\":\"https:\/\/andalucialovers.com\/sv\/#website\",\"url\":\"https:\/\/andalucialovers.com\/sv\/\",\"name\":\"Andalucia Lovers\",\"description\":\"Le blog de Claire et Manu\",\"publisher\":{\"@id\":\"https:\/\/andalucialovers.com\/sv\/#organization\"},\"potentialAction\":[{\"@type\":\"SearchAction\",\"target\":{\"@type\":\"EntryPoint\",\"urlTemplate\":\"https:\/\/andalucialovers.com\/sv\/?s={search_term_string}\"},\"query-input\":{\"@type\":\"PropertyValueSpecification\",\"valueRequired\":true,\"valueName\":\"search_term_string\"}}],\"inLanguage\":\"sv-SE\"},{\"@type\":\"Organization\",\"@id\":\"https:\/\/andalucialovers.com\/sv\/#organization\",\"name\":\"Andalucia Lovers\",\"url\":\"https:\/\/andalucialovers.com\/sv\/\",\"logo\":{\"@type\":\"ImageObject\",\"inLanguage\":\"sv-SE\",\"@id\":\"https:\/\/andalucialovers.com\/sv\/#\/schema\/logo\/image\/\",\"url\":\"https:\/\/andalucialovers.com\/wp-content\/uploads\/2024\/05\/cropped-Andalucia-Lovers-Logo.png\",\"contentUrl\":\"https:\/\/andalucialovers.com\/wp-content\/uploads\/2024\/05\/cropped-Andalucia-Lovers-Logo.png\",\"width\":2804,\"height\":481,\"caption\":\"Andalucia Lovers\"},\"image\":{\"@id\":\"https:\/\/andalucialovers.com\/sv\/#\/schema\/logo\/image\/\"}},{\"@type\":\"Person\",\"@id\":\"https:\/\/andalucialovers.com\/sv\/#\/schema\/person\/eecc5be960eb24e701a350a02c214c1c\",\"name\":\"Morgane\",\"image\":{\"@type\":\"ImageObject\",\"inLanguage\":\"sv-SE\",\"@id\":\"https:\/\/secure.gravatar.com\/avatar\/afa26912805402e3ea29288b7478a6a37b47e98385c004daed7d76f04733a512?s=96&d=mm&r=g\",\"url\":\"https:\/\/secure.gravatar.com\/avatar\/afa26912805402e3ea29288b7478a6a37b47e98385c004daed7d76f04733a512?s=96&d=mm&r=g\",\"contentUrl\":\"https:\/\/secure.gravatar.com\/avatar\/afa26912805402e3ea29288b7478a6a37b47e98385c004daed7d76f04733a512?s=96&d=mm&r=g\",\"caption\":\"Morgane\"},\"url\":\"https:\/\/andalucialovers.com\/sv\/author\/morgane\/\"}]}<\/script>\n<!-- \/ Yoast SEO plugin. -->","yoast_head_json":{"title":"Juderia (judiska kvarteret) och synagogan (Cordoba): bes\u00f6k + foton","description":"V\u00e5ra tips och foton f\u00f6r att bes\u00f6ka det judiska kvarteret Juderia och dess synagoga i Cordoba: tilltr\u00e4de, sev\u00e4rdheter, praktisk information","robots":{"index":"index","follow":"follow","max-snippet":"max-snippet:-1","max-image-preview":"max-image-preview:large","max-video-preview":"max-video-preview:-1"},"canonical":"https:\/\/andalucialovers.com\/sv\/besok-juderia-synagogan-cordoba\/","og_locale":"sv_SE","og_type":"article","og_title":"Juderia (judiska kvarteret) och synagogan (Cordoba): bes\u00f6k + foton","og_description":"V\u00e5ra tips och foton f\u00f6r att bes\u00f6ka det judiska kvarteret Juderia och dess synagoga i Cordoba: tilltr\u00e4de, sev\u00e4rdheter, praktisk information","og_url":"https:\/\/andalucialovers.com\/sv\/besok-juderia-synagogan-cordoba\/","og_site_name":"Andalucia Lovers","article_published_time":"2024-12-13T04:47:35+00:00","article_modified_time":"2024-12-13T19:55:24+00:00","og_image":[{"width":1067,"height":800,"url":"https:\/\/andalucialovers.com\/wp-content\/uploads\/2024\/12\/SE-besok-juderia-synagoga-cordoba.jpg","type":"image\/jpeg"}],"author":"Morgane","twitter_card":"summary_large_image","twitter_misc":{"Skriven av":"Morgane","Ber\u00e4knad l\u00e4stid":"10 minuter"},"schema":{"@context":"https:\/\/schema.org","@graph":[{"@type":"Article","@id":"https:\/\/andalucialovers.com\/sv\/besok-juderia-synagogan-cordoba\/#article","isPartOf":{"@id":"https:\/\/andalucialovers.com\/sv\/besok-juderia-synagogan-cordoba\/"},"author":{"name":"Morgane","@id":"https:\/\/andalucialovers.com\/sv\/#\/schema\/person\/eecc5be960eb24e701a350a02c214c1c"},"headline":"Juderia (judiska kvarteret) och synagogan (Cordoba): bes\u00f6k + foton","datePublished":"2024-12-13T04:47:35+00:00","dateModified":"2024-12-13T19:55:24+00:00","mainEntityOfPage":{"@id":"https:\/\/andalucialovers.com\/sv\/besok-juderia-synagogan-cordoba\/"},"wordCount":1985,"publisher":{"@id":"https:\/\/andalucialovers.com\/sv\/#organization"},"image":{"@id":"https:\/\/andalucialovers.com\/sv\/besok-juderia-synagogan-cordoba\/#primaryimage"},"thumbnailUrl":"https:\/\/andalucialovers.com\/wp-content\/uploads\/2024\/12\/SE-besok-juderia-synagoga-cordoba.jpg","articleSection":["Cordoba"],"inLanguage":"sv-SE"},{"@type":"WebPage","@id":"https:\/\/andalucialovers.com\/sv\/besok-juderia-synagogan-cordoba\/","url":"https:\/\/andalucialovers.com\/sv\/besok-juderia-synagogan-cordoba\/","name":"Juderia (judiska kvarteret) och synagogan (Cordoba): bes\u00f6k + foton","isPartOf":{"@id":"https:\/\/andalucialovers.com\/sv\/#website"},"primaryImageOfPage":{"@id":"https:\/\/andalucialovers.com\/sv\/besok-juderia-synagogan-cordoba\/#primaryimage"},"image":{"@id":"https:\/\/andalucialovers.com\/sv\/besok-juderia-synagogan-cordoba\/#primaryimage"},"thumbnailUrl":"https:\/\/andalucialovers.com\/wp-content\/uploads\/2024\/12\/SE-besok-juderia-synagoga-cordoba.jpg","datePublished":"2024-12-13T04:47:35+00:00","dateModified":"2024-12-13T19:55:24+00:00","description":"V\u00e5ra tips och foton f\u00f6r att bes\u00f6ka det judiska kvarteret Juderia och dess synagoga i Cordoba: tilltr\u00e4de, sev\u00e4rdheter, praktisk information","breadcrumb":{"@id":"https:\/\/andalucialovers.com\/sv\/besok-juderia-synagogan-cordoba\/#breadcrumb"},"inLanguage":"sv-SE","potentialAction":[{"@type":"ReadAction","target":["https:\/\/andalucialovers.com\/sv\/besok-juderia-synagogan-cordoba\/"]}]},{"@type":"ImageObject","inLanguage":"sv-SE","@id":"https:\/\/andalucialovers.com\/sv\/besok-juderia-synagogan-cordoba\/#primaryimage","url":"https:\/\/andalucialovers.com\/wp-content\/uploads\/2024\/12\/SE-besok-juderia-synagoga-cordoba.jpg","contentUrl":"https:\/\/andalucialovers.com\/wp-content\/uploads\/2024\/12\/SE-besok-juderia-synagoga-cordoba.jpg","width":1067,"height":800,"caption":"SE besok juderia-synagoga-cordoba"},{"@type":"BreadcrumbList","@id":"https:\/\/andalucialovers.com\/sv\/besok-juderia-synagogan-cordoba\/#breadcrumb","itemListElement":[{"@type":"ListItem","position":1,"name":"Accueil","item":"https:\/\/andalucialovers.com\/sv\/"},{"@type":"ListItem","position":2,"name":"Cordoba","item":"https:\/\/andalucialovers.com\/sv\/cordoba-sv\/"},{"@type":"ListItem","position":3,"name":"Juderia (judiska kvarteret) och synagogan (Cordoba): bes\u00f6k + foton"}]},{"@type":"WebSite","@id":"https:\/\/andalucialovers.com\/sv\/#website","url":"https:\/\/andalucialovers.com\/sv\/","name":"Andalucia Lovers","description":"Le blog de Claire et Manu","publisher":{"@id":"https:\/\/andalucialovers.com\/sv\/#organization"},"potentialAction":[{"@type":"SearchAction","target":{"@type":"EntryPoint","urlTemplate":"https:\/\/andalucialovers.com\/sv\/?s={search_term_string}"},"query-input":{"@type":"PropertyValueSpecification","valueRequired":true,"valueName":"search_term_string"}}],"inLanguage":"sv-SE"},{"@type":"Organization","@id":"https:\/\/andalucialovers.com\/sv\/#organization","name":"Andalucia Lovers","url":"https:\/\/andalucialovers.com\/sv\/","logo":{"@type":"ImageObject","inLanguage":"sv-SE","@id":"https:\/\/andalucialovers.com\/sv\/#\/schema\/logo\/image\/","url":"https:\/\/andalucialovers.com\/wp-content\/uploads\/2024\/05\/cropped-Andalucia-Lovers-Logo.png","contentUrl":"https:\/\/andalucialovers.com\/wp-content\/uploads\/2024\/05\/cropped-Andalucia-Lovers-Logo.png","width":2804,"height":481,"caption":"Andalucia Lovers"},"image":{"@id":"https:\/\/andalucialovers.com\/sv\/#\/schema\/logo\/image\/"}},{"@type":"Person","@id":"https:\/\/andalucialovers.com\/sv\/#\/schema\/person\/eecc5be960eb24e701a350a02c214c1c","name":"Morgane","image":{"@type":"ImageObject","inLanguage":"sv-SE","@id":"https:\/\/secure.gravatar.com\/avatar\/afa26912805402e3ea29288b7478a6a37b47e98385c004daed7d76f04733a512?s=96&d=mm&r=g","url":"https:\/\/secure.gravatar.com\/avatar\/afa26912805402e3ea29288b7478a6a37b47e98385c004daed7d76f04733a512?s=96&d=mm&r=g","contentUrl":"https:\/\/secure.gravatar.com\/avatar\/afa26912805402e3ea29288b7478a6a37b47e98385c004daed7d76f04733a512?s=96&d=mm&r=g","caption":"Morgane"},"url":"https:\/\/andalucialovers.com\/sv\/author\/morgane\/"}]}},"featured_image_src":"https:\/\/andalucialovers.com\/wp-content\/uploads\/2024\/12\/SE-besok-juderia-synagoga-cordoba-600x400.jpg","featured_image_src_square":"https:\/\/andalucialovers.com\/wp-content\/uploads\/2024\/12\/SE-besok-juderia-synagoga-cordoba-600x600.jpg","author_info":{"display_name":"Morgane","author_link":"https:\/\/andalucialovers.com\/sv\/author\/morgane\/"},"_links":{"self":[{"href":"https:\/\/andalucialovers.com\/sv\/wp-json\/wp\/v2\/posts\/3563","targetHints":{"allow":["GET"]}}],"collection":[{"href":"https:\/\/andalucialovers.com\/sv\/wp-json\/wp\/v2\/posts"}],"about":[{"href":"https:\/\/andalucialovers.com\/sv\/wp-json\/wp\/v2\/types\/post"}],"author":[{"embeddable":true,"href":"https:\/\/andalucialovers.com\/sv\/wp-json\/wp\/v2\/users\/9"}],"replies":[{"embeddable":true,"href":"https:\/\/andalucialovers.com\/sv\/wp-json\/wp\/v2\/comments?post=3563"}],"version-history":[{"count":0,"href":"https:\/\/andalucialovers.com\/sv\/wp-json\/wp\/v2\/posts\/3563\/revisions"}],"wp:featuredmedia":[{"embeddable":true,"href":"https:\/\/andalucialovers.com\/sv\/wp-json\/wp\/v2\/media\/3522"}],"wp:attachment":[{"href":"https:\/\/andalucialovers.com\/sv\/wp-json\/wp\/v2\/media?parent=3563"}],"wp:term":[{"taxonomy":"category","embeddable":true,"href":"https:\/\/andalucialovers.com\/sv\/wp-json\/wp\/v2\/categories?post=3563"},{"taxonomy":"post_tag","embeddable":true,"href":"https:\/\/andalucialovers.com\/sv\/wp-json\/wp\/v2\/tags?post=3563"}],"curies":[{"name":"wp","href":"https:\/\/api.w.org\/{rel}","templated":true}]}}