{"id":3908,"date":"2025-01-15T13:10:55","date_gmt":"2025-01-15T12:10:55","guid":{"rendered":"https:\/\/andalucialovers.com\/visiter-cathedrale-incarnation-almeria\/"},"modified":"2025-01-17T15:08:21","modified_gmt":"2025-01-17T14:08:21","slug":"besok-katedrale-inkarnation-almeria","status":"publish","type":"post","link":"https:\/\/andalucialovers.com\/sv\/besok-katedrale-inkarnation-almeria\/","title":{"rendered":"Katedralen i inkarnationen (Almer\u00eda): bes\u00f6k + foton"},"content":{"rendered":"\n<p>En paus i Almer\u00eda? Missa inte den <strong>ovanliga<\/strong> katedralen! <strong>Cath\u00e9drale de l&#8217;Incarnation<\/strong> har tjocka murar och ett platt tak som \u00e4r utformat f\u00f6r att rymma kanoner och var t\u00e4nkt som en <strong>riktig f\u00e4stning<\/strong> f\u00f6r att skydda staden fr\u00e5n Medelhavets pirater p\u00e5 1500-talet.<br\/>Bakom denna strama exteri\u00f6r d\u00f6ljer sig n\u00e5gra <strong>riktiga p\u00e4rlor<\/strong>: ett fint skulpterat ren\u00e4ssanskor, ett rikt dekorerat kapell och en monumental klosterkyrka. I den h\u00e4r artikeln hittar du n\u00e5gra anv\u00e4ndbara tips som hj\u00e4lper dig att f\u00f6rbereda dig inf\u00f6r ditt bes\u00f6k i <strong>Almer\u00eda-katedralen<\/strong> och ha en underbar tid!<\/p>\n\n<figure class=\"wp-block-image size-full\"><img decoding=\"async\" src=\"https:\/\/andalucialovers.com\/wp-content\/uploads\/2025\/01\/besok-katedral-l-incarnation-almeria.jpg\" alt=\"Uppt&#xE4;ck skatterna i katedralen-f&#xE4;stningen i Almer&#xED;a\" class=\"wp-image-3878\"\/><\/figure>\n\n<p>Detta \u00e4r en helt <strong>oberoende<\/strong> \u00e5sikt, baserad p\u00e5 v\u00e5r egen erfarenhet. Vi gjorde v\u00e5ra egna val, bes\u00f6kte regionen anonymt och betalade v\u00e5ra r\u00e4kningar till fullo.<\/p>\n\n<h2 class=\"wp-block-heading\">Varf\u00f6r bes\u00f6ka Almer\u00edas katedral?<\/h2>\n\n<h3 class=\"wp-block-heading\">\u00c4r katedralen f\u00f6r inkarnationen v\u00e4rt det? V\u00e5r \u00e5sikt:<\/h3>\n\n<p>Ja, katedralen \u00e4r v\u00e4l v\u00e4rd ett bes\u00f6k f\u00f6r sin imponerande milit\u00e4ra arkitektur, rikt dekorerade interi\u00f6rer och vackra heliga konstverk.<br\/>Bes\u00f6ket blir \u00e4nnu mer intressant tack vare den medf\u00f6ljande audioguiden, som hj\u00e4lper bes\u00f6karna att f\u00f6rst\u00e5 platsens historiska arv och dess v\u00e4rde. Faktum \u00e4r att det \u00e4r en av de <a href=\"https:\/\/andalucialovers.com\/sv\/sevardheter-almeria-att-gora\/\" target=\"_blank\" rel=\"noreferrer noopener\">b\u00e4sta sakerna att g\u00f6ra i Almer\u00eda<\/a>!<\/p>\n\n<figure class=\"wp-block-image size-large\"><img loading=\"lazy\" decoding=\"async\" src=\"https:\/\/photos.smugmug.com\/Andalucia-Lovers\/Almeria\/Best-of\/i-SvbkPFV\/0\/M4jtCRWKgSWjC8KKzn9sq8PCczG7R8rs6ZXMJmKzR\/L\/visit-almeria-city-spain-07-L.jpg\" alt=\"Katedralen i Almer&#xED;a - &#xD6;versikt &#xF6;ver huvudkapellet\"\/><\/figure>\n\n<h3 class=\"wp-block-heading\">Varf\u00f6r \u00e4r hon ber\u00f6md?<\/h3>\n\n<p>Katedralen i Almer\u00eda \u00e4r k\u00e4nd f\u00f6r b\u00e5da:<\/p>\n\n<ul class=\"wp-block-list\">\n<li>Dess fascinerande milit\u00e4ra arkitektur,  <\/li>\n\n\n\n<li>Den exceptionella arkitektoniska mixen, som kombinerar gotik, ren\u00e4ssans och nyklassicism,<\/li>\n\n\n\n<li>Och slutligen, dess anm\u00e4rkningsv\u00e4rda konstn\u00e4rliga arv.<\/li>\n<\/ul>\n\n<figure class=\"wp-block-image size-large\"><img loading=\"lazy\" decoding=\"async\" src=\"https:\/\/photos.smugmug.com\/Andalucia-Lovers\/Almeria\/Cathedral\/i-dV4mxjf\/0\/NM4zPfCSDT7hsNzHwn5hdSZThFqRZPhZtggG5Kw6C\/L\/cathedral-incarnation-almeria-08-L.jpg\" alt=\"Katedralen i Almer&#xED;a - vy &#xF6;ver koret\"\/><\/figure>\n\n<h3 class=\"wp-block-heading\">V\u00e5ra favorit\u00f6gonblick<\/h3>\n\n<p>Katedralen i Almeria \u00e4r verkligen imponerande, men det vi tyckte b\u00e4st om var de sm\u00e5 detaljerna som finns utspridda i alla skrymslen och vr\u00e5r. Vi tittade l\u00e4nge p\u00e5 de antropomorfa skulpturerna p\u00e5 kyrkans pelare, stenrullarna i valven och de dolda symbolerna.  <br\/>Ta till exempel en titt p\u00e5 de fint arbetade d\u00f6rrarna som leder till klostret. De \u00e4r t\u00e4ckta av liljekonvaljer, en h\u00e4nvisning till jungfruns renhet, katedralens symbol, som st\u00e5r under beskydd av Notre Dame de l&#8217;Incarnation.<\/p>\n\n<figure class=\"wp-block-image size-large\"><img loading=\"lazy\" decoding=\"async\" src=\"https:\/\/photos.smugmug.com\/Andalucia-Lovers\/Almeria\/Cathedral\/i-3qnXsmD\/0\/KPgPj3jvqHDdcbS86c8SRZR9gmzddjBQvkBn3XCKJ\/L\/cathedral-incarnation-almeria-13-L.jpg\" alt=\"Katedralen i Almer&#xED;a - Detaljer\"\/><\/figure>\n\n<h3 class=\"wp-block-heading\">Historia i korthet<\/h3>\n\n<p>\u00c4ven om den f\u00f6rsta kristna f\u00f6rsamlingen grundades av Saint Indalecio p\u00e5 800-talet, kom Almeria under omv\u00e4xlande kristen och muslimsk kontroll mellan 1100- och 1400-talet. Det var inte f\u00f6rr\u00e4n de katolska kungarna \u00e5terer\u00f6vrade staden 1489 som biskopsd\u00f6met \u00e5teruppr\u00e4ttades och katedralens historia b\u00f6rjade:<\/p>\n\n<ul class=\"wp-block-list\">\n<li>1496: P\u00e5 den gamla mosk\u00e9ns plats byggs en katedraltempel p\u00e5 order av kardinal\u00e4rkebiskopen i Toledo, Pedro Gonz\u00e1lez de Mendoza.<\/li>\n\n\n\n<li>1522: Katedralen totalf\u00f6rst\u00f6rs av en jordb\u00e4vning<\/li>\n\n\n\n<li>1524: Den nuvarande katedralen byggs av <strong>Juan de Orea<\/strong> p\u00e5 order av Fray Diego Fern\u00e1ndez de Villal\u00e1n, biskop i Almeria.<\/li>\n\n\n\n<li>1700-talet: Uppf\u00f6rande av den neoklassiska klosterkyrkan<\/li>\n\n\n\n<li>1936-1939: Omfattande skador under inb\u00f6rdeskriget<\/li>\n\n\n\n<li>Efter 1939: \u00c5teruppbyggnad och ut\u00f6kning av samlingarna<\/li>\n<\/ul>\n\n<figure class=\"wp-block-gallery has-nested-images columns-default is-cropped wp-block-gallery-1 is-layout-flex wp-block-gallery-is-layout-flex\">\n<figure class=\"wp-block-image size-large\"><img loading=\"lazy\" decoding=\"async\" src=\"https:\/\/photos.smugmug.com\/Andalucia-Lovers\/Almeria\/Cathedral\/i-LWDR6mk\/0\/LwMbwNHM9t2bNkJfSsDvf8hFmWCHZsStq58n98wj2\/L\/cathedral-incarnation-almeria-06-L.jpg\" alt=\"Katedralen i Almer&#xED;a - Staty\"\/><\/figure>\n<\/figure>\n\n<h2 class=\"wp-block-heading\">Hitta dit: Inkarnationskatedralen, Almer\u00eda<\/h2>\n\n<h3 class=\"wp-block-heading\">Var ligger Almer\u00eda-katedralen?<\/h3>\n\n<p>Katedralen ligger i hj\u00e4rtat av Almer\u00eda, p\u00e5 Plaza de la Catedral, 8.<\/p>\n\n<div class=\"wp-block-columns inverse box_planif is-layout-flex wp-container-core-columns-is-layout-9d6595d7 wp-block-columns-is-layout-flex\">\n<div class=\"wp-block-column texte_planif is-layout-flow wp-block-column-is-layout-flow\" style=\"flex-basis:58%\">\n<h5 class=\"titre_box\"> HYR DIN BIL I <span class=\"titre_box_manuscrit\">\nAndalusia<\/span><\/h5>\n\n\n\n<ul style=\"font-size:14px\" class=\"wp-block-list liste_voiture\">\n<li>J\u00e4mf\u00f6r priser p\u00e5 v\u00e5r f\u00f6redragna plattform: <a href=\"https:\/\/www.discovercars.com\/se\/spain?a_aid=zigzag&amp;chan=andalucia\" target=\"_blank\" rel=\"noreferrer noopener sponsored nofollow\">DiscoverCars<\/a> &#8211; en av de b\u00e4st rankade webbplatserna.<\/li>\n\n\n\n<li>V\u00e4lj en <strong>kompakt bil<\/strong>, eftersom vissa byar har mycket smala gator!<\/li>\n\n\n\n<li>T\u00e4nk p\u00e5<strong>omfattande f\u00f6rs\u00e4kring<\/strong> av samma anledning<\/li>\n\n\n\n<li><strong>Boka tidigt<\/strong> f\u00f6r b\u00e4sta val.<\/li>\n<\/ul>\n<\/div>\n\n\n\n<div class=\"wp-block-column planif-radius-3 is-layout-flow wp-block-column-is-layout-flow\" style=\"flex-basis:42%\">\n<figure class=\"wp-block-image size-large is-resized\"><img loading=\"lazy\" decoding=\"async\" src=\"https:\/\/photos.smugmug.com\/Travel\/Andalucia\/Driving\/i-tqxqm2M\/1\/DBVq6wpqQpTv8CpSvmFGgfKbDdqGMK9zqdcc59cGs\/S\/Driving_Andalucia_Spain-8407-S.jpg\" alt=\"K&#xF6;rning i Andalusien\" title=\"\"\/><\/figure>\n<\/div>\n<\/div>\n\n<div class=\"wp-block-columns planif_bouton is-layout-flex wp-container-core-columns-is-layout-9d6595d7 wp-block-columns-is-layout-flex\">\n<div class=\"wp-block-column is-layout-flow wp-block-column-is-layout-flow\" style=\"flex-basis:50%\">\n<div class=\"wp-block-buttons is-content-justification-center is-layout-flex wp-container-core-buttons-is-layout-16018d1d wp-block-buttons-is-layout-flex\">\n<div class=\"wp-block-button has-custom-font-size\" style=\"font-size:14px\"><a class=\"wp-block-button__link has-white-color has-text-color wp-element-button\" href=\"https:\/\/www.discovercars.com\/se\/spain?a_aid=zigzag&amp;amp;chan=andalucia\" style=\"border-radius:4px\" target=\"_blank\" rel=\"noreferrer noopener nofollow\">Se bilarna<img loading=\"lazy\" decoding=\"async\" class=\"wp-image-2851\" style=\"width: 16px;\" src=\"https:\/\/provencelovers.fr\/wp-content\/uploads\/2023\/08\/ArrowRight.webp\" alt=\"\"\/><\/a><\/div>\n<\/div>\n<\/div>\n\n\n\n<div class=\"wp-block-column is-vertically-aligned-center is-layout-flow wp-block-column-is-layout-flow\" style=\"flex-basis:50%\">\n<p class=\"has-text-align-center\" style=\"font-size:14px\"><strong><a href=\"https:\/\/andalucialovers.com\/sv\/hur-hyr-bil-andalusien-tips-erfarenhet\/\" data-type=\"post\" data-id=\"3712\" target=\"_blank\" rel=\"noreferrer noopener\">Se v\u00e5ra r\u00e5d<\/a><\/strong><\/p>\n<\/div>\n<\/div>\n\n<h3 class=\"wp-block-heading\">Hur kommer jag dit?<\/h3>\n\n<p>Det \u00e4r l\u00e4tt att ta sig dit, eftersom den historiska stadsk\u00e4rnan ligger inom g\u00e5ngavst\u00e5nd. Fr\u00e5n stationen kan du ta bussen (linje M 370, h\u00e5llplats Fuente De Los Peces), som tar dig dit p\u00e5 11 minuter.<\/p>\n\n<h3 class=\"wp-block-heading\">Parkeringsplats<\/h3>\n\n<p>Det finns ingen s\u00e4rskild parkeringsplats vid katedralen. Vi rekommenderar att du parkerar p\u00e5 n\u00e5gon av de allm\u00e4nna parkeringsplatserna i stadens centrum, t.ex. parkeringen p\u00e5 Las Ramblas, 10 minuters promenad bort.<\/p>\n\n<div style=\"margin-top:8%;margin-bottom:8%\" class=\"wp-block-genesis-blocks-gb-container box gb-block-container\"><div class=\"gb-container-inside\"><div class=\"gb-container-content\">\n<div class=\"wp-block-columns inverse is-layout-flex wp-container-core-columns-is-layout-9d6595d7 wp-block-columns-is-layout-flex\">\n<div class=\"wp-block-column texte_planif is-layout-flow wp-block-column-is-layout-flow\" style=\"flex-basis:58%\">\n<h5 class=\"titre_box\" style=\"padding-top:10px;\">UPPT\u00c4CK <span class=\"titre_box_manuscrit\">Almeria<\/span><\/h5>\n\n\n\n<ul class=\"wp-block-list ul_box\">\n<li style=\"font-size:14px\"><a href=\"https:\/\/andalucialovers.com\/sv\/sevardheter-almeria-att-gora\/\" target=\"_blank\" rel=\"noreferrer noopener\">Sev\u00e4rdheter i Almeria<\/a><\/li>\n\n\n\n<li style=\"font-size:14px\"><a href=\"https:\/\/andalucialovers.com\/sv\/var-kan-bo-almeria-basta-hotellen-stadsdelarna\/\" target=\"_blank\" rel=\"noreferrer noopener\">B\u00e4sta hotell<\/a><\/li>\n\n\n\n<li style=\"font-size:14px\"><a href=\"https:\/\/andalucialovers.com\/sv\/basta-restaurang-almeria-ata-omdomen\/\" target=\"_blank\" rel=\"noreferrer noopener\">B\u00e4sta restaurangerna<\/a><\/li>\n\n\n\n<li style=\"font-size:14px\"><a href=\"https:\/\/andalucialovers.com\/sv\/besok-1-dag-almeria-resvagar\/\" target=\"_blank\" rel=\"noreferrer noopener\">1 dag<\/a><\/li>\n\n\n\n<li style=\"font-size:14px\"><a href=\"https:\/\/andalucialovers.com\/sv\/besok-katedrale-inkarnation-almeria\/\" data-type=\"post\" data-id=\"3867\" target=\"_blank\" rel=\"noreferrer noopener\">Katedralen<\/a><\/li>\n\n\n\n<li style=\"font-size:14px\"><a href=\"https:\/\/andalucialovers.com\/sv\/besok-fastning-alcazaba-almeria\/\" data-type=\"post\" data-id=\"3914\" target=\"_blank\" rel=\"noreferrer noopener\">Alcazaba<\/a><\/li>\n<\/ul>\n<\/div>\n\n\n\n<div class=\"wp-block-column ville-radius is-layout-flow wp-block-column-is-layout-flow\" style=\"flex-basis:42%\">\n<figure class=\"wp-block-image size-large img-portrait\"><img loading=\"lazy\" decoding=\"async\" src=\"https:\/\/photos.smugmug.com\/Andalucia-Lovers\/Almeria\/Best-of\/i-n7P3gKk\/0\/LKt99zZv8WQdd6JgwcgpvRzKct25HRk82JM4VfrxN\/L\/alcazaba-castle-almeria-spain-L.jpg\" alt=\"Alcazaba Almeria\" title=\"\"\/><\/figure>\n<\/div>\n<\/div>\n<\/div><\/div><\/div>\n\n<h2 class=\"wp-block-heading\">Anv\u00e4ndbara tips: varaktighet, tidtabeller, \u00e4ta&#8230;<\/h2>\n\n<h3 class=\"wp-block-heading\">B\u00e4sta tiden att bes\u00f6ka<\/h3>\n\n<p>Vi rekommenderar att du bes\u00f6ker katedralen p\u00e5 eftermiddagen f\u00f6r att njuta av lugnet och tystnaden. De \u00e4r mindre popul\u00e4ra bland grupper som bes\u00f6ker byggnaden p\u00e5 morgonen, mellan kl. 10.00 och 12.00. F\u00f6r att ditt bes\u00f6k ska g\u00e5 s\u00e5 smidigt som m\u00f6jligt rekommenderar vi att du bes\u00f6ker oss i slutet av dagen, strax f\u00f6re st\u00e4ngningsdags.<\/p>\n\n<figure class=\"wp-block-image size-large\"><img loading=\"lazy\" decoding=\"async\" src=\"https:\/\/photos.smugmug.com\/Andalucia-Lovers\/Almeria\/Cathedral\/i-xfdgdC4\/0\/LzCN7bhmsSzdXXkp2Sv4FcLFRM4mZ9m4h3Rqjw9kv\/L\/cathedral-incarnation-almeria-14-L.jpg\" alt=\"Almer&#xED;as katedral - neoklassisk korsg&#xE5;ng\"\/><\/figure>\n\n<h3 class=\"wp-block-heading\">Bes\u00f6ksl\u00e4ngd och huvudsakliga sv\u00e5righeter<\/h3>\n\n<p>Det finns inga st\u00f6rre sv\u00e5righeter med att bes\u00f6ka platsen, s\u00e4rskilt som den \u00e4r fullt tillg\u00e4nglig f\u00f6r funktionshindrade (det enda s\u00e4ttet att komma till terrassen p\u00e5 Torre de Campanario \u00e4r via en trappa med ett hundratal steg). Det finns ocks\u00e5 toaletter och en liten butik p\u00e5 plats.<\/p>\n\n<p>Vi rekommenderar att du avs\u00e4tter cirka 1 timme f\u00f6r ditt bes\u00f6k, s\u00e4rskilt om du best\u00e4mmer dig f\u00f6r att f\u00f6lja audioguiden, som kommer att g\u00f6ra din uppt\u00e4ckt mycket l\u00e4ttare.<\/p>\n\n<figure class=\"wp-block-image size-large\"><img loading=\"lazy\" decoding=\"async\" src=\"https:\/\/photos.smugmug.com\/Andalucia-Lovers\/Almeria\/Cathedral\/i-jd7rvGK\/0\/LM37Kp6cvvvf5p68kN9Zm7wjJNwDM5fp9BFqq2szP\/L\/cathedral-incarnation-almeria-04-L.jpg\" alt=\"Almer&#xED;a-katedralen - Tillg&#xE4;nglighet f&#xF6;r funktionshindrade\"\/><\/figure>\n\n<h3 class=\"wp-block-heading\">Bes\u00f6ksriktning<\/h3>\n\n<p>Om du v\u00e4ljer audioguiden (ing\u00e5r gratis i din biljett) kan du f\u00f6lja den skyltade rutten. Om du inte har tid rekommenderar vi att du f\u00f6ljer rutten \u00e4nd\u00e5:<\/p>\n\n<ul class=\"wp-block-list\">\n<li>B\u00f6rja med att utforska katedralens exteri\u00f6r och l\u00e4gg m\u00e4rke till de eleganta ren\u00e4ssansportalerna och f\u00f6rsvarsverken,<\/li>\n\n\n\n<li>G\u00e5 sedan in och beundra katedralens prakt och de olika skatterna som finns d\u00e4r,<\/li>\n\n\n\n<li>Slutligen g\u00e5r du ut p\u00e5 g\u00e5rden f\u00f6r att bes\u00f6ka ren\u00e4ssansklostret och, om du har tid, det lilla intilliggande museet.<\/li>\n<\/ul>\n\n<figure class=\"wp-block-image size-large\"><img width=\"1024\" height=\"520\" loading=\"lazy\" decoding=\"async\" src=\"https:\/\/andalucialovers.com\/wp-content\/uploads\/2025\/01\/Capture-decran-2025-01-13-a-18.22.09-1024x520.png\" alt=\"Katedralen i Almer&#xED;a - webbplatskarta\" class=\"wp-image-3869\" srcset=\"https:\/\/andalucialovers.com\/wp-content\/uploads\/2025\/01\/Capture-decran-2025-01-13-a-18.22.09-1024x520.png 1024w, https:\/\/andalucialovers.com\/wp-content\/uploads\/2025\/01\/Capture-decran-2025-01-13-a-18.22.09-300x152.png 300w, https:\/\/andalucialovers.com\/wp-content\/uploads\/2025\/01\/Capture-decran-2025-01-13-a-18.22.09-768x390.png 768w, https:\/\/andalucialovers.com\/wp-content\/uploads\/2025\/01\/Capture-decran-2025-01-13-a-18.22.09-1536x779.png 1536w, https:\/\/andalucialovers.com\/wp-content\/uploads\/2025\/01\/Capture-decran-2025-01-13-a-18.22.09.png 1892w\" sizes=\"auto, (max-width: 1024px) 100vw, 1024px\" \/><figcaption class=\"wp-element-caption\">Karta \u00f6ver katedralen i Almeria <em>(bilden \u00e4r h\u00e4mtad fr\u00e5n katedralens officiella webbplats).<\/em><\/figcaption><\/figure>\n\n<div style=\"background-color:#fefefe;margin-top:8%;margin-bottom:8%\" class=\"wp-block-genesis-blocks-gb-container box gb-block-container\"><div class=\"gb-container-inside\"><div class=\"gb-container-content\" style=\"max-width:700px\">\n<div class=\"wp-block-columns inverse is-layout-flex wp-container-core-columns-is-layout-9d6595d7 wp-block-columns-is-layout-flex\">\n<div class=\"wp-block-column texte_planif is-layout-flow wp-block-column-is-layout-flow\" style=\"flex-basis:58%\">\n<h5 class=\"titre_box\" style=\"padding-top:10px\">PLANERA DIN DR\u00d6MRESA TILL <span class=\"titre_box_manuscrit\">andalusien<\/span><\/h5>\n\n\n\n<div class=\"wp-block-genesis-blocks-gb-container gb-block-container\"><div class=\"gb-container-inside\"><div class=\"gb-container-content\">\n<p style=\"font-size:14px\">All information du beh\u00f6ver f\u00f6r din resa:<\/p>\n<\/div><\/div><\/div>\n\n\n\n<div class=\"wp-block-genesis-blocks-gb-container gb-block-container\"><div class=\"gb-container-inside\"><div class=\"gb-container-content\"><\/div><\/div><\/div>\n\n\n\n<ul class=\"wp-block-list\" style=\"font-size:14px\" id=\"liste_discover\">\n<li>7 kartor som underl\u00e4ttar planeringen<\/li>\n\n\n\n<li>+ 150 p\u00e5 f\u00f6rhand utvalda m\u00f6tesplatser<\/li>\n\n\n\n<li>Praktiska r\u00e5d<\/li>\n\n\n\n<li>+ 300 bilder som hj\u00e4lper dig att v\u00e4lja<\/li>\n<\/ul>\n\n\n\n<div class=\"wp-block-buttons has-custom-font-size bouton_10 is-content-justification-center is-layout-flex wp-container-core-buttons-is-layout-14c487f4 wp-block-buttons-is-layout-flex\" style=\"font-size:13px\">\n<div class=\"wp-block-button has-custom-font-size\" style=\"font-size:14px\"><a class=\"wp-block-button__link has-white-color has-text-color wp-element-button\" href=\"https:\/\/andalucialovers.com\/sv\/ebok-guide-road-trip-andalusien\/\" style=\"border-radius:4px\" target=\"_blank\" rel=\"noreferrer noopener\">Uppt\u00e4ck<strong> <\/strong>&gt;&gt;<\/a><\/div>\n<\/div>\n<\/div>\n\n\n\n<div class=\"wp-block-column is-layout-flow wp-block-column-is-layout-flow\" style=\"flex-basis:42%\">\n<div class=\"wp-block-genesis-blocks-gb-container ebook-radius gb-block-container\"><div class=\"gb-container-inside\"><div class=\"gb-container-content\"><div class=\"wp-block-image ebook-image\">\n<figure class=\"aligncenter size-full is-resized\"><img loading=\"lazy\" decoding=\"async\" src=\"https:\/\/andalucialovers.com\/wp-content\/uploads\/2024\/06\/Road-trip-Guide-Andalucia-eBook-cover-5.jpg\" alt=\"Andalusien reseguide eBook Omslag\" class=\"wp-image-317\" style=\"width:203px;height:157px\"\/><\/figure>\n<\/div><\/div><\/div><\/div>\n<\/div>\n<\/div>\n<\/div><\/div><\/div>\n\n<h3 class=\"wp-block-heading\">Bes\u00f6k med barn<\/h3>\n\n<p>Almerias katedral har inget som \u00e4r l\u00e4mpligt f\u00f6r barn, men de kommer att tycka om att utforska.<\/p>\n\n<h3 class=\"wp-block-heading\">\u00d6ppettider och priser<\/h3>\n\n<p>Katedralen \u00e4r \u00f6ppen f\u00f6r bes\u00f6kare varje dag:<\/p>\n\n<ul class=\"wp-block-list\">\n<li>M\u00e5ndag till torsdag kl. 10.00-14.30 och kl. 16.00-19.00<\/li>\n\n\n\n<li>L\u00f6rdag kl. 10.00-19.00 och s\u00f6ndag kl. 15.00-18.00 utan avbrott<\/li>\n<\/ul>\n\n<p>Prisskalan \u00e4r enligt f\u00f6ljande:<\/p>\n\n<ul class=\"wp-block-list\">\n<li>Normalt pris: \u20ac7<\/li>\n\n\n\n<li>Reducerat pris: \u20ac5 (studenter)<\/li>\n\n\n\n<li>Barn: 3 euro<\/li>\n<\/ul>\n\n<figure class=\"wp-block-image size-large\"><img loading=\"lazy\" decoding=\"async\" src=\"https:\/\/photos.smugmug.com\/Andalucia-Lovers\/Almeria\/Cathedral\/i-3KZzWqq\/0\/LrmxVJ8CC3ZnbmKcpTPBK66KTJ2Bvz5XLkdkWv4FS\/L\/cathedral-incarnation-almeria-05-L.jpg\" alt=\"Almer&#xED;as katedral - kapell\"\/><\/figure>\n\n<h3 class=\"wp-block-heading\">Guidade turer<\/h3>\n\n<p>En audioguide ing\u00e5r i priset f\u00f6r bes\u00f6ket, s\u00e5 att du kan ta reda p\u00e5 mer om katedralens m\u00e5ste-se-rum.<\/p>\n\n<p>Guidade turer finns ocks\u00e5 p\u00e5 fredagar och l\u00f6rdagar kl. 11.00 och 16.00 f\u00f6r 11 euro.<br\/>F\u00f6r en unik upplevelse kan du v\u00e4lja de guidade turerna p\u00e5 <em>Torre de Campanario<\/em>, p\u00e5 fredagar och l\u00f6rdagar kl. 13.00 och 17.30 f\u00f6r 5 \u20ac, som ger dig en enast\u00e5ende utsikt \u00f6ver staden.<br\/>L\u00e4s mer om guidade turer p\u00e5 den officiella webbplatsen <a href=\"https:\/\/shop.articketing.com\/monuments\/catedral-de-almeria\/tickets\" target=\"_blank\" rel=\"noreferrer noopener nofollow\">h\u00e4r.<\/a><\/p>\n\n<figure class=\"wp-block-image size-large\"><img loading=\"lazy\" decoding=\"async\" src=\"https:\/\/photos.smugmug.com\/Andalucia-Lovers\/Almeria\/Cathedral\/i-WMzgz62\/0\/LLHFDN6XDKfZdzdXSXgGPH9jjK5t4GLrzQrwFW4Lc\/L\/cathedral-incarnation-almeria-01-L.jpg\" alt=\"Katedralen i Almer&#xED;a - Hur man tar sig dit\"\/><\/figure>\n\n<h3 class=\"wp-block-heading\">Catering<\/h3>\n\n<p>Det finns ingen restaurang p\u00e5 plats, men eftersom katedralen ligger i stadens centrum finns det gott om alternativ f\u00f6r resen\u00e4rer p\u00e5 de omgivande gatorna.  <br\/>Bara 2 steg fr\u00e5n katedralen provade vi Caf\u00e9 Hierbabuena, d\u00e4r vi drack en uts\u00f6kt f\u00e4rsk apelsinjuice.<\/p>\n\n<h2 class=\"wp-block-heading\">F\u00e4stningsarkitektur: guidad visning av Almer\u00eda-katedralens exteri\u00f6r<\/h2>\n\n<p>Innan du p\u00e5b\u00f6rjar ditt bes\u00f6k rekommenderar vi att du tar dig tid att beundra katedralens exteri\u00f6r och alla de symboler som d\u00f6ljer sig inom dess v\u00e4ggar.<\/p>\n\n<h3 class=\"wp-block-heading\">En bef\u00e4st katedral<\/h3>\n\n<p>F\u00f6r att f\u00f6rst\u00e5 vad som g\u00f6r Inkarnationskatedralen s\u00e5 speciell m\u00e5ste vi titta p\u00e5 det historiska sammanhanget p\u00e5 1500-talet. Staden Almer\u00eda var ett l\u00e4tt m\u00e5l f\u00f6r Medelhavets pirater. Detta st\u00e4ndiga hot ledde till utformningen av en katedral, t\u00e4nkt som ett veritabelt bef\u00e4st tempel.<br\/>De s\u00e4rskilt tjocka f\u00f6rst\u00e4rkta v\u00e4ggarna och det enhetliga platta taket, som \u00e4r utformat f\u00f6r att rymma f\u00f6rsvarssystem, vittnar om denna skyddande funktion. Du kommer att bli imponerad av omr\u00e5det som omges av breda murar och kraftiga st\u00f6dmurar.<\/p>\n\n<figure class=\"wp-block-image size-large\"><img loading=\"lazy\" decoding=\"async\" src=\"https:\/\/photos.smugmug.com\/Andalucia-Lovers\/Almeria\/Cathedral\/i-ZZpZr2v\/0\/MqdX6j465Zt5gfjfxxGRRB7s9dWJkxkLSfskVK7zQ\/L\/cathedral-incarnation-almeria-20-L.jpg\" alt=\"Katedralen i Almer&#xED;a - &#xD6;versikt &#xF6;ver bef&#xE4;stningsverken\"\/><\/figure>\n\n<p>Den defensiva aspekten \u00e5terspeglas ocks\u00e5 i de fyra runda tornen i h\u00f6rnen, som en g\u00e5ng i tiden inhyste kanoner f\u00f6r att f\u00f6rsvara staden. Om du tittar noga p\u00e5 fasaderna ser du kreneleringar och embrasurer, riktiga kryph\u00e5l som skyddar den heliga platsen. Vi blev fascinerade av dessa ovanliga milit\u00e4ra inslag i en gudstj\u00e4nstlokal.<\/p>\n\n<figure class=\"wp-block-image size-large\"><img loading=\"lazy\" decoding=\"async\" src=\"https:\/\/photos.smugmug.com\/Andalucia-Lovers\/Almeria\/Cathedral\/i-ghbNSrR\/0\/LT9pvmCGzGZ7VgdcLBsptkzzb7jsfBWt3NNJcWbHW\/L\/cathedral-incarnation-almeria-17-L.jpg\" alt=\"Katedralen i Almer&#xED;a - &#xD6;versikt &#xF6;ver bef&#xE4;stningsverken\"\/><\/figure>\n\n<p>Denna defensiva inriktning \u00e5terspeglas ocks\u00e5 i den inre arkitekturen. Vi noterade avsaknaden av de traditionella glasm\u00e5lningarna, som ersatts av mer blygsamma \u00f6ppningar. \u00c4nnu mer \u00f6verraskande \u00e4r att de tre skeppen \u00e4r lika h\u00f6ga, till skillnad fr\u00e5n traditionella gotiska katedraler d\u00e4r det centrala skeppet \u00e4r h\u00f6gre. Det fanns rent pragmatiska sk\u00e4l till detta: det platta taket gav ett b\u00e4ttre skydd i h\u00e4ndelse av en attack.<\/p>\n\n<figure class=\"wp-block-image size-large\"><img loading=\"lazy\" decoding=\"async\" src=\"https:\/\/photos.smugmug.com\/Andalucia-Lovers\/Almeria\/Cathedral\/i-kDbwSxn\/0\/LzfZnfZMFqmffQrfLpBHBsHTb8Lp66wm8kKBhKMGh\/L\/cathedral-incarnation-almeria-18-L.jpg\" alt=\"Katedralen i Almer&#xED;a - Inre arkitektur\"\/><\/figure>\n\n<h3 class=\"wp-block-heading\">De olika fasaderna: ett s\u00e4tt att f\u00f6rsk\u00f6na f\u00e4stningen<\/h3>\n\n<p>N\u00e4r du har beskrivit katedralens defensiva egenskaper kan du rikta uppm\u00e4rksamheten mot de dekorativa detaljerna. Huvudportalen, ett stort arbete av Juan de Orea i mitten av 1500-talet, har ett antal sammanv\u00e4vda motiv. Kristna, marianska och till och med hedniska symboler samsas harmoniskt f\u00f6r att pryda fasaden, som en g\u00e5ng i tiden var katedralens entr\u00e9d\u00f6rr.<\/p>\n\n<figure class=\"wp-block-image size-large\"><img loading=\"lazy\" decoding=\"async\" src=\"https:\/\/photos.smugmug.com\/Andalucia-Lovers\/Almeria\/Cathedral\/i-w7pHgLr\/0\/MnCVj9SBCsR8sxC8LMt5LtsmZ8QjzbWnNN3vJj6Sc\/L\/cathedral-incarnation-almeria-21-L.jpg\" alt=\"Katedralen i Almer&#xED;a - Huvudfasad\"\/><figcaption class=\"wp-element-caption\">Huvudfasad<\/figcaption><\/figure>\n\n<p>Du kan sedan ta en titt p\u00e5 Pardon Gate, ocks\u00e5 den ritad av Juan de Orea och f\u00e4rdigst\u00e4lld 1569. Typiska ren\u00e4ssansdrag kombineras med antika arkitektoniska element: kolonner, pilastrar, skalformade nischer och olika listverk.  <\/p>\n\n<figure class=\"wp-block-image size-large\"><img loading=\"lazy\" decoding=\"async\" src=\"https:\/\/photos.smugmug.com\/Andalucia-Lovers\/Almeria\/Cathedral\/i-XjTmWzQ\/0\/LmfWR2NsD9nJPFw7dX9q2B4L4RrWcJGLTvxDMn2FZ\/L\/cathedral-incarnation-almeria-03-L.jpg\" alt=\"Katedralen i Almer&#xED;a - F&#xF6;rl&#xE5;telsens port\"\/><figcaption class=\"wp-element-caption\">Pardon Gate<\/figcaption><\/figure>\n\n<p>Det kvadratiska klocktornet i tv\u00e5 sektioner \u00e4r mer sobert men lika imponerande och fullbordar den monumentala ensemblen. H\u00e4r kan du se de \u00e5tta historiska klockorna, inklusive den \u00e4ldsta, klockstapelns klocka, som g\u00f6ts av Jos\u00e9 Corona 1781.<\/p>\n\n<figure class=\"wp-block-image size-large\"><img loading=\"lazy\" decoding=\"async\" src=\"https:\/\/photos.smugmug.com\/Andalucia-Lovers\/Almeria\/Cathedral\/i-ZXCgWrV\/0\/KcpLPbFxg88XXS8j9MRrvz4rh8szmvGFHfGWTFxpm\/L\/cathedral-incarnation-almeria-02-L.jpg\" alt=\"Katedralen i Almer&#xED;a - Klocktornet\"\/><\/figure>\n\n<h3 class=\"wp-block-heading\">Den monumentala neoklassiska klostret<\/h3>\n\n<p>Efter ditt bes\u00f6k i katedralens inre kommer du att bli glad \u00f6ver att uppt\u00e4cka klostret och dess 30 halvcirkelformade b\u00e5gar som vilar p\u00e5 kraftfulla joniska kolonner. Detta m\u00e4sterliga 1600-talsverk skapades av Juan Antonio Munar.<br\/>Det \u00e4r sv\u00e5rt att f\u00f6rest\u00e4lla sig, med tanke p\u00e5 denna lugnande syn, att klostret ursprungligen utformades som en vapenplats f\u00f6r att f\u00f6rst\u00e4rka den bef\u00e4sta karakt\u00e4ren hos inh\u00e4gnaden.  <br\/>Det var den enda f\u00f6rbindelsen med omv\u00e4rlden fr\u00e5n katedralen.<\/p>\n\n<figure class=\"wp-block-image size-large\"><img loading=\"lazy\" decoding=\"async\" src=\"https:\/\/photos.smugmug.com\/Andalucia-Lovers\/Almeria\/Cathedral\/i-zWCNLJv\/0\/LtR7h2BPdQdLm25Wd2qcHW7rzzNwMXnXNB6C9nB3B\/L\/cathedral-incarnation-almeria-19-L.jpg\" alt=\"Almer&#xED;as katedral - klostret\"\/><\/figure>\n\n<h2 class=\"wp-block-heading\">\u00d6verd\u00e5diga interi\u00f6rer: uppt\u00e4ck katedralens 3 skatter som m\u00e5ste ses<\/h2>\n\n<p>N\u00e4r du har beundrat kontrasten mellan f\u00e4stningens nykterhet och fasadernas utsmyckning kan du uppt\u00e4cka den flamboyanta inredningen i dess interi\u00f6rer.<\/p>\n\n<h3 class=\"wp-block-heading\">K\u00f6ren: ren\u00e4ssansm\u00e4sterverket i Almer\u00edas katedral<\/h3>\n\n<p>N\u00e4r du kommer in i katedralen kommer du rakt in i katedralens kor, eftersom den gamla ing\u00e5ngen nu \u00e4r st\u00e4ngd.  <br\/>Det var h\u00e4r som kanikerna brukade samlas f\u00f6r att l\u00e4sa upp \u00e4mbetet.<br\/>Du kommer garanterat att f\u00f6rundras \u00f6ver denna fint snidade skulptur i valn\u00f6tstr\u00e4, ett \u00e4kta ren\u00e4ssansm\u00e4sterverk av Juan de Orea.<br\/>Ta dig tid att beundra de tv\u00e5 raderna med stolar p\u00e5 tv\u00e5 niv\u00e5er: i de \u00f6vre b\u00e5sen finns ett galleri med helgon, profeter och martyrer, medan de nedre b\u00e5sen visar medaljonger med antropomorfa avbildningar som f\u00f6r tankarna till grekisk-latinsk konst. Sittplatserna skiljs \u00e5t av joniska pelare.<\/p>\n\n<figure class=\"wp-block-image size-large\"><img loading=\"lazy\" decoding=\"async\" src=\"https:\/\/photos.smugmug.com\/Andalucia-Lovers\/Almeria\/Cathedral\/i-WkxzNwq\/0\/M5pzKStZnqSHN8czVXkPDwCgkwGpJ58g9CGHgSXgm\/L\/cathedral-incarnation-almeria-09-L.jpg\" alt=\"Katedralen i Almer&#xED;a - vy &#xF6;ver koret\"\/><\/figure>\n\n<p><em>Trascoro<\/em> (bakre koret), som ritades av Ventura Rodr\u00edguez, \u00e4r ett fint exempel p\u00e5 1700-talets nyklassicistiska konst. Vi f\u00e4ngslades av den harmoni som utstr\u00e5lar fr\u00e5n detta komplex, d\u00e4r en magnifik obefl\u00e4ckad avlelse i ren marmor upptar den centrala nischen, \u00e5tf\u00f6ljd av statyerna av Santo Domingo de Guzm\u00e1n och San Juan Nepomuceno.<br\/>P\u00e5 hyllan strax ovanf\u00f6r finns en medaljong med Gud omgiven av tv\u00e5 bedjande \u00e4nglar och ett kors.<br\/>Tycker du inte att pelarnas placering och materialens f\u00e4rgblandning (marmor, jaspis, alabaster) ger helheten en stor portion elegans?<br\/>P\u00e5 det smidda r\u00e4cket finns en inskription fr\u00e5n H\u00f6ga Visan (&#8221;Du \u00e4r vacker, min v\u00e4n, det finns inget fel p\u00e5 dig&#8221;) som syftar p\u00e5 Jungfru Maria.<\/p>\n\n<figure class=\"wp-block-image size-large\"><img loading=\"lazy\" decoding=\"async\" src=\"https:\/\/photos.smugmug.com\/Andalucia-Lovers\/Almeria\/Cathedral\/i-SDfgchw\/0\/K3xfL3vqc4zLmxkTnD4NCJgzbDt3KBtqfsskcg9pL\/L\/cathedral-incarnation-almeria-07-L.jpg\" alt=\"Katedralen i Almer&#xED;a - Ren&#xE4;ssansk&#xF6;ren\"\/><\/figure>\n\n<h3 class=\"wp-block-heading\">Det stora kapellet \u00e4r fullt av<\/h3>\n\n<p>Strax bakom koret ligger huvudkapellet, som \u00e4r sammanl\u00e4nkat med ambulatoriet genom 5 halvcirkelformade valv. Denna egenskap hos \u00f6sterl\u00e4ndska katedraler g\u00f6r att det heliga sakramentet kan tillbedjas fr\u00e5n alla vinklar.<br\/>Titta upp: ovanf\u00f6r marmoraltaret finns en serie m\u00e5lningar och reliefskulpturer som skildrar Kristi liv.<br\/><br\/>Den f\u00f6rsta niv\u00e5n representerar tillbedjan, medan den andra representerar Golgata.<br\/>Den centrala panelen har en anm\u00e4rkningsv\u00e4rd relief som skildrar Kristi inkarnation i Maria, som anses vara ett verk av Granada-m\u00e4staren Pablo de Rojas. Kalvariet ovanf\u00f6r f\u00f6rest\u00e4ller Kristus p\u00e5 korset av Jer\u00f3nimo Quijano, en pionj\u00e4r inom ren\u00e4ssansskulpturen i Spanien.<\/p>\n\n<figure class=\"wp-block-image size-large\"><img loading=\"lazy\" decoding=\"async\" src=\"https:\/\/photos.smugmug.com\/Andalucia-Lovers\/Almeria\/Cathedral\/i-CxPwWjV\/0\/K82Jk8r4wvjknNH78CKqVQ4mv7rH5R7qHKGdxjZ3C\/L\/cathedral-incarnation-almeria-10-L.jpg\" alt=\"Almer&#xED;a-katedralen - Huvudkapellet, detalj av m&#xE5;lningarna\"\/><\/figure>\n\n<p>N\u00e4r du har tittat n\u00e4rmare p\u00e5 kapellets tak kan du dr\u00f6ja dig kvar vid det imponerande tabernaklet i alabaster, jaspis och marmor, som ritades av Ventura Rodr\u00edguez.<br\/>Detta neoklassiska verk i form av en baldakin skapades 1775.<br\/>Ta en titt p\u00e5 den monumentala strukturen, inramad av dubbla korintiska pelare och kr\u00f6nt av en rikt dekorerad kupol.<br\/>Du kommer inte att veta vart du ska v\u00e4nda dig med alla allegoriska och hagiografiska figurer som pryder helheten: helgon, evangelister, l\u00e4kare och profeter samsas om utrymmet. Under altaret finns en silverurna med relikerna efter biskopen som grundade denna &#8221;andra katedral&#8221;, Fray Diego Fern\u00e1ndez de Villal\u00e1n.<\/p>\n\n<figure class=\"wp-block-image size-large\"><img loading=\"lazy\" decoding=\"async\" src=\"https:\/\/photos.smugmug.com\/Andalucia-Lovers\/Almeria\/Cathedral\/i-tfchNXZ\/0\/KqkdQFvrnwTMZN5HncVmSZKz2k7HFjdM78VVtP5b3\/L\/almeria-cathedral-1-L.jpg\" alt=\"Katedralen i Almer&#xED;a - Huvudkapellet\"\/><\/figure>\n\n<h3 class=\"wp-block-heading\">Sakristian<\/h3>\n\n<p>Slutligen \u00e4r huvudsakristian ett av de mest prestigefyllda omr\u00e5dena i katedralen, en sann juvel av ren\u00e4ssanskonst i s\u00f6dra Spanien.<br\/>Den ritades p\u00e5 1500-talet av Juan de Orea som en plats f\u00f6r f\u00f6rberedelser av religi\u00f6sa ministrar och dess arkitektur kombinerar perfekt funktion och sk\u00f6nhet.<br\/>Du kommer att f\u00f6rf\u00f6ras av den ren\u00e4ssansklassicism som enhetligt t\u00e4cker hela omkretsen, fr\u00e5n basen till tunnvalvet som \u00e4r uppdelat i tre sektioner.  <\/p>\n\n<figure class=\"wp-block-image size-large\"><img loading=\"lazy\" decoding=\"async\" src=\"https:\/\/photos.smugmug.com\/Andalucia-Lovers\/Almeria\/Cathedral\/i-Xf5jb6v\/0\/KbX3xH2zKpSJ7HSLGH2HRnTN5rKNQ2tJXNfpC8Wjk\/L\/cathedral-incarnation-almeria-12-L.jpg\" alt=\"Katedralen i Almer&#xED;a - Sakristian\"\/><\/figure>\n\n<p>Observera b\u00e5garna, de antropomorfa bysterna och andra dekorativa motiv (\u00e4nglar, blommor, drakar) som pryder utrymmet. En anm\u00e4rkningsv\u00e4rd samling m\u00e5lningar f\u00f6rest\u00e4llande Herdarnas tillbedjan (olja p\u00e5 koppar fr\u00e5n 1600-talet) kompletterar den traditionella inredningen med byr\u00e5er, speglar och det centrala bordet i marmor.<\/p>\n\n<figure class=\"wp-block-image size-large\"><img loading=\"lazy\" decoding=\"async\" src=\"https:\/\/photos.smugmug.com\/Andalucia-Lovers\/Almeria\/Cathedral\/i-ThS3x4v\/0\/LkFq6cPMhVGs9W7h4GHRrkVnrtDC2PZBnVtS9TChN\/L\/cathedral-incarnation-almeria-22-L.jpg\" alt=\"Katedralen i Almer&#xED;a - Sakristian\"\/><\/figure>\n\n<div style=\"background-color:#fefefe;margin-top:6%;margin-bottom:6%\" class=\"wp-block-genesis-blocks-gb-container box gb-block-container\"><div class=\"gb-container-inside\"><div class=\"gb-container-content\" style=\"max-width:700px\">\n<div class=\"wp-block-columns inverse is-layout-flex wp-container-core-columns-is-layout-9d6595d7 wp-block-columns-is-layout-flex\">\n<div class=\"wp-block-column texte_planif is-layout-flow wp-block-column-is-layout-flow\" style=\"flex-basis:58%\">\n<h5 class=\"titre_box\">Ta emot v\u00e5rt <span class=\"titre_box_manuscrit\">nyhetsbrev<\/span><\/h5>\n\n\n\n<ul class=\"wp-block-list\">\n<li>En frisk fl\u00e4kt i ditt dagliga liv p\u00e5 de vackra destinationerna i Region Lovers!<\/li>\n\n\n\n<li>En g\u00e5ng i m\u00e5naden<\/li>\n\n\n\n<li>Reklamfri<\/li>\n<\/ul>\n\n\n<script>\nvar gform;gform||(document.addEventListener(\"gform_main_scripts_loaded\",function(){gform.scriptsLoaded=!0}),document.addEventListener(\"gform\/theme\/scripts_loaded\",function(){gform.themeScriptsLoaded=!0}),window.addEventListener(\"DOMContentLoaded\",function(){gform.domLoaded=!0}),gform={domLoaded:!1,scriptsLoaded:!1,themeScriptsLoaded:!1,isFormEditor:()=>\"function\"==typeof InitializeEditor,callIfLoaded:function(o){return!(!gform.domLoaded||!gform.scriptsLoaded||!gform.themeScriptsLoaded&&!gform.isFormEditor()||(gform.isFormEditor()&&console.warn(\"The use of gform.initializeOnLoaded() is deprecated in the form editor context and will be removed in Gravity Forms 3.1.\"),o(),0))},initializeOnLoaded:function(o){gform.callIfLoaded(o)||(document.addEventListener(\"gform_main_scripts_loaded\",()=>{gform.scriptsLoaded=!0,gform.callIfLoaded(o)}),document.addEventListener(\"gform\/theme\/scripts_loaded\",()=>{gform.themeScriptsLoaded=!0,gform.callIfLoaded(o)}),window.addEventListener(\"DOMContentLoaded\",()=>{gform.domLoaded=!0,gform.callIfLoaded(o)}))},hooks:{action:{},filter:{}},addAction:function(o,r,e,t){gform.addHook(\"action\",o,r,e,t)},addFilter:function(o,r,e,t){gform.addHook(\"filter\",o,r,e,t)},doAction:function(o){gform.doHook(\"action\",o,arguments)},applyFilters:function(o){return gform.doHook(\"filter\",o,arguments)},removeAction:function(o,r){gform.removeHook(\"action\",o,r)},removeFilter:function(o,r,e){gform.removeHook(\"filter\",o,r,e)},addHook:function(o,r,e,t,n){null==gform.hooks[o][r]&&(gform.hooks[o][r]=[]);var d=gform.hooks[o][r];null==n&&(n=r+\"_\"+d.length),gform.hooks[o][r].push({tag:n,callable:e,priority:t=null==t?10:t})},doHook:function(r,o,e){var t;if(e=Array.prototype.slice.call(e,1),null!=gform.hooks[r][o]&&((o=gform.hooks[r][o]).sort(function(o,r){return o.priority-r.priority}),o.forEach(function(o){\"function\"!=typeof(t=o.callable)&&(t=window[t]),\"action\"==r?t.apply(null,e):e[0]=t.apply(null,e)})),\"filter\"==r)return e[0]},removeHook:function(o,r,t,n){var e;null!=gform.hooks[o][r]&&(e=(e=gform.hooks[o][r]).filter(function(o,r,e){return!!(null!=n&&n!=o.tag||null!=t&&t!=o.priority)}),gform.hooks[o][r]=e)}});\n<\/script>\n\n                <div class='gf_browser_gecko gform_wrapper gform-theme gform-theme--foundation gform-theme--framework gform-theme--orbital waitlist_wrapper' data-form-theme='orbital' data-form-index='0' id='gform_wrapper_2' ><style>#gform_wrapper_2[data-form-index=\"0\"].gform-theme,[data-parent-form=\"2_0\"]{--gf-color-primary: #204ce5;--gf-color-primary-rgb: 32, 76, 229;--gf-color-primary-contrast: #fff;--gf-color-primary-contrast-rgb: 255, 255, 255;--gf-color-primary-darker: #001AB3;--gf-color-primary-lighter: #527EFF;--gf-color-secondary: #fff;--gf-color-secondary-rgb: 255, 255, 255;--gf-color-secondary-contrast: #112337;--gf-color-secondary-contrast-rgb: 17, 35, 55;--gf-color-secondary-darker: #F5F5F5;--gf-color-secondary-lighter: #FFFFFF;--gf-color-out-ctrl-light: rgba(17, 35, 55, 0.1);--gf-color-out-ctrl-light-rgb: 17, 35, 55;--gf-color-out-ctrl-light-darker: rgba(104, 110, 119, 0.35);--gf-color-out-ctrl-light-lighter: #F5F5F5;--gf-color-out-ctrl-dark: #585e6a;--gf-color-out-ctrl-dark-rgb: 88, 94, 106;--gf-color-out-ctrl-dark-darker: #112337;--gf-color-out-ctrl-dark-lighter: rgba(17, 35, 55, 0.65);--gf-color-in-ctrl: #fff;--gf-color-in-ctrl-rgb: 255, 255, 255;--gf-color-in-ctrl-contrast: #112337;--gf-color-in-ctrl-contrast-rgb: 17, 35, 55;--gf-color-in-ctrl-darker: #F5F5F5;--gf-color-in-ctrl-lighter: #FFFFFF;--gf-color-in-ctrl-primary: #204ce5;--gf-color-in-ctrl-primary-rgb: 32, 76, 229;--gf-color-in-ctrl-primary-contrast: #fff;--gf-color-in-ctrl-primary-contrast-rgb: 255, 255, 255;--gf-color-in-ctrl-primary-darker: #001AB3;--gf-color-in-ctrl-primary-lighter: #527EFF;--gf-color-in-ctrl-light: rgba(17, 35, 55, 0.1);--gf-color-in-ctrl-light-rgb: 17, 35, 55;--gf-color-in-ctrl-light-darker: rgba(104, 110, 119, 0.35);--gf-color-in-ctrl-light-lighter: #F5F5F5;--gf-color-in-ctrl-dark: #585e6a;--gf-color-in-ctrl-dark-rgb: 88, 94, 106;--gf-color-in-ctrl-dark-darker: #112337;--gf-color-in-ctrl-dark-lighter: rgba(17, 35, 55, 0.65);--gf-radius: 3px;--gf-font-size-secondary: 14px;--gf-font-size-tertiary: 13px;--gf-icon-ctrl-number: url(\"data:image\/svg+xml,%3Csvg width='8' height='14' viewBox='0 0 8 14' fill='none' xmlns='http:\/\/www.w3.org\/2000\/svg'%3E%3Cpath fill-rule='evenodd' clip-rule='evenodd' d='M4 0C4.26522 5.96046e-08 4.51957 0.105357 4.70711 0.292893L7.70711 3.29289C8.09763 3.68342 8.09763 4.31658 7.70711 4.70711C7.31658 5.09763 6.68342 5.09763 6.29289 4.70711L4 2.41421L1.70711 4.70711C1.31658 5.09763 0.683417 5.09763 0.292893 4.70711C-0.0976311 4.31658 -0.097631 3.68342 0.292893 3.29289L3.29289 0.292893C3.48043 0.105357 3.73478 0 4 0ZM0.292893 9.29289C0.683417 8.90237 1.31658 8.90237 1.70711 9.29289L4 11.5858L6.29289 9.29289C6.68342 8.90237 7.31658 8.90237 7.70711 9.29289C8.09763 9.68342 8.09763 10.3166 7.70711 10.7071L4.70711 13.7071C4.31658 14.0976 3.68342 14.0976 3.29289 13.7071L0.292893 10.7071C-0.0976311 10.3166 -0.0976311 9.68342 0.292893 9.29289Z' fill='rgba(17, 35, 55, 0.65)'\/%3E%3C\/svg%3E\");--gf-icon-ctrl-select: url(\"data:image\/svg+xml,%3Csvg width='10' height='6' viewBox='0 0 10 6' fill='none' xmlns='http:\/\/www.w3.org\/2000\/svg'%3E%3Cpath fill-rule='evenodd' clip-rule='evenodd' d='M0.292893 0.292893C0.683417 -0.097631 1.31658 -0.097631 1.70711 0.292893L5 3.58579L8.29289 0.292893C8.68342 -0.0976311 9.31658 -0.0976311 9.70711 0.292893C10.0976 0.683417 10.0976 1.31658 9.70711 1.70711L5.70711 5.70711C5.31658 6.09763 4.68342 6.09763 4.29289 5.70711L0.292893 1.70711C-0.0976311 1.31658 -0.0976311 0.683418 0.292893 0.292893Z' fill='rgba(17, 35, 55, 0.65)'\/%3E%3C\/svg%3E\");--gf-icon-ctrl-search: url(\"data:image\/svg+xml,%3Csvg width='640' height='640' xmlns='http:\/\/www.w3.org\/2000\/svg'%3E%3Cpath d='M256 128c-70.692 0-128 57.308-128 128 0 70.691 57.308 128 128 128 70.691 0 128-57.309 128-128 0-70.692-57.309-128-128-128zM64 256c0-106.039 85.961-192 192-192s192 85.961 192 192c0 41.466-13.146 79.863-35.498 111.248l154.125 154.125c12.496 12.496 12.496 32.758 0 45.254s-32.758 12.496-45.254 0L367.248 412.502C335.862 434.854 297.467 448 256 448c-106.039 0-192-85.962-192-192z' fill='rgba(17, 35, 55, 0.65)'\/%3E%3C\/svg%3E\");--gf-label-space-y-secondary: var(--gf-label-space-y-md-secondary);--gf-ctrl-border-color: #686e77;--gf-ctrl-size: var(--gf-ctrl-size-md);--gf-ctrl-label-color-primary: #112337;--gf-ctrl-label-color-secondary: #112337;--gf-ctrl-choice-size: var(--gf-ctrl-choice-size-md);--gf-ctrl-checkbox-check-size: var(--gf-ctrl-checkbox-check-size-md);--gf-ctrl-radio-check-size: var(--gf-ctrl-radio-check-size-md);--gf-ctrl-btn-font-size: var(--gf-ctrl-btn-font-size-md);--gf-ctrl-btn-padding-x: var(--gf-ctrl-btn-padding-x-md);--gf-ctrl-btn-size: var(--gf-ctrl-btn-size-md);--gf-ctrl-btn-border-color-secondary: #686e77;--gf-ctrl-file-btn-bg-color-hover: #EBEBEB;--gf-field-img-choice-size: var(--gf-field-img-choice-size-md);--gf-field-img-choice-card-space: var(--gf-field-img-choice-card-space-md);--gf-field-img-choice-check-ind-size: var(--gf-field-img-choice-check-ind-size-md);--gf-field-img-choice-check-ind-icon-size: var(--gf-field-img-choice-check-ind-icon-size-md);--gf-field-pg-steps-number-color: rgba(17, 35, 55, 0.8);}<\/style>\n                        <div class='gform_heading'>\n                            <p class='gform_description'><\/p>\n                        <\/div><form method='post' enctype='multipart\/form-data'  id='gform_2' class='waitlist' action='\/sv\/wp-json\/wp\/v2\/posts\/3908' data-formid='2' novalidate>\n                        <div class='gform-body gform_body'><div id='gform_fields_2' class='gform_fields top_label form_sublabel_below description_below validation_below'><div id=\"field_2_1\" class=\"gfield gfield--type-email gfield--input-type-email gfield_contains_required field_sublabel_below gfield--no-description field_description_below hidden_label field_validation_below gfield_visibility_visible\"  ><label class='gfield_label gform-field-label' for='input_2_1'>E-mail<span class=\"gfield_required\"><span class=\"gfield_required gfield_required_text\">(Obligatoriskt)<\/span><\/span><\/label><div class='ginput_container ginput_container_email'>\n                            <input name='input_1' id='input_2_1' type='email' value='' class='large'    aria-required=\"true\" aria-invalid=\"false\"  \/>\n                        <\/div><\/div><fieldset id=\"field_2_3\" class=\"gfield gfield--type-consent gfield--type-choice gfield--input-type-consent gfield--width-full gfield_contains_required field_sublabel_below gfield--no-description field_description_below hidden_label field_validation_below gfield_visibility_visible\"  ><legend class='gfield_label gform-field-label gfield_label_before_complex' >RGPD<span class=\"gfield_required\"><span class=\"gfield_required gfield_required_text\">(Obligatoriskt)<\/span><\/span><\/legend><div class='ginput_container ginput_container_consent'><input name='input_3.1' id='input_2_3_1' type='checkbox' value='1'   aria-required=\"true\" aria-invalid=\"false\"   \/> <label class=\"gform-field-label gform-field-label--type-inline gfield_consent_label\" for='input_2_3_1' >Ja, jag vill prenumerera p\u00e5 det m\u00e5natliga nyhetsbrevet<span class=\"gfield_required gfield_required_text\">(Obligatoriskt)<\/span><\/label><input type='hidden' name='input_3.2' value='Ja, jag vill prenumerera p\u00e5 det m\u00e5natliga nyhetsbrevet' class='gform_hidden' \/><input type='hidden' name='input_3.3' value='1' class='gform_hidden' \/><\/div><\/fieldset><div id=\"field_2_4\" class=\"gfield gfield--type-website gfield--input-type-website gfield--width-full field_sublabel_below gfield--no-description field_description_below field_validation_below gfield_visibility_hidden\"  ><div class=\"admin-hidden-markup\"><i class=\"gform-icon gform-icon--hidden\" aria-hidden=\"true\" title=\"Detta f\u00e4lt \u00e4r dolt n\u00e4r formul\u00e4ret visas\"><\/i><span>Detta f\u00e4lt \u00e4r dolt n\u00e4r formul\u00e4ret visas<\/span><\/div><label class='gfield_label gform-field-label' for='input_2_4'>Site Web<\/label><div class='ginput_container ginput_container_website'>\n                    <input name='input_4' id='input_2_4' type='url' value='https:\/\/andalucialovers.com\/sv\/wp-json\/wp\/v2\/posts\/3908' class='large'    placeholder='https:\/\/'  aria-invalid=\"false\" \/>\n                <\/div><\/div><\/div><\/div>\n        <div class='gform-footer gform_footer top_label'> <input type='submit' id='gform_submit_button_2' class='gform_button button' onclick='gform.submission.handleButtonClick(this);' data-submission-type='submit' value='Prenumerera'  \/> \n            <input type='hidden' class='gform_hidden' name='gform_submission_method' data-js='gform_submission_method_2' value='postback' \/>\n            <input type='hidden' class='gform_hidden' name='gform_theme' data-js='gform_theme_2' id='gform_theme_2' value='orbital' \/>\n            <input type='hidden' class='gform_hidden' name='gform_style_settings' data-js='gform_style_settings_2' id='gform_style_settings_2' value='{&quot;inputPrimaryColor&quot;:&quot;#204ce5&quot;}' \/>\n            <input type='hidden' class='gform_hidden' name='is_submit_2' value='1' \/>\n            <input type='hidden' class='gform_hidden' name='gform_submit' value='2' \/>\n            \n            <input type='hidden' class='gform_hidden' name='gform_currency' data-currency='EUR' value='xa9FKhf8R4LYuZodz6VTHFRr\/gOTSHYGBAKF5Qf414QQjoexWxyIh0ltzgELADF4YkjP2M2D+6Zn83IA+34mLy8VcpjflshIpwSVVK7df9o17KU=' \/>\n            <input type='hidden' class='gform_hidden' name='gform_unique_id' value='' \/>\n            <input type='hidden' class='gform_hidden' name='state_2' value='WyJ7XCIzLjFcIjpcImFiMWYyZTEyMGRiNDNhMTEzMGI1YWIyYTNiZGQ5Mjg5XCIsXCIzLjJcIjpcImFlNWU3YWFjYjMyZWMzMWQ4YzU2MjA0NTk0M2NhZmE4XCIsXCIzLjNcIjpcImFiMWYyZTEyMGRiNDNhMTEzMGI1YWIyYTNiZGQ5Mjg5XCJ9IiwiYjg2NDg4ZWJkOTRiNmQ1ZGM4Y2FlNzlhOWNkZmJlYzEiXQ==' \/>\n            <input type='hidden' autocomplete='off' class='gform_hidden' name='gform_target_page_number_2' id='gform_target_page_number_2' value='0' \/>\n            <input type='hidden' autocomplete='off' class='gform_hidden' name='gform_source_page_number_2' id='gform_source_page_number_2' value='1' \/>\n            <input type='hidden' name='gform_field_values' value='' \/>\n            \n        <\/div>\n                        <\/form>\n                        <\/div><script>\ngform.initializeOnLoaded( function() {gformInitSpinner( 2, 'https:\/\/andalucialovers.com\/wp-content\/plugins\/gravityforms\/images\/spinner.svg', false );jQuery('#gform_ajax_frame_2').on('load',function(){var contents = jQuery(this).contents().find('*').html();var is_postback = contents.indexOf('GF_AJAX_POSTBACK') >= 0;if(!is_postback){return;}var form_content = jQuery(this).contents().find('#gform_wrapper_2');var is_confirmation = jQuery(this).contents().find('#gform_confirmation_wrapper_2').length > 0;var is_redirect = contents.indexOf('gformRedirect(){') >= 0;var is_form = form_content.length > 0 && ! is_redirect && ! is_confirmation;var mt = parseInt(jQuery('html').css('margin-top'), 10) + parseInt(jQuery('body').css('margin-top'), 10) + 100;if(is_form){jQuery('#gform_wrapper_2').html(form_content.html());if(form_content.hasClass('gform_validation_error')){jQuery('#gform_wrapper_2').addClass('gform_validation_error');} else {jQuery('#gform_wrapper_2').removeClass('gform_validation_error');}setTimeout( function() { \/* delay the scroll by 50 milliseconds to fix a bug in chrome *\/  }, 50 );if(window['gformInitDatepicker']) {gformInitDatepicker();}if(window['gformInitPriceFields']) {gformInitPriceFields();}var current_page = jQuery('#gform_source_page_number_2').val();gformInitSpinner( 2, 'https:\/\/andalucialovers.com\/wp-content\/plugins\/gravityforms\/images\/spinner.svg', false );jQuery(document).trigger('gform_page_loaded', [2, current_page]);window['gf_submitting_2'] = false;}else if(!is_redirect){var confirmation_content = jQuery(this).contents().find('.GF_AJAX_POSTBACK').html();if(!confirmation_content){confirmation_content = contents;}jQuery('#gform_wrapper_2').replaceWith(confirmation_content);jQuery(document).trigger('gform_confirmation_loaded', [2]);window['gf_submitting_2'] = false;wp.a11y.speak(jQuery('#gform_confirmation_message_2').text());}else{jQuery('#gform_2').append(contents);if(window['gformRedirect']) {gformRedirect();}}jQuery(document).trigger(\"gform_pre_post_render\", [{ formId: \"2\", currentPage: \"current_page\", abort: function() { this.preventDefault(); } }]);        if (event && event.defaultPrevented) {                return;        }        const gformWrapperDiv = document.getElementById( \"gform_wrapper_2\" );        if ( gformWrapperDiv ) {            const visibilitySpan = document.createElement( \"span\" );            visibilitySpan.id = \"gform_visibility_test_2\";            gformWrapperDiv.insertAdjacentElement( \"afterend\", visibilitySpan );        }        const visibilityTestDiv = document.getElementById( \"gform_visibility_test_2\" );        let postRenderFired = false;        function triggerPostRender() {            if ( postRenderFired ) {                return;            }            postRenderFired = true;            gform.core.triggerPostRenderEvents( 2, current_page );            if ( visibilityTestDiv ) {                visibilityTestDiv.parentNode.removeChild( visibilityTestDiv );            }        }        function debounce( func, wait, immediate ) {            var timeout;            return function() {                var context = this, args = arguments;                var later = function() {                    timeout = null;                    if ( !immediate ) func.apply( context, args );                };                var callNow = immediate && !timeout;                clearTimeout( timeout );                timeout = setTimeout( later, wait );                if ( callNow ) func.apply( context, args );            };        }        const debouncedTriggerPostRender = debounce( function() {            triggerPostRender();        }, 200 );        if ( visibilityTestDiv && visibilityTestDiv.offsetParent === null ) {            const observer = new MutationObserver( ( mutations ) => {                mutations.forEach( ( mutation ) => {                    if ( mutation.type === 'attributes' && visibilityTestDiv.offsetParent !== null ) {                        debouncedTriggerPostRender();                        observer.disconnect();                    }                });            });            observer.observe( document.body, {                attributes: true,                childList: false,                subtree: true,                attributeFilter: [ 'style', 'class' ],            });        } else {            triggerPostRender();        }    } );} );\n<\/script>\n<\/div>\n\n\n\n<div class=\"wp-block-column is-layout-flow wp-block-column-is-layout-flow\" style=\"flex-basis:42%\">\n<div class=\"wp-block-genesis-blocks-gb-container aligncenter newsletter-radius gb-block-container\"><div class=\"gb-container-inside\"><div class=\"gb-container-content\"><div class=\"wp-block-image newsletter-image\">\n<figure class=\"aligncenter size-full\"><img width=\"729\" height=\"792\" loading=\"lazy\" decoding=\"async\" src=\"https:\/\/andalucialovers.com\/wp-content\/uploads\/2024\/05\/newsletter_FR_2.webp\" alt=\"nyhetsbrev_EN_2\" class=\"wp-image-372\" srcset=\"https:\/\/andalucialovers.com\/wp-content\/uploads\/2024\/05\/newsletter_FR_2.webp 729w, https:\/\/andalucialovers.com\/wp-content\/uploads\/2024\/05\/newsletter_FR_2-276x300.webp 276w\" sizes=\"auto, (max-width: 729px) 100vw, 729px\" \/><\/figure>\n<\/div><\/div><\/div><\/div>\n<\/div>\n<\/div>\n<\/div><\/div><\/div>\n\n<h2 class=\"wp-block-heading\">Vanliga fr\u00e5gor och svar<\/h2>\n\n<h3 class=\"wp-block-heading\">Vilka konstverk kan du se i Almer\u00edas katedral?<\/h3>\n\n<p>F\u00f6rutom de sev\u00e4rdheter som n\u00e4mns i den h\u00e4r artikeln finns det i kapellen ett stort antal heliga konstverk.<br\/>Vi rekommenderar ocks\u00e5 att du tar en titt p\u00e5 Joseph Antulinies m\u00e5lning av den obefl\u00e4ckade avlelsen (1670) i l\u00e5nghuset till v\u00e4nster om <em>trascoron<\/em>. Vi tyckte ocks\u00e5 s\u00e4rskilt mycket om trompe l&#8217;oeilen p\u00e5 orgeln (fr\u00e5n 1775). Bredvid kapitelhuset finns ocks\u00e5 ett litet museum som \u00e4r v\u00e4l v\u00e4rt ett bes\u00f6k.<\/p>\n\n<figure class=\"wp-block-image size-large\"><img loading=\"lazy\" decoding=\"async\" src=\"https:\/\/photos.smugmug.com\/Andalucia-Lovers\/Almeria\/Cathedral\/i-NjGg9jb\/0\/Lbr84sP3V3f8B6ZMw6d4wrnZNVPTWdvvmTZP2WBCh\/L\/cathedral-incarnation-almeria-15-L.jpg\" alt=\"Katedralen i Almer&#xED;a - Museum  \"\/><\/figure>\n\n<h3 class=\"wp-block-heading\">\u00c4r katedralen fortfarande en plats f\u00f6r gudstj\u00e4nst?<\/h3>\n\n<p>Ja, Almer\u00eda-katedralen \u00e4r fortfarande en aktiv katolsk gudstj\u00e4nstlokal. Du hittar schemat f\u00f6r gudstj\u00e4nster och firanden p\u00e5 den officiella webbplatsen <a href=\"https:\/\/catedralalmeria.com\/actividades-pastorales-y-liturgicas\/\" target=\"_blank\" rel=\"noreferrer noopener nofollow\">h\u00e4r.<\/a><\/p>\n\n<h3 class=\"wp-block-heading\">Vad \u00e4r Almerias emblem?<\/h3>\n\n<p>Missa inte<em> Portocarrero-solen<\/em> i katedralens absid. Denna basrelief med ett antropomorfiskt ansikte pryds av band och pryder v\u00e4ggen som omger den helige Kristi kapell. \u00c4ven om det \u00e4r \u00e4ldre \u00e4n biskop Portocarreros tid har den folkliga traditionen gett det detta namn, som anv\u00e4nds \u00e4n idag. Idag \u00e4r den en symbol f\u00f6r staden!<\/p>\n\n<figure class=\"wp-block-image size-large\"><img loading=\"lazy\" decoding=\"async\" src=\"https:\/\/photos.smugmug.com\/Andalucia-Lovers\/Almeria\/Cathedral\/i-HBt99Dd\/0\/NjV8qQwvfqgVqcpBXLb7XVwckJ97ZT4vJ85wbQrXq\/L\/cathedral-incarnation-almeria-16-L.jpg\" alt=\"Katedralen i Almer&#xED;a - Fasader och arkitektoniska stilar\"\/><\/figure>\n\n<div style=\"margin-top:8%;margin-bottom:8%\" class=\"wp-block-genesis-blocks-gb-container box gb-block-container\"><div class=\"gb-container-inside\"><div class=\"gb-container-content\" style=\"max-width:700px\">\n<div class=\"wp-block-genesis-blocks-gb-container box_titre gb-block-container\"><div class=\"gb-container-inside\"><div class=\"gb-container-content\">\n<h5 class=\"titre_box\"><span>PLANERA DIN RESA TILL <\/span><span class=\"titre_box_manuscrit\">Andalusien<\/span><\/h5>\n<\/div><\/div><\/div>\n\n\n\n<hr class=\"wp-block-separator has-text-color has-alpha-channel-opacity has-background is-style-wide hr-box-planif\" style=\"background-color:#ccd3dd;color:#ccd3dd\"\/>\n\n\n\n<div class=\"wp-block-genesis-blocks-gb-container gb-block-container\"><div class=\"gb-container-inside\"><div class=\"gb-container-content\">\n<div class=\"wp-block-columns box_sans_border is-layout-flex wp-container-core-columns-is-layout-9d6595d7 wp-block-columns-is-layout-flex\">\n<div class=\"wp-block-column texte_planif is-layout-flow wp-block-column-is-layout-flow\" style=\"flex-basis:60%\">\n<p class=\"soustitre_planif\"><strong>Inspiration<\/strong><\/p>\n\n\n\n<ul class=\"wp-block-list\">\n<li style=\"font-size:14px\"><a href=\"https:\/\/andalucialovers.com\/sv\/sevardheter-andalusien-att-gora\/\" target=\"_blank\" rel=\"noreferrer noopener\">Vad man kan g\u00f6ra i Andalusien<\/a><\/li>\n\n\n\n<li style=\"font-size:14px\"><a href=\"https:\/\/andalucialovers.com\/sv\/basta-staderna-andalusien\/\" target=\"_blank\" rel=\"noreferrer noopener\">De vackraste st\u00e4derna<\/a><\/li>\n\n\n\n<li style=\"font-size:14px\"><a href=\"https:\/\/andalucialovers.com\/sv\/basta-stranderna-andalusien-listan\/\" target=\"_blank\" rel=\"noreferrer noopener\">De vackraste str\u00e4nderna<\/a><\/li>\n\n\n\n<li style=\"font-size:14px\"><a href=\"https:\/\/andalucialovers.com\/sv\/basta-vita-byarna-andalusien\/\" target=\"_blank\" rel=\"noreferrer noopener\">De vackraste vita byarna<\/a><\/li>\n\n\n\n<li style=\"font-size:14px\"><a href=\"https:\/\/andalucialovers.com\/sv\/katedraler-andalusien\/\" target=\"_blank\" rel=\"noreferrer noopener\">Katedralerna<\/a><\/li>\n\n\n\n<li style=\"font-size:14px\"><a href=\"https:\/\/andalucialovers.com\/sv\/arkeologiska-utgravningar-andalusien-ruiner\/\" target=\"_blank\" rel=\"noreferrer noopener\">Arkeologiska platser<\/a><\/li>\n\n\n\n<li style=\"font-size:14px\"><a data-type=\"post\" data-id=\"2221\" href=\"https:\/\/andalucialovers.com\/sv\/cordoba-eller-sevilla-eller-granada\/\" target=\"_blank\" rel=\"noreferrer noopener\">Sevilla, Cordoba eller Granada?<\/a><\/li>\n\n\n\n<li style=\"font-size:14px\"><a href=\"https:\/\/andalucialovers.com\/sv\/basta-museerna-andalusien\/\" target=\"_blank\" rel=\"noreferrer noopener\">B\u00e4sta museerna<\/a><\/li>\n\n\n\n<li style=\"font-size:14px\"><a href=\"https:\/\/andalucialovers.com\/sv\/basta-slotten-palatsen-andalusien\/\" target=\"_blank\" rel=\"noreferrer noopener\">Slott och palats<\/a><\/li>\n\n\n\n<li style=\"font-size:14px\"><a href=\"https:\/\/andalucialovers.com\/sv\/andalusien-gomda-parlor-hemliga-platser\/\" target=\"_blank\" rel=\"noreferrer noopener\">Hemliga platser<\/a><\/li>\n<\/ul>\n<\/div>\n\n\n\n<div class=\"wp-block-column is-vertically-aligned-top planif-radius is-layout-flow wp-block-column-is-layout-flow\" style=\"flex-basis:40%\">\n<figure class=\"wp-block-image size-large img-portrait\"><img loading=\"lazy\" decoding=\"async\" src=\"https:\/\/photos.smugmug.com\/Travel\/Andalucia\/6b-Zuheros\/i-VRKFTdz\/1\/CNkgtxtms75zqS5pTQbm8FKsGCDk3kHvJFzJqmP2z\/S\/Zuheros_Andalucia_Spain-4306-S.jpg\" alt=\"Zuheros\" title=\"\"\/><\/figure>\n<\/div>\n<\/div>\n\n\n\n<hr class=\"wp-block-separator has-text-color has-alpha-channel-opacity has-background is-style-wide hr-box-planif\" style=\"background-color:#ccd3dd;color:#ccd3dd\"\/>\n\n\n\n<div class=\"wp-block-columns box_sans_border is-layout-flex wp-container-core-columns-is-layout-9d6595d7 wp-block-columns-is-layout-flex\">\n<div class=\"wp-block-column texte_planif is-layout-flow wp-block-column-is-layout-flow\" style=\"flex-basis:60%\">\n<p class=\"soustitre_planif\"><strong>\u00d6vning<\/strong><\/p>\n\n\n\n<ul class=\"wp-block-list\">\n<li style=\"font-size:14px\"><a href=\"https:\/\/andalucialovers.com\/sv\/var-ska-bo-andalusien-basta-omradena\/\" data-type=\"post\" data-id=\"2632\" target=\"_blank\" rel=\"noreferrer noopener\">Var man kan bo i Andalusien<\/a><\/li>\n\n\n\n<li style=\"font-size:14px\"><a href=\"https:\/\/andalucialovers.com\/sv\/basta-5-stjarniga-hotellen-andalusien-lyx-recensioner\/\" type=\"post\" id=\"6105\" target=\"_blank\" rel=\"noreferrer noopener\">De b\u00e4sta lyxhotellen i Andalusien<\/a><\/li>\n\n\n\n<li style=\"font-size:14px\"><a href=\"https:\/\/andalucialovers.com\/sv\/basta-restaurang-andalusien-ata-recensioner\/\" target=\"_blank\" rel=\"noreferrer noopener\">B\u00e4sta restaurangerna<\/a><\/li>\n\n\n\n<li style=\"font-size:14px\"><a data-type=\"post\" data-id=\"3712\" href=\"https:\/\/andalucialovers.com\/sv\/hur-hyr-bil-andalusien-tips-erfarenhet\/\" target=\"_blank\" rel=\"noreferrer noopener\">Hyr en bil i Andalusien<\/a><\/li>\n\n\n\n<li style=\"font-size:14px\"><a href=\"https:\/\/andalucialovers.com\/sv\/korning-andalusien-tips\/\" target=\"_blank\" rel=\"noreferrer noopener\">K\u00f6rning i Andalusien<\/a><\/li>\n<\/ul>\n<\/div>\n\n\n\n<div class=\"wp-block-column is-vertically-aligned-top planif-radius is-layout-flow wp-block-column-is-layout-flow\" style=\"flex-basis:40%\">\n<figure class=\"wp-block-image size-large img-portrait\"><img loading=\"lazy\" decoding=\"async\" src=\"https:\/\/photos.smugmug.com\/Travel\/Andalucia\/Accommodations\/i-QBDJnG7\/1\/4ZLWzw32dnhwGLrbmXL5HqSdBXzWBRMQhfVrcKD4\/S\/accommodation_Tarifa_Andalucia_Spain-2764-S.jpg\" alt=\"Hotell i Tarifa\" title=\"\"\/><\/figure>\n<\/div>\n<\/div>\n\n\n\n<hr class=\"wp-block-separator has-text-color has-alpha-channel-opacity has-background is-style-wide hr-box-planif\" style=\"background-color:#ccd3dd;color:#ccd3dd\"\/>\n\n\n\n<div class=\"wp-block-columns box_sans_border is-layout-flex wp-container-core-columns-is-layout-9d6595d7 wp-block-columns-is-layout-flex\">\n<div class=\"wp-block-column texte_planif is-layout-flow wp-block-column-is-layout-flow\" style=\"flex-basis:60%\">\n<p class=\"soustitre_planif\"><strong>Platser du inte f\u00e5r missa<\/strong><\/p>\n\n\n\n<ul class=\"wp-block-list\">\n<li style=\"font-size:14px\"><a href=\"https:\/\/andalucialovers.com\/sv\/sevardheter-sevilla-att-gora\/\" target=\"_blank\" rel=\"noreferrer noopener\">Sevilla<\/a><\/li>\n\n\n\n<li style=\"font-size:14px\"><a data-type=\"post\" data-id=\"2328\" href=\"https:\/\/andalucialovers.com\/sv\/sevardheter-cordoba-att-gora\/\" target=\"_blank\" rel=\"noreferrer noopener\">Cordoba<\/a><\/li>\n\n\n\n<li style=\"font-size:14px\"><a href=\"https:\/\/andalucialovers.com\/sv\/sevardheter-granada-att-gora\/\" target=\"_blank\" rel=\"noreferrer noopener\">Grenada<\/a><\/li>\n\n\n\n<li style=\"font-size:14px\"><a href=\"https:\/\/andalucialovers.com\/sv\/sevardheter-ronda-att-gora\/\" target=\"_blank\" rel=\"noreferrer noopener\">Ronda<\/a><\/li>\n\n\n\n<li style=\"font-size:14px\"><a href=\"https:\/\/andalucialovers.com\/sv\/sevardheter-malaga-att-gora\/\" target=\"_blank\" rel=\"noreferrer noopener\">Malaga<\/a><\/li>\n\n\n\n<li style=\"font-size:14px\"><a data-type=\"post\" data-id=\"3597\" href=\"https:\/\/andalucialovers.com\/sv\/sevardheter-cadiz-att-gora\/\" target=\"_blank\" rel=\"noreferrer noopener\">Cadiz<\/a><\/li>\n\n\n\n<li style=\"font-size:14px\">Cabo de Gata<\/li>\n\n\n\n<li style=\"font-size:14px\"><a href=\"https:\/\/andalucialovers.com\/sv\/sevardheter-antequera-att-gora\/\" target=\"_blank\" rel=\"noreferrer noopener\">Antequera<\/a><\/li>\n\n\n\n<li style=\"font-size:14px\">Baeza och Ubuda<\/li>\n<\/ul>\n<\/div>\n\n\n\n<div class=\"wp-block-column is-vertically-aligned-top planif-radius is-layout-flow wp-block-column-is-layout-flow\" style=\"flex-basis:40%\">\n<figure class=\"wp-block-image size-large img-portrait\"><img loading=\"lazy\" decoding=\"async\" src=\"https:\/\/photos.smugmug.com\/Travel\/Andalucia\/2e-Madina-Azahara\/i-nrQb8vF\/1\/DMVZRMLhBjwhLQtjzj2r5fqS4GjmpXXHrwvQnwFsm\/S\/Medina_Azahara_Andalucia_Spain-1434-S.jpg\" alt=\"Medina Azahara\" title=\"\"\/><\/figure>\n<\/div>\n<\/div>\n<\/div><\/div><\/div>\n\n\n\n<div class=\"wp-block-genesis-blocks-gb-container box_texte gb-block-container\"><div class=\"gb-container-inside\"><div class=\"gb-container-content\"><\/div><\/div><\/div>\n\n\n\n<div class=\"wp-block-genesis-blocks-gb-container box-texte gb-block-container\"><div class=\"gb-container-inside\"><div class=\"gb-container-content\"><\/div><\/div><\/div>\n<\/div><\/div><\/div>\n\n<div class=\"wp-block-genesis-blocks-gb-container box_auteur_voyage gb-block-container\"><div class=\"gb-container-inside\"><div class=\"gb-container-content\">\n<figure class=\"wp-block-image size-large img_auteur_voyage img_provisoire\"><a href=\"https:\/\/andalucialovers.com\/sv\/clara-balayer\/\" target=\"_blank\" rel=\"noreferrer noopener\"><img loading=\"lazy\" decoding=\"async\" src=\"https:\/\/photos.smugmug.com\/Region-Lovers\/Equipe\/i-SdbN5X8\/0\/FQQmdnTB6qcMTnchB9QkgwpDzqRr4QJrpcS5xfZBc\/L\/clara-L.jpg\" alt=\"\"\/><\/a><\/figure>\n\n\n\n<h5 class=\"titre_auteur_voyage\"><span>HON GJORDE RESAN OCH SKREV ARTIKELN \n <\/span><span class=\"titre_box_manuscrit\">Clara<\/span><\/h5>\n<\/div><\/div><\/div>\n","protected":false},"excerpt":{"rendered":"<p>En paus i Almer\u00eda? Missa inte den ovanliga katedralen! Cath\u00e9drale de l&#8217;Incarnation har tjocka murar och ett platt tak som \u00e4r utformat f\u00f6r att rymma kanoner och var t\u00e4nkt som en riktig f\u00e4stning f\u00f6r att skydda staden fr\u00e5n Medelhavets pirater p\u00e5 1500-talet.Bakom denna strama exteri\u00f6r d\u00f6ljer sig n\u00e5gra riktiga p\u00e4rlor: ett fint skulpterat ren\u00e4ssanskor, ett [&hellip;]<\/p>\n","protected":false},"author":5,"featured_media":3886,"comment_status":"closed","ping_status":"closed","sticky":false,"template":"","format":"standard","meta":{"_genesis_hide_title":false,"_genesis_hide_breadcrumbs":false,"_genesis_hide_singular_image":false,"_genesis_hide_footer_widgets":false,"_genesis_custom_body_class":"","_genesis_custom_post_class":"","_genesis_layout":"","footnotes":""},"categories":[75],"tags":[],"class_list":{"0":"post-3908","1":"post","2":"type-post","3":"status-publish","4":"format-standard","5":"has-post-thumbnail","7":"category-almeria-och-cabo-de-gata","8":"entry"},"yoast_head":"<!-- This site is optimized with the Yoast SEO plugin v27.2 - https:\/\/yoast.com\/product\/yoast-seo-wordpress\/ -->\n<title>Katedralen i inkarnationen (Almer\u00eda): bes\u00f6k + foton<\/title>\n<meta name=\"description\" content=\"V\u00e5ra tips och foton f\u00f6r att bes\u00f6ka katedralen f\u00f6r inkarnationen i Almeria: tillg\u00e5ng, intressanta platser, praktisk information\" \/>\n<meta name=\"robots\" content=\"index, follow, max-snippet:-1, max-image-preview:large, max-video-preview:-1\" \/>\n<link rel=\"canonical\" href=\"https:\/\/andalucialovers.com\/sv\/besok-katedrale-inkarnation-almeria\/\" \/>\n<meta property=\"og:locale\" content=\"sv_SE\" \/>\n<meta property=\"og:type\" content=\"article\" \/>\n<meta property=\"og:title\" content=\"Katedralen i inkarnationen (Almer\u00eda): bes\u00f6k + foton\" \/>\n<meta property=\"og:description\" content=\"V\u00e5ra tips och foton f\u00f6r att bes\u00f6ka katedralen f\u00f6r inkarnationen i Almeria: tillg\u00e5ng, intressanta platser, praktisk information\" \/>\n<meta property=\"og:url\" content=\"https:\/\/andalucialovers.com\/sv\/besok-katedrale-inkarnation-almeria\/\" \/>\n<meta property=\"og:site_name\" content=\"Andalucia Lovers\" \/>\n<meta property=\"article:published_time\" content=\"2025-01-15T12:10:55+00:00\" \/>\n<meta property=\"article:modified_time\" content=\"2025-01-17T14:08:21+00:00\" \/>\n<meta property=\"og:image\" content=\"https:\/\/andalucialovers.com\/wp-content\/uploads\/2025\/01\/besok-katedral-l-incarnation-almeria.jpg\" \/>\n\t<meta property=\"og:image:width\" content=\"800\" \/>\n\t<meta property=\"og:image:height\" content=\"600\" \/>\n\t<meta property=\"og:image:type\" content=\"image\/jpeg\" \/>\n<meta name=\"author\" content=\"Clara\" \/>\n<meta name=\"twitter:card\" content=\"summary_large_image\" \/>\n<meta name=\"twitter:label1\" content=\"Skriven av\" \/>\n\t<meta name=\"twitter:data1\" content=\"Clara\" \/>\n\t<meta name=\"twitter:label2\" content=\"Ber\u00e4knad l\u00e4stid\" \/>\n\t<meta name=\"twitter:data2\" content=\"12 minuter\" \/>\n<script type=\"application\/ld+json\" class=\"yoast-schema-graph\">{\"@context\":\"https:\/\/schema.org\",\"@graph\":[{\"@type\":\"Article\",\"@id\":\"https:\/\/andalucialovers.com\/sv\/besok-katedrale-inkarnation-almeria\/#article\",\"isPartOf\":{\"@id\":\"https:\/\/andalucialovers.com\/sv\/besok-katedrale-inkarnation-almeria\/\"},\"author\":{\"name\":\"Clara\",\"@id\":\"https:\/\/andalucialovers.com\/sv\/#\/schema\/person\/39cabfc029252cd27095b327b6c51975\"},\"headline\":\"Katedralen i inkarnationen (Almer\u00eda): bes\u00f6k + foton\",\"datePublished\":\"2025-01-15T12:10:55+00:00\",\"dateModified\":\"2025-01-17T14:08:21+00:00\",\"mainEntityOfPage\":{\"@id\":\"https:\/\/andalucialovers.com\/sv\/besok-katedrale-inkarnation-almeria\/\"},\"wordCount\":2356,\"publisher\":{\"@id\":\"https:\/\/andalucialovers.com\/sv\/#organization\"},\"image\":{\"@id\":\"https:\/\/andalucialovers.com\/sv\/besok-katedrale-inkarnation-almeria\/#primaryimage\"},\"thumbnailUrl\":\"https:\/\/andalucialovers.com\/wp-content\/uploads\/2025\/01\/besok-katedral-l-incarnation-almeria.jpg\",\"articleSection\":[\"Almeria och Cabo de Gata\"],\"inLanguage\":\"sv-SE\"},{\"@type\":\"WebPage\",\"@id\":\"https:\/\/andalucialovers.com\/sv\/besok-katedrale-inkarnation-almeria\/\",\"url\":\"https:\/\/andalucialovers.com\/sv\/besok-katedrale-inkarnation-almeria\/\",\"name\":\"Katedralen i inkarnationen (Almer\u00eda): bes\u00f6k + foton\",\"isPartOf\":{\"@id\":\"https:\/\/andalucialovers.com\/sv\/#website\"},\"primaryImageOfPage\":{\"@id\":\"https:\/\/andalucialovers.com\/sv\/besok-katedrale-inkarnation-almeria\/#primaryimage\"},\"image\":{\"@id\":\"https:\/\/andalucialovers.com\/sv\/besok-katedrale-inkarnation-almeria\/#primaryimage\"},\"thumbnailUrl\":\"https:\/\/andalucialovers.com\/wp-content\/uploads\/2025\/01\/besok-katedral-l-incarnation-almeria.jpg\",\"datePublished\":\"2025-01-15T12:10:55+00:00\",\"dateModified\":\"2025-01-17T14:08:21+00:00\",\"description\":\"V\u00e5ra tips och foton f\u00f6r att bes\u00f6ka katedralen f\u00f6r inkarnationen i Almeria: tillg\u00e5ng, intressanta platser, praktisk information\",\"breadcrumb\":{\"@id\":\"https:\/\/andalucialovers.com\/sv\/besok-katedrale-inkarnation-almeria\/#breadcrumb\"},\"inLanguage\":\"sv-SE\",\"potentialAction\":[{\"@type\":\"ReadAction\",\"target\":[\"https:\/\/andalucialovers.com\/sv\/besok-katedrale-inkarnation-almeria\/\"]}]},{\"@type\":\"ImageObject\",\"inLanguage\":\"sv-SE\",\"@id\":\"https:\/\/andalucialovers.com\/sv\/besok-katedrale-inkarnation-almeria\/#primaryimage\",\"url\":\"https:\/\/andalucialovers.com\/wp-content\/uploads\/2025\/01\/besok-katedral-l-incarnation-almeria.jpg\",\"contentUrl\":\"https:\/\/andalucialovers.com\/wp-content\/uploads\/2025\/01\/besok-katedral-l-incarnation-almeria.jpg\",\"width\":800,\"height\":600},{\"@type\":\"BreadcrumbList\",\"@id\":\"https:\/\/andalucialovers.com\/sv\/besok-katedrale-inkarnation-almeria\/#breadcrumb\",\"itemListElement\":[{\"@type\":\"ListItem\",\"position\":1,\"name\":\"Accueil\",\"item\":\"https:\/\/andalucialovers.com\/sv\/\"},{\"@type\":\"ListItem\",\"position\":2,\"name\":\"Almeria och Cabo de Gata\",\"item\":\"https:\/\/andalucialovers.com\/sv\/almeria-och-cabo-de-gata\/\"},{\"@type\":\"ListItem\",\"position\":3,\"name\":\"Katedralen i inkarnationen (Almer\u00eda): bes\u00f6k + foton\"}]},{\"@type\":\"WebSite\",\"@id\":\"https:\/\/andalucialovers.com\/sv\/#website\",\"url\":\"https:\/\/andalucialovers.com\/sv\/\",\"name\":\"Andalucia Lovers\",\"description\":\"Le blog de Claire et Manu\",\"publisher\":{\"@id\":\"https:\/\/andalucialovers.com\/sv\/#organization\"},\"potentialAction\":[{\"@type\":\"SearchAction\",\"target\":{\"@type\":\"EntryPoint\",\"urlTemplate\":\"https:\/\/andalucialovers.com\/sv\/?s={search_term_string}\"},\"query-input\":{\"@type\":\"PropertyValueSpecification\",\"valueRequired\":true,\"valueName\":\"search_term_string\"}}],\"inLanguage\":\"sv-SE\"},{\"@type\":\"Organization\",\"@id\":\"https:\/\/andalucialovers.com\/sv\/#organization\",\"name\":\"Andalucia Lovers\",\"url\":\"https:\/\/andalucialovers.com\/sv\/\",\"logo\":{\"@type\":\"ImageObject\",\"inLanguage\":\"sv-SE\",\"@id\":\"https:\/\/andalucialovers.com\/sv\/#\/schema\/logo\/image\/\",\"url\":\"https:\/\/andalucialovers.com\/wp-content\/uploads\/2024\/05\/cropped-Andalucia-Lovers-Logo.png\",\"contentUrl\":\"https:\/\/andalucialovers.com\/wp-content\/uploads\/2024\/05\/cropped-Andalucia-Lovers-Logo.png\",\"width\":2804,\"height\":481,\"caption\":\"Andalucia Lovers\"},\"image\":{\"@id\":\"https:\/\/andalucialovers.com\/sv\/#\/schema\/logo\/image\/\"}},{\"@type\":\"Person\",\"@id\":\"https:\/\/andalucialovers.com\/sv\/#\/schema\/person\/39cabfc029252cd27095b327b6c51975\",\"name\":\"Clara\",\"image\":{\"@type\":\"ImageObject\",\"inLanguage\":\"sv-SE\",\"@id\":\"https:\/\/secure.gravatar.com\/avatar\/d048151d25ac0bedf2ca76f8808990a0ee8cc83370bf81e728fe452b1c63a5de?s=96&d=mm&r=g\",\"url\":\"https:\/\/secure.gravatar.com\/avatar\/d048151d25ac0bedf2ca76f8808990a0ee8cc83370bf81e728fe452b1c63a5de?s=96&d=mm&r=g\",\"contentUrl\":\"https:\/\/secure.gravatar.com\/avatar\/d048151d25ac0bedf2ca76f8808990a0ee8cc83370bf81e728fe452b1c63a5de?s=96&d=mm&r=g\",\"caption\":\"Clara\"},\"sameAs\":[\"https:\/\/andalucialovers.com\/clara-balayer\/\"],\"url\":\"https:\/\/andalucialovers.com\/sv\/author\/clara\/\"}]}<\/script>\n<!-- \/ Yoast SEO plugin. -->","yoast_head_json":{"title":"Katedralen i inkarnationen (Almer\u00eda): bes\u00f6k + foton","description":"V\u00e5ra tips och foton f\u00f6r att bes\u00f6ka katedralen f\u00f6r inkarnationen i Almeria: tillg\u00e5ng, intressanta platser, praktisk information","robots":{"index":"index","follow":"follow","max-snippet":"max-snippet:-1","max-image-preview":"max-image-preview:large","max-video-preview":"max-video-preview:-1"},"canonical":"https:\/\/andalucialovers.com\/sv\/besok-katedrale-inkarnation-almeria\/","og_locale":"sv_SE","og_type":"article","og_title":"Katedralen i inkarnationen (Almer\u00eda): bes\u00f6k + foton","og_description":"V\u00e5ra tips och foton f\u00f6r att bes\u00f6ka katedralen f\u00f6r inkarnationen i Almeria: tillg\u00e5ng, intressanta platser, praktisk information","og_url":"https:\/\/andalucialovers.com\/sv\/besok-katedrale-inkarnation-almeria\/","og_site_name":"Andalucia Lovers","article_published_time":"2025-01-15T12:10:55+00:00","article_modified_time":"2025-01-17T14:08:21+00:00","og_image":[{"width":800,"height":600,"url":"https:\/\/andalucialovers.com\/wp-content\/uploads\/2025\/01\/besok-katedral-l-incarnation-almeria.jpg","type":"image\/jpeg"}],"author":"Clara","twitter_card":"summary_large_image","twitter_misc":{"Skriven av":"Clara","Ber\u00e4knad l\u00e4stid":"12 minuter"},"schema":{"@context":"https:\/\/schema.org","@graph":[{"@type":"Article","@id":"https:\/\/andalucialovers.com\/sv\/besok-katedrale-inkarnation-almeria\/#article","isPartOf":{"@id":"https:\/\/andalucialovers.com\/sv\/besok-katedrale-inkarnation-almeria\/"},"author":{"name":"Clara","@id":"https:\/\/andalucialovers.com\/sv\/#\/schema\/person\/39cabfc029252cd27095b327b6c51975"},"headline":"Katedralen i inkarnationen (Almer\u00eda): bes\u00f6k + foton","datePublished":"2025-01-15T12:10:55+00:00","dateModified":"2025-01-17T14:08:21+00:00","mainEntityOfPage":{"@id":"https:\/\/andalucialovers.com\/sv\/besok-katedrale-inkarnation-almeria\/"},"wordCount":2356,"publisher":{"@id":"https:\/\/andalucialovers.com\/sv\/#organization"},"image":{"@id":"https:\/\/andalucialovers.com\/sv\/besok-katedrale-inkarnation-almeria\/#primaryimage"},"thumbnailUrl":"https:\/\/andalucialovers.com\/wp-content\/uploads\/2025\/01\/besok-katedral-l-incarnation-almeria.jpg","articleSection":["Almeria och Cabo de Gata"],"inLanguage":"sv-SE"},{"@type":"WebPage","@id":"https:\/\/andalucialovers.com\/sv\/besok-katedrale-inkarnation-almeria\/","url":"https:\/\/andalucialovers.com\/sv\/besok-katedrale-inkarnation-almeria\/","name":"Katedralen i inkarnationen (Almer\u00eda): bes\u00f6k + foton","isPartOf":{"@id":"https:\/\/andalucialovers.com\/sv\/#website"},"primaryImageOfPage":{"@id":"https:\/\/andalucialovers.com\/sv\/besok-katedrale-inkarnation-almeria\/#primaryimage"},"image":{"@id":"https:\/\/andalucialovers.com\/sv\/besok-katedrale-inkarnation-almeria\/#primaryimage"},"thumbnailUrl":"https:\/\/andalucialovers.com\/wp-content\/uploads\/2025\/01\/besok-katedral-l-incarnation-almeria.jpg","datePublished":"2025-01-15T12:10:55+00:00","dateModified":"2025-01-17T14:08:21+00:00","description":"V\u00e5ra tips och foton f\u00f6r att bes\u00f6ka katedralen f\u00f6r inkarnationen i Almeria: tillg\u00e5ng, intressanta platser, praktisk information","breadcrumb":{"@id":"https:\/\/andalucialovers.com\/sv\/besok-katedrale-inkarnation-almeria\/#breadcrumb"},"inLanguage":"sv-SE","potentialAction":[{"@type":"ReadAction","target":["https:\/\/andalucialovers.com\/sv\/besok-katedrale-inkarnation-almeria\/"]}]},{"@type":"ImageObject","inLanguage":"sv-SE","@id":"https:\/\/andalucialovers.com\/sv\/besok-katedrale-inkarnation-almeria\/#primaryimage","url":"https:\/\/andalucialovers.com\/wp-content\/uploads\/2025\/01\/besok-katedral-l-incarnation-almeria.jpg","contentUrl":"https:\/\/andalucialovers.com\/wp-content\/uploads\/2025\/01\/besok-katedral-l-incarnation-almeria.jpg","width":800,"height":600},{"@type":"BreadcrumbList","@id":"https:\/\/andalucialovers.com\/sv\/besok-katedrale-inkarnation-almeria\/#breadcrumb","itemListElement":[{"@type":"ListItem","position":1,"name":"Accueil","item":"https:\/\/andalucialovers.com\/sv\/"},{"@type":"ListItem","position":2,"name":"Almeria och Cabo de Gata","item":"https:\/\/andalucialovers.com\/sv\/almeria-och-cabo-de-gata\/"},{"@type":"ListItem","position":3,"name":"Katedralen i inkarnationen (Almer\u00eda): bes\u00f6k + foton"}]},{"@type":"WebSite","@id":"https:\/\/andalucialovers.com\/sv\/#website","url":"https:\/\/andalucialovers.com\/sv\/","name":"Andalucia Lovers","description":"Le blog de Claire et Manu","publisher":{"@id":"https:\/\/andalucialovers.com\/sv\/#organization"},"potentialAction":[{"@type":"SearchAction","target":{"@type":"EntryPoint","urlTemplate":"https:\/\/andalucialovers.com\/sv\/?s={search_term_string}"},"query-input":{"@type":"PropertyValueSpecification","valueRequired":true,"valueName":"search_term_string"}}],"inLanguage":"sv-SE"},{"@type":"Organization","@id":"https:\/\/andalucialovers.com\/sv\/#organization","name":"Andalucia Lovers","url":"https:\/\/andalucialovers.com\/sv\/","logo":{"@type":"ImageObject","inLanguage":"sv-SE","@id":"https:\/\/andalucialovers.com\/sv\/#\/schema\/logo\/image\/","url":"https:\/\/andalucialovers.com\/wp-content\/uploads\/2024\/05\/cropped-Andalucia-Lovers-Logo.png","contentUrl":"https:\/\/andalucialovers.com\/wp-content\/uploads\/2024\/05\/cropped-Andalucia-Lovers-Logo.png","width":2804,"height":481,"caption":"Andalucia Lovers"},"image":{"@id":"https:\/\/andalucialovers.com\/sv\/#\/schema\/logo\/image\/"}},{"@type":"Person","@id":"https:\/\/andalucialovers.com\/sv\/#\/schema\/person\/39cabfc029252cd27095b327b6c51975","name":"Clara","image":{"@type":"ImageObject","inLanguage":"sv-SE","@id":"https:\/\/secure.gravatar.com\/avatar\/d048151d25ac0bedf2ca76f8808990a0ee8cc83370bf81e728fe452b1c63a5de?s=96&d=mm&r=g","url":"https:\/\/secure.gravatar.com\/avatar\/d048151d25ac0bedf2ca76f8808990a0ee8cc83370bf81e728fe452b1c63a5de?s=96&d=mm&r=g","contentUrl":"https:\/\/secure.gravatar.com\/avatar\/d048151d25ac0bedf2ca76f8808990a0ee8cc83370bf81e728fe452b1c63a5de?s=96&d=mm&r=g","caption":"Clara"},"sameAs":["https:\/\/andalucialovers.com\/clara-balayer\/"],"url":"https:\/\/andalucialovers.com\/sv\/author\/clara\/"}]}},"featured_image_src":"https:\/\/andalucialovers.com\/wp-content\/uploads\/2025\/01\/besok-katedral-l-incarnation-almeria-600x400.jpg","featured_image_src_square":"https:\/\/andalucialovers.com\/wp-content\/uploads\/2025\/01\/besok-katedral-l-incarnation-almeria-600x600.jpg","author_info":{"display_name":"Clara","author_link":"https:\/\/andalucialovers.com\/sv\/author\/clara\/"},"_links":{"self":[{"href":"https:\/\/andalucialovers.com\/sv\/wp-json\/wp\/v2\/posts\/3908","targetHints":{"allow":["GET"]}}],"collection":[{"href":"https:\/\/andalucialovers.com\/sv\/wp-json\/wp\/v2\/posts"}],"about":[{"href":"https:\/\/andalucialovers.com\/sv\/wp-json\/wp\/v2\/types\/post"}],"author":[{"embeddable":true,"href":"https:\/\/andalucialovers.com\/sv\/wp-json\/wp\/v2\/users\/5"}],"replies":[{"embeddable":true,"href":"https:\/\/andalucialovers.com\/sv\/wp-json\/wp\/v2\/comments?post=3908"}],"version-history":[{"count":0,"href":"https:\/\/andalucialovers.com\/sv\/wp-json\/wp\/v2\/posts\/3908\/revisions"}],"wp:featuredmedia":[{"embeddable":true,"href":"https:\/\/andalucialovers.com\/sv\/wp-json\/wp\/v2\/media\/3886"}],"wp:attachment":[{"href":"https:\/\/andalucialovers.com\/sv\/wp-json\/wp\/v2\/media?parent=3908"}],"wp:term":[{"taxonomy":"category","embeddable":true,"href":"https:\/\/andalucialovers.com\/sv\/wp-json\/wp\/v2\/categories?post=3908"},{"taxonomy":"post_tag","embeddable":true,"href":"https:\/\/andalucialovers.com\/sv\/wp-json\/wp\/v2\/tags?post=3908"}],"curies":[{"name":"wp","href":"https:\/\/api.w.org\/{rel}","templated":true}]}}