{"id":5480,"date":"2025-11-03T20:06:20","date_gmt":"2025-11-03T19:06:20","guid":{"rendered":"https:\/\/andalucialovers.com\/visiter-monasterio-puras-almeria\/"},"modified":"2025-11-06T17:09:41","modified_gmt":"2025-11-06T16:09:41","slug":"besok-monasterio-puras-almeria","status":"publish","type":"post","link":"https:\/\/andalucialovers.com\/sv\/besok-monasterio-puras-almeria\/","title":{"rendered":"Monasterio de las Puras (Almer\u00eda): bes\u00f6k + foton"},"content":{"rendered":"\n<p>Bes\u00f6ker du Almeria? Missa inte <strong>Monasterio de las Puras<\/strong>! Denna religi\u00f6sa byggnad fr\u00e5n <strong>1500-talet<\/strong> ligger inb\u00e4ddad i hj\u00e4rtat av den <strong>historiska<\/strong> stadsk\u00e4rnan och erbjuder en oas av lugn och ro l\u00e5ngt fr\u00e5n stadens liv och r\u00f6relse. Vi f\u00f6rf\u00f6rdes av den kontemplativa atmosf\u00e4r som r\u00e5der inom dess v\u00e4ggar och av rikedomen i dess arkitektoniska arv. Detta <strong>Conceptionist-kloster<\/strong> inneh\u00e5ller oanade skatter som vittnar om klosterlivet genom \u00e5rhundradena.<\/p>\n\n<p>I den h\u00e4r artikeln hittar du ett urval av <strong>anv\u00e4ndbara tips<\/strong> som hj\u00e4lper dig att f\u00f6rbereda dig inf\u00f6r ditt bes\u00f6k och f\u00e5 en underbar tid!<\/p>\n\n<figure class=\"wp-block-image size-full\"><img decoding=\"async\" src=\"https:\/\/andalucialovers.com\/wp-content\/uploads\/2025\/11\/besok-monasterio-de-las-puras-almeria.jpg\" alt=\"Monasterio de las Puras (Almer&#xED;a): bes&#xF6;k + foton\" class=\"wp-image-5462\"\/><\/figure>\n\n<p>Detta \u00e4r en helt <strong>oberoende<\/strong> \u00e5sikt, baserad p\u00e5 v\u00e5r egen erfarenhet. Vi gjorde v\u00e5ra egna val, bes\u00f6kte regionen anonymt och betalade v\u00e5ra r\u00e4kningar till fullo.<\/p>\n\n<h2 class=\"wp-block-heading\">Varf\u00f6r bes\u00f6ka Monasterio de las Puras?<\/h2>\n\n<h3 class=\"wp-block-heading\">\u00c4r Monasterio de las Puras v\u00e4rt det? V\u00e5r \u00e5sikt:<\/h3>\n\n<p>Ja, Monasterio de las Puras \u00e4r v\u00e4l v\u00e4rt ett bes\u00f6k. Detta kloster \u00e4r <strong>ett perfekt komplement till<\/strong> <a href=\"https:\/\/andalucialovers.com\/sv\/besok-katedrale-inkarnation-almeria\/\" target=\"_blank\" rel=\"noreferrer noopener\">Almer\u00eda-katedralen<\/a>. Vi uppskattade s\u00e4rskilt den fristad av <strong>lugn<\/strong> som denna plats erbjuder, or\u00f6rd av de stora turistkretsarna. Den kontemplativa atmosf\u00e4ren som r\u00e5der h\u00e4r g\u00f6r att du kan uppt\u00e4cka den religi\u00f6sa arkitekturen i en intim och autentisk milj\u00f6.<\/p>\n\n<figure class=\"wp-block-image size-large\"><img loading=\"lazy\" decoding=\"async\" src=\"https:\/\/photos.smugmug.com\/Andalucia-Lovers\/Almeria\/Monasterio\/i-4tQmWCd\/0\/MPc5zvnRTXB4QTzfNThXtjJkPKzq7gmvDDvFHnQqz\/L\/monasterio-puras-almeria-09-L.jpg\" alt=\"Monasterio de las Puras - V&#xE5;r &#xE5;sikt\"\/><\/figure>\n\n<h3 class=\"wp-block-heading\">Varf\u00f6r \u00e4r Monasterio de las Puras s\u00e5 k\u00e4nt?<\/h3>\n\n<p>Klostret \u00e4r k\u00e4nt f\u00f6r sin <strong>1500-talsarkitektur<\/strong>, som p\u00e5 ett harmoniskt s\u00e4tt blandar <strong>Mud\u00e9jar-<\/strong> och <strong>ren\u00e4ssansinfluenser<\/strong>. Det grundades av<strong>Conceptionist-orden<\/strong> och \u00e4r hem f\u00f6r en gemenskap av nunnor som har f\u00f6rt klostertraditionen vidare i n\u00e4stan fem \u00e5rhundraden. Byggnaden \u00e4r ocks\u00e5 k\u00e4nd f\u00f6r sina <strong>religi\u00f6sa konstverk<\/strong>, bland annat altartavlor av k\u00e4nda <strong>konstn\u00e4rer<\/strong> som Salzillo och L\u00f3pez.<\/p>\n\n<figure class=\"wp-block-image size-large\"><img loading=\"lazy\" decoding=\"async\" src=\"https:\/\/photos.smugmug.com\/Andalucia-Lovers\/Almeria\/Monasterio\/i-vtfnmD6\/0\/NFkDL5D5Cvw3m3H3qL9Jdpw4ZbKMVWVXDQ3jNbwPG\/L\/monasterio-puras-almeria-07-L.jpg\" alt=\"Monasterio de las Puras - K&#xE4;ndisar\"\/><\/figure>\n\n<h3 class=\"wp-block-heading\">V\u00e5ra favoriter<\/h3>\n\n<p>I rummet d\u00e4r nunnorna i klostret brukade fira m\u00e4ssa fascinerades vi av en unik arkitektonisk detalj. L\u00e4ngst bort i detta utrymme uppt\u00e4ckte vi det <strong>lilla nattvardsg\u00f6mst\u00e4llet<\/strong>. Denna geniala anordning gjorde det m\u00f6jligt f\u00f6r nunnorna att passera ostia samtidigt som de respekterade sitt kontemplativa liv. Vi tyckte att denna redog\u00f6relse f\u00f6r clausura var s\u00e4rskilt r\u00f6rande och avsl\u00f6jande f\u00f6r klostrets organisation.<\/p>\n\n<figure class=\"wp-block-image size-large\"><img loading=\"lazy\" decoding=\"async\" src=\"https:\/\/photos.smugmug.com\/Andalucia-Lovers\/Almeria\/Monasterio\/i-RtV42C2\/0\/Mn2cmQLL8CgjmrBhFgxVv4PHR3QL5g4FZZHrrRnhF\/L\/monasterio-puras-almeria-16-L.jpg\" alt=\"Monasterio de las Puras - V&#xE5;ra favoriter\"\/><\/figure>\n\n<h3 class=\"wp-block-heading\">Historia i korthet<\/h3>\n\n<p>H\u00e4r \u00e4r de viktigaste datumen i Monasterio de las Puras historia:<\/p>\n\n<ul class=\"wp-block-list\">\n<li><strong>1500-talet<\/strong>: Klostret grundas av franciskanska konceptionistorden<\/li>\n\n\n\n<li><strong>1500-talet<\/strong>: Uppf\u00f6rande av klostret med toskanska pelare och Mudejar-b\u00e5gar<\/li>\n\n\n\n<li><strong>1600-talet<\/strong>: Skapande av Franciskanerordens tr\u00e4d i kapitelhuset<\/li>\n\n\n\n<li><strong>1700-talet<\/strong>: Arkitektoniska f\u00f6r\u00e4ndringar av kyrkan och till\u00e4gg av en biktstol i barockstil<\/li>\n\n\n\n<li><strong>1936<\/strong>: Vitkalkning av matsalens v\u00e4ggm\u00e5lningar under inb\u00f6rdeskriget<\/li>\n<\/ul>\n\n<div style=\"margin-top:8%;margin-bottom:8%\" class=\"wp-block-genesis-blocks-gb-container box gb-block-container\"><div class=\"gb-container-inside\"><div class=\"gb-container-content\" style=\"max-width:700px\">\n<div class=\"wp-block-genesis-blocks-gb-container box_titre gb-block-container\"><div class=\"gb-container-inside\"><div class=\"gb-container-content\">\n<h5 class=\"titre_box\" style=\"padding-top:10px;\">VAR KAN MAN BO I <span class=\"titre_box_manuscrit\">Almeria<\/span><\/h5>\n<\/div><\/div><\/div>\n\n\n\n<hr class=\"wp-block-separator has-text-color has-alpha-channel-opacity has-background is-style-wide hr-box-planif\" style=\"background-color:#ccd3dd;color:#ccd3dd\"\/>\n\n\n\n<div class=\"wp-block-columns box_sans_border is-layout-flex wp-container-core-columns-is-layout-9d6595d7 wp-block-columns-is-layout-flex\">\n<div class=\"wp-block-column texte_planif is-layout-flow wp-block-column-is-layout-flow\" style=\"font-size:14px;flex-basis:60%\">\n<p class=\"option_titre2\"><strong>V\u00e5ra favoriter: stadsdelar och hotell<\/strong><\/p>\n\n\n\n<p style=\"font-size:14px\">Stadens centrum<br\/><strong><strong>Hotell Boutique Murallas de Jayran<\/strong><\/strong> &#8211; <a href=\"https:\/\/www.booking.com\/hotel\/es\/murallas-de-jayran-boutique.fr.html?aid=2420173\" target=\"_blank\" rel=\"noreferrer noopener nofollow\">Se priser, bilder och tillg\u00e4nglighet<\/a><\/p>\n\n\n\n<p style=\"font-size:14px\">Vid havet<br\/><strong><strong>L\u00e4genhet El Rincon de Huete<\/strong><\/strong> &#8211; <a href=\"https:\/\/www.booking.com\/hotel\/es\/el-rincon-de-huete-almeria1234567891011121314151617.fr.html?aid=2420173\" target=\"_blank\" rel=\"noreferrer noopener nofollow\">Se priser, bilder och tillg\u00e4nglighet<\/a><\/p>\n<\/div>\n\n\n\n<div class=\"wp-block-column is-vertically-aligned-top planif-radius is-layout-flow wp-block-column-is-layout-flow\" style=\"flex-basis:40%\">\n<figure class=\"wp-block-image size-large img-portrait\"><img loading=\"lazy\" decoding=\"async\" src=\"https:\/\/photos.smugmug.com\/Andalucia-Lovers\/Almeria\/Hotels\/i-jZMs3Jf\/0\/MqGLMQCFpt46HVxRLR5qnDBRp5rVWzgM87RsJ3QBM\/L\/hotel-murallas-jayran-almeria-spain-1-L.jpg\" alt=\"Hotell Boutique Murallas de Jayran\" title=\"\"\/><\/figure>\n<\/div>\n<\/div>\n\n\n\n<p class=\"has-text-align-center has-normal-font-size\">Se v\u00e5rt kompletta utbud av <a href=\"https:\/\/andalucialovers.com\/sv\/var-kan-bo-almeria-basta-hotellen-stadsdelarna\/\" target=\"_blank\" rel=\"noreferrer noopener\">b\u00e4sta hotell i Almeria<\/a><\/p>\n\n\n\n<div class=\"wp-block-buttons planif_bouton is-content-justification-center is-layout-flex wp-container-core-buttons-is-layout-16018d1d wp-block-buttons-is-layout-flex\">\n<div class=\"wp-block-button has-custom-font-size\" style=\"font-size:14px\"><a class=\"wp-block-button__link has-white-color has-text-color wp-element-button\" href=\"https:\/\/www.booking.com\/searchresults.html?city=-370374&amp;nflt=review_score%253D90%253Breview_score%253D80&amp;aid=2420173&amp;no_rooms=1&amp;group_adults=2\" style=\"border-radius:4px\" target=\"_blank\" rel=\"noreferrer noopener nofollow\">Se alla tillg\u00e4ngliga boenden &gt;&gt;<\/a><\/div>\n<\/div>\n<\/div><\/div><\/div>\n\n<h2 class=\"wp-block-heading\">Tilltr\u00e4de: Monasterio de las Puras, Almer\u00eda<\/h2>\n\n<h3 class=\"wp-block-heading\">Var ligger Monasterio de las Puras?<\/h3>\n\n<p>Monasterio de las Puras ligger p\u00e5 adressen C. Jos\u00e9 \u00c1ngel Valente, 5, 04002 Almer\u00eda, Spanien.<\/p>\n\n<ul class=\"wp-block-list\">\n<li>I centrum av Almeria<\/li>\n\n\n\n<li>endast 1 minuts promenad fr\u00e5n Almer\u00edas katedral<\/li>\n<\/ul>\n\n<div class=\"wp-block-columns inverse box_planif is-layout-flex wp-container-core-columns-is-layout-9d6595d7 wp-block-columns-is-layout-flex\">\n<div class=\"wp-block-column texte_planif is-layout-flow wp-block-column-is-layout-flow\" style=\"flex-basis:58%\">\n<h5 class=\"titre_box\"> HYR DIN BIL I <span class=\"titre_box_manuscrit\">\nAndalusia<\/span><\/h5>\n\n\n\n<ul style=\"font-size:14px\" class=\"wp-block-list liste_voiture\">\n<li>J\u00e4mf\u00f6r priser p\u00e5 v\u00e5r f\u00f6redragna plattform: <a href=\"https:\/\/www.discovercars.com\/se\/spain?a_aid=zigzag&amp;chan=andalucia\" target=\"_blank\" rel=\"noreferrer noopener sponsored nofollow\">DiscoverCars<\/a> &#8211; en av de b\u00e4st rankade webbplatserna.<\/li>\n\n\n\n<li>V\u00e4lj en <strong>kompakt bil<\/strong>, eftersom vissa byar har mycket smala gator!<\/li>\n\n\n\n<li>T\u00e4nk p\u00e5<strong>omfattande f\u00f6rs\u00e4kring<\/strong> av samma anledning<\/li>\n\n\n\n<li><strong>Boka tidigt<\/strong> f\u00f6r b\u00e4sta val.<\/li>\n<\/ul>\n<\/div>\n\n\n\n<div class=\"wp-block-column planif-radius-3 is-layout-flow wp-block-column-is-layout-flow\" style=\"flex-basis:42%\">\n<figure class=\"wp-block-image size-large is-resized\"><img loading=\"lazy\" decoding=\"async\" src=\"https:\/\/photos.smugmug.com\/Travel\/Andalucia\/Driving\/i-tqxqm2M\/1\/DBVq6wpqQpTv8CpSvmFGgfKbDdqGMK9zqdcc59cGs\/S\/Driving_Andalucia_Spain-8407-S.jpg\" alt=\"K&#xF6;rning i Andalusien\" title=\"\"\/><\/figure>\n<\/div>\n<\/div>\n\n<div class=\"wp-block-columns planif_bouton is-layout-flex wp-container-core-columns-is-layout-9d6595d7 wp-block-columns-is-layout-flex\">\n<div class=\"wp-block-column is-layout-flow wp-block-column-is-layout-flow\" style=\"flex-basis:50%\">\n<div class=\"wp-block-buttons is-content-justification-center is-layout-flex wp-container-core-buttons-is-layout-16018d1d wp-block-buttons-is-layout-flex\">\n<div class=\"wp-block-button has-custom-font-size\" style=\"font-size:14px\"><a class=\"wp-block-button__link has-white-color has-text-color wp-element-button\" href=\"https:\/\/www.discovercars.com\/se\/spain?a_aid=zigzag&amp;amp;chan=andalucia\" style=\"border-radius:4px\" target=\"_blank\" rel=\"noreferrer noopener nofollow\">Se bilarna<img loading=\"lazy\" decoding=\"async\" class=\"wp-image-2851\" style=\"width: 16px;\" src=\"https:\/\/provencelovers.fr\/wp-content\/uploads\/2023\/08\/ArrowRight.webp\" alt=\"\"\/><\/a><\/div>\n<\/div>\n<\/div>\n\n\n\n<div class=\"wp-block-column is-vertically-aligned-center is-layout-flow wp-block-column-is-layout-flow\" style=\"flex-basis:50%\">\n<p class=\"has-text-align-center\" style=\"font-size:14px\"><strong><a href=\"https:\/\/andalucialovers.com\/sv\/hur-hyr-bil-andalusien-tips-erfarenhet\/\" data-type=\"post\" data-id=\"3712\" target=\"_blank\" rel=\"noreferrer noopener\">Se v\u00e5ra r\u00e5d<\/a><\/strong><\/p>\n<\/div>\n<\/div>\n\n<h3 class=\"wp-block-heading\">Hur kommer jag dit?<\/h3>\n\n<p>Det \u00e4r l\u00e4tt att ta sig dit, eftersom den historiska stadsk\u00e4rnan ligger inom g\u00e5ngavst\u00e5nd. Om du kommer fr\u00e5n stationen kan du ta buss M370 till h\u00e5llplatsen Fuente De Los Peces, som tar dig dit p\u00e5 11 minuter. Vi gillade <strong>n\u00e4rheten till de viktigaste monumenten<\/strong>, vilket innebar att vi kunde kombinera flera bes\u00f6k p\u00e5 samma dag.<\/p>\n\n<figure class=\"wp-block-image size-large\"><img loading=\"lazy\" decoding=\"async\" src=\"https:\/\/photos.smugmug.com\/Andalucia-Lovers\/Almeria\/Monasterio\/i-NkpgMLg\/0\/KbPzwSCw3znCcVp6n2GTh6thHhwhHMPZhWZJbVmt6\/L\/monasterio-puras-almeria-01-L.jpg\" alt=\"Monasterio de las Puras - Hur man tar sig dit\"\/><\/figure>\n\n<h3 class=\"wp-block-heading\">Parkeringsplats<\/h3>\n\n<p>Det finns ingen s\u00e4rskild parkeringsplats vid klostret. Vi rekommenderar att du parkerar p\u00e5 n\u00e5gon av de allm\u00e4nna parkeringsplatserna i stadens centrum, t.ex. p\u00e5 Las Ramblas, 10 minuters promenad fr\u00e5n klostret. Den h\u00e4r korta promenaden ger dig ocks\u00e5 m\u00f6jlighet att uppt\u00e4cka de pittoreska gatorna i Almerias historiska stadsdel.<\/p>\n\n<div style=\"margin-top:8%;margin-bottom:8%\" class=\"wp-block-genesis-blocks-gb-container box gb-block-container\"><div class=\"gb-container-inside\"><div class=\"gb-container-content\">\n<div class=\"wp-block-columns inverse is-layout-flex wp-container-core-columns-is-layout-9d6595d7 wp-block-columns-is-layout-flex\">\n<div class=\"wp-block-column texte_planif is-layout-flow wp-block-column-is-layout-flow\" style=\"flex-basis:58%\">\n<h5 class=\"titre_box\" style=\"padding-top:10px;\">UPPT\u00c4CK <span class=\"titre_box_manuscrit\">Almeria<\/span><\/h5>\n\n\n\n<ul class=\"wp-block-list ul_box\">\n<li style=\"font-size:14px\"><a href=\"https:\/\/andalucialovers.com\/sv\/sevardheter-almeria-att-gora\/\" target=\"_blank\" rel=\"noreferrer noopener\">Sev\u00e4rdheter i Almeria<\/a><\/li>\n\n\n\n<li style=\"font-size:14px\"><a href=\"https:\/\/andalucialovers.com\/sv\/var-kan-bo-almeria-basta-hotellen-stadsdelarna\/\" target=\"_blank\" rel=\"noreferrer noopener\">B\u00e4sta hotell<\/a><\/li>\n\n\n\n<li style=\"font-size:14px\"><a href=\"https:\/\/andalucialovers.com\/sv\/basta-restaurang-almeria-ata-omdomen\/\" target=\"_blank\" rel=\"noreferrer noopener\">B\u00e4sta restaurangerna<\/a><\/li>\n\n\n\n<li style=\"font-size:14px\"><a href=\"https:\/\/andalucialovers.com\/sv\/besok-1-dag-almeria-resvagar\/\" target=\"_blank\" rel=\"noreferrer noopener\">1 dag<\/a><\/li>\n\n\n\n<li style=\"font-size:14px\"><a href=\"https:\/\/andalucialovers.com\/sv\/besok-katedrale-inkarnation-almeria\/\" data-type=\"post\" data-id=\"3867\" target=\"_blank\" rel=\"noreferrer noopener\">Katedralen<\/a><\/li>\n\n\n\n<li style=\"font-size:14px\"><a href=\"https:\/\/andalucialovers.com\/sv\/besok-fastning-alcazaba-almeria\/\" data-type=\"post\" data-id=\"3914\" target=\"_blank\" rel=\"noreferrer noopener\">Alcazaba<\/a><\/li>\n<\/ul>\n<\/div>\n\n\n\n<div class=\"wp-block-column ville-radius is-layout-flow wp-block-column-is-layout-flow\" style=\"flex-basis:42%\">\n<figure class=\"wp-block-image size-large img-portrait\"><img loading=\"lazy\" decoding=\"async\" src=\"https:\/\/photos.smugmug.com\/Andalucia-Lovers\/Almeria\/Best-of\/i-n7P3gKk\/0\/LKt99zZv8WQdd6JgwcgpvRzKct25HRk82JM4VfrxN\/L\/alcazaba-castle-almeria-spain-L.jpg\" alt=\"Alcazaba Almeria\" title=\"\"\/><\/figure>\n<\/div>\n<\/div>\n<\/div><\/div><\/div>\n\n<h2 class=\"wp-block-heading\">Anv\u00e4ndbara tips: varaktighet, tidtabeller, \u00e4ta&#8230;<\/h2>\n\n<h3 class=\"wp-block-heading\">B\u00e4sta tiden att bes\u00f6ka<\/h3>\n\n<p>Vi rekommenderar att du bes\u00f6ker klostret <strong>under veckan, p\u00e5 morgonen<\/strong>, f\u00f6r att fullt ut uppskatta den kontemplativa atmosf\u00e4ren. Det h\u00e4r \u00e4r ocks\u00e5 den perfekta tiden att bes\u00f6ka klosterbutiken. Dessutom \u00e4r Monasterio de las Puras fortfarande relativt or\u00f6rt av de viktigaste turistv\u00e4garna, vilket garanterar ett lugnt bes\u00f6k oavsett \u00e5rstid.<\/p>\n\n<h3 class=\"wp-block-heading\">Bes\u00f6ksl\u00e4ngd och huvudsakliga sv\u00e5righeter<\/h3>\n\n<p>R\u00e4kna med cirka <strong>30 minuter<\/strong> f\u00f6r ett enkelt bes\u00f6k i klostret. Om du v\u00e4ljer audioguiden b\u00f6r du r\u00e4kna med <strong>1 timme<\/strong> f\u00f6r att kunna dra full nytta av de detaljerade f\u00f6rklaringarna om platsens historia och arkitektur. Du kan ocks\u00e5 bes\u00f6ka butiken.<\/p>\n\n<figure class=\"wp-block-image size-large\"><img loading=\"lazy\" decoding=\"async\" src=\"https:\/\/photos.smugmug.com\/Andalucia-Lovers\/Almeria\/Monasterio\/i-tx2JHzp\/0\/MKNLcDtj3tm26G7pPMkGn8VtRh9Wv2H3ZD2FBchMH\/L\/monasterio-puras-almeria-14-L.jpg\" alt=\"Monasterio de las Puras - L&#xE4;ngd p&#xE5; bes&#xF6;ket\"\/><\/figure>\n\n<h3 class=\"wp-block-heading\">Bes\u00f6ksriktning<\/h3>\n\n<p>Vi rekommenderar att du f\u00f6ljer den <strong>v\u00e4g som f\u00f6resl\u00e5s av den skyltade audioguiden<\/strong>. Denna resv\u00e4g har utformats f\u00f6r att ta dig genom de olika omr\u00e5dena i en logisk ordning, med b\u00f6rjan i klostret innan du g\u00e5r vidare till de gemensamma rummen och sedan de mer intima omr\u00e5dena i klostret.<\/p>\n\n<div style=\"background-color:#fefefe;margin-top:8%;margin-bottom:8%\" class=\"wp-block-genesis-blocks-gb-container box gb-block-container\"><div class=\"gb-container-inside\"><div class=\"gb-container-content\" style=\"max-width:700px\">\n<div class=\"wp-block-columns inverse is-layout-flex wp-container-core-columns-is-layout-9d6595d7 wp-block-columns-is-layout-flex\">\n<div class=\"wp-block-column texte_planif is-layout-flow wp-block-column-is-layout-flow\" style=\"flex-basis:58%\">\n<h5 class=\"titre_box\" style=\"padding-top:10px\">PLANERA DIN DR\u00d6MRESA TILL <span class=\"titre_box_manuscrit\">andalusien<\/span><\/h5>\n\n\n\n<div class=\"wp-block-genesis-blocks-gb-container gb-block-container\"><div class=\"gb-container-inside\"><div class=\"gb-container-content\">\n<p style=\"font-size:14px\">All information du beh\u00f6ver f\u00f6r din resa:<\/p>\n<\/div><\/div><\/div>\n\n\n\n<div class=\"wp-block-genesis-blocks-gb-container gb-block-container\"><div class=\"gb-container-inside\"><div class=\"gb-container-content\"><\/div><\/div><\/div>\n\n\n\n<ul class=\"wp-block-list\" style=\"font-size:14px\" id=\"liste_discover\">\n<li>7 kartor som underl\u00e4ttar planeringen<\/li>\n\n\n\n<li>+ 150 p\u00e5 f\u00f6rhand utvalda m\u00f6tesplatser<\/li>\n\n\n\n<li>Praktiska r\u00e5d<\/li>\n\n\n\n<li>+ 300 bilder som hj\u00e4lper dig att v\u00e4lja<\/li>\n<\/ul>\n\n\n\n<div class=\"wp-block-buttons has-custom-font-size bouton_10 is-content-justification-center is-layout-flex wp-container-core-buttons-is-layout-14c487f4 wp-block-buttons-is-layout-flex\" style=\"font-size:13px\">\n<div class=\"wp-block-button has-custom-font-size\" style=\"font-size:14px\"><a class=\"wp-block-button__link has-white-color has-text-color wp-element-button\" href=\"https:\/\/andalucialovers.com\/sv\/ebok-guide-road-trip-andalusien\/\" style=\"border-radius:4px\" target=\"_blank\" rel=\"noreferrer noopener\">Uppt\u00e4ck<strong> <\/strong>&gt;&gt;<\/a><\/div>\n<\/div>\n<\/div>\n\n\n\n<div class=\"wp-block-column is-layout-flow wp-block-column-is-layout-flow\" style=\"flex-basis:42%\">\n<div class=\"wp-block-genesis-blocks-gb-container ebook-radius gb-block-container\"><div class=\"gb-container-inside\"><div class=\"gb-container-content\"><div class=\"wp-block-image ebook-image\">\n<figure class=\"aligncenter size-full is-resized\"><img loading=\"lazy\" decoding=\"async\" src=\"https:\/\/andalucialovers.com\/wp-content\/uploads\/2024\/06\/Road-trip-Guide-Andalucia-eBook-cover-5.jpg\" alt=\"Andalusien reseguide eBook Omslag\" class=\"wp-image-317\" style=\"width:203px;height:157px\"\/><\/figure>\n<\/div><\/div><\/div><\/div>\n<\/div>\n<\/div>\n<\/div><\/div><\/div>\n\n<h3 class=\"wp-block-heading\">Bes\u00f6k med barn<\/h3>\n\n<p>Klostret har inga s\u00e4rskilda faciliteter f\u00f6r barn.<\/p>\n\n<h3 class=\"wp-block-heading\">\u00d6ppettider och priser<\/h3>\n\n<p>Klostret \u00e4r \u00f6ppet:<\/p>\n\n<ul class=\"wp-block-list\">\n<li>M\u00e5ndag till l\u00f6rdag, kl. 11.00-14.00 och kl. 17.00-19.00<\/li>\n\n\n\n<li>S\u00f6ndag kl. 11.00-14.00<\/li>\n<\/ul>\n\n<p>H\u00e4r \u00e4r priserna:<\/p>\n\n<ul class=\"wp-block-list\">\n<li>Intr\u00e4de till klostret: \u20ac6<\/li>\n\n\n\n<li>Kombinerat bes\u00f6k med katedralen: \u20ac11<\/li>\n<\/ul>\n\n<p>Vi rekommenderar det kombinerade alternativet, som ger utm\u00e4rkt valuta f\u00f6r pengarna f\u00f6r att uppt\u00e4cka tv\u00e5 av Almerias viktigaste religi\u00f6sa monument.<\/p>\n\n<h3 class=\"wp-block-heading\">Guidade turer<\/h3>\n\n<p>En <strong>audioguide<\/strong> finns tillg\u00e4nglig f\u00f6r att hj\u00e4lpa dig att utforska klostret. F\u00f6r en mer djupg\u00e5ende upplevelse kan <strong>guidade turer<\/strong> ordnas <strong>p\u00e5 beg\u00e4ran<\/strong>. Bes\u00f6k den officiella webbplatsen f\u00f6r mer information <a href=\"https:\/\/monasteriopuras.com\/visita-turistica\/\" target=\"_blank\" rel=\"noreferrer noopener nofollow\">.<\/a><\/p>\n\n<figure class=\"wp-block-image size-large\"><img loading=\"lazy\" decoding=\"async\" src=\"https:\/\/photos.smugmug.com\/Andalucia-Lovers\/Almeria\/Monasterio\/i-pQmqSV9\/0\/NjB5KjNHGrnFCkjnGnkn8hVdVfg3gS8F3S8hJPGLp\/L\/monasterio-puras-almeria-13-L.jpg\" alt=\"Monasterio de las Puras - Guidade turer\"\/><\/figure>\n\n<h3 class=\"wp-block-heading\">Catering<\/h3>\n\n<p>Det finns inga restauranger p\u00e5 plats, men eftersom klostret ligger i stadens centrum finns det gott om alternativ p\u00e5 de omgivande gatorna. Bara 2 steg fr\u00e5n klostret provade vi Caf\u00e9 Hierbabuena, d\u00e4r vi drack en uts\u00f6kt f\u00e4rsk apelsinjuice.  <br\/>Hitta v\u00e5ra adresser i v\u00e5r artikel <a href=\"https:\/\/andalucialovers.com\/sv\/basta-restaurang-almeria-ata-omdomen\/\" target=\"_blank\" rel=\"noreferrer noopener\">Var man kan \u00e4ta i Almer\u00eda<\/a>.<\/p>\n\n<figure class=\"wp-block-image size-large\"><img loading=\"lazy\" decoding=\"async\" src=\"https:\/\/photos.smugmug.com\/Andalucia-Lovers\/Almeria\/Restaurants\/i-DQfxrSR\/0\/LJpTcXW8sQ2XmRCNQXwZHh7M92PsjFnrDh2dwMFTz\/L\/cafe-hierbabuena-almeria-spain-2-L.jpg\" alt=\"Monasterio de las Puras - Catering\"\/><\/figure>\n\n<div style=\"background-color:#fefefe;margin-top:6%;margin-bottom:6%\" class=\"wp-block-genesis-blocks-gb-container box gb-block-container\"><div class=\"gb-container-inside\"><div class=\"gb-container-content\" style=\"max-width:700px\">\n<div class=\"wp-block-columns inverse is-layout-flex wp-container-core-columns-is-layout-9d6595d7 wp-block-columns-is-layout-flex\">\n<div class=\"wp-block-column texte_planif is-layout-flow wp-block-column-is-layout-flow\" style=\"flex-basis:58%\">\n<h5 class=\"titre_box\">Ta emot v\u00e5rt <span class=\"titre_box_manuscrit\">nyhetsbrev<\/span><\/h5>\n\n\n\n<ul class=\"wp-block-list\">\n<li>En frisk fl\u00e4kt i ditt dagliga liv p\u00e5 de vackra destinationerna i Region Lovers!<\/li>\n\n\n\n<li>En g\u00e5ng i m\u00e5naden<\/li>\n\n\n\n<li>Reklamfri<\/li>\n<\/ul>\n\n\n<script>\nvar gform;gform||(document.addEventListener(\"gform_main_scripts_loaded\",function(){gform.scriptsLoaded=!0}),document.addEventListener(\"gform\/theme\/scripts_loaded\",function(){gform.themeScriptsLoaded=!0}),window.addEventListener(\"DOMContentLoaded\",function(){gform.domLoaded=!0}),gform={domLoaded:!1,scriptsLoaded:!1,themeScriptsLoaded:!1,isFormEditor:()=>\"function\"==typeof InitializeEditor,callIfLoaded:function(o){return!(!gform.domLoaded||!gform.scriptsLoaded||!gform.themeScriptsLoaded&&!gform.isFormEditor()||(gform.isFormEditor()&&console.warn(\"The use of gform.initializeOnLoaded() is deprecated in the form editor context and will be removed in Gravity Forms 3.1.\"),o(),0))},initializeOnLoaded:function(o){gform.callIfLoaded(o)||(document.addEventListener(\"gform_main_scripts_loaded\",()=>{gform.scriptsLoaded=!0,gform.callIfLoaded(o)}),document.addEventListener(\"gform\/theme\/scripts_loaded\",()=>{gform.themeScriptsLoaded=!0,gform.callIfLoaded(o)}),window.addEventListener(\"DOMContentLoaded\",()=>{gform.domLoaded=!0,gform.callIfLoaded(o)}))},hooks:{action:{},filter:{}},addAction:function(o,r,e,t){gform.addHook(\"action\",o,r,e,t)},addFilter:function(o,r,e,t){gform.addHook(\"filter\",o,r,e,t)},doAction:function(o){gform.doHook(\"action\",o,arguments)},applyFilters:function(o){return gform.doHook(\"filter\",o,arguments)},removeAction:function(o,r){gform.removeHook(\"action\",o,r)},removeFilter:function(o,r,e){gform.removeHook(\"filter\",o,r,e)},addHook:function(o,r,e,t,n){null==gform.hooks[o][r]&&(gform.hooks[o][r]=[]);var d=gform.hooks[o][r];null==n&&(n=r+\"_\"+d.length),gform.hooks[o][r].push({tag:n,callable:e,priority:t=null==t?10:t})},doHook:function(r,o,e){var t;if(e=Array.prototype.slice.call(e,1),null!=gform.hooks[r][o]&&((o=gform.hooks[r][o]).sort(function(o,r){return o.priority-r.priority}),o.forEach(function(o){\"function\"!=typeof(t=o.callable)&&(t=window[t]),\"action\"==r?t.apply(null,e):e[0]=t.apply(null,e)})),\"filter\"==r)return e[0]},removeHook:function(o,r,t,n){var e;null!=gform.hooks[o][r]&&(e=(e=gform.hooks[o][r]).filter(function(o,r,e){return!!(null!=n&&n!=o.tag||null!=t&&t!=o.priority)}),gform.hooks[o][r]=e)}});\n<\/script>\n\n                <div class='gf_browser_gecko gform_wrapper gform-theme gform-theme--foundation gform-theme--framework gform-theme--orbital waitlist_wrapper' data-form-theme='orbital' data-form-index='0' id='gform_wrapper_2' ><style>#gform_wrapper_2[data-form-index=\"0\"].gform-theme,[data-parent-form=\"2_0\"]{--gf-color-primary: #204ce5;--gf-color-primary-rgb: 32, 76, 229;--gf-color-primary-contrast: #fff;--gf-color-primary-contrast-rgb: 255, 255, 255;--gf-color-primary-darker: #001AB3;--gf-color-primary-lighter: #527EFF;--gf-color-secondary: #fff;--gf-color-secondary-rgb: 255, 255, 255;--gf-color-secondary-contrast: #112337;--gf-color-secondary-contrast-rgb: 17, 35, 55;--gf-color-secondary-darker: #F5F5F5;--gf-color-secondary-lighter: #FFFFFF;--gf-color-out-ctrl-light: rgba(17, 35, 55, 0.1);--gf-color-out-ctrl-light-rgb: 17, 35, 55;--gf-color-out-ctrl-light-darker: rgba(104, 110, 119, 0.35);--gf-color-out-ctrl-light-lighter: #F5F5F5;--gf-color-out-ctrl-dark: #585e6a;--gf-color-out-ctrl-dark-rgb: 88, 94, 106;--gf-color-out-ctrl-dark-darker: #112337;--gf-color-out-ctrl-dark-lighter: rgba(17, 35, 55, 0.65);--gf-color-in-ctrl: #fff;--gf-color-in-ctrl-rgb: 255, 255, 255;--gf-color-in-ctrl-contrast: #112337;--gf-color-in-ctrl-contrast-rgb: 17, 35, 55;--gf-color-in-ctrl-darker: #F5F5F5;--gf-color-in-ctrl-lighter: #FFFFFF;--gf-color-in-ctrl-primary: #204ce5;--gf-color-in-ctrl-primary-rgb: 32, 76, 229;--gf-color-in-ctrl-primary-contrast: #fff;--gf-color-in-ctrl-primary-contrast-rgb: 255, 255, 255;--gf-color-in-ctrl-primary-darker: #001AB3;--gf-color-in-ctrl-primary-lighter: #527EFF;--gf-color-in-ctrl-light: rgba(17, 35, 55, 0.1);--gf-color-in-ctrl-light-rgb: 17, 35, 55;--gf-color-in-ctrl-light-darker: rgba(104, 110, 119, 0.35);--gf-color-in-ctrl-light-lighter: #F5F5F5;--gf-color-in-ctrl-dark: #585e6a;--gf-color-in-ctrl-dark-rgb: 88, 94, 106;--gf-color-in-ctrl-dark-darker: #112337;--gf-color-in-ctrl-dark-lighter: rgba(17, 35, 55, 0.65);--gf-radius: 3px;--gf-font-size-secondary: 14px;--gf-font-size-tertiary: 13px;--gf-icon-ctrl-number: url(\"data:image\/svg+xml,%3Csvg width='8' height='14' viewBox='0 0 8 14' fill='none' xmlns='http:\/\/www.w3.org\/2000\/svg'%3E%3Cpath fill-rule='evenodd' clip-rule='evenodd' d='M4 0C4.26522 5.96046e-08 4.51957 0.105357 4.70711 0.292893L7.70711 3.29289C8.09763 3.68342 8.09763 4.31658 7.70711 4.70711C7.31658 5.09763 6.68342 5.09763 6.29289 4.70711L4 2.41421L1.70711 4.70711C1.31658 5.09763 0.683417 5.09763 0.292893 4.70711C-0.0976311 4.31658 -0.097631 3.68342 0.292893 3.29289L3.29289 0.292893C3.48043 0.105357 3.73478 0 4 0ZM0.292893 9.29289C0.683417 8.90237 1.31658 8.90237 1.70711 9.29289L4 11.5858L6.29289 9.29289C6.68342 8.90237 7.31658 8.90237 7.70711 9.29289C8.09763 9.68342 8.09763 10.3166 7.70711 10.7071L4.70711 13.7071C4.31658 14.0976 3.68342 14.0976 3.29289 13.7071L0.292893 10.7071C-0.0976311 10.3166 -0.0976311 9.68342 0.292893 9.29289Z' fill='rgba(17, 35, 55, 0.65)'\/%3E%3C\/svg%3E\");--gf-icon-ctrl-select: url(\"data:image\/svg+xml,%3Csvg width='10' height='6' viewBox='0 0 10 6' fill='none' xmlns='http:\/\/www.w3.org\/2000\/svg'%3E%3Cpath fill-rule='evenodd' clip-rule='evenodd' d='M0.292893 0.292893C0.683417 -0.097631 1.31658 -0.097631 1.70711 0.292893L5 3.58579L8.29289 0.292893C8.68342 -0.0976311 9.31658 -0.0976311 9.70711 0.292893C10.0976 0.683417 10.0976 1.31658 9.70711 1.70711L5.70711 5.70711C5.31658 6.09763 4.68342 6.09763 4.29289 5.70711L0.292893 1.70711C-0.0976311 1.31658 -0.0976311 0.683418 0.292893 0.292893Z' fill='rgba(17, 35, 55, 0.65)'\/%3E%3C\/svg%3E\");--gf-icon-ctrl-search: url(\"data:image\/svg+xml,%3Csvg width='640' height='640' xmlns='http:\/\/www.w3.org\/2000\/svg'%3E%3Cpath d='M256 128c-70.692 0-128 57.308-128 128 0 70.691 57.308 128 128 128 70.691 0 128-57.309 128-128 0-70.692-57.309-128-128-128zM64 256c0-106.039 85.961-192 192-192s192 85.961 192 192c0 41.466-13.146 79.863-35.498 111.248l154.125 154.125c12.496 12.496 12.496 32.758 0 45.254s-32.758 12.496-45.254 0L367.248 412.502C335.862 434.854 297.467 448 256 448c-106.039 0-192-85.962-192-192z' fill='rgba(17, 35, 55, 0.65)'\/%3E%3C\/svg%3E\");--gf-label-space-y-secondary: var(--gf-label-space-y-md-secondary);--gf-ctrl-border-color: #686e77;--gf-ctrl-size: var(--gf-ctrl-size-md);--gf-ctrl-label-color-primary: #112337;--gf-ctrl-label-color-secondary: #112337;--gf-ctrl-choice-size: var(--gf-ctrl-choice-size-md);--gf-ctrl-checkbox-check-size: var(--gf-ctrl-checkbox-check-size-md);--gf-ctrl-radio-check-size: var(--gf-ctrl-radio-check-size-md);--gf-ctrl-btn-font-size: var(--gf-ctrl-btn-font-size-md);--gf-ctrl-btn-padding-x: var(--gf-ctrl-btn-padding-x-md);--gf-ctrl-btn-size: var(--gf-ctrl-btn-size-md);--gf-ctrl-btn-border-color-secondary: #686e77;--gf-ctrl-file-btn-bg-color-hover: #EBEBEB;--gf-field-img-choice-size: var(--gf-field-img-choice-size-md);--gf-field-img-choice-card-space: var(--gf-field-img-choice-card-space-md);--gf-field-img-choice-check-ind-size: var(--gf-field-img-choice-check-ind-size-md);--gf-field-img-choice-check-ind-icon-size: var(--gf-field-img-choice-check-ind-icon-size-md);--gf-field-pg-steps-number-color: rgba(17, 35, 55, 0.8);}<\/style>\n                        <div class='gform_heading'>\n                            <p class='gform_description'><\/p>\n                        <\/div><form method='post' enctype='multipart\/form-data'  id='gform_2' class='waitlist' action='\/sv\/wp-json\/wp\/v2\/posts\/5480' data-formid='2' novalidate>\n                        <div class='gform-body gform_body'><div id='gform_fields_2' class='gform_fields top_label form_sublabel_below description_below validation_below'><div id=\"field_2_1\" class=\"gfield gfield--type-email gfield--input-type-email gfield_contains_required field_sublabel_below gfield--no-description field_description_below hidden_label field_validation_below gfield_visibility_visible\"  ><label class='gfield_label gform-field-label' for='input_2_1'>E-mail<span class=\"gfield_required\"><span class=\"gfield_required gfield_required_text\">(Obligatoriskt)<\/span><\/span><\/label><div class='ginput_container ginput_container_email'>\n                            <input name='input_1' id='input_2_1' type='email' value='' class='large'    aria-required=\"true\" aria-invalid=\"false\"  \/>\n                        <\/div><\/div><fieldset id=\"field_2_3\" class=\"gfield gfield--type-consent gfield--type-choice gfield--input-type-consent gfield--width-full gfield_contains_required field_sublabel_below gfield--no-description field_description_below hidden_label field_validation_below gfield_visibility_visible\"  ><legend class='gfield_label gform-field-label gfield_label_before_complex' >RGPD<span class=\"gfield_required\"><span class=\"gfield_required gfield_required_text\">(Obligatoriskt)<\/span><\/span><\/legend><div class='ginput_container ginput_container_consent'><input name='input_3.1' id='input_2_3_1' type='checkbox' value='1'   aria-required=\"true\" aria-invalid=\"false\"   \/> <label class=\"gform-field-label gform-field-label--type-inline gfield_consent_label\" for='input_2_3_1' >Ja, jag vill prenumerera p\u00e5 det m\u00e5natliga nyhetsbrevet<span class=\"gfield_required gfield_required_text\">(Obligatoriskt)<\/span><\/label><input type='hidden' name='input_3.2' value='Ja, jag vill prenumerera p\u00e5 det m\u00e5natliga nyhetsbrevet' class='gform_hidden' \/><input type='hidden' name='input_3.3' value='1' class='gform_hidden' \/><\/div><\/fieldset><div id=\"field_2_4\" class=\"gfield gfield--type-website gfield--input-type-website gfield--width-full field_sublabel_below gfield--no-description field_description_below field_validation_below gfield_visibility_hidden\"  ><div class=\"admin-hidden-markup\"><i class=\"gform-icon gform-icon--hidden\" aria-hidden=\"true\" title=\"Detta f\u00e4lt \u00e4r dolt n\u00e4r formul\u00e4ret visas\"><\/i><span>Detta f\u00e4lt \u00e4r dolt n\u00e4r formul\u00e4ret visas<\/span><\/div><label class='gfield_label gform-field-label' for='input_2_4'>Site Web<\/label><div class='ginput_container ginput_container_website'>\n                    <input name='input_4' id='input_2_4' type='url' value='https:\/\/andalucialovers.com\/sv\/wp-json\/wp\/v2\/posts\/5480' class='large'    placeholder='https:\/\/'  aria-invalid=\"false\" \/>\n                <\/div><\/div><\/div><\/div>\n        <div class='gform-footer gform_footer top_label'> <input type='submit' id='gform_submit_button_2' class='gform_button button' onclick='gform.submission.handleButtonClick(this);' data-submission-type='submit' value='Prenumerera'  \/> \n            <input type='hidden' class='gform_hidden' name='gform_submission_method' data-js='gform_submission_method_2' value='postback' \/>\n            <input type='hidden' class='gform_hidden' name='gform_theme' data-js='gform_theme_2' id='gform_theme_2' value='orbital' \/>\n            <input type='hidden' class='gform_hidden' name='gform_style_settings' data-js='gform_style_settings_2' id='gform_style_settings_2' value='{&quot;inputPrimaryColor&quot;:&quot;#204ce5&quot;}' \/>\n            <input type='hidden' class='gform_hidden' name='is_submit_2' value='1' \/>\n            <input type='hidden' class='gform_hidden' name='gform_submit' value='2' \/>\n            \n            <input type='hidden' class='gform_hidden' name='gform_currency' data-currency='EUR' value='R\/UTq30b3hfT69YHZ8ZktKi0tTTJFietspOzFLgvS52kLUJm1EN3CRg6\/tlVL3j8MH3HoVw79WAhMnzZIqPwBrQzgmoieZqnyI+zsRd5E9YMgGQ=' \/>\n            <input type='hidden' class='gform_hidden' name='gform_unique_id' value='' \/>\n            <input type='hidden' class='gform_hidden' name='state_2' value='WyJ7XCIzLjFcIjpcImFiMWYyZTEyMGRiNDNhMTEzMGI1YWIyYTNiZGQ5Mjg5XCIsXCIzLjJcIjpcImFlNWU3YWFjYjMyZWMzMWQ4YzU2MjA0NTk0M2NhZmE4XCIsXCIzLjNcIjpcImFiMWYyZTEyMGRiNDNhMTEzMGI1YWIyYTNiZGQ5Mjg5XCJ9IiwiYjg2NDg4ZWJkOTRiNmQ1ZGM4Y2FlNzlhOWNkZmJlYzEiXQ==' \/>\n            <input type='hidden' autocomplete='off' class='gform_hidden' name='gform_target_page_number_2' id='gform_target_page_number_2' value='0' \/>\n            <input type='hidden' autocomplete='off' class='gform_hidden' name='gform_source_page_number_2' id='gform_source_page_number_2' value='1' \/>\n            <input type='hidden' name='gform_field_values' value='' \/>\n            \n        <\/div>\n                        <\/form>\n                        <\/div><script>\ngform.initializeOnLoaded( function() {gformInitSpinner( 2, 'https:\/\/andalucialovers.com\/wp-content\/plugins\/gravityforms\/images\/spinner.svg', false );jQuery('#gform_ajax_frame_2').on('load',function(){var contents = jQuery(this).contents().find('*').html();var is_postback = contents.indexOf('GF_AJAX_POSTBACK') >= 0;if(!is_postback){return;}var form_content = jQuery(this).contents().find('#gform_wrapper_2');var is_confirmation = jQuery(this).contents().find('#gform_confirmation_wrapper_2').length > 0;var is_redirect = contents.indexOf('gformRedirect(){') >= 0;var is_form = form_content.length > 0 && ! is_redirect && ! is_confirmation;var mt = parseInt(jQuery('html').css('margin-top'), 10) + parseInt(jQuery('body').css('margin-top'), 10) + 100;if(is_form){jQuery('#gform_wrapper_2').html(form_content.html());if(form_content.hasClass('gform_validation_error')){jQuery('#gform_wrapper_2').addClass('gform_validation_error');} else {jQuery('#gform_wrapper_2').removeClass('gform_validation_error');}setTimeout( function() { \/* delay the scroll by 50 milliseconds to fix a bug in chrome *\/  }, 50 );if(window['gformInitDatepicker']) {gformInitDatepicker();}if(window['gformInitPriceFields']) {gformInitPriceFields();}var current_page = jQuery('#gform_source_page_number_2').val();gformInitSpinner( 2, 'https:\/\/andalucialovers.com\/wp-content\/plugins\/gravityforms\/images\/spinner.svg', false );jQuery(document).trigger('gform_page_loaded', [2, current_page]);window['gf_submitting_2'] = false;}else if(!is_redirect){var confirmation_content = jQuery(this).contents().find('.GF_AJAX_POSTBACK').html();if(!confirmation_content){confirmation_content = contents;}jQuery('#gform_wrapper_2').replaceWith(confirmation_content);jQuery(document).trigger('gform_confirmation_loaded', [2]);window['gf_submitting_2'] = false;wp.a11y.speak(jQuery('#gform_confirmation_message_2').text());}else{jQuery('#gform_2').append(contents);if(window['gformRedirect']) {gformRedirect();}}jQuery(document).trigger(\"gform_pre_post_render\", [{ formId: \"2\", currentPage: \"current_page\", abort: function() { this.preventDefault(); } }]);        if (event && event.defaultPrevented) {                return;        }        const gformWrapperDiv = document.getElementById( \"gform_wrapper_2\" );        if ( gformWrapperDiv ) {            const visibilitySpan = document.createElement( \"span\" );            visibilitySpan.id = \"gform_visibility_test_2\";            gformWrapperDiv.insertAdjacentElement( \"afterend\", visibilitySpan );        }        const visibilityTestDiv = document.getElementById( \"gform_visibility_test_2\" );        let postRenderFired = false;        function triggerPostRender() {            if ( postRenderFired ) {                return;            }            postRenderFired = true;            gform.core.triggerPostRenderEvents( 2, current_page );            if ( visibilityTestDiv ) {                visibilityTestDiv.parentNode.removeChild( visibilityTestDiv );            }        }        function debounce( func, wait, immediate ) {            var timeout;            return function() {                var context = this, args = arguments;                var later = function() {                    timeout = null;                    if ( !immediate ) func.apply( context, args );                };                var callNow = immediate && !timeout;                clearTimeout( timeout );                timeout = setTimeout( later, wait );                if ( callNow ) func.apply( context, args );            };        }        const debouncedTriggerPostRender = debounce( function() {            triggerPostRender();        }, 200 );        if ( visibilityTestDiv && visibilityTestDiv.offsetParent === null ) {            const observer = new MutationObserver( ( mutations ) => {                mutations.forEach( ( mutation ) => {                    if ( mutation.type === 'attributes' && visibilityTestDiv.offsetParent !== null ) {                        debouncedTriggerPostRender();                        observer.disconnect();                    }                });            });            observer.observe( document.body, {                attributes: true,                childList: false,                subtree: true,                attributeFilter: [ 'style', 'class' ],            });        } else {            triggerPostRender();        }    } );} );\n<\/script>\n<\/div>\n\n\n\n<div class=\"wp-block-column is-layout-flow wp-block-column-is-layout-flow\" style=\"flex-basis:42%\">\n<div class=\"wp-block-genesis-blocks-gb-container aligncenter newsletter-radius gb-block-container\"><div class=\"gb-container-inside\"><div class=\"gb-container-content\"><div class=\"wp-block-image newsletter-image\">\n<figure class=\"aligncenter size-full\"><img width=\"729\" height=\"792\" loading=\"lazy\" decoding=\"async\" src=\"https:\/\/andalucialovers.com\/wp-content\/uploads\/2024\/05\/newsletter_FR_2.webp\" alt=\"nyhetsbrev_EN_2\" class=\"wp-image-372\" srcset=\"https:\/\/andalucialovers.com\/wp-content\/uploads\/2024\/05\/newsletter_FR_2.webp 729w, https:\/\/andalucialovers.com\/wp-content\/uploads\/2024\/05\/newsletter_FR_2-276x300.webp 276w\" sizes=\"auto, (max-width: 729px) 100vw, 729px\" \/><\/figure>\n<\/div><\/div><\/div><\/div>\n<\/div>\n<\/div>\n<\/div><\/div><\/div>\n\n<h2 class=\"wp-block-heading\">Vad kan du se p\u00e5 Monasterio de las Puras? De 8 viktigaste stegen<\/h2>\n\n<p>Klostret avsl\u00f6jar sina skatter under en noggrant organiserad rundtur. Vi f\u00e4ngslades av den m\u00e5ngfald av utrymmen som utg\u00f6r denna plats f\u00f6r klosterliv, var och en vittnar om en exakt funktion i organisationen av den religi\u00f6sa gemenskapen.<\/p>\n\n<h3 class=\"wp-block-heading\">Klostret fr\u00e5n 1500-talet: en oas av frid<\/h3>\n\n<p>En <strong>fridfull atmosf\u00e4r<\/strong> v\u00e4lkomnar bes\u00f6kare till denna centrala uteplats, en riktig tidskapsel. Detta kloster fr\u00e5n 1500-talet \u00e4r k\u00e4nt f\u00f6r sina <strong>toskanska pelare<\/strong> och valv i <strong>Mud\u00e9jar-stil<\/strong>. Vi slogs av den eleganta arkitekturen, som kombinerar nykterhet och f\u00f6rfining. Du kommer att se en <strong>triumfpelare<\/strong> prydd med bysten av Saint Beatrice de Silva, grundare av Conceptionist-orden, samt en vattencistern som vittnar om byggm\u00e4starnas uppfinningsrikedom f\u00f6r att s\u00e4kerst\u00e4lla klostrets autonomi. Den centrala uteplatsen f\u00f6rdelar de olika rummen som utg\u00f6r klostret p\u00e5 vardera sidan. P\u00e5 bottenv\u00e5ningen finns gemensamma utrymmen som kyrkan och refektoriet.  <br\/>Nunnornas privata rum, kapitelsalen och h\u00f6gk\u00f6ren ligger p\u00e5 \u00f6verv\u00e5ningen. Vi uppskattade denna rationella organisation, som perfekt \u00e5terspeglar hierarkin i klostrets utrymmen mellan samh\u00e4llsliv och clausura.<\/p>\n\n<figure class=\"wp-block-image size-large\"><img loading=\"lazy\" decoding=\"async\" src=\"https:\/\/photos.smugmug.com\/Andalucia-Lovers\/Almeria\/Monasterio\/i-9zsWN23\/0\/M32s49bJzVBXJJbdH45HwStNHq8f97tcwHXkHRh7C\/L\/monasterio-puras-almeria-02-L.jpg\" alt=\"Monasterio de las Puras - Klostret fr&#xE5;n 1500-talet\"\/><\/figure>\n\n<h3 class=\"wp-block-heading\">Klosterkyrkan: ett smyckeskrin av andlighet<\/h3>\n\n<p>Kyrkan har en <strong>rektangul\u00e4r planl\u00f6sning<\/strong> och ett magnifikt <strong>kassettak<\/strong> som omedelbart f\u00e5ngar blicken. Vi imponerades av <strong>proportionerna som \u00e4r typiska f\u00f6r designarkitekturen<\/strong> och som skapar ett utrymme som \u00e4r b\u00e5de intimt och h\u00f6gtidligt. <strong>\u00c4ndringar fr\u00e5n 1700-talet<\/strong> berikade byggnaden utan att <strong>f\u00f6r\u00e4ndra<\/strong> dess ursprungliga harmoni. Du kommer att uppt\u00e4cka anm\u00e4rkningsv\u00e4rda <strong>altartavlor<\/strong> av m\u00e4stare som L\u00f3pez, Salzillo, Mora och Garc\u00eda Puerta, verkliga m\u00e4sterverk inom barockens sakrala konst. <strong>M\u00e5lningarna av Jungfru Marias liv<\/strong> som pryder v\u00e4ggarna ber\u00e4ttar historien om Jungfru Maria, som \u00e4r s\u00e5 k\u00e4r f\u00f6r Conceptionist-orden. Vi uppskattade s\u00e4rskilt kvaliteten p\u00e5 konserveringen av dessa verk, som g\u00f6r det m\u00f6jligt f\u00f6r oss att uppskatta alla finesser i konstn\u00e4rernas arbete. Det hela \u00e4r en milj\u00f6 med stor andlig och konstn\u00e4rlig rikedom, d\u00e4r du kan f\u00e5nga all den gl\u00f6d som finns i klostrets h\u00e4ngivenhet.<\/p>\n\n<figure class=\"wp-block-image size-large\"><img loading=\"lazy\" decoding=\"async\" src=\"https:\/\/photos.smugmug.com\/Andalucia-Lovers\/Almeria\/Monasterio\/i-7xbmTXM\/0\/LJLVVxZRkrXbkLNQ6NHv7MJgGmPZ3b3bwrGV8wbDT\/L\/monasterio-puras-almeria-03-L.jpg\" alt=\"Monasterio de las Puras - Klostrets kyrka\"\/><\/figure>\n\n<h3 class=\"wp-block-heading\">Den l\u00e5ga k\u00f6ren: mellan clausura och liturgi<\/h3>\n\n<p>Det <strong>l\u00e5ga koret<\/strong> \u00e4r ett fascinerande utrymme som perfekt illustrerar livet i <strong>klostret f\u00f6r nunnor<\/strong>. Vi blev fascinerade av den arkitektoniska uppfinningsrikedomen som g\u00f6r det m\u00f6jligt f\u00f6r nunnorna att delta i m\u00e4ssan samtidigt som de respekterar sitt l\u00f6fte om clausura. Du kommer att l\u00e4gga m\u00e4rke till de vackra <strong>pelarna<\/strong> som strukturerar utrymmet och en fint utformad <strong>biktstol fr\u00e5n 1700-talet<\/strong>. Men det var <strong>nattvardsf\u00f6nstret<\/strong> som verkligen f\u00e5ngade v\u00e5r uppm\u00e4rksamhet. Denna diskreta anordning gjorde det m\u00f6jligt att \u00f6verl\u00e4mna ostia till nunnorna under kommunionen och p\u00e5 s\u00e5 s\u00e4tt uppr\u00e4tth\u00e5lla den andliga kopplingen till eukaristins firande utan att bryta den fysiska separation som klosterregeln f\u00f6reskrev.<\/p>\n\n<figure class=\"wp-block-image size-large\"><img loading=\"lazy\" decoding=\"async\" src=\"https:\/\/photos.smugmug.com\/Andalucia-Lovers\/Almeria\/Monasterio\/i-fk7SZ8S\/0\/NBtrxmkh3FwFfvhgFd3QM7b9BDShpZzVpfqJd9T4B\/L\/monasterio-puras-almeria-04-L.jpg\" alt=\"Monasterio de las Puras - Den l&#xE5;ga k&#xF6;ren\"\/><\/figure>\n\n<h3 class=\"wp-block-heading\">Refektoriet: vittnesb\u00f6rd om samh\u00e4llslivet<\/h3>\n\n<p><strong>Refektoriet<\/strong> avsl\u00f6jar den dagliga organisationen av klostergemenskapen kring gemensamma m\u00e5ltider. Vi imponerades av den sobra och funktionella<strong>arkitekturen<\/strong> i detta rum, som f\u00f6rst\u00e4rktes av tidstypiska <strong>m\u00f6bler<\/strong> som f\u00f6rde oss tillbaka i tiden. Du kommer att l\u00e4gga m\u00e4rke till den upph\u00f6jda <strong>l\u00e4spulpeten<\/strong> fr\u00e5n vilken en nunna l\u00e4ste andliga texter medan hennes systrar \u00e5t under tystnad. Denna praxis illustrerar hur varje \u00f6gonblick av klosterlivet var inriktat p\u00e5 meditation och andlig upph\u00f6jelse.  <\/p>\n\n<figure class=\"wp-block-image size-large\"><img loading=\"lazy\" decoding=\"async\" src=\"https:\/\/photos.smugmug.com\/Andalucia-Lovers\/Almeria\/Monasterio\/i-HjjPPgM\/0\/MNDL6FkMMwnrs9nqtthb6GpxSBDFWXxPcPhPL85ss\/L\/monasterio-puras-almeria-05-L.jpg\" alt=\"Monasterio de las Puras - Refektoriet\"\/><\/figure>\n\n<p>H\u00e5ll utkik efter de <strong>v\u00e4ggm\u00e5lningar<\/strong> som en g\u00e5ng prydde v\u00e4ggarna. Tyv\u00e4rr t\u00e4cktes de \u00f6ver med <strong>kalk 1936<\/strong>, under spanska inb\u00f6rdeskriget. Vi tyckte att denna f\u00f6rlust var beklaglig, men den vittnar ocks\u00e5 om klostrets turbulenta historia.<\/p>\n\n<figure class=\"wp-block-image size-large\"><img loading=\"lazy\" decoding=\"async\" src=\"https:\/\/photos.smugmug.com\/Andalucia-Lovers\/Almeria\/Monasterio\/i-gnXBSLS\/0\/Lm6NKh3JVRjHgZWcLrZjrKc5rJc2RjxbMH2c78fgR\/L\/monasterio-puras-almeria-06-L.jpg\" alt=\"Monasterio de las Puras - Refektoriet\"\/><\/figure>\n\n<h3 class=\"wp-block-heading\">Den ursprungliga cellen: monastisk str\u00e4nghet<\/h3>\n\n<p>Ett bes\u00f6k i en <strong>originalcell<\/strong> \u00e4r en s\u00e4rskilt r\u00f6rande del av rundturen. Vi slogs av den extrema <strong>nykterheten<\/strong> i detta utrymme, d\u00e4r en nunna tillbringade sina n\u00e4tter i b\u00f6n och vila. Den <strong>gamla s\u00e4ngen som fortfarande finns bevarad<\/strong> vittnar om de <strong>blygsamma levnadsf\u00f6rh\u00e5llanden<\/strong> som nunnorna valde, som avstod fr\u00e5n alla materiella bekv\u00e4mligheter. Du kommer att se den sl\u00e5ende kontrasten mellan enkelheten i dessa celler och den konstn\u00e4rliga rikedomen i klostrets gemensamma utrymmen. Denna inblick <strong>i nunnornas dagliga liv<\/strong> ger en konkret f\u00f6rst\u00e5else f\u00f6r vad det inneb\u00e4r att leva ett liv helt \u00e4gnat \u00e5t kontemplation. Vi uppskattar det faktum att klostret har bevarat denna autentiska plats, som ger en s\u00e4llsynt och v\u00e4rdefull inblick i klosterlivets verklighet, l\u00e5ngt fr\u00e5n alla idealiseringar. Du kommer att kunna f\u00f6rst\u00e5 alla de dimensioner av sj\u00e4lvuppoffring och andlig h\u00e4ngivenhet som k\u00e4nnetecknade dessa kvinnor.<\/p>\n\n<figure class=\"wp-block-image size-large\"><img loading=\"lazy\" decoding=\"async\" src=\"https:\/\/photos.smugmug.com\/Andalucia-Lovers\/Almeria\/Monasterio\/i-DRhKMjS\/0\/Lq7QBh8QVXw5QwZfw4mpTLDvnC9wH4bgG9LFVmJs8\/L\/monasterio-puras-almeria-08-L.jpg\" alt=\"Monasterio de las Puras - Den ursprungliga cellen\"\/><\/figure>\n\n<h3 class=\"wp-block-heading\">B\u00f6nekapellet i tr\u00e4dg\u00e5rden<\/h3>\n\n<p><strong>Chapelle de la Pri\u00e8re i tr\u00e4dg\u00e5rden<\/strong> inneh\u00e5ller n\u00e5gra anm\u00e4rkningsv\u00e4rda konstverk som f\u00f6rtj\u00e4nar s\u00e4rskild uppm\u00e4rksamhet. Den har f\u00e5tt sitt namn fr\u00e5n <strong>Luis Baruesos m\u00e5lning<\/strong> <strong>Jesus och apostlarna<\/strong>, en k\u00e4nslom\u00e4ssigt stark komposition som f\u00e5ngar Kristus gl\u00f6d n\u00e4r apostlarna sover bredvid honom. Men det var <strong>kistan med de tre nycklarna<\/strong> som f\u00e5ngade v\u00e5r uppm\u00e4rksamhet mest. Den h\u00e4r gamla m\u00f6beln hade en stark <strong>symbolik<\/strong>: var och en av de tre nycklarna anf\u00f6rtroddes \u00e5t olika auktoriteter i klostret, vilket s\u00e4kerst\u00e4llde att kistan endast kunde \u00f6ppnas i n\u00e4rvaro av flera vittnen. Vi tyckte att detta system var genialt och illustrerade klostrets str\u00e4nga f\u00f6rvaltning och den \u00f6ppenhet som efterstr\u00e4vades i administrationen av samh\u00e4llets tillg\u00e5ngar.<\/p>\n\n<figure class=\"wp-block-image size-large\"><img loading=\"lazy\" decoding=\"async\" src=\"https:\/\/photos.smugmug.com\/Andalucia-Lovers\/Almeria\/Monasterio\/i-6bWLLvf\/0\/L3NkbMK5q3VGzpwmJfqq5RC8qwPwqWH7mCKNSJ62B\/L\/monasterio-puras-almeria-10-L.jpg\" alt=\"Monasterio de las Puras - B&#xF6;nekapellet i tr&#xE4;dg&#xE5;rden\"\/><\/figure>\n\n<h3 class=\"wp-block-heading\">Kapitelhuset: klostrets beslutsfattande hj\u00e4rta<\/h3>\n\n<p><strong>Kapitelhuset<\/strong> var klosterlivets nervcentrum, d\u00e4r viktiga beslut som p\u00e5verkade samfundet fattades. Vi blev imponerade av den symboliska <strong>funktionen<\/strong> i detta utrymme, d\u00e4r nunnorna h\u00f6ll sina regelbundna m\u00f6ten. Den rumsliga<strong>organisationen<\/strong> \u00e5terspeglar klostrets hierarki, med platser ordnade efter varje nunnas rang och senioritet. Beundra det magnifika, rikt dekorerade <strong>kassettaket<\/strong> och den sobra men eleganta <strong>dekorationen<\/strong> p\u00e5 v\u00e4ggarna. Vi blev f\u00f6rv\u00e5nade \u00f6ver att uppt\u00e4cka ett <strong>piano<\/strong> i detta rum, vilket vittnar om den betydelse som musik tillm\u00e4ts i den conceptionistiska andligheten. <strong>Franciskanerordens tr\u00e4d fr\u00e5n<\/strong> <strong>1600-talet<\/strong> \u00e4r en av rummets mittpunkter. Denna genealogiska framst\u00e4llning \u00e4r en konstn\u00e4rlig illustration av ordens andliga sl\u00e4ktskap. En <strong>metalltrappa<\/strong> leder sedan <strong>upp till tornet<\/strong>, vilket ger en vertikal dimension till din uppt\u00e4ckt av klostret. Du kommer att \u00e4lska den h\u00f6gtidliga atmosf\u00e4r som r\u00e5der i denna historiska milj\u00f6.<\/p>\n\n<figure class=\"wp-block-image size-large\"><img loading=\"lazy\" decoding=\"async\" src=\"https:\/\/photos.smugmug.com\/Andalucia-Lovers\/Almeria\/Monasterio\/i-N6XTnZ5\/0\/LqcVSVsXP64tq27WkHmWzp2bDRZDG7FCVnz5g6Mc9\/L\/monasterio-puras-almeria-11-L.jpg\" alt=\"Monasterio de las Puras - Kapitelhus\"\/><\/figure>\n\n<div style=\"margin-top:8%;margin-bottom:8%\" class=\"wp-block-genesis-blocks-gb-container box gb-block-container\"><div class=\"gb-container-inside\"><div class=\"gb-container-content\" style=\"max-width:700px\">\n<div class=\"wp-block-genesis-blocks-gb-container box_titre gb-block-container\"><div class=\"gb-container-inside\"><div class=\"gb-container-content\">\n<h5 class=\"titre_box\"><span>PLANERA DIN RESA TILL <\/span><span class=\"titre_box_manuscrit\">Andalusien<\/span><\/h5>\n<\/div><\/div><\/div>\n\n\n\n<hr class=\"wp-block-separator has-text-color has-alpha-channel-opacity has-background is-style-wide hr-box-planif\" style=\"background-color:#ccd3dd;color:#ccd3dd\"\/>\n\n\n\n<div class=\"wp-block-genesis-blocks-gb-container gb-block-container\"><div class=\"gb-container-inside\"><div class=\"gb-container-content\">\n<div class=\"wp-block-columns box_sans_border is-layout-flex wp-container-core-columns-is-layout-9d6595d7 wp-block-columns-is-layout-flex\">\n<div class=\"wp-block-column texte_planif is-layout-flow wp-block-column-is-layout-flow\" style=\"flex-basis:60%\">\n<p class=\"soustitre_planif\"><strong>Inspiration<\/strong><\/p>\n\n\n\n<ul class=\"wp-block-list\">\n<li style=\"font-size:14px\"><a href=\"https:\/\/andalucialovers.com\/sv\/sevardheter-andalusien-att-gora\/\" target=\"_blank\" rel=\"noreferrer noopener\">Vad man kan g\u00f6ra i Andalusien<\/a><\/li>\n\n\n\n<li style=\"font-size:14px\"><a href=\"https:\/\/andalucialovers.com\/sv\/basta-staderna-andalusien\/\" target=\"_blank\" rel=\"noreferrer noopener\">De vackraste st\u00e4derna<\/a><\/li>\n\n\n\n<li style=\"font-size:14px\"><a href=\"https:\/\/andalucialovers.com\/sv\/basta-stranderna-andalusien-listan\/\" target=\"_blank\" rel=\"noreferrer noopener\">De vackraste str\u00e4nderna<\/a><\/li>\n\n\n\n<li style=\"font-size:14px\"><a href=\"https:\/\/andalucialovers.com\/sv\/basta-vita-byarna-andalusien\/\" target=\"_blank\" rel=\"noreferrer noopener\">De vackraste vita byarna<\/a><\/li>\n\n\n\n<li style=\"font-size:14px\"><a href=\"https:\/\/andalucialovers.com\/sv\/katedraler-andalusien\/\" target=\"_blank\" rel=\"noreferrer noopener\">Katedralerna<\/a><\/li>\n\n\n\n<li style=\"font-size:14px\"><a href=\"https:\/\/andalucialovers.com\/sv\/arkeologiska-utgravningar-andalusien-ruiner\/\" target=\"_blank\" rel=\"noreferrer noopener\">Arkeologiska platser<\/a><\/li>\n\n\n\n<li style=\"font-size:14px\"><a data-type=\"post\" data-id=\"2221\" href=\"https:\/\/andalucialovers.com\/sv\/cordoba-eller-sevilla-eller-granada\/\" target=\"_blank\" rel=\"noreferrer noopener\">Sevilla, Cordoba eller Granada?<\/a><\/li>\n\n\n\n<li style=\"font-size:14px\"><a href=\"https:\/\/andalucialovers.com\/sv\/basta-museerna-andalusien\/\" target=\"_blank\" rel=\"noreferrer noopener\">B\u00e4sta museerna<\/a><\/li>\n\n\n\n<li style=\"font-size:14px\"><a href=\"https:\/\/andalucialovers.com\/sv\/basta-slotten-palatsen-andalusien\/\" target=\"_blank\" rel=\"noreferrer noopener\">Slott och palats<\/a><\/li>\n\n\n\n<li style=\"font-size:14px\"><a href=\"https:\/\/andalucialovers.com\/sv\/andalusien-gomda-parlor-hemliga-platser\/\" target=\"_blank\" rel=\"noreferrer noopener\">Hemliga platser<\/a><\/li>\n<\/ul>\n<\/div>\n\n\n\n<div class=\"wp-block-column is-vertically-aligned-top planif-radius is-layout-flow wp-block-column-is-layout-flow\" style=\"flex-basis:40%\">\n<figure class=\"wp-block-image size-large img-portrait\"><img loading=\"lazy\" decoding=\"async\" src=\"https:\/\/photos.smugmug.com\/Travel\/Andalucia\/6b-Zuheros\/i-VRKFTdz\/1\/CNkgtxtms75zqS5pTQbm8FKsGCDk3kHvJFzJqmP2z\/S\/Zuheros_Andalucia_Spain-4306-S.jpg\" alt=\"Zuheros\" title=\"\"\/><\/figure>\n<\/div>\n<\/div>\n\n\n\n<hr class=\"wp-block-separator has-text-color has-alpha-channel-opacity has-background is-style-wide hr-box-planif\" style=\"background-color:#ccd3dd;color:#ccd3dd\"\/>\n\n\n\n<div class=\"wp-block-columns box_sans_border is-layout-flex wp-container-core-columns-is-layout-9d6595d7 wp-block-columns-is-layout-flex\">\n<div class=\"wp-block-column texte_planif is-layout-flow wp-block-column-is-layout-flow\" style=\"flex-basis:60%\">\n<p class=\"soustitre_planif\"><strong>\u00d6vning<\/strong><\/p>\n\n\n\n<ul class=\"wp-block-list\">\n<li style=\"font-size:14px\"><a href=\"https:\/\/andalucialovers.com\/sv\/var-ska-bo-andalusien-basta-omradena\/\" data-type=\"post\" data-id=\"2632\" target=\"_blank\" rel=\"noreferrer noopener\">Var man kan bo i Andalusien<\/a><\/li>\n\n\n\n<li style=\"font-size:14px\"><a href=\"https:\/\/andalucialovers.com\/sv\/basta-5-stjarniga-hotellen-andalusien-lyx-recensioner\/\" type=\"post\" id=\"6105\" target=\"_blank\" rel=\"noreferrer noopener\">De b\u00e4sta lyxhotellen i Andalusien<\/a><\/li>\n\n\n\n<li style=\"font-size:14px\"><a href=\"https:\/\/andalucialovers.com\/sv\/basta-restaurang-andalusien-ata-recensioner\/\" target=\"_blank\" rel=\"noreferrer noopener\">B\u00e4sta restaurangerna<\/a><\/li>\n\n\n\n<li style=\"font-size:14px\"><a data-type=\"post\" data-id=\"3712\" href=\"https:\/\/andalucialovers.com\/sv\/hur-hyr-bil-andalusien-tips-erfarenhet\/\" target=\"_blank\" rel=\"noreferrer noopener\">Hyr en bil i Andalusien<\/a><\/li>\n\n\n\n<li style=\"font-size:14px\"><a href=\"https:\/\/andalucialovers.com\/sv\/korning-andalusien-tips\/\" target=\"_blank\" rel=\"noreferrer noopener\">K\u00f6rning i Andalusien<\/a><\/li>\n<\/ul>\n<\/div>\n\n\n\n<div class=\"wp-block-column is-vertically-aligned-top planif-radius is-layout-flow wp-block-column-is-layout-flow\" style=\"flex-basis:40%\">\n<figure class=\"wp-block-image size-large img-portrait\"><img loading=\"lazy\" decoding=\"async\" src=\"https:\/\/photos.smugmug.com\/Travel\/Andalucia\/Accommodations\/i-QBDJnG7\/1\/4ZLWzw32dnhwGLrbmXL5HqSdBXzWBRMQhfVrcKD4\/S\/accommodation_Tarifa_Andalucia_Spain-2764-S.jpg\" alt=\"Hotell i Tarifa\" title=\"\"\/><\/figure>\n<\/div>\n<\/div>\n\n\n\n<hr class=\"wp-block-separator has-text-color has-alpha-channel-opacity has-background is-style-wide hr-box-planif\" style=\"background-color:#ccd3dd;color:#ccd3dd\"\/>\n\n\n\n<div class=\"wp-block-columns box_sans_border is-layout-flex wp-container-core-columns-is-layout-9d6595d7 wp-block-columns-is-layout-flex\">\n<div class=\"wp-block-column texte_planif is-layout-flow wp-block-column-is-layout-flow\" style=\"flex-basis:60%\">\n<p class=\"soustitre_planif\"><strong>Platser du inte f\u00e5r missa<\/strong><\/p>\n\n\n\n<ul class=\"wp-block-list\">\n<li style=\"font-size:14px\"><a href=\"https:\/\/andalucialovers.com\/sv\/sevardheter-sevilla-att-gora\/\" target=\"_blank\" rel=\"noreferrer noopener\">Sevilla<\/a><\/li>\n\n\n\n<li style=\"font-size:14px\"><a data-type=\"post\" data-id=\"2328\" href=\"https:\/\/andalucialovers.com\/sv\/sevardheter-cordoba-att-gora\/\" target=\"_blank\" rel=\"noreferrer noopener\">Cordoba<\/a><\/li>\n\n\n\n<li style=\"font-size:14px\"><a href=\"https:\/\/andalucialovers.com\/sv\/sevardheter-granada-att-gora\/\" target=\"_blank\" rel=\"noreferrer noopener\">Grenada<\/a><\/li>\n\n\n\n<li style=\"font-size:14px\"><a href=\"https:\/\/andalucialovers.com\/sv\/sevardheter-ronda-att-gora\/\" target=\"_blank\" rel=\"noreferrer noopener\">Ronda<\/a><\/li>\n\n\n\n<li style=\"font-size:14px\"><a href=\"https:\/\/andalucialovers.com\/sv\/sevardheter-malaga-att-gora\/\" target=\"_blank\" rel=\"noreferrer noopener\">Malaga<\/a><\/li>\n\n\n\n<li style=\"font-size:14px\"><a data-type=\"post\" data-id=\"3597\" href=\"https:\/\/andalucialovers.com\/sv\/sevardheter-cadiz-att-gora\/\" target=\"_blank\" rel=\"noreferrer noopener\">Cadiz<\/a><\/li>\n\n\n\n<li style=\"font-size:14px\">Cabo de Gata<\/li>\n\n\n\n<li style=\"font-size:14px\"><a href=\"https:\/\/andalucialovers.com\/sv\/sevardheter-antequera-att-gora\/\" target=\"_blank\" rel=\"noreferrer noopener\">Antequera<\/a><\/li>\n\n\n\n<li style=\"font-size:14px\">Baeza och Ubuda<\/li>\n<\/ul>\n<\/div>\n\n\n\n<div class=\"wp-block-column is-vertically-aligned-top planif-radius is-layout-flow wp-block-column-is-layout-flow\" style=\"flex-basis:40%\">\n<figure class=\"wp-block-image size-large img-portrait\"><img loading=\"lazy\" decoding=\"async\" src=\"https:\/\/photos.smugmug.com\/Travel\/Andalucia\/2e-Madina-Azahara\/i-nrQb8vF\/1\/DMVZRMLhBjwhLQtjzj2r5fqS4GjmpXXHrwvQnwFsm\/S\/Medina_Azahara_Andalucia_Spain-1434-S.jpg\" alt=\"Medina Azahara\" title=\"\"\/><\/figure>\n<\/div>\n<\/div>\n<\/div><\/div><\/div>\n\n\n\n<div class=\"wp-block-genesis-blocks-gb-container box_texte gb-block-container\"><div class=\"gb-container-inside\"><div class=\"gb-container-content\"><\/div><\/div><\/div>\n\n\n\n<div class=\"wp-block-genesis-blocks-gb-container box-texte gb-block-container\"><div class=\"gb-container-inside\"><div class=\"gb-container-content\"><\/div><\/div><\/div>\n<\/div><\/div><\/div>\n\n<div class=\"wp-block-genesis-blocks-gb-container box_auteur_voyage gb-block-container\"><div class=\"gb-container-inside\"><div class=\"gb-container-content\">\n<figure class=\"wp-block-image size-large img_auteur_voyage img_provisoire\"><a href=\"https:\/\/andalucialovers.com\/sv\/clara-balayer\/\" target=\"_blank\" rel=\"noreferrer noopener\"><img loading=\"lazy\" decoding=\"async\" src=\"https:\/\/photos.smugmug.com\/Region-Lovers\/Equipe\/i-SdbN5X8\/0\/FQQmdnTB6qcMTnchB9QkgwpDzqRr4QJrpcS5xfZBc\/L\/clara-L.jpg\" alt=\"\"\/><\/a><\/figure>\n\n\n\n<h5 class=\"titre_auteur_voyage\"><span>HON KLARADE RESAN \n <\/span><span class=\"titre_box_manuscrit\">Clara<\/span><\/h5>\n<\/div><\/div><\/div>\n","protected":false},"excerpt":{"rendered":"<p>Bes\u00f6ker du Almeria? Missa inte Monasterio de las Puras! Denna religi\u00f6sa byggnad fr\u00e5n 1500-talet ligger inb\u00e4ddad i hj\u00e4rtat av den historiska stadsk\u00e4rnan och erbjuder en oas av lugn och ro l\u00e5ngt fr\u00e5n stadens liv och r\u00f6relse. Vi f\u00f6rf\u00f6rdes av den kontemplativa atmosf\u00e4r som r\u00e5der inom dess v\u00e4ggar och av rikedomen i dess arkitektoniska arv. Detta [&hellip;]<\/p>\n","protected":false},"author":5,"featured_media":5470,"comment_status":"closed","ping_status":"closed","sticky":false,"template":"","format":"standard","meta":{"_genesis_hide_title":false,"_genesis_hide_breadcrumbs":false,"_genesis_hide_singular_image":false,"_genesis_hide_footer_widgets":false,"_genesis_custom_body_class":"","_genesis_custom_post_class":"","_genesis_layout":"","footnotes":""},"categories":[75],"tags":[],"class_list":{"0":"post-5480","1":"post","2":"type-post","3":"status-publish","4":"format-standard","5":"has-post-thumbnail","7":"category-almeria-och-cabo-de-gata","8":"entry"},"yoast_head":"<!-- This site is optimized with the Yoast SEO plugin v27.2 - https:\/\/yoast.com\/product\/yoast-seo-wordpress\/ -->\n<title>Monasterio de las Puras (Almer\u00eda): bes\u00f6k + foton<\/title>\n<meta name=\"description\" content=\"V\u00e5ra tips och foton f\u00f6r att bes\u00f6ka Monostario de las Puras: tilltr\u00e4de, intressanta platser, praktisk information, foton\" \/>\n<meta name=\"robots\" content=\"index, follow, max-snippet:-1, max-image-preview:large, max-video-preview:-1\" \/>\n<link rel=\"canonical\" href=\"https:\/\/andalucialovers.com\/sv\/besok-monasterio-puras-almeria\/\" \/>\n<meta property=\"og:locale\" content=\"sv_SE\" \/>\n<meta property=\"og:type\" content=\"article\" \/>\n<meta property=\"og:title\" content=\"Monasterio de las Puras (Almer\u00eda): bes\u00f6k + foton\" \/>\n<meta property=\"og:description\" content=\"V\u00e5ra tips och foton f\u00f6r att bes\u00f6ka Monostario de las Puras: tilltr\u00e4de, intressanta platser, praktisk information, foton\" \/>\n<meta property=\"og:url\" content=\"https:\/\/andalucialovers.com\/sv\/besok-monasterio-puras-almeria\/\" \/>\n<meta property=\"og:site_name\" content=\"Andalucia Lovers\" \/>\n<meta property=\"article:published_time\" content=\"2025-11-03T19:06:20+00:00\" \/>\n<meta property=\"article:modified_time\" content=\"2025-11-06T16:09:41+00:00\" \/>\n<meta property=\"og:image\" content=\"https:\/\/andalucialovers.com\/wp-content\/uploads\/2025\/11\/besok-monasterio-de-las-puras-almeria.jpg\" \/>\n\t<meta property=\"og:image:width\" content=\"800\" \/>\n\t<meta property=\"og:image:height\" content=\"600\" \/>\n\t<meta property=\"og:image:type\" content=\"image\/jpeg\" \/>\n<meta name=\"author\" content=\"Clara\" \/>\n<meta name=\"twitter:card\" content=\"summary_large_image\" \/>\n<meta name=\"twitter:label1\" content=\"Skriven av\" \/>\n\t<meta name=\"twitter:data1\" content=\"Clara\" \/>\n\t<meta name=\"twitter:label2\" content=\"Ber\u00e4knad l\u00e4stid\" \/>\n\t<meta name=\"twitter:data2\" content=\"10 minuter\" \/>\n<script type=\"application\/ld+json\" class=\"yoast-schema-graph\">{\"@context\":\"https:\/\/schema.org\",\"@graph\":[{\"@type\":\"Article\",\"@id\":\"https:\/\/andalucialovers.com\/sv\/besok-monasterio-puras-almeria\/#article\",\"isPartOf\":{\"@id\":\"https:\/\/andalucialovers.com\/sv\/besok-monasterio-puras-almeria\/\"},\"author\":{\"name\":\"Clara\",\"@id\":\"https:\/\/andalucialovers.com\/sv\/#\/schema\/person\/39cabfc029252cd27095b327b6c51975\"},\"headline\":\"Monasterio de las Puras (Almer\u00eda): bes\u00f6k + foton\",\"datePublished\":\"2025-11-03T19:06:20+00:00\",\"dateModified\":\"2025-11-06T16:09:41+00:00\",\"mainEntityOfPage\":{\"@id\":\"https:\/\/andalucialovers.com\/sv\/besok-monasterio-puras-almeria\/\"},\"wordCount\":2019,\"publisher\":{\"@id\":\"https:\/\/andalucialovers.com\/sv\/#organization\"},\"image\":{\"@id\":\"https:\/\/andalucialovers.com\/sv\/besok-monasterio-puras-almeria\/#primaryimage\"},\"thumbnailUrl\":\"https:\/\/andalucialovers.com\/wp-content\/uploads\/2025\/11\/besok-monasterio-de-las-puras-almeria.jpg\",\"articleSection\":[\"Almeria och Cabo de Gata\"],\"inLanguage\":\"sv-SE\"},{\"@type\":\"WebPage\",\"@id\":\"https:\/\/andalucialovers.com\/sv\/besok-monasterio-puras-almeria\/\",\"url\":\"https:\/\/andalucialovers.com\/sv\/besok-monasterio-puras-almeria\/\",\"name\":\"Monasterio de las Puras (Almer\u00eda): bes\u00f6k + foton\",\"isPartOf\":{\"@id\":\"https:\/\/andalucialovers.com\/sv\/#website\"},\"primaryImageOfPage\":{\"@id\":\"https:\/\/andalucialovers.com\/sv\/besok-monasterio-puras-almeria\/#primaryimage\"},\"image\":{\"@id\":\"https:\/\/andalucialovers.com\/sv\/besok-monasterio-puras-almeria\/#primaryimage\"},\"thumbnailUrl\":\"https:\/\/andalucialovers.com\/wp-content\/uploads\/2025\/11\/besok-monasterio-de-las-puras-almeria.jpg\",\"datePublished\":\"2025-11-03T19:06:20+00:00\",\"dateModified\":\"2025-11-06T16:09:41+00:00\",\"description\":\"V\u00e5ra tips och foton f\u00f6r att bes\u00f6ka Monostario de las Puras: tilltr\u00e4de, intressanta platser, praktisk information, foton\",\"breadcrumb\":{\"@id\":\"https:\/\/andalucialovers.com\/sv\/besok-monasterio-puras-almeria\/#breadcrumb\"},\"inLanguage\":\"sv-SE\",\"potentialAction\":[{\"@type\":\"ReadAction\",\"target\":[\"https:\/\/andalucialovers.com\/sv\/besok-monasterio-puras-almeria\/\"]}]},{\"@type\":\"ImageObject\",\"inLanguage\":\"sv-SE\",\"@id\":\"https:\/\/andalucialovers.com\/sv\/besok-monasterio-puras-almeria\/#primaryimage\",\"url\":\"https:\/\/andalucialovers.com\/wp-content\/uploads\/2025\/11\/besok-monasterio-de-las-puras-almeria.jpg\",\"contentUrl\":\"https:\/\/andalucialovers.com\/wp-content\/uploads\/2025\/11\/besok-monasterio-de-las-puras-almeria.jpg\",\"width\":800,\"height\":600},{\"@type\":\"BreadcrumbList\",\"@id\":\"https:\/\/andalucialovers.com\/sv\/besok-monasterio-puras-almeria\/#breadcrumb\",\"itemListElement\":[{\"@type\":\"ListItem\",\"position\":1,\"name\":\"Accueil\",\"item\":\"https:\/\/andalucialovers.com\/sv\/\"},{\"@type\":\"ListItem\",\"position\":2,\"name\":\"Almeria och Cabo de Gata\",\"item\":\"https:\/\/andalucialovers.com\/sv\/almeria-och-cabo-de-gata\/\"},{\"@type\":\"ListItem\",\"position\":3,\"name\":\"Monasterio de las Puras (Almer\u00eda): bes\u00f6k + foton\"}]},{\"@type\":\"WebSite\",\"@id\":\"https:\/\/andalucialovers.com\/sv\/#website\",\"url\":\"https:\/\/andalucialovers.com\/sv\/\",\"name\":\"Andalucia Lovers\",\"description\":\"Le blog de Claire et Manu\",\"publisher\":{\"@id\":\"https:\/\/andalucialovers.com\/sv\/#organization\"},\"potentialAction\":[{\"@type\":\"SearchAction\",\"target\":{\"@type\":\"EntryPoint\",\"urlTemplate\":\"https:\/\/andalucialovers.com\/sv\/?s={search_term_string}\"},\"query-input\":{\"@type\":\"PropertyValueSpecification\",\"valueRequired\":true,\"valueName\":\"search_term_string\"}}],\"inLanguage\":\"sv-SE\"},{\"@type\":\"Organization\",\"@id\":\"https:\/\/andalucialovers.com\/sv\/#organization\",\"name\":\"Andalucia Lovers\",\"url\":\"https:\/\/andalucialovers.com\/sv\/\",\"logo\":{\"@type\":\"ImageObject\",\"inLanguage\":\"sv-SE\",\"@id\":\"https:\/\/andalucialovers.com\/sv\/#\/schema\/logo\/image\/\",\"url\":\"https:\/\/andalucialovers.com\/wp-content\/uploads\/2024\/05\/cropped-Andalucia-Lovers-Logo.png\",\"contentUrl\":\"https:\/\/andalucialovers.com\/wp-content\/uploads\/2024\/05\/cropped-Andalucia-Lovers-Logo.png\",\"width\":2804,\"height\":481,\"caption\":\"Andalucia Lovers\"},\"image\":{\"@id\":\"https:\/\/andalucialovers.com\/sv\/#\/schema\/logo\/image\/\"}},{\"@type\":\"Person\",\"@id\":\"https:\/\/andalucialovers.com\/sv\/#\/schema\/person\/39cabfc029252cd27095b327b6c51975\",\"name\":\"Clara\",\"image\":{\"@type\":\"ImageObject\",\"inLanguage\":\"sv-SE\",\"@id\":\"https:\/\/secure.gravatar.com\/avatar\/d048151d25ac0bedf2ca76f8808990a0ee8cc83370bf81e728fe452b1c63a5de?s=96&d=mm&r=g\",\"url\":\"https:\/\/secure.gravatar.com\/avatar\/d048151d25ac0bedf2ca76f8808990a0ee8cc83370bf81e728fe452b1c63a5de?s=96&d=mm&r=g\",\"contentUrl\":\"https:\/\/secure.gravatar.com\/avatar\/d048151d25ac0bedf2ca76f8808990a0ee8cc83370bf81e728fe452b1c63a5de?s=96&d=mm&r=g\",\"caption\":\"Clara\"},\"sameAs\":[\"https:\/\/andalucialovers.com\/clara-balayer\/\"],\"url\":\"https:\/\/andalucialovers.com\/sv\/author\/clara\/\"}]}<\/script>\n<!-- \/ Yoast SEO plugin. -->","yoast_head_json":{"title":"Monasterio de las Puras (Almer\u00eda): bes\u00f6k + foton","description":"V\u00e5ra tips och foton f\u00f6r att bes\u00f6ka Monostario de las Puras: tilltr\u00e4de, intressanta platser, praktisk information, foton","robots":{"index":"index","follow":"follow","max-snippet":"max-snippet:-1","max-image-preview":"max-image-preview:large","max-video-preview":"max-video-preview:-1"},"canonical":"https:\/\/andalucialovers.com\/sv\/besok-monasterio-puras-almeria\/","og_locale":"sv_SE","og_type":"article","og_title":"Monasterio de las Puras (Almer\u00eda): bes\u00f6k + foton","og_description":"V\u00e5ra tips och foton f\u00f6r att bes\u00f6ka Monostario de las Puras: tilltr\u00e4de, intressanta platser, praktisk information, foton","og_url":"https:\/\/andalucialovers.com\/sv\/besok-monasterio-puras-almeria\/","og_site_name":"Andalucia Lovers","article_published_time":"2025-11-03T19:06:20+00:00","article_modified_time":"2025-11-06T16:09:41+00:00","og_image":[{"width":800,"height":600,"url":"https:\/\/andalucialovers.com\/wp-content\/uploads\/2025\/11\/besok-monasterio-de-las-puras-almeria.jpg","type":"image\/jpeg"}],"author":"Clara","twitter_card":"summary_large_image","twitter_misc":{"Skriven av":"Clara","Ber\u00e4knad l\u00e4stid":"10 minuter"},"schema":{"@context":"https:\/\/schema.org","@graph":[{"@type":"Article","@id":"https:\/\/andalucialovers.com\/sv\/besok-monasterio-puras-almeria\/#article","isPartOf":{"@id":"https:\/\/andalucialovers.com\/sv\/besok-monasterio-puras-almeria\/"},"author":{"name":"Clara","@id":"https:\/\/andalucialovers.com\/sv\/#\/schema\/person\/39cabfc029252cd27095b327b6c51975"},"headline":"Monasterio de las Puras (Almer\u00eda): bes\u00f6k + foton","datePublished":"2025-11-03T19:06:20+00:00","dateModified":"2025-11-06T16:09:41+00:00","mainEntityOfPage":{"@id":"https:\/\/andalucialovers.com\/sv\/besok-monasterio-puras-almeria\/"},"wordCount":2019,"publisher":{"@id":"https:\/\/andalucialovers.com\/sv\/#organization"},"image":{"@id":"https:\/\/andalucialovers.com\/sv\/besok-monasterio-puras-almeria\/#primaryimage"},"thumbnailUrl":"https:\/\/andalucialovers.com\/wp-content\/uploads\/2025\/11\/besok-monasterio-de-las-puras-almeria.jpg","articleSection":["Almeria och Cabo de Gata"],"inLanguage":"sv-SE"},{"@type":"WebPage","@id":"https:\/\/andalucialovers.com\/sv\/besok-monasterio-puras-almeria\/","url":"https:\/\/andalucialovers.com\/sv\/besok-monasterio-puras-almeria\/","name":"Monasterio de las Puras (Almer\u00eda): bes\u00f6k + foton","isPartOf":{"@id":"https:\/\/andalucialovers.com\/sv\/#website"},"primaryImageOfPage":{"@id":"https:\/\/andalucialovers.com\/sv\/besok-monasterio-puras-almeria\/#primaryimage"},"image":{"@id":"https:\/\/andalucialovers.com\/sv\/besok-monasterio-puras-almeria\/#primaryimage"},"thumbnailUrl":"https:\/\/andalucialovers.com\/wp-content\/uploads\/2025\/11\/besok-monasterio-de-las-puras-almeria.jpg","datePublished":"2025-11-03T19:06:20+00:00","dateModified":"2025-11-06T16:09:41+00:00","description":"V\u00e5ra tips och foton f\u00f6r att bes\u00f6ka Monostario de las Puras: tilltr\u00e4de, intressanta platser, praktisk information, foton","breadcrumb":{"@id":"https:\/\/andalucialovers.com\/sv\/besok-monasterio-puras-almeria\/#breadcrumb"},"inLanguage":"sv-SE","potentialAction":[{"@type":"ReadAction","target":["https:\/\/andalucialovers.com\/sv\/besok-monasterio-puras-almeria\/"]}]},{"@type":"ImageObject","inLanguage":"sv-SE","@id":"https:\/\/andalucialovers.com\/sv\/besok-monasterio-puras-almeria\/#primaryimage","url":"https:\/\/andalucialovers.com\/wp-content\/uploads\/2025\/11\/besok-monasterio-de-las-puras-almeria.jpg","contentUrl":"https:\/\/andalucialovers.com\/wp-content\/uploads\/2025\/11\/besok-monasterio-de-las-puras-almeria.jpg","width":800,"height":600},{"@type":"BreadcrumbList","@id":"https:\/\/andalucialovers.com\/sv\/besok-monasterio-puras-almeria\/#breadcrumb","itemListElement":[{"@type":"ListItem","position":1,"name":"Accueil","item":"https:\/\/andalucialovers.com\/sv\/"},{"@type":"ListItem","position":2,"name":"Almeria och Cabo de Gata","item":"https:\/\/andalucialovers.com\/sv\/almeria-och-cabo-de-gata\/"},{"@type":"ListItem","position":3,"name":"Monasterio de las Puras (Almer\u00eda): bes\u00f6k + foton"}]},{"@type":"WebSite","@id":"https:\/\/andalucialovers.com\/sv\/#website","url":"https:\/\/andalucialovers.com\/sv\/","name":"Andalucia Lovers","description":"Le blog de Claire et Manu","publisher":{"@id":"https:\/\/andalucialovers.com\/sv\/#organization"},"potentialAction":[{"@type":"SearchAction","target":{"@type":"EntryPoint","urlTemplate":"https:\/\/andalucialovers.com\/sv\/?s={search_term_string}"},"query-input":{"@type":"PropertyValueSpecification","valueRequired":true,"valueName":"search_term_string"}}],"inLanguage":"sv-SE"},{"@type":"Organization","@id":"https:\/\/andalucialovers.com\/sv\/#organization","name":"Andalucia Lovers","url":"https:\/\/andalucialovers.com\/sv\/","logo":{"@type":"ImageObject","inLanguage":"sv-SE","@id":"https:\/\/andalucialovers.com\/sv\/#\/schema\/logo\/image\/","url":"https:\/\/andalucialovers.com\/wp-content\/uploads\/2024\/05\/cropped-Andalucia-Lovers-Logo.png","contentUrl":"https:\/\/andalucialovers.com\/wp-content\/uploads\/2024\/05\/cropped-Andalucia-Lovers-Logo.png","width":2804,"height":481,"caption":"Andalucia Lovers"},"image":{"@id":"https:\/\/andalucialovers.com\/sv\/#\/schema\/logo\/image\/"}},{"@type":"Person","@id":"https:\/\/andalucialovers.com\/sv\/#\/schema\/person\/39cabfc029252cd27095b327b6c51975","name":"Clara","image":{"@type":"ImageObject","inLanguage":"sv-SE","@id":"https:\/\/secure.gravatar.com\/avatar\/d048151d25ac0bedf2ca76f8808990a0ee8cc83370bf81e728fe452b1c63a5de?s=96&d=mm&r=g","url":"https:\/\/secure.gravatar.com\/avatar\/d048151d25ac0bedf2ca76f8808990a0ee8cc83370bf81e728fe452b1c63a5de?s=96&d=mm&r=g","contentUrl":"https:\/\/secure.gravatar.com\/avatar\/d048151d25ac0bedf2ca76f8808990a0ee8cc83370bf81e728fe452b1c63a5de?s=96&d=mm&r=g","caption":"Clara"},"sameAs":["https:\/\/andalucialovers.com\/clara-balayer\/"],"url":"https:\/\/andalucialovers.com\/sv\/author\/clara\/"}]}},"featured_image_src":"https:\/\/andalucialovers.com\/wp-content\/uploads\/2025\/11\/besok-monasterio-de-las-puras-almeria-600x400.jpg","featured_image_src_square":"https:\/\/andalucialovers.com\/wp-content\/uploads\/2025\/11\/besok-monasterio-de-las-puras-almeria-600x600.jpg","author_info":{"display_name":"Clara","author_link":"https:\/\/andalucialovers.com\/sv\/author\/clara\/"},"_links":{"self":[{"href":"https:\/\/andalucialovers.com\/sv\/wp-json\/wp\/v2\/posts\/5480","targetHints":{"allow":["GET"]}}],"collection":[{"href":"https:\/\/andalucialovers.com\/sv\/wp-json\/wp\/v2\/posts"}],"about":[{"href":"https:\/\/andalucialovers.com\/sv\/wp-json\/wp\/v2\/types\/post"}],"author":[{"embeddable":true,"href":"https:\/\/andalucialovers.com\/sv\/wp-json\/wp\/v2\/users\/5"}],"replies":[{"embeddable":true,"href":"https:\/\/andalucialovers.com\/sv\/wp-json\/wp\/v2\/comments?post=5480"}],"version-history":[{"count":0,"href":"https:\/\/andalucialovers.com\/sv\/wp-json\/wp\/v2\/posts\/5480\/revisions"}],"wp:featuredmedia":[{"embeddable":true,"href":"https:\/\/andalucialovers.com\/sv\/wp-json\/wp\/v2\/media\/5470"}],"wp:attachment":[{"href":"https:\/\/andalucialovers.com\/sv\/wp-json\/wp\/v2\/media?parent=5480"}],"wp:term":[{"taxonomy":"category","embeddable":true,"href":"https:\/\/andalucialovers.com\/sv\/wp-json\/wp\/v2\/categories?post=5480"},{"taxonomy":"post_tag","embeddable":true,"href":"https:\/\/andalucialovers.com\/sv\/wp-json\/wp\/v2\/tags?post=5480"}],"curies":[{"name":"wp","href":"https:\/\/api.w.org\/{rel}","templated":true}]}}