{"id":6211,"date":"2026-04-21T17:36:42","date_gmt":"2026-04-21T15:36:42","guid":{"rendered":"https:\/\/andalucialovers.com\/partir-andalousie-fevrier-meteo-temperatures\/"},"modified":"2026-04-21T17:43:40","modified_gmt":"2026-04-21T15:43:40","slug":"resa-andalusien-februari-vader-temperatur","status":"publish","type":"post","link":"https:\/\/andalucialovers.com\/sv\/resa-andalusien-februari-vader-temperatur\/","title":{"rendered":"Andalusien i februari: v\u00e5r kompletta guide!"},"content":{"rendered":"\n<p>\u00c4r du sugen p\u00e5 en resa till <strong>Andalusien i februari<\/strong>?<br\/>Ta reda p\u00e5 om regionen passar dig vid den h\u00e4r tiden p\u00e5 \u00e5ret med v\u00e5r omfattande guide om klimat, resef\u00f6rh\u00e5llanden, folksamlingar, priser, sev\u00e4rdheter och evenemang.<\/p>\n\n<figure class=\"wp-block-image size-full\"><img decoding=\"async\" src=\"https:\/\/andalucialovers.com\/wp-content\/uploads\/2026\/04\/Andalusien-i-februari-vader-temperatur.jpg\" alt=\"Bes&#xF6;ker Andalusien i februari meteotemperatur\" class=\"wp-image-6202\"\/><\/figure>\n\n<p>Detta \u00e4r en helt <strong>oberoende<\/strong> \u00e5sikt, baserad p\u00e5 v\u00e5r egen erfarenhet. Vi gjorde v\u00e5ra egna val, bes\u00f6kte regionen anonymt och betalade v\u00e5ra r\u00e4kningar till fullo.<\/p>\n\n<h2 class=\"wp-block-heading\">Resa till Andalusien i februari: snabba svar<\/h2>\n\n<h3 class=\"wp-block-heading\">\u00c4r v\u00e4dret bra i Andalusien i februari? \u00c4r detta en bra tid att bes\u00f6ka?<\/h3>\n\n<p>Februari \u00e4r en \u00f6verraskande m\u00e5nad i Andalusien. Temperaturerna \u00e4r redan mildare \u00e4n i resten av Europa, med dagsmedelv\u00e4rden p\u00e5 16\u00b0C till 18\u00b0C vid kusten. Solskenet \u00e4r mer intensivt \u00e4n i januari: du kan f\u00f6rv\u00e4nta dig cirka 6 timmars solsken per dag. Det h\u00e4r kan vara en bra tid att utforska stora kulturst\u00e4der utan sommarv\u00e4rme och k\u00f6er. Det \u00e4r ocks\u00e5 karnevalsm\u00e5nad, ett av regionens livligaste evenemang. Kv\u00e4llarna \u00e4r fortfarande svala och bergsomr\u00e5dena beh\u00e5ller sin vintriga karakt\u00e4r med sn\u00f6 p\u00e5 Sierra Nevadas h\u00f6jder.<\/p>\n\n<figure class=\"wp-block-image size-large\"><img loading=\"lazy\" decoding=\"async\" src=\"https:\/\/photos.smugmug.com\/Andalucia-Lovers\/Sevilla\/Plaza-de-Espana\/i-QstNtZW\/0\/NRHhm26RMpHRshwv6hdJTchNfTJD3NNTQMBVLGZZX\/L\/sevillaplazaespana-globalview-L.jpg\" alt=\"Sevilla - Resa till Andalusien i februari: snabba svar\"\/><\/figure>\n\n<div style=\"background-color:#fddfe9;margin-top:8%;margin-bottom:8%\" class=\"wp-block-genesis-blocks-gb-container box gb-block-container\"><div class=\"gb-container-inside\"><div class=\"gb-container-content\" style=\"max-width:700px\">\n<div class=\"wp-block-genesis-blocks-gb-container box_titre gb-block-container\"><div class=\"gb-container-inside\"><div class=\"gb-container-content\">\n<h5 class=\"titre_box\" style=\"padding-top:10px;\">VAR KAN MAN BO I <span class=\"titre_box_manuscrit\">Andalusien<\/span><\/h5>\n<\/div><\/div><\/div>\n\n\n\n<div class=\"wp-block-columns box_sans_border is-layout-flex wp-container-core-columns-is-layout-9d6595d7 wp-block-columns-is-layout-flex\">\n<div class=\"wp-block-column texte_planif is-layout-flow wp-block-column-is-layout-flow\" style=\"font-size:14px;flex-basis:60%\">\n<p class=\"option_titre2\">V\u00e5ra oberoende urval hj\u00e4lper dig att hitta ditt <strong>dr\u00f6mboende<\/strong>:<\/p>\n\n\n\n<ul class=\"wp-block-list\">\n<li><a href=\"https:\/\/andalucialovers.com\/sv\/var-ska-bo-andalusien-basta-omradena\/\" target=\"_blank\" rel=\"noreferrer noopener\">Var man kan bo i Andalusien<\/a><\/li>\n<\/ul>\n\n\n\n<p><strong>V\u00e4lj efter stad:<\/strong><\/p>\n\n\n\n<ul class=\"wp-block-list\">\n<li><a href=\"https:\/\/andalucialovers.com\/sv\/var-kan-bo-sevilla-basta-hotellen-stadsdelarna\/\" target=\"_blank\" rel=\"noreferrer noopener\">B\u00e4sta hotellen i Sevilla<\/a><\/li>\n\n\n\n<li><a href=\"https:\/\/andalucialovers.com\/sv\/var-kan-bo-malaga-basta-hotellen-stadsdelarna\/\" target=\"_blank\" rel=\"noreferrer noopener\">B\u00e4sta hotellen i Malaga<\/a><\/li>\n\n\n\n<li><a href=\"https:\/\/andalucialovers.com\/sv\/var-kan-bo-granada-basta-hotellen-stadsdelarna\/\" target=\"_blank\" rel=\"noreferrer noopener\">B\u00e4sta hotellen i Granada<\/a><\/li>\n\n\n\n<li><a href=\"https:\/\/andalucialovers.com\/sv\/var-kan-bo-cordoba-basta-hotellen-stadsdelarna\/\" target=\"_blank\" rel=\"noreferrer noopener\">B\u00e4sta hotellen i Cordoba<\/a><\/li>\n\n\n\n<li><a href=\"https:\/\/andalucialovers.com\/sv\/var-kan-bo-ronda-basta-hotellen-stadsdelarna\/\" target=\"_blank\" rel=\"noreferrer noopener\">B\u00e4sta hotellen i Ronda<\/a><\/li>\n\n\n\n<li><a href=\"https:\/\/andalucialovers.com\/sv\/var-kan-bo-almeria-basta-hotellen-stadsdelarna\/\" target=\"_blank\" rel=\"noreferrer noopener\">B\u00e4sta hotellen i Almeria<\/a><\/li>\n\n\n\n<li>B\u00e4sta hotellen i Cadiz (kommer snart)<\/li>\n<\/ul>\n\n\n\n<p><strong>V\u00e4lj efter hotelltyp:<\/strong><\/p>\n\n\n\n<ul class=\"wp-block-list\">\n<li>B\u00e4sta 5-stj\u00e4rniga hotell (kommer snart)<\/li>\n\n\n\n<li>B\u00e4sta boutiquehotell (kommer snart)<\/li>\n<\/ul>\n<\/div>\n\n\n\n<div class=\"wp-block-column is-vertically-aligned-top planif-radius is-layout-flow wp-block-column-is-layout-flow\" style=\"flex-basis:40%\">\n<figure class=\"wp-block-image size-large img-portrait\"><img loading=\"lazy\" decoding=\"async\" src=\"https:\/\/photos.smugmug.com\/Travel\/Andalucia\/Accommodations\/i-QBDJnG7\/1\/4ZLWzw32dnhwGLrbmXL5HqSdBXzWBRMQhfVrcKD4\/S\/accommodation_Tarifa_Andalucia_Spain-2764-S.jpg\" alt=\"Hotell i Tarifa\" title=\"\"\/><\/figure>\n<\/div>\n<\/div>\n<\/div><\/div><\/div>\n\n<h3 class=\"wp-block-heading\">Resa till Andalusien i februari: sammanfattning av villkoren<\/h3>\n\n<p><strong>Temperaturer<\/strong><\/p>\n\n<p>Temperaturerna \u00e4r fortsatt milda. Vid kusten visar termometern mellan 16\u00b0C och 18\u00b0C (61\u00b0F till 64\u00b0F) under dagen. I inlandet n\u00e5r Sevilla och Cordoba 15\u00b0C till 17\u00b0C p\u00e5 eftermiddagen. N\u00e4tterna f\u00f6rblir svala, runt 6\u00b0C till 9\u00b0C. Sierra Nevada har vinterf\u00f6rh\u00e5llanden som \u00e4r idealiska f\u00f6r skid\u00e5kning fram till april.<\/p>\n\n<p><strong>Vattentemperaturer<\/strong><\/p>\n\n<p>I februari \u00e4r temperaturen vid Medelhavet mellan 14 och 16 grader p\u00e5 Costa del Sol. P\u00e5 Atlantsidan, mot Cadiz, \u00e4r temperaturerna j\u00e4mf\u00f6rbara. Det \u00e4r inte s\u00e5 vanligt med bad den h\u00e4r tiden p\u00e5 \u00e5ret, utom f\u00f6r vattensportentusiaster som \u00e4r vana vid kallt vatten.<\/p>\n\n<p><strong>Folksamlingar och priser<\/strong><\/p>\n\n<p>Februari tillh\u00f6r fortfarande den l\u00e5ga turists\u00e4songen. Stora sev\u00e4rdheter som<a href=\"https:\/\/andalucialovers.com\/sv\/alhambra-granada-sevardheter-hur-besok\/\" type=\"post\" id=\"4583\" target=\"_blank\" rel=\"noreferrer noopener\">Alhambra i Granada<\/a> och <a href=\"https:\/\/www.getyourguide.se\/la-cathedrale-de-seville-l4543\/cathedrale-de-seville-et-giralda-billet-coupe-file-t131913\/?partner_id=R3GYW4V&amp;cmp=andalucia\" target=\"_blank\" rel=\"noreferrer noopener sponsored nofollow\">Sevillas katedral<\/a> kan bes\u00f6kas under mycket bekv\u00e4ma f\u00f6rh\u00e5llanden. Det \u00e4r den erfarenhet vi hade! Priserna p\u00e5 <a href=\"https:\/\/andalucialovers.com\/sv\/basta-boutique-hotellen-andalusien-charm\/\" type=\"post\" id=\"6106\" target=\"_blank\" rel=\"noreferrer noopener\">boende \u00e4r<\/a> fortsatt attraktiva, ofta 30-40% l\u00e4gre \u00e4n under h\u00f6gs\u00e4song. Observera dock att karnevalsperioden, s\u00e4rskilt i Cadiz, lockar en tillstr\u00f6mning av bes\u00f6kare: boka i f\u00f6rv\u00e4g om du reser vid den h\u00e4r tiden.<\/p>\n\n<div class=\"wp-block-columns inverse box_planif is-layout-flex wp-container-core-columns-is-layout-9d6595d7 wp-block-columns-is-layout-flex\">\n<div class=\"wp-block-column texte_planif is-layout-flow wp-block-column-is-layout-flow\" style=\"flex-basis:58%\">\n<h5 class=\"titre_box\"> HYR DIN BIL I <span class=\"titre_box_manuscrit\">\nAndalusia<\/span><\/h5>\n\n\n\n<ul style=\"font-size:14px\" class=\"wp-block-list liste_voiture\">\n<li>J\u00e4mf\u00f6r priser p\u00e5 v\u00e5r f\u00f6redragna plattform: <a href=\"https:\/\/www.discovercars.com\/se\/spain?a_aid=zigzag&amp;chan=andalucia\" target=\"_blank\" rel=\"noreferrer noopener sponsored nofollow\">DiscoverCars<\/a> &#8211; en av de b\u00e4st rankade webbplatserna.<\/li>\n\n\n\n<li>V\u00e4lj en <strong>kompakt bil<\/strong>, eftersom vissa byar har mycket smala gator!<\/li>\n\n\n\n<li>T\u00e4nk p\u00e5<strong>omfattande f\u00f6rs\u00e4kring<\/strong> av samma anledning<\/li>\n\n\n\n<li><strong>Boka tidigt<\/strong> f\u00f6r b\u00e4sta val.<\/li>\n<\/ul>\n<\/div>\n\n\n\n<div class=\"wp-block-column planif-radius-3 is-layout-flow wp-block-column-is-layout-flow\" style=\"flex-basis:42%\">\n<figure class=\"wp-block-image size-large is-resized\"><img loading=\"lazy\" decoding=\"async\" src=\"https:\/\/photos.smugmug.com\/Travel\/Andalucia\/Driving\/i-tqxqm2M\/1\/DBVq6wpqQpTv8CpSvmFGgfKbDdqGMK9zqdcc59cGs\/S\/Driving_Andalucia_Spain-8407-S.jpg\" alt=\"K&#xF6;rning i Andalusien\" title=\"\"\/><\/figure>\n<\/div>\n<\/div>\n\n<div class=\"wp-block-columns planif_bouton is-layout-flex wp-container-core-columns-is-layout-9d6595d7 wp-block-columns-is-layout-flex\">\n<div class=\"wp-block-column is-layout-flow wp-block-column-is-layout-flow\" style=\"flex-basis:50%\">\n<div class=\"wp-block-buttons is-content-justification-center is-layout-flex wp-container-core-buttons-is-layout-16018d1d wp-block-buttons-is-layout-flex\">\n<div class=\"wp-block-button has-custom-font-size\" style=\"font-size:14px\"><a class=\"wp-block-button__link has-white-color has-text-color wp-element-button\" href=\"https:\/\/www.discovercars.com\/se\/spain?a_aid=zigzag&amp;amp;chan=andalucia\" style=\"border-radius:4px\" target=\"_blank\" rel=\"noreferrer noopener nofollow\">Se bilarna<img loading=\"lazy\" decoding=\"async\" class=\"wp-image-2851\" style=\"width: 16px;\" src=\"https:\/\/provencelovers.fr\/wp-content\/uploads\/2023\/08\/ArrowRight.webp\" alt=\"\"\/><\/a><\/div>\n<\/div>\n<\/div>\n\n\n\n<div class=\"wp-block-column is-vertically-aligned-center is-layout-flow wp-block-column-is-layout-flow\" style=\"flex-basis:50%\">\n<p class=\"has-text-align-center\" style=\"font-size:14px\"><strong><a href=\"https:\/\/andalucialovers.com\/sv\/hur-hyr-bil-andalusien-tips-erfarenhet\/\" data-type=\"post\" data-id=\"3712\" target=\"_blank\" rel=\"noreferrer noopener\">Se v\u00e5ra r\u00e5d<\/a><\/strong><\/p>\n<\/div>\n<\/div>\n\n<p><strong>Villkor f\u00f6r \u00f6ppnande<\/strong><\/p>\n\n<p>De stora turistattraktionerna, museerna och monumenten fungerar normalt i februari. \u00d6ppettiderna \u00e4r i allm\u00e4nhet fr\u00e5n 10.00 till 18.00, men vissa platser st\u00e4nger mellan 14.00 och 16.00 f\u00f6r lunch &#8211; en lokal sedv\u00e4nja som du b\u00f6r planera i f\u00f6rv\u00e4g. Vissa chiringuitos (strandrestauranger) h\u00e5ller st\u00e4ngt fram till v\u00e5ren, men etablissemangen i stan forts\u00e4tter som vanligt.<\/p>\n\n<p><strong>Dagens l\u00e4ngd<\/strong><\/p>\n\n<p>En genomsnittlig dag varar i 10,30 timmar. Dagarna \u00e4r betydligt l\u00e4ngre \u00e4n i januari, vilket ger dig mer tid att utforska regionen.<\/p>\n\n<figure class=\"wp-block-image size-large\"><img loading=\"lazy\" decoding=\"async\" src=\"https:\/\/photos.smugmug.com\/Travel\/Andalucia\/21a-Plaza-de-Espana\/i-Z4P3ZHC\/2\/LF7CHV2hvPmtwSLhQpkks5ktD2BwjG43J7TMzs9M8\/L\/Plaza_de_espana_Seville_Andalucia_Spain-0312-L.jpg\" alt=\"Plats i Sevilla\"\/><\/figure>\n\n<div style=\"background-color:#fefefe;margin-top:8%;margin-bottom:8%\" class=\"wp-block-genesis-blocks-gb-container box gb-block-container\"><div class=\"gb-container-inside\"><div class=\"gb-container-content\" style=\"max-width:700px\">\n<div class=\"wp-block-columns inverse is-layout-flex wp-container-core-columns-is-layout-9d6595d7 wp-block-columns-is-layout-flex\">\n<div class=\"wp-block-column texte_planif is-layout-flow wp-block-column-is-layout-flow\" style=\"flex-basis:58%\">\n<h5 class=\"titre_box\" style=\"padding-top:10px\">PLANERA DIN DR\u00d6MRESA TILL <span class=\"titre_box_manuscrit\">andalusien<\/span><\/h5>\n\n\n\n<div class=\"wp-block-genesis-blocks-gb-container gb-block-container\"><div class=\"gb-container-inside\"><div class=\"gb-container-content\">\n<p style=\"font-size:14px\">All information du beh\u00f6ver f\u00f6r din resa:<\/p>\n<\/div><\/div><\/div>\n\n\n\n<div class=\"wp-block-genesis-blocks-gb-container gb-block-container\"><div class=\"gb-container-inside\"><div class=\"gb-container-content\"><\/div><\/div><\/div>\n\n\n\n<ul class=\"wp-block-list\" style=\"font-size:14px\" id=\"liste_discover\">\n<li>7 kartor som underl\u00e4ttar planeringen<\/li>\n\n\n\n<li>+ 150 p\u00e5 f\u00f6rhand utvalda m\u00f6tesplatser<\/li>\n\n\n\n<li>Praktiska r\u00e5d<\/li>\n\n\n\n<li>+ 300 bilder som hj\u00e4lper dig att v\u00e4lja<\/li>\n<\/ul>\n\n\n\n<div class=\"wp-block-buttons has-custom-font-size bouton_10 is-content-justification-center is-layout-flex wp-container-core-buttons-is-layout-14c487f4 wp-block-buttons-is-layout-flex\" style=\"font-size:13px\">\n<div class=\"wp-block-button has-custom-font-size\" style=\"font-size:14px\"><a class=\"wp-block-button__link has-white-color has-text-color wp-element-button\" href=\"https:\/\/andalucialovers.com\/sv\/ebok-guide-road-trip-andalusien\/\" style=\"border-radius:4px\" target=\"_blank\" rel=\"noreferrer noopener\">Uppt\u00e4ck<strong> <\/strong>&gt;&gt;<\/a><\/div>\n<\/div>\n<\/div>\n\n\n\n<div class=\"wp-block-column is-layout-flow wp-block-column-is-layout-flow\" style=\"flex-basis:42%\">\n<div class=\"wp-block-genesis-blocks-gb-container ebook-radius gb-block-container\"><div class=\"gb-container-inside\"><div class=\"gb-container-content\"><div class=\"wp-block-image ebook-image\">\n<figure class=\"aligncenter size-full is-resized\"><img loading=\"lazy\" decoding=\"async\" src=\"https:\/\/andalucialovers.com\/wp-content\/uploads\/2024\/06\/Road-trip-Guide-Andalucia-eBook-cover-5.jpg\" alt=\"Andalusien reseguide eBook Omslag\" class=\"wp-image-317\" style=\"width:203px;height:157px\"\/><\/figure>\n<\/div><\/div><\/div><\/div>\n<\/div>\n<\/div>\n<\/div><\/div><\/div>\n\n<h2 class=\"wp-block-heading\">B\u00e4sta sev\u00e4rdheterna i Andalusien i februari<\/h2>\n\n<p>Februari erbjuder s\u00e4rskilt trevliga f\u00f6rh\u00e5llanden f\u00f6r att uppt\u00e4cka Andalusiens arv. Vi tyckte s\u00e4rskilt mycket om det:<\/p>\n\n<ul class=\"wp-block-list\">\n<li><a href=\"https:\/\/andalucialovers.com\/sv\/alhambra-granada-sevardheter-hur-besok\/\" target=\"_blank\" rel=\"noreferrer noopener\">Alhambra i Granada<\/a>, en juvel i den nasridiska arkitekturen<\/li>\n\n\n\n<li><a href=\"https:\/\/andalucialovers.com\/sv\/sevardheter-sevilla-att-gora\/\" target=\"_blank\" rel=\"noreferrer noopener\">Sevillas<\/a> katedral och Alc\u00e1zar<\/li>\n\n\n\n<li><a href=\"https:\/\/andalucialovers.com\/sv\/besok-moske-katedral-cordoba\/\" target=\"_blank\" rel=\"noreferrer noopener\">Mezquita-Catedral<\/a> i Cordoba<\/li>\n\n\n\n<li><a href=\"https:\/\/andalucialovers.com\/sv\/basta-vita-byarna-andalusien\/\" target=\"_blank\" rel=\"noreferrer noopener\">Vita byar<\/a> som <a href=\"https:\/\/andalucialovers.com\/sv\/sevardheter-ronda-att-gora\/\" type=\"post\" id=\"1001\" target=\"_blank\" rel=\"noreferrer noopener\">Ronda<\/a> och Arcos de la Frontera<\/li>\n\n\n\n<li>Den historiska stadsdelen Albaic\u00edn i <a href=\"https:\/\/andalucialovers.com\/sv\/sevardheter-granada-att-gora\/\" target=\"_blank\" rel=\"noreferrer noopener\">Granada<\/a><\/li>\n\n\n\n<li>Sherry-k\u00e4llarna i <a href=\"https:\/\/andalucialovers.com\/sv\/sevardheter-jerez-frontera-att-gora\/\" target=\"_blank\" rel=\"noreferrer noopener\">Jerez de la Frontera<\/a><\/li>\n\n\n\n<li><a href=\"https:\/\/www.getyourguide.com\/s\/?q=parc+naturel+de+Do%C3%B1ana&amp;searchSource=3&amp;src=search_bar&amp;partner_id=R3GYW4V&amp;cmp=andalucia\" target=\"_blank\" rel=\"noreferrer noopener sponsored nofollow\">Do\u00f1ana naturpark<\/a><\/li>\n\n\n\n<li><a href=\"https:\/\/www.getyourguide.com\/s\/?q=ski+sierra+nevada&amp;searchSource=3&amp;src=search_bar&amp;partner_id=R3GYW4V&amp;cmp=andalucia\" target=\"_blank\" rel=\"noreferrer noopener sponsored nofollow\">Sierra Nevadas skidorter<\/a><\/li>\n\n\n\n<li><a href=\"https:\/\/andalucialovers.com\/sv\/basta-museerna-malaga\/\" target=\"_blank\" rel=\"noreferrer noopener\">Museer i M\u00e1laga<\/a> <\/li>\n\n\n\n<li>Historiska <a href=\"https:\/\/andalucialovers.com\/sv\/besok-banos-califales-cordoba\/\" target=\"_blank\" rel=\"noreferrer noopener\">arabiska bad<\/a> i flera st\u00e4der<\/li>\n\n\n\n<li>&#8230;. Se de <a href=\"https:\/\/andalucialovers.com\/sv\/sevardheter-andalusien-att-gora\/\" target=\"_blank\" rel=\"noreferrer noopener\"><strong>toppattraktioner i Andalusien<\/strong><\/a>.<br\/><\/li>\n<\/ul>\n\n<p>Och massor av aktiviteter som dessa:<\/p>\n\n<div style=\"margin-top:8%;margin-bottom:8%\" class=\"wp-block-genesis-blocks-gb-container box gb-block-container\"><div class=\"gb-container-inside\"><div class=\"gb-container-content\">\n<div class=\"wp-block-columns inverse is-layout-flex wp-container-core-columns-is-layout-9d6595d7 wp-block-columns-is-layout-flex\">\n<div class=\"wp-block-column texte_planif is-layout-flow wp-block-column-is-layout-flow\" style=\"flex-basis:58%\">\n<h5 class=\"titre_box\" style=\"padding-top:10px\">FUN i Andalusien: <span class=\"titre_box_manuscrit\">aktiviteter<\/span><\/h5>\n\n\n\n<ul class=\"wp-block-list\">\n<li><a href=\"https:\/\/www.getyourguide.se\/seville-l48\/seville-3-heures-de-cours-de-cuisine-espagnole-avec-diner-t69843\/?partner_id=R3GYW4V&amp;cmp=andalucia\" target=\"_blank\" rel=\"noreferrer noopener sponsored nofollow\">Matlagningskurs<\/a> i Sevilla<\/li>\n\n\n\n<li><a href=\"https:\/\/www.getyourguide.se\/benahavis-l101793\/benahavis-randonnee-et-canyoning-dans-la-campagne-de-marbella-t464993\/?partner_id=R3GYW4V&amp;cmp=andalucia\" target=\"_blank\" rel=\"noreferrer noopener sponsored nofollow\">Canyoning<\/a> fr\u00e5n Costa del Sol<\/li>\n\n\n\n<li><a href=\"https:\/\/www.getyourguide.se\/el-chorro-l143817\/caminito-del-rey-visite-guidee-avec-guides-officiels-et-entree-t569659\/?partner_id=R3GYW4V&amp;cmp=andalucia\" target=\"_blank\" rel=\"noreferrer noopener sponsored nofollow\"><\/a><a href=\"https:\/\/www.getyourguide.se\/el-chorro-l143817\/caminito-del-rey-visite-guidee-avec-guides-officiels-et-entree-t569659\/?partner_id=R3GYW4V&amp;cmp=andalucia\">Guidad promenad p\u00e5 Caminito del Rey<\/a><\/li>\n<\/ul>\n<\/div>\n\n\n\n<div class=\"wp-block-column ville-radius is-layout-flow wp-block-column-is-layout-flow\" style=\"flex-basis:42%\">\n<figure class=\"wp-block-image size-large img-portrait\"><img loading=\"lazy\" decoding=\"async\" src=\"https:\/\/photos.smugmug.com\/Andalucia-Lovers\/Caminito-del-Rey\/i-zbsmQsd\/0\/Kv5dSfwcXjdLF29KTb6kZHtFzHZ78gC39QrtHPTb6\/S\/caminitodelrey-bridge-S.jpg\" alt=\"Caminito del Rey\" title=\"\"\/><\/figure>\n<\/div>\n<\/div>\n<\/div><\/div><\/div>\n\n<h2 class=\"wp-block-heading\">Klimatet i Andalusien i februari &#8211; v\u00e4derprognos<\/h2>\n\n<p>Det andalusiska klimatet i februari \u00e4r mer varierat \u00e4n vad man kan tro fr\u00e5n norra Europa. Vid kusten \u00e4r det redan milt v\u00e5rv\u00e4der vissa dagar, medan det fortfarande \u00e4r svala morgnar i inlandet. Sierra Nevada-bergen \u00e4r fortfarande t\u00e4ckta av sn\u00f6. Vi s\u00e5g hur f\u00f6rh\u00e5llandena f\u00f6r\u00e4ndrades under loppet av en enda dag: gener\u00f6st solsken mitt p\u00e5 dagen, mulen himmel sent p\u00e5 eftermiddagen.<\/p>\n\n<h3 class=\"wp-block-heading\">P\u00e5 kusten<\/h3>\n\n<p>Costa del Sol och Costa de la Luz har varmare temperaturer \u00e4n i januari. Termometern \u00f6verstiger regelbundet 17\u00b0C under dagen. Havsbrisen \u00e4r fortfarande n\u00e4rvarande men \u00e4r mildare. Vi kunde njuta av soliga terrasser fr\u00e5n middagstid och fram\u00e5t. Kv\u00e4llarna svalnar snabbt efter solnedg\u00e5ngen, s\u00e5 det \u00e4r fortfarande viktigt med varma kl\u00e4der.<\/p>\n\n<figure class=\"wp-block-image size-large\"><img loading=\"lazy\" decoding=\"async\" src=\"https:\/\/photos.smugmug.com\/Andalucia-Lovers\/Costa-de-la-Luz\/Bolonia-Dune\/i-qGXmcPb\/0\/LfwPfmXKkgMNqssQFVLJq5cqrZJ7N6BW5P3jD8LMn\/L\/dune-beach-bolonia-andalucia-1-L.jpg\" alt=\"Costa de la Luz - Klimatet i Andalusien i februari - v&#xE4;derprognos\"\/><\/figure>\n\n<h3 class=\"wp-block-heading\">Inland<\/h3>\n\n<p>St\u00e4der i inlandet som <a href=\"https:\/\/andalucialovers.com\/sv\/sevardheter-sevilla-att-gora\/\" target=\"_blank\" rel=\"noreferrer noopener\">Sevilla<\/a>, <a href=\"https:\/\/andalucialovers.com\/sv\/sevardheter-cordoba-att-gora\/\" target=\"_blank\" rel=\"noreferrer noopener\">Cordoba<\/a> och <a href=\"https:\/\/andalucialovers.com\/sv\/varfor-besoka-granada-vart\/\" target=\"_blank\" rel=\"noreferrer noopener\">Granada<\/a> har fortfarande svala morgnar, ibland dimmiga i dalg\u00e5ngarna. P\u00e5 eftermiddagarna \u00e4r det mildare och temperaturen n\u00e5r 16-17\u00b0C. Nattetid kan temperaturen sjunka till omkring 4\u00b0C i Granada. Detta temperaturintervall g\u00f6r det mycket trevligt att bes\u00f6ka monument mitt p\u00e5 dagen.<\/p>\n\n<figure class=\"wp-block-image size-large\"><img loading=\"lazy\" decoding=\"async\" src=\"https:\/\/photos.smugmug.com\/Travel\/Andalucia\/7b-Monasterio-San-Jeronimo\/i-Z2zPM2C\/2\/LSsnDrZx2sxLC6fWHF3rTC5Z9pMfb3vqL2wWnx592\/L\/Monasterio_san_Jeronimo_Granada_Andalucia_Spain-4805-L.jpg\" alt=\"Sevilla - Inland i februari\"\/><figcaption class=\"wp-element-caption\"><a href=\"https:\/\/andalucialovers.com\/sv\/besok-kloster-san-jeronimo-granada\/\" type=\"post\" id=\"6078\" target=\"_blank\" rel=\"noreferrer noopener\">Klostret San Jeronimo<\/a><\/figcaption><\/figure>\n\n<h3 class=\"wp-block-heading\">I bergen<\/h3>\n\n<p>Sierra Nevada \u00e4r fortfarande sn\u00f6t\u00e4ckt i februari. Faktum \u00e4r att det \u00e4r en av de b\u00e4sta m\u00e5naderna f\u00f6r skid\u00e5kning i orten med samma namn, den sydligaste i Europa. Temperaturerna p\u00e5 h\u00f6g h\u00f6jd sjunker l\u00e5ngt under 0\u00b0C p\u00e5 natten. Byarna i Alpujarras, dessa vitkalkade byar som klamrar sig fast vid foten av sierran, erbjuder en sl\u00e5ende kontrast till den mjuka kustlinjen mindre \u00e4n 2 timmar bort.<\/p>\n\n<figure class=\"wp-block-image size-large\"><img loading=\"lazy\" decoding=\"async\" src=\"https:\/\/photos.smugmug.com\/Travel\/Andalucia\/8e-Lake-Negratin\/i-G3qQBX3\/2\/LPVmwDm3ztvTW7V6pSNkRGwpvSrD82HFbNQ5d3jqW\/L\/Embalse_Negratin_Andalucia_Spain-5588-L.jpg\" alt=\"Sierra Nevada - I bergen i februari\"\/><\/figure>\n\n<h2 class=\"wp-block-heading\">Temperaturer i februari i Andalusien<\/h2>\n\n<p>Temperaturerna \u00e4r n\u00e5got h\u00f6gre \u00e4n i januari, beroende p\u00e5 vilken stad det g\u00e4ller. H\u00e4r \u00e4r medelv\u00e4rdena f\u00f6r de viktigaste destinationerna i Andalusien.<\/p>\n\n<h3 class=\"wp-block-heading\">V\u00e4dret i Sevilla<\/h3>\n\n<ul class=\"wp-block-list\">\n<li>Genomsnittlig temperatur dagtid: 17\u00b0C (63\u00b0F)<\/li>\n\n\n\n<li>Genomsnittlig temperatur nattetid: 7\u00b0C (45\u00b0F)<\/li>\n<\/ul>\n\n<figure class=\"wp-block-image size-large\"><img loading=\"lazy\" decoding=\"async\" src=\"https:\/\/photos.smugmug.com\/Travel\/Andalucia\/22a-Seville-Cathedral\/i-VrfqTZ6\/2\/LVL385TcW5Vvx52kgw3NtMzZgTxwtG2ZZP4VWFfn9\/L\/Cathedral_Seville_Andalucia_Spain-0287-L.jpg\" alt=\"Sevilla - Februaritemperaturer i Andalusien\"\/><\/figure>\n\n<h3 class=\"wp-block-heading\">V\u00e4dret i M\u00e1laga<\/h3>\n\n<ul class=\"wp-block-list\">\n<li>Genomsnittlig temperatur dagtid: 18\u00b0C (64\u00b0F)<\/li>\n\n\n\n<li>Genomsnittlig temperatur nattetid: 9\u00b0C (48\u00b0F)<\/li>\n<\/ul>\n\n<figure class=\"wp-block-image size-large\"><img loading=\"lazy\" decoding=\"async\" src=\"https:\/\/photos.smugmug.com\/Travel\/Andalucia\/6b-Zuheros\/i-5hxFbDV\/2\/NSGXgvwmzkmCwZjd629q94Xd7N9WBc8MsHvSSKrDR\/L\/Zuheros_Andalucia_Spain-4293-L.jpg\" alt=\"M&#xE1;laga - februaritemperaturer i Andalusien\"\/><\/figure>\n\n<h3 class=\"wp-block-heading\">V\u00e4dret i Granada<\/h3>\n\n<ul class=\"wp-block-list\">\n<li>Genomsnittlig temperatur dagtid: 14\u00b0C (57\u00b0F)<\/li>\n\n\n\n<li>Genomsnittlig temperatur nattetid: 4\u00b0C (39\u00b0F)<\/li>\n<\/ul>\n\n<figure class=\"wp-block-image size-large\"><img loading=\"lazy\" decoding=\"async\" src=\"https:\/\/photos.smugmug.com\/Travel\/Andalucia\/7g-Alcazaba-Granada\/i-zTbwkk9\/2\/Djwq3j7zj6Wq4cTx4PNRbW8G5g9WxwHvZQDMNjfbK\/L\/Alcazaba_Alhambra_Granada_Andalucia_Spain-5173-L.jpg\" alt=\"Granada - Temperaturen i Andalusien i februari\"\/><\/figure>\n\n<div style=\"background-color:#fefefe;margin-top:6%;margin-bottom:6%\" class=\"wp-block-genesis-blocks-gb-container box gb-block-container\"><div class=\"gb-container-inside\"><div class=\"gb-container-content\" style=\"max-width:700px\">\n<div class=\"wp-block-columns inverse is-layout-flex wp-container-core-columns-is-layout-9d6595d7 wp-block-columns-is-layout-flex\">\n<div class=\"wp-block-column texte_planif is-layout-flow wp-block-column-is-layout-flow\" style=\"flex-basis:58%\">\n<h5 class=\"titre_box\">Ta emot v\u00e5rt <span class=\"titre_box_manuscrit\">nyhetsbrev<\/span><\/h5>\n\n\n\n<ul class=\"wp-block-list\">\n<li>En frisk fl\u00e4kt i ditt dagliga liv p\u00e5 de vackra destinationerna i Region Lovers!<\/li>\n\n\n\n<li>En g\u00e5ng i m\u00e5naden<\/li>\n\n\n\n<li>Reklamfri<\/li>\n<\/ul>\n\n\n<script>\nvar gform;gform||(document.addEventListener(\"gform_main_scripts_loaded\",function(){gform.scriptsLoaded=!0}),document.addEventListener(\"gform\/theme\/scripts_loaded\",function(){gform.themeScriptsLoaded=!0}),window.addEventListener(\"DOMContentLoaded\",function(){gform.domLoaded=!0}),gform={domLoaded:!1,scriptsLoaded:!1,themeScriptsLoaded:!1,isFormEditor:()=>\"function\"==typeof InitializeEditor,callIfLoaded:function(o){return!(!gform.domLoaded||!gform.scriptsLoaded||!gform.themeScriptsLoaded&&!gform.isFormEditor()||(gform.isFormEditor()&&console.warn(\"The use of gform.initializeOnLoaded() is deprecated in the form editor context and will be removed in Gravity Forms 3.1.\"),o(),0))},initializeOnLoaded:function(o){gform.callIfLoaded(o)||(document.addEventListener(\"gform_main_scripts_loaded\",()=>{gform.scriptsLoaded=!0,gform.callIfLoaded(o)}),document.addEventListener(\"gform\/theme\/scripts_loaded\",()=>{gform.themeScriptsLoaded=!0,gform.callIfLoaded(o)}),window.addEventListener(\"DOMContentLoaded\",()=>{gform.domLoaded=!0,gform.callIfLoaded(o)}))},hooks:{action:{},filter:{}},addAction:function(o,r,e,t){gform.addHook(\"action\",o,r,e,t)},addFilter:function(o,r,e,t){gform.addHook(\"filter\",o,r,e,t)},doAction:function(o){gform.doHook(\"action\",o,arguments)},applyFilters:function(o){return gform.doHook(\"filter\",o,arguments)},removeAction:function(o,r){gform.removeHook(\"action\",o,r)},removeFilter:function(o,r,e){gform.removeHook(\"filter\",o,r,e)},addHook:function(o,r,e,t,n){null==gform.hooks[o][r]&&(gform.hooks[o][r]=[]);var d=gform.hooks[o][r];null==n&&(n=r+\"_\"+d.length),gform.hooks[o][r].push({tag:n,callable:e,priority:t=null==t?10:t})},doHook:function(r,o,e){var t;if(e=Array.prototype.slice.call(e,1),null!=gform.hooks[r][o]&&((o=gform.hooks[r][o]).sort(function(o,r){return o.priority-r.priority}),o.forEach(function(o){\"function\"!=typeof(t=o.callable)&&(t=window[t]),\"action\"==r?t.apply(null,e):e[0]=t.apply(null,e)})),\"filter\"==r)return e[0]},removeHook:function(o,r,t,n){var e;null!=gform.hooks[o][r]&&(e=(e=gform.hooks[o][r]).filter(function(o,r,e){return!!(null!=n&&n!=o.tag||null!=t&&t!=o.priority)}),gform.hooks[o][r]=e)}});\n<\/script>\n\n                <div class='gf_browser_gecko gform_wrapper gform-theme gform-theme--foundation gform-theme--framework gform-theme--orbital waitlist_wrapper' data-form-theme='orbital' data-form-index='0' id='gform_wrapper_2' ><style>#gform_wrapper_2[data-form-index=\"0\"].gform-theme,[data-parent-form=\"2_0\"]{--gf-color-primary: #204ce5;--gf-color-primary-rgb: 32, 76, 229;--gf-color-primary-contrast: #fff;--gf-color-primary-contrast-rgb: 255, 255, 255;--gf-color-primary-darker: #001AB3;--gf-color-primary-lighter: #527EFF;--gf-color-secondary: #fff;--gf-color-secondary-rgb: 255, 255, 255;--gf-color-secondary-contrast: #112337;--gf-color-secondary-contrast-rgb: 17, 35, 55;--gf-color-secondary-darker: #F5F5F5;--gf-color-secondary-lighter: #FFFFFF;--gf-color-out-ctrl-light: rgba(17, 35, 55, 0.1);--gf-color-out-ctrl-light-rgb: 17, 35, 55;--gf-color-out-ctrl-light-darker: rgba(104, 110, 119, 0.35);--gf-color-out-ctrl-light-lighter: #F5F5F5;--gf-color-out-ctrl-dark: #585e6a;--gf-color-out-ctrl-dark-rgb: 88, 94, 106;--gf-color-out-ctrl-dark-darker: #112337;--gf-color-out-ctrl-dark-lighter: rgba(17, 35, 55, 0.65);--gf-color-in-ctrl: #fff;--gf-color-in-ctrl-rgb: 255, 255, 255;--gf-color-in-ctrl-contrast: #112337;--gf-color-in-ctrl-contrast-rgb: 17, 35, 55;--gf-color-in-ctrl-darker: #F5F5F5;--gf-color-in-ctrl-lighter: #FFFFFF;--gf-color-in-ctrl-primary: #204ce5;--gf-color-in-ctrl-primary-rgb: 32, 76, 229;--gf-color-in-ctrl-primary-contrast: #fff;--gf-color-in-ctrl-primary-contrast-rgb: 255, 255, 255;--gf-color-in-ctrl-primary-darker: #001AB3;--gf-color-in-ctrl-primary-lighter: #527EFF;--gf-color-in-ctrl-light: rgba(17, 35, 55, 0.1);--gf-color-in-ctrl-light-rgb: 17, 35, 55;--gf-color-in-ctrl-light-darker: rgba(104, 110, 119, 0.35);--gf-color-in-ctrl-light-lighter: #F5F5F5;--gf-color-in-ctrl-dark: #585e6a;--gf-color-in-ctrl-dark-rgb: 88, 94, 106;--gf-color-in-ctrl-dark-darker: #112337;--gf-color-in-ctrl-dark-lighter: rgba(17, 35, 55, 0.65);--gf-radius: 3px;--gf-font-size-secondary: 14px;--gf-font-size-tertiary: 13px;--gf-icon-ctrl-number: url(\"data:image\/svg+xml,%3Csvg width='8' height='14' viewBox='0 0 8 14' fill='none' xmlns='http:\/\/www.w3.org\/2000\/svg'%3E%3Cpath fill-rule='evenodd' clip-rule='evenodd' d='M4 0C4.26522 5.96046e-08 4.51957 0.105357 4.70711 0.292893L7.70711 3.29289C8.09763 3.68342 8.09763 4.31658 7.70711 4.70711C7.31658 5.09763 6.68342 5.09763 6.29289 4.70711L4 2.41421L1.70711 4.70711C1.31658 5.09763 0.683417 5.09763 0.292893 4.70711C-0.0976311 4.31658 -0.097631 3.68342 0.292893 3.29289L3.29289 0.292893C3.48043 0.105357 3.73478 0 4 0ZM0.292893 9.29289C0.683417 8.90237 1.31658 8.90237 1.70711 9.29289L4 11.5858L6.29289 9.29289C6.68342 8.90237 7.31658 8.90237 7.70711 9.29289C8.09763 9.68342 8.09763 10.3166 7.70711 10.7071L4.70711 13.7071C4.31658 14.0976 3.68342 14.0976 3.29289 13.7071L0.292893 10.7071C-0.0976311 10.3166 -0.0976311 9.68342 0.292893 9.29289Z' fill='rgba(17, 35, 55, 0.65)'\/%3E%3C\/svg%3E\");--gf-icon-ctrl-select: url(\"data:image\/svg+xml,%3Csvg width='10' height='6' viewBox='0 0 10 6' fill='none' xmlns='http:\/\/www.w3.org\/2000\/svg'%3E%3Cpath fill-rule='evenodd' clip-rule='evenodd' d='M0.292893 0.292893C0.683417 -0.097631 1.31658 -0.097631 1.70711 0.292893L5 3.58579L8.29289 0.292893C8.68342 -0.0976311 9.31658 -0.0976311 9.70711 0.292893C10.0976 0.683417 10.0976 1.31658 9.70711 1.70711L5.70711 5.70711C5.31658 6.09763 4.68342 6.09763 4.29289 5.70711L0.292893 1.70711C-0.0976311 1.31658 -0.0976311 0.683418 0.292893 0.292893Z' fill='rgba(17, 35, 55, 0.65)'\/%3E%3C\/svg%3E\");--gf-icon-ctrl-search: url(\"data:image\/svg+xml,%3Csvg width='640' height='640' xmlns='http:\/\/www.w3.org\/2000\/svg'%3E%3Cpath d='M256 128c-70.692 0-128 57.308-128 128 0 70.691 57.308 128 128 128 70.691 0 128-57.309 128-128 0-70.692-57.309-128-128-128zM64 256c0-106.039 85.961-192 192-192s192 85.961 192 192c0 41.466-13.146 79.863-35.498 111.248l154.125 154.125c12.496 12.496 12.496 32.758 0 45.254s-32.758 12.496-45.254 0L367.248 412.502C335.862 434.854 297.467 448 256 448c-106.039 0-192-85.962-192-192z' fill='rgba(17, 35, 55, 0.65)'\/%3E%3C\/svg%3E\");--gf-label-space-y-secondary: var(--gf-label-space-y-md-secondary);--gf-ctrl-border-color: #686e77;--gf-ctrl-size: var(--gf-ctrl-size-md);--gf-ctrl-label-color-primary: #112337;--gf-ctrl-label-color-secondary: #112337;--gf-ctrl-choice-size: var(--gf-ctrl-choice-size-md);--gf-ctrl-checkbox-check-size: var(--gf-ctrl-checkbox-check-size-md);--gf-ctrl-radio-check-size: var(--gf-ctrl-radio-check-size-md);--gf-ctrl-btn-font-size: var(--gf-ctrl-btn-font-size-md);--gf-ctrl-btn-padding-x: var(--gf-ctrl-btn-padding-x-md);--gf-ctrl-btn-size: var(--gf-ctrl-btn-size-md);--gf-ctrl-btn-border-color-secondary: #686e77;--gf-ctrl-file-btn-bg-color-hover: #EBEBEB;--gf-field-img-choice-size: var(--gf-field-img-choice-size-md);--gf-field-img-choice-card-space: var(--gf-field-img-choice-card-space-md);--gf-field-img-choice-check-ind-size: var(--gf-field-img-choice-check-ind-size-md);--gf-field-img-choice-check-ind-icon-size: var(--gf-field-img-choice-check-ind-icon-size-md);--gf-field-pg-steps-number-color: rgba(17, 35, 55, 0.8);}<\/style>\n                        <div class='gform_heading'>\n                            <p class='gform_description'><\/p>\n                        <\/div><form method='post' enctype='multipart\/form-data'  id='gform_2' class='waitlist' action='\/sv\/wp-json\/wp\/v2\/posts\/6211' data-formid='2' novalidate>\n                        <div class='gform-body gform_body'><div id='gform_fields_2' class='gform_fields top_label form_sublabel_below description_below validation_below'><div id=\"field_2_1\" class=\"gfield gfield--type-email gfield--input-type-email gfield_contains_required field_sublabel_below gfield--no-description field_description_below hidden_label field_validation_below gfield_visibility_visible\"  ><label class='gfield_label gform-field-label' for='input_2_1'>E-mail<span class=\"gfield_required\"><span class=\"gfield_required gfield_required_text\">(Obligatoriskt)<\/span><\/span><\/label><div class='ginput_container ginput_container_email'>\n                            <input name='input_1' id='input_2_1' type='email' value='' class='large'    aria-required=\"true\" aria-invalid=\"false\"  \/>\n                        <\/div><\/div><fieldset id=\"field_2_3\" class=\"gfield gfield--type-consent gfield--type-choice gfield--input-type-consent gfield--width-full gfield_contains_required field_sublabel_below gfield--no-description field_description_below hidden_label field_validation_below gfield_visibility_visible\"  ><legend class='gfield_label gform-field-label gfield_label_before_complex' >RGPD<span class=\"gfield_required\"><span class=\"gfield_required gfield_required_text\">(Obligatoriskt)<\/span><\/span><\/legend><div class='ginput_container ginput_container_consent'><input name='input_3.1' id='input_2_3_1' type='checkbox' value='1'   aria-required=\"true\" aria-invalid=\"false\"   \/> <label class=\"gform-field-label gform-field-label--type-inline gfield_consent_label\" for='input_2_3_1' >Ja, jag vill prenumerera p\u00e5 det m\u00e5natliga nyhetsbrevet<span class=\"gfield_required gfield_required_text\">(Obligatoriskt)<\/span><\/label><input type='hidden' name='input_3.2' value='Ja, jag vill prenumerera p\u00e5 det m\u00e5natliga nyhetsbrevet' class='gform_hidden' \/><input type='hidden' name='input_3.3' value='1' class='gform_hidden' \/><\/div><\/fieldset><div id=\"field_2_4\" class=\"gfield gfield--type-website gfield--input-type-website gfield--width-full field_sublabel_below gfield--no-description field_description_below field_validation_below gfield_visibility_hidden\"  ><div class=\"admin-hidden-markup\"><i class=\"gform-icon gform-icon--hidden\" aria-hidden=\"true\" title=\"Detta f\u00e4lt \u00e4r dolt n\u00e4r formul\u00e4ret visas\"><\/i><span>Detta f\u00e4lt \u00e4r dolt n\u00e4r formul\u00e4ret visas<\/span><\/div><label class='gfield_label gform-field-label' for='input_2_4'>Site Web<\/label><div class='ginput_container ginput_container_website'>\n                    <input name='input_4' id='input_2_4' type='url' value='https:\/\/andalucialovers.com\/sv\/wp-json\/wp\/v2\/posts\/6211' class='large'    placeholder='https:\/\/'  aria-invalid=\"false\" \/>\n                <\/div><\/div><\/div><\/div>\n        <div class='gform-footer gform_footer top_label'> <input type='submit' id='gform_submit_button_2' class='gform_button button' onclick='gform.submission.handleButtonClick(this);' data-submission-type='submit' value='Prenumerera'  \/> \n            <input type='hidden' class='gform_hidden' name='gform_submission_method' data-js='gform_submission_method_2' value='postback' \/>\n            <input type='hidden' class='gform_hidden' name='gform_theme' data-js='gform_theme_2' id='gform_theme_2' value='orbital' \/>\n            <input type='hidden' class='gform_hidden' name='gform_style_settings' data-js='gform_style_settings_2' id='gform_style_settings_2' value='{&quot;inputPrimaryColor&quot;:&quot;#204ce5&quot;}' \/>\n            <input type='hidden' class='gform_hidden' name='is_submit_2' value='1' \/>\n            <input type='hidden' class='gform_hidden' name='gform_submit' value='2' \/>\n            \n            <input type='hidden' class='gform_hidden' name='gform_currency' data-currency='EUR' value='Mtn6Ls5mMz4uLkV9KYpWTz\/CJpd7O4oO4gFAPo4iLFXvFRHOW0jzqbo8dQcxTTccpo7aG7yqfCxuJk77\/0+YtwuWl9Jy8x+OWTjVLQhHrwRHMWU=' \/>\n            <input type='hidden' class='gform_hidden' name='gform_unique_id' value='' \/>\n            <input type='hidden' class='gform_hidden' name='state_2' value='WyJ7XCIzLjFcIjpcImFiMWYyZTEyMGRiNDNhMTEzMGI1YWIyYTNiZGQ5Mjg5XCIsXCIzLjJcIjpcImFlNWU3YWFjYjMyZWMzMWQ4YzU2MjA0NTk0M2NhZmE4XCIsXCIzLjNcIjpcImFiMWYyZTEyMGRiNDNhMTEzMGI1YWIyYTNiZGQ5Mjg5XCJ9IiwiYjg2NDg4ZWJkOTRiNmQ1ZGM4Y2FlNzlhOWNkZmJlYzEiXQ==' \/>\n            <input type='hidden' autocomplete='off' class='gform_hidden' name='gform_target_page_number_2' id='gform_target_page_number_2' value='0' \/>\n            <input type='hidden' autocomplete='off' class='gform_hidden' name='gform_source_page_number_2' id='gform_source_page_number_2' value='1' \/>\n            <input type='hidden' name='gform_field_values' value='' \/>\n            \n        <\/div>\n                        <\/form>\n                        <\/div><script>\ngform.initializeOnLoaded( function() {gformInitSpinner( 2, 'https:\/\/andalucialovers.com\/wp-content\/plugins\/gravityforms\/images\/spinner.svg', false );jQuery('#gform_ajax_frame_2').on('load',function(){var contents = jQuery(this).contents().find('*').html();var is_postback = contents.indexOf('GF_AJAX_POSTBACK') >= 0;if(!is_postback){return;}var form_content = jQuery(this).contents().find('#gform_wrapper_2');var is_confirmation = jQuery(this).contents().find('#gform_confirmation_wrapper_2').length > 0;var is_redirect = contents.indexOf('gformRedirect(){') >= 0;var is_form = form_content.length > 0 && ! is_redirect && ! is_confirmation;var mt = parseInt(jQuery('html').css('margin-top'), 10) + parseInt(jQuery('body').css('margin-top'), 10) + 100;if(is_form){jQuery('#gform_wrapper_2').html(form_content.html());if(form_content.hasClass('gform_validation_error')){jQuery('#gform_wrapper_2').addClass('gform_validation_error');} else {jQuery('#gform_wrapper_2').removeClass('gform_validation_error');}setTimeout( function() { \/* delay the scroll by 50 milliseconds to fix a bug in chrome *\/  }, 50 );if(window['gformInitDatepicker']) {gformInitDatepicker();}if(window['gformInitPriceFields']) {gformInitPriceFields();}var current_page = jQuery('#gform_source_page_number_2').val();gformInitSpinner( 2, 'https:\/\/andalucialovers.com\/wp-content\/plugins\/gravityforms\/images\/spinner.svg', false );jQuery(document).trigger('gform_page_loaded', [2, current_page]);window['gf_submitting_2'] = false;}else if(!is_redirect){var confirmation_content = jQuery(this).contents().find('.GF_AJAX_POSTBACK').html();if(!confirmation_content){confirmation_content = contents;}jQuery('#gform_wrapper_2').replaceWith(confirmation_content);jQuery(document).trigger('gform_confirmation_loaded', [2]);window['gf_submitting_2'] = false;wp.a11y.speak(jQuery('#gform_confirmation_message_2').text());}else{jQuery('#gform_2').append(contents);if(window['gformRedirect']) {gformRedirect();}}jQuery(document).trigger(\"gform_pre_post_render\", [{ formId: \"2\", currentPage: \"current_page\", abort: function() { this.preventDefault(); } }]);        if (event && event.defaultPrevented) {                return;        }        const gformWrapperDiv = document.getElementById( \"gform_wrapper_2\" );        if ( gformWrapperDiv ) {            const visibilitySpan = document.createElement( \"span\" );            visibilitySpan.id = \"gform_visibility_test_2\";            gformWrapperDiv.insertAdjacentElement( \"afterend\", visibilitySpan );        }        const visibilityTestDiv = document.getElementById( \"gform_visibility_test_2\" );        let postRenderFired = false;        function triggerPostRender() {            if ( postRenderFired ) {                return;            }            postRenderFired = true;            gform.core.triggerPostRenderEvents( 2, current_page );            if ( visibilityTestDiv ) {                visibilityTestDiv.parentNode.removeChild( visibilityTestDiv );            }        }        function debounce( func, wait, immediate ) {            var timeout;            return function() {                var context = this, args = arguments;                var later = function() {                    timeout = null;                    if ( !immediate ) func.apply( context, args );                };                var callNow = immediate && !timeout;                clearTimeout( timeout );                timeout = setTimeout( later, wait );                if ( callNow ) func.apply( context, args );            };        }        const debouncedTriggerPostRender = debounce( function() {            triggerPostRender();        }, 200 );        if ( visibilityTestDiv && visibilityTestDiv.offsetParent === null ) {            const observer = new MutationObserver( ( mutations ) => {                mutations.forEach( ( mutation ) => {                    if ( mutation.type === 'attributes' && visibilityTestDiv.offsetParent !== null ) {                        debouncedTriggerPostRender();                        observer.disconnect();                    }                });            });            observer.observe( document.body, {                attributes: true,                childList: false,                subtree: true,                attributeFilter: [ 'style', 'class' ],            });        } else {            triggerPostRender();        }    } );} );\n<\/script>\n<\/div>\n\n\n\n<div class=\"wp-block-column is-layout-flow wp-block-column-is-layout-flow\" style=\"flex-basis:42%\">\n<div class=\"wp-block-genesis-blocks-gb-container aligncenter newsletter-radius gb-block-container\"><div class=\"gb-container-inside\"><div class=\"gb-container-content\"><div class=\"wp-block-image newsletter-image\">\n<figure class=\"aligncenter size-full\"><img width=\"729\" height=\"792\" loading=\"lazy\" decoding=\"async\" src=\"https:\/\/andalucialovers.com\/wp-content\/uploads\/2024\/05\/newsletter_FR_2.webp\" alt=\"nyhetsbrev_EN_2\" class=\"wp-image-372\" srcset=\"https:\/\/andalucialovers.com\/wp-content\/uploads\/2024\/05\/newsletter_FR_2.webp 729w, https:\/\/andalucialovers.com\/wp-content\/uploads\/2024\/05\/newsletter_FR_2-276x300.webp 276w\" sizes=\"auto, (max-width: 729px) 100vw, 729px\" \/><\/figure>\n<\/div><\/div><\/div><\/div>\n<\/div>\n<\/div>\n<\/div><\/div><\/div>\n\n<h2 class=\"wp-block-heading\">Regn och vind<\/h2>\n\n<p>Februari \u00e4r fortfarande en v\u00e5t m\u00e5nad i Andalusien, i linje med vinters\u00e4songen. Nederb\u00f6rden var dock n\u00e5got mindre \u00e4n i januari. Regnskurarna \u00e4r ofta korta och intensiva och f\u00f6ljs av fina solskensperioder. Vi har m\u00e4rkt att v\u00e4dret kan v\u00e4xla snabbt fr\u00e5n en timme till en annan, s\u00e4rskilt i inlandet.<\/p>\n\n<ul class=\"wp-block-list\">\n<li>Nederb\u00f6rd i Sevilla: 60 till 75 mm<br\/>  (under 5 till 6 dagar i genomsnitt)<\/li>\n\n\n\n<li>Nederb\u00f6rd i M\u00e1laga: 65 till 80 mm<br\/>  (\u00f6ver 6 dagar i genomsnitt)<\/li>\n\n\n\n<li>Nederb\u00f6rd i Granada: 45 till 60 mm<br\/>  (\u00f6ver 5 dagar i genomsnitt)<\/li>\n<\/ul>\n\n<p>Det finns fortfarande sn\u00f6 p\u00e5 Sierra Nevadas toppar. I st\u00e4der p\u00e5 l\u00e5glandet \u00e4r det fortfarande mycket s\u00e4llsynt. Granada kan ibland f\u00e5 n\u00e5gra flingor under de kallaste n\u00e4tterna, men det kommer inte att p\u00e5verka resandet i staden.<\/p>\n\n<p>De f\u00f6rh\u00e4rskande vindarna bl\u00e5ser fr\u00e5n v\u00e4st och f\u00f6r med sig fukt fr\u00e5n Atlanten. Levante, en torr och ibland stark \u00f6stlig vind, kan drabba Costa del Sol i februari. P\u00e5 det hela taget \u00e4r vindf\u00f6rh\u00e5llandena fortfarande m\u00e5ttliga vid kusten och f\u00f6rhindrar inte utflykter.<\/p>\n\n<figure class=\"wp-block-image size-large\"><img loading=\"lazy\" decoding=\"async\" src=\"https:\/\/photos.smugmug.com\/Travel\/Andalucia\/11e-Capileira\/i-86rHVj8\/2\/NRzWTth589Rj5DcBLQvBj3WRrFxq5cZTKbKnjpN84\/L\/Capileira_Andalucia_Spain-2081-L.jpg\" alt=\"Alhambra de Grenade - Regn och vind i februari\"\/><\/figure>\n\n<h2 class=\"wp-block-heading\">Solsken<\/h2>\n\n<p>I februari varierar dagsljuset mellan kl. 10.15 och 11.15.<br\/>Soluppg\u00e5ngen \u00e4r ca kl. 07.50 och solnedg\u00e5ngen ca kl. 18.45.<\/p>\n\n<p>Det var en markant f\u00f6rb\u00e4ttring av antalet soltimmar j\u00e4mf\u00f6rt med januari. Vi r\u00e4knade med i genomsnitt 6-7 timmars solsken per dag. Medelhavskusten \u00e4r fortfarande det mest gynnade omr\u00e5det. Dimmiga morgnar i inlandsdalarna \u00f6verg\u00e5r i allm\u00e4nhet till klar himmel vid middagstid. Det fortfarande mjuka vinterljuset framh\u00e4ver det b\u00e4sta i de ockraf\u00e4rgade och vita fasaderna i de andalusiska st\u00e4derna.<\/p>\n\n<p>L\u00e4ngre dagar inneb\u00e4r mer omfattande bes\u00f6k. P\u00e5 sena eftermiddagen sublimerar det l\u00e5gvinklade ljuset monumenten: det \u00e4r ett utm\u00e4rkt tillf\u00e4lle att fotografera Sevillas Plaza de Espa\u00f1a eller Granadas stadsmurar.<\/p>\n\n<figure class=\"wp-block-image size-large\"><img loading=\"lazy\" decoding=\"async\" src=\"https:\/\/photos.smugmug.com\/Andalucia-Lovers\/Cordoba\/Roman-bridge\/i-DjjtRCL\/0\/Kf65MMFBJsqndJbHSKqVzCXb5QPZ67n49JH8vRJcF\/L\/Cordoba_bridge-L.jpg\" alt=\"Cordoba - Solsken i februari\"\/><\/figure>\n\n<h2 class=\"wp-block-heading\">Vattentemperatur &#8211; bada i Andalusien i februari<\/h2>\n\n<p>Att bada i havet \u00e4r inte s\u00e4rskilt popul\u00e4rt i februari, \u00e4ven om de mildare dagarna kan f\u00e5 dig att vilja komma n\u00e4ra stranden. Uppv\u00e4rmda hotellpooler och arabiska bad, som det finns m\u00e5nga av i Granada, Sevilla och Cordoba, \u00e4r bra alternativ f\u00f6r att njuta av vattnet i en bekv\u00e4m omgivning.<\/p>\n\n<ul class=\"wp-block-list\">\n<li>Vattentemperatur i M\u00e1laga: 15\u00b0C (59\u00b0F) i genomsnitt<\/li>\n\n\n\n<li>Vattentemperatur i Marbella: 15\u00b0C (59\u00b0F) i genomsnitt<\/li>\n\n\n\n<li>Genomsnittlig vattentemperatur i Cadiz: 15\u00b0C (59\u00b0F)<\/li>\n<\/ul>\n\n<figure class=\"wp-block-image size-large\"><img loading=\"lazy\" decoding=\"async\" src=\"https:\/\/photos.smugmug.com\/Andalucia-Lovers\/Malaga\/Plages\/Malagueta\/i-rGQv3ZC\/0\/MVDCd3JMcc67m5km39mtt7txDCn5MVtCVdzZ4WgX7\/L\/beach-malagueta-malaga-spain-2-L.jpg\" alt=\"Costa de la Luz - Vattentemperatur i februari\"\/><\/figure>\n\n<h2 class=\"wp-block-heading\">Folkmassor och andra f\u00f6rh\u00e5llanden<\/h2>\n\n<p>Februari var generellt sett lugn f\u00f6r turister, med undantag f\u00f6r karnevalsveckan. Utanf\u00f6r denna period kan du bes\u00f6ka de viktigaste platserna utan n\u00e5gra begr\u00e4nsningar: vi bokade Alhambra n\u00e5gra dagar i f\u00f6rv\u00e4g, vilket skulle vara om\u00f6jligt p\u00e5 sommaren eller v\u00e5ren. De historiska stadsk\u00e4rnorna \u00e4r fyllda av autentisk lokal atmosf\u00e4r, med morgonmarknader och livliga tapasbarer p\u00e5 kv\u00e4llarna.<\/p>\n\n<p>Apelsintr\u00e4den \u00e4r fortfarande fulla av frukt i b\u00f6rjan av m\u00e5naden och doftar p\u00e5 gatorna i Sevilla och Cordoba. De f\u00f6rsta mandelblommorna dyker upp p\u00e5 landsbygden i slutet av m\u00e5naden och f\u00f6reb\u00e5dar v\u00e5rens ankomst. Andalusierna har sin egen livsrytm: kv\u00e4llsm\u00e5ltiderna b\u00f6rjar s\u00e4llan f\u00f6re kl. 21.00, och de lokala restaurangerna \u00e4r fulla till kl. 23.00 eller midnatt.<\/p>\n\n<figure class=\"wp-block-image size-large\"><img loading=\"lazy\" decoding=\"async\" src=\"https:\/\/photos.smugmug.com\/Andalucia-Lovers\/Malaga\/Best-of\/i-dRTwxmJ\/0\/LXdnqXqXG46RbN9tqV235dM7G2nJcnrDZpdznn7Qp\/L\/picasso-sculpture-malaga-spain-L.jpg\" alt=\"Village blanc d'Andalousie - Publiktillstr&#xF6;mning och andra f&#xF6;rh&#xE5;llanden i februari\"\/><\/figure>\n\n<h2 class=\"wp-block-heading\">Vintersport i Sierra Nevada<\/h2>\n\n<p>Februari \u00e4r en av de b\u00e4sta m\u00e5naderna att \u00e5ka skidor i Sierra Nevada. Anl\u00e4ggningen, som ligger 30 km fr\u00e5n Granada, erbjuder i allm\u00e4nhet bra sn\u00f6f\u00f6rh\u00e5llanden och \u00f6ver 100 km pister. Vi tyckte att kombinationen av skid\u00e5kning p\u00e5 morgonen och bes\u00f6k i Alhambra p\u00e5 eftermiddagen var s\u00e4rskilt attraktiv. Utsikten \u00f6ver Medelhavet under en klar dag \u00e4r en ov\u00e4ntad bonus. Anl\u00e4ggningen \u00e4r v\u00e4lutrustad och det tar mindre \u00e4n 1 timme att \u00e5ka till centrala Granada.<\/p>\n\n<figure class=\"wp-block-image size-large\"><img loading=\"lazy\" decoding=\"async\" src=\"https:\/\/photos.smugmug.com\/Travel\/Andalucia\/11c-Pampaneira\/i-VHQ77F3\/2\/Mj9VtJk57prFGNF4PmFsp7KXF9pD2mj9mxHZ6DDTV\/L\/Pampaneira_Andalucia_Spain-6627-L.jpg\" alt=\"Sierra Nevada - Vintersporter i februari\"\/><\/figure>\n\n<h2 class=\"wp-block-heading\">Evenemang i februari i Andalusien<\/h2>\n\n<ul class=\"wp-block-list\">\n<li><strong>Cadiz Carnival<\/strong>: en av de mest k\u00e4nda i Spanien, den \u00e4ger rum under tio dagar i mitten av februari. Gatorna i gamla stan lever upp med kostymkl\u00e4dda grupper, &#8221;chirigotas&#8221;, som sjunger satiriska texter. Evenemanget lockar bes\u00f6kare fr\u00e5n hela Spanien, s\u00e5 boka boende och transport i god tid om du vill delta.<\/li>\n\n\n\n<li><strong>Festival de Flamenco de Jerez<\/strong>: denna referensfestival inleds i slutet av januari och forts\u00e4tter in i februari. I Jerez de la Frontera sammanf\u00f6r den de mest k\u00e4nda flamencoartisterna i historiska lokaler och bodegor. Jerez anses vara en av flamencons vaggor, tillsammans med Sevilla och Cadiz.<\/li>\n\n\n\n<li><strong>Mandelblomning i Alpujarra<\/strong>: Fr\u00e5n slutet av m\u00e5naden t\u00e4cks sluttningarna i Alpujarras, bergsbyarna vid foten av Sierra Nevada, av vit mandelblomning. Det \u00e4r ett diskret natursk\u00e5despel, men ett som uppskattas av bes\u00f6kare som vill komma bort fr\u00e5n storst\u00e4derna.<\/li>\n\n\n\n<li><strong>San Blas-festivalen (3 februari)<\/strong>: i m\u00e5nga andalusiska byar firas denna skyddshelgonadag med lokala processioner och hantverksmarknader, s\u00e4rskilt p\u00e5 landsbygden i Granada och Ja\u00e9n.<\/li>\n<\/ul>\n\n<figure class=\"wp-block-image size-large\"><img loading=\"lazy\" decoding=\"async\" src=\"https:\/\/photos.smugmug.com\/Travel\/Andalucia\/18b-Cadiz\/i-W9TBMST\/2\/KxXjJFP6MZWJLw3txWvB52R4F46XcZ6pvWbcJzFHD\/L\/Cadiz_Andalucia_Spain-9318-L.jpg\" alt=\"Cordoba - Evenemang i februari i Andalusien\"\/><\/figure>\n\n<h2 class=\"wp-block-heading\">Priser i februari<\/h2>\n\n<p>Som \u00f6verallt annars varierar priserna beroende p\u00e5 vad du letar efter. Det finns ett brett utbud av boenden, fr\u00e5n vandrarhem till 5-stj\u00e4rniga hotell. Det \u00e4r d\u00e4rf\u00f6r sv\u00e5rt att ge en budget. I februari var r\u00e4ntorna fortsatt attraktiva under st\u00f6rre delen av m\u00e5naden. Var dock uppm\u00e4rksam p\u00e5 karnevalsveckan i Cadiz, d\u00e5 boende i staden och dess omgivningar snabbt fylls upp och priserna stiger kraftigt.<\/p>\n\n<h2 class=\"wp-block-heading\">\u00d6vriga m\u00e5nader<\/h2>\n\n<p><strong>N\u00e4r ska man \u00e5ka till Andalusien, de andra m\u00e5naderna&#8230;<\/strong><\/p>\n\n<ul class=\"wp-block-list\">\n<li><a href=\"https:\/\/andalucialovers.com\/sv\/resa-andalusien-januari-vader-temperatur\/\" type=\"post\" id=\"5239\" target=\"_blank\" rel=\"noreferrer noopener\">Andalusien i januari<\/a><\/li>\n\n\n\n<li>Andalusien i mars<\/li>\n\n\n\n<li>Andalusien i april<\/li>\n\n\n\n<li>Andalusien i maj<\/li>\n\n\n\n<li>Andalusien i juni<\/li>\n\n\n\n<li>Andalusien i juli<\/li>\n\n\n\n<li>Andalusien i augusti<\/li>\n\n\n\n<li>Andalusien i september<\/li>\n\n\n\n<li>Andalusien i oktober<\/li>\n\n\n\n<li>Andalusien i november<\/li>\n\n\n\n<li>Andalusien i december<\/li>\n<\/ul>\n\n<p>Eller l\u00e4s v\u00e5r artikel om n\u00e4r du ska \u00e5ka till Andalusien (kommer snart).<\/p>\n\n<div style=\"margin-top:8%;margin-bottom:8%\" class=\"wp-block-genesis-blocks-gb-container box gb-block-container\"><div class=\"gb-container-inside\"><div class=\"gb-container-content\" style=\"max-width:700px\">\n<div class=\"wp-block-genesis-blocks-gb-container box_titre gb-block-container\"><div class=\"gb-container-inside\"><div class=\"gb-container-content\">\n<h5 class=\"titre_box\"><span>PLANERA DIN RESA TILL <\/span><span class=\"titre_box_manuscrit\">Andalusien<\/span><\/h5>\n<\/div><\/div><\/div>\n\n\n\n<hr class=\"wp-block-separator has-text-color has-alpha-channel-opacity has-background is-style-wide hr-box-planif\" style=\"background-color:#ccd3dd;color:#ccd3dd\"\/>\n\n\n\n<div class=\"wp-block-genesis-blocks-gb-container gb-block-container\"><div class=\"gb-container-inside\"><div class=\"gb-container-content\">\n<div class=\"wp-block-columns box_sans_border is-layout-flex wp-container-core-columns-is-layout-9d6595d7 wp-block-columns-is-layout-flex\">\n<div class=\"wp-block-column texte_planif is-layout-flow wp-block-column-is-layout-flow\" style=\"flex-basis:60%\">\n<p class=\"soustitre_planif\"><strong>Inspiration<\/strong><\/p>\n\n\n\n<ul class=\"wp-block-list\">\n<li style=\"font-size:14px\"><a href=\"https:\/\/andalucialovers.com\/sv\/sevardheter-andalusien-att-gora\/\" target=\"_blank\" rel=\"noreferrer noopener\">Vad man kan g\u00f6ra i Andalusien<\/a><\/li>\n\n\n\n<li style=\"font-size:14px\"><a href=\"https:\/\/andalucialovers.com\/sv\/basta-staderna-andalusien\/\" target=\"_blank\" rel=\"noreferrer noopener\">De vackraste st\u00e4derna<\/a><\/li>\n\n\n\n<li style=\"font-size:14px\"><a href=\"https:\/\/andalucialovers.com\/sv\/basta-stranderna-andalusien-listan\/\" target=\"_blank\" rel=\"noreferrer noopener\">De vackraste str\u00e4nderna<\/a><\/li>\n\n\n\n<li style=\"font-size:14px\"><a href=\"https:\/\/andalucialovers.com\/sv\/basta-vita-byarna-andalusien\/\" target=\"_blank\" rel=\"noreferrer noopener\">De vackraste vita byarna<\/a><\/li>\n\n\n\n<li style=\"font-size:14px\"><a href=\"https:\/\/andalucialovers.com\/sv\/katedraler-andalusien\/\" target=\"_blank\" rel=\"noreferrer noopener\">Katedralerna<\/a><\/li>\n\n\n\n<li style=\"font-size:14px\"><a href=\"https:\/\/andalucialovers.com\/sv\/arkeologiska-utgravningar-andalusien-ruiner\/\" target=\"_blank\" rel=\"noreferrer noopener\">Arkeologiska platser<\/a><\/li>\n\n\n\n<li style=\"font-size:14px\"><a data-type=\"post\" data-id=\"2221\" href=\"https:\/\/andalucialovers.com\/sv\/cordoba-eller-sevilla-eller-granada\/\" target=\"_blank\" rel=\"noreferrer noopener\">Sevilla, Cordoba eller Granada?<\/a><\/li>\n\n\n\n<li style=\"font-size:14px\"><a href=\"https:\/\/andalucialovers.com\/sv\/basta-museerna-andalusien\/\" target=\"_blank\" rel=\"noreferrer noopener\">B\u00e4sta museerna<\/a><\/li>\n\n\n\n<li style=\"font-size:14px\"><a href=\"https:\/\/andalucialovers.com\/sv\/basta-slotten-palatsen-andalusien\/\" target=\"_blank\" rel=\"noreferrer noopener\">Slott och palats<\/a><\/li>\n\n\n\n<li style=\"font-size:14px\"><a href=\"https:\/\/andalucialovers.com\/sv\/andalusien-gomda-parlor-hemliga-platser\/\" target=\"_blank\" rel=\"noreferrer noopener\">Hemliga platser<\/a><\/li>\n<\/ul>\n<\/div>\n\n\n\n<div class=\"wp-block-column is-vertically-aligned-top planif-radius is-layout-flow wp-block-column-is-layout-flow\" style=\"flex-basis:40%\">\n<figure class=\"wp-block-image size-large img-portrait\"><img loading=\"lazy\" decoding=\"async\" src=\"https:\/\/photos.smugmug.com\/Travel\/Andalucia\/6b-Zuheros\/i-VRKFTdz\/1\/CNkgtxtms75zqS5pTQbm8FKsGCDk3kHvJFzJqmP2z\/S\/Zuheros_Andalucia_Spain-4306-S.jpg\" alt=\"Zuheros\" title=\"\"\/><\/figure>\n<\/div>\n<\/div>\n\n\n\n<hr class=\"wp-block-separator has-text-color has-alpha-channel-opacity has-background is-style-wide hr-box-planif\" style=\"background-color:#ccd3dd;color:#ccd3dd\"\/>\n\n\n\n<div class=\"wp-block-columns box_sans_border is-layout-flex wp-container-core-columns-is-layout-9d6595d7 wp-block-columns-is-layout-flex\">\n<div class=\"wp-block-column texte_planif is-layout-flow wp-block-column-is-layout-flow\" style=\"flex-basis:60%\">\n<p class=\"soustitre_planif\"><strong>\u00d6vning<\/strong><\/p>\n\n\n\n<ul class=\"wp-block-list\">\n<li style=\"font-size:14px\"><a href=\"https:\/\/andalucialovers.com\/sv\/var-ska-bo-andalusien-basta-omradena\/\" data-type=\"post\" data-id=\"2632\" target=\"_blank\" rel=\"noreferrer noopener\">Var man kan bo i Andalusien<\/a><\/li>\n\n\n\n<li style=\"font-size:14px\"><a href=\"https:\/\/andalucialovers.com\/sv\/basta-5-stjarniga-hotellen-andalusien-lyx-recensioner\/\" type=\"post\" id=\"6105\" target=\"_blank\" rel=\"noreferrer noopener\">De b\u00e4sta lyxhotellen i Andalusien<\/a><\/li>\n\n\n\n<li style=\"font-size:14px\"><a href=\"https:\/\/andalucialovers.com\/sv\/basta-restaurang-andalusien-ata-recensioner\/\" target=\"_blank\" rel=\"noreferrer noopener\">B\u00e4sta restaurangerna<\/a><\/li>\n\n\n\n<li style=\"font-size:14px\"><a data-type=\"post\" data-id=\"3712\" href=\"https:\/\/andalucialovers.com\/sv\/hur-hyr-bil-andalusien-tips-erfarenhet\/\" target=\"_blank\" rel=\"noreferrer noopener\">Hyr en bil i Andalusien<\/a><\/li>\n\n\n\n<li style=\"font-size:14px\"><a href=\"https:\/\/andalucialovers.com\/sv\/korning-andalusien-tips\/\" target=\"_blank\" rel=\"noreferrer noopener\">K\u00f6rning i Andalusien<\/a><\/li>\n<\/ul>\n<\/div>\n\n\n\n<div class=\"wp-block-column is-vertically-aligned-top planif-radius is-layout-flow wp-block-column-is-layout-flow\" style=\"flex-basis:40%\">\n<figure class=\"wp-block-image size-large img-portrait\"><img loading=\"lazy\" decoding=\"async\" src=\"https:\/\/photos.smugmug.com\/Travel\/Andalucia\/Accommodations\/i-QBDJnG7\/1\/4ZLWzw32dnhwGLrbmXL5HqSdBXzWBRMQhfVrcKD4\/S\/accommodation_Tarifa_Andalucia_Spain-2764-S.jpg\" alt=\"Hotell i Tarifa\" title=\"\"\/><\/figure>\n<\/div>\n<\/div>\n\n\n\n<hr class=\"wp-block-separator has-text-color has-alpha-channel-opacity has-background is-style-wide hr-box-planif\" style=\"background-color:#ccd3dd;color:#ccd3dd\"\/>\n\n\n\n<div class=\"wp-block-columns box_sans_border is-layout-flex wp-container-core-columns-is-layout-9d6595d7 wp-block-columns-is-layout-flex\">\n<div class=\"wp-block-column texte_planif is-layout-flow wp-block-column-is-layout-flow\" style=\"flex-basis:60%\">\n<p class=\"soustitre_planif\"><strong>Platser du inte f\u00e5r missa<\/strong><\/p>\n\n\n\n<ul class=\"wp-block-list\">\n<li style=\"font-size:14px\"><a href=\"https:\/\/andalucialovers.com\/sv\/sevardheter-sevilla-att-gora\/\" target=\"_blank\" rel=\"noreferrer noopener\">Sevilla<\/a><\/li>\n\n\n\n<li style=\"font-size:14px\"><a data-type=\"post\" data-id=\"2328\" href=\"https:\/\/andalucialovers.com\/sv\/sevardheter-cordoba-att-gora\/\" target=\"_blank\" rel=\"noreferrer noopener\">Cordoba<\/a><\/li>\n\n\n\n<li style=\"font-size:14px\"><a href=\"https:\/\/andalucialovers.com\/sv\/sevardheter-granada-att-gora\/\" target=\"_blank\" rel=\"noreferrer noopener\">Grenada<\/a><\/li>\n\n\n\n<li style=\"font-size:14px\"><a href=\"https:\/\/andalucialovers.com\/sv\/sevardheter-ronda-att-gora\/\" target=\"_blank\" rel=\"noreferrer noopener\">Ronda<\/a><\/li>\n\n\n\n<li style=\"font-size:14px\"><a href=\"https:\/\/andalucialovers.com\/sv\/sevardheter-malaga-att-gora\/\" target=\"_blank\" rel=\"noreferrer noopener\">Malaga<\/a><\/li>\n\n\n\n<li style=\"font-size:14px\"><a data-type=\"post\" data-id=\"3597\" href=\"https:\/\/andalucialovers.com\/sv\/sevardheter-cadiz-att-gora\/\" target=\"_blank\" rel=\"noreferrer noopener\">Cadiz<\/a><\/li>\n\n\n\n<li style=\"font-size:14px\">Cabo de Gata<\/li>\n\n\n\n<li style=\"font-size:14px\"><a href=\"https:\/\/andalucialovers.com\/sv\/sevardheter-antequera-att-gora\/\" target=\"_blank\" rel=\"noreferrer noopener\">Antequera<\/a><\/li>\n\n\n\n<li style=\"font-size:14px\">Baeza och Ubuda<\/li>\n<\/ul>\n<\/div>\n\n\n\n<div class=\"wp-block-column is-vertically-aligned-top planif-radius is-layout-flow wp-block-column-is-layout-flow\" style=\"flex-basis:40%\">\n<figure class=\"wp-block-image size-large img-portrait\"><img loading=\"lazy\" decoding=\"async\" src=\"https:\/\/photos.smugmug.com\/Travel\/Andalucia\/2e-Madina-Azahara\/i-nrQb8vF\/1\/DMVZRMLhBjwhLQtjzj2r5fqS4GjmpXXHrwvQnwFsm\/S\/Medina_Azahara_Andalucia_Spain-1434-S.jpg\" alt=\"Medina Azahara\" title=\"\"\/><\/figure>\n<\/div>\n<\/div>\n<\/div><\/div><\/div>\n\n\n\n<div class=\"wp-block-genesis-blocks-gb-container box_texte gb-block-container\"><div class=\"gb-container-inside\"><div class=\"gb-container-content\"><\/div><\/div><\/div>\n\n\n\n<div class=\"wp-block-genesis-blocks-gb-container box-texte gb-block-container\"><div class=\"gb-container-inside\"><div class=\"gb-container-content\"><\/div><\/div><\/div>\n<\/div><\/div><\/div>\n\n<div class=\"wp-block-genesis-blocks-gb-container box_auteur_voyage gb-block-container\"><div class=\"gb-container-inside\"><div class=\"gb-container-content\">\n<figure class=\"wp-block-image size-large img_auteur_voyage img_provisoire img_julie\"><a href=\"https:\/\/andalucialovers.com\/sv\/julie-joly\/\" target=\"_blank\" rel=\"noreferrer noopener\"><img loading=\"lazy\" decoding=\"async\" src=\"https:\/\/photos.smugmug.com\/Region-Lovers\/Equipe\/i-T3sDhGd\/0\/CrBSnP9JCLV3gSG4MfSQMF7p5T5WvCMbtWr4wqQ2D\/L\/julie-L.jpg\" alt=\"\"\/><\/a><\/figure>\n\n\n\n          \n\n          <h5 class=\"titre_auteur_voyage\"><span>HON SKREV ARTIKELN \n <\/span><span class=\"titre_box_manuscrit\">Julie<\/span><\/h5>\n          \n\n        \n<\/div><\/div><\/div>\n","protected":false},"excerpt":{"rendered":"<p>\u00c4r du sugen p\u00e5 en resa till Andalusien i februari?Ta reda p\u00e5 om regionen passar dig vid den h\u00e4r tiden p\u00e5 \u00e5ret med v\u00e5r omfattande guide om klimat, resef\u00f6rh\u00e5llanden, folksamlingar, priser, sev\u00e4rdheter och evenemang. Resa till Andalusien i februari: snabba svar \u00c4r v\u00e4dret bra i Andalusien i februari? \u00c4r detta en bra tid att bes\u00f6ka? [&hellip;]<\/p>\n","protected":false},"author":10,"featured_media":6210,"comment_status":"closed","ping_status":"closed","sticky":false,"template":"","format":"standard","meta":{"_genesis_hide_title":false,"_genesis_hide_breadcrumbs":false,"_genesis_hide_singular_image":false,"_genesis_hide_footer_widgets":false,"_genesis_custom_body_class":"","_genesis_custom_post_class":"","_genesis_layout":"","footnotes":""},"categories":[141],"tags":[],"class_list":{"0":"post-6211","1":"post","2":"type-post","3":"status-publish","4":"format-standard","5":"has-post-thumbnail","7":"category-anvandbara-tips","8":"entry"},"yoast_head":"<!-- This site is optimized with the Yoast SEO plugin v27.2 - https:\/\/yoast.com\/product\/yoast-seo-wordpress\/ -->\n<title>Andalusien i februari: v\u00e5r kompletta guide!<\/title>\n<meta name=\"description\" content=\"Vad du kan f\u00f6rv\u00e4nta dig om du reser till Andalusien i februari - v\u00e4der, folkmassor, f\u00f6rh\u00e5llanden, priser, evenemang denna m\u00e5nad...\" \/>\n<meta name=\"robots\" content=\"index, follow, max-snippet:-1, max-image-preview:large, max-video-preview:-1\" \/>\n<link rel=\"canonical\" href=\"https:\/\/andalucialovers.com\/sv\/resa-andalusien-februari-vader-temperatur\/\" \/>\n<meta property=\"og:locale\" content=\"sv_SE\" \/>\n<meta property=\"og:type\" content=\"article\" \/>\n<meta property=\"og:title\" content=\"Andalusien i februari: v\u00e5r kompletta guide!\" \/>\n<meta property=\"og:description\" content=\"Vad du kan f\u00f6rv\u00e4nta dig om du reser till Andalusien i februari - v\u00e4der, folkmassor, f\u00f6rh\u00e5llanden, priser, evenemang denna m\u00e5nad...\" \/>\n<meta property=\"og:url\" content=\"https:\/\/andalucialovers.com\/sv\/resa-andalusien-februari-vader-temperatur\/\" \/>\n<meta property=\"og:site_name\" content=\"Andalucia Lovers\" \/>\n<meta property=\"article:published_time\" content=\"2026-04-21T15:36:42+00:00\" \/>\n<meta property=\"article:modified_time\" content=\"2026-04-21T15:43:40+00:00\" \/>\n<meta property=\"og:image\" content=\"https:\/\/andalucialovers.com\/wp-content\/uploads\/2026\/04\/Andalusien-i-februari-vader-temperatur.jpg\" \/>\n\t<meta property=\"og:image:width\" content=\"836\" \/>\n\t<meta property=\"og:image:height\" content=\"627\" \/>\n\t<meta property=\"og:image:type\" content=\"image\/jpeg\" \/>\n<meta name=\"author\" content=\"Julie\" \/>\n<meta name=\"twitter:card\" content=\"summary_large_image\" \/>\n<meta name=\"twitter:label1\" content=\"Skriven av\" \/>\n\t<meta name=\"twitter:data1\" content=\"Julie\" \/>\n\t<meta name=\"twitter:label2\" content=\"Ber\u00e4knad l\u00e4stid\" \/>\n\t<meta name=\"twitter:data2\" content=\"9 minuter\" \/>\n<script type=\"application\/ld+json\" class=\"yoast-schema-graph\">{\"@context\":\"https:\/\/schema.org\",\"@graph\":[{\"@type\":\"Article\",\"@id\":\"https:\/\/andalucialovers.com\/sv\/resa-andalusien-februari-vader-temperatur\/#article\",\"isPartOf\":{\"@id\":\"https:\/\/andalucialovers.com\/sv\/resa-andalusien-februari-vader-temperatur\/\"},\"author\":{\"name\":\"Julie\",\"@id\":\"https:\/\/andalucialovers.com\/sv\/#\/schema\/person\/361f7f7eb0c899086137e0f318ab094b\"},\"headline\":\"Andalusien i februari: v\u00e5r kompletta guide!\",\"datePublished\":\"2026-04-21T15:36:42+00:00\",\"dateModified\":\"2026-04-21T15:43:40+00:00\",\"mainEntityOfPage\":{\"@id\":\"https:\/\/andalucialovers.com\/sv\/resa-andalusien-februari-vader-temperatur\/\"},\"wordCount\":1825,\"publisher\":{\"@id\":\"https:\/\/andalucialovers.com\/sv\/#organization\"},\"image\":{\"@id\":\"https:\/\/andalucialovers.com\/sv\/resa-andalusien-februari-vader-temperatur\/#primaryimage\"},\"thumbnailUrl\":\"https:\/\/andalucialovers.com\/wp-content\/uploads\/2026\/04\/Andalusien-i-februari-vader-temperatur.jpg\",\"articleSection\":[\"Anv\u00e4ndbara tips\"],\"inLanguage\":\"sv-SE\"},{\"@type\":\"WebPage\",\"@id\":\"https:\/\/andalucialovers.com\/sv\/resa-andalusien-februari-vader-temperatur\/\",\"url\":\"https:\/\/andalucialovers.com\/sv\/resa-andalusien-februari-vader-temperatur\/\",\"name\":\"Andalusien i februari: v\u00e5r kompletta guide!\",\"isPartOf\":{\"@id\":\"https:\/\/andalucialovers.com\/sv\/#website\"},\"primaryImageOfPage\":{\"@id\":\"https:\/\/andalucialovers.com\/sv\/resa-andalusien-februari-vader-temperatur\/#primaryimage\"},\"image\":{\"@id\":\"https:\/\/andalucialovers.com\/sv\/resa-andalusien-februari-vader-temperatur\/#primaryimage\"},\"thumbnailUrl\":\"https:\/\/andalucialovers.com\/wp-content\/uploads\/2026\/04\/Andalusien-i-februari-vader-temperatur.jpg\",\"datePublished\":\"2026-04-21T15:36:42+00:00\",\"dateModified\":\"2026-04-21T15:43:40+00:00\",\"description\":\"Vad du kan f\u00f6rv\u00e4nta dig om du reser till Andalusien i februari - v\u00e4der, folkmassor, f\u00f6rh\u00e5llanden, priser, evenemang denna m\u00e5nad...\",\"breadcrumb\":{\"@id\":\"https:\/\/andalucialovers.com\/sv\/resa-andalusien-februari-vader-temperatur\/#breadcrumb\"},\"inLanguage\":\"sv-SE\",\"potentialAction\":[{\"@type\":\"ReadAction\",\"target\":[\"https:\/\/andalucialovers.com\/sv\/resa-andalusien-februari-vader-temperatur\/\"]}]},{\"@type\":\"ImageObject\",\"inLanguage\":\"sv-SE\",\"@id\":\"https:\/\/andalucialovers.com\/sv\/resa-andalusien-februari-vader-temperatur\/#primaryimage\",\"url\":\"https:\/\/andalucialovers.com\/wp-content\/uploads\/2026\/04\/Andalusien-i-februari-vader-temperatur.jpg\",\"contentUrl\":\"https:\/\/andalucialovers.com\/wp-content\/uploads\/2026\/04\/Andalusien-i-februari-vader-temperatur.jpg\",\"width\":836,\"height\":627,\"caption\":\"Andalusien i februari vader temperatur\"},{\"@type\":\"BreadcrumbList\",\"@id\":\"https:\/\/andalucialovers.com\/sv\/resa-andalusien-februari-vader-temperatur\/#breadcrumb\",\"itemListElement\":[{\"@type\":\"ListItem\",\"position\":1,\"name\":\"Accueil\",\"item\":\"https:\/\/andalucialovers.com\/sv\/\"},{\"@type\":\"ListItem\",\"position\":2,\"name\":\"Anv\u00e4ndbara tips\",\"item\":\"https:\/\/andalucialovers.com\/sv\/anvandbara-tips\/\"},{\"@type\":\"ListItem\",\"position\":3,\"name\":\"Andalusien i februari: v\u00e5r kompletta guide!\"}]},{\"@type\":\"WebSite\",\"@id\":\"https:\/\/andalucialovers.com\/sv\/#website\",\"url\":\"https:\/\/andalucialovers.com\/sv\/\",\"name\":\"Andalucia Lovers\",\"description\":\"Le blog de Claire et Manu\",\"publisher\":{\"@id\":\"https:\/\/andalucialovers.com\/sv\/#organization\"},\"potentialAction\":[{\"@type\":\"SearchAction\",\"target\":{\"@type\":\"EntryPoint\",\"urlTemplate\":\"https:\/\/andalucialovers.com\/sv\/?s={search_term_string}\"},\"query-input\":{\"@type\":\"PropertyValueSpecification\",\"valueRequired\":true,\"valueName\":\"search_term_string\"}}],\"inLanguage\":\"sv-SE\"},{\"@type\":\"Organization\",\"@id\":\"https:\/\/andalucialovers.com\/sv\/#organization\",\"name\":\"Andalucia Lovers\",\"url\":\"https:\/\/andalucialovers.com\/sv\/\",\"logo\":{\"@type\":\"ImageObject\",\"inLanguage\":\"sv-SE\",\"@id\":\"https:\/\/andalucialovers.com\/sv\/#\/schema\/logo\/image\/\",\"url\":\"https:\/\/andalucialovers.com\/wp-content\/uploads\/2024\/05\/cropped-Andalucia-Lovers-Logo.png\",\"contentUrl\":\"https:\/\/andalucialovers.com\/wp-content\/uploads\/2024\/05\/cropped-Andalucia-Lovers-Logo.png\",\"width\":2804,\"height\":481,\"caption\":\"Andalucia Lovers\"},\"image\":{\"@id\":\"https:\/\/andalucialovers.com\/sv\/#\/schema\/logo\/image\/\"}},{\"@type\":\"Person\",\"@id\":\"https:\/\/andalucialovers.com\/sv\/#\/schema\/person\/361f7f7eb0c899086137e0f318ab094b\",\"name\":\"Julie\",\"image\":{\"@type\":\"ImageObject\",\"inLanguage\":\"sv-SE\",\"@id\":\"https:\/\/secure.gravatar.com\/avatar\/a611248efc69ee9e187aa9c079fc95ddf244fb85450703880b633892883f84f5?s=96&d=mm&r=g\",\"url\":\"https:\/\/secure.gravatar.com\/avatar\/a611248efc69ee9e187aa9c079fc95ddf244fb85450703880b633892883f84f5?s=96&d=mm&r=g\",\"contentUrl\":\"https:\/\/secure.gravatar.com\/avatar\/a611248efc69ee9e187aa9c079fc95ddf244fb85450703880b633892883f84f5?s=96&d=mm&r=g\",\"caption\":\"Julie\"},\"sameAs\":[\"https:\/\/andalucialovers.com\/julie-joly\/\"],\"url\":\"https:\/\/andalucialovers.com\/sv\/author\/julie\/\"}]}<\/script>\n<!-- \/ Yoast SEO plugin. -->","yoast_head_json":{"title":"Andalusien i februari: v\u00e5r kompletta guide!","description":"Vad du kan f\u00f6rv\u00e4nta dig om du reser till Andalusien i februari - v\u00e4der, folkmassor, f\u00f6rh\u00e5llanden, priser, evenemang denna m\u00e5nad...","robots":{"index":"index","follow":"follow","max-snippet":"max-snippet:-1","max-image-preview":"max-image-preview:large","max-video-preview":"max-video-preview:-1"},"canonical":"https:\/\/andalucialovers.com\/sv\/resa-andalusien-februari-vader-temperatur\/","og_locale":"sv_SE","og_type":"article","og_title":"Andalusien i februari: v\u00e5r kompletta guide!","og_description":"Vad du kan f\u00f6rv\u00e4nta dig om du reser till Andalusien i februari - v\u00e4der, folkmassor, f\u00f6rh\u00e5llanden, priser, evenemang denna m\u00e5nad...","og_url":"https:\/\/andalucialovers.com\/sv\/resa-andalusien-februari-vader-temperatur\/","og_site_name":"Andalucia Lovers","article_published_time":"2026-04-21T15:36:42+00:00","article_modified_time":"2026-04-21T15:43:40+00:00","og_image":[{"width":836,"height":627,"url":"https:\/\/andalucialovers.com\/wp-content\/uploads\/2026\/04\/Andalusien-i-februari-vader-temperatur.jpg","type":"image\/jpeg"}],"author":"Julie","twitter_card":"summary_large_image","twitter_misc":{"Skriven av":"Julie","Ber\u00e4knad l\u00e4stid":"9 minuter"},"schema":{"@context":"https:\/\/schema.org","@graph":[{"@type":"Article","@id":"https:\/\/andalucialovers.com\/sv\/resa-andalusien-februari-vader-temperatur\/#article","isPartOf":{"@id":"https:\/\/andalucialovers.com\/sv\/resa-andalusien-februari-vader-temperatur\/"},"author":{"name":"Julie","@id":"https:\/\/andalucialovers.com\/sv\/#\/schema\/person\/361f7f7eb0c899086137e0f318ab094b"},"headline":"Andalusien i februari: v\u00e5r kompletta guide!","datePublished":"2026-04-21T15:36:42+00:00","dateModified":"2026-04-21T15:43:40+00:00","mainEntityOfPage":{"@id":"https:\/\/andalucialovers.com\/sv\/resa-andalusien-februari-vader-temperatur\/"},"wordCount":1825,"publisher":{"@id":"https:\/\/andalucialovers.com\/sv\/#organization"},"image":{"@id":"https:\/\/andalucialovers.com\/sv\/resa-andalusien-februari-vader-temperatur\/#primaryimage"},"thumbnailUrl":"https:\/\/andalucialovers.com\/wp-content\/uploads\/2026\/04\/Andalusien-i-februari-vader-temperatur.jpg","articleSection":["Anv\u00e4ndbara tips"],"inLanguage":"sv-SE"},{"@type":"WebPage","@id":"https:\/\/andalucialovers.com\/sv\/resa-andalusien-februari-vader-temperatur\/","url":"https:\/\/andalucialovers.com\/sv\/resa-andalusien-februari-vader-temperatur\/","name":"Andalusien i februari: v\u00e5r kompletta guide!","isPartOf":{"@id":"https:\/\/andalucialovers.com\/sv\/#website"},"primaryImageOfPage":{"@id":"https:\/\/andalucialovers.com\/sv\/resa-andalusien-februari-vader-temperatur\/#primaryimage"},"image":{"@id":"https:\/\/andalucialovers.com\/sv\/resa-andalusien-februari-vader-temperatur\/#primaryimage"},"thumbnailUrl":"https:\/\/andalucialovers.com\/wp-content\/uploads\/2026\/04\/Andalusien-i-februari-vader-temperatur.jpg","datePublished":"2026-04-21T15:36:42+00:00","dateModified":"2026-04-21T15:43:40+00:00","description":"Vad du kan f\u00f6rv\u00e4nta dig om du reser till Andalusien i februari - v\u00e4der, folkmassor, f\u00f6rh\u00e5llanden, priser, evenemang denna m\u00e5nad...","breadcrumb":{"@id":"https:\/\/andalucialovers.com\/sv\/resa-andalusien-februari-vader-temperatur\/#breadcrumb"},"inLanguage":"sv-SE","potentialAction":[{"@type":"ReadAction","target":["https:\/\/andalucialovers.com\/sv\/resa-andalusien-februari-vader-temperatur\/"]}]},{"@type":"ImageObject","inLanguage":"sv-SE","@id":"https:\/\/andalucialovers.com\/sv\/resa-andalusien-februari-vader-temperatur\/#primaryimage","url":"https:\/\/andalucialovers.com\/wp-content\/uploads\/2026\/04\/Andalusien-i-februari-vader-temperatur.jpg","contentUrl":"https:\/\/andalucialovers.com\/wp-content\/uploads\/2026\/04\/Andalusien-i-februari-vader-temperatur.jpg","width":836,"height":627,"caption":"Andalusien i februari vader temperatur"},{"@type":"BreadcrumbList","@id":"https:\/\/andalucialovers.com\/sv\/resa-andalusien-februari-vader-temperatur\/#breadcrumb","itemListElement":[{"@type":"ListItem","position":1,"name":"Accueil","item":"https:\/\/andalucialovers.com\/sv\/"},{"@type":"ListItem","position":2,"name":"Anv\u00e4ndbara tips","item":"https:\/\/andalucialovers.com\/sv\/anvandbara-tips\/"},{"@type":"ListItem","position":3,"name":"Andalusien i februari: v\u00e5r kompletta guide!"}]},{"@type":"WebSite","@id":"https:\/\/andalucialovers.com\/sv\/#website","url":"https:\/\/andalucialovers.com\/sv\/","name":"Andalucia Lovers","description":"Le blog de Claire et Manu","publisher":{"@id":"https:\/\/andalucialovers.com\/sv\/#organization"},"potentialAction":[{"@type":"SearchAction","target":{"@type":"EntryPoint","urlTemplate":"https:\/\/andalucialovers.com\/sv\/?s={search_term_string}"},"query-input":{"@type":"PropertyValueSpecification","valueRequired":true,"valueName":"search_term_string"}}],"inLanguage":"sv-SE"},{"@type":"Organization","@id":"https:\/\/andalucialovers.com\/sv\/#organization","name":"Andalucia Lovers","url":"https:\/\/andalucialovers.com\/sv\/","logo":{"@type":"ImageObject","inLanguage":"sv-SE","@id":"https:\/\/andalucialovers.com\/sv\/#\/schema\/logo\/image\/","url":"https:\/\/andalucialovers.com\/wp-content\/uploads\/2024\/05\/cropped-Andalucia-Lovers-Logo.png","contentUrl":"https:\/\/andalucialovers.com\/wp-content\/uploads\/2024\/05\/cropped-Andalucia-Lovers-Logo.png","width":2804,"height":481,"caption":"Andalucia Lovers"},"image":{"@id":"https:\/\/andalucialovers.com\/sv\/#\/schema\/logo\/image\/"}},{"@type":"Person","@id":"https:\/\/andalucialovers.com\/sv\/#\/schema\/person\/361f7f7eb0c899086137e0f318ab094b","name":"Julie","image":{"@type":"ImageObject","inLanguage":"sv-SE","@id":"https:\/\/secure.gravatar.com\/avatar\/a611248efc69ee9e187aa9c079fc95ddf244fb85450703880b633892883f84f5?s=96&d=mm&r=g","url":"https:\/\/secure.gravatar.com\/avatar\/a611248efc69ee9e187aa9c079fc95ddf244fb85450703880b633892883f84f5?s=96&d=mm&r=g","contentUrl":"https:\/\/secure.gravatar.com\/avatar\/a611248efc69ee9e187aa9c079fc95ddf244fb85450703880b633892883f84f5?s=96&d=mm&r=g","caption":"Julie"},"sameAs":["https:\/\/andalucialovers.com\/julie-joly\/"],"url":"https:\/\/andalucialovers.com\/sv\/author\/julie\/"}]}},"featured_image_src":"https:\/\/andalucialovers.com\/wp-content\/uploads\/2026\/04\/Andalusien-i-februari-vader-temperatur-600x400.jpg","featured_image_src_square":"https:\/\/andalucialovers.com\/wp-content\/uploads\/2026\/04\/Andalusien-i-februari-vader-temperatur-600x600.jpg","author_info":{"display_name":"Julie","author_link":"https:\/\/andalucialovers.com\/sv\/author\/julie\/"},"_links":{"self":[{"href":"https:\/\/andalucialovers.com\/sv\/wp-json\/wp\/v2\/posts\/6211","targetHints":{"allow":["GET"]}}],"collection":[{"href":"https:\/\/andalucialovers.com\/sv\/wp-json\/wp\/v2\/posts"}],"about":[{"href":"https:\/\/andalucialovers.com\/sv\/wp-json\/wp\/v2\/types\/post"}],"author":[{"embeddable":true,"href":"https:\/\/andalucialovers.com\/sv\/wp-json\/wp\/v2\/users\/10"}],"replies":[{"embeddable":true,"href":"https:\/\/andalucialovers.com\/sv\/wp-json\/wp\/v2\/comments?post=6211"}],"version-history":[{"count":0,"href":"https:\/\/andalucialovers.com\/sv\/wp-json\/wp\/v2\/posts\/6211\/revisions"}],"wp:featuredmedia":[{"embeddable":true,"href":"https:\/\/andalucialovers.com\/sv\/wp-json\/wp\/v2\/media\/6210"}],"wp:attachment":[{"href":"https:\/\/andalucialovers.com\/sv\/wp-json\/wp\/v2\/media?parent=6211"}],"wp:term":[{"taxonomy":"category","embeddable":true,"href":"https:\/\/andalucialovers.com\/sv\/wp-json\/wp\/v2\/categories?post=6211"},{"taxonomy":"post_tag","embeddable":true,"href":"https:\/\/andalucialovers.com\/sv\/wp-json\/wp\/v2\/tags?post=6211"}],"curies":[{"name":"wp","href":"https:\/\/api.w.org\/{rel}","templated":true}]}}