{"id":9286,"date":"2026-08-30T10:06:09","date_gmt":"2026-08-30T08:06:09","guid":{"rendered":"https:\/\/andalucialovers.com\/vart-ska-man-aka-i-andalusien-de-basta-resmalen\/"},"modified":"2026-08-30T10:41:36","modified_gmt":"2026-08-30T08:41:36","slug":"vart-aka-andalusien-basta-resmal","status":"publish","type":"post","link":"https:\/\/andalucialovers.com\/sv\/vart-aka-andalusien-basta-resmal\/","title":{"rendered":"Vart man ska \u00e5ka i Andalusien: 7 vackraste resm\u00e5l! (+ v\u00e5ra bilder)"},"content":{"rendered":"\n<p class=\"wp-block-paragraph\">Undrar du <strong>vart du ska \u00e5ka i Andalusien<\/strong>?<br\/>Mellan de kejserliga st\u00e4derna i inlandet, Sierra Nevada-bergen, de olika kusterna och Europas torraste \u00f6ken \u2013 Andalusien kan inte sammanfattas med en lista \u00f6ver st\u00e4der: det \u00e4r en samling regioner, var och en med sin egen identitet.<br\/>I st\u00e4llet f\u00f6r att r\u00e4kna upp st\u00e4derna en efter en har vi valt att presentera <strong>v\u00e5ra 7 favoritregioner<\/strong>, med den stad som fungerar som ing\u00e5ngspunkt och de omgivningar som man inte f\u00e5r missa.<\/p>\n\n<figure class=\"wp-block-image size-full\"><img decoding=\"async\" src=\"https:\/\/andalucialovers.com\/wp-content\/uploads\/2026\/08\/vart-aka-andalusien-resmal.jpg\" alt=\"eller resm&#xE5;l i Andalusien\" class=\"wp-image-9267\"\/><\/figure>\n\n<p class=\"wp-block-paragraph\">Detta \u00e4r en helt <strong>oberoende<\/strong> \u00e5sikt, baserad p\u00e5 v\u00e5r egen erfarenhet. Vi gjorde v\u00e5ra egna val, bes\u00f6kte regionen anonymt och betalade v\u00e5ra r\u00e4kningar till fullo.<\/p>\n<p><!-- IMAGE SMUGMUG \u00c0 AJOUTER : bandeau ou collage r\u00e9gions Andalousie --><\/p>\n\n<h2 id=\"tab-con-2\" class=\"wp-block-heading\">Andalusiens vackraste regioner \u2013 Karta + sammanfattning<\/h2>\n\n<h3 class=\"wp-block-heading\">Vart ska man \u00e5ka i Andalusien \u2013 Karta \u00f6ver regionerna<\/h3>\n\n<p class=\"wp-block-paragraph\">Andalusien \u00e4r Spaniens st\u00f6rsta region, och det \u00e4r sv\u00e5rt att uppt\u00e4cka den genom att betrakta st\u00e4derna var f\u00f6r sig: det \u00e4r b\u00e4ttre att dela in den i st\u00f6rre omr\u00e5den, vart och ett med sin huvudstad och dess omgivningar.<br\/>H\u00e4r \u00e4r en karta d\u00e4r du kan se de 7 regioner som vi har valt ut:<\/p>\n\n<figure class=\"wp-block-image size-full\"><img loading=\"lazy\" decoding=\"async\" src=\"https:\/\/andalucialovers.com\/wp-content\/uploads\/2026\/08\/karta-basta-destinationer-andalusien.jpg\" alt=\"karta &#xF6;ver de b&#xE4;sta resm&#xE5;len i Andalusien\" class=\"wp-image-9257\"\/><figcaption class=\"wp-element-caption\">Karta \u00f6ver de b\u00e4sta resm\u00e5len i Andalusien<\/figcaption><\/figure>\n<p><!-- IMAGE SMUGMUG \u00c0 AJOUTER : carte des r\u00e9gions d'Andalousie --><\/p>\n\n<h3 class=\"wp-block-heading\">De vackraste regionerna<\/h3>\n\n<p class=\"wp-block-paragraph\">Vi presenterar dem i detalj l\u00e4ngre fram i denna artikel, men h\u00e4r f\u00f6ljer en sammanfattning av de sju regionerna:<\/p>\n\n<ul class=\"wp-block-list\">\n<li><strong>Sevilla och dess omgivningar<\/strong> \u2013 den fr\u00e4msta flamenco- och andalusiska huvudstaden \u2013 samt de romerska ruinerna i Italica alldeles intill<\/li>\n\n\n\n<li><strong>C\u00f3rdoba och dess provins<\/strong>, f\u00f6r mosk\u00e9-katedralen och de h\u00f6gt bel\u00e4gna byarna i Sierras Subb\u00e9ticas<\/li>\n\n\n\n<li><strong>Granada och Sierra Nevada<\/strong>, f\u00f6r att bes\u00f6ka Alhambra och byarna i Alpujarras som ligger inb\u00e4ddade i bergen<\/li>\n\n\n\n<li><strong>M\u00e1laga och Costa del Sol<\/strong> \u2013 f\u00f6r str\u00e4nderna, de vita kustbyarna och Caminito del Rey<\/li>\n\n\n\n<li><strong>Ronda och de vita byarna<\/strong>, f\u00f6r dess kanjon och den charmiga omgivningen<\/li>\n\n\n\n<li><strong>C\u00e1diz och Costa de la Luz<\/strong> \u2013 Europas \u00e4ldsta stad i V\u00e4steuropa och de or\u00f6rda str\u00e4nderna vid sundet<\/li>\n\n\n\n<li>Och slutligen <strong>Almer\u00eda och Cabo de Gata<\/strong>, den region som \u00e4r minst k\u00e4nd bland utl\u00e4ndska bes\u00f6kare, bel\u00e4gen mellan \u00f6ken och or\u00f6rda str\u00e4nder<\/li>\n<\/ul>\n\n<figure class=\"wp-block-image size-large\"><img loading=\"lazy\" decoding=\"async\" src=\"https:\/\/photos.smugmug.com\/Travel\/Andalucia\/21b-Real-de-Alcazar\/i-NHbdxWD\/2\/pHWpN6QWJdrz3ZTs6wg9khVmnbVWHWQjFBbbXRWQ\/L\/real_alcazar_Seville_Andalucia_Spain-2956-L.jpg\" alt=\"Mudejararkitekturen i Alcazaba i Sevilla\"\/><figcaption class=\"wp-element-caption\">Alcazaba i Sevilla<\/figcaption><\/figure>\n<p><!-- IMAGE SMUGMUG \u00c0 AJOUTER : Cabo de Gata, playa de M\u00f3nsul --><\/p>\n\n<h2 id=\"tab-con-3\" class=\"wp-block-heading\">1. Sevilla och dess omgivningar \u2013 vart ska man \u00e5ka i Andalusien?<\/h2>\n\n<h3 class=\"wp-block-heading\">Varf\u00f6r bes\u00f6ka?<\/h3>\n\n<p class=\"wp-block-paragraph\">Sevilla \u00e4r utan tvekan den stad i Andalusien som v\u00e4cker flest sinnesintryck: doften av blommande apelsintr\u00e4d p\u00e5 v\u00e5ren, v\u00e4rmen som stiger upp fr\u00e5n gatstenarna p\u00e5 sommaren, gitarrspelet och klackarnas klackande sent p\u00e5 kv\u00e4llen i tapasbarerna. Det \u00e4r en t\u00e4tbefolkad stad som \u00e4nd\u00e5 k\u00e4nns \u00f6versk\u00e5dlig, d\u00e4r man utan \u00f6verg\u00e5ng g\u00e5r fr\u00e5n ett skuggigt och svalt torg till en gr\u00e4nd som bl\u00e4ndar med sitt vita ljus.<\/p>\n\n<p class=\"wp-block-paragraph\">Runt omkring f\u00f6r\u00e4ndras landskapet fullst\u00e4ndigt: spannm\u00e5lsf\u00e4lten och olivlundarna str\u00e4cker sig s\u00e5 l\u00e5ngt \u00f6gat n\u00e5r mot Carmona och \u00c9cija, tv\u00e5 s\u00f6mniga st\u00e4der under solen d\u00e4r tiden tycks ha stannat p\u00e5 1700-talet, medan i Italica, dyker de romerska ruinerna upp direkt ur det torra gr\u00e4set, l\u00e5ngt borta fr\u00e5n folkmassorna vid de stora sev\u00e4rdheterna.<\/p>\n\n<figure class=\"wp-block-image size-large\"><img loading=\"lazy\" decoding=\"async\" src=\"https:\/\/photos.smugmug.com\/Andalucia-Lovers\/Sevilla\/Plaza-de-Espana\/i-QstNtZW\/0\/NRHhm26RMpHRshwv6hdJTchNfTJD3NNTQMBVLGZZX\/L\/sevillaplazaespana-globalview-L.jpg\" alt=\"Plaza de Espa&#xF1;a, Sevilla\" title=\"Sevilla &#x2013; Plaza de Espa&#xF1;a\"\/><figcaption class=\"wp-element-caption\"><strong>Plaza de Espa\u00f1a, Sevilla<\/strong><\/figcaption><\/figure>\n\n<h3 class=\"wp-block-heading\">Sevillas vackraste platser<\/h3>\n\n<ul class=\"wp-block-list\">\n<li><a href=\"https:\/\/andalucialovers.com\/sv\/besok-katedral-santa-maria-sede-sevilla\/\" target=\"_blank\" rel=\"noreferrer noopener\">Katedralen<\/a>, en av v\u00e4rldens st\u00f6rsta gotiska kyrkor<\/li>\n\n\n\n<li><a href=\"https:\/\/andalucialovers.com\/sv\/besok-real-alcazar-slott-sevilla\/\" target=\"_blank\" rel=\"noreferrer noopener\">Real Alc\u00e1zar<\/a> och dess mud\u00e9jar-tr\u00e4dg\u00e5rdar<\/li>\n\n\n\n<li><a href=\"https:\/\/andalucialovers.com\/sv\/besok-setas-sevilla\/\" data-type=\"post\" data-id=\"6335\" target=\"_blank\" rel=\"noreferrer noopener\">Las Setas<\/a>, den enorma tr\u00e4konstruktionen ritad av J\u00fcrgen Mayer (2011)<\/li>\n\n\n\n<li>De n\u00e4rliggande palatsen: Casa de Pilatos med sina azulejos, Lebrija-palatset med sina romerska mosaiker<\/li>\n\n\n\n<li>Plaza de Espa\u00f1a, s\u00e4rskilt vid solnedg\u00e5ngen n\u00e4r belysningen t\u00e4nds<\/li>\n\n\n\n<li><a href=\"https:\/\/andalucialovers.com\/sv\/sevardheter-sevilla-att-gora\/\" target=\"_blank\" rel=\"noreferrer noopener\">Se Sevillas b\u00e4sta sev\u00e4rdheter<\/a><\/li>\n<\/ul>\n\n<figure class=\"wp-block-image size-large\"><img loading=\"lazy\" decoding=\"async\" src=\"https:\/\/photos.smugmug.com\/Travel\/Andalucia\/21bb-Real-alcazar-gardens\/i-r65mGTR\/2\/bddxPrcPbKQxp5TNCmLBgcs8md85fQcvdQHzVWwc\/L\/real_alcazar_Seville_Andalucia_Spain-0648-L.jpg\" alt=\"Real Alc&#xE1;zars tr&#xE4;dg&#xE5;rdar, Sevilla\"\/><\/figure>\n\n<h3 class=\"wp-block-heading\">Omgivningarna kring Sevilla<\/h3>\n\n<ul class=\"wp-block-list\">\n<li><strong>Italica<\/strong>, en romersk stad grundad \u00e5r 206 f.Kr., f\u00f6delseort f\u00f6r kejsarna Trajanus och Hadrianus: dess amfiteater (en av de st\u00f6rsta i det romerska riket) och dess mosaiker \u00e4r v\u00e4l v\u00e4rda ett bes\u00f6k, 30 minuter fr\u00e5n Sevilla<\/li>\n\n\n\n<li><strong><a href=\"https:\/\/andalucialovers.com\/sv\/sevardheter-carmona-att-gora\/\" data-type=\"post\" data-id=\"5008\" target=\"_blank\" rel=\"noreferrer noopener\">Carmona<\/a><\/strong>, en av Europas \u00e4ldsta bebodda st\u00e4der, med sitt Alc\u00e1zar, Puerta de Sevilla och sin romerska nekropol<\/li>\n\n\n\n<li><strong>\u00c9cija<\/strong>, som kallas \u201dAndalusiens stekpanna\u201d p\u00e5 grund av den extrema hettan p\u00e5 sommaren, men ocks\u00e5 \u201dklocktornens stad\u201d tack vare sina elva barocka kyrktorn prydda med azulejos och sina palats fr\u00e5n 1700-talet<\/li>\n\n\n\n<li>Fr\u00e5n Sevilla kan du ocks\u00e5 \u00e5ka iv\u00e4g och uppt\u00e4cka andra regioner under en dag: C\u00f3rdoba, Ronda, C\u00e1diz<\/li>\n\n\n\n<li>L\u00e4s v\u00e5r artikel om <a href=\"https:\/\/andalucialovers.com\/sv\/basta-utflykter-fran-sevilla\/\" target=\"_blank\" rel=\"noreferrer noopener\">de b\u00e4sta utflykterna fr\u00e5n Sevilla<\/a><\/li>\n<\/ul>\n\n<figure class=\"wp-block-image size-large\"><img loading=\"lazy\" decoding=\"async\" src=\"https:\/\/photos.smugmug.com\/Travel\/Andalucia\/16a-Santiponce-Italica\/i-4jnddmt\/2\/VxGbPkFMs6ftbmfdCdtW7zGrGcL2DzdfFdVpCFsH\/L\/Santiponce_Italica_Andalucia_Spain-8453-L.jpg\" alt=\"Italica\"\/><figcaption class=\"wp-element-caption\">Italica<\/figcaption><\/figure>\n<p><!-- IMAGE SMUGMUG \u00c0 AJOUTER : \u00c9cija, clochers baroques --><\/p>\n\n<h3 class=\"wp-block-heading\">Var ska vi bo?<\/h3>\n\n<ul class=\"wp-block-list\">\n<li>Sevillas historiska stadsk\u00e4rna \u2013 d\u00e4r man kan uppleva allt till fots<br\/><a href=\"https:\/\/andalucialovers.com\/sv\/var-kan-bo-sevilla-basta-hotellen-stadsdelarna\/\" target=\"_blank\" rel=\"noreferrer noopener\">Se v\u00e5rt urval av de b\u00e4sta stadsdelarna och hotellen i Sevilla<\/a><br\/>eller <a href=\"https:\/\/www.booking.com\/searchresults.html?city=-402849&amp;nflt=review_score%253D90%253Breview_score%253D80&amp;aid=2420173&amp;no_rooms=1&amp;group_adults=2\" target=\"_blank\" rel=\"noreferrer noopener sponsored nofollow\">g\u00e5 direkt till de h\u00f6gst rankade boendena i Sevilla<\/a><\/li>\n\n\n\n<li>Carmona \u2013 f\u00f6r en lugnare natt, bara 30 minuter fr\u00e5n huvudstaden<br\/><a href=\"https:\/\/www.booking.com\/searchresults.html?ss=Carmona%2C+Espagne&amp;aid=2420173&amp;no_rooms=1&amp;group_adults=2\" target=\"_blank\" rel=\"noreferrer noopener sponsored nofollow\">Se de h\u00f6gst rankade boendena i Carmona<\/a><\/li>\n<\/ul>\n\n<figure class=\"wp-block-image size-large\"><img loading=\"lazy\" decoding=\"async\" src=\"https:\/\/photos.smugmug.com\/Andalucia-Lovers\/Sevilla\/H%C3%B4tels\/H%C3%B4tel-Lobby-Room\/i-GMGPVbz\/0\/FWFzxvXjhhCswwtc66K6j37hLs6DBsZDRrdG9hPSd\/L\/sevilla-hotellobbyroom-patio-L.jpg\" alt=\"Hotell Lobby Room, Sevilla\"\/><figcaption class=\"wp-element-caption\">Hotell Lobby Room, Sevilla<\/figcaption><\/figure>\n<p><!-- IMAGE SMUGMUG \u00c0 AJOUTER : h\u00f4tel ou patio \u00e0 S\u00e9ville --><\/p>\n\n<h3 class=\"wp-block-heading\">V\u00e4rt att veta<\/h3>\n\n<ul class=\"wp-block-list\">\n<li>Planera in minst 3 dagar f\u00f6r Sevilla, en halv dag f\u00f6r Italica och en halv dag f\u00f6r Carmona eller \u00c9cija<\/li>\n\n\n\n<li>Man b\u00f6r om m\u00f6jligt undvika juli och augusti: temperaturerna \u00f6verstiger regelbundet 40 \u00b0C, och s\u00e4rskilt \u00c9cija \u00e4r en av Europas hetaste st\u00e4der<\/li>\n\n\n\n<li>Sevilla \u00e4r l\u00e4tt att utforska till fots eller med en hop-on-hop-off-buss, men att hyra en bil underl\u00e4ttar utflykterna till Italica, Carmona och \u00c9cija<\/li>\n<\/ul>\n\n<figure class=\"wp-block-image size-large\"><img loading=\"lazy\" decoding=\"async\" src=\"https:\/\/photos.smugmug.com\/Travel\/Andalucia\/21a-Plaza-de-Espana\/i-wb5D9KC\/2\/C7zp4xJkmbM8QwsDPgW3xmxMrXsJtKZQSTtBrGsBg\/L\/Plaza_de_espana_Seville_Andalucia_Spain-0379-L.jpg\" alt=\"Plaza de Sevilla p&#xE5; natten\"\/><\/figure>\n\n<div class=\"wp-block-genesis-blocks-gb-container box gb-block-container\" style=\"background-color:#f6dfe6;margin-top:8%;margin-bottom:8%\"><div class=\"gb-container-inside\"><div class=\"gb-container-content\">\n<div class=\"wp-block-columns inverse box_planif is-layout-flex wp-container-core-columns-is-layout-8f761849 wp-block-columns-is-layout-flex\">\n<div class=\"wp-block-column texte_planif is-layout-flow wp-block-column-is-layout-flow\" style=\"flex-basis:58%\">\n<h5 class=\"titre_box\"> HYR DIN BIL I <span class=\"titre_box_manuscrit\">\nAndalusia<\/span><\/h5>\n\n\n\n<ul style=\"font-size:14px\" class=\"wp-block-list liste_voiture\">\n<li>J\u00e4mf\u00f6r priser p\u00e5 v\u00e5r f\u00f6redragna plattform: <a href=\"https:\/\/www.discovercars.com\/se\/spain?a_aid=zigzag&amp;chan=andalucia\" target=\"_blank\" rel=\"noreferrer noopener sponsored nofollow\">DiscoverCars<\/a> &#8211; en av de b\u00e4st rankade webbplatserna.<\/li>\n\n\n\n<li>V\u00e4lj en <strong>kompakt bil<\/strong>, eftersom vissa byar har mycket smala gator!<\/li>\n\n\n\n<li>T\u00e4nk p\u00e5<strong>omfattande f\u00f6rs\u00e4kring<\/strong> av samma anledning<\/li>\n\n\n\n<li><strong>Boka tidigt<\/strong> f\u00f6r b\u00e4sta val.<\/li>\n<\/ul>\n<\/div>\n\n\n\n<div class=\"wp-block-column planif-radius-3 is-layout-flow wp-block-column-is-layout-flow\" style=\"flex-basis:42%\">\n<figure class=\"wp-block-image size-large is-resized\"><img loading=\"lazy\" decoding=\"async\" src=\"https:\/\/photos.smugmug.com\/Travel\/Andalucia\/Driving\/i-tqxqm2M\/1\/DBVq6wpqQpTv8CpSvmFGgfKbDdqGMK9zqdcc59cGs\/S\/Driving_Andalucia_Spain-8407-S.jpg\" alt=\"bilar p&#xE5; Sicilien\" title=\"\"\/><\/figure>\n<\/div>\n<\/div>\n\n\n\n<div class=\"wp-block-columns planif_bouton is-layout-flex wp-container-core-columns-is-layout-8f761849 wp-block-columns-is-layout-flex\">\n<div class=\"wp-block-column is-layout-flow wp-block-column-is-layout-flow\" style=\"flex-basis:50%\">\n<div class=\"wp-block-buttons is-content-justification-center is-layout-flex wp-container-core-buttons-is-layout-fe48e5de wp-block-buttons-is-layout-flex\">\n<div class=\"wp-block-button\"><a class=\"wp-block-button__link has-white-color has-text-color has-custom-font-size wp-element-button\" href=\"https:\/\/www.discovercars.com\/fr\/spain?a_aid=zigzag&amp;chan=andalucia\" style=\"border-radius:4px;font-size:18px\" target=\"_blank\" rel=\"noreferrer noopener nofollow\">Se bilarna &gt;<\/a><\/div>\n<\/div>\n<\/div>\n\n\n\n<div class=\"wp-block-column is-vertically-aligned-center is-layout-flow wp-block-column-is-layout-flow\" style=\"flex-basis:50%\">\n<p class=\"has-text-align-center has-normal-font-size wp-block-paragraph\"><strong><a href=\"https:\/\/andalucialovers.com\/sv\/hur-hyr-bil-andalusien-tips-erfarenhet\/\" type=\"post\" id=\"2438\" target=\"_blank\" rel=\"noreferrer noopener\">Se alla v\u00e5ra r\u00e5d<\/a><\/strong><\/p>\n<\/div>\n<\/div>\n<\/div><\/div><\/div>\n\n<h2 id=\"tab-con-4\" class=\"wp-block-heading\">2. C\u00f3rdoba och provinsen C\u00f3rdoba<\/h2>\n\n<h3 class=\"wp-block-heading\">Varf\u00f6r bes\u00f6ka?<\/h3>\n\n<p class=\"wp-block-paragraph\">C\u00f3rdoba \u00e4r v\u00e5r favoritstad i Andalusien: en stad som \u00e4r n\u00e4stan helt tyst s\u00e5 snart man l\u00e4mnar huvudgatorna, d\u00e4r blomstrande innerg\u00e5rdar g\u00f6mmer sig bakom smidesj\u00e4rnd\u00f6rrar och bjuder p\u00e5 en ov\u00e4ntad svalka, till och med mitt i sommaren. Inne i mosk\u00e9-katedralen skapar halvm\u00f6rkret och den t\u00e4ta skogen av r\u00f6da och vita pelare en n\u00e4stan hypnotisk st\u00e4mning, som skiljer sig avsev\u00e4rt fr\u00e5n ljuset i gr\u00e4nderna i det judiska kvarteret bara n\u00e5gra meter bort.<\/p>\n\n<p class=\"wp-block-paragraph\">N\u00e4r man l\u00e4mnar staden f\u00f6r\u00e4ndras landskapet: i Sierras Subb\u00e9ticas breder kullarna ut sig, t\u00e4ckta av olivtr\u00e4d s\u00e5 l\u00e5ngt \u00f6gat n\u00e5r, med vita byar som kl\u00e4nger sig fast vid sluttningarna \u2013 en atmosf\u00e4r som \u00e4r betydligt mer lantlig och bergig \u00e4n den i huvudstaden.<\/p>\n\n<figure class=\"wp-block-image size-large\"><img loading=\"lazy\" decoding=\"async\" src=\"https:\/\/photos.smugmug.com\/Andalucia-Lovers\/Cordoba\/Cathedral\/i-LzVM8n8\/0\/L3fgscCCPpcbSmPRWb2s3vqKd7jS9rCbCNpCX2rXb\/L\/Cordoba_cathedral-L.jpg\" alt=\"Mosk&#xE9;n och katedralen i Cordoba\" title=\"C&#xF3;rdoba &#x2013; Mosk&#xE9;-katedralen\"\/><figcaption class=\"wp-element-caption\"><strong>Mosk\u00e9-katedralen i C\u00f3rdoba<\/strong><\/figcaption><\/figure>\n\n<h3 class=\"wp-block-heading\">De vackraste platserna i C\u00f3rdoba<\/h3>\n\n<ul class=\"wp-block-list\">\n<li><a href=\"https:\/\/andalucialovers.com\/sv\/besok-moske-katedral-cordoba\/\" target=\"_blank\" rel=\"noreferrer noopener\">Mosk\u00e9-katedralen<\/a> och dess hundratals valv<\/li>\n\n\n\n<li><a href=\"https:\/\/andalucialovers.com\/sv\/besok-alcazar-reyes-cristianos-cordoba\/\" data-type=\"post\" data-id=\"2985\" target=\"_blank\" rel=\"noreferrer noopener\">Alcazar<\/a> och dess tr\u00e4dg\u00e5rdar<\/li>\n\n\n\n<li>Den gamla <a href=\"https:\/\/andalucialovers.com\/sv\/puente-romano-cordoba-besok-foton\/\" data-type=\"post\" data-id=\"2729\" target=\"_blank\" rel=\"noreferrer noopener\">romerska bron<\/a> och promenadstr\u00e4ckan l\u00e4ngs Guadalquivir<\/li>\n\n\n\n<li><a href=\"https:\/\/andalucialovers.com\/sv\/besok-palacio-viana-palatset-cordoba\/\" data-type=\"post\" data-id=\"3032\" target=\"_blank\" rel=\"noreferrer noopener\">Viana-palatset<\/a> med sina 12 innerg\u00e5rdar, som alla \u00e4r olika<\/li>\n\n\n\n<li>Det judiska kvarteret och dess stenlagda gr\u00e4nder<\/li>\n\n\n\n<li><a href=\"https:\/\/andalucialovers.com\/sv\/sevardheter-cordoba-att-gora\/\" target=\"_blank\" rel=\"noreferrer noopener\">Se de b\u00e4sta sev\u00e4rdheterna i C\u00f3rdoba<\/a><\/li>\n<\/ul>\n\n<figure class=\"wp-block-image size-large\"><img loading=\"lazy\" decoding=\"async\" src=\"https:\/\/photos.smugmug.com\/Andalucia-Lovers\/Cordoba\/Roman-bridge\/i-DjjtRCL\/0\/Kf65MMFBJsqndJbHSKqVzCXb5QPZ67n49JH8vRJcF\/L\/Cordoba_bridge-L.jpg\" alt=\"Den romerska bron i C&#xF3;rdoba\"\/><\/figure>\n\n<h3 class=\"wp-block-heading\">I trakten kring C\u00f3rdoba<\/h3>\n\n<ul class=\"wp-block-list\">\n<li><strong><a href=\"https:\/\/andalucialovers.com\/sv\/besok-medina-azahara-cordoba\/\" data-type=\"post\" data-id=\"5759\" target=\"_blank\" rel=\"noreferrer noopener\">Medina Azahara<\/a><\/strong>, 8 km fr\u00e5n centrum: ruinerna av denna kalifala palatsstad fr\u00e5n 900-talet, som sedan 2018 finns med p\u00e5 Unescos v\u00e4rldsarvslista, r\u00e4knas till Spaniens viktigaste arkeologiska platser<\/li>\n\n\n\n<li><strong>Almod\u00f3var del R\u00edo<\/strong>, vars medeltida slott \u2013 ett av de b\u00e4st bevarade i Andalusien \u2013 tronar \u00f6ver Guadalquivirs str\u00e4nder<\/li>\n\n\n\n<li><strong><a href=\"https:\/\/andalucialovers.com\/sv\/sevardheter-byn-zuheros-besok\/\" data-type=\"post\" data-id=\"8687\" target=\"_blank\" rel=\"noreferrer noopener\">Zuheros<\/a><\/strong>, en vit by bel\u00e4gen p\u00e5 en bergssluttning i naturparken Sierras Subb\u00e9ticas, med sitt slott av arabiskt ursprung som dominerande inslag och i n\u00e4rheten av Cueva de los Murci\u00e9lagos, en viktig neolitisk plats<\/li>\n\n\n\n<li>L\u00e4s v\u00e5r artikel om <a href=\"https:\/\/andalucialovers.com\/sv\/basta-utflykter-fran-cordoba\/\" target=\"_blank\" rel=\"noreferrer noopener\">de b\u00e4sta utflykterna fr\u00e5n C\u00f3rdoba<\/a><\/li>\n<\/ul>\n\n<figure class=\"wp-block-image size-large\"><img loading=\"lazy\" decoding=\"async\" src=\"https:\/\/photos.smugmug.com\/Andalucia-Lovers\/Cordoba\/Medina-Azahara\/i-483Gxzx\/0\/NCtKSKNmv723TCk4XbnGMgQjWVR7h74SGfwfbJ9R4\/L\/medina-azahara-1-L.jpg\" alt=\"Medina Azahara\"\/><figcaption class=\"wp-element-caption\">Medina Azahara<\/figcaption><\/figure>\n<p><!-- IMAGE SMUGMUG \u00c0 AJOUTER : ruines de Medina Azahara --><\/p>\n<p><!-- IMAGE SMUGMUG \u00c0 AJOUTER : Zuheros ou Priego de C\u00f3rdoba --><\/p>\n\n<h3 class=\"wp-block-heading\">Var ska vi bo?<\/h3>\n\n<ul class=\"wp-block-list\">\n<li>C\u00f3rdobas historiska stadsk\u00e4rna, i n\u00e4rheten av mosk\u00e9-katedralen<br\/><a href=\"https:\/\/andalucialovers.com\/sv\/var-kan-bo-cordoba-basta-hotellen-stadsdelarna\/\" target=\"_blank\" rel=\"noreferrer noopener\">Se v\u00e5rt urval av de b\u00e4sta stadsdelarna och hotellen i C\u00f3rdoba<\/a><br\/>eller direkt: <a href=\"https:\/\/www.booking.com\/searchresults.html?city=-378765&amp;nflt=review_score%253D90%253Breview_score%253D80&amp;aid=2420173&amp;no_rooms=1&amp;group_adults=2\" target=\"_blank\" rel=\"noreferrer noopener sponsored nofollow\">Se de h\u00f6gst rankade boendena i C\u00f3rdoba<\/a><\/li>\n<\/ul>\n\n<figure class=\"wp-block-image size-large\"><img loading=\"lazy\" decoding=\"async\" src=\"https:\/\/photos.smugmug.com\/Andalucia-Lovers\/Cordoba\/Hotels\/Hospes-Palacio-del-Bailio-Hotel\/i-JwJHCz7\/0\/MbTSZX4XWSmX8NW4TKNhP6tBqfB6jrWgxtZVzZwJG\/L\/hotel%20hospes%20palacio%20del%20bailio%20cordoba-078-L.jpg\" alt=\"Hotell Hospes Palacio del Bailio\"\/><figcaption class=\"wp-element-caption\">Hotell Hospes Palacio del Bailio<\/figcaption><\/figure>\n\n<h3 class=\"wp-block-heading\">V\u00e4rt att veta<\/h3>\n\n<ul class=\"wp-block-list\">\n<li>Planera in minst tv\u00e5 dagar f\u00f6r C\u00f3rdoba, plus en halv dag f\u00f6r Medina Azahara<\/li>\n\n\n\n<li>Det g\u00e5r en buss till Medina Azahara fr\u00e5n C\u00f3rdoba fr\u00e5n tisdag till s\u00f6ndag; i \u00f6vrigt beh\u00f6vs en bil f\u00f6r att ta sig till Zuheros, Priego de C\u00f3rdoba och Almod\u00f3var del R\u00edo<\/li>\n\n\n\n<li>C\u00f3rdoba \u00e4r l\u00e4tt att utforska till fots trots en l\u00e4tt lutning; hop-on-hop-off-bussen \u00e4r fortfarande ett praktiskt alternativ<\/li>\n<\/ul>\n\n<figure class=\"wp-block-image size-large\"><img loading=\"lazy\" decoding=\"async\" src=\"https:\/\/photos.smugmug.com\/Travel\/Andalucia\/3e-Cordoba-other\/i-4Tdftq3\/2\/Mx3T8G3WMkQGzV8s3TK2gGrBzfRSMb9w4hn8NzdPc\/L\/Corredera_Cordoba_Andalucia_Spain-1501-L.jpg\" alt=\"Plaza de la Corredera\"\/><\/figure>\n\n<div class=\"wp-block-genesis-blocks-gb-container box gb-block-container\" style=\"background-color:#f6dfe6;margin-top:8%;margin-bottom:8%\"><div class=\"gb-container-inside\"><div class=\"gb-container-content\" style=\"max-width:700px\">\n<div class=\"wp-block-columns inverse is-layout-flex wp-container-core-columns-is-layout-8f761849 wp-block-columns-is-layout-flex\">\n<div class=\"wp-block-column texte_planif is-layout-flow wp-block-column-is-layout-flow\" style=\"flex-basis:58%\">\n<h5 class=\"titre_box\" style=\"padding-top:10px\">PLANERA DIN DR\u00d6MRESA TILL <span class=\"titre_box_manuscrit\">andalusien<\/span><\/h5>\n\n\n\n<div class=\"wp-block-genesis-blocks-gb-container gb-block-container\"><div class=\"gb-container-inside\"><div class=\"gb-container-content\">\n<p class=\"wp-block-paragraph\" style=\"font-size:14px\">All information du beh\u00f6ver f\u00f6r din resa:<\/p>\n<\/div><\/div><\/div>\n\n\n\n<div class=\"wp-block-genesis-blocks-gb-container gb-block-container\"><div class=\"gb-container-inside\"><div class=\"gb-container-content\"><\/div><\/div><\/div>\n\n\n\n<ul style=\"font-size:14px\" id=\"liste_discover\" class=\"wp-block-list\">\n<li>7 kartor som underl\u00e4ttar planeringen<\/li>\n\n\n\n<li>+ 150 p\u00e5 f\u00f6rhand utvalda m\u00f6tesplatser<\/li>\n\n\n\n<li>Praktiska r\u00e5d<\/li>\n\n\n\n<li>+ 300 bilder som hj\u00e4lper dig att v\u00e4lja<\/li>\n<\/ul>\n\n\n\n<div class=\"wp-block-buttons has-custom-font-size bouton_10 is-content-justification-center is-layout-flex wp-container-core-buttons-is-layout-f5f78b3b wp-block-buttons-is-layout-flex\" style=\"font-size:13px\">\n<div class=\"wp-block-button\"><a class=\"wp-block-button__link has-white-color has-text-color has-custom-font-size wp-element-button\" href=\"https:\/\/andalucialovers.com\/sv\/ebok-guide-road-trip-andalusien\/\" style=\"border-radius:4px;font-size:14px\" target=\"_blank\" rel=\"noreferrer noopener\">Uppt\u00e4ck<strong> <\/strong>&gt;&gt;<\/a><\/div>\n<\/div>\n<\/div>\n\n\n\n<div class=\"wp-block-column is-layout-flow wp-block-column-is-layout-flow\" style=\"flex-basis:42%\">\n<div class=\"wp-block-genesis-blocks-gb-container ebook-radius gb-block-container\"><div class=\"gb-container-inside\"><div class=\"gb-container-content\"><div class=\"wp-block-image ebook-image\">\n<figure class=\"aligncenter size-full is-resized\"><img loading=\"lazy\" decoding=\"async\" src=\"https:\/\/andalucialovers.com\/wp-content\/uploads\/2024\/06\/Road-trip-Guide-Andalucia-eBook-cover-5.jpg\" alt=\"Andalusien reseguide eBook Omslag\" class=\"wp-image-317\" style=\"width:203px;height:157px\"\/><\/figure>\n<\/div><\/div><\/div><\/div>\n<\/div>\n<\/div>\n<\/div><\/div><\/div>\n\n<h2 id=\"tab-con-5\" class=\"wp-block-heading\">3. Granada och Sierra Nevada<\/h2>\n\n<h3 class=\"wp-block-heading\">Varf\u00f6r bes\u00f6ka?<\/h3>\n\n<p class=\"wp-block-paragraph\">Granada har en utsikt som ingen annan andalusisk stad kan erbjuda: om man blickar upp fr\u00e5n en gr\u00e4nd i centrum kan man se de sn\u00f6t\u00e4ckta topparna i Sierra Nevada, till och med mitt i sommaren. Staden utstr\u00e5lar en s\u00e4rskild energi, mellan lugnet i tr\u00e4dg\u00e5rdarna och font\u00e4nerna p\u00e5 Alhambra-kullen och det livliga student- och bohemlivet i Albaic\u00edn, d\u00e4r det ofta doftar av r\u00f6kelse och myntate.<\/p>\n\n<p class=\"wp-block-paragraph\">Ju h\u00f6gre upp man kommer i Sierra Nevada, desto svalare blir luften och landskapet blir mer tr\u00e5ngt: byarna i Alpujarras klamrar sig fast vid sluttningarna av de djupa dalarna, med sina vita kubformade hus som p\u00e5minner om det marockanska Atlasbergen, i en n\u00e4stan fullst\u00e4ndig tystnad n\u00e4r m\u00f6rkret faller.<\/p>\n\n<figure class=\"wp-block-image size-large\"><img loading=\"lazy\" decoding=\"async\" src=\"https:\/\/photos.smugmug.com\/Andalucia-Lovers\/Granada\/Town\/i-gMVtxZP\/0\/FHcKzX5HNLVzZDwWLKvgGMZjR45CMCHkxdBDfmjQJ\/L\/granada-mercadoartesania-entrance-L.jpg\" alt=\"Historisk stadsk&#xE4;rna\" title=\"Granada &#x2013; Alhambra\"\/><\/figure>\n\n<h3 class=\"wp-block-heading\">De vackraste platserna i Granada<\/h3>\n\n<ul class=\"wp-block-list\">\n<li><a href=\"https:\/\/andalucialovers.com\/sv\/alhambra-granada-sevardheter-hur-besok\/\" target=\"_blank\" rel=\"noreferrer noopener\">Alhambra<\/a>-komplexet: Alcazaba, Nazari-palatset, Generalife \u2013 <a href=\"https:\/\/www.getyourguide.se\/alhambra-l2772\/billet-pour-l-alhambra-le-generalife-et-les-palais-nasrides-t75398\/?partner_id=R3GYW4V&amp;cmp=andalucia\" target=\"_blank\" rel=\"noreferrer noopener sponsored nofollow\">boka din biljett flera m\u00e5nader i f\u00f6rv\u00e4g<\/a><\/li>\n\n\n\n<li>De sluttande gatorna i stadsdelen Albaic\u00edn<\/li>\n\n\n\n<li>Stadsdelen Sacromonte och dess grottor<\/li>\n\n\n\n<li>Katedralen och dess kungliga kapell<\/li>\n\n\n\n<li><a href=\"https:\/\/andalucialovers.com\/sv\/sevardheter-granada-att-gora\/\" target=\"_blank\" rel=\"noreferrer noopener\">Se de b\u00e4sta sev\u00e4rdheterna i Granada<\/a><\/li>\n<\/ul>\n\n<figure class=\"wp-block-image size-large\"><img loading=\"lazy\" decoding=\"async\" src=\"https:\/\/photos.smugmug.com\/Travel\/Andalucia\/7f-Nazares-Palace\/i-XJ4fFNM\/2\/3bd17353\/L\/Palacios_Nazaries_Alhambra_Granada_Andalucia_Spain-5283-L.jpg\" alt=\"Nazaries-palatset, Alhambra\"\/><\/figure>\n\n<h3 class=\"wp-block-heading\">Sierra Nevada och Alpujarras<\/h3>\n\n<p class=\"wp-block-paragraph\">Mindre \u00e4n en timme fr\u00e5n Granada ligger Sierra Nevada, d\u00e4r Europas sydligaste skidort finns. H\u00e4r kan man \u00e5ka skidor fr\u00e5n december till april, med Mulhac\u00e9n (3 481 m) \u2013 Iberiska halv\u00f6ns h\u00f6gsta topp \u2013 som bakgrund.<br\/>P\u00e5 s\u00f6dra sluttningen str\u00e4cker sig Alpujarras med en rad vita byar med kubformade hus i berberisk stil:<\/p>\n\n<ul class=\"wp-block-list\">\n<li>Pampaneira, Bubi\u00f3n och Capileira \u2013 de tre mest fotogeniska byarna, bel\u00e4gna p\u00e5 sluttningarna av Barranco de Poqueira och f\u00f6rbundna med varandra via vandringsleder<\/li>\n\n\n\n<li>Trev\u00e9lez, bel\u00e4get p\u00e5 1 476 meters h\u00f6jd, \u00e4r en av Spaniens h\u00f6gst bel\u00e4gna byar och k\u00e4nd f\u00f6r sin serranoskinka som mognar p\u00e5 h\u00f6g h\u00f6jd<\/li>\n\n\n\n<li>\u00d3rgiva, handelscentret i den nedre delen av Alpujarra, med en mer lokal och alternativ atmosf\u00e4r<\/li>\n\n\n\n<li>Guadix, som tillval: dess grottbost\u00e4der, uthuggna i berget, och den moriska Alcazaba ger en sista, helt annorlunda bild av provinsen<\/li>\n\n\n\n<li>Och staden Granada ligger tillr\u00e4ckligt centralt f\u00f6r att man ska kunna utforska olika landskap p\u00e5 dagsutflykter<\/li>\n\n\n\n<li>L\u00e4s v\u00e5r artikel om <a href=\"https:\/\/andalucialovers.com\/sv\/basta-utflykter-fran-granada\/\" target=\"_blank\" rel=\"noreferrer noopener\">de b\u00e4sta utflykterna fr\u00e5n Granada<\/a><\/li>\n<\/ul>\n\n<figure class=\"wp-block-image size-large\"><img loading=\"lazy\" decoding=\"async\" src=\"https:\/\/photos.smugmug.com\/Travel\/Andalucia\/8b-Guadix\/i-nSGtmvD\/0\/ec6c2697\/L\/Guadix_Andalucia_Spain-2-42-L.jpg\" alt=\"Grottbost&#xE4;derna i Guadix\"\/><figcaption class=\"wp-element-caption\">Grottbost\u00e4derna i Guadix<\/figcaption><\/figure>\n<p><!-- IMAGE SMUGMUG \u00c0 AJOUTER : village de Pampaneira ou Capileira, Alpujarras --><\/p>\n<p><!-- IMAGE SMUGMUG \u00c0 AJOUTER : Sierra Nevada, sommets enneig\u00e9s --><\/p>\n\n<h3 class=\"wp-block-heading\">Var ska vi bo?<\/h3>\n\n<ul class=\"wp-block-list\">\n<li>Grenadas centrum \u2013 att utforska till fots eller med turistt\u00e5get<br\/><a href=\"https:\/\/andalucialovers.com\/sv\/var-kan-bo-granada-basta-hotellen-stadsdelarna\/\" target=\"_blank\" rel=\"noreferrer noopener\">Se v\u00e5rt urval av de b\u00e4sta stadsdelarna och hotellen i Granada<\/a><br\/>eller <a href=\"https:\/\/www.booking.com\/searchresults.html?city=-384328&amp;nflt=review_score%253D90%253Breview_score%253D80&amp;aid=2420173&amp;no_rooms=1&amp;group_adults=2\" target=\"_blank\" rel=\"noreferrer noopener sponsored nofollow\">g\u00e5 direkt till de h\u00f6gst rankade boendena i Granada<\/a><\/li>\n<\/ul>\n\n<figure class=\"wp-block-image size-large\"><img loading=\"lazy\" decoding=\"async\" src=\"https:\/\/photos.smugmug.com\/Andalucia-Lovers\/Granada\/Hotels\/Boutique-Hotel-Luna-Granada-Centro\/i-dBSG866\/0\/MPzm3GqcXS3h4Qd3HX3RgXNgXVXt3BSRc865pnnkJ\/L\/boutique-hotel-luna-granada-centro-andalucia-L.jpg\" alt=\"Hotell Luna Granada Centro\"\/><figcaption class=\"wp-element-caption\">v<\/figcaption><\/figure>\n\n<h3 class=\"wp-block-heading\">V\u00e4rt att veta<\/h3>\n\n<ul class=\"wp-block-list\">\n<li>Planera in minst tv\u00e5 dagar f\u00f6r Granada och ytterligare en dag f\u00f6r Alpujarras<\/li>\n\n\n\n<li>Det \u00e4r inte l\u00e4tt att utforska Granada till fots (branta backar) \u2013 v\u00e4xla mellan att g\u00e5, \u00e5ka taxi och \u00e5ka turistt\u00e5g<\/li>\n\n\n\n<li>Byarna i Poqueira-ravinen ligger mindre \u00e4n 90 minuters bilresa fr\u00e5n Granada, men en bil \u00e4r \u00e4nd\u00e5 ett m\u00e5ste<\/li>\n\n\n\n<li>Skids\u00e4songen str\u00e4cker sig vanligtvis fr\u00e5n december till april i skidorten Sierra Nevada\/Pradollano<\/li>\n<\/ul>\n\n<figure class=\"wp-block-image size-large\"><img loading=\"lazy\" decoding=\"async\" src=\"https:\/\/photos.smugmug.com\/Andalucia-Lovers\/Granada\/Museo-de-las-cuevas-de-Sacromonte\/i-J57kx6P\/0\/Dkj7QVjh9KcR42VP3dq92JWz7BZddHcHLmHtb93ct\/L\/granada-museocuevassacromonte-cuevas-L.jpg\" alt=\"Sacromonte-g&#xF6;k\"\/><\/figure>\n\n<h2 id=\"tab-con-6\" class=\"wp-block-heading\">4. M\u00e1laga och Costa del Sol<\/h2>\n\n<h3 class=\"wp-block-heading\">Varf\u00f6r bes\u00f6ka?<\/h3>\n\n<p class=\"wp-block-paragraph\">M\u00e1laga har en utpr\u00e4glad badortsatmosf\u00e4r: en strandpromenad kantad av palmer, varm och l\u00e4tt salt luft samt livliga uteserveringar som h\u00e5ller \u00f6ppet l\u00e5ngt in p\u00e5 kv\u00e4llen. Den historiska stadsk\u00e4rnan, som \u00e4r t\u00e4tare bebyggd och skuggig, st\u00e5r i skarp kontrast till det str\u00e5lande ljuset vid strandpromenaden, som ligger bara n\u00e5gra steg bort.<\/p>\n\n<p class=\"wp-block-paragraph\">N\u00e4r man r\u00f6r sig \u00f6sterut och v\u00e4sterut v\u00e4xlar Costa del Sol mellan starkt bebyggda badorter och vita byar som ligger h\u00f6gt uppe ovanf\u00f6r kusten. In\u00e5t landet f\u00f6r\u00e4ndras landskapet radikalt l\u00e4ngs Caminito del Rey: svindlande raviner med branta kalkstensv\u00e4ggar, d\u00e4r man vandrar sv\u00e4vande \u00f6ver avgrunden i en n\u00e4stan mineralisk tystnad.<\/p>\n\n<figure class=\"wp-block-image size-large\"><img loading=\"lazy\" decoding=\"async\" src=\"https:\/\/photos.smugmug.com\/Andalucia-Lovers\/Malaga\/Plages-Malaga\/i-N6b9bmf\/0\/LCn5c6NXBwwScQ9wjpMpQpkQsdjph6sLxvqv5bdSv\/L\/beach-la-caleta-malaga-spain-L.jpg\" alt=\"Strandpromenaden i M&#xE1;laga\"\/><\/figure>\n\n<h3 class=\"wp-block-heading\">De vackraste platserna i M\u00e1laga<\/h3>\n\n<ul class=\"wp-block-list\">\n<li><a href=\"https:\/\/andalucialovers.com\/sv\/besok-katedralen-inkarnationen-malaga\/\" target=\"_blank\" rel=\"noreferrer noopener\">Katedralen<\/a> som tronar \u00f6ver staden<\/li>\n\n\n\n<li>den imponerande Alcazaba p\u00e5 kullen<\/li>\n\n\n\n<li>Den historiska stadsk\u00e4rnan och dess smala gr\u00e4nder<\/li>\n\n\n\n<li>De m\u00e5nga <a href=\"https:\/\/andalucialovers.com\/sv\/basta-museerna-malaga\/\" target=\"_blank\" rel=\"noreferrer noopener\">museerna<\/a>, d\u00e4ribland Carmen Thyssen och Centre Pompidou<\/li>\n\n\n\n<li><a href=\"https:\/\/andalucialovers.com\/sv\/basta-stranderna-malaga\/\" data-type=\"post\" data-id=\"2145\">Str\u00e4nderna<\/a> i staden<\/li>\n\n\n\n<li><a href=\"https:\/\/andalucialovers.com\/sv\/sevardheter-malaga-att-gora\/\" target=\"_blank\" rel=\"noreferrer noopener\">Se de b\u00e4sta sev\u00e4rdheterna i M\u00e1laga<\/a><\/li>\n<\/ul>\n\n<figure class=\"wp-block-image size-large\"><img loading=\"lazy\" decoding=\"async\" src=\"https:\/\/photos.smugmug.com\/Andalucia-Lovers\/Malaga\/Cathedrale-de-lIncarnation\/i-MhHShp2\/0\/LmBbtkSGwN7XGCh2xvK3B7nmMRTzQkF3t4HkHFdmd\/L\/zoom-cathedral-malaga-spain-L.jpg\" alt=\"Katedralen i M&#xE1;laga\"\/><\/figure>\n\n<h3 class=\"wp-block-heading\">Costa del Sol och inlandet<\/h3>\n\n<ul class=\"wp-block-list\">\n<li><strong>Mijas<\/strong>, en vit by bel\u00e4gen h\u00f6gt ovanf\u00f6r kusten, k\u00e4nd f\u00f6r sina h\u00e4stvagnar och sina \u201d\u00e5snetaxier\u201d<\/li>\n\n\n\n<li><strong><a href=\"https:\/\/andalucialovers.com\/sv\/sevardheter-byn-frigiliana-besok\/\" data-type=\"post\" data-id=\"2758\" target=\"_blank\" rel=\"noreferrer noopener\">Frigiliana<\/a><\/strong>, som flera g\u00e5nger har utsetts till en av Spaniens vackraste byar, med sina vita gr\u00e4nder belagda med en mosaik av sm\u00e5sten<\/li>\n\n\n\n<li><strong><a href=\"https:\/\/andalucialovers.com\/sv\/sevardheter-nerja-att-gora\/\" data-type=\"post\" data-id=\"5831\" target=\"_blank\" rel=\"noreferrer noopener\">Nerja<\/a><\/strong>, med sina f\u00f6rhistoriska grottor och utsiktsplatsen Balc\u00f3n de Europa (se v\u00e5rt avsnitt om detta l\u00e4ngre ner i artikeln)<\/li>\n\n\n\n<li>Och l\u00e4ngre in i landet f\u00e5r du inte missa <strong><a href=\"https:\/\/andalucialovers.com\/sv\/sevardheter-antequera-att-gora\/\" data-type=\"post\" data-id=\"4790\" target=\"_blank\" rel=\"noreferrer noopener\">Antequera<\/a><\/strong> med sina dolmer och sina klippformationer.<\/li>\n\n\n\n<li>L\u00e4s v\u00e5r artikel om <a href=\"https:\/\/andalucialovers.com\/sv\/basta-utflykter-fran-malaga\/\" target=\"_blank\" rel=\"noreferrer noopener\">de b\u00e4sta utflykterna fr\u00e5n M\u00e1laga<\/a><\/li>\n<\/ul>\n\n<figure class=\"wp-block-image size-large\"><img loading=\"lazy\" decoding=\"async\" src=\"https:\/\/photos.smugmug.com\/Travel\/Andalucia\/12b-Nerja-Balcon-Europe\/i-xhmkLX8\/2\/MnprHbZPZhRj5JLKPFHnHfTf4xZfmC6FM272nJkNX\/L\/Balcon_Europe_Nerja_Andalucia_Spain-2152-L.jpg\" alt=\"Europas balkong, Nerja\"\/><figcaption class=\"wp-element-caption\">Europas balkong, Nerja<\/figcaption><\/figure>\n<p><!-- IMAGE SMUGMUG \u00c0 AJOUTER : Frigiliana ou Mijas --><\/p>\n\n<h3 class=\"wp-block-heading\">Caminito del Rey<\/h3>\n\n<p class=\"wp-block-paragraph\">En timme fr\u00e5n M\u00e1laga ligger denna 7,7 km l\u00e5nga g\u00e5ngbro, som \u00e4r f\u00e4st vid de lodr\u00e4ta v\u00e4ggarna i Gaitanes-ravinen, upp till 105 m \u00f6ver floden Guadalhorce, mellan kommunerna Ardales, \u00c1lora och Antequera.<br\/>Den renoverades 2015 och har utrustats med r\u00e4cken. Idag tar den emot cirka 300 000 bes\u00f6kare per \u00e5r och r\u00e4knas till en av de mest popul\u00e4ra vandringslederna i Andalusien.<\/p>\n\n<figure class=\"wp-block-image size-large\"><img loading=\"lazy\" decoding=\"async\" src=\"https:\/\/photos.smugmug.com\/Andalucia-Lovers\/Malaga\/Caminito-del-Rey\/i-qQnq5W3\/0\/LFPbB4g5q8QMRff242dDzBcfpbH87DVfp89Dp2dg2\/L\/caminito-del-rey-hiking-malaga-spain-28-L.jpg\" alt=\"Caminito del Rey\"\/><figcaption class=\"wp-element-caption\">Caminito del Rey<\/figcaption><\/figure>\n<p><!-- IMAGE SMUGMUG \u00c0 AJOUTER : Caminito del Rey, passerelle suspendue --><\/p>\n\n<h3 class=\"wp-block-heading\">Var ska vi bo?<\/h3>\n\n<ul class=\"wp-block-list\">\n<li>M\u00e1lagas centrum \u2013 f\u00f6r strandpromenaden och museerna<br\/><a href=\"https:\/\/andalucialovers.com\/sv\/var-kan-bo-malaga-basta-hotellen-stadsdelarna\/\" target=\"_blank\" rel=\"noreferrer noopener\">Se v\u00e5rt urval av de b\u00e4sta stadsdelarna och hotellen i M\u00e1laga<\/a><br\/>eller <a href=\"https:\/\/www.booking.com\/searchresults.html?city=-390787&amp;nflt=review_score%253D90%253Breview_score%253D80&amp;aid=2420173&amp;no_rooms=1&amp;group_adults=2\" target=\"_blank\" rel=\"noreferrer noopener sponsored nofollow\">g\u00e5 direkt till de h\u00f6gst rankade boendena i M\u00e1laga<\/a><\/li>\n\n\n\n<li>Marbella eller Frigiliana, f\u00f6r att forts\u00e4tta l\u00e4ngs kusten<br\/><a href=\"https:\/\/www.booking.com\/searchresults.html?city=-391076&amp;nflt=review_score%253D90%253Breview_score%253D80&amp;aid=2420173&amp;no_rooms=1&amp;group_adults=2\" target=\"_blank\" rel=\"noreferrer noopener sponsored nofollow\">Se de h\u00f6gst rankade boendena i Marbella<\/a><\/li>\n<\/ul>\n\n<figure class=\"wp-block-image size-large\"><img loading=\"lazy\" decoding=\"async\" src=\"https:\/\/photos.smugmug.com\/Andalucia-Lovers\/Malaga\/Hotels\/H10-Croma-Malaga\/i-7sRw7xk\/0\/MCbb9SQbND4zrnq3QnqVJm3N6WdV8cFS4wF4mjpC8\/L\/hotel-H10-croma-malaga-spain-L.jpg\" alt=\"Hotell H10 Croma M&#xE1;laga\"\/><figcaption class=\"wp-element-caption\">Hotell H10 Croma M\u00e1laga<\/figcaption><\/figure>\n\n<h3 class=\"wp-block-heading\">V\u00e4rt att veta<\/h3>\n\n<ul class=\"wp-block-list\">\n<li>R\u00e4kna med 2\u20133 dagar f\u00f6r M\u00e1laga och stranden, samt en hel dag f\u00f6r Caminito del Rey<\/li>\n\n\n\n<li>Biljetter till Caminito del Rey kan endast k\u00f6pas online i f\u00f6rv\u00e4g, och antalet \u00e4r begr\u00e4nsat varje dag \u2013 boka i god tid under h\u00f6gs\u00e4song<\/li>\n\n\n\n<li>M\u00e1laga l\u00e5ter sig utforskas v\u00e4l till fots eller med hop-on-hop-off-buss; med bil kommer man l\u00e4ttare till de vita byarna l\u00e4ngs kusten<\/li>\n<\/ul>\n\n<figure class=\"wp-block-image size-large\"><img loading=\"lazy\" decoding=\"async\" src=\"https:\/\/photos.smugmug.com\/Andalucia-Lovers\/Malaga\/Best-of\/i-P7tQfsp\/0\/NgQZCJm8bg8QMTp68Tgp36RbR2BspQF9889rQrn5t\/L\/visit-city-malaga-spain-08-L.jpg\" alt=\"Malagas centrum\"\/><\/figure>\n\n<div class=\"wp-block-genesis-blocks-gb-container box gb-block-container\" style=\"background-color:#f6dfe6;margin-top:8%;margin-bottom:8%\"><div class=\"gb-container-inside\"><div class=\"gb-container-content\">\n<div class=\"wp-block-columns inverse is-layout-flex wp-container-core-columns-is-layout-8f761849 wp-block-columns-is-layout-flex\">\n<div class=\"wp-block-column texte_planif is-layout-flow wp-block-column-is-layout-flow\" style=\"flex-basis:58%\">\n<h5 class=\"titre_box\" style=\"padding-top:10px\">FUN i Andalusien: <span class=\"titre_box_manuscrit\">aktiviteter<\/span><\/h5>\n\n\n\n<ul class=\"wp-block-list\">\n<li><a href=\"https:\/\/www.getyourguide.se\/seville-l48\/seville-3-heures-de-cours-de-cuisine-espagnole-avec-diner-t69843\/?partner_id=R3GYW4V&amp;cmp=andalucia\" target=\"_blank\" rel=\"noreferrer noopener sponsored nofollow\">Matlagningskurs<\/a> i Sevilla<\/li>\n\n\n\n<li><a href=\"https:\/\/www.getyourguide.se\/benahavis-l101793\/benahavis-randonnee-et-canyoning-dans-la-campagne-de-marbella-t464993\/?partner_id=R3GYW4V&amp;cmp=andalucia\" target=\"_blank\" rel=\"noreferrer noopener sponsored nofollow\">Canyoning<\/a> fr\u00e5n Costa del Sol<\/li>\n\n\n\n<li><a href=\"https:\/\/www.getyourguide.se\/el-chorro-l143817\/caminito-del-rey-visite-guidee-avec-guides-officiels-et-entree-t569659\/?partner_id=R3GYW4V&amp;cmp=andalucia\" target=\"_blank\" rel=\"noreferrer noopener sponsored nofollow\">Guidad vandring p\u00e5 Caminito del Rey<\/a><\/li>\n<\/ul>\n<\/div>\n\n\n\n<div class=\"wp-block-column ville-radius is-layout-flow wp-block-column-is-layout-flow\" style=\"flex-basis:42%\">\n<figure class=\"wp-block-image size-large img-portrait\"><img loading=\"lazy\" decoding=\"async\" src=\"https:\/\/photos.smugmug.com\/Andalucia-Lovers\/Caminito-del-Rey\/i-zbsmQsd\/0\/Kv5dSfwcXjdLF29KTb6kZHtFzHZ78gC39QrtHPTb6\/S\/caminitodelrey-bridge-S.jpg\" alt=\"Caminito del Rey\" title=\"\"\/><\/figure>\n<\/div>\n<\/div>\n<\/div><\/div><\/div>\n\n<h2 id=\"tab-con-7\" class=\"wp-block-heading\">5. Ronda och de vita byarna<\/h2>\n\n<h3 class=\"wp-block-heading\">Varf\u00f6r bes\u00f6ka?<\/h3>\n\n<p class=\"wp-block-paragraph\">Ronda \u00e4r bokstavligen byggt \u00f6ver en kanjon: p\u00e5 bara n\u00e5gra steg g\u00e5r man fr\u00e5n en lugn och blomstrande gata till ett 120 meter djupt avgrund, vilket ger platsen en dramatik som \u00e4r ganska unik i Andalusien. Luften \u00e4r torrare och ljuset h\u00e5rdare d\u00e4r \u00e4n vid kusten.<\/p>\n\n<p class=\"wp-block-paragraph\">I omgivningarna har varje vit by sin egen atmosf\u00e4r: vissa \u00e4r huggena in i berget, andra blickar ut \u00f6ver turkosa reservoarer fr\u00e5n sina murar, medan andra sm\u00e4lter in i ett gr\u00f6nare och fuktigare, n\u00e4stan alpint landskap, mitt i naturparken Sierra de Grazalema.<\/p>\n\n<figure class=\"wp-block-image size-large\"><img loading=\"lazy\" decoding=\"async\" src=\"https:\/\/photos.smugmug.com\/Andalucia-Lovers\/Ronda\/Best-of\/i-vTrmzJL\/0\/D75vz9ZdbrKs8FvKNKJ6vHhdKzktkVPSRfNp2xrNF\/L\/visit-ronda-city-6-L.jpg\" alt=\"Bron i Ronda\" title=\"Ronda &#x2013; Puente Nuevo\"\/><figcaption class=\"wp-element-caption\"><strong>Rondabron, \u00f6ver ravinen<\/strong><\/figcaption><\/figure>\n\n<h3 class=\"wp-block-heading\">De vackraste platserna i Ronda<\/h3>\n\n<ul class=\"wp-block-list\">\n<li>De olika utsiktspunkterna p\u00e5 bron (en 120 m djup kanjon)<\/li>\n\n\n\n<li>Den charmiga gamla staden<\/li>\n\n\n\n<li>Tjurf\u00e4ktningsarenorna och deras museum: <a href=\"https:\/\/andalucialovers.com\/sv\/bezok-plaza-toros-ronda\/\" data-type=\"post\" data-id=\"2899\" target=\"_blank\" rel=\"noreferrer noopener\">Plaza del Toros<\/a><\/li>\n\n\n\n<li>Palatsen som ligger utspridda i staden<\/li>\n\n\n\n<li>  Ruinerna efter de <a href=\"https:\/\/andalucialovers.com\/sv\/arabiska-bad-ronda-visit-foton\/\" data-type=\"post\" data-id=\"1666\" target=\"_blank\" rel=\"noreferrer noopener\">arabiska baden<\/a> i ravinen nedanf\u00f6r staden<\/li>\n\n\n\n<li><a href=\"https:\/\/andalucialovers.com\/sv\/sevardheter-ronda-att-gora\/\" target=\"_blank\" rel=\"noreferrer noopener\">Se de b\u00e4sta sev\u00e4rdheterna i Ronda<\/a><\/li>\n<\/ul>\n\n<figure class=\"wp-block-image size-large\"><img loading=\"lazy\" decoding=\"async\" src=\"https:\/\/photos.smugmug.com\/Andalucia-Lovers\/Ronda\/Best-of\/i-3LMSDvL\/0\/5rWW32chwB6c6HskkxNzXgbgrjZtkcBr5r5spJtd\/L\/ronda-city-streets-spain-L.jpg\" alt=\"Gr&#xE4;nderna i Ronda\"\/><\/figure>\n\n<h3 class=\"wp-block-heading\">De vita byarna runt Ronda<\/h3>\n\n<ul class=\"wp-block-list\">\n<li><strong><a href=\"https:\/\/andalucialovers.com\/sv\/sevardheter-byn-setenil-bodegas-besok\/\" data-type=\"post\" data-id=\"1344\" target=\"_blank\" rel=\"noreferrer noopener\">Setenil de las Bodegas<\/a><\/strong>, 20 minuter fr\u00e5n Ronda: en unik by byggd direkt i berget, d\u00e4r grottbost\u00e4derna ligger inb\u00e4ddade under enorma klipputspr\u00e5ng<\/li>\n\n\n\n<li><strong><a href=\"https:\/\/andalucialovers.com\/sv\/sevardheter-byn-grazalema-besok\/\" target=\"_blank\" rel=\"noreferrer noopener\">Grazalema<\/a><\/strong>, i hj\u00e4rtat av naturparken Sierra de Grazalema, en av Spaniens regnigaste byar, k\u00e4nd f\u00f6r sina get- och f\u00e5rostar samt sina ullpl\u00e4dar<\/li>\n\n\n\n<li><strong><a href=\"https:\/\/andalucialovers.com\/sv\/sevardheter-byn-zahara-de-la-sierra-besok\/\" data-type=\"post\" data-id=\"2455\" target=\"_blank\" rel=\"noreferrer noopener\">Zahara de la Sierra<\/a><\/strong>, d\u00e4r en morisk borg fr\u00e5n 1100-talet tronar \u00f6ver orten med utsikt \u00f6ver sj\u00f6n vid Zahara-El Gastor-dammen<\/li>\n\n\n\n<li><strong>Olvera<\/strong>, bel\u00e4get p\u00e5 en klippavsats, med sitt arabiska slott och kyrkan Nuestra Se\u00f1ora de la Encarnaci\u00f3n<\/li>\n\n\n\n<li>L\u00e4s v\u00e5r artikel om <a href=\"https:\/\/andalucialovers.com\/sv\/basta-byarna-nara-ronda\/\" target=\"_blank\" rel=\"noreferrer noopener\">de b\u00e4sta byarna runt Ronda<\/a><\/li>\n<\/ul>\n\n<figure class=\"wp-block-image size-large\"><img loading=\"lazy\" decoding=\"async\" src=\"https:\/\/photos.smugmug.com\/Travel\/Andalucia\/15d-Grazalema\/i-zM6gqxj\/2\/FJV28WfVLtZM6b8k3d7fBBcPxHNpB9G4Zz7rw74Jn\/L\/Grazalema_Andalucia_Spain-8086-L.jpg\" alt=\"Grazalema\"\/><figcaption class=\"wp-element-caption\">Grazalema<\/figcaption><\/figure>\n<p><!-- IMAGE SMUGMUG \u00c0 AJOUTER : Setenil de las Bodegas, maisons sous la roche --><\/p>\n<p><!-- IMAGE SMUGMUG \u00c0 AJOUTER : Zahara de la Sierra et son ch\u00e2teau --><\/p>\n\n<h3 class=\"wp-block-heading\">Var ska vi bo?<\/h3>\n\n<ul class=\"wp-block-list\">\n<li>Ronda, den mest praktiska basen med de b\u00e4sta f\u00f6rbindelserna<br\/><a href=\"https:\/\/andalucialovers.com\/sv\/var-kan-bo-ronda-basta-hotellen-stadsdelarna\/\" target=\"_blank\" rel=\"noreferrer noopener\">Se v\u00e5rt urval av de b\u00e4sta stadsdelarna och hotellen i Ronda<\/a><br\/>eller direkt: <a href=\"https:\/\/www.booking.com\/searchresults.html?city=-399659&amp;nflt=review_score%253D90%253Breview_score%253D80&amp;aid=2420173&amp;no_rooms=1&amp;group_adults=2\" target=\"_blank\" rel=\"noreferrer noopener sponsored nofollow\">Se de h\u00f6gst rankade boendena i Ronda<\/a><\/li>\n<\/ul>\n\n<figure class=\"wp-block-image size-large\"><img loading=\"lazy\" decoding=\"async\" src=\"https:\/\/photos.smugmug.com\/Andalucia-Lovers\/Ronda\/Hotels\/Palacio-Hemingway\/i-FcgLzHf\/0\/CwW84R6WgjPLLKxQgTDGKhkxcG9TQX8zWb76QjR35\/L\/hotel-palacio-hemingway-ronda-2-L.jpg\" alt=\"Hotell Palacio de Hemingway\"\/><figcaption class=\"wp-element-caption\">Hotell Palacio de Hemingway<\/figcaption><\/figure>\n\n<h3 class=\"wp-block-heading\">V\u00e4rt att veta<\/h3>\n\n<ul class=\"wp-block-list\">\n<li>R\u00e4kna med 1\u20132 dagar i Ronda och en extra dag f\u00f6r tv\u00e5 eller tre vita byar<\/li>\n\n\n\n<li>En bil \u00e4r n\u00f6dv\u00e4ndig f\u00f6r att ta sig mellan byarna, d\u00e4r kollektivtrafiken \u00e4r bristf\u00e4llig<\/li>\n\n\n\n<li>Vissa vandringsleder i naturparken Sierra de Grazalema, till exempel Garganta Verde, kr\u00e4ver ett kostnadsfritt tillst\u00e5nd som m\u00e5ste ans\u00f6kas om i f\u00f6rv\u00e4g<\/li>\n<\/ul>\n\n<figure class=\"wp-block-image size-large\"><img loading=\"lazy\" decoding=\"async\" src=\"https:\/\/photos.smugmug.com\/Travel\/Andalucia\/14d-Ronda-arab-baths\/i-BBWDKBQ\/2\/D92SsVm9fbZHFkXSksSVK75CcxMvFdrvnHD3K43p8\/L\/Arab_Baths_Ronda_Andalucia_Spain-2332-L.jpg\" alt=\"Ruinerna efter de arabiska baden\"\/><\/figure>\n\n<h2 id=\"tab-con-8\" class=\"wp-block-heading\">6. C\u00e1diz och Costa de la Luz<\/h2>\n\n<h3 class=\"wp-block-heading\">Varf\u00f6r bes\u00f6ka?<\/h3>\n\n<p class=\"wp-block-paragraph\">C\u00e1diz har ett ljus och en atmosf\u00e4r som \u00e4r unik i Andalusien: staden \u00e4r n\u00e4stan helt omgiven av vatten och genomsyras av den salta luften fr\u00e5n Atlanten. Dess smala gr\u00e4nder mynnar ofta, helt ov\u00e4ntat, ut mot en bit hav eller en vall som sk\u00f6ljs av v\u00e5gorna.<\/p>\n\n<p class=\"wp-block-paragraph\">L\u00e4ngre s\u00f6derut f\u00e5r Costa de la Luz en k\u00e4nsla av att ligga vid v\u00e4rldens \u00e4nde: l\u00e5nga, vilda str\u00e4nder som piskas av vinden, sanddyner som kryper in i tallskogen, \u00e4nda fram till Gibraltarsundet d\u00e4r man ibland kan skymta Marockos kust.<\/p>\n\n<figure class=\"wp-block-image size-large\"><img loading=\"lazy\" decoding=\"async\" src=\"https:\/\/photos.smugmug.com\/Travel\/Andalucia\/18e-Cadiz-cathedral-tower\/i-9k8Gvfv\/2\/26082aa2\/L\/Tower_Cathedral_Cadiz_Andalucia_Spain-9279-L.jpg\" alt=\"Katedralen i C&#xE1;diz\" title=\"Cadiz - Katedralen\"\/><\/figure>\n\n<h3 class=\"wp-block-heading\">De vackraste platserna i C\u00e1diz<\/h3>\n\n<ul class=\"wp-block-list\">\n<li><a href=\"https:\/\/andalucialovers.com\/sv\/besok-katedral-cadiz-andalusien\/\" target=\"_blank\" rel=\"noreferrer noopener\">Katedralen<\/a>, den mest ber\u00f6mda byggnaden i gamla stan<\/li>\n\n\n\n<li>De romerska ruinerna av en amfiteater, g\u00f6mda under staden<\/li>\n\n\n\n<li>Strandpromenaden och dess f\u00e4stningar<\/li>\n\n\n\n<li>Sandstr\u00e4nderna och den gamla stadsdelen med sina h\u00f6ga hus<\/li>\n\n\n\n<li><a href=\"https:\/\/andalucialovers.com\/sv\/sevardheter-cadiz-att-gora\/\" target=\"_blank\" rel=\"noreferrer noopener\">Se de b\u00e4sta sev\u00e4rdheterna i C\u00e1diz<\/a><\/li>\n<\/ul>\n\n<figure class=\"wp-block-image size-large\"><img loading=\"lazy\" decoding=\"async\" src=\"https:\/\/photos.smugmug.com\/Travel\/Andalucia\/18b-Cadiz\/i-pw2GfqN\/2\/e4f14502\/L\/Cadiz_Andalucia_Spain-9309-L.jpg\" alt=\"Staden C&#xE1;diz\"\/><\/figure>\n\n<h3 class=\"wp-block-heading\">Costa de la Luz<\/h3>\n\n<ul class=\"wp-block-list\">\n<li><strong><a href=\"https:\/\/andalucialovers.com\/sv\/sevardheter-jerez-frontera-att-gora\/\" data-type=\"post\" data-id=\"4514\" target=\"_blank\" rel=\"noreferrer noopener\">Jerez de la Frontera<\/a><\/strong>, mindre k\u00e4nt bland utl\u00e4ndska turister men ber\u00f6mt f\u00f6r sitt vin (sherry), flamencons vagga, med sitt Alc\u00e1zar och sin katedral<\/li>\n\n\n\n<li><strong>Vejer de la Frontera<\/strong>, en vit by bel\u00e4gen p\u00e5 en kulle, k\u00e4nd f\u00f6r sin Plaza de Espa\u00f1a med sina azulejos och sina medeltida murar<\/li>\n\n\n\n<li><strong>Playa de Bolonia och Baelo Claudia<\/strong>: en n\u00e4stan or\u00f6rd strand som ligger intill en gigantisk sanddyn p\u00e5 30 meters h\u00f6jd, alldeles intill ruinerna av en romersk stad som specialiserade sig p\u00e5 tillverkning av garum, med sin teater och sina tempel<\/li>\n\n\n\n<li><strong>Tarifa<\/strong>, den sydligaste staden p\u00e5 det europeiska fastlandet, \u201dvindens huvudstad\u201d som lockar kitesurfare och vindsurfare, med sitt slott Guzm\u00e1n el Bueno och sina utflykter till Marocko<\/li>\n<\/ul>\n\n<figure class=\"wp-block-image size-large\"><img loading=\"lazy\" decoding=\"async\" src=\"https:\/\/photos.smugmug.com\/Travel\/Andalucia\/19c-Bolonia-Dune\/i-TdMfn2G\/2\/M7pXmrpvnZpBr4Xgc44m3DnSTHpvkC3b4WGWSqTnf\/L\/dune_Bolonia_Andalucia_Spain-2740-L.jpg\" alt=\"Fr&#xE5;n sanddynen i Bolonia\"\/><figcaption class=\"wp-element-caption\">Fr\u00e5n sanddynen i Bolonia<\/figcaption><\/figure>\n<p><!-- IMAGE SMUGMUG \u00c0 AJOUTER : Vejer de la Frontera, Plaza de Espa\u00f1a --><\/p>\n<p><!-- IMAGE SMUGMUG \u00c0 AJOUTER : plage de Bolonia et ruines de Baelo Claudia --><\/p>\n\n<h3 class=\"wp-block-heading\">Var ska vi bo?<\/h3>\n\n<ul class=\"wp-block-list\">\n<li>C\u00e1diz centrum, f\u00f6r den livliga atmosf\u00e4ren och strandn\u00e4ra l\u00e4get<br\/><a href=\"https:\/\/www.booking.com\/searchresults.html?city=-374884&amp;nflt=review_score%253D90%253Breview_score%253D80&amp;aid=2420173&amp;no_rooms=1&amp;group_adults=2\" target=\"_blank\" rel=\"noreferrer noopener sponsored nofollow\">Se de h\u00f6gst rankade boendena i C\u00e1diz<\/a><\/li>\n\n\n\n<li>Jerez de la Frontera \u2013 f\u00f6r en mer lokal upplevelse<br\/><a href=\"https:\/\/www.booking.com\/searchresults.html?city=-386204&amp;nflt=review_score%253D90%253Breview_score%253D80&amp;aid=2420173&amp;no_rooms=1&amp;group_adults=2\" target=\"_blank\" rel=\"noreferrer noopener sponsored nofollow\">Se de h\u00f6gst rankade boendena i Jerez<\/a><\/li>\n\n\n\n<li>eller Tarifa, f\u00f6r att ta sig till str\u00e4nderna l\u00e4ngs Costa de la Luz<br\/><a href=\"https:\/\/www.booking.com\/searchresults.html?city=-403890&amp;nflt=review_score%253D90%253Breview_score%253D80&amp;aid=2420173&amp;no_rooms=1&amp;group_adults=2\" target=\"_blank\" rel=\"noreferrer noopener sponsored nofollow\">Se de h\u00f6gst rankade boendena i Tarifa<\/a><\/li>\n<\/ul>\n\n<figure class=\"wp-block-image size-large\"><img loading=\"lazy\" decoding=\"async\" src=\"https:\/\/photos.smugmug.com\/Travel\/Andalucia\/Accommodations\/i-w7ppccB\/2\/KQwRN2xrG2q4cbhFrQZ8pm3cwzm2LVLPxB3Q4x6cr\/L\/Accommodation_Cadiz_Andalucia_Spain-2628-L.jpg\" alt=\"Hotell Parador i C&#xE1;diz\"\/><figcaption class=\"wp-element-caption\">Hotell Parador i C\u00e1diz<\/figcaption><\/figure>\n\n<h3 class=\"wp-block-heading\">V\u00e4rt att veta<\/h3>\n\n<ul class=\"wp-block-list\">\n<li>R\u00e4kna med 1\u20132 dagar i C\u00e1diz och 2\u20133 dagar f\u00f6r att utforska Costa de la Luz \u00e4nda till Tarifa<\/li>\n\n\n\n<li>Vinden (levante) bl\u00e5ser kraftigt under en stor del av \u00e5ret l\u00e4ngs denna kust, vilket f\u00f6rklarar varf\u00f6r Tarifa \u00e4r s\u00e5 popul\u00e4rt bland vattensportentusiaster<\/li>\n\n\n\n<li>S\u00e4songen f\u00f6r r\u00f6d tonfisk i Zahara de los Atunes infaller fr\u00e4mst mellan april och juni<\/li>\n\n\n\n<li>Det rekommenderas starkt att man hyr en bil f\u00f6r att utforska denna kust, d\u00e4r kollektivtrafiken \u00e4r ganska begr\u00e4nsad<\/li>\n<\/ul>\n\n<figure class=\"wp-block-image size-large\"><img loading=\"lazy\" decoding=\"async\" src=\"https:\/\/photos.smugmug.com\/Travel\/Andalucia\/18b-Cadiz\/i-5446bPx\/2\/KzQ8jspdwRFzJmHrKFVvmcxB4L6s8PdnFNfb2XCJQ\/L\/Roman_Theater_Cadiz_Andalucia_Spain-9219-L.jpg\" alt=\"ruiner i staden\"\/><\/figure>\n\n<h2 id=\"tab-con-9\" class=\"wp-block-heading\">7. Almer\u00eda och Cabo de Gata<\/h2>\n\n<h3 class=\"wp-block-heading\">Varf\u00f6r bes\u00f6ka?<\/h3>\n\n<p class=\"wp-block-paragraph\">Almer\u00eda \u00e4r den minst turistiska regionen i den h\u00e4r artikeln, och landskapet d\u00e4r skiljer sig radikalt fr\u00e5n resten av Andalusien: \u00f6ster om staden breder Tabernas\u00f6knen ut sig med ockraf\u00e4rgade och steniga, n\u00e4stan m\u00e5nliknande vidder, d\u00e4r hettan f\u00e5r horisonten att vibrera p\u00e5 sommaren.<\/p>\n\n<p class=\"wp-block-paragraph\">I \u00f6ster erbjuder naturparken Cabo de Gata-N\u00edjar en sl\u00e5ende kontrast: svarta vulkaniska klippor stupar ner i ett turkosbl\u00e5tt hav, vegetationen \u00e4r gles och vild, och den n\u00e4stan totala avsaknaden av stora hotellkomplex ger intrycket av en or\u00f6rd kust.<\/p>\n\n<figure class=\"wp-block-image size-large\"><img loading=\"lazy\" decoding=\"async\" src=\"https:\/\/photos.smugmug.com\/Andalucia-Lovers\/Almeria\/Best-of\/i-n7P3gKk\/0\/LKt99zZv8WQdd6JgwcgpvRzKct25HRk82JM4VfrxN\/L\/alcazaba-castle-almeria-spain-L.jpg\" alt=\"Alcazaba i Almeria\"\/><figcaption class=\"wp-element-caption\">Alcazaba i Almer\u00eda<\/figcaption><\/figure>\n\n<h3 class=\"wp-block-heading\">De vackraste platserna i Almer\u00eda<\/h3>\n\n<ul class=\"wp-block-list\">\n<li><a href=\"https:\/\/andalucialovers.com\/sv\/besok-alcazaba-slott-malaga\/\" target=\"_blank\" rel=\"noreferrer noopener\">Alcazaba,<\/a> en morisk f\u00e4stning med utsikt \u00f6ver havet<\/li>\n\n\n\n<li><a href=\"https:\/\/andalucialovers.com\/sv\/besok-katedrale-inkarnation-almeria\/\" data-type=\"post\" data-id=\"3867\" target=\"_blank\" rel=\"noreferrer noopener\">Katedralen<\/a> och dess modernare klosterg\u00e5ng<\/li>\n\n\n\n<li>Det arkeologiska museet<\/li>\n\n\n\n<li><a href=\"https:\/\/andalucialovers.com\/sv\/sevardheter-almeria-att-gora\/\" target=\"_blank\" rel=\"noreferrer noopener\">Se de b\u00e4sta sev\u00e4rdheterna i Almer\u00eda<\/a><\/li>\n<\/ul>\n\n<figure class=\"wp-block-image size-large\"><img loading=\"lazy\" decoding=\"async\" src=\"https:\/\/photos.smugmug.com\/Andalucia-Lovers\/Almeria\/Musee-archeologique\/i-PXXc2fH\/0\/M8zWXtVgJXBqNTVh2GSzcRCk4pbkVWJM6CJnRhVhM\/L\/musee-archeologique-almeria-01-L.jpg\" alt=\"Arkeologiska museet i Almer&#xED;a\"\/><\/figure>\n\n<h3 class=\"wp-block-heading\">Tabernas\u00f6knen<\/h3>\n\n<p class=\"wp-block-paragraph\">Cirka trettio kilometer norr om Almer\u00eda har detta m\u00e5nliknande landskap, som str\u00e4cker sig \u00f6ver mer \u00e4n 280 km\u00b2, fungerat som kuliss i \u00f6ver 100 filmer mellan 1960 och 1980: \u201dDen gode, den elake och den fule\u201d, \u201dF\u00f6r en handfull dollar\u201d, \u201dLawrence av Arabien\u201d och \u201dIndiana Jones och det sista korst\u00e5get\u201d.<br\/>Tre av de gamla inspelningsplatserna kan idag bes\u00f6kas: Oasys Mini Hollywood (med djurpark och f\u00f6rest\u00e4llningar), Fort Bravo\/Texas Hollywood, som \u00e4r mer autentiskt, och Western Leone, som \u00e4r mer r\u00e5tt och popul\u00e4rt bland filmfantaster.<\/p>\n\n<figure class=\"wp-block-image size-large\"><img loading=\"lazy\" decoding=\"async\" src=\"https:\/\/photos.smugmug.com\/Travel\/Andalucia\/9b-Tabernas-desert\/i-j8Jq4dk\/2\/MXvm7w7P6rcwzdt6KvcZ3WxVftWdcQxVffBbFzzb7\/L\/Desert_Tabernas_Andalucia_Spain-5965-L.jpg\" alt=\"Tabernas\"\/><\/figure>\n<p><!-- IMAGE SMUGMUG \u00c0 AJOUTER : d\u00e9cor de western, d\u00e9sert de Tabernas --><\/p>\n\n<h3 class=\"wp-block-heading\">Cabo de Gata-N\u00edjar<\/h3>\n\n<ul class=\"wp-block-list\">\n<li><strong>San Jos\u00e9<\/strong>, parkens livligaste by och utg\u00e5ngspunkt till de vackraste str\u00e4nderna<\/li>\n\n\n\n<li><strong>Playa de M\u00f3nsul<\/strong>, omgiven av vulkaniska klippformationer, som f\u00f6revigades i \u201dIndiana Jones och det sista korst\u00e5get\u201d<\/li>\n\n\n\n<li><strong>Playa de los Genoveses<\/strong>, en stor, or\u00f6rd strand med fint sand<\/li>\n\n\n\n<li><strong>Playa de los Muertos<\/strong>, \u00f6ver en kilometer sandstrand och ett av kustens mest turkosa vatten<\/li>\n\n\n\n<li><strong>N\u00edjar<\/strong>, en traditionell by k\u00e4nd f\u00f6r sin keramik och sina textilhantverk (jarapas)<\/li>\n\n\n\n<li><a href=\"https:\/\/andalucialovers.com\/sv\/vad-man-kan-gora-i-cabo-gata-sevardheter\/\" data-type=\"post\" data-id=\"6225\" target=\"_blank\" rel=\"noreferrer noopener\">L\u00e4s mer om Cabo de Gata<\/a><\/li>\n<\/ul>\n\n<figure class=\"wp-block-image size-large\"><img loading=\"lazy\" decoding=\"async\" src=\"https:\/\/photos.smugmug.com\/Travel\/Andalucia\/10a-Playazo\/i-fzNrSNk\/2\/NXGVXvX9fZMBZGCZkv6P7k7mvw8SfB3FM7fDZh7TG\/L\/El_Playazo_Andalucia_Spain-6199-L.jpg\" alt=\"Stranden Playazo i Rodalquilar\"\/><\/figure>\n<p><!-- IMAGE SMUGMUG \u00c0 AJOUTER : Playa de M\u00f3nsul, Cabo de Gata --><\/p>\n\n<h3 class=\"wp-block-heading\">Var ska vi bo?<\/h3>\n\n<ul class=\"wp-block-list\">\n<li>Almer\u00edas centrum, med bra f\u00f6rbindelser till Tabernas och Cabo de Gata<br\/><a href=\"https:\/\/andalucialovers.com\/sv\/var-kan-bo-almeria-basta-hotellen-stadsdelarna\/\" target=\"_blank\" rel=\"noreferrer noopener\">Se v\u00e5rt urval av de b\u00e4sta stadsdelarna och hotellen i Almer\u00eda<\/a><br\/>eller direkt: <a href=\"https:\/\/www.booking.com\/searchresults.html?city=-370374&amp;nflt=review_score%253D90%253Breview_score%253D80&amp;aid=2420173&amp;no_rooms=1&amp;group_adults=2\" target=\"_blank\" rel=\"noreferrer noopener sponsored nofollow\">Se de h\u00f6gst rankade boendena i Almer\u00eda<\/a><\/li>\n\n\n\n<li>Eller mitt i naturparken Cabo de Gata<br\/><a href=\"https:\/\/www.booking.com\/searchresults.en.html?city=-369258&amp;nflt=review_score%253D90%253Breview_score%253D80&amp;aid=2420173&amp;no_rooms=1&amp;group_adults=2\" target=\"_blank\" rel=\"noreferrer noopener sponsored nofollow\">Se topprankade boenden<\/a><\/li>\n<\/ul>\n\n<figure class=\"wp-block-image size-large\"><img loading=\"lazy\" decoding=\"async\" src=\"https:\/\/photos.smugmug.com\/Travel\/Andalucia\/9d-Agua-Amargua\/i-pJLXqg8\/2\/LSQFBK6CB3ZJ2zG7rQF6B9bsNW5QCV6pdXwp2znmc\/L\/Agua_Amargua_Andalucia_Spain-6047-L.jpg\" alt=\"Agua Armagua\"\/><figcaption class=\"wp-element-caption\">Agua Armagua<\/figcaption><\/figure>\n\n<h3 class=\"wp-block-heading\">V\u00e4rt att veta<\/h3>\n\n<ul class=\"wp-block-list\">\n<li>Planera in minst 3\u20134 dagar f\u00f6r att hinna med b\u00e5de Almer\u00eda, Tabernas\u00f6knen och Cabo de Gata<\/li>\n\n\n\n<li>Under h\u00f6gs\u00e4song \u00e4r biltrafiken till vissa str\u00e4nder i parken (M\u00f3nsul, Los Genoveses) begr\u00e4nsad till ett dagligt antal fordon \u2013 ut\u00f6ver detta g\u00e4ller endast pendelbussen<\/li>\n\n\n\n<li>I Tabernas\u00f6knen kan temperaturen \u00f6verstiga 40 \u00b0C p\u00e5 sommaren \u2013 se till att ha med dig vatten och solskydd<\/li>\n\n\n\n<li>En bil \u00e4r n\u00f6dv\u00e4ndig f\u00f6r att utforska regionen, d\u00e4r kollektivtrafiken \u00e4r mycket begr\u00e4nsad<\/li>\n<\/ul>\n\n<figure class=\"wp-block-image size-large\"><img loading=\"lazy\" decoding=\"async\" src=\"https:\/\/photos.smugmug.com\/Andalucia-Lovers\/Almeria\/Best-of\/i-PbTCkNk\/0\/MpRPTqVfQ7JkHR68htVSZLQk9mBZ639TTv7b5vTSx\/L\/visit-almeria-city-spain-18-L.jpg\" alt=\"Constituci&#xF3;n-torget, Almer&#xED;a\"\/><\/figure>\n\n<div class=\"wp-block-genesis-blocks-gb-container box gb-block-container\" style=\"margin-top:8%;margin-bottom:8%\"><div class=\"gb-container-inside\"><div class=\"gb-container-content\" style=\"max-width:700px\">\n<div class=\"wp-block-genesis-blocks-gb-container box_titre gb-block-container\"><div class=\"gb-container-inside\"><div class=\"gb-container-content\">\n<h5 class=\"titre_box\"><span>PLANERA DIN RESA TILL <\/span><span class=\"titre_box_manuscrit\">Andalusien<\/span><\/h5>\n<\/div><\/div><\/div>\n\n\n\n<hr class=\"wp-block-separator has-text-color has-alpha-channel-opacity has-background is-style-wide hr-box-planif\" style=\"background-color:#ccd3dd;color:#ccd3dd\"\/>\n\n\n\n<div class=\"wp-block-genesis-blocks-gb-container gb-block-container\"><div class=\"gb-container-inside\"><div class=\"gb-container-content\">\n<div class=\"wp-block-columns box_sans_border is-layout-flex wp-container-core-columns-is-layout-8f761849 wp-block-columns-is-layout-flex\">\n<div class=\"wp-block-column texte_planif is-layout-flow wp-block-column-is-layout-flow\" style=\"flex-basis:60%\">\n<p class=\"soustitre_planif wp-block-paragraph\"><strong>Inspiration<\/strong><\/p>\n\n\n\n<ul class=\"wp-block-list\">\n<li style=\"font-size:14px\"><a href=\"https:\/\/andalucialovers.com\/sv\/vad-kan-man-gora-i-andalusien-sevardheter\/\" target=\"_blank\" rel=\"noreferrer noopener\">Vad man kan g\u00f6ra i Andalusien<\/a><\/li>\n\n\n\n<li style=\"font-size:14px\"><a href=\"https:\/\/andalucialovers.com\/sv\/de-vackraste-staderna-i-andalusien\/\" target=\"_blank\" rel=\"noreferrer noopener\">De vackraste st\u00e4derna<\/a><\/li>\n\n\n\n<li style=\"font-size:14px\"><a href=\"https:\/\/andalucialovers.com\/sv\/de-vackraste-stranderna-i-andalusien-2\/\" target=\"_blank\" rel=\"noreferrer noopener\">De vackraste str\u00e4nderna<\/a><\/li>\n\n\n\n<li style=\"font-size:14px\"><a href=\"https:\/\/andalucialovers.com\/sv\/de-vackraste-vita-byarna-i-andalusien\/\" target=\"_blank\" rel=\"noreferrer noopener\">De vackraste vita byarna<\/a><\/li>\n\n\n\n<li style=\"font-size:14px\"><a href=\"https:\/\/andalucialovers.com\/sv\/katedraler-andalusien\/\" target=\"_blank\" rel=\"noreferrer noopener\">Katedralerna<\/a><\/li>\n\n\n\n<li style=\"font-size:14px\"><a href=\"https:\/\/andalucialovers.com\/sv\/arkeologiska-platser-andalusien-ruiner\/\" target=\"_blank\" rel=\"noreferrer noopener\">Arkeologiska platser<\/a><\/li>\n\n\n\n<li style=\"font-size:14px\"><a data-type=\"post\" data-id=\"2221\" href=\"https:\/\/andalucialovers.com\/sv\/cordoba-eller-sevilla-eller-granada\/\" target=\"_blank\" rel=\"noreferrer noopener\">Sevilla, Cordoba eller Granada?<\/a><\/li>\n\n\n\n<li style=\"font-size:14px\"><a href=\"https:\/\/andalucialovers.com\/sv\/basta-museerna-andalusien\/\" target=\"_blank\" rel=\"noreferrer noopener\">B\u00e4sta museerna<\/a><\/li>\n\n\n\n<li style=\"font-size:14px\"><a href=\"https:\/\/andalucialovers.com\/sv\/basta-slotten-palatsen-andalusien\/\" target=\"_blank\" rel=\"noreferrer noopener\">Slott och palats<\/a><\/li>\n\n\n\n<li style=\"font-size:14px\"><a href=\"https:\/\/andalucialovers.com\/sv\/andalusien-gomda-parlor-hemliga-platser\/\" target=\"_blank\" rel=\"noreferrer noopener\">Hemliga platser<\/a><\/li>\n<\/ul>\n<\/div>\n\n\n\n<div class=\"wp-block-column is-vertically-aligned-top planif-radius is-layout-flow wp-block-column-is-layout-flow\" style=\"flex-basis:40%\">\n<figure class=\"wp-block-image size-large img-portrait\"><img loading=\"lazy\" decoding=\"async\" src=\"https:\/\/photos.smugmug.com\/Travel\/Andalucia\/6b-Zuheros\/i-VRKFTdz\/1\/CNkgtxtms75zqS5pTQbm8FKsGCDk3kHvJFzJqmP2z\/S\/Zuheros_Andalucia_Spain-4306-S.jpg\" alt=\"Zuheros\" title=\"\"\/><\/figure>\n<\/div>\n<\/div>\n\n\n\n<hr class=\"wp-block-separator has-text-color has-alpha-channel-opacity has-background is-style-wide hr-box-planif\" style=\"background-color:#ccd3dd;color:#ccd3dd\"\/>\n\n\n\n<div class=\"wp-block-columns box_sans_border is-layout-flex wp-container-core-columns-is-layout-8f761849 wp-block-columns-is-layout-flex\">\n<div class=\"wp-block-column texte_planif is-layout-flow wp-block-column-is-layout-flow\" style=\"flex-basis:60%\">\n<p class=\"soustitre_planif wp-block-paragraph\"><strong>\u00d6vning<\/strong><\/p>\n\n\n\n<ul class=\"wp-block-list\">\n<li style=\"font-size:14px\"><a href=\"https:\/\/andalucialovers.com\/sv\/var-ska-bo-andalusien-basta-omradena\/\" data-type=\"post\" data-id=\"2632\" target=\"_blank\" rel=\"noreferrer noopener\">Var man kan bo i Andalusien<\/a><\/li>\n\n\n\n<li style=\"font-size:14px\"><a href=\"https:\/\/andalucialovers.com\/sv\/basta-5-stjarniga-hotellen-andalusien-lyx-recensioner\/\" type=\"post\" id=\"6105\" target=\"_blank\" rel=\"noreferrer noopener\">De b\u00e4sta lyxhotellen i Andalusien<\/a><\/li>\n\n\n\n<li style=\"font-size:14px\"><a href=\"https:\/\/andalucialovers.com\/sv\/basta-restaurang-andalusien-ata-recensioner\/\" target=\"_blank\" rel=\"noreferrer noopener\">B\u00e4sta restaurangerna<\/a><\/li>\n\n\n\n<li style=\"font-size:14px\"><a data-type=\"post\" data-id=\"3712\" href=\"https:\/\/andalucialovers.com\/sv\/hur-hyr-bil-andalusien-tips-erfarenhet\/\" target=\"_blank\" rel=\"noreferrer noopener\">Hyr en bil i Andalusien<\/a><\/li>\n\n\n\n<li style=\"font-size:14px\"><a href=\"https:\/\/andalucialovers.com\/sv\/korning-andalusien-tips\/\" target=\"_blank\" rel=\"noreferrer noopener\">K\u00f6rning i Andalusien<\/a><\/li>\n<\/ul>\n<\/div>\n\n\n\n<div class=\"wp-block-column is-vertically-aligned-top planif-radius is-layout-flow wp-block-column-is-layout-flow\" style=\"flex-basis:40%\">\n<figure class=\"wp-block-image size-large img-portrait\"><img loading=\"lazy\" decoding=\"async\" src=\"https:\/\/photos.smugmug.com\/Travel\/Andalucia\/Accommodations\/i-QBDJnG7\/1\/4ZLWzw32dnhwGLrbmXL5HqSdBXzWBRMQhfVrcKD4\/S\/accommodation_Tarifa_Andalucia_Spain-2764-S.jpg\" alt=\"Hotell i Tarifa\" title=\"\"\/><\/figure>\n<\/div>\n<\/div>\n\n\n\n<hr class=\"wp-block-separator has-text-color has-alpha-channel-opacity has-background is-style-wide hr-box-planif\" style=\"background-color:#ccd3dd;color:#ccd3dd\"\/>\n\n\n\n<div class=\"wp-block-columns box_sans_border is-layout-flex wp-container-core-columns-is-layout-8f761849 wp-block-columns-is-layout-flex\">\n<div class=\"wp-block-column texte_planif is-layout-flow wp-block-column-is-layout-flow\" style=\"flex-basis:60%\">\n<p class=\"soustitre_planif wp-block-paragraph\"><strong>Platser du inte f\u00e5r missa<\/strong><\/p>\n\n\n\n<ul class=\"wp-block-list\">\n<li style=\"font-size:14px\"><a href=\"https:\/\/andalucialovers.com\/sv\/sevardheter-sevilla-att-gora\/\" target=\"_blank\" rel=\"noreferrer noopener\">Sevilla<\/a><\/li>\n\n\n\n<li style=\"font-size:14px\"><a data-type=\"post\" data-id=\"2328\" href=\"https:\/\/andalucialovers.com\/sv\/sevardheter-cordoba-att-gora\/\" target=\"_blank\" rel=\"noreferrer noopener\">C\u00f3rdoba<\/a><\/li>\n\n\n\n<li style=\"font-size:14px\"><a href=\"https:\/\/andalucialovers.com\/sv\/sevardheter-granada-att-gora\/\" target=\"_blank\" rel=\"noreferrer noopener\">Grenada<\/a><\/li>\n\n\n\n<li style=\"font-size:14px\"><a href=\"https:\/\/andalucialovers.com\/sv\/sevardheter-ronda-att-gora\/\" target=\"_blank\" rel=\"noreferrer noopener\">Ronda<\/a><\/li>\n\n\n\n<li style=\"font-size:14px\"><a href=\"https:\/\/andalucialovers.com\/sv\/sevardheter-malaga-att-gora\/\" target=\"_blank\" rel=\"noreferrer noopener\">Malaga<\/a><\/li>\n\n\n\n<li style=\"font-size:14px\"><a data-type=\"post\" data-id=\"3597\" href=\"https:\/\/andalucialovers.com\/sv\/sevardheter-cadiz-att-gora\/\" target=\"_blank\" rel=\"noreferrer noopener\">Cadiz<\/a><\/li>\n\n\n\n<li style=\"font-size:14px\"><a href=\"https:\/\/andalucialovers.com\/sv\/vad-man-kan-gora-i-cabo-gata-sevardheter\/\" type=\"post\" id=\"6225\" target=\"_blank\" rel=\"noreferrer noopener\">Cabo de Gata<\/a><\/li>\n\n\n\n<li style=\"font-size:14px\"><a href=\"https:\/\/andalucialovers.com\/sv\/sevardheter-antequera-att-gora\/\" target=\"_blank\" rel=\"noreferrer noopener\">Antequera<\/a><\/li>\n\n\n\n<li style=\"font-size:14px\">Baeza och Ubuda<\/li>\n<\/ul>\n<\/div>\n\n\n\n<div class=\"wp-block-column is-vertically-aligned-top planif-radius is-layout-flow wp-block-column-is-layout-flow\" style=\"flex-basis:40%\">\n<figure class=\"wp-block-image size-large img-portrait\"><img loading=\"lazy\" decoding=\"async\" src=\"https:\/\/photos.smugmug.com\/Travel\/Andalucia\/2e-Madina-Azahara\/i-nrQb8vF\/1\/DMVZRMLhBjwhLQtjzj2r5fqS4GjmpXXHrwvQnwFsm\/S\/Medina_Azahara_Andalucia_Spain-1434-S.jpg\" alt=\"Medina Azahara\" title=\"\"\/><\/figure>\n<\/div>\n<\/div>\n<\/div><\/div><\/div>\n\n\n\n<div class=\"wp-block-genesis-blocks-gb-container box_texte gb-block-container\"><div class=\"gb-container-inside\"><div class=\"gb-container-content\"><\/div><\/div><\/div>\n\n\n\n<div class=\"wp-block-genesis-blocks-gb-container box-texte gb-block-container\"><div class=\"gb-container-inside\"><div class=\"gb-container-content\"><\/div><\/div><\/div>\n<\/div><\/div><\/div>\n\n<div class=\"wp-block-genesis-blocks-gb-container box_auteur_voyage gb-block-container\"><div class=\"gb-container-inside\"><div class=\"gb-container-content\">\n<figure class=\"wp-block-image size-large img_auteur_voyage img_provisoire\"><a href=\"https:\/\/andalucialovers.com\/sv\/claire-robinson\/\" target=\"_blank\" rel=\"noreferrer noopener\"><img loading=\"lazy\" decoding=\"async\" src=\"https:\/\/photos.smugmug.com\/Region-Lovers\/Equipe\/i-nsNF6C6\/0\/Cs2F5n96pkt9xFD9D3SVqmQspMhrKgN75nHgBqmjG\/L\/Claire-L.png\" alt=\"\"\/><\/a><\/figure>\n\n\n\n<h5 class=\"titre_auteur_voyage\"><span>HON GJORDE RESAN OCH SKREV ARTIKELN \n <\/span><span class=\"titre_box_manuscrit\">Claire<\/span><\/h5>\n<\/div><\/div><\/div>\n\n<p class=\"wp-block-paragraph\"><\/p>\n","protected":false},"excerpt":{"rendered":"<p>Undrar du vart du ska \u00e5ka i Andalusien?Mellan de kejserliga st\u00e4derna i inlandet, Sierra Nevada-bergen, de olika kusterna och Europas torraste \u00f6ken \u2013 Andalusien kan inte sammanfattas med en lista \u00f6ver st\u00e4der: det \u00e4r en samling regioner, var och en med sin egen identitet.I st\u00e4llet f\u00f6r att r\u00e4kna upp st\u00e4derna en efter en har vi [&hellip;]<\/p>\n","protected":false},"author":1,"featured_media":9275,"comment_status":"closed","ping_status":"closed","sticky":false,"template":"","format":"standard","meta":{"_genesis_hide_title":false,"_genesis_hide_breadcrumbs":false,"_genesis_hide_singular_image":false,"_genesis_hide_footer_widgets":false,"_genesis_custom_body_class":"","_genesis_custom_post_class":"","_genesis_layout":"","footnotes":""},"categories":[126],"tags":[],"class_list":["post-9286","post","type-post","status-publish","format-standard","has-post-thumbnail","category-sevardheter-i-andalusien","entry"],"yoast_head":"<!-- This site is optimized with the Yoast SEO plugin v28.3 - https:\/\/yoast.com\/product\/yoast-seo-wordpress\/ -->\n<title>Vart man ska \u00e5ka i Andalusien: 7 vackraste resm\u00e5l! (+ v\u00e5ra bilder)<\/title>\n<meta name=\"description\" content=\"Vart ska man resa i Andalusien: uppt\u00e4ck v\u00e5rt urval av de 7 vackraste resm\u00e5len, med v\u00e5ra tips och bilder.\" \/>\n<meta name=\"robots\" content=\"index, follow, max-snippet:-1, max-image-preview:large, max-video-preview:-1\" \/>\n<link rel=\"canonical\" href=\"https:\/\/andalucialovers.com\/sv\/vart-aka-andalusien-basta-resmal\/\" \/>\n<meta property=\"og:locale\" content=\"sv_SE\" \/>\n<meta property=\"og:type\" content=\"article\" \/>\n<meta property=\"og:title\" content=\"Vart man ska \u00e5ka i Andalusien: 7 vackraste resm\u00e5l! (+ v\u00e5ra bilder)\" \/>\n<meta property=\"og:description\" content=\"Vart ska man resa i Andalusien: uppt\u00e4ck v\u00e5rt urval av de 7 vackraste resm\u00e5len, med v\u00e5ra tips och bilder.\" \/>\n<meta property=\"og:url\" content=\"https:\/\/andalucialovers.com\/sv\/vart-aka-andalusien-basta-resmal\/\" \/>\n<meta property=\"og:site_name\" content=\"Andalucia Lovers\" \/>\n<meta property=\"article:published_time\" content=\"2026-08-30T08:06:09+00:00\" \/>\n<meta property=\"article:modified_time\" content=\"2026-08-30T08:41:36+00:00\" \/>\n<meta property=\"og:image\" content=\"https:\/\/andalucialovers.com\/wp-content\/uploads\/2026\/08\/vart-aka-andalusien-resmal.jpg\" \/>\n\t<meta property=\"og:image:width\" content=\"800\" \/>\n\t<meta property=\"og:image:height\" content=\"600\" \/>\n\t<meta property=\"og:image:type\" content=\"image\/jpeg\" \/>\n<meta name=\"author\" content=\"Claire\" \/>\n<meta name=\"twitter:card\" content=\"summary_large_image\" \/>\n<meta name=\"twitter:label1\" content=\"Skriven av\" \/>\n\t<meta name=\"twitter:data1\" content=\"Claire\" \/>\n\t<meta name=\"twitter:label2\" content=\"Ber\u00e4knad l\u00e4stid\" \/>\n\t<meta name=\"twitter:data2\" content=\"18 minuter\" \/>\n<script type=\"application\/ld+json\" class=\"yoast-schema-graph\">{\"@context\":\"https:\\\/\\\/schema.org\",\"@graph\":[{\"@type\":\"Article\",\"@id\":\"https:\\\/\\\/andalucialovers.com\\\/sv\\\/vart-aka-andalusien-basta-resmal\\\/#article\",\"isPartOf\":{\"@id\":\"https:\\\/\\\/andalucialovers.com\\\/sv\\\/vart-aka-andalusien-basta-resmal\\\/\"},\"author\":{\"name\":\"Claire\",\"@id\":\"https:\\\/\\\/andalucialovers.com\\\/sv\\\/#\\\/schema\\\/person\\\/2a1e86bd15a1161333ebe667950c2cea\"},\"headline\":\"Vart man ska \u00e5ka i Andalusien: 7 vackraste resm\u00e5l! (+ v\u00e5ra bilder)\",\"datePublished\":\"2026-08-30T08:06:09+00:00\",\"dateModified\":\"2026-08-30T08:41:36+00:00\",\"mainEntityOfPage\":{\"@id\":\"https:\\\/\\\/andalucialovers.com\\\/sv\\\/vart-aka-andalusien-basta-resmal\\\/\"},\"wordCount\":3599,\"publisher\":{\"@id\":\"https:\\\/\\\/andalucialovers.com\\\/sv\\\/#organization\"},\"image\":{\"@id\":\"https:\\\/\\\/andalucialovers.com\\\/sv\\\/vart-aka-andalusien-basta-resmal\\\/#primaryimage\"},\"thumbnailUrl\":\"https:\\\/\\\/andalucialovers.com\\\/wp-content\\\/uploads\\\/2026\\\/08\\\/vart-aka-andalusien-resmal.jpg\",\"articleSection\":[\"Sev\u00e4rdheter i Andalusien\"],\"inLanguage\":\"sv-SE\"},{\"@type\":\"WebPage\",\"@id\":\"https:\\\/\\\/andalucialovers.com\\\/sv\\\/vart-aka-andalusien-basta-resmal\\\/\",\"url\":\"https:\\\/\\\/andalucialovers.com\\\/sv\\\/vart-aka-andalusien-basta-resmal\\\/\",\"name\":\"Vart man ska \u00e5ka i Andalusien: 7 vackraste resm\u00e5l! (+ v\u00e5ra bilder)\",\"isPartOf\":{\"@id\":\"https:\\\/\\\/andalucialovers.com\\\/sv\\\/#website\"},\"primaryImageOfPage\":{\"@id\":\"https:\\\/\\\/andalucialovers.com\\\/sv\\\/vart-aka-andalusien-basta-resmal\\\/#primaryimage\"},\"image\":{\"@id\":\"https:\\\/\\\/andalucialovers.com\\\/sv\\\/vart-aka-andalusien-basta-resmal\\\/#primaryimage\"},\"thumbnailUrl\":\"https:\\\/\\\/andalucialovers.com\\\/wp-content\\\/uploads\\\/2026\\\/08\\\/vart-aka-andalusien-resmal.jpg\",\"datePublished\":\"2026-08-30T08:06:09+00:00\",\"dateModified\":\"2026-08-30T08:41:36+00:00\",\"description\":\"Vart ska man resa i Andalusien: uppt\u00e4ck v\u00e5rt urval av de 7 vackraste resm\u00e5len, med v\u00e5ra tips och bilder.\",\"breadcrumb\":{\"@id\":\"https:\\\/\\\/andalucialovers.com\\\/sv\\\/vart-aka-andalusien-basta-resmal\\\/#breadcrumb\"},\"inLanguage\":\"sv-SE\",\"potentialAction\":[{\"@type\":\"ReadAction\",\"target\":[\"https:\\\/\\\/andalucialovers.com\\\/sv\\\/vart-aka-andalusien-basta-resmal\\\/\"]}]},{\"@type\":\"ImageObject\",\"inLanguage\":\"sv-SE\",\"@id\":\"https:\\\/\\\/andalucialovers.com\\\/sv\\\/vart-aka-andalusien-basta-resmal\\\/#primaryimage\",\"url\":\"https:\\\/\\\/andalucialovers.com\\\/wp-content\\\/uploads\\\/2026\\\/08\\\/vart-aka-andalusien-resmal.jpg\",\"contentUrl\":\"https:\\\/\\\/andalucialovers.com\\\/wp-content\\\/uploads\\\/2026\\\/08\\\/vart-aka-andalusien-resmal.jpg\",\"width\":800,\"height\":600,\"caption\":\"vart aka andalusien resmal\"},{\"@type\":\"BreadcrumbList\",\"@id\":\"https:\\\/\\\/andalucialovers.com\\\/sv\\\/vart-aka-andalusien-basta-resmal\\\/#breadcrumb\",\"itemListElement\":[{\"@type\":\"ListItem\",\"position\":1,\"name\":\"Hem\",\"item\":\"https:\\\/\\\/andalucialovers.com\\\/sv\\\/\"},{\"@type\":\"ListItem\",\"position\":2,\"name\":\"Sev\u00e4rdheter i Andalusien\",\"item\":\"https:\\\/\\\/andalucialovers.com\\\/sv\\\/sevardheter-i-andalusien\\\/\"},{\"@type\":\"ListItem\",\"position\":3,\"name\":\"Vart man ska \u00e5ka i Andalusien: 7 vackraste resm\u00e5l! (+ v\u00e5ra bilder)\"}]},{\"@type\":\"WebSite\",\"@id\":\"https:\\\/\\\/andalucialovers.com\\\/sv\\\/#website\",\"url\":\"https:\\\/\\\/andalucialovers.com\\\/sv\\\/\",\"name\":\"Andalucia Lovers\",\"description\":\"Le blog de Claire et Manu\",\"publisher\":{\"@id\":\"https:\\\/\\\/andalucialovers.com\\\/sv\\\/#organization\"},\"potentialAction\":[{\"@type\":\"SearchAction\",\"target\":{\"@type\":\"EntryPoint\",\"urlTemplate\":\"https:\\\/\\\/andalucialovers.com\\\/sv\\\/?s={search_term_string}\"},\"query-input\":{\"@type\":\"PropertyValueSpecification\",\"valueRequired\":true,\"valueName\":\"search_term_string\"}}],\"inLanguage\":\"sv-SE\"},{\"@type\":\"Organization\",\"@id\":\"https:\\\/\\\/andalucialovers.com\\\/sv\\\/#organization\",\"name\":\"Andalucia Lovers\",\"url\":\"https:\\\/\\\/andalucialovers.com\\\/sv\\\/\",\"logo\":{\"@type\":\"ImageObject\",\"inLanguage\":\"sv-SE\",\"@id\":\"https:\\\/\\\/andalucialovers.com\\\/sv\\\/#\\\/schema\\\/logo\\\/image\\\/\",\"url\":\"https:\\\/\\\/andalucialovers.com\\\/wp-content\\\/uploads\\\/2024\\\/05\\\/cropped-Andalucia-Lovers-Logo.png\",\"contentUrl\":\"https:\\\/\\\/andalucialovers.com\\\/wp-content\\\/uploads\\\/2024\\\/05\\\/cropped-Andalucia-Lovers-Logo.png\",\"width\":2804,\"height\":481,\"caption\":\"Andalucia Lovers\"},\"image\":{\"@id\":\"https:\\\/\\\/andalucialovers.com\\\/sv\\\/#\\\/schema\\\/logo\\\/image\\\/\"}},{\"@type\":\"Person\",\"@id\":\"https:\\\/\\\/andalucialovers.com\\\/sv\\\/#\\\/schema\\\/person\\\/2a1e86bd15a1161333ebe667950c2cea\",\"name\":\"Claire\",\"image\":{\"@type\":\"ImageObject\",\"inLanguage\":\"sv-SE\",\"@id\":\"https:\\\/\\\/secure.gravatar.com\\\/avatar\\\/e3566233826c32de8d7c9ef726a1087654b12cadb092acc17ee1d357687192ff?s=96&d=mm&r=g\",\"url\":\"https:\\\/\\\/secure.gravatar.com\\\/avatar\\\/e3566233826c32de8d7c9ef726a1087654b12cadb092acc17ee1d357687192ff?s=96&d=mm&r=g\",\"contentUrl\":\"https:\\\/\\\/secure.gravatar.com\\\/avatar\\\/e3566233826c32de8d7c9ef726a1087654b12cadb092acc17ee1d357687192ff?s=96&d=mm&r=g\",\"caption\":\"Claire\"},\"sameAs\":[\"https:\\\/\\\/andalucialovers.com\\\/claire-robinson\\\/\"],\"url\":\"https:\\\/\\\/andalucialovers.com\\\/sv\\\/author\\\/andalucialover\\\/\"}]}<\/script>\n<!-- \/ Yoast SEO plugin. -->","yoast_head_json":{"title":"Vart man ska \u00e5ka i Andalusien: 7 vackraste resm\u00e5l! (+ v\u00e5ra bilder)","description":"Vart ska man resa i Andalusien: uppt\u00e4ck v\u00e5rt urval av de 7 vackraste resm\u00e5len, med v\u00e5ra tips och bilder.","robots":{"index":"index","follow":"follow","max-snippet":"max-snippet:-1","max-image-preview":"max-image-preview:large","max-video-preview":"max-video-preview:-1"},"canonical":"https:\/\/andalucialovers.com\/sv\/vart-aka-andalusien-basta-resmal\/","og_locale":"sv_SE","og_type":"article","og_title":"Vart man ska \u00e5ka i Andalusien: 7 vackraste resm\u00e5l! (+ v\u00e5ra bilder)","og_description":"Vart ska man resa i Andalusien: uppt\u00e4ck v\u00e5rt urval av de 7 vackraste resm\u00e5len, med v\u00e5ra tips och bilder.","og_url":"https:\/\/andalucialovers.com\/sv\/vart-aka-andalusien-basta-resmal\/","og_site_name":"Andalucia Lovers","article_published_time":"2026-08-30T08:06:09+00:00","article_modified_time":"2026-08-30T08:41:36+00:00","og_image":[{"width":800,"height":600,"url":"https:\/\/andalucialovers.com\/wp-content\/uploads\/2026\/08\/vart-aka-andalusien-resmal.jpg","type":"image\/jpeg"}],"author":"Claire","twitter_card":"summary_large_image","twitter_misc":{"Skriven av":"Claire","Ber\u00e4knad l\u00e4stid":"18 minuter"},"schema":{"@context":"https:\/\/schema.org","@graph":[{"@type":"Article","@id":"https:\/\/andalucialovers.com\/sv\/vart-aka-andalusien-basta-resmal\/#article","isPartOf":{"@id":"https:\/\/andalucialovers.com\/sv\/vart-aka-andalusien-basta-resmal\/"},"author":{"name":"Claire","@id":"https:\/\/andalucialovers.com\/sv\/#\/schema\/person\/2a1e86bd15a1161333ebe667950c2cea"},"headline":"Vart man ska \u00e5ka i Andalusien: 7 vackraste resm\u00e5l! (+ v\u00e5ra bilder)","datePublished":"2026-08-30T08:06:09+00:00","dateModified":"2026-08-30T08:41:36+00:00","mainEntityOfPage":{"@id":"https:\/\/andalucialovers.com\/sv\/vart-aka-andalusien-basta-resmal\/"},"wordCount":3599,"publisher":{"@id":"https:\/\/andalucialovers.com\/sv\/#organization"},"image":{"@id":"https:\/\/andalucialovers.com\/sv\/vart-aka-andalusien-basta-resmal\/#primaryimage"},"thumbnailUrl":"https:\/\/andalucialovers.com\/wp-content\/uploads\/2026\/08\/vart-aka-andalusien-resmal.jpg","articleSection":["Sev\u00e4rdheter i Andalusien"],"inLanguage":"sv-SE"},{"@type":"WebPage","@id":"https:\/\/andalucialovers.com\/sv\/vart-aka-andalusien-basta-resmal\/","url":"https:\/\/andalucialovers.com\/sv\/vart-aka-andalusien-basta-resmal\/","name":"Vart man ska \u00e5ka i Andalusien: 7 vackraste resm\u00e5l! (+ v\u00e5ra bilder)","isPartOf":{"@id":"https:\/\/andalucialovers.com\/sv\/#website"},"primaryImageOfPage":{"@id":"https:\/\/andalucialovers.com\/sv\/vart-aka-andalusien-basta-resmal\/#primaryimage"},"image":{"@id":"https:\/\/andalucialovers.com\/sv\/vart-aka-andalusien-basta-resmal\/#primaryimage"},"thumbnailUrl":"https:\/\/andalucialovers.com\/wp-content\/uploads\/2026\/08\/vart-aka-andalusien-resmal.jpg","datePublished":"2026-08-30T08:06:09+00:00","dateModified":"2026-08-30T08:41:36+00:00","description":"Vart ska man resa i Andalusien: uppt\u00e4ck v\u00e5rt urval av de 7 vackraste resm\u00e5len, med v\u00e5ra tips och bilder.","breadcrumb":{"@id":"https:\/\/andalucialovers.com\/sv\/vart-aka-andalusien-basta-resmal\/#breadcrumb"},"inLanguage":"sv-SE","potentialAction":[{"@type":"ReadAction","target":["https:\/\/andalucialovers.com\/sv\/vart-aka-andalusien-basta-resmal\/"]}]},{"@type":"ImageObject","inLanguage":"sv-SE","@id":"https:\/\/andalucialovers.com\/sv\/vart-aka-andalusien-basta-resmal\/#primaryimage","url":"https:\/\/andalucialovers.com\/wp-content\/uploads\/2026\/08\/vart-aka-andalusien-resmal.jpg","contentUrl":"https:\/\/andalucialovers.com\/wp-content\/uploads\/2026\/08\/vart-aka-andalusien-resmal.jpg","width":800,"height":600,"caption":"vart aka andalusien resmal"},{"@type":"BreadcrumbList","@id":"https:\/\/andalucialovers.com\/sv\/vart-aka-andalusien-basta-resmal\/#breadcrumb","itemListElement":[{"@type":"ListItem","position":1,"name":"Hem","item":"https:\/\/andalucialovers.com\/sv\/"},{"@type":"ListItem","position":2,"name":"Sev\u00e4rdheter i Andalusien","item":"https:\/\/andalucialovers.com\/sv\/sevardheter-i-andalusien\/"},{"@type":"ListItem","position":3,"name":"Vart man ska \u00e5ka i Andalusien: 7 vackraste resm\u00e5l! (+ v\u00e5ra bilder)"}]},{"@type":"WebSite","@id":"https:\/\/andalucialovers.com\/sv\/#website","url":"https:\/\/andalucialovers.com\/sv\/","name":"Andalucia Lovers","description":"Le blog de Claire et Manu","publisher":{"@id":"https:\/\/andalucialovers.com\/sv\/#organization"},"potentialAction":[{"@type":"SearchAction","target":{"@type":"EntryPoint","urlTemplate":"https:\/\/andalucialovers.com\/sv\/?s={search_term_string}"},"query-input":{"@type":"PropertyValueSpecification","valueRequired":true,"valueName":"search_term_string"}}],"inLanguage":"sv-SE"},{"@type":"Organization","@id":"https:\/\/andalucialovers.com\/sv\/#organization","name":"Andalucia Lovers","url":"https:\/\/andalucialovers.com\/sv\/","logo":{"@type":"ImageObject","inLanguage":"sv-SE","@id":"https:\/\/andalucialovers.com\/sv\/#\/schema\/logo\/image\/","url":"https:\/\/andalucialovers.com\/wp-content\/uploads\/2024\/05\/cropped-Andalucia-Lovers-Logo.png","contentUrl":"https:\/\/andalucialovers.com\/wp-content\/uploads\/2024\/05\/cropped-Andalucia-Lovers-Logo.png","width":2804,"height":481,"caption":"Andalucia Lovers"},"image":{"@id":"https:\/\/andalucialovers.com\/sv\/#\/schema\/logo\/image\/"}},{"@type":"Person","@id":"https:\/\/andalucialovers.com\/sv\/#\/schema\/person\/2a1e86bd15a1161333ebe667950c2cea","name":"Claire","image":{"@type":"ImageObject","inLanguage":"sv-SE","@id":"https:\/\/secure.gravatar.com\/avatar\/e3566233826c32de8d7c9ef726a1087654b12cadb092acc17ee1d357687192ff?s=96&d=mm&r=g","url":"https:\/\/secure.gravatar.com\/avatar\/e3566233826c32de8d7c9ef726a1087654b12cadb092acc17ee1d357687192ff?s=96&d=mm&r=g","contentUrl":"https:\/\/secure.gravatar.com\/avatar\/e3566233826c32de8d7c9ef726a1087654b12cadb092acc17ee1d357687192ff?s=96&d=mm&r=g","caption":"Claire"},"sameAs":["https:\/\/andalucialovers.com\/claire-robinson\/"],"url":"https:\/\/andalucialovers.com\/sv\/author\/andalucialover\/"}]}},"featured_image_src":"https:\/\/andalucialovers.com\/wp-content\/uploads\/2026\/08\/vart-aka-andalusien-resmal-600x400.jpg","featured_image_src_square":"https:\/\/andalucialovers.com\/wp-content\/uploads\/2026\/08\/vart-aka-andalusien-resmal-600x600.jpg","author_info":{"display_name":"Claire","author_link":"https:\/\/andalucialovers.com\/sv\/author\/andalucialover\/"},"_links":{"self":[{"href":"https:\/\/andalucialovers.com\/sv\/wp-json\/wp\/v2\/posts\/9286","targetHints":{"allow":["GET"]}}],"collection":[{"href":"https:\/\/andalucialovers.com\/sv\/wp-json\/wp\/v2\/posts"}],"about":[{"href":"https:\/\/andalucialovers.com\/sv\/wp-json\/wp\/v2\/types\/post"}],"author":[{"embeddable":true,"href":"https:\/\/andalucialovers.com\/sv\/wp-json\/wp\/v2\/users\/1"}],"replies":[{"embeddable":true,"href":"https:\/\/andalucialovers.com\/sv\/wp-json\/wp\/v2\/comments?post=9286"}],"version-history":[{"count":2,"href":"https:\/\/andalucialovers.com\/sv\/wp-json\/wp\/v2\/posts\/9286\/revisions"}],"predecessor-version":[{"id":9309,"href":"https:\/\/andalucialovers.com\/sv\/wp-json\/wp\/v2\/posts\/9286\/revisions\/9309"}],"wp:featuredmedia":[{"embeddable":true,"href":"https:\/\/andalucialovers.com\/sv\/wp-json\/wp\/v2\/media\/9275"}],"wp:attachment":[{"href":"https:\/\/andalucialovers.com\/sv\/wp-json\/wp\/v2\/media?parent=9286"}],"wp:term":[{"taxonomy":"category","embeddable":true,"href":"https:\/\/andalucialovers.com\/sv\/wp-json\/wp\/v2\/categories?post=9286"},{"taxonomy":"post_tag","embeddable":true,"href":"https:\/\/andalucialovers.com\/sv\/wp-json\/wp\/v2\/tags?post=9286"}],"curies":[{"name":"wp","href":"https:\/\/api.w.org\/{rel}","templated":true}]}}