{"id":9393,"date":"2026-09-01T14:23:53","date_gmt":"2026-09-01T12:23:53","guid":{"rendered":"https:\/\/andalucialovers.com\/grottan-nerja-andalusien\/"},"modified":"2026-09-01T14:47:48","modified_gmt":"2026-09-01T12:47:48","slug":"grottan-nerja-andalusien","status":"publish","type":"post","link":"https:\/\/andalucialovers.com\/sv\/grottan-nerja-andalusien\/","title":{"rendered":"Nerja-grottan (Costa del Sol): bes\u00f6k + bilder"},"content":{"rendered":"\n<p class=\"wp-block-paragraph\"><strong>Nerja-grottan<\/strong> ligger n\u00e4ra <strong>Nerja<\/strong> och <strong>Maro<\/strong>, vid den ber\u00f6mda <strong>Costa del Sol<\/strong> i Andalusien. Detta vidstr\u00e4ckta underjordiska n\u00e4tverk fascinerar med sina imponerande karstformationer, s\u00e5som stalaktiter och stalagmiter, som skapar ett unikt naturlandskap. Platsen \u00e4r ocks\u00e5 k\u00e4nd f\u00f6r sina f\u00f6rhistoriska h\u00e4llm\u00e5lningar, som utg\u00f6r v\u00e4rdefulla vittnesm\u00e5l om regionens f\u00f6rsta inv\u00e5nare.<\/p>\n\n<figure class=\"wp-block-image size-full\"><img decoding=\"async\" src=\"https:\/\/andalucialovers.com\/wp-content\/uploads\/2026\/09\/grotta-nerja-andalusien.jpg\" alt=\"grottan Nerja, Andalusien\" class=\"wp-image-9375\"\/><\/figure>\n\n<p class=\"wp-block-paragraph\">I den h\u00e4r artikeln hittar du v\u00e5ra <strong>praktiska tips i bildform<\/strong> f\u00f6r att planera ditt bes\u00f6k p\u00e5 b\u00e4sta s\u00e4tt och f\u00e5 ut det mesta av denna upplevelse i hj\u00e4rtat av en fascinerande underjordisk v\u00e4rld.<\/p>\n\n<h2 class=\"wp-block-heading\">Varf\u00f6r bes\u00f6ka Nerja-grottan?<\/h2>\n\n<h3 class=\"wp-block-heading\">\u00c4r Nerja-grottan v\u00e4rd ett bes\u00f6k? V\u00e5r \u00e5sikt:<\/h3>\n\n<p class=\"wp-block-paragraph\">Ja, <strong>Nerja-grottan<\/strong> \u00e4r v\u00e4l v\u00e4rd ett bes\u00f6k tack vare den unika upplevelsen av att f\u00e5 uppleva en fascinerande underjordisk v\u00e4rld. H\u00e4r f\u00e5r ni uppleva en rundtur d\u00e4r geologiska formationer, s\u00e5som den naturliga kolonnen i <strong>\u201dSalle<\/strong> du <strong>Cataclysme\u201d,<\/strong> fascinerar med sin storhet och s\u00e4llsynthet. Denna plats f\u00f6renar vetenskapligt intresse med natursk\u00f6nhet och erbjuder en upplevelse som \u00e4r b\u00e5de l\u00e4rorik och sanslig. Det \u00e4r en av de <a href=\"https:\/\/andalucialovers.com\/sv\/sevardheter-nerja-att-gora\/\" data-type=\"post\" data-id=\"5831\" target=\"_blank\" rel=\"noreferrer noopener\">b\u00e4sta sev\u00e4rdheterna i Nerja<\/a>.<\/p>\n\n<figure class=\"wp-block-image size-large\"><img loading=\"lazy\" decoding=\"async\" src=\"https:\/\/photos.smugmug.com\/Travel\/Andalucia\/12a-Nerja-Aqueduct-Cave\/i-2wNMVQQ\/2\/LHtjDtR8F5tdcsDPtz4pQk7LhDGjXnxpG5VM5pS5S\/L\/cave_Nerja_Andalucia_Spain-6878-L.jpg\" alt=\"\"\/><\/figure>\n\n<p class=\"wp-block-paragraph\">Vi uppskattade s\u00e4rskilt den omsorgsfulla belysningen som framh\u00e4ver de tusen\u00e5riga stalaktiterna och stalagmiterna. Denna atmosf\u00e4r skapar en spektakul\u00e4r milj\u00f6 som inbjuder till eftertanke och uppt\u00e4ckter.  <br\/><a href=\"https:\/\/www.getyourguide.com\/grottes-de-nerja-l167930\/?partner_id=R3GYW4V&amp;cmp=andalucia\" target=\"_blank\" rel=\"noreferrer noopener sponsored nofollow\">Spara tid och k\u00f6p din biljett<\/a>.<\/p>\n\n<figure class=\"wp-block-image size-large\"><img loading=\"lazy\" decoding=\"async\" src=\"https:\/\/photos.smugmug.com\/Travel\/Andalucia\/12a-Nerja-Aqueduct-Cave\/i-CJkG7PF\/2\/MDwh4zj7b54XCCnjKw2bPVLqsvMDqQVd7n7V7QJnw\/L\/cave_Nerja_Andalucia_Spain-6896-L.jpg\" alt=\"diskb&#xE4;nk med pelare\"\/><\/figure>\n\n<h3 class=\"wp-block-heading\">Varf\u00f6r \u00e4r Nerja-grottan k\u00e4nd?<\/h3>\n\n<p class=\"wp-block-paragraph\"><strong>Nerja-grottan<\/strong> \u00e4r k\u00e4nd f\u00f6r sina imponerande geologiska formationer, s\u00e4rskilt sina stalaktiter och stalagmiter av anm\u00e4rkningsv\u00e4rda dimensioner. Denna underjordiska plats rymmer \u00e4ven f\u00f6rhistoriska h\u00e4llm\u00e5lningar, som vittnar om tidigare m\u00e4nsklig bos\u00e4ttning i omr\u00e5det. Grottan, som \u00e4r klassad som <strong>ett<\/strong> <strong>historiskt<\/strong> och konstn\u00e4rligt <strong>monument<\/strong>, utm\u00e4rker sig genom sin \u00e5lder och sitt arkeologiska v\u00e4rde, vilket g\u00f6r den till en av de viktigaste sev\u00e4rdheterna p\u00e5 Costa del Sol.<\/p>\n<div class=\"wp-block-image\">\n<figure class=\"aligncenter size-large\"><img loading=\"lazy\" decoding=\"async\" src=\"https:\/\/photos.smugmug.com\/Travel\/Andalucia\/12a-Nerja-Aqueduct-Cave\/i-F7pqKQB\/2\/LFpRSHsLVP2DtdPs56CBVcKBvWVV4vcpPFNcb7B9z\/L\/cave_Nerja_Andalucia_Spain-6908-L.jpg\" alt=\"Kolumn\"\/><\/figure>\n<\/div>\n<h3 class=\"wp-block-heading\">V\u00e5ra favorit\u00f6gonblick<\/h3>\n\n<ul class=\"wp-block-list\">\n<li>Ljusspelen framh\u00e4ver stalaktiternas och stalagmiternas graci\u00f6sa former och skapar en n\u00e4stan magisk st\u00e4mning.<\/li>\n\n\n\n<li>Uppt\u00e4ckten av de stora salarna, s\u00e4rskilt den d\u00e4r den naturliga pelaren imponerar med sin storlek och sin uppenbara stabilitet.<\/li>\n\n\n\n<li>Utsikten fr\u00e5n restaurangen \u00f6ver de vita husen i Maro och havet<\/li>\n\n\n\n<li><a href=\"https:\/\/www.getyourguide.com\/grottes-de-nerja-l167930\/?partner_id=R3GYW4V&amp;cmp=andalucia\" target=\"_blank\" rel=\"noreferrer noopener sponsored nofollow\">Spara tid och k\u00f6p din biljett<\/a>.<\/li>\n<\/ul>\n\n<figure class=\"wp-block-image size-large\"><img loading=\"lazy\" decoding=\"async\" src=\"https:\/\/photos.smugmug.com\/Travel\/Andalucia\/12a-Nerja-Aqueduct-Cave\/i-RZCT7ch\/2\/LRQ4LHFNhqLtMPfCgzhXCP7K4cHdd26HHx9MxnWnS\/L\/cave_Nerja_Andalucia_Spain-6930-L.jpg\" alt=\"Utsikt fr&#xE5;n restaurangen\"\/><\/figure>\n\n<div class=\"wp-block-genesis-blocks-gb-container box gb-block-container\" style=\"background-color:#f6dfe6;margin-top:8%;margin-bottom:8%\"><div class=\"gb-container-inside\"><div class=\"gb-container-content\" style=\"max-width:700px\">\n<div class=\"wp-block-genesis-blocks-gb-container box_titre gb-block-container\"><div class=\"gb-container-inside\"><div class=\"gb-container-content\">\n<h5 class=\"titre_box\" style=\"padding-top:10px;\">VAR KAN MAN BO I <span class=\"titre_box_manuscrit\">M\u00e1laga<\/span><\/h5>\n<\/div><\/div><\/div>\n\n\n\n<hr class=\"wp-block-separator has-text-color has-alpha-channel-opacity has-background is-style-wide hr-box-planif\" style=\"background-color:#ccd3dd;color:#ccd3dd\"\/>\n\n\n\n<div class=\"wp-block-columns box_sans_border has-background is-layout-flex wp-container-core-columns-is-layout-8f761849 wp-block-columns-is-layout-flex\" style=\"background-color:#f6dfe6\">\n<div class=\"wp-block-column texte_planif is-layout-flow wp-block-column-is-layout-flow\" style=\"font-size:14px;flex-basis:60%\">\n<p class=\"option_titre2 wp-block-paragraph\">V\u00e5ra favoriter: stadsdelar och hotell<\/p>\n\n\n\n<p class=\"wp-block-paragraph\" style=\"font-size:16px\">I den historiska stadsk\u00e4rnan<br\/><strong>Hotel Palacio Solecio<\/strong> &#8211; <a href=\"https:\/\/www.booking.com\/hotel\/es\/palacio-solecio.html?aid=2420173\" target=\"_blank\" rel=\"noreferrer noopener sponsored nofollow\">se bilder och tillg\u00e4nglighet<\/a><\/p>\n\n\n\n<p class=\"wp-block-paragraph\" style=\"font-size:16px\">N\u00e4ra havet, Playa de la Magualeta<br\/><strong>Gran Hotel Miramar<\/strong> &#8211; <a href=\"https:\/\/www.booking.com\/hotel\/es\/gran-miramar.html?aid=2420173\" target=\"_blank\" rel=\"noreferrer noopener sponsored nofollow\">se bilder och tillg\u00e4nglighet<\/a><\/p>\n\n\n\n<p class=\"wp-block-paragraph\" style=\"font-size:16px\">I stadsdelen Soho<br\/><strong>Hotel Only You Malaga<\/strong> &#8211; <a href=\"https:\/\/www.booking.com\/hotel\/es\/only-you-malaga.html?aid=2420173\" target=\"_blank\" rel=\"noreferrer noopener sponsored nofollow\">se bilder och tillg\u00e4nglighet<\/a><\/p>\n<\/div>\n\n\n\n<div class=\"wp-block-column is-vertically-aligned-top planif-radius is-layout-flow wp-block-column-is-layout-flow\" style=\"flex-basis:40%\">\n<figure class=\"wp-block-image size-large img-portrait\"><img loading=\"lazy\" decoding=\"async\" src=\"https:\/\/photos.smugmug.com\/Andalucia-Lovers\/Malaga\/Hotels\/Palacio-Solecio\/i-NLBVx9N\/0\/M6LL4gTQ4rhdFswQSKDJFZSxZtdKNwLcVCJXchKnK\/S\/hotel-palacio-solecio-malaga-spain-5-S.jpg\" alt=\"Hotell Palacio Solecio\" title=\"\"\/><\/figure>\n<\/div>\n<\/div>\n\n\n\n<p class=\"has-text-align-center has-normal-font-size wp-block-paragraph\"><a href=\"https:\/\/andalucialovers.com\/sv\/var-kan-bo-malaga-basta-hotellen-stadsdelarna\/\" target=\"_blank\" rel=\"noreferrer noopener\">Se v\u00e5rt kompletta urval av de b\u00e4sta hotellen i Malaga<\/a><\/p>\n\n\n\n<div class=\"wp-block-buttons planif_bouton is-content-justification-center is-layout-flex wp-container-core-buttons-is-layout-fe48e5de wp-block-buttons-is-layout-flex\">\n<div class=\"wp-block-button\"><a class=\"wp-block-button__link has-white-color has-text-color has-custom-font-size wp-element-button\" href=\"https:\/\/www.booking.com\/searchresults.html?city=-390787&amp;nflt=review_score%253D90%253Breview_score%253D80&amp;aid=2420173&amp;no_rooms=1&amp;group_adults=2\" style=\"border-radius:4px;font-size:14px\" target=\"_blank\" rel=\"noreferrer noopener nofollow\">Se alla tillg\u00e4ngliga boenden &gt;&gt;<\/a><\/div>\n<\/div>\n<\/div><\/div><\/div>\n\n<h2 class=\"wp-block-heading\">V\u00e4gbeskrivning: Nerja-grottan, Costa del Sol<\/h2>\n\n<h3 class=\"wp-block-heading\">Var ligger Nerja-grottan?<\/h3>\n\n<ul class=\"wp-block-list\">\n<li>I n\u00e4rheten av byarna Nerja och Maro<\/li>\n\n\n\n<li>P\u00e5 Costa del Sol, i provinsen M\u00e1laga<\/li>\n\n\n\n<li>Fr\u00e5n Nerjas centrum = 6 minuters bilresa<\/li>\n\n\n\n<li>Fr\u00e5n <a href=\"https:\/\/andalucialovers.com\/sv\/sevardheter-malaga-att-gora\/\" data-type=\"post\" data-id=\"1609\" target=\"_blank\" rel=\"noreferrer noopener\">M\u00e1laga<\/a> = 45 minuters bilresa<\/li>\n\n\n\n<li>H\u00e4r \u00e4r en karta som hj\u00e4lper dig att orientera dig, med Nerja vid kusten \u00f6ster om M\u00e1laga.<br\/>Grottan ligger \u00f6ster om staden:<\/li>\n<\/ul>\n\n<figure class=\"wp-block-image size-large\"><img loading=\"lazy\" decoding=\"async\" src=\"https:\/\/andalucialovers.com\/wp-content\/uploads\/2024\/08\/karta-Basta-staderna-i-Andalusien-1024x683.png\" alt=\"karta b&#xE4;sta st&#xE4;derna andalusien\" class=\"wp-image-1794\"\/><figcaption class=\"wp-element-caption\">Karta \u00f6ver staden Nerja i Andalusien<\/figcaption><\/figure>\n\n<h3 class=\"wp-block-heading\">Hur kommer jag dit?<\/h3>\n\n<ul class=\"wp-block-list\">\n<li><strong>Med bil:<\/strong> direkt tillfart via en v\u00e4l underh\u00e5llen v\u00e4g utan s\u00e4rskilda sv\u00e5righeter \u2013 motorv\u00e4g A-7, avfart 295 (Nerja\/Maro)<\/li>\n\n\n\n<li><strong>Med buss:<\/strong> ALSA-linjen M\u00e1laga\u2013Nerja, sedan lokalbuss till grottan.<\/li>\n\n\n\n<li><strong>Turistt\u00e5g:<\/strong> <a href=\"https:\/\/cuevadenerja.es\/tren-a-la-cueva-de-nerja\/\" target=\"_blank\" rel=\"noreferrer noopener nofollow\">Cueva-Tren<\/a> f\u00f6rbinder Nerjas centrum med grottan, vilket \u00e4r praktiskt om man vill slippa ta bilen.<\/li>\n<\/ul>\n\n<figure class=\"wp-block-image size-large\"><img loading=\"lazy\" decoding=\"async\" src=\"https:\/\/photos.smugmug.com\/Travel\/Andalucia\/12a-Nerja-Aqueduct-Cave\/i-s8BH7gW\/2\/Ls5FL4QmB7gFn73HNhrfsg4gGQX9WL4nk2ZQwnnZx\/L\/cave_Nerja_Andalucia_Spain-6859-L.jpg\" alt=\"V&#xE4;gbeskrivning till Cueva de Nerja\"\/><\/figure>\n\n<h3 class=\"wp-block-heading\">Parkeringsplats<\/h3>\n\n<p class=\"wp-block-paragraph\">Det finns en avgiftsbelagd parkering p\u00e5 plats f\u00f6r bes\u00f6kare.<br\/>Den \u00e4r ganska stor och det \u00e4r l\u00e4tt att parkera d\u00e4r.<\/p>\n\n<figure class=\"wp-block-image size-large\"><img loading=\"lazy\" decoding=\"async\" src=\"https:\/\/photos.smugmug.com\/Travel\/Andalucia\/12a-Nerja-Aqueduct-Cave\/i-nN5xBz8\/2\/MhTkFjJM5cnWCkvvP3qr8p5FkWQQSqf5Pz5SfNwqF\/L\/cave_Nerja_Andalucia_Spain-6860-L.jpg\" alt=\"Parkering  \"\/><\/figure>\n\n<div class=\"wp-block-genesis-blocks-gb-container box gb-block-container\" style=\"background-color:#f6dfe6;margin-top:8%;margin-bottom:8%\"><div class=\"gb-container-inside\"><div class=\"gb-container-content\">\n<div class=\"wp-block-columns inverse box_planif is-layout-flex wp-container-core-columns-is-layout-8f761849 wp-block-columns-is-layout-flex\">\n<div class=\"wp-block-column texte_planif is-layout-flow wp-block-column-is-layout-flow\" style=\"flex-basis:58%\">\n<h5 class=\"titre_box\"> HYR DIN BIL I <span class=\"titre_box_manuscrit\">\nAndalusia<\/span><\/h5>\n\n\n\n<ul style=\"font-size:14px\" class=\"wp-block-list liste_voiture\">\n<li>J\u00e4mf\u00f6r priser p\u00e5 v\u00e5r f\u00f6redragna plattform: <a href=\"https:\/\/www.discovercars.com\/se\/spain?a_aid=zigzag&amp;chan=andalucia\" target=\"_blank\" rel=\"noreferrer noopener sponsored nofollow\">DiscoverCars<\/a> &#8211; en av de b\u00e4st rankade webbplatserna.<\/li>\n\n\n\n<li>V\u00e4lj en <strong>kompakt bil<\/strong>, eftersom vissa byar har mycket smala gator!<\/li>\n\n\n\n<li>T\u00e4nk p\u00e5<strong>omfattande f\u00f6rs\u00e4kring<\/strong> av samma anledning<\/li>\n\n\n\n<li><strong>Boka tidigt<\/strong> f\u00f6r b\u00e4sta val.<\/li>\n<\/ul>\n<\/div>\n\n\n\n<div class=\"wp-block-column planif-radius-3 is-layout-flow wp-block-column-is-layout-flow\" style=\"flex-basis:42%\">\n<figure class=\"wp-block-image size-large is-resized\"><img loading=\"lazy\" decoding=\"async\" src=\"https:\/\/photos.smugmug.com\/Travel\/Andalucia\/Driving\/i-tqxqm2M\/1\/DBVq6wpqQpTv8CpSvmFGgfKbDdqGMK9zqdcc59cGs\/S\/Driving_Andalucia_Spain-8407-S.jpg\" alt=\"bilar p&#xE5; Sicilien\" title=\"\"\/><\/figure>\n<\/div>\n<\/div>\n\n\n\n<div class=\"wp-block-columns planif_bouton is-layout-flex wp-container-core-columns-is-layout-8f761849 wp-block-columns-is-layout-flex\">\n<div class=\"wp-block-column is-layout-flow wp-block-column-is-layout-flow\" style=\"flex-basis:50%\">\n<div class=\"wp-block-buttons is-content-justification-center is-layout-flex wp-container-core-buttons-is-layout-fe48e5de wp-block-buttons-is-layout-flex\">\n<div class=\"wp-block-button\"><a class=\"wp-block-button__link has-white-color has-text-color has-custom-font-size wp-element-button\" href=\"https:\/\/www.discovercars.com\/fr\/spain?a_aid=zigzag&amp;chan=andalucia\" style=\"border-radius:4px;font-size:18px\" target=\"_blank\" rel=\"noreferrer noopener nofollow\">Se bilarna &gt;<\/a><\/div>\n<\/div>\n<\/div>\n\n\n\n<div class=\"wp-block-column is-vertically-aligned-center is-layout-flow wp-block-column-is-layout-flow\" style=\"flex-basis:50%\">\n<p class=\"has-text-align-center has-normal-font-size wp-block-paragraph\"><strong><a href=\"https:\/\/andalucialovers.com\/sv\/hur-hyr-bil-andalusien-tips-erfarenhet\/\" type=\"post\" id=\"2438\" target=\"_blank\" rel=\"noreferrer noopener\">Se alla v\u00e5ra r\u00e5d<\/a><\/strong><\/p>\n<\/div>\n<\/div>\n<\/div><\/div><\/div>\n\n<h2 class=\"wp-block-heading\">Anv\u00e4ndbara tips: varaktighet, tidtabeller, \u00e4ta&#8230;<\/h2>\n\n<h3 class=\"wp-block-heading\">Bes\u00f6ksl\u00e4ngd och huvudsakliga sv\u00e5righeter<\/h3>\n\n<p class=\"wp-block-paragraph\">Rundvandringen i Nerja-grottan str\u00e4cker sig \u00f6ver cirka <strong>500 meter<\/strong> och tar vanligtvis mellan <strong>45 minuter och 1 timme<\/strong>. Ni kommer att passera flera huvudrum som \u00e4r utrustade med g\u00e5ngbroar och l\u00e4mplig belysning.<\/p>\n\n<p class=\"wp-block-paragraph\">Rundvandringen innefattar dock trappor och trappsteg p\u00e5 flera st\u00e4llen, vilket kan f\u00f6rsv\u00e5ra tillg\u00e4ngligheten f\u00f6r personer med nedsatt r\u00f6rlighet. Innetemperaturen h\u00e5lls konstant p\u00e5 cirka <strong>19\u201321 \u00b0C<\/strong> med h\u00f6g luftfuktighet, vilket b\u00f6r beaktas f\u00f6r din bekv\u00e4mlighet.<\/p>\n\n<figure class=\"wp-block-image size-large\"><img loading=\"lazy\" decoding=\"async\" src=\"https:\/\/photos.smugmug.com\/Travel\/Andalucia\/12a-Nerja-Aqueduct-Cave\/i-Zsj8p6R\/2\/Ksxn6dDKzwwMxZsKLhnQ7JSk8QCk9djxwNw4B49hQ\/L\/cave_Nerja_Andalucia_Spain-6888-L.jpg\" alt=\"Trappa i grottan\"\/><\/figure>\n\n<h3 class=\"wp-block-heading\">Bes\u00f6k med barn<\/h3>\n\n<p class=\"wp-block-paragraph\">Vi har inte hittat n\u00e5gra aktiviteter riktade till barn i <strong>Nerja<\/strong> <strong>-grottan<\/strong> <strong>,<\/strong> s\u00e5som ett <strong>spelh\u00e4fte<\/strong> eller en audioguide f\u00f6r barn. Geologiska formationer och f\u00f6rhistoriska h\u00e4llm\u00e5lningar kan dock v\u00e4cka nyfikenhet hos barn, under uppsikt av vuxna. Den underjordiska milj\u00f6n, med passande belysning, erbjuder en originell inramning f\u00f6r en utflykt med hela familjen.<\/p>\n\n<h3 class=\"wp-block-heading\">\u00d6ppettider och priser<\/h3>\n\n<ul class=\"wp-block-list\">\n<li><strong>\u00d6ppettider f\u00f6r hotell:<\/strong><br\/>P\u00e5 sommaren: kl. 09.15\u201317.30 (sista insl\u00e4pp kl. 16.30)<br\/>Resten av \u00e5ret: kl. 9.15\u201316.30 (sista insl\u00e4pp kl. 15.30)<\/li>\n\n\n\n<li>Biljetterna s\u00e4ljs med <strong>angivna tidsintervall<\/strong> f\u00f6r att garantera ett bekv\u00e4mt och v\u00e4lorganiserat bes\u00f6k.<\/li>\n\n\n\n<li><strong>St\u00e4ngt:<\/strong> 1 januari, 6 januari, 15 maj, 25 december<\/li>\n\n\n\n<li><strong>Pris f\u00f6r vuxna:<\/strong> 18 \u20ac<\/li>\n\n\n\n<li><strong>Rabatterat pris:<\/strong><br\/>Senior: 15 \u20ac<br\/>Ton\u00e5ring i \u00e5ldern 12 eller 13 \u00e5r: 14 \u20ac<br\/>Barn mellan 6 och 11 \u00e5r: 13 \u20ac<br\/>Minibiljett f\u00f6r barn mellan 3 och 5 \u00e5r: 6 \u20ac<\/li>\n\n\n\n<li><strong>Gratis:<\/strong> Gratis f\u00f6r barn upp till 2 \u00e5r.<\/li>\n\n\n\n<li><strong>Telefon:<\/strong> +34 952 529 520<\/li>\n\n\n\n<li>Se de senaste nyheterna p\u00e5 den officiella webbplatsen <a href=\"https:\/\/www.cuevadenerja.es\/\" target=\"_blank\" rel=\"nofollow noopener\">h\u00e4r<\/a>.<\/li>\n\n\n\n<li><a href=\"https:\/\/www.getyourguide.com\/grottes-de-nerja-l167930\/?partner_id=R3GYW4V&amp;cmp=andalucia\" target=\"_blank\" rel=\"noreferrer noopener sponsored nofollow\">Spara tid och k\u00f6p din biljett<\/a>.<\/li>\n<\/ul>\n\n<h3 class=\"wp-block-heading\">Restaurangverksamhet och \u00f6vriga tj\u00e4nster<\/h3>\n\n<p class=\"wp-block-paragraph\">Det finns en restaurang med terrass och panoramautsikt p\u00e5 plats.<br\/>Det finns ocks\u00e5 en lekplats f\u00f6r barnen, en picknickplats och promenadv\u00e4gar i naturen runt omkring.<\/p>\n\n<figure class=\"wp-block-image size-large\"><img loading=\"lazy\" decoding=\"async\" src=\"https:\/\/photos.smugmug.com\/Travel\/Andalucia\/12a-Nerja-Aqueduct-Cave\/i-7VBfrsM\/2\/MGWWnhsJwCbSL5CvxNctb8wRDMPgKcBDdPS7gBMBp\/L\/cave_Nerja_Andalucia_Spain-6928-L.jpg\" alt=\"Restaurang n&#xE4;ra grottan\"\/><\/figure>\n\n<div class=\"wp-block-genesis-blocks-gb-container box gb-block-container\" style=\"background-color:#f6dfe6;margin-top:8%;margin-bottom:8%\"><div class=\"gb-container-inside\"><div class=\"gb-container-content\" style=\"max-width:700px\">\n<div class=\"wp-block-columns inverse is-layout-flex wp-container-core-columns-is-layout-8f761849 wp-block-columns-is-layout-flex\">\n<div class=\"wp-block-column texte_planif is-layout-flow wp-block-column-is-layout-flow\" style=\"flex-basis:58%\">\n<h5 class=\"titre_box\" style=\"padding-top:10px\">PLANERA DIN DR\u00d6MRESA TILL <span class=\"titre_box_manuscrit\">andalusien<\/span><\/h5>\n\n\n\n<div class=\"wp-block-genesis-blocks-gb-container gb-block-container\"><div class=\"gb-container-inside\"><div class=\"gb-container-content\">\n<p class=\"wp-block-paragraph\" style=\"font-size:14px\">All information du beh\u00f6ver f\u00f6r din resa:<\/p>\n<\/div><\/div><\/div>\n\n\n\n<div class=\"wp-block-genesis-blocks-gb-container gb-block-container\"><div class=\"gb-container-inside\"><div class=\"gb-container-content\"><\/div><\/div><\/div>\n\n\n\n<ul style=\"font-size:14px\" id=\"liste_discover\" class=\"wp-block-list\">\n<li>7 kartor som underl\u00e4ttar planeringen<\/li>\n\n\n\n<li>+ 150 p\u00e5 f\u00f6rhand utvalda m\u00f6tesplatser<\/li>\n\n\n\n<li>Praktiska r\u00e5d<\/li>\n\n\n\n<li>+ 300 bilder som hj\u00e4lper dig att v\u00e4lja<\/li>\n<\/ul>\n\n\n\n<div class=\"wp-block-buttons has-custom-font-size bouton_10 is-content-justification-center is-layout-flex wp-container-core-buttons-is-layout-f5f78b3b wp-block-buttons-is-layout-flex\" style=\"font-size:13px\">\n<div class=\"wp-block-button\"><a class=\"wp-block-button__link has-white-color has-text-color has-custom-font-size wp-element-button\" href=\"https:\/\/andalucialovers.com\/sv\/ebok-guide-road-trip-andalusien\/\" style=\"border-radius:4px;font-size:14px\" target=\"_blank\" rel=\"noreferrer noopener\">Uppt\u00e4ck<strong> <\/strong>&gt;&gt;<\/a><\/div>\n<\/div>\n<\/div>\n\n\n\n<div class=\"wp-block-column is-layout-flow wp-block-column-is-layout-flow\" style=\"flex-basis:42%\">\n<div class=\"wp-block-genesis-blocks-gb-container ebook-radius gb-block-container\"><div class=\"gb-container-inside\"><div class=\"gb-container-content\"><div class=\"wp-block-image ebook-image\">\n<figure class=\"aligncenter size-full is-resized\"><img loading=\"lazy\" decoding=\"async\" src=\"https:\/\/andalucialovers.com\/wp-content\/uploads\/2024\/06\/Road-trip-Guide-Andalucia-eBook-cover-5.jpg\" alt=\"Andalusien reseguide eBook Omslag\" class=\"wp-image-317\" style=\"width:203px;height:157px\"\/><\/figure>\n<\/div><\/div><\/div><\/div>\n<\/div>\n<\/div>\n<\/div><\/div><\/div>\n\n<h2 class=\"wp-block-heading\">Underjordiska salar som formats av vattnet<\/h2>\n\n<h3 class=\"wp-block-heading\">Stalaktiter, stalagmiter och mineralutbildningar<\/h3>\n\n<p class=\"wp-block-paragraph\">Mineralformationerna i Nerja-grottan \u00e4r resultatet av l\u00e5ngsamma och fascinerande naturliga processer. Regnvattnet, som inneh\u00e5ller koldioxid, sipprar genom kalkstenen i Sierra Almijara, d\u00e4r det l\u00f6ser upp mineralerna innan det avs\u00e4tter dem i form av konkretioner. S\u00e5 bildas <strong>stalaktiterna<\/strong>, som h\u00e4nger fr\u00e5n taket, och <strong>stalagmiterna<\/strong>, som v\u00e4xer upp ur marken, ibland s\u00e5 h\u00f6gt att de m\u00f6ts och bildar imponerande pelare.<\/p>\n\n<figure class=\"wp-block-image size-large\"><img loading=\"lazy\" decoding=\"async\" src=\"https:\/\/photos.smugmug.com\/Travel\/Andalucia\/12a-Nerja-Aqueduct-Cave\/i-Jsw54cH\/2\/MK8mnL5xQ8tKvR7wRr6Rdj2vcNzJC4smzj9xMLQ7V\/L\/cave_Nerja_Andalucia_Spain-6880-L.jpg\" alt=\"Cou&#xE9;le\"\/><\/figure>\n\n<p class=\"wp-block-paragraph\">F\u00f6rutom stalaktiter och stalagmiter uppvisar grottan en stor m\u00e5ngfald av karstbildningar, s\u00e5som <strong>stalagmitfl\u00f6den<\/strong>, banderoller och andra former med suggestiva namn som flaggor eller moln. Denna visuella m\u00e5ngfald speglar de lokala variationerna i vattenfl\u00f6det och de geologiska f\u00f6rh\u00e5llandena, vilket ger upphov till ett rikt och komplext natursk\u00e5despel att betrakta.<\/p>\n\n<figure class=\"wp-block-image size-large\"><img loading=\"lazy\" decoding=\"async\" src=\"https:\/\/photos.smugmug.com\/Travel\/Andalucia\/12a-Nerja-Aqueduct-Cave\/i-58cswzj\/2\/MdFKWffWQ59TLjpf9ML5fHSDsmhZJdn5CLMNB5Dqt\/L\/cave_Nerja_Andalucia_Spain-6887-L.jpg\" alt=\"Stalaktiter\"\/><\/figure>\n\n<p class=\"wp-block-paragraph\">N\u00e4r ni vandrar genom grottan kommer ni att l\u00e4ra er att urskilja dessa olika formationer och f\u00f6rst\u00e5 hur de v\u00e4xer fram \u2013 en process som str\u00e4cker sig \u00f6ver hundratusentals \u00e5r. Denna noggranna tolkning av konkreterna berikar bes\u00f6ket genom att belysa den geologiska dynamik som har format denna unika plats.<\/p>\n\n<figure class=\"wp-block-image size-large\"><img loading=\"lazy\" decoding=\"async\" src=\"https:\/\/photos.smugmug.com\/Travel\/Andalucia\/12a-Nerja-Aqueduct-Cave\/i-dMrRbs9\/2\/NTPtqCqCsHx3GDLrgH3C9Fv5fzJHXnPGBbbwwptQd\/L\/cave_Nerja_Andalucia_Spain-6891-L.jpg\" alt=\"Stalagmiter\"\/><\/figure>\n\n<h3 class=\"wp-block-heading\">De stora naturliga pelarna<\/h3>\n\n<p class=\"wp-block-paragraph\">Nerja-grottan utm\u00e4rker sig genom sina imponerande naturliga pelare, som verkligen utg\u00f6r st\u00f6dpelarna i de stora salarna. Bland dessa v\u00e4cker kolonnen i Kataklysmsalen s\u00e4rskilt uppm\u00e4rksamhet: den n\u00e5r en anm\u00e4rkningsv\u00e4rd h\u00f6jd p\u00e5 <strong>32 meter<\/strong> och har bildats genom sammanv\u00e4xningen av en <strong>stalaktit<\/strong> och en <strong>stalagmit<\/strong>. Denna formation anses vara v\u00e4rldens st\u00f6rsta naturliga pelare och ger en sl\u00e5ende inblick i geologiska processer som p\u00e5g\u00e5tt i tusentals \u00e5r.<br\/>J\u00e4mf\u00f6r med storleken p\u00e5 personerna p\u00e5 bilden nedan:<\/p>\n<div class=\"wp-block-image\">\n<figure class=\"aligncenter size-large\"><img loading=\"lazy\" decoding=\"async\" src=\"https:\/\/photos.smugmug.com\/Travel\/Andalucia\/12a-Nerja-Aqueduct-Cave\/i-htTk4KK\/2\/NR6gb7pbS79GSRHmkSKVCz4JkFXb5tTwstKm4qprd\/L\/cave_Nerja_Andalucia_Spain-6917-L.jpg\" alt=\"Kolumnstorlek\"\/><\/figure>\n<\/div>\n<p class=\"wp-block-paragraph\">Rundvandringen g\u00e5r genom flera stora salar d\u00e4r dessa pelare spelar en avg\u00f6rande roll f\u00f6r hur rummet upplevs. I <strong>Sp\u00f6ksalen,<\/strong> till exempel, framh\u00e4vs de imponerande volymerna av en genomt\u00e4nkt belysning som lyfter fram kalkformationernas struktur och storlek.  <\/p>\n\n<figure class=\"wp-block-image size-large\"><img loading=\"lazy\" decoding=\"async\" src=\"https:\/\/photos.smugmug.com\/Travel\/Andalucia\/12a-Nerja-Aqueduct-Cave\/i-LH8mTzc\/2\/MWf4gKw7HLwRwWCB75PXcfP34hjB4SfwdjM3DmwXn\/L\/cave_Nerja_Andalucia_Spain-6924-L.jpg\" alt=\"\"\/><\/figure>\n\n<p class=\"wp-block-paragraph\">Vi uppskattade s\u00e4rskilt hur dessa pelare strukturerar utrymmet och skapar tydliga visuella referenspunkter under hela rundvandringen. De fungerar ocks\u00e5 som vittnesb\u00f6rd om de l\u00e5nga perioderna av kalkavlagring och illustrerar platsens l\u00e5ngsamma utveckling. Ni kommer att m\u00e4rka att vissa pelare \u00e4r s\u00e5 m\u00e4ktiga att de verkar b\u00e4ra upp grottans valv, vilket f\u00f6rst\u00e4rker k\u00e4nslan av o\u00e4ndlighet och djup.<\/p>\n\n<div class=\"wp-block-genesis-blocks-gb-container box gb-block-container\" style=\"background-color:#f6dfe6;margin-top:8%;margin-bottom:8%\"><div class=\"gb-container-inside\"><div class=\"gb-container-content\">\n<div class=\"wp-block-columns inverse is-layout-flex wp-container-core-columns-is-layout-8f761849 wp-block-columns-is-layout-flex\">\n<div class=\"wp-block-column texte_planif is-layout-flow wp-block-column-is-layout-flow\" style=\"flex-basis:58%\">\n<h5 class=\"titre_box\" style=\"padding-top:10px\">FUN i Andalusien: <span class=\"titre_box_manuscrit\">aktiviteter<\/span><\/h5>\n\n\n\n<ul class=\"wp-block-list\">\n<li><a href=\"https:\/\/www.getyourguide.se\/seville-l48\/seville-3-heures-de-cours-de-cuisine-espagnole-avec-diner-t69843\/?partner_id=R3GYW4V&amp;cmp=andalucia\" target=\"_blank\" rel=\"noreferrer noopener sponsored nofollow\">Matlagningskurs<\/a> i Sevilla<\/li>\n\n\n\n<li><a href=\"https:\/\/www.getyourguide.se\/benahavis-l101793\/benahavis-randonnee-et-canyoning-dans-la-campagne-de-marbella-t464993\/?partner_id=R3GYW4V&amp;cmp=andalucia\" target=\"_blank\" rel=\"noreferrer noopener sponsored nofollow\">Canyoning<\/a> fr\u00e5n Costa del Sol<\/li>\n\n\n\n<li><a href=\"https:\/\/www.getyourguide.se\/el-chorro-l143817\/caminito-del-rey-visite-guidee-avec-guides-officiels-et-entree-t569659\/?partner_id=R3GYW4V&amp;cmp=andalucia\" target=\"_blank\" rel=\"noreferrer noopener sponsored nofollow\">Guidad vandring p\u00e5 Caminito del Rey<\/a><\/li>\n<\/ul>\n<\/div>\n\n\n\n<div class=\"wp-block-column ville-radius is-layout-flow wp-block-column-is-layout-flow\" style=\"flex-basis:42%\">\n<figure class=\"wp-block-image size-large img-portrait\"><img loading=\"lazy\" decoding=\"async\" src=\"https:\/\/photos.smugmug.com\/Andalucia-Lovers\/Caminito-del-Rey\/i-zbsmQsd\/0\/Kv5dSfwcXjdLF29KTb6kZHtFzHZ78gC39QrtHPTb6\/S\/caminitodelrey-bridge-S.jpg\" alt=\"Caminito del Rey\" title=\"\"\/><\/figure>\n<\/div>\n<\/div>\n<\/div><\/div><\/div>\n\n<h2 class=\"wp-block-heading\">En vandringsled med g\u00e5ngbroar och ljusinstallationer<\/h2>\n\n<h3 class=\"wp-block-heading\">St\u00e4mningen i de underjordiska gallerierna<\/h3>\n\n<p class=\"wp-block-paragraph\">Ett bes\u00f6k i Nerja-grottan k\u00e4nnetecknas av en <strong>konstant svalka<\/strong> och ett rogivande m\u00f6rker, vilket st\u00e5r i skarp kontrast till det starka ljuset ute p\u00e5 Costa del Sol. De geologiska formationerna framh\u00e4vs av en subtil belysning som lyfter fram stalaktiternas och stalagmiternas sk\u00f6ra sk\u00f6nhet och skapar en atmosf\u00e4r som \u00e4r b\u00e5de mystisk och fridfull.<\/p>\n\n<figure class=\"wp-block-image size-large\"><img loading=\"lazy\" decoding=\"async\" src=\"https:\/\/photos.smugmug.com\/Travel\/Andalucia\/12a-Nerja-Aqueduct-Cave\/i-rs2z38k\/2\/KRtVMz6N9GcHHcr8TPxqvHhStp5FqjxWxM6FD9s9R\/L\/cave_Nerja_Andalucia_Spain-6873-L.jpg\" alt=\"atmosf&#xE4;ren i den underjordiska gallerian\"\/><\/figure>\n\n<h3 class=\"wp-block-heading\">Broar och trappor l\u00e4ngs rundvandringsleden<\/h3>\n\n<p class=\"wp-block-paragraph\">Rundvandringen i Nerja-grottan str\u00e4cker sig \u00f6ver cirka <strong>500 meter<\/strong> och ger bes\u00f6karna m\u00f6jlighet att successivt utforska de olika underjordiska salarna. F\u00f6r att underl\u00e4tta framkomligheten har rundvandringsleden utrustats med <strong>g\u00e5ngbroar<\/strong> som str\u00e4cker sig \u00f6ver vissa naturomr\u00e5den, vilket g\u00f6r det m\u00f6jligt att bevara de geologiska formationerna samtidigt som man s\u00e4kerst\u00e4ller en tydlig vandringsv\u00e4g.<\/p>\n\n<figure class=\"wp-block-image size-large\"><img loading=\"lazy\" decoding=\"async\" src=\"https:\/\/photos.smugmug.com\/Travel\/Andalucia\/12a-Nerja-Aqueduct-Cave\/i-QQWzSTV\/2\/NjRTDHhxXwGJ9fc67n5NQsh2W86Qh3jhKx3sSgNtJ\/L\/cave_Nerja_Andalucia_Spain-6909-L.jpg\" alt=\"trappor och g&#xE5;ngbroar\"\/><\/figure>\n\n<p class=\"wp-block-paragraph\">L\u00e4ngs v\u00e4gen kommer ni ocks\u00e5 att st\u00f6ta p\u00e5 flera <strong>trappor<\/strong>. Dessa anpassningar g\u00f6r det m\u00f6jligt att ta sig mellan salarna trots h\u00f6jdskillnaderna, men inneb\u00e4r att bes\u00f6ket kr\u00e4ver en viss r\u00f6rlighet. Vi rekommenderar d\u00e4rf\u00f6r att du b\u00e4r <strong>bekv\u00e4ma skor<\/strong> som \u00e4r l\u00e4mpliga f\u00f6r promenader och f\u00f6r att g\u00e5 i trappor.<\/p>\n\n<h3 class=\"wp-block-heading\">Ljudguider och upplevelser i virtuell verklighet<\/h3>\n\n<p class=\"wp-block-paragraph\">I Nerja-grottan ing\u00e5r en <strong>flerspr\u00e5kig audioguide<\/strong> i biljettpriset, som berikar bes\u00f6ket genom att ge detaljerade f\u00f6rklaringar om den <strong>geologiska bildningen<\/strong>, uppt\u00e4cktens historia och de f\u00f6rhistoriska l\u00e4mningarna. Med hj\u00e4lp av detta verktyg kan man b\u00e4ttre f\u00f6rst\u00e5 de olika utvecklingsfaserna f\u00f6r webbplatsen och egenskaperna hos de bes\u00f6kta rummen. Antingen laddar du ner den till din telefon, eller s\u00e5 betalar du en liten summa f\u00f6r att f\u00e5 en Audi-terminal.<\/p>\n\n<figure class=\"wp-block-image size-large\"><img loading=\"lazy\" decoding=\"async\" src=\"https:\/\/photos.smugmug.com\/Travel\/Andalucia\/12a-Nerja-Aqueduct-Cave\/i-9w2Kx3z\/2\/LdLM3hnqz8Dz3Ckx3Pm576cTw2MJC3ZwDjsPfpjh6\/L\/cave_Nerja_Andalucia_Spain-6867-L.jpg\" alt=\"Ljudguide\"\/><\/figure>\n\n<p class=\"wp-block-paragraph\">Det finns \u00e4ven ett <strong>VR-rum<\/strong> p\u00e5 plats. Den erbjuder en uppslukande upplevelse som g\u00f6r det m\u00f6jligt att se delar av grottan som annars \u00e4r otillg\u00e4ngliga och att f\u00f6rst\u00e5 hur detta underjordiska n\u00e4tverk har utvecklats under flera \u00e5rtusenden. Denna teknik kompletterar bes\u00f6ket genom att erbjuda en innovativ och f\u00e4ngslande guidning.<\/p>\n\n<p class=\"wp-block-paragraph\">Utst\u00e4llningarna behandlar en rad olika \u00e4mnen, bland annat <strong>geologi<\/strong>, <strong>f\u00f6rhistoria<\/strong>, arkeologiska fynd och de f\u00f6rsta inv\u00e5narnas liv. Dessa pedagogiska inslag \u00e4r anpassade f\u00f6r alla m\u00e5lgrupper och bidrar till en b\u00e4ttre f\u00f6rst\u00e5else av platsen, ut\u00f6ver den rena iakttagelsen av naturens formationer.<\/p>\n\n<figure class=\"wp-block-image size-large\"><img loading=\"lazy\" decoding=\"async\" src=\"https:\/\/photos.smugmug.com\/Travel\/Andalucia\/12a-Nerja-Aqueduct-Cave\/i-ZBtmwwJ\/2\/L5GXPfjP8rpMNszBNWDH7njbMXTRKTbjwxkr6sxFQ\/L\/cave_Nerja_Andalucia_Spain-6883-L.jpg\" alt=\"satalgit och gjutning\"\/><\/figure>\n\n<h2 class=\"wp-block-heading\">H\u00e4llm\u00e5lningar och sp\u00e5r fr\u00e5n f\u00f6rhistorien<\/h2>\n\n<h3 class=\"wp-block-heading\">F\u00f6rhistoriska m\u00e5lningar<\/h3>\n\n<p class=\"wp-block-paragraph\">I Nerja-grottan finns grottm\u00e5lningar som<strong>uppskattas vara cirka 42 000 \u00e5r gamla<\/strong>. Dessa verk r\u00e4knas till de \u00e4ldsta vittnesb\u00f6rden om f\u00f6rhistorisk konst i Europa, vilket ger platsen ett stort arkeologiskt v\u00e4rde. Uppt\u00e4ckten har gett oss en b\u00e4ttre f\u00f6rst\u00e5else f\u00f6r regionens f\u00f6rsta inv\u00e5nare och deras konstn\u00e4rliga uttryck.<\/p>\n\n<p class=\"wp-block-paragraph\">Dessa m\u00e5lningar \u00e4r inte l\u00e4ngre tillg\u00e4ngliga f\u00f6r allm\u00e4nheten f\u00f6r att bevara deras ursprungliga skick. De \u00e4r n\u00e4mligen s\u00e4rskilt k\u00e4nsliga f\u00f6r faktorer som<strong>fukt<\/strong>, <strong>ljus<\/strong> och m\u00e4nsklig n\u00e4rvaro, vilket kan p\u00e5skynda deras nedbrytning. Denna bevarande\u00e5tg\u00e4rd \u00e4r avg\u00f6rande f\u00f6r att s\u00e4kerst\u00e4lla att dessa unika l\u00e4mningar bevaras f\u00f6r framtiden.<\/p>\n\n<p class=\"wp-block-paragraph\">Den vetenskapliga tolkningen av m\u00e5lningarna i Nerja \u00e4r fortfarande f\u00f6rem\u00e5l f\u00f6r debatt. Vissa forskare menar att de kan ha skapats av <strong>neandertalare<\/strong>, vilket skulle vara en viktig uppt\u00e4ckt om denna m\u00e4nniskoarts konstn\u00e4rliga f\u00f6rm\u00e5gor. Denna hypotes \u00f6ppnar upp nya perspektiv p\u00e5 de tidiga hominidernas kulturella utveckling.<\/p>\n<div class=\"wp-block-image\">\n<figure class=\"aligncenter size-large\"><img loading=\"lazy\" decoding=\"async\" src=\"https:\/\/photos.smugmug.com\/Travel\/Andalucia\/12a-Nerja-Aqueduct-Cave\/i-bhCzxg4\/2\/MM86LsnBXpRZWGPq9TGrssNmRL6NHFnmBhQ2kqLDK\/L\/cave_Nerja_Andalucia_Spain-6892-L.jpg\" alt=\"kolumn  \"\/><\/figure>\n<\/div>\n<h3 class=\"wp-block-heading\">En plats som vittnar om forntida m\u00e4nsklig bos\u00e4ttning<\/h3>\n\n<p class=\"wp-block-paragraph\">Nerja-grottan \u00e4r ett v\u00e4rdefullt vittnesb\u00f6rd om m\u00e4nsklig bos\u00e4ttning \u00e4nda sedan den <strong>\u00e4ldre sten\u00e5ldern<\/strong>. De fynd som gjorts, framf\u00f6r allt verktyg och benrester, vittnar om en kontinuerlig m\u00e4nsklig n\u00e4rvaro under flera \u00e5rtusenden. Denna betydande arkeologiska utgr\u00e4vningsplats i Spanien ger oss d\u00e4rmed en inblick i det f\u00f6rhistoriska livet och berikar v\u00e5r f\u00f6rst\u00e5else f\u00f6r regionens f\u00f6rsta inv\u00e5nare.<\/p>\n\n<figure class=\"wp-block-image size-large\"><img loading=\"lazy\" decoding=\"async\" src=\"https:\/\/photos.smugmug.com\/Travel\/Andalucia\/12a-Nerja-Aqueduct-Cave\/i-fQ5WVRR\/2\/KR8KN9kpHHTjCbrhc2c5bkLg6929fjjmxtMPdVpzd\/L\/cave_Nerja_Andalucia_Spain-6865-L.jpg\" alt=\"Regler i grottan\"\/><\/figure>\n\n<h2 class=\"wp-block-heading\">Historia i korthet<\/h2>\n\n<h3 class=\"wp-block-heading\">Ett slumpartat fynd \u00e5r 1959<\/h3>\n\n<p class=\"wp-block-paragraph\">Platsen uppt\u00e4cktes den <strong>12 januari 1959<\/strong> av fem ungdomar fr\u00e5n byn Maro, som ligger i n\u00e4rheten av Nerja. Deras utforskning avsl\u00f6jade ett omfattande, hittills ok\u00e4nt underjordiskt n\u00e4tverk, som snabbt skulle v\u00e4cka intresse hos forskare och historieintresserade.<\/p>\n\n<h3 class=\"wp-block-heading\">Snabb \u00f6ppning och igenk\u00e4nning<\/h3>\n\n<p class=\"wp-block-paragraph\">Grottan \u00f6ppnades f\u00f6r allm\u00e4nheten redan <strong>1960<\/strong>, vilket gjorde det m\u00f6jligt att genomf\u00f6ra ett f\u00f6rsta officiellt bes\u00f6k kort efter uppt\u00e4ckten. \u00c5r <strong>1961<\/strong> klassificerades den som kulturminne, ett officiellt erk\u00e4nnande av dess kulturhistoriska och vetenskapliga v\u00e4rde som garanterar dess skydd och bevarande.<\/p>\n\n<div class=\"wp-block-genesis-blocks-gb-container box gb-block-container\" style=\"background-color:#f6dfe6;margin-top:8%;margin-bottom:8%\"><div class=\"gb-container-inside\"><div class=\"gb-container-content\" style=\"max-width:700px\">\n<div class=\"wp-block-genesis-blocks-gb-container box_titre gb-block-container\"><div class=\"gb-container-inside\"><div class=\"gb-container-content\">\n<h5 class=\"titre_box\" style=\"padding-top:10px; margin-bottom:0px;\"><span>BES\u00d6K <\/span> <span class=\"titre_box_manuscrit\">Malaga<\/span><\/h5>\n<\/div><\/div><\/div>\n\n\n\n<div class=\"wp-block-genesis-blocks-gb-container box_texte_0 gb-block-container\"><div class=\"gb-container-inside\"><div class=\"gb-container-content\">\n<div class=\"wp-block-columns Element_box is-layout-flex wp-container-core-columns-is-layout-8f761849 wp-block-columns-is-layout-flex\">\n<div class=\"wp-block-column texte_planif is-layout-flow wp-block-column-is-layout-flow\">\n<ul class=\"wp-block-list\">\n<li style=\"font-size:14px\"><a href=\"https:\/\/andalucialovers.com\/sv\/sevardheter-malaga-att-gora\/\" target=\"_blank\" rel=\"noreferrer noopener\">Vad man kan g\u00f6ra i Malaga<\/a><\/li>\n\n\n\n<li style=\"font-size:14px\"><a href=\"https:\/\/andalucialovers.com\/sv\/var-kan-bo-malaga-basta-hotellen-stadsdelarna\/\" target=\"_blank\" rel=\"noreferrer noopener\">B\u00e4sta hotellen i Malaga<\/a><\/li>\n\n\n\n<li style=\"font-size:14px\"><a href=\"https:\/\/andalucialovers.com\/sv\/basta-restaurang-malaga-ata-omdomen\/\" type=\"post\" id=\"3803\" target=\"_blank\" rel=\"noreferrer noopener\">B\u00e4sta restaurangerna<\/a><\/li>\n\n\n\n<li style=\"font-size:14px\"><a href=\"https:\/\/andalucialovers.com\/sv\/basta-museerna-malaga\/\" target=\"_blank\" rel=\"noreferrer noopener\">B\u00e4sta museerna<\/a><\/li>\n\n\n\n<li style=\"font-size:14px\"><a href=\"https:\/\/andalucialovers.com\/sv\/basta-stranderna-malaga\/\" data-type=\"post\" data-id=\"2145\" target=\"_blank\" rel=\"noreferrer noopener\">B\u00e4sta str\u00e4nderna<\/a><\/li>\n\n\n\n<li style=\"font-size:14px\"><a href=\"https:\/\/andalucialovers.com\/sv\/basta-utflykter-fran-malaga\/\" data-type=\"post\" data-id=\"3405\" target=\"_blank\" rel=\"noreferrer noopener\">Utflykter fr\u00e5n Malaga<\/a><\/li>\n\n\n\n<li style=\"font-size:14px\"><a href=\"https:\/\/andalucialovers.com\/sv\/besok-katedralen-inkarnationen-malaga\/\" target=\"_blank\" rel=\"noreferrer noopener\">Bes\u00f6k katedralen<\/a><\/li>\n\n\n\n<li style=\"font-size:14px\"><a href=\"https:\/\/andalucialovers.com\/sv\/besok-alcazaba-slott-malaga\/\" data-type=\"post\" data-id=\"2716\" target=\"_blank\" rel=\"noreferrer noopener\">Bes\u00f6k Alcazaba<\/a><\/li>\n\n\n\n<li style=\"font-size:14px\">Resplaner: <a href=\"https:\/\/andalucialovers.com\/sv\/besok-1-dag-malaga-resvagar\/\" data-type=\"post\" data-id=\"3549\" target=\"_blank\" rel=\"noreferrer noopener\">1 dag<\/a> &#8211; <a href=\"https:\/\/andalucialovers.com\/sv\/besok-malaga-2-dagar-resvagar-weekend\/\" data-type=\"post\" data-id=\"3531\" target=\"_blank\" rel=\"noreferrer noopener\">2 dagar<\/a> &#8211; <a href=\"https:\/\/andalucialovers.com\/sv\/besok-malaga-3-dagar-resvagar\/\" data-type=\"post\" data-id=\"3479\" target=\"_blank\" rel=\"noreferrer noopener\">3 dagar<\/a> &#8211; <a href=\"https:\/\/andalucialovers.com\/sv\/besok-5-dagar-malaga-resvagar\/\" data-type=\"post\" data-id=\"3453\" target=\"_blank\" rel=\"noreferrer noopener\">5 dagar<\/a> &#8211; <a href=\"https:\/\/andalucialovers.com\/sv\/besok-malaga-en-vecka-resvagar\/\" data-type=\"post\" data-id=\"3395\" target=\"_blank\" rel=\"noreferrer noopener\">1 vecka<\/a><\/li>\n<\/ul>\n<\/div>\n<\/div>\n<\/div><\/div><\/div>\n\n\n\n<div class=\"wp-block-genesis-blocks-gb-container box-texte gb-block-container\"><div class=\"gb-container-inside\"><div class=\"gb-container-content\"><\/div><\/div><\/div>\n<\/div><\/div><\/div>\n\n<h2 class=\"wp-block-heading\">Vanliga fr\u00e5gor och svar<\/h2>\n\n<h3 class=\"wp-block-heading\">M\u00e5ste man boka sitt bes\u00f6k i Nerja-grottan i f\u00f6rv\u00e4g?<\/h3>\n\n<p class=\"wp-block-paragraph\">Det rekommenderas starkt <strong>att boka online<\/strong> f\u00f6r att bes\u00f6ka Nerja-grottan, s\u00e4rskilt under <strong>h\u00f6gs\u00e4songen<\/strong>, det vill s\u00e4ga under sommaren, skolloven och helgerna. De tillg\u00e4ngliga tidsluckorna \u00e4r n\u00e4mligen begr\u00e4nsade och kan snabbt bli fullbokade, vilket g\u00f6r det m\u00f6jligt att reglera bes\u00f6karfl\u00f6det och undvika \u00f6verbel\u00e4ggning p\u00e5 anl\u00e4ggningen.<\/p>\n\n<h3 class=\"wp-block-heading\">Kan man se grottm\u00e5lningarna under rundvisningen i Nerja-grottan?<\/h3>\n\n<p class=\"wp-block-paragraph\">De grottm\u00e5lningar som pryder vissa delar av <strong>Nerja-grottan<\/strong> g\u00e5r inte att se under den vanliga rundvandringen. Dessa utsmyckade omr\u00e5den \u00e4r n\u00e4mligen st\u00e4ngda f\u00f6r allm\u00e4nheten f\u00f6r att skydda dessa \u00f6mt\u00e5liga f\u00f6rhistoriska l\u00e4mningar och f\u00f6rhindra att de skadas av bes\u00f6kare.<\/p>\n\n<div class=\"wp-block-genesis-blocks-gb-container box gb-block-container\" style=\"margin-top:8%;margin-bottom:8%\"><div class=\"gb-container-inside\"><div class=\"gb-container-content\" style=\"max-width:700px\">\n<div class=\"wp-block-genesis-blocks-gb-container box_titre gb-block-container\"><div class=\"gb-container-inside\"><div class=\"gb-container-content\">\n<h5 class=\"titre_box\"><span>PLANERA DIN RESA TILL <\/span><span class=\"titre_box_manuscrit\">Andalusien<\/span><\/h5>\n<\/div><\/div><\/div>\n\n\n\n<hr class=\"wp-block-separator has-text-color has-alpha-channel-opacity has-background is-style-wide hr-box-planif\" style=\"background-color:#ccd3dd;color:#ccd3dd\"\/>\n\n\n\n<div class=\"wp-block-genesis-blocks-gb-container gb-block-container\"><div class=\"gb-container-inside\"><div class=\"gb-container-content\">\n<div class=\"wp-block-columns box_sans_border is-layout-flex wp-container-core-columns-is-layout-8f761849 wp-block-columns-is-layout-flex\">\n<div class=\"wp-block-column texte_planif is-layout-flow wp-block-column-is-layout-flow\" style=\"flex-basis:60%\">\n<p class=\"soustitre_planif wp-block-paragraph\"><strong>Inspiration<\/strong><\/p>\n\n\n\n<ul class=\"wp-block-list\">\n<li style=\"font-size:14px\"><a href=\"https:\/\/andalucialovers.com\/sv\/vad-kan-man-gora-i-andalusien-sevardheter\/\" target=\"_blank\" rel=\"noreferrer noopener\">Vad man kan g\u00f6ra i Andalusien<\/a><\/li>\n\n\n\n<li style=\"font-size:14px\"><a href=\"https:\/\/andalucialovers.com\/sv\/de-vackraste-staderna-i-andalusien\/\" target=\"_blank\" rel=\"noreferrer noopener\">De vackraste st\u00e4derna<\/a><\/li>\n\n\n\n<li style=\"font-size:14px\"><a href=\"https:\/\/andalucialovers.com\/sv\/de-vackraste-stranderna-i-andalusien-2\/\" target=\"_blank\" rel=\"noreferrer noopener\">De vackraste str\u00e4nderna<\/a><\/li>\n\n\n\n<li style=\"font-size:14px\"><a href=\"https:\/\/andalucialovers.com\/sv\/de-vackraste-vita-byarna-i-andalusien\/\" target=\"_blank\" rel=\"noreferrer noopener\">De vackraste vita byarna<\/a><\/li>\n\n\n\n<li style=\"font-size:14px\"><a href=\"https:\/\/andalucialovers.com\/sv\/katedraler-andalusien\/\" target=\"_blank\" rel=\"noreferrer noopener\">Katedralerna<\/a><\/li>\n\n\n\n<li style=\"font-size:14px\"><a href=\"https:\/\/andalucialovers.com\/sv\/arkeologiska-platser-andalusien-ruiner\/\" target=\"_blank\" rel=\"noreferrer noopener\">Arkeologiska platser<\/a><\/li>\n\n\n\n<li style=\"font-size:14px\"><a data-type=\"post\" data-id=\"2221\" href=\"https:\/\/andalucialovers.com\/sv\/cordoba-eller-sevilla-eller-granada\/\" target=\"_blank\" rel=\"noreferrer noopener\">Sevilla, Cordoba eller Granada?<\/a><\/li>\n\n\n\n<li style=\"font-size:14px\"><a href=\"https:\/\/andalucialovers.com\/sv\/basta-museerna-andalusien\/\" target=\"_blank\" rel=\"noreferrer noopener\">B\u00e4sta museerna<\/a><\/li>\n\n\n\n<li style=\"font-size:14px\"><a href=\"https:\/\/andalucialovers.com\/sv\/basta-slotten-palatsen-andalusien\/\" target=\"_blank\" rel=\"noreferrer noopener\">Slott och palats<\/a><\/li>\n\n\n\n<li style=\"font-size:14px\"><a href=\"https:\/\/andalucialovers.com\/sv\/andalusien-gomda-parlor-hemliga-platser\/\" target=\"_blank\" rel=\"noreferrer noopener\">Hemliga platser<\/a><\/li>\n<\/ul>\n<\/div>\n\n\n\n<div class=\"wp-block-column is-vertically-aligned-top planif-radius is-layout-flow wp-block-column-is-layout-flow\" style=\"flex-basis:40%\">\n<figure class=\"wp-block-image size-large img-portrait\"><img loading=\"lazy\" decoding=\"async\" src=\"https:\/\/photos.smugmug.com\/Travel\/Andalucia\/6b-Zuheros\/i-VRKFTdz\/1\/CNkgtxtms75zqS5pTQbm8FKsGCDk3kHvJFzJqmP2z\/S\/Zuheros_Andalucia_Spain-4306-S.jpg\" alt=\"Zuheros\" title=\"\"\/><\/figure>\n<\/div>\n<\/div>\n\n\n\n<hr class=\"wp-block-separator has-text-color has-alpha-channel-opacity has-background is-style-wide hr-box-planif\" style=\"background-color:#ccd3dd;color:#ccd3dd\"\/>\n\n\n\n<div class=\"wp-block-columns box_sans_border is-layout-flex wp-container-core-columns-is-layout-8f761849 wp-block-columns-is-layout-flex\">\n<div class=\"wp-block-column texte_planif is-layout-flow wp-block-column-is-layout-flow\" style=\"flex-basis:60%\">\n<p class=\"soustitre_planif wp-block-paragraph\"><strong>\u00d6vning<\/strong><\/p>\n\n\n\n<ul class=\"wp-block-list\">\n<li style=\"font-size:14px\"><a href=\"https:\/\/andalucialovers.com\/sv\/var-ska-bo-andalusien-basta-omradena\/\" data-type=\"post\" data-id=\"2632\" target=\"_blank\" rel=\"noreferrer noopener\">Var man kan bo i Andalusien<\/a><\/li>\n\n\n\n<li style=\"font-size:14px\"><a href=\"https:\/\/andalucialovers.com\/sv\/basta-5-stjarniga-hotellen-andalusien-lyx-recensioner\/\" type=\"post\" id=\"6105\" target=\"_blank\" rel=\"noreferrer noopener\">De b\u00e4sta lyxhotellen i Andalusien<\/a><\/li>\n\n\n\n<li style=\"font-size:14px\"><a href=\"https:\/\/andalucialovers.com\/sv\/basta-restaurang-andalusien-ata-recensioner\/\" target=\"_blank\" rel=\"noreferrer noopener\">B\u00e4sta restaurangerna<\/a><\/li>\n\n\n\n<li style=\"font-size:14px\"><a data-type=\"post\" data-id=\"3712\" href=\"https:\/\/andalucialovers.com\/sv\/hur-hyr-bil-andalusien-tips-erfarenhet\/\" target=\"_blank\" rel=\"noreferrer noopener\">Hyr en bil i Andalusien<\/a><\/li>\n\n\n\n<li style=\"font-size:14px\"><a href=\"https:\/\/andalucialovers.com\/sv\/korning-andalusien-tips\/\" target=\"_blank\" rel=\"noreferrer noopener\">K\u00f6rning i Andalusien<\/a><\/li>\n<\/ul>\n<\/div>\n\n\n\n<div class=\"wp-block-column is-vertically-aligned-top planif-radius is-layout-flow wp-block-column-is-layout-flow\" style=\"flex-basis:40%\">\n<figure class=\"wp-block-image size-large img-portrait\"><img loading=\"lazy\" decoding=\"async\" src=\"https:\/\/photos.smugmug.com\/Travel\/Andalucia\/Accommodations\/i-QBDJnG7\/1\/4ZLWzw32dnhwGLrbmXL5HqSdBXzWBRMQhfVrcKD4\/S\/accommodation_Tarifa_Andalucia_Spain-2764-S.jpg\" alt=\"Hotell i Tarifa\" title=\"\"\/><\/figure>\n<\/div>\n<\/div>\n\n\n\n<hr class=\"wp-block-separator has-text-color has-alpha-channel-opacity has-background is-style-wide hr-box-planif\" style=\"background-color:#ccd3dd;color:#ccd3dd\"\/>\n\n\n\n<div class=\"wp-block-columns box_sans_border is-layout-flex wp-container-core-columns-is-layout-8f761849 wp-block-columns-is-layout-flex\">\n<div class=\"wp-block-column texte_planif is-layout-flow wp-block-column-is-layout-flow\" style=\"flex-basis:60%\">\n<p class=\"soustitre_planif wp-block-paragraph\"><strong>Platser du inte f\u00e5r missa<\/strong><\/p>\n\n\n\n<ul class=\"wp-block-list\">\n<li style=\"font-size:14px\"><a href=\"https:\/\/andalucialovers.com\/sv\/sevardheter-sevilla-att-gora\/\" target=\"_blank\" rel=\"noreferrer noopener\">Sevilla<\/a><\/li>\n\n\n\n<li style=\"font-size:14px\"><a data-type=\"post\" data-id=\"2328\" href=\"https:\/\/andalucialovers.com\/sv\/sevardheter-cordoba-att-gora\/\" target=\"_blank\" rel=\"noreferrer noopener\">C\u00f3rdoba<\/a><\/li>\n\n\n\n<li style=\"font-size:14px\"><a href=\"https:\/\/andalucialovers.com\/sv\/sevardheter-granada-att-gora\/\" target=\"_blank\" rel=\"noreferrer noopener\">Grenada<\/a><\/li>\n\n\n\n<li style=\"font-size:14px\"><a href=\"https:\/\/andalucialovers.com\/sv\/sevardheter-ronda-att-gora\/\" target=\"_blank\" rel=\"noreferrer noopener\">Ronda<\/a><\/li>\n\n\n\n<li style=\"font-size:14px\"><a href=\"https:\/\/andalucialovers.com\/sv\/sevardheter-malaga-att-gora\/\" target=\"_blank\" rel=\"noreferrer noopener\">Malaga<\/a><\/li>\n\n\n\n<li style=\"font-size:14px\"><a data-type=\"post\" data-id=\"3597\" href=\"https:\/\/andalucialovers.com\/sv\/sevardheter-cadiz-att-gora\/\" target=\"_blank\" rel=\"noreferrer noopener\">Cadiz<\/a><\/li>\n\n\n\n<li style=\"font-size:14px\"><a href=\"https:\/\/andalucialovers.com\/sv\/vad-man-kan-gora-i-cabo-gata-sevardheter\/\" type=\"post\" id=\"6225\" target=\"_blank\" rel=\"noreferrer noopener\">Cabo de Gata<\/a><\/li>\n\n\n\n<li style=\"font-size:14px\"><a href=\"https:\/\/andalucialovers.com\/sv\/sevardheter-antequera-att-gora\/\" target=\"_blank\" rel=\"noreferrer noopener\">Antequera<\/a><\/li>\n\n\n\n<li style=\"font-size:14px\">Baeza och Ubuda<\/li>\n<\/ul>\n<\/div>\n\n\n\n<div class=\"wp-block-column is-vertically-aligned-top planif-radius is-layout-flow wp-block-column-is-layout-flow\" style=\"flex-basis:40%\">\n<figure class=\"wp-block-image size-large img-portrait\"><img loading=\"lazy\" decoding=\"async\" src=\"https:\/\/photos.smugmug.com\/Travel\/Andalucia\/2e-Madina-Azahara\/i-nrQb8vF\/1\/DMVZRMLhBjwhLQtjzj2r5fqS4GjmpXXHrwvQnwFsm\/S\/Medina_Azahara_Andalucia_Spain-1434-S.jpg\" alt=\"Medina Azahara\" title=\"\"\/><\/figure>\n<\/div>\n<\/div>\n<\/div><\/div><\/div>\n\n\n\n<div class=\"wp-block-genesis-blocks-gb-container box_texte gb-block-container\"><div class=\"gb-container-inside\"><div class=\"gb-container-content\"><\/div><\/div><\/div>\n\n\n\n<div class=\"wp-block-genesis-blocks-gb-container box-texte gb-block-container\"><div class=\"gb-container-inside\"><div class=\"gb-container-content\"><\/div><\/div><\/div>\n<\/div><\/div><\/div>\n\n<div class=\"wp-block-genesis-blocks-gb-container box_auteur_voyage gb-block-container\"><div class=\"gb-container-inside\"><div class=\"gb-container-content\">\n<figure class=\"wp-block-image size-large img_auteur_voyage img_provisoire\"><a href=\"https:\/\/andalucialovers.com\/sv\/claire-robinson\/\" target=\"_blank\" rel=\"noreferrer noopener\"><img loading=\"lazy\" decoding=\"async\" src=\"https:\/\/photos.smugmug.com\/Region-Lovers\/Equipe\/i-nsNF6C6\/0\/Cs2F5n96pkt9xFD9D3SVqmQspMhrKgN75nHgBqmjG\/L\/Claire-L.png\" alt=\"\"\/><\/a><\/figure>\n\n\n\n<h5 class=\"titre_auteur_voyage\"><span>HON GJORDE RESAN OCH SKREV ARTIKELN \n <\/span><span class=\"titre_box_manuscrit\">Claire<\/span><\/h5>\n<\/div><\/div><\/div>\n","protected":false},"excerpt":{"rendered":"<p>Nerja-grottan ligger n\u00e4ra Nerja och Maro, vid den ber\u00f6mda Costa del Sol i Andalusien. Detta vidstr\u00e4ckta underjordiska n\u00e4tverk fascinerar med sina imponerande karstformationer, s\u00e5som stalaktiter och stalagmiter, som skapar ett unikt naturlandskap. Platsen \u00e4r ocks\u00e5 k\u00e4nd f\u00f6r sina f\u00f6rhistoriska h\u00e4llm\u00e5lningar, som utg\u00f6r v\u00e4rdefulla vittnesm\u00e5l om regionens f\u00f6rsta inv\u00e5nare. I den h\u00e4r artikeln hittar du v\u00e5ra [&hellip;]<\/p>\n","protected":false},"author":1,"featured_media":9383,"comment_status":"closed","ping_status":"closed","sticky":false,"template":"","format":"standard","meta":{"_genesis_hide_title":false,"_genesis_hide_breadcrumbs":false,"_genesis_hide_singular_image":false,"_genesis_hide_footer_widgets":false,"_genesis_custom_body_class":"","_genesis_custom_post_class":"","_genesis_layout":"","footnotes":""},"categories":[31],"tags":[],"class_list":["post-9393","post","type-post","status-publish","format-standard","has-post-thumbnail","category-okategoriserad","entry"],"yoast_head":"<!-- This site is optimized with the Yoast SEO plugin v28.3 - https:\/\/yoast.com\/product\/yoast-seo-wordpress\/ -->\n<title>Nerja-grottan (Costa del Sol): bes\u00f6k + bilder<\/title>\n<meta name=\"description\" content=\"V\u00e5r guide till Nerja-grottan (Andalusien): hur man tar sig dit, sev\u00e4rdheter och praktiska tips\" \/>\n<meta name=\"robots\" content=\"index, follow, max-snippet:-1, max-image-preview:large, max-video-preview:-1\" \/>\n<link rel=\"canonical\" href=\"https:\/\/andalucialovers.com\/sv\/grottan-nerja-andalusien\/\" \/>\n<meta property=\"og:locale\" content=\"sv_SE\" \/>\n<meta property=\"og:type\" content=\"article\" \/>\n<meta property=\"og:title\" content=\"Nerja-grottan (Costa del Sol): bes\u00f6k + bilder\" \/>\n<meta property=\"og:description\" content=\"V\u00e5r guide till Nerja-grottan (Andalusien): hur man tar sig dit, sev\u00e4rdheter och praktiska tips\" \/>\n<meta property=\"og:url\" content=\"https:\/\/andalucialovers.com\/sv\/grottan-nerja-andalusien\/\" \/>\n<meta property=\"og:site_name\" content=\"Andalucia Lovers\" \/>\n<meta property=\"article:published_time\" content=\"2026-09-01T12:23:53+00:00\" \/>\n<meta property=\"article:modified_time\" content=\"2026-09-01T12:47:48+00:00\" \/>\n<meta property=\"og:image\" content=\"https:\/\/andalucialovers.com\/wp-content\/uploads\/2026\/09\/grotta-nerja-andalusien.jpg\" \/>\n\t<meta property=\"og:image:width\" content=\"799\" \/>\n\t<meta property=\"og:image:height\" content=\"533\" \/>\n\t<meta property=\"og:image:type\" content=\"image\/jpeg\" \/>\n<meta name=\"author\" content=\"Claire\" \/>\n<meta name=\"twitter:card\" content=\"summary_large_image\" \/>\n<meta name=\"twitter:label1\" content=\"Skriven av\" \/>\n\t<meta name=\"twitter:data1\" content=\"Claire\" \/>\n\t<meta name=\"twitter:label2\" content=\"Ber\u00e4knad l\u00e4stid\" \/>\n\t<meta name=\"twitter:data2\" content=\"11 minuter\" \/>\n<script type=\"application\/ld+json\" class=\"yoast-schema-graph\">{\"@context\":\"https:\\\/\\\/schema.org\",\"@graph\":[{\"@type\":\"Article\",\"@id\":\"https:\\\/\\\/andalucialovers.com\\\/sv\\\/grottan-nerja-andalusien\\\/#article\",\"isPartOf\":{\"@id\":\"https:\\\/\\\/andalucialovers.com\\\/sv\\\/grottan-nerja-andalusien\\\/\"},\"author\":{\"name\":\"Claire\",\"@id\":\"https:\\\/\\\/andalucialovers.com\\\/sv\\\/#\\\/schema\\\/person\\\/2a1e86bd15a1161333ebe667950c2cea\"},\"headline\":\"Nerja-grottan (Costa del Sol): bes\u00f6k + bilder\",\"datePublished\":\"2026-09-01T12:23:53+00:00\",\"dateModified\":\"2026-09-01T12:47:48+00:00\",\"mainEntityOfPage\":{\"@id\":\"https:\\\/\\\/andalucialovers.com\\\/sv\\\/grottan-nerja-andalusien\\\/\"},\"wordCount\":2127,\"publisher\":{\"@id\":\"https:\\\/\\\/andalucialovers.com\\\/sv\\\/#organization\"},\"image\":{\"@id\":\"https:\\\/\\\/andalucialovers.com\\\/sv\\\/grottan-nerja-andalusien\\\/#primaryimage\"},\"thumbnailUrl\":\"https:\\\/\\\/andalucialovers.com\\\/wp-content\\\/uploads\\\/2026\\\/09\\\/grotta-nerja-andalusien.jpg\",\"articleSection\":[\"Okategoriserad\"],\"inLanguage\":\"sv-SE\"},{\"@type\":\"WebPage\",\"@id\":\"https:\\\/\\\/andalucialovers.com\\\/sv\\\/grottan-nerja-andalusien\\\/\",\"url\":\"https:\\\/\\\/andalucialovers.com\\\/sv\\\/grottan-nerja-andalusien\\\/\",\"name\":\"Nerja-grottan (Costa del Sol): bes\u00f6k + bilder\",\"isPartOf\":{\"@id\":\"https:\\\/\\\/andalucialovers.com\\\/sv\\\/#website\"},\"primaryImageOfPage\":{\"@id\":\"https:\\\/\\\/andalucialovers.com\\\/sv\\\/grottan-nerja-andalusien\\\/#primaryimage\"},\"image\":{\"@id\":\"https:\\\/\\\/andalucialovers.com\\\/sv\\\/grottan-nerja-andalusien\\\/#primaryimage\"},\"thumbnailUrl\":\"https:\\\/\\\/andalucialovers.com\\\/wp-content\\\/uploads\\\/2026\\\/09\\\/grotta-nerja-andalusien.jpg\",\"datePublished\":\"2026-09-01T12:23:53+00:00\",\"dateModified\":\"2026-09-01T12:47:48+00:00\",\"description\":\"V\u00e5r guide till Nerja-grottan (Andalusien): hur man tar sig dit, sev\u00e4rdheter och praktiska tips\",\"breadcrumb\":{\"@id\":\"https:\\\/\\\/andalucialovers.com\\\/sv\\\/grottan-nerja-andalusien\\\/#breadcrumb\"},\"inLanguage\":\"sv-SE\",\"potentialAction\":[{\"@type\":\"ReadAction\",\"target\":[\"https:\\\/\\\/andalucialovers.com\\\/sv\\\/grottan-nerja-andalusien\\\/\"]}]},{\"@type\":\"ImageObject\",\"inLanguage\":\"sv-SE\",\"@id\":\"https:\\\/\\\/andalucialovers.com\\\/sv\\\/grottan-nerja-andalusien\\\/#primaryimage\",\"url\":\"https:\\\/\\\/andalucialovers.com\\\/wp-content\\\/uploads\\\/2026\\\/09\\\/grotta-nerja-andalusien.jpg\",\"contentUrl\":\"https:\\\/\\\/andalucialovers.com\\\/wp-content\\\/uploads\\\/2026\\\/09\\\/grotta-nerja-andalusien.jpg\",\"width\":799,\"height\":533,\"caption\":\"grotta nerja andalusien\"},{\"@type\":\"BreadcrumbList\",\"@id\":\"https:\\\/\\\/andalucialovers.com\\\/sv\\\/grottan-nerja-andalusien\\\/#breadcrumb\",\"itemListElement\":[{\"@type\":\"ListItem\",\"position\":1,\"name\":\"Hem\",\"item\":\"https:\\\/\\\/andalucialovers.com\\\/sv\\\/\"},{\"@type\":\"ListItem\",\"position\":2,\"name\":\"Okategoriserad\",\"item\":\"https:\\\/\\\/andalucialovers.com\\\/sv\\\/okategoriserad\\\/\"},{\"@type\":\"ListItem\",\"position\":3,\"name\":\"Nerja-grottan (Costa del Sol): bes\u00f6k + bilder\"}]},{\"@type\":\"WebSite\",\"@id\":\"https:\\\/\\\/andalucialovers.com\\\/sv\\\/#website\",\"url\":\"https:\\\/\\\/andalucialovers.com\\\/sv\\\/\",\"name\":\"Andalucia Lovers\",\"description\":\"Le blog de Claire et Manu\",\"publisher\":{\"@id\":\"https:\\\/\\\/andalucialovers.com\\\/sv\\\/#organization\"},\"potentialAction\":[{\"@type\":\"SearchAction\",\"target\":{\"@type\":\"EntryPoint\",\"urlTemplate\":\"https:\\\/\\\/andalucialovers.com\\\/sv\\\/?s={search_term_string}\"},\"query-input\":{\"@type\":\"PropertyValueSpecification\",\"valueRequired\":true,\"valueName\":\"search_term_string\"}}],\"inLanguage\":\"sv-SE\"},{\"@type\":\"Organization\",\"@id\":\"https:\\\/\\\/andalucialovers.com\\\/sv\\\/#organization\",\"name\":\"Andalucia Lovers\",\"url\":\"https:\\\/\\\/andalucialovers.com\\\/sv\\\/\",\"logo\":{\"@type\":\"ImageObject\",\"inLanguage\":\"sv-SE\",\"@id\":\"https:\\\/\\\/andalucialovers.com\\\/sv\\\/#\\\/schema\\\/logo\\\/image\\\/\",\"url\":\"https:\\\/\\\/andalucialovers.com\\\/wp-content\\\/uploads\\\/2024\\\/05\\\/cropped-Andalucia-Lovers-Logo.png\",\"contentUrl\":\"https:\\\/\\\/andalucialovers.com\\\/wp-content\\\/uploads\\\/2024\\\/05\\\/cropped-Andalucia-Lovers-Logo.png\",\"width\":2804,\"height\":481,\"caption\":\"Andalucia Lovers\"},\"image\":{\"@id\":\"https:\\\/\\\/andalucialovers.com\\\/sv\\\/#\\\/schema\\\/logo\\\/image\\\/\"}},{\"@type\":\"Person\",\"@id\":\"https:\\\/\\\/andalucialovers.com\\\/sv\\\/#\\\/schema\\\/person\\\/2a1e86bd15a1161333ebe667950c2cea\",\"name\":\"Claire\",\"image\":{\"@type\":\"ImageObject\",\"inLanguage\":\"sv-SE\",\"@id\":\"https:\\\/\\\/secure.gravatar.com\\\/avatar\\\/e3566233826c32de8d7c9ef726a1087654b12cadb092acc17ee1d357687192ff?s=96&d=mm&r=g\",\"url\":\"https:\\\/\\\/secure.gravatar.com\\\/avatar\\\/e3566233826c32de8d7c9ef726a1087654b12cadb092acc17ee1d357687192ff?s=96&d=mm&r=g\",\"contentUrl\":\"https:\\\/\\\/secure.gravatar.com\\\/avatar\\\/e3566233826c32de8d7c9ef726a1087654b12cadb092acc17ee1d357687192ff?s=96&d=mm&r=g\",\"caption\":\"Claire\"},\"sameAs\":[\"https:\\\/\\\/andalucialovers.com\\\/claire-robinson\\\/\"],\"url\":\"https:\\\/\\\/andalucialovers.com\\\/sv\\\/author\\\/andalucialover\\\/\"}]}<\/script>\n<!-- \/ Yoast SEO plugin. -->","yoast_head_json":{"title":"Nerja-grottan (Costa del Sol): bes\u00f6k + bilder","description":"V\u00e5r guide till Nerja-grottan (Andalusien): hur man tar sig dit, sev\u00e4rdheter och praktiska tips","robots":{"index":"index","follow":"follow","max-snippet":"max-snippet:-1","max-image-preview":"max-image-preview:large","max-video-preview":"max-video-preview:-1"},"canonical":"https:\/\/andalucialovers.com\/sv\/grottan-nerja-andalusien\/","og_locale":"sv_SE","og_type":"article","og_title":"Nerja-grottan (Costa del Sol): bes\u00f6k + bilder","og_description":"V\u00e5r guide till Nerja-grottan (Andalusien): hur man tar sig dit, sev\u00e4rdheter och praktiska tips","og_url":"https:\/\/andalucialovers.com\/sv\/grottan-nerja-andalusien\/","og_site_name":"Andalucia Lovers","article_published_time":"2026-09-01T12:23:53+00:00","article_modified_time":"2026-09-01T12:47:48+00:00","og_image":[{"width":799,"height":533,"url":"https:\/\/andalucialovers.com\/wp-content\/uploads\/2026\/09\/grotta-nerja-andalusien.jpg","type":"image\/jpeg"}],"author":"Claire","twitter_card":"summary_large_image","twitter_misc":{"Skriven av":"Claire","Ber\u00e4knad l\u00e4stid":"11 minuter"},"schema":{"@context":"https:\/\/schema.org","@graph":[{"@type":"Article","@id":"https:\/\/andalucialovers.com\/sv\/grottan-nerja-andalusien\/#article","isPartOf":{"@id":"https:\/\/andalucialovers.com\/sv\/grottan-nerja-andalusien\/"},"author":{"name":"Claire","@id":"https:\/\/andalucialovers.com\/sv\/#\/schema\/person\/2a1e86bd15a1161333ebe667950c2cea"},"headline":"Nerja-grottan (Costa del Sol): bes\u00f6k + bilder","datePublished":"2026-09-01T12:23:53+00:00","dateModified":"2026-09-01T12:47:48+00:00","mainEntityOfPage":{"@id":"https:\/\/andalucialovers.com\/sv\/grottan-nerja-andalusien\/"},"wordCount":2127,"publisher":{"@id":"https:\/\/andalucialovers.com\/sv\/#organization"},"image":{"@id":"https:\/\/andalucialovers.com\/sv\/grottan-nerja-andalusien\/#primaryimage"},"thumbnailUrl":"https:\/\/andalucialovers.com\/wp-content\/uploads\/2026\/09\/grotta-nerja-andalusien.jpg","articleSection":["Okategoriserad"],"inLanguage":"sv-SE"},{"@type":"WebPage","@id":"https:\/\/andalucialovers.com\/sv\/grottan-nerja-andalusien\/","url":"https:\/\/andalucialovers.com\/sv\/grottan-nerja-andalusien\/","name":"Nerja-grottan (Costa del Sol): bes\u00f6k + bilder","isPartOf":{"@id":"https:\/\/andalucialovers.com\/sv\/#website"},"primaryImageOfPage":{"@id":"https:\/\/andalucialovers.com\/sv\/grottan-nerja-andalusien\/#primaryimage"},"image":{"@id":"https:\/\/andalucialovers.com\/sv\/grottan-nerja-andalusien\/#primaryimage"},"thumbnailUrl":"https:\/\/andalucialovers.com\/wp-content\/uploads\/2026\/09\/grotta-nerja-andalusien.jpg","datePublished":"2026-09-01T12:23:53+00:00","dateModified":"2026-09-01T12:47:48+00:00","description":"V\u00e5r guide till Nerja-grottan (Andalusien): hur man tar sig dit, sev\u00e4rdheter och praktiska tips","breadcrumb":{"@id":"https:\/\/andalucialovers.com\/sv\/grottan-nerja-andalusien\/#breadcrumb"},"inLanguage":"sv-SE","potentialAction":[{"@type":"ReadAction","target":["https:\/\/andalucialovers.com\/sv\/grottan-nerja-andalusien\/"]}]},{"@type":"ImageObject","inLanguage":"sv-SE","@id":"https:\/\/andalucialovers.com\/sv\/grottan-nerja-andalusien\/#primaryimage","url":"https:\/\/andalucialovers.com\/wp-content\/uploads\/2026\/09\/grotta-nerja-andalusien.jpg","contentUrl":"https:\/\/andalucialovers.com\/wp-content\/uploads\/2026\/09\/grotta-nerja-andalusien.jpg","width":799,"height":533,"caption":"grotta nerja andalusien"},{"@type":"BreadcrumbList","@id":"https:\/\/andalucialovers.com\/sv\/grottan-nerja-andalusien\/#breadcrumb","itemListElement":[{"@type":"ListItem","position":1,"name":"Hem","item":"https:\/\/andalucialovers.com\/sv\/"},{"@type":"ListItem","position":2,"name":"Okategoriserad","item":"https:\/\/andalucialovers.com\/sv\/okategoriserad\/"},{"@type":"ListItem","position":3,"name":"Nerja-grottan (Costa del Sol): bes\u00f6k + bilder"}]},{"@type":"WebSite","@id":"https:\/\/andalucialovers.com\/sv\/#website","url":"https:\/\/andalucialovers.com\/sv\/","name":"Andalucia Lovers","description":"Le blog de Claire et Manu","publisher":{"@id":"https:\/\/andalucialovers.com\/sv\/#organization"},"potentialAction":[{"@type":"SearchAction","target":{"@type":"EntryPoint","urlTemplate":"https:\/\/andalucialovers.com\/sv\/?s={search_term_string}"},"query-input":{"@type":"PropertyValueSpecification","valueRequired":true,"valueName":"search_term_string"}}],"inLanguage":"sv-SE"},{"@type":"Organization","@id":"https:\/\/andalucialovers.com\/sv\/#organization","name":"Andalucia Lovers","url":"https:\/\/andalucialovers.com\/sv\/","logo":{"@type":"ImageObject","inLanguage":"sv-SE","@id":"https:\/\/andalucialovers.com\/sv\/#\/schema\/logo\/image\/","url":"https:\/\/andalucialovers.com\/wp-content\/uploads\/2024\/05\/cropped-Andalucia-Lovers-Logo.png","contentUrl":"https:\/\/andalucialovers.com\/wp-content\/uploads\/2024\/05\/cropped-Andalucia-Lovers-Logo.png","width":2804,"height":481,"caption":"Andalucia Lovers"},"image":{"@id":"https:\/\/andalucialovers.com\/sv\/#\/schema\/logo\/image\/"}},{"@type":"Person","@id":"https:\/\/andalucialovers.com\/sv\/#\/schema\/person\/2a1e86bd15a1161333ebe667950c2cea","name":"Claire","image":{"@type":"ImageObject","inLanguage":"sv-SE","@id":"https:\/\/secure.gravatar.com\/avatar\/e3566233826c32de8d7c9ef726a1087654b12cadb092acc17ee1d357687192ff?s=96&d=mm&r=g","url":"https:\/\/secure.gravatar.com\/avatar\/e3566233826c32de8d7c9ef726a1087654b12cadb092acc17ee1d357687192ff?s=96&d=mm&r=g","contentUrl":"https:\/\/secure.gravatar.com\/avatar\/e3566233826c32de8d7c9ef726a1087654b12cadb092acc17ee1d357687192ff?s=96&d=mm&r=g","caption":"Claire"},"sameAs":["https:\/\/andalucialovers.com\/claire-robinson\/"],"url":"https:\/\/andalucialovers.com\/sv\/author\/andalucialover\/"}]}},"featured_image_src":"https:\/\/andalucialovers.com\/wp-content\/uploads\/2026\/09\/grotta-nerja-andalusien-600x400.jpg","featured_image_src_square":"https:\/\/andalucialovers.com\/wp-content\/uploads\/2026\/09\/grotta-nerja-andalusien-600x533.jpg","author_info":{"display_name":"Claire","author_link":"https:\/\/andalucialovers.com\/sv\/author\/andalucialover\/"},"_links":{"self":[{"href":"https:\/\/andalucialovers.com\/sv\/wp-json\/wp\/v2\/posts\/9393","targetHints":{"allow":["GET"]}}],"collection":[{"href":"https:\/\/andalucialovers.com\/sv\/wp-json\/wp\/v2\/posts"}],"about":[{"href":"https:\/\/andalucialovers.com\/sv\/wp-json\/wp\/v2\/types\/post"}],"author":[{"embeddable":true,"href":"https:\/\/andalucialovers.com\/sv\/wp-json\/wp\/v2\/users\/1"}],"replies":[{"embeddable":true,"href":"https:\/\/andalucialovers.com\/sv\/wp-json\/wp\/v2\/comments?post=9393"}],"version-history":[{"count":4,"href":"https:\/\/andalucialovers.com\/sv\/wp-json\/wp\/v2\/posts\/9393\/revisions"}],"predecessor-version":[{"id":9428,"href":"https:\/\/andalucialovers.com\/sv\/wp-json\/wp\/v2\/posts\/9393\/revisions\/9428"}],"wp:featuredmedia":[{"embeddable":true,"href":"https:\/\/andalucialovers.com\/sv\/wp-json\/wp\/v2\/media\/9383"}],"wp:attachment":[{"href":"https:\/\/andalucialovers.com\/sv\/wp-json\/wp\/v2\/media?parent=9393"}],"wp:term":[{"taxonomy":"category","embeddable":true,"href":"https:\/\/andalucialovers.com\/sv\/wp-json\/wp\/v2\/categories?post=9393"},{"taxonomy":"post_tag","embeddable":true,"href":"https:\/\/andalucialovers.com\/sv\/wp-json\/wp\/v2\/tags?post=9393"}],"curies":[{"name":"wp","href":"https:\/\/api.w.org\/{rel}","templated":true}]}}